{"id":202739,"date":"2024-10-26T19:17:50","date_gmt":"2024-10-27T02:17:50","guid":{"rendered":"https:\/\/www.sonoraenequipo.com.mx\/?p=202739"},"modified":"2024-10-26T20:30:10","modified_gmt":"2024-10-27T03:30:10","slug":"detienen-a-alan-martin-n-en-sonora-que-era-buscado-por-su-presunta-participacion-en-un-homicidio","status":"publish","type":"post","link":"https:\/\/www.sonoraenequipo.com.mx\/detienen-a-alan-martin-n-en-sonora-que-era-buscado-por-su-presunta-participacion-en-un-homicidio\/","title":{"rendered":"Detienen a Alan Mart\u00edn \u201cN\u201d en Sonora que era buscado por su presunta participaci\u00f3n en un homicidio"},"content":{"rendered":"<p><strong>CIUDAD DE M\u00c9XICO. MX. \u2014<\/strong> En una operaci\u00f3n conjunta entre la Secretar\u00eda de Seguridad y Protecci\u00f3n Ciudadana (SSPC), la Secretar\u00eda de Marina Armada de M\u00e9xico (Semar) y la fiscal\u00eda general de Justicia (FGJ) del estado, se logr\u00f3 la captura de Alan Mart\u00edn \u00abN\u00bb, quien era considerado un objetivo prioritario en Sonora.<\/p>\n<p>&nbsp;<\/p>\n<p>&nbsp;<\/p>\n<p>&nbsp;<\/p>\n<p> <\/p>\n<p>Seg\u00fan informaci\u00f3n obtenida de fuentes oficiales, este individuo estaba siendo buscado por su presunta participaci\u00f3n en un homicidio calificado.<\/p>\n<p>&nbsp;<\/p>\n<p>&nbsp;<\/p>\n<p>El arresto de Alan Mart\u00edn \u00abN\u00bb se llev\u00f3 a cabo despu\u00e9s de una exhaustiva labor de investigaci\u00f3n por parte de los equipos de la Fuerza del Trabajo Interinstitucional (FTI), quienes pudieron ubicarlo en la colonia Plano Oriente de Ciudad Obreg\u00f3n, Sonora.<\/p>\n<p>&nbsp;<\/p>\n<p>&nbsp;<\/p>\n<p>Gracias a labores de inteligencia y seguimiento, se logr\u00f3 verificar su identidad y proceder a su detenci\u00f3n, cumpliendo as\u00ed con una orden de aprehensi\u00f3n en su contra.<\/p>\n<p>&nbsp;<\/p>\n<p>&nbsp;<\/p>\n<p>El gabinete de seguridad del Gobierno de M\u00e9xico se pronunci\u00f3 al respecto, reafirmando su compromiso de trabajar de manera coordinada con las autoridades locales para garantizar la seguridad de la poblaci\u00f3n.<\/p>\n<p>&nbsp;<\/p>\n<p>&nbsp;<\/p>\n<p>&nbsp;<\/p>\n<p>PUBLICADO EL 26 DE OCTUBRE DE 2024 Con informaci\u00f3n de SSPC)<\/p>\n","protected":false},"excerpt":{"rendered":"<p>CIUDAD DE M\u00c9XICO. MX. \u2014 En una operaci\u00f3n conjunta entre la Secretar\u00eda de Seguridad y&#8230;<\/p>\n","protected":false},"author":1,"featured_media":202731,"comment_status":"open","ping_status":"open","sticky":false,"template":"","format":"standard","meta":{"_monsterinsights_skip_tracking":false,"_monsterinsights_sitenote_active":false,"_monsterinsights_sitenote_note":"","_monsterinsights_sitenote_category":0,"footnotes":""},"categories":[3144,5],"tags":[],"class_list":["post"],"yoast_head":" \n<title>Sonora en Equipo. Detienen a Alan Mart\u00edn \u201cN\u201d en Sonora que era buscado por su presunta participaci\u00f3n en un homicidio Polic\u00edaca<\/title>\n<meta name=\"description\" content=\"CIUDAD DE M\u00c9XICO. MX. \u2014 En una operaci\u00f3n conjunta entre la Secretar\u00eda de Seguridad y Protecci\u00f3n Ciudadana (SSPC), la Secretar\u00eda de Marina Armada de M\u00e9xico En Sonora en Equipo publicamos toda la informaci\u00f3n de Sonora, M\u00e9xico y el Mundo de manera oportuna y busca que la libertad de expresi\u00f3n sea real. Visita nuestro medio informativo publicado desde Hermosillo, Sonora. %\" \/>\n<meta name=\"robots\" content=\"index, follow, max-snippet:-1, max-image-preview:large, max-video-preview:-1\" \/>\n<link rel=\"canonical\" href=\"https:\/\/www.sonoraenequipo.com.mx\/detienen-a-alan-martin-n-en-sonora-que-era-buscado-por-su-presunta-participacion-en-un-homicidio\/\" \/>\n<meta property=\"og:locale\" content=\"es_ES\" \/>\n<meta property=\"og:type\" content=\"article\" \/>\n<meta property=\"og:title\" content=\"Sonora en Equipo. Detienen a Alan Mart\u00edn \u201cN\u201d en Sonora que era buscado por su presunta participaci\u00f3n en un homicidio Polic\u00edaca\" \/>\n<meta property=\"og:description\" content=\"CIUDAD DE M\u00c9XICO. MX. \u2014 En una operaci\u00f3n conjunta entre la Secretar\u00eda de Seguridad y Protecci\u00f3n Ciudadana (SSPC), la Secretar\u00eda de Marina Armada de M\u00e9xico En Sonora en Equipo publicamos toda la informaci\u00f3n de Sonora, M\u00e9xico y el Mundo de manera oportuna y busca que la libertad de expresi\u00f3n sea real. Visita nuestro medio informativo publicado desde Hermosillo, Sonora. %\" \/>\n<meta property=\"og:url\" content=\"https:\/\/www.sonoraenequipo.com.mx\/detienen-a-alan-martin-n-en-sonora-que-era-buscado-por-su-presunta-participacion-en-un-homicidio\/\" \/>\n<meta property=\"og:site_name\" content=\"Sonora en Equipo.\" \/>\n<meta property=\"article:publisher\" content=\"https:\/\/www.facebook.com\/SonoraEE\/\" \/>\n<meta property=\"article:author\" content=\"https:\/\/www.facebook.com\/SonoraEE\" \/>\n<meta property=\"article:published_time\" content=\"2024-10-27T02:17:50+00:00\" \/>\n<meta property=\"article:modified_time\" content=\"2024-10-27T03:30:10+00:00\" \/>\n<meta property=\"og:image\" content=\"https:\/\/www.sonoraenequipo.com.mx\/storage\/2024\/10\/alan-martin-N-min.jpg\" \/>\n\t<meta property=\"og:image:width\" content=\"1024\" \/>\n\t<meta property=\"og:image:height\" content=\"622\" \/>\n\t<meta property=\"og:image:type\" content=\"image\/jpeg\" \/>\n<meta name=\"author\" content=\"enequipo\" \/>\n<meta name=\"twitter:card\" content=\"summary_large_image\" \/>\n<meta name=\"twitter:creator\" content=\"@sonoraenequipo\" \/>\n<meta name=\"twitter:site\" content=\"@sonoraenequipo\" \/>\n<meta name=\"twitter:label1\" content=\"Escrito por\" \/>\n\t<meta name=\"twitter:data1\" content=\"enequipo\" \/>\n\t<meta name=\"twitter:label2\" content=\"Tiempo de lectura\" \/>\n\t<meta name=\"twitter:data2\" content=\"1 minuto\" \/>\n<script type=\"application\/ld+json\" class=\"yoast-schema-graph\">{\"@context\":\"https:\/\/schema.org\",\"@graph\":[{\"@type\":\"Article\",\"@id\":\"https:\/\/www.sonoraenequipo.com.mx\/detienen-a-alan-martin-n-en-sonora-que-era-buscado-por-su-presunta-participacion-en-un-homicidio\/#article\",\"isPartOf\":{\"@id\":\"https:\/\/www.sonoraenequipo.com.mx\/detienen-a-alan-martin-n-en-sonora-que-era-buscado-por-su-presunta-participacion-en-un-homicidio\/\"},\"author\":{\"name\":\"enequipo\",\"@id\":\"https:\/\/www.sonoraenequipo.com.mx\/#\/schema\/person\/50102df0fb23a8fa9e8effad8fa81386\"},\"headline\":\"Detienen a Alan Mart\u00edn \u201cN\u201d en Sonora que era buscado por su presunta participaci\u00f3n en un homicidio\",\"datePublished\":\"2024-10-27T02:17:50+00:00\",\"dateModified\":\"2024-10-27T03:30:10+00:00\",\"mainEntityOfPage\":{\"@id\":\"https:\/\/www.sonoraenequipo.com.mx\/detienen-a-alan-martin-n-en-sonora-que-era-buscado-por-su-presunta-participacion-en-un-homicidio\/\"},\"wordCount\":228,\"commentCount\":0,\"publisher\":{\"@id\":\"https:\/\/www.sonoraenequipo.com.mx\/#organization\"},\"image\":{\"@id\":\"https:\/\/www.sonoraenequipo.com.mx\/detienen-a-alan-martin-n-en-sonora-que-era-buscado-por-su-presunta-participacion-en-un-homicidio\/#primaryimage\"},\"thumbnailUrl\":\"https:\/\/www.sonoraenequipo.com.mx\/storage\/2024\/10\/alan-martin-N-min.jpg\",\"articleSection\":[\"Polic\u00edaca\",\"Rep\u00fablica\"],\"inLanguage\":\"es\",\"potentialAction\":[{\"@type\":\"CommentAction\",\"name\":\"Comment\",\"target\":[\"https:\/\/www.sonoraenequipo.com.mx\/detienen-a-alan-martin-n-en-sonora-que-era-buscado-por-su-presunta-participacion-en-un-homicidio\/#respond\"]}]},{\"@type\":\"WebPage\",\"@id\":\"https:\/\/www.sonoraenequipo.com.mx\/detienen-a-alan-martin-n-en-sonora-que-era-buscado-por-su-presunta-participacion-en-un-homicidio\/\",\"url\":\"https:\/\/www.sonoraenequipo.com.mx\/detienen-a-alan-martin-n-en-sonora-que-era-buscado-por-su-presunta-participacion-en-un-homicidio\/\",\"name\":\"Sonora en Equipo. Detienen a Alan Mart\u00edn \u201cN\u201d en Sonora que era buscado por su presunta participaci\u00f3n en un homicidio Polic\u00edaca\",\"isPartOf\":{\"@id\":\"https:\/\/www.sonoraenequipo.com.mx\/#website\"},\"primaryImageOfPage\":{\"@id\":\"https:\/\/www.sonoraenequipo.com.mx\/detienen-a-alan-martin-n-en-sonora-que-era-buscado-por-su-presunta-participacion-en-un-homicidio\/#primaryimage\"},\"image\":{\"@id\":\"https:\/\/www.sonoraenequipo.com.mx\/detienen-a-alan-martin-n-en-sonora-que-era-buscado-por-su-presunta-participacion-en-un-homicidio\/#primaryimage\"},\"thumbnailUrl\":\"https:\/\/www.sonoraenequipo.com.mx\/storage\/2024\/10\/alan-martin-N-min.jpg\",\"datePublished\":\"2024-10-27T02:17:50+00:00\",\"dateModified\":\"2024-10-27T03:30:10+00:00\",\"description\":\"CIUDAD DE M\u00c9XICO. MX. \u2014 En una operaci\u00f3n conjunta entre la Secretar\u00eda de Seguridad y Protecci\u00f3n Ciudadana (SSPC), la Secretar\u00eda de Marina Armada de M\u00e9xico En Sonora en Equipo publicamos toda la informaci\u00f3n de Sonora, M\u00e9xico y el Mundo de manera oportuna y busca que la libertad de expresi\u00f3n sea real. Visita nuestro medio informativo publicado desde Hermosillo, Sonora. %\",\"breadcrumb\":{\"@id\":\"https:\/\/www.sonoraenequipo.com.mx\/detienen-a-alan-martin-n-en-sonora-que-era-buscado-por-su-presunta-participacion-en-un-homicidio\/#breadcrumb\"},\"inLanguage\":\"es\",\"potentialAction\":[{\"@type\":\"ReadAction\",\"target\":[\"https:\/\/www.sonoraenequipo.com.mx\/detienen-a-alan-martin-n-en-sonora-que-era-buscado-por-su-presunta-participacion-en-un-homicidio\/\"]}]},{\"@type\":\"ImageObject\",\"inLanguage\":\"es\",\"@id\":\"https:\/\/www.sonoraenequipo.com.mx\/detienen-a-alan-martin-n-en-sonora-que-era-buscado-por-su-presunta-participacion-en-un-homicidio\/#primaryimage\",\"url\":\"https:\/\/www.sonoraenequipo.com.mx\/storage\/2024\/10\/alan-martin-N-min.jpg\",\"contentUrl\":\"https:\/\/www.sonoraenequipo.com.mx\/storage\/2024\/10\/alan-martin-N-min.jpg\",\"width\":1024,\"height\":622},{\"@type\":\"BreadcrumbList\",\"@id\":\"https:\/\/www.sonoraenequipo.com.mx\/detienen-a-alan-martin-n-en-sonora-que-era-buscado-por-su-presunta-participacion-en-un-homicidio\/#breadcrumb\",\"itemListElement\":[{\"@type\":\"ListItem\",\"position\":1,\"name\":\"Portada\",\"item\":\"https:\/\/www.sonoraenequipo.com.mx\/\"},{\"@type\":\"ListItem\",\"position\":2,\"name\":\"Detienen a Alan Mart\u00edn \u201cN\u201d en Sonora que era buscado por su presunta participaci\u00f3n en un homicidio\"}]},{\"@type\":\"WebSite\",\"@id\":\"https:\/\/www.sonoraenequipo.com.mx\/#website\",\"url\":\"https:\/\/www.sonoraenequipo.com.mx\/\",\"name\":\"Sonora en Equipo.\",\"description\":\"Diario en l\u00ednea con Noticias desde Hermosillo, Sonora\",\"publisher\":{\"@id\":\"https:\/\/www.sonoraenequipo.com.mx\/#organization\"},\"potentialAction\":[{\"@type\":\"SearchAction\",\"target\":{\"@type\":\"EntryPoint\",\"urlTemplate\":\"https:\/\/www.sonoraenequipo.com.mx\/?s={search_term_string}\"},\"query-input\":{\"@type\":\"PropertyValueSpecification\",\"valueRequired\":true,\"valueName\":\"search_term_string\"}}],\"inLanguage\":\"es\"},{\"@type\":\"Organization\",\"@id\":\"https:\/\/www.sonoraenequipo.com.mx\/#organization\",\"name\":\"Sonoraenequipo.com.mx\",\"url\":\"https:\/\/www.sonoraenequipo.com.mx\/\",\"logo\":{\"@type\":\"ImageObject\",\"inLanguage\":\"es\",\"@id\":\"https:\/\/www.sonoraenequipo.com.mx\/#\/schema\/logo\/image\/\",\"url\":\"https:\/\/www.sonoraenequipo.com.mx\/storage\/2019\/01\/sonoraenequipo_opt.png\",\"contentUrl\":\"https:\/\/www.sonoraenequipo.com.mx\/storage\/2019\/01\/sonoraenequipo_opt.png\",\"width\":375,\"height\":125,\"caption\":\"Sonoraenequipo.com.mx\"},\"image\":{\"@id\":\"https:\/\/www.sonoraenequipo.com.mx\/#\/schema\/logo\/image\/\"},\"sameAs\":[\"https:\/\/www.facebook.com\/SonoraEE\/\",\"https:\/\/x.com\/sonoraenequipo\",\"https:\/\/www.youtube.com\/channel\/UC338nW-lPEYmJQs4ZABQ1SQ\"]},{\"@type\":\"Person\",\"@id\":\"https:\/\/www.sonoraenequipo.com.mx\/#\/schema\/person\/50102df0fb23a8fa9e8effad8fa81386\",\"name\":\"enequipo\",\"image\":{\"@type\":\"ImageObject\",\"inLanguage\":\"es\",\"@id\":\"https:\/\/www.sonoraenequipo.com.mx\/#\/schema\/person\/image\/\",\"url\":\"https:\/\/secure.gravatar.com\/avatar\/049821681b589dabc0bc20695993ccebb09f5b5d4d790cd9251b97faac7c652b?s=96&d=blank&r=g\",\"contentUrl\":\"https:\/\/secure.gravatar.com\/avatar\/049821681b589dabc0bc20695993ccebb09f5b5d4d790cd9251b97faac7c652b?s=96&d=blank&r=g\",\"caption\":\"enequipo\"},\"sameAs\":[\"https:\/\/www.facebook.com\/SonoraEE\"]}]}<\/script>\n ","yoast_head_json":{"title":"Sonora en Equipo. Detienen a Alan Mart\u00edn \u201cN\u201d en Sonora que era buscado por su presunta participaci\u00f3n en un homicidio Polic\u00edaca","description":"CIUDAD DE M\u00c9XICO. MX. \u2014 En una operaci\u00f3n conjunta entre la Secretar\u00eda de Seguridad y Protecci\u00f3n Ciudadana (SSPC), la Secretar\u00eda de Marina Armada de M\u00e9xico En Sonora en Equipo publicamos toda la informaci\u00f3n de Sonora, M\u00e9xico y el Mundo de manera oportuna y busca que la libertad de expresi\u00f3n sea real. Visita nuestro medio informativo publicado desde Hermosillo, Sonora. %","robots":{"index":"index","follow":"follow","max-snippet":"max-snippet:-1","max-image-preview":"max-image-preview:large","max-video-preview":"max-video-preview:-1"},"canonical":"https:\/\/www.sonoraenequipo.com.mx\/detienen-a-alan-martin-n-en-sonora-que-era-buscado-por-su-presunta-participacion-en-un-homicidio\/","og_locale":"es_ES","og_type":"article","og_title":"Sonora en Equipo. Detienen a Alan Mart\u00edn \u201cN\u201d en Sonora que era buscado por su presunta participaci\u00f3n en un homicidio Polic\u00edaca","og_description":"CIUDAD DE M\u00c9XICO. MX. \u2014 En una operaci\u00f3n conjunta entre la Secretar\u00eda de Seguridad y Protecci\u00f3n Ciudadana (SSPC), la Secretar\u00eda de Marina Armada de M\u00e9xico En Sonora en Equipo publicamos toda la informaci\u00f3n de Sonora, M\u00e9xico y el Mundo de manera oportuna y busca que la libertad de expresi\u00f3n sea real. Visita nuestro medio informativo publicado desde Hermosillo, Sonora. %","og_url":"https:\/\/www.sonoraenequipo.com.mx\/detienen-a-alan-martin-n-en-sonora-que-era-buscado-por-su-presunta-participacion-en-un-homicidio\/","og_site_name":"Sonora en Equipo.","article_publisher":"https:\/\/www.facebook.com\/SonoraEE\/","article_author":"https:\/\/www.facebook.com\/SonoraEE","article_published_time":"2024-10-27T02:17:50+00:00","article_modified_time":"2024-10-27T03:30:10+00:00","og_image":[{"width":1024,"height":622,"url":"https:\/\/www.sonoraenequipo.com.mx\/storage\/2024\/10\/alan-martin-N-min.jpg","type":"image\/jpeg"}],"author":"enequipo","twitter_card":"summary_large_image","twitter_creator":"@sonoraenequipo","twitter_site":"@sonoraenequipo","twitter_misc":{"Escrito por":"enequipo","Tiempo de lectura":"1 minuto"},"schema":{"@context":"https:\/\/schema.org","@graph":[{"@type":"Article","@id":"https:\/\/www.sonoraenequipo.com.mx\/detienen-a-alan-martin-n-en-sonora-que-era-buscado-por-su-presunta-participacion-en-un-homicidio\/#article","isPartOf":{"@id":"https:\/\/www.sonoraenequipo.com.mx\/detienen-a-alan-martin-n-en-sonora-que-era-buscado-por-su-presunta-participacion-en-un-homicidio\/"},"author":{"name":"enequipo","@id":"https:\/\/www.sonoraenequipo.com.mx\/#\/schema\/person\/50102df0fb23a8fa9e8effad8fa81386"},"headline":"Detienen a Alan Mart\u00edn \u201cN\u201d en Sonora que era buscado por su presunta participaci\u00f3n en un homicidio","datePublished":"2024-10-27T02:17:50+00:00","dateModified":"2024-10-27T03:30:10+00:00","mainEntityOfPage":{"@id":"https:\/\/www.sonoraenequipo.com.mx\/detienen-a-alan-martin-n-en-sonora-que-era-buscado-por-su-presunta-participacion-en-un-homicidio\/"},"wordCount":228,"commentCount":0,"publisher":{"@id":"https:\/\/www.sonoraenequipo.com.mx\/#organization"},"image":{"@id":"https:\/\/www.sonoraenequipo.com.mx\/detienen-a-alan-martin-n-en-sonora-que-era-buscado-por-su-presunta-participacion-en-un-homicidio\/#primaryimage"},"thumbnailUrl":"https:\/\/www.sonoraenequipo.com.mx\/storage\/2024\/10\/alan-martin-N-min.jpg","articleSection":["Polic\u00edaca","Rep\u00fablica"],"inLanguage":"es","potentialAction":[{"@type":"CommentAction","name":"Comment","target":["https:\/\/www.sonoraenequipo.com.mx\/detienen-a-alan-martin-n-en-sonora-que-era-buscado-por-su-presunta-participacion-en-un-homicidio\/#respond"]}]},{"@type":"WebPage","@id":"https:\/\/www.sonoraenequipo.com.mx\/detienen-a-alan-martin-n-en-sonora-que-era-buscado-por-su-presunta-participacion-en-un-homicidio\/","url":"https:\/\/www.sonoraenequipo.com.mx\/detienen-a-alan-martin-n-en-sonora-que-era-buscado-por-su-presunta-participacion-en-un-homicidio\/","name":"Sonora en Equipo. Detienen a Alan Mart\u00edn \u201cN\u201d en Sonora que era buscado por su presunta participaci\u00f3n en un homicidio Polic\u00edaca","isPartOf":{"@id":"https:\/\/www.sonoraenequipo.com.mx\/#website"},"primaryImageOfPage":{"@id":"https:\/\/www.sonoraenequipo.com.mx\/detienen-a-alan-martin-n-en-sonora-que-era-buscado-por-su-presunta-participacion-en-un-homicidio\/#primaryimage"},"image":{"@id":"https:\/\/www.sonoraenequipo.com.mx\/detienen-a-alan-martin-n-en-sonora-que-era-buscado-por-su-presunta-participacion-en-un-homicidio\/#primaryimage"},"thumbnailUrl":"https:\/\/www.sonoraenequipo.com.mx\/storage\/2024\/10\/alan-martin-N-min.jpg","datePublished":"2024-10-27T02:17:50+00:00","dateModified":"2024-10-27T03:30:10+00:00","description":"CIUDAD DE M\u00c9XICO. MX. \u2014 En una operaci\u00f3n conjunta entre la Secretar\u00eda de Seguridad y Protecci\u00f3n Ciudadana (SSPC), la Secretar\u00eda de Marina Armada de M\u00e9xico En Sonora en Equipo publicamos toda la informaci\u00f3n de Sonora, M\u00e9xico y el Mundo de manera oportuna y busca que la libertad de expresi\u00f3n sea real. Visita nuestro medio informativo publicado desde Hermosillo, Sonora. %","breadcrumb":{"@id":"https:\/\/www.sonoraenequipo.com.mx\/detienen-a-alan-martin-n-en-sonora-que-era-buscado-por-su-presunta-participacion-en-un-homicidio\/#breadcrumb"},"inLanguage":"es","potentialAction":[{"@type":"ReadAction","target":["https:\/\/www.sonoraenequipo.com.mx\/detienen-a-alan-martin-n-en-sonora-que-era-buscado-por-su-presunta-participacion-en-un-homicidio\/"]}]},{"@type":"ImageObject","inLanguage":"es","@id":"https:\/\/www.sonoraenequipo.com.mx\/detienen-a-alan-martin-n-en-sonora-que-era-buscado-por-su-presunta-participacion-en-un-homicidio\/#primaryimage","url":"https:\/\/www.sonoraenequipo.com.mx\/storage\/2024\/10\/alan-martin-N-min.jpg","contentUrl":"https:\/\/www.sonoraenequipo.com.mx\/storage\/2024\/10\/alan-martin-N-min.jpg","width":1024,"height":622},{"@type":"BreadcrumbList","@id":"https:\/\/www.sonoraenequipo.com.mx\/detienen-a-alan-martin-n-en-sonora-que-era-buscado-por-su-presunta-participacion-en-un-homicidio\/#breadcrumb","itemListElement":[{"@type":"ListItem","position":1,"name":"Portada","item":"https:\/\/www.sonoraenequipo.com.mx\/"},{"@type":"ListItem","position":2,"name":"Detienen a Alan Mart\u00edn \u201cN\u201d en Sonora que era buscado por su presunta participaci\u00f3n en un homicidio"}]},{"@type":"WebSite","@id":"https:\/\/www.sonoraenequipo.com.mx\/#website","url":"https:\/\/www.sonoraenequipo.com.mx\/","name":"Sonora en Equipo.","description":"Diario en l\u00ednea con Noticias desde Hermosillo, Sonora","publisher":{"@id":"https:\/\/www.sonoraenequipo.com.mx\/#organization"},"potentialAction":[{"@type":"SearchAction","target":{"@type":"EntryPoint","urlTemplate":"https:\/\/www.sonoraenequipo.com.mx\/?s={search_term_string}"},"query-input":{"@type":"PropertyValueSpecification","valueRequired":true,"valueName":"search_term_string"}}],"inLanguage":"es"},{"@type":"Organization","@id":"https:\/\/www.sonoraenequipo.com.mx\/#organization","name":"Sonoraenequipo.com.mx","url":"https:\/\/www.sonoraenequipo.com.mx\/","logo":{"@type":"ImageObject","inLanguage":"es","@id":"https:\/\/www.sonoraenequipo.com.mx\/#\/schema\/logo\/image\/","url":"https:\/\/www.sonoraenequipo.com.mx\/storage\/2019\/01\/sonoraenequipo_opt.png","contentUrl":"https:\/\/www.sonoraenequipo.com.mx\/storage\/2019\/01\/sonoraenequipo_opt.png","width":375,"height":125,"caption":"Sonoraenequipo.com.mx"},"image":{"@id":"https:\/\/www.sonoraenequipo.com.mx\/#\/schema\/logo\/image\/"},"sameAs":["https:\/\/www.facebook.com\/SonoraEE\/","https:\/\/x.com\/sonoraenequipo","https:\/\/www.youtube.com\/channel\/UC338nW-lPEYmJQs4ZABQ1SQ"]},{"@type":"Person","@id":"https:\/\/www.sonoraenequipo.com.mx\/#\/schema\/person\/50102df0fb23a8fa9e8effad8fa81386","name":"enequipo","image":{"@type":"ImageObject","inLanguage":"es","@id":"https:\/\/www.sonoraenequipo.com.mx\/#\/schema\/person\/image\/","url":"https:\/\/secure.gravatar.com\/avatar\/049821681b589dabc0bc20695993ccebb09f5b5d4d790cd9251b97faac7c652b?s=96&d=blank&r=g","contentUrl":"https:\/\/secure.gravatar.com\/avatar\/049821681b589dabc0bc20695993ccebb09f5b5d4d790cd9251b97faac7c652b?s=96&d=blank&r=g","caption":"enequipo"},"sameAs":["https:\/\/www.facebook.com\/SonoraEE"]}]}},"jetpack_featured_media_url":"https:\/\/www.sonoraenequipo.com.mx\/storage\/2024\/10\/alan-martin-N-min.jpg","_links":{"self":[{"href":"https:\/\/www.sonoraenequipo.com.mx\/api\/wp\/v2\/posts\/202739","targetHints":{"allow":["GET"]}}],"collection":[{"href":"https:\/\/www.sonoraenequipo.com.mx\/api\/wp\/v2\/posts"}],"about":[{"href":"https:\/\/www.sonoraenequipo.com.mx\/api\/wp\/v2\/types\/post"}],"author":[{"embeddable":true,"href":"https:\/\/www.sonoraenequipo.com.mx\/api\/wp\/v2\/users\/1"}],"replies":[{"embeddable":true,"href":"https:\/\/www.sonoraenequipo.com.mx\/api\/wp\/v2\/comments?post=202739"}],"version-history":[{"count":1,"href":"https:\/\/www.sonoraenequipo.com.mx\/api\/wp\/v2\/posts\/202739\/revisions"}],"predecessor-version":[{"id":202740,"href":"https:\/\/www.sonoraenequipo.com.mx\/api\/wp\/v2\/posts\/202739\/revisions\/202740"}],"wp:featuredmedia":[{"embeddable":true,"href":"https:\/\/www.sonoraenequipo.com.mx\/api\/wp\/v2\/media\/202731"}],"wp:attachment":[{"href":"https:\/\/www.sonoraenequipo.com.mx\/api\/wp\/v2\/media?parent=202739"}],"wp:term":[{"taxonomy":"category","embeddable":true,"href":"https:\/\/www.sonoraenequipo.com.mx\/api\/wp\/v2\/categories?post=202739"},{"taxonomy":"post_tag","embeddable":true,"href":"https:\/\/www.sonoraenequipo.com.mx\/api\/wp\/v2\/tags?post=202739"}],"curies":[{"name":"wp","href":"https:\/\/api.w.org\/{rel}","templated":true}]}}