{"id":202745,"date":"2024-10-26T21:47:52","date_gmt":"2024-10-27T04:47:52","guid":{"rendered":"https:\/\/www.sonoraenequipo.com.mx\/?p=202745"},"modified":"2024-10-26T21:08:01","modified_gmt":"2024-10-27T04:08:01","slug":"sonora-sera-un-puente-para-consolidar-la-relacion-comercial-mexico-eua","status":"publish","type":"post","link":"https:\/\/www.sonoraenequipo.com.mx\/sonora-sera-un-puente-para-consolidar-la-relacion-comercial-mexico-eua\/","title":{"rendered":"Sonora ser\u00e1 un puente para consolidar la relaci\u00f3n comercial M\u00e9xico-EUA"},"content":{"rendered":"<p><strong>HERMOSILLO, SONORA. MX. \u2014 <\/strong>\u00a0Con la \u00faltima fase de la consolidaci\u00f3n Cap\u00edtulo Noroeste de American Chamber of Commerce of Mexico (AMCHAM), se fortalece el compromiso de promover pr\u00e1cticas internacionales de negocios y crear un ecosistema colaborativo entre los sectores p\u00fablico y privado en la regi\u00f3n, con sede en Hermosillo, Sonora, hito alcanzado gracias al respaldo de empresas de ambos lados de la frontera, que marcan el inicio de una nueva etapa para Sonora y Estados Unidos, asever\u00f3 el gobernador Alfonso Durazo Monta\u00f1o.<\/p>\n<p> <\/p>\n<p>El jefe del Ejecutivo estatal, en el evento de firma de esta cuarta etapa, durante la 65 edici\u00f3n de la Comisi\u00f3n Sonora-Estados Unidos, agradeci\u00f3 la confianza depositada en Sonora para albergar esta sede, un reconocimiento a su crecimiento econ\u00f3mico impulsado por el Plan Sonora de Energ\u00edas Sostenibles.<\/p>\n<p><strong><em>\u201cNos sentimos muy orgullosos de que, tras 50 a\u00f1os de no abrir un nuevo cap\u00edtulo, la C\u00e1mara Americana de Comercio en M\u00e9xico haya elegido a Sonora como sede de su Cap\u00edtulo Noroeste. Esto habla de que en materia econ\u00f3mica estamos haciendo bien las cosas en Sonora\u201d<\/em><\/strong>, declar\u00f3.<\/p>\n<p>En la firma participaron Pedro Casas Alatriste, vicepresidente Ejecutivo y director general de AMCHAM; el Gobernador de Sonora, Alfonso Durazo Monta\u00f1o; la Gobernadora de Arizona, Katie Hobbs; el Embajador de Estados Unidos en M\u00e9xico, Ken Salazar; Emilio Cadena, representante del Consejo Ejecutivo Nacional de AMCHAM; as\u00ed como de Francisco Acu\u00f1a M\u00e9ndez, presidente ejecutivo del Consejo para el Desarrollo Sostenible de Sonora (CODESO) y l\u00edderes empresariales.<\/p>\n<p>El secretario de Econom\u00eda del Gobierno Federal, Marcelo Ebrard, reconoci\u00f3 los esfuerzos de colaboraci\u00f3n y afirm\u00f3 que esta iniciativa acelera la integraci\u00f3n entre Sonora y Arizona. \u201cSon una esperanza y tambi\u00e9n un camino que se abre para el futuro de la relaci\u00f3n entre M\u00e9xico y EE.UU.\u201d<\/p>\n<p>A trav\u00e9s del Plan Sonora de Energ\u00edas Sostenibles, Sonora ser\u00e1 un puente para fortalecer la inversi\u00f3n, el desarrollo tecnol\u00f3gico y las pr\u00e1cticas comerciales entre ambas naciones, contando con una inversi\u00f3n privada de capital estadounidense de 15 mil millones de d\u00f3lares.<\/p>\n<p><em><strong>\u201cEn este momento crucial para Norteam\u00e9rica, es fundamental que la industria fronteriza est\u00e9 interconectada para desarrollar estrategias que fortalezcan la relaci\u00f3n bilateral y las cadenas de valor regionales. Contamos con el respaldo de aliados clave para alcanzar este objetivo, confiando en el potencial industrial de Sonora,\u00bb<\/strong><\/em> expres\u00f3 Pedro Casas Alatriste.<\/p>\n<p>AMCHAM refuerza su misi\u00f3n en el noroeste del pa\u00eds al promover pr\u00e1cticas que maximizan el potencial regional y fomentan la colaboraci\u00f3n binacional. Este esfuerzo, iniciado a principios de 2023, ha integrado a 52 empresas en los estados de Baja California, Baja California Sur, Sonora, Sinaloa y Chihuahua. De estas, 19 son de capital estadounidense. De acuerdo con los estatutos, se requiere alcanzar un total de 50 empresas de capital estadounidense para completar la consolidaci\u00f3n.<\/p>\n<p>PUBLICADO EL 26 DE OCTUBRE DE 2024 Con informaci\u00f3n de GOBSON 1024173)<\/p>\n","protected":false},"excerpt":{"rendered":"<p>HERMOSILLO, SONORA. MX. \u2014 \u00a0Con la \u00faltima fase de la consolidaci\u00f3n Cap\u00edtulo Noroeste de American&#8230;<\/p>\n","protected":false},"author":1,"featured_media":202747,"comment_status":"open","ping_status":"open","sticky":false,"template":"","format":"standard","meta":{"_monsterinsights_skip_tracking":false,"_monsterinsights_sitenote_active":false,"_monsterinsights_sitenote_note":"","_monsterinsights_sitenote_category":0,"footnotes":""},"categories":[22],"tags":[],"class_list":["post"],"yoast_head":" \n<title>Sonora en Equipo. Sonora ser\u00e1 un puente para consolidar la relaci\u00f3n comercial M\u00e9xico-EUA Sonora<\/title>\n<meta name=\"description\" content=\"HERMOSILLO, SONORA. MX. \u2014 \u00a0Con la \u00faltima fase de la consolidaci\u00f3n Cap\u00edtulo Noroeste de American Chamber of Commerce of Mexico (AMCHAM), se fortalece el En Sonora en Equipo publicamos toda la informaci\u00f3n de Sonora, M\u00e9xico y el Mundo de manera oportuna y busca que la libertad de expresi\u00f3n sea real. Visita nuestro medio informativo publicado desde Hermosillo, Sonora. %\" \/>\n<meta name=\"robots\" content=\"index, follow, max-snippet:-1, max-image-preview:large, max-video-preview:-1\" \/>\n<link rel=\"canonical\" href=\"https:\/\/www.sonoraenequipo.com.mx\/sonora-sera-un-puente-para-consolidar-la-relacion-comercial-mexico-eua\/\" \/>\n<meta property=\"og:locale\" content=\"es_ES\" \/>\n<meta property=\"og:type\" content=\"article\" \/>\n<meta property=\"og:title\" content=\"Sonora en Equipo. Sonora ser\u00e1 un puente para consolidar la relaci\u00f3n comercial M\u00e9xico-EUA Sonora\" \/>\n<meta property=\"og:description\" content=\"HERMOSILLO, SONORA. MX. \u2014 \u00a0Con la \u00faltima fase de la consolidaci\u00f3n Cap\u00edtulo Noroeste de American Chamber of Commerce of Mexico (AMCHAM), se fortalece el En Sonora en Equipo publicamos toda la informaci\u00f3n de Sonora, M\u00e9xico y el Mundo de manera oportuna y busca que la libertad de expresi\u00f3n sea real. Visita nuestro medio informativo publicado desde Hermosillo, Sonora. %\" \/>\n<meta property=\"og:url\" content=\"https:\/\/www.sonoraenequipo.com.mx\/sonora-sera-un-puente-para-consolidar-la-relacion-comercial-mexico-eua\/\" \/>\n<meta property=\"og:site_name\" content=\"Sonora en Equipo.\" \/>\n<meta property=\"article:publisher\" content=\"https:\/\/www.facebook.com\/SonoraEE\/\" \/>\n<meta property=\"article:author\" content=\"https:\/\/www.facebook.com\/SonoraEE\" \/>\n<meta property=\"article:published_time\" content=\"2024-10-27T04:47:52+00:00\" \/>\n<meta property=\"og:image\" content=\"https:\/\/www.sonoraenequipo.com.mx\/storage\/2024\/10\/Sonora-sera-un-puente-para-consolidar-la-relacion-comercial-Mexico-EUA.jpg-min.jpg\" \/>\n\t<meta property=\"og:image:width\" content=\"1200\" \/>\n\t<meta property=\"og:image:height\" content=\"800\" \/>\n\t<meta property=\"og:image:type\" content=\"image\/jpeg\" \/>\n<meta name=\"author\" content=\"enequipo\" \/>\n<meta name=\"twitter:card\" content=\"summary_large_image\" \/>\n<meta name=\"twitter:creator\" content=\"@sonoraenequipo\" \/>\n<meta name=\"twitter:site\" content=\"@sonoraenequipo\" \/>\n<meta name=\"twitter:label1\" content=\"Escrito por\" \/>\n\t<meta name=\"twitter:data1\" content=\"enequipo\" \/>\n\t<meta name=\"twitter:label2\" content=\"Tiempo de lectura\" \/>\n\t<meta name=\"twitter:data2\" content=\"2 minutos\" \/>\n<script type=\"application\/ld+json\" class=\"yoast-schema-graph\">{\"@context\":\"https:\/\/schema.org\",\"@graph\":[{\"@type\":\"Article\",\"@id\":\"https:\/\/www.sonoraenequipo.com.mx\/sonora-sera-un-puente-para-consolidar-la-relacion-comercial-mexico-eua\/#article\",\"isPartOf\":{\"@id\":\"https:\/\/www.sonoraenequipo.com.mx\/sonora-sera-un-puente-para-consolidar-la-relacion-comercial-mexico-eua\/\"},\"author\":{\"name\":\"enequipo\",\"@id\":\"https:\/\/www.sonoraenequipo.com.mx\/#\/schema\/person\/50102df0fb23a8fa9e8effad8fa81386\"},\"headline\":\"Sonora ser\u00e1 un puente para consolidar la relaci\u00f3n comercial M\u00e9xico-EUA\",\"datePublished\":\"2024-10-27T04:47:52+00:00\",\"mainEntityOfPage\":{\"@id\":\"https:\/\/www.sonoraenequipo.com.mx\/sonora-sera-un-puente-para-consolidar-la-relacion-comercial-mexico-eua\/\"},\"wordCount\":507,\"commentCount\":0,\"publisher\":{\"@id\":\"https:\/\/www.sonoraenequipo.com.mx\/#organization\"},\"image\":{\"@id\":\"https:\/\/www.sonoraenequipo.com.mx\/sonora-sera-un-puente-para-consolidar-la-relacion-comercial-mexico-eua\/#primaryimage\"},\"thumbnailUrl\":\"https:\/\/www.sonoraenequipo.com.mx\/storage\/2024\/10\/Sonora-sera-un-puente-para-consolidar-la-relacion-comercial-Mexico-EUA.jpg-min.jpg\",\"articleSection\":[\"Sonora\"],\"inLanguage\":\"es\",\"potentialAction\":[{\"@type\":\"CommentAction\",\"name\":\"Comment\",\"target\":[\"https:\/\/www.sonoraenequipo.com.mx\/sonora-sera-un-puente-para-consolidar-la-relacion-comercial-mexico-eua\/#respond\"]}]},{\"@type\":\"WebPage\",\"@id\":\"https:\/\/www.sonoraenequipo.com.mx\/sonora-sera-un-puente-para-consolidar-la-relacion-comercial-mexico-eua\/\",\"url\":\"https:\/\/www.sonoraenequipo.com.mx\/sonora-sera-un-puente-para-consolidar-la-relacion-comercial-mexico-eua\/\",\"name\":\"Sonora en Equipo. Sonora ser\u00e1 un puente para consolidar la relaci\u00f3n comercial M\u00e9xico-EUA Sonora\",\"isPartOf\":{\"@id\":\"https:\/\/www.sonoraenequipo.com.mx\/#website\"},\"primaryImageOfPage\":{\"@id\":\"https:\/\/www.sonoraenequipo.com.mx\/sonora-sera-un-puente-para-consolidar-la-relacion-comercial-mexico-eua\/#primaryimage\"},\"image\":{\"@id\":\"https:\/\/www.sonoraenequipo.com.mx\/sonora-sera-un-puente-para-consolidar-la-relacion-comercial-mexico-eua\/#primaryimage\"},\"thumbnailUrl\":\"https:\/\/www.sonoraenequipo.com.mx\/storage\/2024\/10\/Sonora-sera-un-puente-para-consolidar-la-relacion-comercial-Mexico-EUA.jpg-min.jpg\",\"datePublished\":\"2024-10-27T04:47:52+00:00\",\"description\":\"HERMOSILLO, SONORA. MX. \u2014 \u00a0Con la \u00faltima fase de la consolidaci\u00f3n Cap\u00edtulo Noroeste de American Chamber of Commerce of Mexico (AMCHAM), se fortalece el En Sonora en Equipo publicamos toda la informaci\u00f3n de Sonora, M\u00e9xico y el Mundo de manera oportuna y busca que la libertad de expresi\u00f3n sea real. Visita nuestro medio informativo publicado desde Hermosillo, Sonora. %\",\"breadcrumb\":{\"@id\":\"https:\/\/www.sonoraenequipo.com.mx\/sonora-sera-un-puente-para-consolidar-la-relacion-comercial-mexico-eua\/#breadcrumb\"},\"inLanguage\":\"es\",\"potentialAction\":[{\"@type\":\"ReadAction\",\"target\":[\"https:\/\/www.sonoraenequipo.com.mx\/sonora-sera-un-puente-para-consolidar-la-relacion-comercial-mexico-eua\/\"]}]},{\"@type\":\"ImageObject\",\"inLanguage\":\"es\",\"@id\":\"https:\/\/www.sonoraenequipo.com.mx\/sonora-sera-un-puente-para-consolidar-la-relacion-comercial-mexico-eua\/#primaryimage\",\"url\":\"https:\/\/www.sonoraenequipo.com.mx\/storage\/2024\/10\/Sonora-sera-un-puente-para-consolidar-la-relacion-comercial-Mexico-EUA.jpg-min.jpg\",\"contentUrl\":\"https:\/\/www.sonoraenequipo.com.mx\/storage\/2024\/10\/Sonora-sera-un-puente-para-consolidar-la-relacion-comercial-Mexico-EUA.jpg-min.jpg\",\"width\":1200,\"height\":800},{\"@type\":\"BreadcrumbList\",\"@id\":\"https:\/\/www.sonoraenequipo.com.mx\/sonora-sera-un-puente-para-consolidar-la-relacion-comercial-mexico-eua\/#breadcrumb\",\"itemListElement\":[{\"@type\":\"ListItem\",\"position\":1,\"name\":\"Portada\",\"item\":\"https:\/\/www.sonoraenequipo.com.mx\/\"},{\"@type\":\"ListItem\",\"position\":2,\"name\":\"Sonora ser\u00e1 un puente para consolidar la relaci\u00f3n comercial M\u00e9xico-EUA\"}]},{\"@type\":\"WebSite\",\"@id\":\"https:\/\/www.sonoraenequipo.com.mx\/#website\",\"url\":\"https:\/\/www.sonoraenequipo.com.mx\/\",\"name\":\"Sonora en Equipo.\",\"description\":\"Diario en l\u00ednea con Noticias desde Hermosillo, Sonora\",\"publisher\":{\"@id\":\"https:\/\/www.sonoraenequipo.com.mx\/#organization\"},\"potentialAction\":[{\"@type\":\"SearchAction\",\"target\":{\"@type\":\"EntryPoint\",\"urlTemplate\":\"https:\/\/www.sonoraenequipo.com.mx\/?s={search_term_string}\"},\"query-input\":{\"@type\":\"PropertyValueSpecification\",\"valueRequired\":true,\"valueName\":\"search_term_string\"}}],\"inLanguage\":\"es\"},{\"@type\":\"Organization\",\"@id\":\"https:\/\/www.sonoraenequipo.com.mx\/#organization\",\"name\":\"Sonoraenequipo.com.mx\",\"url\":\"https:\/\/www.sonoraenequipo.com.mx\/\",\"logo\":{\"@type\":\"ImageObject\",\"inLanguage\":\"es\",\"@id\":\"https:\/\/www.sonoraenequipo.com.mx\/#\/schema\/logo\/image\/\",\"url\":\"https:\/\/www.sonoraenequipo.com.mx\/storage\/2019\/01\/sonoraenequipo_opt.png\",\"contentUrl\":\"https:\/\/www.sonoraenequipo.com.mx\/storage\/2019\/01\/sonoraenequipo_opt.png\",\"width\":375,\"height\":125,\"caption\":\"Sonoraenequipo.com.mx\"},\"image\":{\"@id\":\"https:\/\/www.sonoraenequipo.com.mx\/#\/schema\/logo\/image\/\"},\"sameAs\":[\"https:\/\/www.facebook.com\/SonoraEE\/\",\"https:\/\/x.com\/sonoraenequipo\",\"https:\/\/www.youtube.com\/channel\/UC338nW-lPEYmJQs4ZABQ1SQ\"]},{\"@type\":\"Person\",\"@id\":\"https:\/\/www.sonoraenequipo.com.mx\/#\/schema\/person\/50102df0fb23a8fa9e8effad8fa81386\",\"name\":\"enequipo\",\"image\":{\"@type\":\"ImageObject\",\"inLanguage\":\"es\",\"@id\":\"https:\/\/www.sonoraenequipo.com.mx\/#\/schema\/person\/image\/\",\"url\":\"https:\/\/secure.gravatar.com\/avatar\/049821681b589dabc0bc20695993ccebb09f5b5d4d790cd9251b97faac7c652b?s=96&d=blank&r=g\",\"contentUrl\":\"https:\/\/secure.gravatar.com\/avatar\/049821681b589dabc0bc20695993ccebb09f5b5d4d790cd9251b97faac7c652b?s=96&d=blank&r=g\",\"caption\":\"enequipo\"},\"sameAs\":[\"https:\/\/www.facebook.com\/SonoraEE\"]}]}<\/script>\n ","yoast_head_json":{"title":"Sonora en Equipo. Sonora ser\u00e1 un puente para consolidar la relaci\u00f3n comercial M\u00e9xico-EUA Sonora","description":"HERMOSILLO, SONORA. MX. \u2014 \u00a0Con la \u00faltima fase de la consolidaci\u00f3n Cap\u00edtulo Noroeste de American Chamber of Commerce of Mexico (AMCHAM), se fortalece el En Sonora en Equipo publicamos toda la informaci\u00f3n de Sonora, M\u00e9xico y el Mundo de manera oportuna y busca que la libertad de expresi\u00f3n sea real. Visita nuestro medio informativo publicado desde Hermosillo, Sonora. %","robots":{"index":"index","follow":"follow","max-snippet":"max-snippet:-1","max-image-preview":"max-image-preview:large","max-video-preview":"max-video-preview:-1"},"canonical":"https:\/\/www.sonoraenequipo.com.mx\/sonora-sera-un-puente-para-consolidar-la-relacion-comercial-mexico-eua\/","og_locale":"es_ES","og_type":"article","og_title":"Sonora en Equipo. Sonora ser\u00e1 un puente para consolidar la relaci\u00f3n comercial M\u00e9xico-EUA Sonora","og_description":"HERMOSILLO, SONORA. MX. \u2014 \u00a0Con la \u00faltima fase de la consolidaci\u00f3n Cap\u00edtulo Noroeste de American Chamber of Commerce of Mexico (AMCHAM), se fortalece el En Sonora en Equipo publicamos toda la informaci\u00f3n de Sonora, M\u00e9xico y el Mundo de manera oportuna y busca que la libertad de expresi\u00f3n sea real. Visita nuestro medio informativo publicado desde Hermosillo, Sonora. %","og_url":"https:\/\/www.sonoraenequipo.com.mx\/sonora-sera-un-puente-para-consolidar-la-relacion-comercial-mexico-eua\/","og_site_name":"Sonora en Equipo.","article_publisher":"https:\/\/www.facebook.com\/SonoraEE\/","article_author":"https:\/\/www.facebook.com\/SonoraEE","article_published_time":"2024-10-27T04:47:52+00:00","og_image":[{"width":1200,"height":800,"url":"https:\/\/www.sonoraenequipo.com.mx\/storage\/2024\/10\/Sonora-sera-un-puente-para-consolidar-la-relacion-comercial-Mexico-EUA.jpg-min.jpg","type":"image\/jpeg"}],"author":"enequipo","twitter_card":"summary_large_image","twitter_creator":"@sonoraenequipo","twitter_site":"@sonoraenequipo","twitter_misc":{"Escrito por":"enequipo","Tiempo de lectura":"2 minutos"},"schema":{"@context":"https:\/\/schema.org","@graph":[{"@type":"Article","@id":"https:\/\/www.sonoraenequipo.com.mx\/sonora-sera-un-puente-para-consolidar-la-relacion-comercial-mexico-eua\/#article","isPartOf":{"@id":"https:\/\/www.sonoraenequipo.com.mx\/sonora-sera-un-puente-para-consolidar-la-relacion-comercial-mexico-eua\/"},"author":{"name":"enequipo","@id":"https:\/\/www.sonoraenequipo.com.mx\/#\/schema\/person\/50102df0fb23a8fa9e8effad8fa81386"},"headline":"Sonora ser\u00e1 un puente para consolidar la relaci\u00f3n comercial M\u00e9xico-EUA","datePublished":"2024-10-27T04:47:52+00:00","mainEntityOfPage":{"@id":"https:\/\/www.sonoraenequipo.com.mx\/sonora-sera-un-puente-para-consolidar-la-relacion-comercial-mexico-eua\/"},"wordCount":507,"commentCount":0,"publisher":{"@id":"https:\/\/www.sonoraenequipo.com.mx\/#organization"},"image":{"@id":"https:\/\/www.sonoraenequipo.com.mx\/sonora-sera-un-puente-para-consolidar-la-relacion-comercial-mexico-eua\/#primaryimage"},"thumbnailUrl":"https:\/\/www.sonoraenequipo.com.mx\/storage\/2024\/10\/Sonora-sera-un-puente-para-consolidar-la-relacion-comercial-Mexico-EUA.jpg-min.jpg","articleSection":["Sonora"],"inLanguage":"es","potentialAction":[{"@type":"CommentAction","name":"Comment","target":["https:\/\/www.sonoraenequipo.com.mx\/sonora-sera-un-puente-para-consolidar-la-relacion-comercial-mexico-eua\/#respond"]}]},{"@type":"WebPage","@id":"https:\/\/www.sonoraenequipo.com.mx\/sonora-sera-un-puente-para-consolidar-la-relacion-comercial-mexico-eua\/","url":"https:\/\/www.sonoraenequipo.com.mx\/sonora-sera-un-puente-para-consolidar-la-relacion-comercial-mexico-eua\/","name":"Sonora en Equipo. Sonora ser\u00e1 un puente para consolidar la relaci\u00f3n comercial M\u00e9xico-EUA Sonora","isPartOf":{"@id":"https:\/\/www.sonoraenequipo.com.mx\/#website"},"primaryImageOfPage":{"@id":"https:\/\/www.sonoraenequipo.com.mx\/sonora-sera-un-puente-para-consolidar-la-relacion-comercial-mexico-eua\/#primaryimage"},"image":{"@id":"https:\/\/www.sonoraenequipo.com.mx\/sonora-sera-un-puente-para-consolidar-la-relacion-comercial-mexico-eua\/#primaryimage"},"thumbnailUrl":"https:\/\/www.sonoraenequipo.com.mx\/storage\/2024\/10\/Sonora-sera-un-puente-para-consolidar-la-relacion-comercial-Mexico-EUA.jpg-min.jpg","datePublished":"2024-10-27T04:47:52+00:00","description":"HERMOSILLO, SONORA. MX. \u2014 \u00a0Con la \u00faltima fase de la consolidaci\u00f3n Cap\u00edtulo Noroeste de American Chamber of Commerce of Mexico (AMCHAM), se fortalece el En Sonora en Equipo publicamos toda la informaci\u00f3n de Sonora, M\u00e9xico y el Mundo de manera oportuna y busca que la libertad de expresi\u00f3n sea real. Visita nuestro medio informativo publicado desde Hermosillo, Sonora. %","breadcrumb":{"@id":"https:\/\/www.sonoraenequipo.com.mx\/sonora-sera-un-puente-para-consolidar-la-relacion-comercial-mexico-eua\/#breadcrumb"},"inLanguage":"es","potentialAction":[{"@type":"ReadAction","target":["https:\/\/www.sonoraenequipo.com.mx\/sonora-sera-un-puente-para-consolidar-la-relacion-comercial-mexico-eua\/"]}]},{"@type":"ImageObject","inLanguage":"es","@id":"https:\/\/www.sonoraenequipo.com.mx\/sonora-sera-un-puente-para-consolidar-la-relacion-comercial-mexico-eua\/#primaryimage","url":"https:\/\/www.sonoraenequipo.com.mx\/storage\/2024\/10\/Sonora-sera-un-puente-para-consolidar-la-relacion-comercial-Mexico-EUA.jpg-min.jpg","contentUrl":"https:\/\/www.sonoraenequipo.com.mx\/storage\/2024\/10\/Sonora-sera-un-puente-para-consolidar-la-relacion-comercial-Mexico-EUA.jpg-min.jpg","width":1200,"height":800},{"@type":"BreadcrumbList","@id":"https:\/\/www.sonoraenequipo.com.mx\/sonora-sera-un-puente-para-consolidar-la-relacion-comercial-mexico-eua\/#breadcrumb","itemListElement":[{"@type":"ListItem","position":1,"name":"Portada","item":"https:\/\/www.sonoraenequipo.com.mx\/"},{"@type":"ListItem","position":2,"name":"Sonora ser\u00e1 un puente para consolidar la relaci\u00f3n comercial M\u00e9xico-EUA"}]},{"@type":"WebSite","@id":"https:\/\/www.sonoraenequipo.com.mx\/#website","url":"https:\/\/www.sonoraenequipo.com.mx\/","name":"Sonora en Equipo.","description":"Diario en l\u00ednea con Noticias desde Hermosillo, Sonora","publisher":{"@id":"https:\/\/www.sonoraenequipo.com.mx\/#organization"},"potentialAction":[{"@type":"SearchAction","target":{"@type":"EntryPoint","urlTemplate":"https:\/\/www.sonoraenequipo.com.mx\/?s={search_term_string}"},"query-input":{"@type":"PropertyValueSpecification","valueRequired":true,"valueName":"search_term_string"}}],"inLanguage":"es"},{"@type":"Organization","@id":"https:\/\/www.sonoraenequipo.com.mx\/#organization","name":"Sonoraenequipo.com.mx","url":"https:\/\/www.sonoraenequipo.com.mx\/","logo":{"@type":"ImageObject","inLanguage":"es","@id":"https:\/\/www.sonoraenequipo.com.mx\/#\/schema\/logo\/image\/","url":"https:\/\/www.sonoraenequipo.com.mx\/storage\/2019\/01\/sonoraenequipo_opt.png","contentUrl":"https:\/\/www.sonoraenequipo.com.mx\/storage\/2019\/01\/sonoraenequipo_opt.png","width":375,"height":125,"caption":"Sonoraenequipo.com.mx"},"image":{"@id":"https:\/\/www.sonoraenequipo.com.mx\/#\/schema\/logo\/image\/"},"sameAs":["https:\/\/www.facebook.com\/SonoraEE\/","https:\/\/x.com\/sonoraenequipo","https:\/\/www.youtube.com\/channel\/UC338nW-lPEYmJQs4ZABQ1SQ"]},{"@type":"Person","@id":"https:\/\/www.sonoraenequipo.com.mx\/#\/schema\/person\/50102df0fb23a8fa9e8effad8fa81386","name":"enequipo","image":{"@type":"ImageObject","inLanguage":"es","@id":"https:\/\/www.sonoraenequipo.com.mx\/#\/schema\/person\/image\/","url":"https:\/\/secure.gravatar.com\/avatar\/049821681b589dabc0bc20695993ccebb09f5b5d4d790cd9251b97faac7c652b?s=96&d=blank&r=g","contentUrl":"https:\/\/secure.gravatar.com\/avatar\/049821681b589dabc0bc20695993ccebb09f5b5d4d790cd9251b97faac7c652b?s=96&d=blank&r=g","caption":"enequipo"},"sameAs":["https:\/\/www.facebook.com\/SonoraEE"]}]}},"jetpack_featured_media_url":"https:\/\/www.sonoraenequipo.com.mx\/storage\/2024\/10\/Sonora-sera-un-puente-para-consolidar-la-relacion-comercial-Mexico-EUA.jpg-min.jpg","_links":{"self":[{"href":"https:\/\/www.sonoraenequipo.com.mx\/api\/wp\/v2\/posts\/202745","targetHints":{"allow":["GET"]}}],"collection":[{"href":"https:\/\/www.sonoraenequipo.com.mx\/api\/wp\/v2\/posts"}],"about":[{"href":"https:\/\/www.sonoraenequipo.com.mx\/api\/wp\/v2\/types\/post"}],"author":[{"embeddable":true,"href":"https:\/\/www.sonoraenequipo.com.mx\/api\/wp\/v2\/users\/1"}],"replies":[{"embeddable":true,"href":"https:\/\/www.sonoraenequipo.com.mx\/api\/wp\/v2\/comments?post=202745"}],"version-history":[{"count":2,"href":"https:\/\/www.sonoraenequipo.com.mx\/api\/wp\/v2\/posts\/202745\/revisions"}],"predecessor-version":[{"id":202749,"href":"https:\/\/www.sonoraenequipo.com.mx\/api\/wp\/v2\/posts\/202745\/revisions\/202749"}],"wp:featuredmedia":[{"embeddable":true,"href":"https:\/\/www.sonoraenequipo.com.mx\/api\/wp\/v2\/media\/202747"}],"wp:attachment":[{"href":"https:\/\/www.sonoraenequipo.com.mx\/api\/wp\/v2\/media?parent=202745"}],"wp:term":[{"taxonomy":"category","embeddable":true,"href":"https:\/\/www.sonoraenequipo.com.mx\/api\/wp\/v2\/categories?post=202745"},{"taxonomy":"post_tag","embeddable":true,"href":"https:\/\/www.sonoraenequipo.com.mx\/api\/wp\/v2\/tags?post=202745"}],"curies":[{"name":"wp","href":"https:\/\/api.w.org\/{rel}","templated":true}]}}