{"id":202757,"date":"2024-10-27T12:03:13","date_gmt":"2024-10-27T19:03:13","guid":{"rendered":"https:\/\/www.sonoraenequipo.com.mx\/?p=202757"},"modified":"2024-10-27T12:03:13","modified_gmt":"2024-10-27T19:03:13","slug":"con-el-proposito-de-dar-tranquilidad-a-la-ciudadania-e-inhibir-conductas-delictivas","status":"publish","type":"post","link":"https:\/\/www.sonoraenequipo.com.mx\/con-el-proposito-de-dar-tranquilidad-a-la-ciudadania-e-inhibir-conductas-delictivas\/","title":{"rendered":"Con el prop\u00f3sito de dar tranquilidad a la ciudadan\u00eda e inhibir conductas delictivas"},"content":{"rendered":"<p>&nbsp;<\/p>\n<p><strong>HERMOSILLO, SONORA, MX.<\/strong> \u2014 Jos\u00e9 \u00c1ngel Rom\u00e1n Rodr\u00edguez director de la Polic\u00eda Preventiva, dio a conocer que se implementar\u00e1 un operativo durante los festejos por Halloween para inhibir conductas delictivas y dar tranquilidad a la ciudadan\u00eda.<\/p>\n<p>&nbsp;<\/p>\n<p>Dijo se enfocar\u00e1n a patrullajes pie tierra apoyados en la vigilancia con el grupo EsCuadrones, en diferentes sectores de la ciudad y zona rural.<\/p>\n<p>&nbsp;<\/p>\n<p>Record\u00f3 que todos los a\u00f1os se realiza el operativo para evitar cualquier tipo de acci\u00f3n que trasgreda a la ciudadan\u00eda y\/o si patrimonio.<\/p>\n<p>&nbsp;<\/p>\n<p>&nbsp;<\/p>\n<p>\u00abVamos a intensificar el operativo para evitar alg\u00fan tipo de incidente, se dar\u00e1n recorridos constantes y a las personas que se sorprendan arrojando objetos y piedras al transporte p\u00fablico, veh\u00edculos o viviendas, ser\u00e1n puestas a disposici\u00f3n de las autoridades\u00bb, asever\u00f3.<\/p>\n<p>&nbsp;<\/p>\n<p>Explic\u00f3 que de ser sorprendidos en alguna falta administrativa ser\u00e1 acreedor a una infracci\u00f3n y de presentarse un acto\u00a0 delitictivo, ser\u00eda ante el Ministerio P\u00fablico correspondiente.<\/p>\n<p>&nbsp;<\/p>\n<p>En cuanto a los menores que salen a pedir dulces, Rom\u00e1n Rodr\u00edguez hizo un llamado a sus padres y familiares a no perderlos de vista,\u00a0 vigilarlos y no entorpecer al tr\u00e1fico vehicular.<\/p>\n<p>&nbsp;<\/p>\n<p>En ese sentido recomend\u00f3 a que est\u00e9n atentos del cruce de calles, que lo hagan por las esquinas y a caminar por las banquetas.<\/p>\n<p>&nbsp;<\/p>\n<p>Rom\u00e1n Rodr\u00edguez hizo un llamado que ante cualquier situaci\u00f3n de emergencia llamar al 911 y\/o acercarse a las patrullas y oficiales que vean en las calles.<\/p>\n<p><strong>Fecha de publicaci\u00f3n domingo 27 de octubre de 2024 \/<\/strong><\/p>\n<p>&nbsp;<\/p>\n","protected":false},"excerpt":{"rendered":"<p>&nbsp; HERMOSILLO, SONORA, MX. \u2014 Jos\u00e9 \u00c1ngel Rom\u00e1n Rodr\u00edguez director de la Polic\u00eda Preventiva, dio&#8230;<\/p>\n","protected":false},"author":1,"featured_media":202758,"comment_status":"open","ping_status":"open","sticky":false,"template":"","format":"standard","meta":{"_monsterinsights_skip_tracking":false,"_monsterinsights_sitenote_active":false,"_monsterinsights_sitenote_note":"","_monsterinsights_sitenote_category":0,"footnotes":""},"categories":[3144],"tags":[602,35,7808],"class_list":["post"],"yoast_head":" \n<title>Sonora en Equipo. Con el prop\u00f3sito de dar tranquilidad a la ciudadan\u00eda e inhibir conductas delictivas Polic\u00edaca<\/title>\n<meta name=\"description\" content=\"&nbsp; HERMOSILLO, SONORA, MX. \u2014 Jos\u00e9 \u00c1ngel Rom\u00e1n Rodr\u00edguez director de la Polic\u00eda Preventiva, dio a conocer que se implementar\u00e1 un operativo durante los En Sonora en Equipo publicamos toda la informaci\u00f3n de Sonora, M\u00e9xico y el Mundo de manera oportuna y busca que la libertad de expresi\u00f3n sea real. Visita nuestro medio informativo publicado desde Hermosillo, Sonora. %\" \/>\n<meta name=\"robots\" content=\"index, follow, max-snippet:-1, max-image-preview:large, max-video-preview:-1\" \/>\n<link rel=\"canonical\" href=\"https:\/\/www.sonoraenequipo.com.mx\/con-el-proposito-de-dar-tranquilidad-a-la-ciudadania-e-inhibir-conductas-delictivas\/\" \/>\n<meta property=\"og:locale\" content=\"es_ES\" \/>\n<meta property=\"og:type\" content=\"article\" \/>\n<meta property=\"og:title\" content=\"Sonora en Equipo. Con el prop\u00f3sito de dar tranquilidad a la ciudadan\u00eda e inhibir conductas delictivas Polic\u00edaca\" \/>\n<meta property=\"og:description\" content=\"&nbsp; HERMOSILLO, SONORA, MX. \u2014 Jos\u00e9 \u00c1ngel Rom\u00e1n Rodr\u00edguez director de la Polic\u00eda Preventiva, dio a conocer que se implementar\u00e1 un operativo durante los En Sonora en Equipo publicamos toda la informaci\u00f3n de Sonora, M\u00e9xico y el Mundo de manera oportuna y busca que la libertad de expresi\u00f3n sea real. Visita nuestro medio informativo publicado desde Hermosillo, Sonora. %\" \/>\n<meta property=\"og:url\" content=\"https:\/\/www.sonoraenequipo.com.mx\/con-el-proposito-de-dar-tranquilidad-a-la-ciudadania-e-inhibir-conductas-delictivas\/\" \/>\n<meta property=\"og:site_name\" content=\"Sonora en Equipo.\" \/>\n<meta property=\"article:publisher\" content=\"https:\/\/www.facebook.com\/SonoraEE\/\" \/>\n<meta property=\"article:author\" content=\"https:\/\/www.facebook.com\/SonoraEE\" \/>\n<meta property=\"article:published_time\" content=\"2024-10-27T19:03:13+00:00\" \/>\n<meta property=\"og:image\" content=\"https:\/\/www.sonoraenequipo.com.mx\/storage\/2024\/10\/roman-rodriguez.jpg\" \/>\n\t<meta property=\"og:image:width\" content=\"600\" \/>\n\t<meta property=\"og:image:height\" content=\"400\" \/>\n\t<meta property=\"og:image:type\" content=\"image\/jpeg\" \/>\n<meta name=\"author\" content=\"enequipo\" \/>\n<meta name=\"twitter:card\" content=\"summary_large_image\" \/>\n<meta name=\"twitter:creator\" content=\"@sonoraenequipo\" \/>\n<meta name=\"twitter:site\" content=\"@sonoraenequipo\" \/>\n<meta name=\"twitter:label1\" content=\"Escrito por\" \/>\n\t<meta name=\"twitter:data1\" content=\"enequipo\" \/>\n\t<meta name=\"twitter:label2\" content=\"Tiempo de lectura\" \/>\n\t<meta name=\"twitter:data2\" content=\"1 minuto\" \/>\n<script type=\"application\/ld+json\" class=\"yoast-schema-graph\">{\"@context\":\"https:\/\/schema.org\",\"@graph\":[{\"@type\":\"Article\",\"@id\":\"https:\/\/www.sonoraenequipo.com.mx\/con-el-proposito-de-dar-tranquilidad-a-la-ciudadania-e-inhibir-conductas-delictivas\/#article\",\"isPartOf\":{\"@id\":\"https:\/\/www.sonoraenequipo.com.mx\/con-el-proposito-de-dar-tranquilidad-a-la-ciudadania-e-inhibir-conductas-delictivas\/\"},\"author\":{\"name\":\"enequipo\",\"@id\":\"https:\/\/www.sonoraenequipo.com.mx\/#\/schema\/person\/50102df0fb23a8fa9e8effad8fa81386\"},\"headline\":\"Con el prop\u00f3sito de dar tranquilidad a la ciudadan\u00eda e inhibir conductas delictivas\",\"datePublished\":\"2024-10-27T19:03:13+00:00\",\"mainEntityOfPage\":{\"@id\":\"https:\/\/www.sonoraenequipo.com.mx\/con-el-proposito-de-dar-tranquilidad-a-la-ciudadania-e-inhibir-conductas-delictivas\/\"},\"wordCount\":288,\"commentCount\":0,\"publisher\":{\"@id\":\"https:\/\/www.sonoraenequipo.com.mx\/#organization\"},\"image\":{\"@id\":\"https:\/\/www.sonoraenequipo.com.mx\/con-el-proposito-de-dar-tranquilidad-a-la-ciudadania-e-inhibir-conductas-delictivas\/#primaryimage\"},\"thumbnailUrl\":\"https:\/\/www.sonoraenequipo.com.mx\/storage\/2024\/10\/roman-rodriguez.jpg\",\"keywords\":[\"fiestas de halloween\",\"hermosillo\",\"vigilancia\"],\"articleSection\":[\"Polic\u00edaca\"],\"inLanguage\":\"es\",\"potentialAction\":[{\"@type\":\"CommentAction\",\"name\":\"Comment\",\"target\":[\"https:\/\/www.sonoraenequipo.com.mx\/con-el-proposito-de-dar-tranquilidad-a-la-ciudadania-e-inhibir-conductas-delictivas\/#respond\"]}]},{\"@type\":\"WebPage\",\"@id\":\"https:\/\/www.sonoraenequipo.com.mx\/con-el-proposito-de-dar-tranquilidad-a-la-ciudadania-e-inhibir-conductas-delictivas\/\",\"url\":\"https:\/\/www.sonoraenequipo.com.mx\/con-el-proposito-de-dar-tranquilidad-a-la-ciudadania-e-inhibir-conductas-delictivas\/\",\"name\":\"Sonora en Equipo. Con el prop\u00f3sito de dar tranquilidad a la ciudadan\u00eda e inhibir conductas delictivas Polic\u00edaca\",\"isPartOf\":{\"@id\":\"https:\/\/www.sonoraenequipo.com.mx\/#website\"},\"primaryImageOfPage\":{\"@id\":\"https:\/\/www.sonoraenequipo.com.mx\/con-el-proposito-de-dar-tranquilidad-a-la-ciudadania-e-inhibir-conductas-delictivas\/#primaryimage\"},\"image\":{\"@id\":\"https:\/\/www.sonoraenequipo.com.mx\/con-el-proposito-de-dar-tranquilidad-a-la-ciudadania-e-inhibir-conductas-delictivas\/#primaryimage\"},\"thumbnailUrl\":\"https:\/\/www.sonoraenequipo.com.mx\/storage\/2024\/10\/roman-rodriguez.jpg\",\"datePublished\":\"2024-10-27T19:03:13+00:00\",\"description\":\"&nbsp; HERMOSILLO, SONORA, MX. \u2014 Jos\u00e9 \u00c1ngel Rom\u00e1n Rodr\u00edguez director de la Polic\u00eda Preventiva, dio a conocer que se implementar\u00e1 un operativo durante los En Sonora en Equipo publicamos toda la informaci\u00f3n de Sonora, M\u00e9xico y el Mundo de manera oportuna y busca que la libertad de expresi\u00f3n sea real. Visita nuestro medio informativo publicado desde Hermosillo, Sonora. %\",\"breadcrumb\":{\"@id\":\"https:\/\/www.sonoraenequipo.com.mx\/con-el-proposito-de-dar-tranquilidad-a-la-ciudadania-e-inhibir-conductas-delictivas\/#breadcrumb\"},\"inLanguage\":\"es\",\"potentialAction\":[{\"@type\":\"ReadAction\",\"target\":[\"https:\/\/www.sonoraenequipo.com.mx\/con-el-proposito-de-dar-tranquilidad-a-la-ciudadania-e-inhibir-conductas-delictivas\/\"]}]},{\"@type\":\"ImageObject\",\"inLanguage\":\"es\",\"@id\":\"https:\/\/www.sonoraenequipo.com.mx\/con-el-proposito-de-dar-tranquilidad-a-la-ciudadania-e-inhibir-conductas-delictivas\/#primaryimage\",\"url\":\"https:\/\/www.sonoraenequipo.com.mx\/storage\/2024\/10\/roman-rodriguez.jpg\",\"contentUrl\":\"https:\/\/www.sonoraenequipo.com.mx\/storage\/2024\/10\/roman-rodriguez.jpg\",\"width\":600,\"height\":400},{\"@type\":\"BreadcrumbList\",\"@id\":\"https:\/\/www.sonoraenequipo.com.mx\/con-el-proposito-de-dar-tranquilidad-a-la-ciudadania-e-inhibir-conductas-delictivas\/#breadcrumb\",\"itemListElement\":[{\"@type\":\"ListItem\",\"position\":1,\"name\":\"Portada\",\"item\":\"https:\/\/www.sonoraenequipo.com.mx\/\"},{\"@type\":\"ListItem\",\"position\":2,\"name\":\"Con el prop\u00f3sito de dar tranquilidad a la ciudadan\u00eda e inhibir conductas delictivas\"}]},{\"@type\":\"WebSite\",\"@id\":\"https:\/\/www.sonoraenequipo.com.mx\/#website\",\"url\":\"https:\/\/www.sonoraenequipo.com.mx\/\",\"name\":\"Sonora en Equipo.\",\"description\":\"Diario en l\u00ednea con Noticias desde Hermosillo, Sonora\",\"publisher\":{\"@id\":\"https:\/\/www.sonoraenequipo.com.mx\/#organization\"},\"potentialAction\":[{\"@type\":\"SearchAction\",\"target\":{\"@type\":\"EntryPoint\",\"urlTemplate\":\"https:\/\/www.sonoraenequipo.com.mx\/?s={search_term_string}\"},\"query-input\":{\"@type\":\"PropertyValueSpecification\",\"valueRequired\":true,\"valueName\":\"search_term_string\"}}],\"inLanguage\":\"es\"},{\"@type\":\"Organization\",\"@id\":\"https:\/\/www.sonoraenequipo.com.mx\/#organization\",\"name\":\"Sonoraenequipo.com.mx\",\"url\":\"https:\/\/www.sonoraenequipo.com.mx\/\",\"logo\":{\"@type\":\"ImageObject\",\"inLanguage\":\"es\",\"@id\":\"https:\/\/www.sonoraenequipo.com.mx\/#\/schema\/logo\/image\/\",\"url\":\"https:\/\/www.sonoraenequipo.com.mx\/storage\/2019\/01\/sonoraenequipo_opt.png\",\"contentUrl\":\"https:\/\/www.sonoraenequipo.com.mx\/storage\/2019\/01\/sonoraenequipo_opt.png\",\"width\":375,\"height\":125,\"caption\":\"Sonoraenequipo.com.mx\"},\"image\":{\"@id\":\"https:\/\/www.sonoraenequipo.com.mx\/#\/schema\/logo\/image\/\"},\"sameAs\":[\"https:\/\/www.facebook.com\/SonoraEE\/\",\"https:\/\/x.com\/sonoraenequipo\",\"https:\/\/www.youtube.com\/channel\/UC338nW-lPEYmJQs4ZABQ1SQ\"]},{\"@type\":\"Person\",\"@id\":\"https:\/\/www.sonoraenequipo.com.mx\/#\/schema\/person\/50102df0fb23a8fa9e8effad8fa81386\",\"name\":\"enequipo\",\"image\":{\"@type\":\"ImageObject\",\"inLanguage\":\"es\",\"@id\":\"https:\/\/www.sonoraenequipo.com.mx\/#\/schema\/person\/image\/\",\"url\":\"https:\/\/secure.gravatar.com\/avatar\/049821681b589dabc0bc20695993ccebb09f5b5d4d790cd9251b97faac7c652b?s=96&d=blank&r=g\",\"contentUrl\":\"https:\/\/secure.gravatar.com\/avatar\/049821681b589dabc0bc20695993ccebb09f5b5d4d790cd9251b97faac7c652b?s=96&d=blank&r=g\",\"caption\":\"enequipo\"},\"sameAs\":[\"https:\/\/www.facebook.com\/SonoraEE\"]}]}<\/script>\n ","yoast_head_json":{"title":"Sonora en Equipo. Con el prop\u00f3sito de dar tranquilidad a la ciudadan\u00eda e inhibir conductas delictivas Polic\u00edaca","description":"&nbsp; HERMOSILLO, SONORA, MX. \u2014 Jos\u00e9 \u00c1ngel Rom\u00e1n Rodr\u00edguez director de la Polic\u00eda Preventiva, dio a conocer que se implementar\u00e1 un operativo durante los En Sonora en Equipo publicamos toda la informaci\u00f3n de Sonora, M\u00e9xico y el Mundo de manera oportuna y busca que la libertad de expresi\u00f3n sea real. Visita nuestro medio informativo publicado desde Hermosillo, Sonora. %","robots":{"index":"index","follow":"follow","max-snippet":"max-snippet:-1","max-image-preview":"max-image-preview:large","max-video-preview":"max-video-preview:-1"},"canonical":"https:\/\/www.sonoraenequipo.com.mx\/con-el-proposito-de-dar-tranquilidad-a-la-ciudadania-e-inhibir-conductas-delictivas\/","og_locale":"es_ES","og_type":"article","og_title":"Sonora en Equipo. Con el prop\u00f3sito de dar tranquilidad a la ciudadan\u00eda e inhibir conductas delictivas Polic\u00edaca","og_description":"&nbsp; HERMOSILLO, SONORA, MX. \u2014 Jos\u00e9 \u00c1ngel Rom\u00e1n Rodr\u00edguez director de la Polic\u00eda Preventiva, dio a conocer que se implementar\u00e1 un operativo durante los En Sonora en Equipo publicamos toda la informaci\u00f3n de Sonora, M\u00e9xico y el Mundo de manera oportuna y busca que la libertad de expresi\u00f3n sea real. Visita nuestro medio informativo publicado desde Hermosillo, Sonora. %","og_url":"https:\/\/www.sonoraenequipo.com.mx\/con-el-proposito-de-dar-tranquilidad-a-la-ciudadania-e-inhibir-conductas-delictivas\/","og_site_name":"Sonora en Equipo.","article_publisher":"https:\/\/www.facebook.com\/SonoraEE\/","article_author":"https:\/\/www.facebook.com\/SonoraEE","article_published_time":"2024-10-27T19:03:13+00:00","og_image":[{"width":600,"height":400,"url":"https:\/\/www.sonoraenequipo.com.mx\/storage\/2024\/10\/roman-rodriguez.jpg","type":"image\/jpeg"}],"author":"enequipo","twitter_card":"summary_large_image","twitter_creator":"@sonoraenequipo","twitter_site":"@sonoraenequipo","twitter_misc":{"Escrito por":"enequipo","Tiempo de lectura":"1 minuto"},"schema":{"@context":"https:\/\/schema.org","@graph":[{"@type":"Article","@id":"https:\/\/www.sonoraenequipo.com.mx\/con-el-proposito-de-dar-tranquilidad-a-la-ciudadania-e-inhibir-conductas-delictivas\/#article","isPartOf":{"@id":"https:\/\/www.sonoraenequipo.com.mx\/con-el-proposito-de-dar-tranquilidad-a-la-ciudadania-e-inhibir-conductas-delictivas\/"},"author":{"name":"enequipo","@id":"https:\/\/www.sonoraenequipo.com.mx\/#\/schema\/person\/50102df0fb23a8fa9e8effad8fa81386"},"headline":"Con el prop\u00f3sito de dar tranquilidad a la ciudadan\u00eda e inhibir conductas delictivas","datePublished":"2024-10-27T19:03:13+00:00","mainEntityOfPage":{"@id":"https:\/\/www.sonoraenequipo.com.mx\/con-el-proposito-de-dar-tranquilidad-a-la-ciudadania-e-inhibir-conductas-delictivas\/"},"wordCount":288,"commentCount":0,"publisher":{"@id":"https:\/\/www.sonoraenequipo.com.mx\/#organization"},"image":{"@id":"https:\/\/www.sonoraenequipo.com.mx\/con-el-proposito-de-dar-tranquilidad-a-la-ciudadania-e-inhibir-conductas-delictivas\/#primaryimage"},"thumbnailUrl":"https:\/\/www.sonoraenequipo.com.mx\/storage\/2024\/10\/roman-rodriguez.jpg","keywords":["fiestas de halloween","hermosillo","vigilancia"],"articleSection":["Polic\u00edaca"],"inLanguage":"es","potentialAction":[{"@type":"CommentAction","name":"Comment","target":["https:\/\/www.sonoraenequipo.com.mx\/con-el-proposito-de-dar-tranquilidad-a-la-ciudadania-e-inhibir-conductas-delictivas\/#respond"]}]},{"@type":"WebPage","@id":"https:\/\/www.sonoraenequipo.com.mx\/con-el-proposito-de-dar-tranquilidad-a-la-ciudadania-e-inhibir-conductas-delictivas\/","url":"https:\/\/www.sonoraenequipo.com.mx\/con-el-proposito-de-dar-tranquilidad-a-la-ciudadania-e-inhibir-conductas-delictivas\/","name":"Sonora en Equipo. Con el prop\u00f3sito de dar tranquilidad a la ciudadan\u00eda e inhibir conductas delictivas Polic\u00edaca","isPartOf":{"@id":"https:\/\/www.sonoraenequipo.com.mx\/#website"},"primaryImageOfPage":{"@id":"https:\/\/www.sonoraenequipo.com.mx\/con-el-proposito-de-dar-tranquilidad-a-la-ciudadania-e-inhibir-conductas-delictivas\/#primaryimage"},"image":{"@id":"https:\/\/www.sonoraenequipo.com.mx\/con-el-proposito-de-dar-tranquilidad-a-la-ciudadania-e-inhibir-conductas-delictivas\/#primaryimage"},"thumbnailUrl":"https:\/\/www.sonoraenequipo.com.mx\/storage\/2024\/10\/roman-rodriguez.jpg","datePublished":"2024-10-27T19:03:13+00:00","description":"&nbsp; HERMOSILLO, SONORA, MX. \u2014 Jos\u00e9 \u00c1ngel Rom\u00e1n Rodr\u00edguez director de la Polic\u00eda Preventiva, dio a conocer que se implementar\u00e1 un operativo durante los En Sonora en Equipo publicamos toda la informaci\u00f3n de Sonora, M\u00e9xico y el Mundo de manera oportuna y busca que la libertad de expresi\u00f3n sea real. Visita nuestro medio informativo publicado desde Hermosillo, Sonora. %","breadcrumb":{"@id":"https:\/\/www.sonoraenequipo.com.mx\/con-el-proposito-de-dar-tranquilidad-a-la-ciudadania-e-inhibir-conductas-delictivas\/#breadcrumb"},"inLanguage":"es","potentialAction":[{"@type":"ReadAction","target":["https:\/\/www.sonoraenequipo.com.mx\/con-el-proposito-de-dar-tranquilidad-a-la-ciudadania-e-inhibir-conductas-delictivas\/"]}]},{"@type":"ImageObject","inLanguage":"es","@id":"https:\/\/www.sonoraenequipo.com.mx\/con-el-proposito-de-dar-tranquilidad-a-la-ciudadania-e-inhibir-conductas-delictivas\/#primaryimage","url":"https:\/\/www.sonoraenequipo.com.mx\/storage\/2024\/10\/roman-rodriguez.jpg","contentUrl":"https:\/\/www.sonoraenequipo.com.mx\/storage\/2024\/10\/roman-rodriguez.jpg","width":600,"height":400},{"@type":"BreadcrumbList","@id":"https:\/\/www.sonoraenequipo.com.mx\/con-el-proposito-de-dar-tranquilidad-a-la-ciudadania-e-inhibir-conductas-delictivas\/#breadcrumb","itemListElement":[{"@type":"ListItem","position":1,"name":"Portada","item":"https:\/\/www.sonoraenequipo.com.mx\/"},{"@type":"ListItem","position":2,"name":"Con el prop\u00f3sito de dar tranquilidad a la ciudadan\u00eda e inhibir conductas delictivas"}]},{"@type":"WebSite","@id":"https:\/\/www.sonoraenequipo.com.mx\/#website","url":"https:\/\/www.sonoraenequipo.com.mx\/","name":"Sonora en Equipo.","description":"Diario en l\u00ednea con Noticias desde Hermosillo, Sonora","publisher":{"@id":"https:\/\/www.sonoraenequipo.com.mx\/#organization"},"potentialAction":[{"@type":"SearchAction","target":{"@type":"EntryPoint","urlTemplate":"https:\/\/www.sonoraenequipo.com.mx\/?s={search_term_string}"},"query-input":{"@type":"PropertyValueSpecification","valueRequired":true,"valueName":"search_term_string"}}],"inLanguage":"es"},{"@type":"Organization","@id":"https:\/\/www.sonoraenequipo.com.mx\/#organization","name":"Sonoraenequipo.com.mx","url":"https:\/\/www.sonoraenequipo.com.mx\/","logo":{"@type":"ImageObject","inLanguage":"es","@id":"https:\/\/www.sonoraenequipo.com.mx\/#\/schema\/logo\/image\/","url":"https:\/\/www.sonoraenequipo.com.mx\/storage\/2019\/01\/sonoraenequipo_opt.png","contentUrl":"https:\/\/www.sonoraenequipo.com.mx\/storage\/2019\/01\/sonoraenequipo_opt.png","width":375,"height":125,"caption":"Sonoraenequipo.com.mx"},"image":{"@id":"https:\/\/www.sonoraenequipo.com.mx\/#\/schema\/logo\/image\/"},"sameAs":["https:\/\/www.facebook.com\/SonoraEE\/","https:\/\/x.com\/sonoraenequipo","https:\/\/www.youtube.com\/channel\/UC338nW-lPEYmJQs4ZABQ1SQ"]},{"@type":"Person","@id":"https:\/\/www.sonoraenequipo.com.mx\/#\/schema\/person\/50102df0fb23a8fa9e8effad8fa81386","name":"enequipo","image":{"@type":"ImageObject","inLanguage":"es","@id":"https:\/\/www.sonoraenequipo.com.mx\/#\/schema\/person\/image\/","url":"https:\/\/secure.gravatar.com\/avatar\/049821681b589dabc0bc20695993ccebb09f5b5d4d790cd9251b97faac7c652b?s=96&d=blank&r=g","contentUrl":"https:\/\/secure.gravatar.com\/avatar\/049821681b589dabc0bc20695993ccebb09f5b5d4d790cd9251b97faac7c652b?s=96&d=blank&r=g","caption":"enequipo"},"sameAs":["https:\/\/www.facebook.com\/SonoraEE"]}]}},"jetpack_featured_media_url":"https:\/\/www.sonoraenequipo.com.mx\/storage\/2024\/10\/roman-rodriguez.jpg","_links":{"self":[{"href":"https:\/\/www.sonoraenequipo.com.mx\/api\/wp\/v2\/posts\/202757","targetHints":{"allow":["GET"]}}],"collection":[{"href":"https:\/\/www.sonoraenequipo.com.mx\/api\/wp\/v2\/posts"}],"about":[{"href":"https:\/\/www.sonoraenequipo.com.mx\/api\/wp\/v2\/types\/post"}],"author":[{"embeddable":true,"href":"https:\/\/www.sonoraenequipo.com.mx\/api\/wp\/v2\/users\/1"}],"replies":[{"embeddable":true,"href":"https:\/\/www.sonoraenequipo.com.mx\/api\/wp\/v2\/comments?post=202757"}],"version-history":[{"count":1,"href":"https:\/\/www.sonoraenequipo.com.mx\/api\/wp\/v2\/posts\/202757\/revisions"}],"predecessor-version":[{"id":202759,"href":"https:\/\/www.sonoraenequipo.com.mx\/api\/wp\/v2\/posts\/202757\/revisions\/202759"}],"wp:featuredmedia":[{"embeddable":true,"href":"https:\/\/www.sonoraenequipo.com.mx\/api\/wp\/v2\/media\/202758"}],"wp:attachment":[{"href":"https:\/\/www.sonoraenequipo.com.mx\/api\/wp\/v2\/media?parent=202757"}],"wp:term":[{"taxonomy":"category","embeddable":true,"href":"https:\/\/www.sonoraenequipo.com.mx\/api\/wp\/v2\/categories?post=202757"},{"taxonomy":"post_tag","embeddable":true,"href":"https:\/\/www.sonoraenequipo.com.mx\/api\/wp\/v2\/tags?post=202757"}],"curies":[{"name":"wp","href":"https:\/\/api.w.org\/{rel}","templated":true}]}}