{"id":202760,"date":"2024-10-27T12:05:57","date_gmt":"2024-10-27T19:05:57","guid":{"rendered":"https:\/\/www.sonoraenequipo.com.mx\/?p=202760"},"modified":"2024-10-27T12:05:57","modified_gmt":"2024-10-27T19:05:57","slug":"el-papa-francisco-recordo-al-sacerdote-marcelo-perez-asesinado-en-chiapas-mexico","status":"publish","type":"post","link":"https:\/\/www.sonoraenequipo.com.mx\/el-papa-francisco-recordo-al-sacerdote-marcelo-perez-asesinado-en-chiapas-mexico\/","title":{"rendered":"El Papa Francisco record\u00f3 al sacerdote Marcelo P\u00e9rez, asesinado en Chiapas, M\u00e9xico"},"content":{"rendered":"<p>Al t\u00e9rmino del rezo del \u00c1ngelus de este domingo, el Papa Francisco mostr\u00f3 su cercan\u00eda \u201ca la querida Iglesia de San Crist\u00f3bal de las Casas, en el estado mexicano de Chiapas, que llora al sacerdote Marcelo P\u00e9rez P\u00e9rez, asesinado el pasado domingo \u201d.<\/p>\n<p>&nbsp;<\/p>\n<p>El Santo Padre se refiri\u00f3 al sacerdote como \u201cun fervoroso servidor del Evangelio y del Pueblo fiel de Dios\u201d. \u201cQue su sacrificio, como el de otros sacerdotes asesinados por fidelidad al ministerio, sean semillas de paz y vida cristiana\u201d, a\u00f1adi\u00f3 el Pont\u00edfice.<\/p>\n<p>&nbsp;<\/p>\n<p>El P. Marcelo fue asesinado por dos hombres que le dispararon despu\u00e9s de que celebrar Misa. Tras conocerse la noticia, fue recordado por su di\u00f3cesis como un \u201cincansable ap\u00f3stol de la paz\u201d.<\/p>\n<p>&nbsp;<\/p>\n<p>La Conferencia del Episcopado Mexicano (CEM), lament\u00f3 el \u201cbrutal asesinato\u201d, afirmando que este hecho \u201cno s\u00f3lo priva a la comunidad de un pastor dedicado, sino que tambi\u00e9n silencia una voz prof\u00e9tica que incansablemente luch\u00f3 por la paz con verdad y justicia en la regi\u00f3n de Chiapas\u201d.<\/p>\n<p>&nbsp;<\/p>\n<p>El Papa Francisco recuerda a sacerdote asesinado en M\u00e9xico: \u201cfervoroso servidor del Evangelio\u201d<\/p>\n<p>El Papa Francisco tambi\u00e9n dirigi\u00f3 un especial saludo a la confraternidad del Se\u00f1or de los milagros presente en Roma. \u201cLe agradezco por su testimonio y les animo a continuar en el camino de fe\u201d, dijo el Santo Padre.<\/p>\n<p>&nbsp;<\/p>\n<p>Desde primera hora de esta ma\u00f1ana, se inici\u00f3 la procesi\u00f3n desde el inicio de Via della Conciliazione de Roma, la larga avenida que desemboca en la Plaza de San Pedro, para conmemorar esta tradici\u00f3n que ha calado profundamente en el alma y cultura peruanas y que se celebra cada 28 de octubre.<\/p>\n<p>&nbsp;<\/p>\n<p>Desde la ventana del Palacio Apost\u00f3lico, el Pont\u00edfice tambi\u00e9n record\u00f3 que el S\u00ednodo de la Sinodalidad ha llegado a su fin e invit\u00f3 a rezar \u201cpara que todo lo que hemos hecho este mes, vaya adelante por el bien de la Iglesia\u201d.<\/p>\n<p>&nbsp;<\/p>\n<p>&nbsp;<\/p>\n<p>Asimismo, expres\u00f3 su cercan\u00eda a la poblaci\u00f3n de Filipinas, afectada por un \u201cfort\u00edsimo\u201d cicl\u00f3n. \u201cEl Se\u00f1or sostenga aquel pueblo, tan lleno de fe\u201d, pidi\u00f3 el Santo Padre.<\/p>\n<p>&nbsp;<\/p>\n<p>\u201cCuando te acercas a un pobre y te haces cercano, es Jes\u00fas quien se acerca\u201d<\/p>\n<p>En su reflexi\u00f3n sobre el Evangelio del d\u00eda, el Papa Francisco record\u00f3 que Jes\u00fas cura a un hombre de la ceguera, Bartimeo, un mendigo a quien Jes\u00fas le pregunta: \u201c\u00bfQu\u00e9 quieres que haga por ti?\u201d.<\/p>\n<p>&nbsp;<\/p>\n<p>&nbsp;<\/p>\n<p>Seg\u00fan explic\u00f3 el Papa Francisco, Jes\u00fas est\u00e1 preguntando a Bartimeo a qui\u00e9n busca realmente, \u201cy por qu\u00e9 raz\u00f3n\u201d.<\/p>\n<p>&nbsp;<\/p>\n<p>\u201c\u00bfQui\u00e9n es para ti el Hijo de David? Y as\u00ed, el Se\u00f1or comienza a abrir los ojos del ciego. Consideremos tres aspectos de este encuentro, que se convierte en di\u00e1logo: el grito, la fe, el camino\u201d.<\/p>\n<p>&nbsp;<\/p>\n<p>En cuanto al primer aspecto, el \u201cgrito\u201d, afirm\u00f3 que \u201cno es s\u00f3lo una s\u00faplica de ayuda. Es una afirmaci\u00f3n de s\u00ed mismo\u201d.<\/p>\n<p>&nbsp;<\/p>\n<p>\u201cS\u00ed, Jes\u00fas ve al mendigo y lo escucha, con los o\u00eddos del cuerpo y con los del coraz\u00f3n. Pensad en nosotros, cuando pasamos junto a alg\u00fan mendigo por la calle: cu\u00e1ntas veces miramos hacia otro lado, cu\u00e1ntas veces lo ignoramos, como si no existiera. \u00bfY escuchamos el grito de los mendigos?\u201d, pregunt\u00f3 a los fieles.<\/p>\n<p><strong>Fecha de publicaci\u00f3n domingo 27 de octubre de 2024 \/ ACI Prensa<\/strong><\/p>\n","protected":false},"excerpt":{"rendered":"<p>Al t\u00e9rmino del rezo del \u00c1ngelus de este domingo, el Papa Francisco mostr\u00f3 su cercan\u00eda&#8230;<\/p>\n","protected":false},"author":1,"featured_media":202761,"comment_status":"open","ping_status":"open","sticky":false,"template":"","format":"standard","meta":{"_monsterinsights_skip_tracking":false,"_monsterinsights_sitenote_active":false,"_monsterinsights_sitenote_note":"","_monsterinsights_sitenote_category":0,"footnotes":""},"categories":[3],"tags":[10446,10421,10445],"class_list":["post"],"yoast_head":" \n<title>Sonora en Equipo. El Papa Francisco record\u00f3 al sacerdote Marcelo P\u00e9rez, asesinado en Chiapas, M\u00e9xico MUNDO<\/title>\n<meta name=\"description\" content=\"Al t\u00e9rmino del rezo del \u00c1ngelus de este domingo, el Papa Francisco mostr\u00f3 su cercan\u00eda \u201ca la querida Iglesia de San Crist\u00f3bal de las Casas, en el estado En Sonora en Equipo publicamos toda la informaci\u00f3n de Sonora, M\u00e9xico y el Mundo de manera oportuna y busca que la libertad de expresi\u00f3n sea real. Visita nuestro medio informativo publicado desde Hermosillo, Sonora. %\" \/>\n<meta name=\"robots\" content=\"index, follow, max-snippet:-1, max-image-preview:large, max-video-preview:-1\" \/>\n<link rel=\"canonical\" href=\"https:\/\/www.sonoraenequipo.com.mx\/el-papa-francisco-recordo-al-sacerdote-marcelo-perez-asesinado-en-chiapas-mexico\/\" \/>\n<meta property=\"og:locale\" content=\"es_ES\" \/>\n<meta property=\"og:type\" content=\"article\" \/>\n<meta property=\"og:title\" content=\"Sonora en Equipo. El Papa Francisco record\u00f3 al sacerdote Marcelo P\u00e9rez, asesinado en Chiapas, M\u00e9xico MUNDO\" \/>\n<meta property=\"og:description\" content=\"Al t\u00e9rmino del rezo del \u00c1ngelus de este domingo, el Papa Francisco mostr\u00f3 su cercan\u00eda \u201ca la querida Iglesia de San Crist\u00f3bal de las Casas, en el estado En Sonora en Equipo publicamos toda la informaci\u00f3n de Sonora, M\u00e9xico y el Mundo de manera oportuna y busca que la libertad de expresi\u00f3n sea real. Visita nuestro medio informativo publicado desde Hermosillo, Sonora. %\" \/>\n<meta property=\"og:url\" content=\"https:\/\/www.sonoraenequipo.com.mx\/el-papa-francisco-recordo-al-sacerdote-marcelo-perez-asesinado-en-chiapas-mexico\/\" \/>\n<meta property=\"og:site_name\" content=\"Sonora en Equipo.\" \/>\n<meta property=\"article:publisher\" content=\"https:\/\/www.facebook.com\/SonoraEE\/\" \/>\n<meta property=\"article:author\" content=\"https:\/\/www.facebook.com\/SonoraEE\" \/>\n<meta property=\"article:published_time\" content=\"2024-10-27T19:05:57+00:00\" \/>\n<meta property=\"og:image\" content=\"https:\/\/www.sonoraenequipo.com.mx\/storage\/2024\/10\/papa-marcelo-perez.jpg\" \/>\n\t<meta property=\"og:image:width\" content=\"600\" \/>\n\t<meta property=\"og:image:height\" content=\"400\" \/>\n\t<meta property=\"og:image:type\" content=\"image\/jpeg\" \/>\n<meta name=\"author\" content=\"enequipo\" \/>\n<meta name=\"twitter:card\" content=\"summary_large_image\" \/>\n<meta name=\"twitter:creator\" content=\"@sonoraenequipo\" \/>\n<meta name=\"twitter:site\" content=\"@sonoraenequipo\" \/>\n<meta name=\"twitter:label1\" content=\"Escrito por\" \/>\n\t<meta name=\"twitter:data1\" content=\"enequipo\" \/>\n\t<meta name=\"twitter:label2\" content=\"Tiempo de lectura\" \/>\n\t<meta name=\"twitter:data2\" content=\"3 minutos\" \/>\n<script type=\"application\/ld+json\" class=\"yoast-schema-graph\">{\"@context\":\"https:\/\/schema.org\",\"@graph\":[{\"@type\":\"Article\",\"@id\":\"https:\/\/www.sonoraenequipo.com.mx\/el-papa-francisco-recordo-al-sacerdote-marcelo-perez-asesinado-en-chiapas-mexico\/#article\",\"isPartOf\":{\"@id\":\"https:\/\/www.sonoraenequipo.com.mx\/el-papa-francisco-recordo-al-sacerdote-marcelo-perez-asesinado-en-chiapas-mexico\/\"},\"author\":{\"name\":\"enequipo\",\"@id\":\"https:\/\/www.sonoraenequipo.com.mx\/#\/schema\/person\/50102df0fb23a8fa9e8effad8fa81386\"},\"headline\":\"El Papa Francisco record\u00f3 al sacerdote Marcelo P\u00e9rez, asesinado en Chiapas, M\u00e9xico\",\"datePublished\":\"2024-10-27T19:05:57+00:00\",\"mainEntityOfPage\":{\"@id\":\"https:\/\/www.sonoraenequipo.com.mx\/el-papa-francisco-recordo-al-sacerdote-marcelo-perez-asesinado-en-chiapas-mexico\/\"},\"wordCount\":602,\"commentCount\":0,\"publisher\":{\"@id\":\"https:\/\/www.sonoraenequipo.com.mx\/#organization\"},\"image\":{\"@id\":\"https:\/\/www.sonoraenequipo.com.mx\/el-papa-francisco-recordo-al-sacerdote-marcelo-perez-asesinado-en-chiapas-mexico\/#primaryimage\"},\"thumbnailUrl\":\"https:\/\/www.sonoraenequipo.com.mx\/storage\/2024\/10\/papa-marcelo-perez.jpg\",\"keywords\":[\"marcelo\",\"padre\",\"ppa\"],\"articleSection\":[\"MUNDO\"],\"inLanguage\":\"es\",\"potentialAction\":[{\"@type\":\"CommentAction\",\"name\":\"Comment\",\"target\":[\"https:\/\/www.sonoraenequipo.com.mx\/el-papa-francisco-recordo-al-sacerdote-marcelo-perez-asesinado-en-chiapas-mexico\/#respond\"]}]},{\"@type\":\"WebPage\",\"@id\":\"https:\/\/www.sonoraenequipo.com.mx\/el-papa-francisco-recordo-al-sacerdote-marcelo-perez-asesinado-en-chiapas-mexico\/\",\"url\":\"https:\/\/www.sonoraenequipo.com.mx\/el-papa-francisco-recordo-al-sacerdote-marcelo-perez-asesinado-en-chiapas-mexico\/\",\"name\":\"Sonora en Equipo. El Papa Francisco record\u00f3 al sacerdote Marcelo P\u00e9rez, asesinado en Chiapas, M\u00e9xico MUNDO\",\"isPartOf\":{\"@id\":\"https:\/\/www.sonoraenequipo.com.mx\/#website\"},\"primaryImageOfPage\":{\"@id\":\"https:\/\/www.sonoraenequipo.com.mx\/el-papa-francisco-recordo-al-sacerdote-marcelo-perez-asesinado-en-chiapas-mexico\/#primaryimage\"},\"image\":{\"@id\":\"https:\/\/www.sonoraenequipo.com.mx\/el-papa-francisco-recordo-al-sacerdote-marcelo-perez-asesinado-en-chiapas-mexico\/#primaryimage\"},\"thumbnailUrl\":\"https:\/\/www.sonoraenequipo.com.mx\/storage\/2024\/10\/papa-marcelo-perez.jpg\",\"datePublished\":\"2024-10-27T19:05:57+00:00\",\"description\":\"Al t\u00e9rmino del rezo del \u00c1ngelus de este domingo, el Papa Francisco mostr\u00f3 su cercan\u00eda \u201ca la querida Iglesia de San Crist\u00f3bal de las Casas, en el estado En Sonora en Equipo publicamos toda la informaci\u00f3n de Sonora, M\u00e9xico y el Mundo de manera oportuna y busca que la libertad de expresi\u00f3n sea real. Visita nuestro medio informativo publicado desde Hermosillo, Sonora. %\",\"breadcrumb\":{\"@id\":\"https:\/\/www.sonoraenequipo.com.mx\/el-papa-francisco-recordo-al-sacerdote-marcelo-perez-asesinado-en-chiapas-mexico\/#breadcrumb\"},\"inLanguage\":\"es\",\"potentialAction\":[{\"@type\":\"ReadAction\",\"target\":[\"https:\/\/www.sonoraenequipo.com.mx\/el-papa-francisco-recordo-al-sacerdote-marcelo-perez-asesinado-en-chiapas-mexico\/\"]}]},{\"@type\":\"ImageObject\",\"inLanguage\":\"es\",\"@id\":\"https:\/\/www.sonoraenequipo.com.mx\/el-papa-francisco-recordo-al-sacerdote-marcelo-perez-asesinado-en-chiapas-mexico\/#primaryimage\",\"url\":\"https:\/\/www.sonoraenequipo.com.mx\/storage\/2024\/10\/papa-marcelo-perez.jpg\",\"contentUrl\":\"https:\/\/www.sonoraenequipo.com.mx\/storage\/2024\/10\/papa-marcelo-perez.jpg\",\"width\":600,\"height\":400},{\"@type\":\"BreadcrumbList\",\"@id\":\"https:\/\/www.sonoraenequipo.com.mx\/el-papa-francisco-recordo-al-sacerdote-marcelo-perez-asesinado-en-chiapas-mexico\/#breadcrumb\",\"itemListElement\":[{\"@type\":\"ListItem\",\"position\":1,\"name\":\"Portada\",\"item\":\"https:\/\/www.sonoraenequipo.com.mx\/\"},{\"@type\":\"ListItem\",\"position\":2,\"name\":\"El Papa Francisco record\u00f3 al sacerdote Marcelo P\u00e9rez, asesinado en Chiapas, M\u00e9xico\"}]},{\"@type\":\"WebSite\",\"@id\":\"https:\/\/www.sonoraenequipo.com.mx\/#website\",\"url\":\"https:\/\/www.sonoraenequipo.com.mx\/\",\"name\":\"Sonora en Equipo.\",\"description\":\"Diario en l\u00ednea con Noticias desde Hermosillo, Sonora\",\"publisher\":{\"@id\":\"https:\/\/www.sonoraenequipo.com.mx\/#organization\"},\"potentialAction\":[{\"@type\":\"SearchAction\",\"target\":{\"@type\":\"EntryPoint\",\"urlTemplate\":\"https:\/\/www.sonoraenequipo.com.mx\/?s={search_term_string}\"},\"query-input\":{\"@type\":\"PropertyValueSpecification\",\"valueRequired\":true,\"valueName\":\"search_term_string\"}}],\"inLanguage\":\"es\"},{\"@type\":\"Organization\",\"@id\":\"https:\/\/www.sonoraenequipo.com.mx\/#organization\",\"name\":\"Sonoraenequipo.com.mx\",\"url\":\"https:\/\/www.sonoraenequipo.com.mx\/\",\"logo\":{\"@type\":\"ImageObject\",\"inLanguage\":\"es\",\"@id\":\"https:\/\/www.sonoraenequipo.com.mx\/#\/schema\/logo\/image\/\",\"url\":\"https:\/\/www.sonoraenequipo.com.mx\/storage\/2019\/01\/sonoraenequipo_opt.png\",\"contentUrl\":\"https:\/\/www.sonoraenequipo.com.mx\/storage\/2019\/01\/sonoraenequipo_opt.png\",\"width\":375,\"height\":125,\"caption\":\"Sonoraenequipo.com.mx\"},\"image\":{\"@id\":\"https:\/\/www.sonoraenequipo.com.mx\/#\/schema\/logo\/image\/\"},\"sameAs\":[\"https:\/\/www.facebook.com\/SonoraEE\/\",\"https:\/\/x.com\/sonoraenequipo\",\"https:\/\/www.youtube.com\/channel\/UC338nW-lPEYmJQs4ZABQ1SQ\"]},{\"@type\":\"Person\",\"@id\":\"https:\/\/www.sonoraenequipo.com.mx\/#\/schema\/person\/50102df0fb23a8fa9e8effad8fa81386\",\"name\":\"enequipo\",\"image\":{\"@type\":\"ImageObject\",\"inLanguage\":\"es\",\"@id\":\"https:\/\/www.sonoraenequipo.com.mx\/#\/schema\/person\/image\/\",\"url\":\"https:\/\/secure.gravatar.com\/avatar\/049821681b589dabc0bc20695993ccebb09f5b5d4d790cd9251b97faac7c652b?s=96&d=blank&r=g\",\"contentUrl\":\"https:\/\/secure.gravatar.com\/avatar\/049821681b589dabc0bc20695993ccebb09f5b5d4d790cd9251b97faac7c652b?s=96&d=blank&r=g\",\"caption\":\"enequipo\"},\"sameAs\":[\"https:\/\/www.facebook.com\/SonoraEE\"]}]}<\/script>\n ","yoast_head_json":{"title":"Sonora en Equipo. El Papa Francisco record\u00f3 al sacerdote Marcelo P\u00e9rez, asesinado en Chiapas, M\u00e9xico MUNDO","description":"Al t\u00e9rmino del rezo del \u00c1ngelus de este domingo, el Papa Francisco mostr\u00f3 su cercan\u00eda \u201ca la querida Iglesia de San Crist\u00f3bal de las Casas, en el estado En Sonora en Equipo publicamos toda la informaci\u00f3n de Sonora, M\u00e9xico y el Mundo de manera oportuna y busca que la libertad de expresi\u00f3n sea real. Visita nuestro medio informativo publicado desde Hermosillo, Sonora. %","robots":{"index":"index","follow":"follow","max-snippet":"max-snippet:-1","max-image-preview":"max-image-preview:large","max-video-preview":"max-video-preview:-1"},"canonical":"https:\/\/www.sonoraenequipo.com.mx\/el-papa-francisco-recordo-al-sacerdote-marcelo-perez-asesinado-en-chiapas-mexico\/","og_locale":"es_ES","og_type":"article","og_title":"Sonora en Equipo. El Papa Francisco record\u00f3 al sacerdote Marcelo P\u00e9rez, asesinado en Chiapas, M\u00e9xico MUNDO","og_description":"Al t\u00e9rmino del rezo del \u00c1ngelus de este domingo, el Papa Francisco mostr\u00f3 su cercan\u00eda \u201ca la querida Iglesia de San Crist\u00f3bal de las Casas, en el estado En Sonora en Equipo publicamos toda la informaci\u00f3n de Sonora, M\u00e9xico y el Mundo de manera oportuna y busca que la libertad de expresi\u00f3n sea real. Visita nuestro medio informativo publicado desde Hermosillo, Sonora. %","og_url":"https:\/\/www.sonoraenequipo.com.mx\/el-papa-francisco-recordo-al-sacerdote-marcelo-perez-asesinado-en-chiapas-mexico\/","og_site_name":"Sonora en Equipo.","article_publisher":"https:\/\/www.facebook.com\/SonoraEE\/","article_author":"https:\/\/www.facebook.com\/SonoraEE","article_published_time":"2024-10-27T19:05:57+00:00","og_image":[{"width":600,"height":400,"url":"https:\/\/www.sonoraenequipo.com.mx\/storage\/2024\/10\/papa-marcelo-perez.jpg","type":"image\/jpeg"}],"author":"enequipo","twitter_card":"summary_large_image","twitter_creator":"@sonoraenequipo","twitter_site":"@sonoraenequipo","twitter_misc":{"Escrito por":"enequipo","Tiempo de lectura":"3 minutos"},"schema":{"@context":"https:\/\/schema.org","@graph":[{"@type":"Article","@id":"https:\/\/www.sonoraenequipo.com.mx\/el-papa-francisco-recordo-al-sacerdote-marcelo-perez-asesinado-en-chiapas-mexico\/#article","isPartOf":{"@id":"https:\/\/www.sonoraenequipo.com.mx\/el-papa-francisco-recordo-al-sacerdote-marcelo-perez-asesinado-en-chiapas-mexico\/"},"author":{"name":"enequipo","@id":"https:\/\/www.sonoraenequipo.com.mx\/#\/schema\/person\/50102df0fb23a8fa9e8effad8fa81386"},"headline":"El Papa Francisco record\u00f3 al sacerdote Marcelo P\u00e9rez, asesinado en Chiapas, M\u00e9xico","datePublished":"2024-10-27T19:05:57+00:00","mainEntityOfPage":{"@id":"https:\/\/www.sonoraenequipo.com.mx\/el-papa-francisco-recordo-al-sacerdote-marcelo-perez-asesinado-en-chiapas-mexico\/"},"wordCount":602,"commentCount":0,"publisher":{"@id":"https:\/\/www.sonoraenequipo.com.mx\/#organization"},"image":{"@id":"https:\/\/www.sonoraenequipo.com.mx\/el-papa-francisco-recordo-al-sacerdote-marcelo-perez-asesinado-en-chiapas-mexico\/#primaryimage"},"thumbnailUrl":"https:\/\/www.sonoraenequipo.com.mx\/storage\/2024\/10\/papa-marcelo-perez.jpg","keywords":["marcelo","padre","ppa"],"articleSection":["MUNDO"],"inLanguage":"es","potentialAction":[{"@type":"CommentAction","name":"Comment","target":["https:\/\/www.sonoraenequipo.com.mx\/el-papa-francisco-recordo-al-sacerdote-marcelo-perez-asesinado-en-chiapas-mexico\/#respond"]}]},{"@type":"WebPage","@id":"https:\/\/www.sonoraenequipo.com.mx\/el-papa-francisco-recordo-al-sacerdote-marcelo-perez-asesinado-en-chiapas-mexico\/","url":"https:\/\/www.sonoraenequipo.com.mx\/el-papa-francisco-recordo-al-sacerdote-marcelo-perez-asesinado-en-chiapas-mexico\/","name":"Sonora en Equipo. El Papa Francisco record\u00f3 al sacerdote Marcelo P\u00e9rez, asesinado en Chiapas, M\u00e9xico MUNDO","isPartOf":{"@id":"https:\/\/www.sonoraenequipo.com.mx\/#website"},"primaryImageOfPage":{"@id":"https:\/\/www.sonoraenequipo.com.mx\/el-papa-francisco-recordo-al-sacerdote-marcelo-perez-asesinado-en-chiapas-mexico\/#primaryimage"},"image":{"@id":"https:\/\/www.sonoraenequipo.com.mx\/el-papa-francisco-recordo-al-sacerdote-marcelo-perez-asesinado-en-chiapas-mexico\/#primaryimage"},"thumbnailUrl":"https:\/\/www.sonoraenequipo.com.mx\/storage\/2024\/10\/papa-marcelo-perez.jpg","datePublished":"2024-10-27T19:05:57+00:00","description":"Al t\u00e9rmino del rezo del \u00c1ngelus de este domingo, el Papa Francisco mostr\u00f3 su cercan\u00eda \u201ca la querida Iglesia de San Crist\u00f3bal de las Casas, en el estado En Sonora en Equipo publicamos toda la informaci\u00f3n de Sonora, M\u00e9xico y el Mundo de manera oportuna y busca que la libertad de expresi\u00f3n sea real. Visita nuestro medio informativo publicado desde Hermosillo, Sonora. %","breadcrumb":{"@id":"https:\/\/www.sonoraenequipo.com.mx\/el-papa-francisco-recordo-al-sacerdote-marcelo-perez-asesinado-en-chiapas-mexico\/#breadcrumb"},"inLanguage":"es","potentialAction":[{"@type":"ReadAction","target":["https:\/\/www.sonoraenequipo.com.mx\/el-papa-francisco-recordo-al-sacerdote-marcelo-perez-asesinado-en-chiapas-mexico\/"]}]},{"@type":"ImageObject","inLanguage":"es","@id":"https:\/\/www.sonoraenequipo.com.mx\/el-papa-francisco-recordo-al-sacerdote-marcelo-perez-asesinado-en-chiapas-mexico\/#primaryimage","url":"https:\/\/www.sonoraenequipo.com.mx\/storage\/2024\/10\/papa-marcelo-perez.jpg","contentUrl":"https:\/\/www.sonoraenequipo.com.mx\/storage\/2024\/10\/papa-marcelo-perez.jpg","width":600,"height":400},{"@type":"BreadcrumbList","@id":"https:\/\/www.sonoraenequipo.com.mx\/el-papa-francisco-recordo-al-sacerdote-marcelo-perez-asesinado-en-chiapas-mexico\/#breadcrumb","itemListElement":[{"@type":"ListItem","position":1,"name":"Portada","item":"https:\/\/www.sonoraenequipo.com.mx\/"},{"@type":"ListItem","position":2,"name":"El Papa Francisco record\u00f3 al sacerdote Marcelo P\u00e9rez, asesinado en Chiapas, M\u00e9xico"}]},{"@type":"WebSite","@id":"https:\/\/www.sonoraenequipo.com.mx\/#website","url":"https:\/\/www.sonoraenequipo.com.mx\/","name":"Sonora en Equipo.","description":"Diario en l\u00ednea con Noticias desde Hermosillo, Sonora","publisher":{"@id":"https:\/\/www.sonoraenequipo.com.mx\/#organization"},"potentialAction":[{"@type":"SearchAction","target":{"@type":"EntryPoint","urlTemplate":"https:\/\/www.sonoraenequipo.com.mx\/?s={search_term_string}"},"query-input":{"@type":"PropertyValueSpecification","valueRequired":true,"valueName":"search_term_string"}}],"inLanguage":"es"},{"@type":"Organization","@id":"https:\/\/www.sonoraenequipo.com.mx\/#organization","name":"Sonoraenequipo.com.mx","url":"https:\/\/www.sonoraenequipo.com.mx\/","logo":{"@type":"ImageObject","inLanguage":"es","@id":"https:\/\/www.sonoraenequipo.com.mx\/#\/schema\/logo\/image\/","url":"https:\/\/www.sonoraenequipo.com.mx\/storage\/2019\/01\/sonoraenequipo_opt.png","contentUrl":"https:\/\/www.sonoraenequipo.com.mx\/storage\/2019\/01\/sonoraenequipo_opt.png","width":375,"height":125,"caption":"Sonoraenequipo.com.mx"},"image":{"@id":"https:\/\/www.sonoraenequipo.com.mx\/#\/schema\/logo\/image\/"},"sameAs":["https:\/\/www.facebook.com\/SonoraEE\/","https:\/\/x.com\/sonoraenequipo","https:\/\/www.youtube.com\/channel\/UC338nW-lPEYmJQs4ZABQ1SQ"]},{"@type":"Person","@id":"https:\/\/www.sonoraenequipo.com.mx\/#\/schema\/person\/50102df0fb23a8fa9e8effad8fa81386","name":"enequipo","image":{"@type":"ImageObject","inLanguage":"es","@id":"https:\/\/www.sonoraenequipo.com.mx\/#\/schema\/person\/image\/","url":"https:\/\/secure.gravatar.com\/avatar\/049821681b589dabc0bc20695993ccebb09f5b5d4d790cd9251b97faac7c652b?s=96&d=blank&r=g","contentUrl":"https:\/\/secure.gravatar.com\/avatar\/049821681b589dabc0bc20695993ccebb09f5b5d4d790cd9251b97faac7c652b?s=96&d=blank&r=g","caption":"enequipo"},"sameAs":["https:\/\/www.facebook.com\/SonoraEE"]}]}},"jetpack_featured_media_url":"https:\/\/www.sonoraenequipo.com.mx\/storage\/2024\/10\/papa-marcelo-perez.jpg","_links":{"self":[{"href":"https:\/\/www.sonoraenequipo.com.mx\/api\/wp\/v2\/posts\/202760","targetHints":{"allow":["GET"]}}],"collection":[{"href":"https:\/\/www.sonoraenequipo.com.mx\/api\/wp\/v2\/posts"}],"about":[{"href":"https:\/\/www.sonoraenequipo.com.mx\/api\/wp\/v2\/types\/post"}],"author":[{"embeddable":true,"href":"https:\/\/www.sonoraenequipo.com.mx\/api\/wp\/v2\/users\/1"}],"replies":[{"embeddable":true,"href":"https:\/\/www.sonoraenequipo.com.mx\/api\/wp\/v2\/comments?post=202760"}],"version-history":[{"count":1,"href":"https:\/\/www.sonoraenequipo.com.mx\/api\/wp\/v2\/posts\/202760\/revisions"}],"predecessor-version":[{"id":202762,"href":"https:\/\/www.sonoraenequipo.com.mx\/api\/wp\/v2\/posts\/202760\/revisions\/202762"}],"wp:featuredmedia":[{"embeddable":true,"href":"https:\/\/www.sonoraenequipo.com.mx\/api\/wp\/v2\/media\/202761"}],"wp:attachment":[{"href":"https:\/\/www.sonoraenequipo.com.mx\/api\/wp\/v2\/media?parent=202760"}],"wp:term":[{"taxonomy":"category","embeddable":true,"href":"https:\/\/www.sonoraenequipo.com.mx\/api\/wp\/v2\/categories?post=202760"},{"taxonomy":"post_tag","embeddable":true,"href":"https:\/\/www.sonoraenequipo.com.mx\/api\/wp\/v2\/tags?post=202760"}],"curies":[{"name":"wp","href":"https:\/\/api.w.org\/{rel}","templated":true}]}}