{"id":203829,"date":"2024-11-10T19:35:00","date_gmt":"2024-11-11T02:35:00","guid":{"rendered":"https:\/\/www.sonoraenequipo.com.mx\/?p=203829"},"modified":"2024-11-10T20:29:12","modified_gmt":"2024-11-11T03:29:12","slug":"con-exito-concluye-gobernador-durazo-segunda-edicion-del-festival-de-pueblos-magicos-del-golfo-de-california","status":"publish","type":"post","link":"https:\/\/www.sonoraenequipo.com.mx\/con-exito-concluye-gobernador-durazo-segunda-edicion-del-festival-de-pueblos-magicos-del-golfo-de-california\/","title":{"rendered":"Con \u00e9xito concluye Gobernador Durazo segunda edici\u00f3n del Festival de Pueblos M\u00e1gicos del Golfo de California"},"content":{"rendered":"<p><strong>URES, SONORA, MX.<\/strong><strong> \u0336 \u0336\u00a0 <\/strong>M\u00e1s de 14 mil asistentes de distintos municipios de Sonora y de otros estados del pa\u00eds participaron en la segunda edici\u00f3n del Festival de Pueblos M\u00e1gicos del Golfo de California, el cual se realiz\u00f3 por primera vez en Ures, Sonora, gracias a las gestiones del gobernador Alfonso Durazo Monta\u00f1o, con el prop\u00f3sito de promover la belleza, cultura y gastronom\u00eda de la entidad y de las diferentes regiones del pa\u00eds.<\/p>\n<p>En el marco de la clausura del Festival, que se llev\u00f3 a cabo del 6 al 9 de noviembre, y en representaci\u00f3n del gobernador Durazo, el secretario de Turismo, Roberto Gradillas Pineda, reconoci\u00f3 la participaci\u00f3n de los asistentes de Baja California, Sinaloa, Nayarit y Sonora, estados que conforman el Golfo de California.<\/p>\n<p>Durante los tres d\u00edas del Festival, el Gobierno de Sonora promovi\u00f3 los principales destinos tur\u00edsticos del estado en el evento m\u00e1s importante de la industria del turismo, como resultado de esta gran alianza en el Golfo de California.<\/p>\n<p>En estos d\u00edas de convivencia en Ures, se pudo disfrutar de conferencias en el Teatro Jes\u00fas \u201cChoby\u201d Ochoa, as\u00ed como de platillos t\u00edpicos y m\u00fasica popular en la plaza del Pueblo M\u00e1gico.<\/p>\n<p>En el \u00faltimo d\u00eda del Festival, se presentaron las atracciones m\u00e1s distintivas de los cuatro Pueblos M\u00e1gicos de Sonora: Ures, a cargo de Andrea Cajigas Heredia, Jorge Luis Guti\u00e9rrez y Delia Mar\u00eda Pi\u00f1a Aguirre; Magdalena de Kino, con la participaci\u00f3n del alcalde Francisco Arturo Duarte Valdez; San Carlos, representado por Fernanda V\u00e1squez, directora de Desarrollo Econ\u00f3mico y Tur\u00edstico de Guaymas; y \u00c1lamos, con Mar\u00eda Jos\u00e9 Barriga, directora de Turismo municipal.<\/p>\n<p><strong>Fecha de publicaci\u00f3n domingo 10 \u00a0de noviembre de 2024 \/ <\/strong><\/p>\n","protected":false},"excerpt":{"rendered":"<p>URES, SONORA, MX. \u0336 \u0336\u00a0 M\u00e1s de 14 mil asistentes de distintos municipios de Sonora&#8230;<\/p>\n","protected":false},"author":1,"featured_media":203836,"comment_status":"open","ping_status":"open","sticky":false,"template":"","format":"standard","meta":{"_monsterinsights_skip_tracking":false,"_monsterinsights_sitenote_active":false,"_monsterinsights_sitenote_note":"","_monsterinsights_sitenote_category":0,"footnotes":""},"categories":[22],"tags":[7654,7153],"class_list":["post"],"yoast_head":" \n<title>Sonora en Equipo. Con \u00e9xito concluye Gobernador Durazo segunda edici\u00f3n del Festival de Pueblos M\u00e1gicos del Golfo de California Sonora<\/title>\n<meta name=\"description\" content=\"URES, SONORA, MX. \u0336 \u0336\u00a0 M\u00e1s de 14 mil asistentes de distintos municipios de Sonora y de otros estados del pa\u00eds participaron en la segunda edici\u00f3n del En Sonora en Equipo publicamos toda la informaci\u00f3n de Sonora, M\u00e9xico y el Mundo de manera oportuna y busca que la libertad de expresi\u00f3n sea real. Visita nuestro medio informativo publicado desde Hermosillo, Sonora. %\" \/>\n<meta name=\"robots\" content=\"index, follow, max-snippet:-1, max-image-preview:large, max-video-preview:-1\" \/>\n<link rel=\"canonical\" href=\"https:\/\/www.sonoraenequipo.com.mx\/con-exito-concluye-gobernador-durazo-segunda-edicion-del-festival-de-pueblos-magicos-del-golfo-de-california\/\" \/>\n<meta property=\"og:locale\" content=\"es_ES\" \/>\n<meta property=\"og:type\" content=\"article\" \/>\n<meta property=\"og:title\" content=\"Sonora en Equipo. Con \u00e9xito concluye Gobernador Durazo segunda edici\u00f3n del Festival de Pueblos M\u00e1gicos del Golfo de California Sonora\" \/>\n<meta property=\"og:description\" content=\"URES, SONORA, MX. \u0336 \u0336\u00a0 M\u00e1s de 14 mil asistentes de distintos municipios de Sonora y de otros estados del pa\u00eds participaron en la segunda edici\u00f3n del En Sonora en Equipo publicamos toda la informaci\u00f3n de Sonora, M\u00e9xico y el Mundo de manera oportuna y busca que la libertad de expresi\u00f3n sea real. Visita nuestro medio informativo publicado desde Hermosillo, Sonora. %\" \/>\n<meta property=\"og:url\" content=\"https:\/\/www.sonoraenequipo.com.mx\/con-exito-concluye-gobernador-durazo-segunda-edicion-del-festival-de-pueblos-magicos-del-golfo-de-california\/\" \/>\n<meta property=\"og:site_name\" content=\"Sonora en Equipo.\" \/>\n<meta property=\"article:publisher\" content=\"https:\/\/www.facebook.com\/SonoraEE\/\" \/>\n<meta property=\"article:author\" content=\"https:\/\/www.facebook.com\/SonoraEE\" \/>\n<meta property=\"article:published_time\" content=\"2024-11-11T02:35:00+00:00\" \/>\n<meta property=\"article:modified_time\" content=\"2024-11-11T03:29:12+00:00\" \/>\n<meta property=\"og:image\" content=\"https:\/\/www.sonoraenequipo.com.mx\/storage\/2024\/11\/pueblos-magicos.jpg\" \/>\n\t<meta property=\"og:image:width\" content=\"600\" \/>\n\t<meta property=\"og:image:height\" content=\"400\" \/>\n\t<meta property=\"og:image:type\" content=\"image\/jpeg\" \/>\n<meta name=\"author\" content=\"enequipo\" \/>\n<meta name=\"twitter:card\" content=\"summary_large_image\" \/>\n<meta name=\"twitter:creator\" content=\"@sonoraenequipo\" \/>\n<meta name=\"twitter:site\" content=\"@sonoraenequipo\" \/>\n<meta name=\"twitter:label1\" content=\"Escrito por\" \/>\n\t<meta name=\"twitter:data1\" content=\"enequipo\" \/>\n\t<meta name=\"twitter:label2\" content=\"Tiempo de lectura\" \/>\n\t<meta name=\"twitter:data2\" content=\"1 minuto\" \/>\n<script type=\"application\/ld+json\" class=\"yoast-schema-graph\">{\"@context\":\"https:\/\/schema.org\",\"@graph\":[{\"@type\":\"Article\",\"@id\":\"https:\/\/www.sonoraenequipo.com.mx\/con-exito-concluye-gobernador-durazo-segunda-edicion-del-festival-de-pueblos-magicos-del-golfo-de-california\/#article\",\"isPartOf\":{\"@id\":\"https:\/\/www.sonoraenequipo.com.mx\/con-exito-concluye-gobernador-durazo-segunda-edicion-del-festival-de-pueblos-magicos-del-golfo-de-california\/\"},\"author\":{\"name\":\"enequipo\",\"@id\":\"https:\/\/www.sonoraenequipo.com.mx\/#\/schema\/person\/50102df0fb23a8fa9e8effad8fa81386\"},\"headline\":\"Con \u00e9xito concluye Gobernador Durazo segunda edici\u00f3n del Festival de Pueblos M\u00e1gicos del Golfo de California\",\"datePublished\":\"2024-11-11T02:35:00+00:00\",\"dateModified\":\"2024-11-11T03:29:12+00:00\",\"mainEntityOfPage\":{\"@id\":\"https:\/\/www.sonoraenequipo.com.mx\/con-exito-concluye-gobernador-durazo-segunda-edicion-del-festival-de-pueblos-magicos-del-golfo-de-california\/\"},\"wordCount\":316,\"commentCount\":0,\"publisher\":{\"@id\":\"https:\/\/www.sonoraenequipo.com.mx\/#organization\"},\"image\":{\"@id\":\"https:\/\/www.sonoraenequipo.com.mx\/con-exito-concluye-gobernador-durazo-segunda-edicion-del-festival-de-pueblos-magicos-del-golfo-de-california\/#primaryimage\"},\"thumbnailUrl\":\"https:\/\/www.sonoraenequipo.com.mx\/storage\/2024\/11\/pueblos-magicos.jpg\",\"keywords\":[\"magicos\",\"pueblos\"],\"articleSection\":[\"Sonora\"],\"inLanguage\":\"es\",\"potentialAction\":[{\"@type\":\"CommentAction\",\"name\":\"Comment\",\"target\":[\"https:\/\/www.sonoraenequipo.com.mx\/con-exito-concluye-gobernador-durazo-segunda-edicion-del-festival-de-pueblos-magicos-del-golfo-de-california\/#respond\"]}]},{\"@type\":\"WebPage\",\"@id\":\"https:\/\/www.sonoraenequipo.com.mx\/con-exito-concluye-gobernador-durazo-segunda-edicion-del-festival-de-pueblos-magicos-del-golfo-de-california\/\",\"url\":\"https:\/\/www.sonoraenequipo.com.mx\/con-exito-concluye-gobernador-durazo-segunda-edicion-del-festival-de-pueblos-magicos-del-golfo-de-california\/\",\"name\":\"Sonora en Equipo. Con \u00e9xito concluye Gobernador Durazo segunda edici\u00f3n del Festival de Pueblos M\u00e1gicos del Golfo de California Sonora\",\"isPartOf\":{\"@id\":\"https:\/\/www.sonoraenequipo.com.mx\/#website\"},\"primaryImageOfPage\":{\"@id\":\"https:\/\/www.sonoraenequipo.com.mx\/con-exito-concluye-gobernador-durazo-segunda-edicion-del-festival-de-pueblos-magicos-del-golfo-de-california\/#primaryimage\"},\"image\":{\"@id\":\"https:\/\/www.sonoraenequipo.com.mx\/con-exito-concluye-gobernador-durazo-segunda-edicion-del-festival-de-pueblos-magicos-del-golfo-de-california\/#primaryimage\"},\"thumbnailUrl\":\"https:\/\/www.sonoraenequipo.com.mx\/storage\/2024\/11\/pueblos-magicos.jpg\",\"datePublished\":\"2024-11-11T02:35:00+00:00\",\"dateModified\":\"2024-11-11T03:29:12+00:00\",\"description\":\"URES, SONORA, MX. \u0336 \u0336\u00a0 M\u00e1s de 14 mil asistentes de distintos municipios de Sonora y de otros estados del pa\u00eds participaron en la segunda edici\u00f3n del En Sonora en Equipo publicamos toda la informaci\u00f3n de Sonora, M\u00e9xico y el Mundo de manera oportuna y busca que la libertad de expresi\u00f3n sea real. Visita nuestro medio informativo publicado desde Hermosillo, Sonora. %\",\"breadcrumb\":{\"@id\":\"https:\/\/www.sonoraenequipo.com.mx\/con-exito-concluye-gobernador-durazo-segunda-edicion-del-festival-de-pueblos-magicos-del-golfo-de-california\/#breadcrumb\"},\"inLanguage\":\"es\",\"potentialAction\":[{\"@type\":\"ReadAction\",\"target\":[\"https:\/\/www.sonoraenequipo.com.mx\/con-exito-concluye-gobernador-durazo-segunda-edicion-del-festival-de-pueblos-magicos-del-golfo-de-california\/\"]}]},{\"@type\":\"ImageObject\",\"inLanguage\":\"es\",\"@id\":\"https:\/\/www.sonoraenequipo.com.mx\/con-exito-concluye-gobernador-durazo-segunda-edicion-del-festival-de-pueblos-magicos-del-golfo-de-california\/#primaryimage\",\"url\":\"https:\/\/www.sonoraenequipo.com.mx\/storage\/2024\/11\/pueblos-magicos.jpg\",\"contentUrl\":\"https:\/\/www.sonoraenequipo.com.mx\/storage\/2024\/11\/pueblos-magicos.jpg\",\"width\":600,\"height\":400},{\"@type\":\"BreadcrumbList\",\"@id\":\"https:\/\/www.sonoraenequipo.com.mx\/con-exito-concluye-gobernador-durazo-segunda-edicion-del-festival-de-pueblos-magicos-del-golfo-de-california\/#breadcrumb\",\"itemListElement\":[{\"@type\":\"ListItem\",\"position\":1,\"name\":\"Portada\",\"item\":\"https:\/\/www.sonoraenequipo.com.mx\/\"},{\"@type\":\"ListItem\",\"position\":2,\"name\":\"Con \u00e9xito concluye Gobernador Durazo segunda edici\u00f3n del Festival de Pueblos M\u00e1gicos del Golfo de California\"}]},{\"@type\":\"WebSite\",\"@id\":\"https:\/\/www.sonoraenequipo.com.mx\/#website\",\"url\":\"https:\/\/www.sonoraenequipo.com.mx\/\",\"name\":\"Sonora en Equipo.\",\"description\":\"Diario en l\u00ednea con Noticias desde Hermosillo, Sonora\",\"publisher\":{\"@id\":\"https:\/\/www.sonoraenequipo.com.mx\/#organization\"},\"potentialAction\":[{\"@type\":\"SearchAction\",\"target\":{\"@type\":\"EntryPoint\",\"urlTemplate\":\"https:\/\/www.sonoraenequipo.com.mx\/?s={search_term_string}\"},\"query-input\":{\"@type\":\"PropertyValueSpecification\",\"valueRequired\":true,\"valueName\":\"search_term_string\"}}],\"inLanguage\":\"es\"},{\"@type\":\"Organization\",\"@id\":\"https:\/\/www.sonoraenequipo.com.mx\/#organization\",\"name\":\"Sonoraenequipo.com.mx\",\"url\":\"https:\/\/www.sonoraenequipo.com.mx\/\",\"logo\":{\"@type\":\"ImageObject\",\"inLanguage\":\"es\",\"@id\":\"https:\/\/www.sonoraenequipo.com.mx\/#\/schema\/logo\/image\/\",\"url\":\"https:\/\/www.sonoraenequipo.com.mx\/storage\/2019\/01\/sonoraenequipo_opt.png\",\"contentUrl\":\"https:\/\/www.sonoraenequipo.com.mx\/storage\/2019\/01\/sonoraenequipo_opt.png\",\"width\":375,\"height\":125,\"caption\":\"Sonoraenequipo.com.mx\"},\"image\":{\"@id\":\"https:\/\/www.sonoraenequipo.com.mx\/#\/schema\/logo\/image\/\"},\"sameAs\":[\"https:\/\/www.facebook.com\/SonoraEE\/\",\"https:\/\/x.com\/sonoraenequipo\",\"https:\/\/www.youtube.com\/channel\/UC338nW-lPEYmJQs4ZABQ1SQ\"]},{\"@type\":\"Person\",\"@id\":\"https:\/\/www.sonoraenequipo.com.mx\/#\/schema\/person\/50102df0fb23a8fa9e8effad8fa81386\",\"name\":\"enequipo\",\"image\":{\"@type\":\"ImageObject\",\"inLanguage\":\"es\",\"@id\":\"https:\/\/www.sonoraenequipo.com.mx\/#\/schema\/person\/image\/\",\"url\":\"https:\/\/secure.gravatar.com\/avatar\/049821681b589dabc0bc20695993ccebb09f5b5d4d790cd9251b97faac7c652b?s=96&d=blank&r=g\",\"contentUrl\":\"https:\/\/secure.gravatar.com\/avatar\/049821681b589dabc0bc20695993ccebb09f5b5d4d790cd9251b97faac7c652b?s=96&d=blank&r=g\",\"caption\":\"enequipo\"},\"sameAs\":[\"https:\/\/www.facebook.com\/SonoraEE\"]}]}<\/script>\n ","yoast_head_json":{"title":"Sonora en Equipo. Con \u00e9xito concluye Gobernador Durazo segunda edici\u00f3n del Festival de Pueblos M\u00e1gicos del Golfo de California Sonora","description":"URES, SONORA, MX. \u0336 \u0336\u00a0 M\u00e1s de 14 mil asistentes de distintos municipios de Sonora y de otros estados del pa\u00eds participaron en la segunda edici\u00f3n del En Sonora en Equipo publicamos toda la informaci\u00f3n de Sonora, M\u00e9xico y el Mundo de manera oportuna y busca que la libertad de expresi\u00f3n sea real. Visita nuestro medio informativo publicado desde Hermosillo, Sonora. %","robots":{"index":"index","follow":"follow","max-snippet":"max-snippet:-1","max-image-preview":"max-image-preview:large","max-video-preview":"max-video-preview:-1"},"canonical":"https:\/\/www.sonoraenequipo.com.mx\/con-exito-concluye-gobernador-durazo-segunda-edicion-del-festival-de-pueblos-magicos-del-golfo-de-california\/","og_locale":"es_ES","og_type":"article","og_title":"Sonora en Equipo. Con \u00e9xito concluye Gobernador Durazo segunda edici\u00f3n del Festival de Pueblos M\u00e1gicos del Golfo de California Sonora","og_description":"URES, SONORA, MX. \u0336 \u0336\u00a0 M\u00e1s de 14 mil asistentes de distintos municipios de Sonora y de otros estados del pa\u00eds participaron en la segunda edici\u00f3n del En Sonora en Equipo publicamos toda la informaci\u00f3n de Sonora, M\u00e9xico y el Mundo de manera oportuna y busca que la libertad de expresi\u00f3n sea real. Visita nuestro medio informativo publicado desde Hermosillo, Sonora. %","og_url":"https:\/\/www.sonoraenequipo.com.mx\/con-exito-concluye-gobernador-durazo-segunda-edicion-del-festival-de-pueblos-magicos-del-golfo-de-california\/","og_site_name":"Sonora en Equipo.","article_publisher":"https:\/\/www.facebook.com\/SonoraEE\/","article_author":"https:\/\/www.facebook.com\/SonoraEE","article_published_time":"2024-11-11T02:35:00+00:00","article_modified_time":"2024-11-11T03:29:12+00:00","og_image":[{"width":600,"height":400,"url":"https:\/\/www.sonoraenequipo.com.mx\/storage\/2024\/11\/pueblos-magicos.jpg","type":"image\/jpeg"}],"author":"enequipo","twitter_card":"summary_large_image","twitter_creator":"@sonoraenequipo","twitter_site":"@sonoraenequipo","twitter_misc":{"Escrito por":"enequipo","Tiempo de lectura":"1 minuto"},"schema":{"@context":"https:\/\/schema.org","@graph":[{"@type":"Article","@id":"https:\/\/www.sonoraenequipo.com.mx\/con-exito-concluye-gobernador-durazo-segunda-edicion-del-festival-de-pueblos-magicos-del-golfo-de-california\/#article","isPartOf":{"@id":"https:\/\/www.sonoraenequipo.com.mx\/con-exito-concluye-gobernador-durazo-segunda-edicion-del-festival-de-pueblos-magicos-del-golfo-de-california\/"},"author":{"name":"enequipo","@id":"https:\/\/www.sonoraenequipo.com.mx\/#\/schema\/person\/50102df0fb23a8fa9e8effad8fa81386"},"headline":"Con \u00e9xito concluye Gobernador Durazo segunda edici\u00f3n del Festival de Pueblos M\u00e1gicos del Golfo de California","datePublished":"2024-11-11T02:35:00+00:00","dateModified":"2024-11-11T03:29:12+00:00","mainEntityOfPage":{"@id":"https:\/\/www.sonoraenequipo.com.mx\/con-exito-concluye-gobernador-durazo-segunda-edicion-del-festival-de-pueblos-magicos-del-golfo-de-california\/"},"wordCount":316,"commentCount":0,"publisher":{"@id":"https:\/\/www.sonoraenequipo.com.mx\/#organization"},"image":{"@id":"https:\/\/www.sonoraenequipo.com.mx\/con-exito-concluye-gobernador-durazo-segunda-edicion-del-festival-de-pueblos-magicos-del-golfo-de-california\/#primaryimage"},"thumbnailUrl":"https:\/\/www.sonoraenequipo.com.mx\/storage\/2024\/11\/pueblos-magicos.jpg","keywords":["magicos","pueblos"],"articleSection":["Sonora"],"inLanguage":"es","potentialAction":[{"@type":"CommentAction","name":"Comment","target":["https:\/\/www.sonoraenequipo.com.mx\/con-exito-concluye-gobernador-durazo-segunda-edicion-del-festival-de-pueblos-magicos-del-golfo-de-california\/#respond"]}]},{"@type":"WebPage","@id":"https:\/\/www.sonoraenequipo.com.mx\/con-exito-concluye-gobernador-durazo-segunda-edicion-del-festival-de-pueblos-magicos-del-golfo-de-california\/","url":"https:\/\/www.sonoraenequipo.com.mx\/con-exito-concluye-gobernador-durazo-segunda-edicion-del-festival-de-pueblos-magicos-del-golfo-de-california\/","name":"Sonora en Equipo. Con \u00e9xito concluye Gobernador Durazo segunda edici\u00f3n del Festival de Pueblos M\u00e1gicos del Golfo de California Sonora","isPartOf":{"@id":"https:\/\/www.sonoraenequipo.com.mx\/#website"},"primaryImageOfPage":{"@id":"https:\/\/www.sonoraenequipo.com.mx\/con-exito-concluye-gobernador-durazo-segunda-edicion-del-festival-de-pueblos-magicos-del-golfo-de-california\/#primaryimage"},"image":{"@id":"https:\/\/www.sonoraenequipo.com.mx\/con-exito-concluye-gobernador-durazo-segunda-edicion-del-festival-de-pueblos-magicos-del-golfo-de-california\/#primaryimage"},"thumbnailUrl":"https:\/\/www.sonoraenequipo.com.mx\/storage\/2024\/11\/pueblos-magicos.jpg","datePublished":"2024-11-11T02:35:00+00:00","dateModified":"2024-11-11T03:29:12+00:00","description":"URES, SONORA, MX. \u0336 \u0336\u00a0 M\u00e1s de 14 mil asistentes de distintos municipios de Sonora y de otros estados del pa\u00eds participaron en la segunda edici\u00f3n del En Sonora en Equipo publicamos toda la informaci\u00f3n de Sonora, M\u00e9xico y el Mundo de manera oportuna y busca que la libertad de expresi\u00f3n sea real. Visita nuestro medio informativo publicado desde Hermosillo, Sonora. %","breadcrumb":{"@id":"https:\/\/www.sonoraenequipo.com.mx\/con-exito-concluye-gobernador-durazo-segunda-edicion-del-festival-de-pueblos-magicos-del-golfo-de-california\/#breadcrumb"},"inLanguage":"es","potentialAction":[{"@type":"ReadAction","target":["https:\/\/www.sonoraenequipo.com.mx\/con-exito-concluye-gobernador-durazo-segunda-edicion-del-festival-de-pueblos-magicos-del-golfo-de-california\/"]}]},{"@type":"ImageObject","inLanguage":"es","@id":"https:\/\/www.sonoraenequipo.com.mx\/con-exito-concluye-gobernador-durazo-segunda-edicion-del-festival-de-pueblos-magicos-del-golfo-de-california\/#primaryimage","url":"https:\/\/www.sonoraenequipo.com.mx\/storage\/2024\/11\/pueblos-magicos.jpg","contentUrl":"https:\/\/www.sonoraenequipo.com.mx\/storage\/2024\/11\/pueblos-magicos.jpg","width":600,"height":400},{"@type":"BreadcrumbList","@id":"https:\/\/www.sonoraenequipo.com.mx\/con-exito-concluye-gobernador-durazo-segunda-edicion-del-festival-de-pueblos-magicos-del-golfo-de-california\/#breadcrumb","itemListElement":[{"@type":"ListItem","position":1,"name":"Portada","item":"https:\/\/www.sonoraenequipo.com.mx\/"},{"@type":"ListItem","position":2,"name":"Con \u00e9xito concluye Gobernador Durazo segunda edici\u00f3n del Festival de Pueblos M\u00e1gicos del Golfo de California"}]},{"@type":"WebSite","@id":"https:\/\/www.sonoraenequipo.com.mx\/#website","url":"https:\/\/www.sonoraenequipo.com.mx\/","name":"Sonora en Equipo.","description":"Diario en l\u00ednea con Noticias desde Hermosillo, Sonora","publisher":{"@id":"https:\/\/www.sonoraenequipo.com.mx\/#organization"},"potentialAction":[{"@type":"SearchAction","target":{"@type":"EntryPoint","urlTemplate":"https:\/\/www.sonoraenequipo.com.mx\/?s={search_term_string}"},"query-input":{"@type":"PropertyValueSpecification","valueRequired":true,"valueName":"search_term_string"}}],"inLanguage":"es"},{"@type":"Organization","@id":"https:\/\/www.sonoraenequipo.com.mx\/#organization","name":"Sonoraenequipo.com.mx","url":"https:\/\/www.sonoraenequipo.com.mx\/","logo":{"@type":"ImageObject","inLanguage":"es","@id":"https:\/\/www.sonoraenequipo.com.mx\/#\/schema\/logo\/image\/","url":"https:\/\/www.sonoraenequipo.com.mx\/storage\/2019\/01\/sonoraenequipo_opt.png","contentUrl":"https:\/\/www.sonoraenequipo.com.mx\/storage\/2019\/01\/sonoraenequipo_opt.png","width":375,"height":125,"caption":"Sonoraenequipo.com.mx"},"image":{"@id":"https:\/\/www.sonoraenequipo.com.mx\/#\/schema\/logo\/image\/"},"sameAs":["https:\/\/www.facebook.com\/SonoraEE\/","https:\/\/x.com\/sonoraenequipo","https:\/\/www.youtube.com\/channel\/UC338nW-lPEYmJQs4ZABQ1SQ"]},{"@type":"Person","@id":"https:\/\/www.sonoraenequipo.com.mx\/#\/schema\/person\/50102df0fb23a8fa9e8effad8fa81386","name":"enequipo","image":{"@type":"ImageObject","inLanguage":"es","@id":"https:\/\/www.sonoraenequipo.com.mx\/#\/schema\/person\/image\/","url":"https:\/\/secure.gravatar.com\/avatar\/049821681b589dabc0bc20695993ccebb09f5b5d4d790cd9251b97faac7c652b?s=96&d=blank&r=g","contentUrl":"https:\/\/secure.gravatar.com\/avatar\/049821681b589dabc0bc20695993ccebb09f5b5d4d790cd9251b97faac7c652b?s=96&d=blank&r=g","caption":"enequipo"},"sameAs":["https:\/\/www.facebook.com\/SonoraEE"]}]}},"jetpack_featured_media_url":"https:\/\/www.sonoraenequipo.com.mx\/storage\/2024\/11\/pueblos-magicos.jpg","_links":{"self":[{"href":"https:\/\/www.sonoraenequipo.com.mx\/api\/wp\/v2\/posts\/203829","targetHints":{"allow":["GET"]}}],"collection":[{"href":"https:\/\/www.sonoraenequipo.com.mx\/api\/wp\/v2\/posts"}],"about":[{"href":"https:\/\/www.sonoraenequipo.com.mx\/api\/wp\/v2\/types\/post"}],"author":[{"embeddable":true,"href":"https:\/\/www.sonoraenequipo.com.mx\/api\/wp\/v2\/users\/1"}],"replies":[{"embeddable":true,"href":"https:\/\/www.sonoraenequipo.com.mx\/api\/wp\/v2\/comments?post=203829"}],"version-history":[{"count":2,"href":"https:\/\/www.sonoraenequipo.com.mx\/api\/wp\/v2\/posts\/203829\/revisions"}],"predecessor-version":[{"id":203852,"href":"https:\/\/www.sonoraenequipo.com.mx\/api\/wp\/v2\/posts\/203829\/revisions\/203852"}],"wp:featuredmedia":[{"embeddable":true,"href":"https:\/\/www.sonoraenequipo.com.mx\/api\/wp\/v2\/media\/203836"}],"wp:attachment":[{"href":"https:\/\/www.sonoraenequipo.com.mx\/api\/wp\/v2\/media?parent=203829"}],"wp:term":[{"taxonomy":"category","embeddable":true,"href":"https:\/\/www.sonoraenequipo.com.mx\/api\/wp\/v2\/categories?post=203829"},{"taxonomy":"post_tag","embeddable":true,"href":"https:\/\/www.sonoraenequipo.com.mx\/api\/wp\/v2\/tags?post=203829"}],"curies":[{"name":"wp","href":"https:\/\/api.w.org\/{rel}","templated":true}]}}