{"id":203873,"date":"2024-11-11T08:06:51","date_gmt":"2024-11-11T15:06:51","guid":{"rendered":"https:\/\/www.sonoraenequipo.com.mx\/?p=203873"},"modified":"2024-11-11T11:33:35","modified_gmt":"2024-11-11T18:33:35","slug":"congela-infonavit-mensualidades-y-saldo-a-2-millones-de-creditos","status":"publish","type":"post","link":"https:\/\/www.sonoraenequipo.com.mx\/congela-infonavit-mensualidades-y-saldo-a-2-millones-de-creditos\/","title":{"rendered":"Congela Infonavit mensualidades y saldo a 2 millones de cr\u00e9ditos"},"content":{"rendered":"<p><strong>CIUDAD DE M\u00c9XICO. MX. \u2014\u00a0<\/strong> El Instituto del Fondo Nacional de la Vivienda para los Trabajadores (Infonavit) ha anunciado una medida significativa que beneficiar\u00e1 a millones de familias mexicanas. A partir del 11 de noviembre de 2024, se congelar\u00e1n los saldos y mensualidades de 2 millones de cr\u00e9ditos hipotecarios otorgados antes de 2013 bajo el esquema de Veces Salario M\u00ednimo (VSM). Esta acci\u00f3n busca aliviar la carga financiera de los derechohabientes que, a pesar de cumplir con sus pagos, ve\u00edan c\u00f3mo sus deudas aumentaban cada a\u00f1o debido a este esquema.<\/p>\n<p>&nbsp;<\/p>\n<p>&nbsp;<\/p>\n<p> <br \/>\nDurante la conferencia matutina \u00abLa Ma\u00f1anera del Pueblo\u00bb, el director general del Infonavit, Octavio Romero Oropeza, explic\u00f3 que de los 2 millones de cr\u00e9ditos beneficiados, 500 mil recibir\u00e1n autom\u00e1ticamente beneficios adicionales como la disminuci\u00f3n de la tasa de inter\u00e9s y mensualidades, o en algunos casos, descuentos en los saldos. Los restantes 1.5 millones de derechohabientes deber\u00e1n acudir a los Centros de Servicios de Informaci\u00f3n del Infonavit para conocer los beneficios espec\u00edficos a los que pueden acceder.<\/p>\n<p>&nbsp;<\/p>\n<p>&nbsp;<\/p>\n<p>&nbsp;<\/p>\n<p>Esta medida forma parte del Plan Nacional de Vivienda para el Bienestar, que tiene como objetivo hacer m\u00e1s accesibles los cr\u00e9ditos hipotecarios y apoyar a las familias mexicanas en la obtenci\u00f3n de una vivienda propia. El congelamiento de saldos y mensualidades representa un paso importante para corregir las injusticias del pasado y ofrecer a los derechohabientes una oportunidad real de saldar sus deudas y mantener sus hogares.<\/p>\n<p>&nbsp;<\/p>\n<p>&nbsp;<\/p>\n<p>El anuncio ha sido recibido con optimismo por parte de los beneficiarios, quienes ahora podr\u00e1n consultar en la p\u00e1gina web del Infonavit los detalles de los beneficios adicionales que recibir\u00e1n. Esta iniciativa no solo alivia la carga financiera de millones de familias, sino que tambi\u00e9n refuerza el compromiso del gobierno mexicano con el bienestar y la justicia social.<\/p>\n<p>&nbsp;<\/p>\n<p>&nbsp;<\/p>\n<p>&nbsp;<\/p>\n<p>PUBLICADO EL 11 DE NOVIEMBRE DE 2024 Con informaci\u00f3n de Conferencia matutina presidencial CSP 1111.2024)<\/p>\n","protected":false},"excerpt":{"rendered":"<p>CIUDAD DE M\u00c9XICO. MX. \u2014\u00a0 El Instituto del Fondo Nacional de la Vivienda para los&#8230;<\/p>\n","protected":false},"author":1,"featured_media":203874,"comment_status":"open","ping_status":"open","sticky":false,"template":"","format":"standard","meta":{"_monsterinsights_skip_tracking":false,"_monsterinsights_sitenote_active":false,"_monsterinsights_sitenote_note":"","_monsterinsights_sitenote_category":0,"footnotes":""},"categories":[5],"tags":[],"class_list":["post"],"yoast_head":" \n<title>Sonora en Equipo. Congela Infonavit mensualidades y saldo a 2 millones de cr\u00e9ditos Rep\u00fablica<\/title>\n<meta name=\"description\" content=\"CIUDAD DE M\u00c9XICO. MX. \u2014\u00a0 El Instituto del Fondo Nacional de la Vivienda para los Trabajadores (Infonavit) ha anunciado una medida significativa que En Sonora en Equipo publicamos toda la informaci\u00f3n de Sonora, M\u00e9xico y el Mundo de manera oportuna y busca que la libertad de expresi\u00f3n sea real. Visita nuestro medio informativo publicado desde Hermosillo, Sonora. %\" \/>\n<meta name=\"robots\" content=\"index, follow, max-snippet:-1, max-image-preview:large, max-video-preview:-1\" \/>\n<link rel=\"canonical\" href=\"https:\/\/www.sonoraenequipo.com.mx\/congela-infonavit-mensualidades-y-saldo-a-2-millones-de-creditos\/\" \/>\n<meta property=\"og:locale\" content=\"es_ES\" \/>\n<meta property=\"og:type\" content=\"article\" \/>\n<meta property=\"og:title\" content=\"Sonora en Equipo. Congela Infonavit mensualidades y saldo a 2 millones de cr\u00e9ditos Rep\u00fablica\" \/>\n<meta property=\"og:description\" content=\"CIUDAD DE M\u00c9XICO. MX. \u2014\u00a0 El Instituto del Fondo Nacional de la Vivienda para los Trabajadores (Infonavit) ha anunciado una medida significativa que En Sonora en Equipo publicamos toda la informaci\u00f3n de Sonora, M\u00e9xico y el Mundo de manera oportuna y busca que la libertad de expresi\u00f3n sea real. Visita nuestro medio informativo publicado desde Hermosillo, Sonora. %\" \/>\n<meta property=\"og:url\" content=\"https:\/\/www.sonoraenequipo.com.mx\/congela-infonavit-mensualidades-y-saldo-a-2-millones-de-creditos\/\" \/>\n<meta property=\"og:site_name\" content=\"Sonora en Equipo.\" \/>\n<meta property=\"article:publisher\" content=\"https:\/\/www.facebook.com\/SonoraEE\/\" \/>\n<meta property=\"article:author\" content=\"https:\/\/www.facebook.com\/SonoraEE\" \/>\n<meta property=\"article:published_time\" content=\"2024-11-11T15:06:51+00:00\" \/>\n<meta property=\"article:modified_time\" content=\"2024-11-11T18:33:35+00:00\" \/>\n<meta property=\"og:image\" content=\"https:\/\/www.sonoraenequipo.com.mx\/storage\/2024\/11\/congelan-creditos-a-deudores-de-infonavit-min.jpg\" \/>\n\t<meta property=\"og:image:width\" content=\"884\" \/>\n\t<meta property=\"og:image:height\" content=\"492\" \/>\n\t<meta property=\"og:image:type\" content=\"image\/jpeg\" \/>\n<meta name=\"author\" content=\"enequipo\" \/>\n<meta name=\"twitter:card\" content=\"summary_large_image\" \/>\n<meta name=\"twitter:creator\" content=\"@sonoraenequipo\" \/>\n<meta name=\"twitter:site\" content=\"@sonoraenequipo\" \/>\n<meta name=\"twitter:label1\" content=\"Escrito por\" \/>\n\t<meta name=\"twitter:data1\" content=\"enequipo\" \/>\n\t<meta name=\"twitter:label2\" content=\"Tiempo de lectura\" \/>\n\t<meta name=\"twitter:data2\" content=\"2 minutos\" \/>\n<script type=\"application\/ld+json\" class=\"yoast-schema-graph\">{\"@context\":\"https:\/\/schema.org\",\"@graph\":[{\"@type\":\"Article\",\"@id\":\"https:\/\/www.sonoraenequipo.com.mx\/congela-infonavit-mensualidades-y-saldo-a-2-millones-de-creditos\/#article\",\"isPartOf\":{\"@id\":\"https:\/\/www.sonoraenequipo.com.mx\/congela-infonavit-mensualidades-y-saldo-a-2-millones-de-creditos\/\"},\"author\":{\"name\":\"enequipo\",\"@id\":\"https:\/\/www.sonoraenequipo.com.mx\/#\/schema\/person\/50102df0fb23a8fa9e8effad8fa81386\"},\"headline\":\"Congela Infonavit mensualidades y saldo a 2 millones de cr\u00e9ditos\",\"datePublished\":\"2024-11-11T15:06:51+00:00\",\"dateModified\":\"2024-11-11T18:33:35+00:00\",\"mainEntityOfPage\":{\"@id\":\"https:\/\/www.sonoraenequipo.com.mx\/congela-infonavit-mensualidades-y-saldo-a-2-millones-de-creditos\/\"},\"wordCount\":340,\"commentCount\":0,\"publisher\":{\"@id\":\"https:\/\/www.sonoraenequipo.com.mx\/#organization\"},\"image\":{\"@id\":\"https:\/\/www.sonoraenequipo.com.mx\/congela-infonavit-mensualidades-y-saldo-a-2-millones-de-creditos\/#primaryimage\"},\"thumbnailUrl\":\"https:\/\/www.sonoraenequipo.com.mx\/storage\/2024\/11\/congelan-creditos-a-deudores-de-infonavit-min.jpg\",\"articleSection\":[\"Rep\u00fablica\"],\"inLanguage\":\"es\",\"potentialAction\":[{\"@type\":\"CommentAction\",\"name\":\"Comment\",\"target\":[\"https:\/\/www.sonoraenequipo.com.mx\/congela-infonavit-mensualidades-y-saldo-a-2-millones-de-creditos\/#respond\"]}]},{\"@type\":\"WebPage\",\"@id\":\"https:\/\/www.sonoraenequipo.com.mx\/congela-infonavit-mensualidades-y-saldo-a-2-millones-de-creditos\/\",\"url\":\"https:\/\/www.sonoraenequipo.com.mx\/congela-infonavit-mensualidades-y-saldo-a-2-millones-de-creditos\/\",\"name\":\"Sonora en Equipo. Congela Infonavit mensualidades y saldo a 2 millones de cr\u00e9ditos Rep\u00fablica\",\"isPartOf\":{\"@id\":\"https:\/\/www.sonoraenequipo.com.mx\/#website\"},\"primaryImageOfPage\":{\"@id\":\"https:\/\/www.sonoraenequipo.com.mx\/congela-infonavit-mensualidades-y-saldo-a-2-millones-de-creditos\/#primaryimage\"},\"image\":{\"@id\":\"https:\/\/www.sonoraenequipo.com.mx\/congela-infonavit-mensualidades-y-saldo-a-2-millones-de-creditos\/#primaryimage\"},\"thumbnailUrl\":\"https:\/\/www.sonoraenequipo.com.mx\/storage\/2024\/11\/congelan-creditos-a-deudores-de-infonavit-min.jpg\",\"datePublished\":\"2024-11-11T15:06:51+00:00\",\"dateModified\":\"2024-11-11T18:33:35+00:00\",\"description\":\"CIUDAD DE M\u00c9XICO. MX. \u2014\u00a0 El Instituto del Fondo Nacional de la Vivienda para los Trabajadores (Infonavit) ha anunciado una medida significativa que En Sonora en Equipo publicamos toda la informaci\u00f3n de Sonora, M\u00e9xico y el Mundo de manera oportuna y busca que la libertad de expresi\u00f3n sea real. Visita nuestro medio informativo publicado desde Hermosillo, Sonora. %\",\"breadcrumb\":{\"@id\":\"https:\/\/www.sonoraenequipo.com.mx\/congela-infonavit-mensualidades-y-saldo-a-2-millones-de-creditos\/#breadcrumb\"},\"inLanguage\":\"es\",\"potentialAction\":[{\"@type\":\"ReadAction\",\"target\":[\"https:\/\/www.sonoraenequipo.com.mx\/congela-infonavit-mensualidades-y-saldo-a-2-millones-de-creditos\/\"]}]},{\"@type\":\"ImageObject\",\"inLanguage\":\"es\",\"@id\":\"https:\/\/www.sonoraenequipo.com.mx\/congela-infonavit-mensualidades-y-saldo-a-2-millones-de-creditos\/#primaryimage\",\"url\":\"https:\/\/www.sonoraenequipo.com.mx\/storage\/2024\/11\/congelan-creditos-a-deudores-de-infonavit-min.jpg\",\"contentUrl\":\"https:\/\/www.sonoraenequipo.com.mx\/storage\/2024\/11\/congelan-creditos-a-deudores-de-infonavit-min.jpg\",\"width\":884,\"height\":492},{\"@type\":\"BreadcrumbList\",\"@id\":\"https:\/\/www.sonoraenequipo.com.mx\/congela-infonavit-mensualidades-y-saldo-a-2-millones-de-creditos\/#breadcrumb\",\"itemListElement\":[{\"@type\":\"ListItem\",\"position\":1,\"name\":\"Portada\",\"item\":\"https:\/\/www.sonoraenequipo.com.mx\/\"},{\"@type\":\"ListItem\",\"position\":2,\"name\":\"Congela Infonavit mensualidades y saldo a 2 millones de cr\u00e9ditos\"}]},{\"@type\":\"WebSite\",\"@id\":\"https:\/\/www.sonoraenequipo.com.mx\/#website\",\"url\":\"https:\/\/www.sonoraenequipo.com.mx\/\",\"name\":\"Sonora en Equipo.\",\"description\":\"Diario en l\u00ednea con Noticias desde Hermosillo, Sonora\",\"publisher\":{\"@id\":\"https:\/\/www.sonoraenequipo.com.mx\/#organization\"},\"potentialAction\":[{\"@type\":\"SearchAction\",\"target\":{\"@type\":\"EntryPoint\",\"urlTemplate\":\"https:\/\/www.sonoraenequipo.com.mx\/?s={search_term_string}\"},\"query-input\":{\"@type\":\"PropertyValueSpecification\",\"valueRequired\":true,\"valueName\":\"search_term_string\"}}],\"inLanguage\":\"es\"},{\"@type\":\"Organization\",\"@id\":\"https:\/\/www.sonoraenequipo.com.mx\/#organization\",\"name\":\"Sonoraenequipo.com.mx\",\"url\":\"https:\/\/www.sonoraenequipo.com.mx\/\",\"logo\":{\"@type\":\"ImageObject\",\"inLanguage\":\"es\",\"@id\":\"https:\/\/www.sonoraenequipo.com.mx\/#\/schema\/logo\/image\/\",\"url\":\"https:\/\/www.sonoraenequipo.com.mx\/storage\/2019\/01\/sonoraenequipo_opt.png\",\"contentUrl\":\"https:\/\/www.sonoraenequipo.com.mx\/storage\/2019\/01\/sonoraenequipo_opt.png\",\"width\":375,\"height\":125,\"caption\":\"Sonoraenequipo.com.mx\"},\"image\":{\"@id\":\"https:\/\/www.sonoraenequipo.com.mx\/#\/schema\/logo\/image\/\"},\"sameAs\":[\"https:\/\/www.facebook.com\/SonoraEE\/\",\"https:\/\/x.com\/sonoraenequipo\",\"https:\/\/www.youtube.com\/channel\/UC338nW-lPEYmJQs4ZABQ1SQ\"]},{\"@type\":\"Person\",\"@id\":\"https:\/\/www.sonoraenequipo.com.mx\/#\/schema\/person\/50102df0fb23a8fa9e8effad8fa81386\",\"name\":\"enequipo\",\"image\":{\"@type\":\"ImageObject\",\"inLanguage\":\"es\",\"@id\":\"https:\/\/www.sonoraenequipo.com.mx\/#\/schema\/person\/image\/\",\"url\":\"https:\/\/secure.gravatar.com\/avatar\/049821681b589dabc0bc20695993ccebb09f5b5d4d790cd9251b97faac7c652b?s=96&d=blank&r=g\",\"contentUrl\":\"https:\/\/secure.gravatar.com\/avatar\/049821681b589dabc0bc20695993ccebb09f5b5d4d790cd9251b97faac7c652b?s=96&d=blank&r=g\",\"caption\":\"enequipo\"},\"sameAs\":[\"https:\/\/www.facebook.com\/SonoraEE\"]}]}<\/script>\n ","yoast_head_json":{"title":"Sonora en Equipo. Congela Infonavit mensualidades y saldo a 2 millones de cr\u00e9ditos Rep\u00fablica","description":"CIUDAD DE M\u00c9XICO. MX. \u2014\u00a0 El Instituto del Fondo Nacional de la Vivienda para los Trabajadores (Infonavit) ha anunciado una medida significativa que En Sonora en Equipo publicamos toda la informaci\u00f3n de Sonora, M\u00e9xico y el Mundo de manera oportuna y busca que la libertad de expresi\u00f3n sea real. Visita nuestro medio informativo publicado desde Hermosillo, Sonora. %","robots":{"index":"index","follow":"follow","max-snippet":"max-snippet:-1","max-image-preview":"max-image-preview:large","max-video-preview":"max-video-preview:-1"},"canonical":"https:\/\/www.sonoraenequipo.com.mx\/congela-infonavit-mensualidades-y-saldo-a-2-millones-de-creditos\/","og_locale":"es_ES","og_type":"article","og_title":"Sonora en Equipo. Congela Infonavit mensualidades y saldo a 2 millones de cr\u00e9ditos Rep\u00fablica","og_description":"CIUDAD DE M\u00c9XICO. MX. \u2014\u00a0 El Instituto del Fondo Nacional de la Vivienda para los Trabajadores (Infonavit) ha anunciado una medida significativa que En Sonora en Equipo publicamos toda la informaci\u00f3n de Sonora, M\u00e9xico y el Mundo de manera oportuna y busca que la libertad de expresi\u00f3n sea real. Visita nuestro medio informativo publicado desde Hermosillo, Sonora. %","og_url":"https:\/\/www.sonoraenequipo.com.mx\/congela-infonavit-mensualidades-y-saldo-a-2-millones-de-creditos\/","og_site_name":"Sonora en Equipo.","article_publisher":"https:\/\/www.facebook.com\/SonoraEE\/","article_author":"https:\/\/www.facebook.com\/SonoraEE","article_published_time":"2024-11-11T15:06:51+00:00","article_modified_time":"2024-11-11T18:33:35+00:00","og_image":[{"width":884,"height":492,"url":"https:\/\/www.sonoraenequipo.com.mx\/storage\/2024\/11\/congelan-creditos-a-deudores-de-infonavit-min.jpg","type":"image\/jpeg"}],"author":"enequipo","twitter_card":"summary_large_image","twitter_creator":"@sonoraenequipo","twitter_site":"@sonoraenequipo","twitter_misc":{"Escrito por":"enequipo","Tiempo de lectura":"2 minutos"},"schema":{"@context":"https:\/\/schema.org","@graph":[{"@type":"Article","@id":"https:\/\/www.sonoraenequipo.com.mx\/congela-infonavit-mensualidades-y-saldo-a-2-millones-de-creditos\/#article","isPartOf":{"@id":"https:\/\/www.sonoraenequipo.com.mx\/congela-infonavit-mensualidades-y-saldo-a-2-millones-de-creditos\/"},"author":{"name":"enequipo","@id":"https:\/\/www.sonoraenequipo.com.mx\/#\/schema\/person\/50102df0fb23a8fa9e8effad8fa81386"},"headline":"Congela Infonavit mensualidades y saldo a 2 millones de cr\u00e9ditos","datePublished":"2024-11-11T15:06:51+00:00","dateModified":"2024-11-11T18:33:35+00:00","mainEntityOfPage":{"@id":"https:\/\/www.sonoraenequipo.com.mx\/congela-infonavit-mensualidades-y-saldo-a-2-millones-de-creditos\/"},"wordCount":340,"commentCount":0,"publisher":{"@id":"https:\/\/www.sonoraenequipo.com.mx\/#organization"},"image":{"@id":"https:\/\/www.sonoraenequipo.com.mx\/congela-infonavit-mensualidades-y-saldo-a-2-millones-de-creditos\/#primaryimage"},"thumbnailUrl":"https:\/\/www.sonoraenequipo.com.mx\/storage\/2024\/11\/congelan-creditos-a-deudores-de-infonavit-min.jpg","articleSection":["Rep\u00fablica"],"inLanguage":"es","potentialAction":[{"@type":"CommentAction","name":"Comment","target":["https:\/\/www.sonoraenequipo.com.mx\/congela-infonavit-mensualidades-y-saldo-a-2-millones-de-creditos\/#respond"]}]},{"@type":"WebPage","@id":"https:\/\/www.sonoraenequipo.com.mx\/congela-infonavit-mensualidades-y-saldo-a-2-millones-de-creditos\/","url":"https:\/\/www.sonoraenequipo.com.mx\/congela-infonavit-mensualidades-y-saldo-a-2-millones-de-creditos\/","name":"Sonora en Equipo. Congela Infonavit mensualidades y saldo a 2 millones de cr\u00e9ditos Rep\u00fablica","isPartOf":{"@id":"https:\/\/www.sonoraenequipo.com.mx\/#website"},"primaryImageOfPage":{"@id":"https:\/\/www.sonoraenequipo.com.mx\/congela-infonavit-mensualidades-y-saldo-a-2-millones-de-creditos\/#primaryimage"},"image":{"@id":"https:\/\/www.sonoraenequipo.com.mx\/congela-infonavit-mensualidades-y-saldo-a-2-millones-de-creditos\/#primaryimage"},"thumbnailUrl":"https:\/\/www.sonoraenequipo.com.mx\/storage\/2024\/11\/congelan-creditos-a-deudores-de-infonavit-min.jpg","datePublished":"2024-11-11T15:06:51+00:00","dateModified":"2024-11-11T18:33:35+00:00","description":"CIUDAD DE M\u00c9XICO. MX. \u2014\u00a0 El Instituto del Fondo Nacional de la Vivienda para los Trabajadores (Infonavit) ha anunciado una medida significativa que En Sonora en Equipo publicamos toda la informaci\u00f3n de Sonora, M\u00e9xico y el Mundo de manera oportuna y busca que la libertad de expresi\u00f3n sea real. Visita nuestro medio informativo publicado desde Hermosillo, Sonora. %","breadcrumb":{"@id":"https:\/\/www.sonoraenequipo.com.mx\/congela-infonavit-mensualidades-y-saldo-a-2-millones-de-creditos\/#breadcrumb"},"inLanguage":"es","potentialAction":[{"@type":"ReadAction","target":["https:\/\/www.sonoraenequipo.com.mx\/congela-infonavit-mensualidades-y-saldo-a-2-millones-de-creditos\/"]}]},{"@type":"ImageObject","inLanguage":"es","@id":"https:\/\/www.sonoraenequipo.com.mx\/congela-infonavit-mensualidades-y-saldo-a-2-millones-de-creditos\/#primaryimage","url":"https:\/\/www.sonoraenequipo.com.mx\/storage\/2024\/11\/congelan-creditos-a-deudores-de-infonavit-min.jpg","contentUrl":"https:\/\/www.sonoraenequipo.com.mx\/storage\/2024\/11\/congelan-creditos-a-deudores-de-infonavit-min.jpg","width":884,"height":492},{"@type":"BreadcrumbList","@id":"https:\/\/www.sonoraenequipo.com.mx\/congela-infonavit-mensualidades-y-saldo-a-2-millones-de-creditos\/#breadcrumb","itemListElement":[{"@type":"ListItem","position":1,"name":"Portada","item":"https:\/\/www.sonoraenequipo.com.mx\/"},{"@type":"ListItem","position":2,"name":"Congela Infonavit mensualidades y saldo a 2 millones de cr\u00e9ditos"}]},{"@type":"WebSite","@id":"https:\/\/www.sonoraenequipo.com.mx\/#website","url":"https:\/\/www.sonoraenequipo.com.mx\/","name":"Sonora en Equipo.","description":"Diario en l\u00ednea con Noticias desde Hermosillo, Sonora","publisher":{"@id":"https:\/\/www.sonoraenequipo.com.mx\/#organization"},"potentialAction":[{"@type":"SearchAction","target":{"@type":"EntryPoint","urlTemplate":"https:\/\/www.sonoraenequipo.com.mx\/?s={search_term_string}"},"query-input":{"@type":"PropertyValueSpecification","valueRequired":true,"valueName":"search_term_string"}}],"inLanguage":"es"},{"@type":"Organization","@id":"https:\/\/www.sonoraenequipo.com.mx\/#organization","name":"Sonoraenequipo.com.mx","url":"https:\/\/www.sonoraenequipo.com.mx\/","logo":{"@type":"ImageObject","inLanguage":"es","@id":"https:\/\/www.sonoraenequipo.com.mx\/#\/schema\/logo\/image\/","url":"https:\/\/www.sonoraenequipo.com.mx\/storage\/2019\/01\/sonoraenequipo_opt.png","contentUrl":"https:\/\/www.sonoraenequipo.com.mx\/storage\/2019\/01\/sonoraenequipo_opt.png","width":375,"height":125,"caption":"Sonoraenequipo.com.mx"},"image":{"@id":"https:\/\/www.sonoraenequipo.com.mx\/#\/schema\/logo\/image\/"},"sameAs":["https:\/\/www.facebook.com\/SonoraEE\/","https:\/\/x.com\/sonoraenequipo","https:\/\/www.youtube.com\/channel\/UC338nW-lPEYmJQs4ZABQ1SQ"]},{"@type":"Person","@id":"https:\/\/www.sonoraenequipo.com.mx\/#\/schema\/person\/50102df0fb23a8fa9e8effad8fa81386","name":"enequipo","image":{"@type":"ImageObject","inLanguage":"es","@id":"https:\/\/www.sonoraenequipo.com.mx\/#\/schema\/person\/image\/","url":"https:\/\/secure.gravatar.com\/avatar\/049821681b589dabc0bc20695993ccebb09f5b5d4d790cd9251b97faac7c652b?s=96&d=blank&r=g","contentUrl":"https:\/\/secure.gravatar.com\/avatar\/049821681b589dabc0bc20695993ccebb09f5b5d4d790cd9251b97faac7c652b?s=96&d=blank&r=g","caption":"enequipo"},"sameAs":["https:\/\/www.facebook.com\/SonoraEE"]}]}},"jetpack_featured_media_url":"https:\/\/www.sonoraenequipo.com.mx\/storage\/2024\/11\/congelan-creditos-a-deudores-de-infonavit-min.jpg","_links":{"self":[{"href":"https:\/\/www.sonoraenequipo.com.mx\/api\/wp\/v2\/posts\/203873","targetHints":{"allow":["GET"]}}],"collection":[{"href":"https:\/\/www.sonoraenequipo.com.mx\/api\/wp\/v2\/posts"}],"about":[{"href":"https:\/\/www.sonoraenequipo.com.mx\/api\/wp\/v2\/types\/post"}],"author":[{"embeddable":true,"href":"https:\/\/www.sonoraenequipo.com.mx\/api\/wp\/v2\/users\/1"}],"replies":[{"embeddable":true,"href":"https:\/\/www.sonoraenequipo.com.mx\/api\/wp\/v2\/comments?post=203873"}],"version-history":[{"count":1,"href":"https:\/\/www.sonoraenequipo.com.mx\/api\/wp\/v2\/posts\/203873\/revisions"}],"predecessor-version":[{"id":203875,"href":"https:\/\/www.sonoraenequipo.com.mx\/api\/wp\/v2\/posts\/203873\/revisions\/203875"}],"wp:featuredmedia":[{"embeddable":true,"href":"https:\/\/www.sonoraenequipo.com.mx\/api\/wp\/v2\/media\/203874"}],"wp:attachment":[{"href":"https:\/\/www.sonoraenequipo.com.mx\/api\/wp\/v2\/media?parent=203873"}],"wp:term":[{"taxonomy":"category","embeddable":true,"href":"https:\/\/www.sonoraenequipo.com.mx\/api\/wp\/v2\/categories?post=203873"},{"taxonomy":"post_tag","embeddable":true,"href":"https:\/\/www.sonoraenequipo.com.mx\/api\/wp\/v2\/tags?post=203873"}],"curies":[{"name":"wp","href":"https:\/\/api.w.org\/{rel}","templated":true}]}}