{"id":203876,"date":"2024-11-10T22:44:31","date_gmt":"2024-11-11T05:44:31","guid":{"rendered":"https:\/\/www.sonoraenequipo.com.mx\/?p=203876"},"modified":"2024-11-11T12:12:36","modified_gmt":"2024-11-11T19:12:36","slug":"trump-anuncia-a-tom-homan-como-zar-de-las-fronteras","status":"publish","type":"post","link":"https:\/\/www.sonoraenequipo.com.mx\/trump-anuncia-a-tom-homan-como-zar-de-las-fronteras\/","title":{"rendered":"Trump anuncia a Tom Homan como \u2018zar de las fronteras"},"content":{"rendered":"<p><strong>WASHINGTON, ESTADOS UNIDOS. \u2014<\/strong> El presidente electo de Estados Unidos, el republicano Donald Trump, nombrar\u00e1 como su nuevo<em><strong> \u201czar de la frontera\u201d,<\/strong><\/em> para aplicar su f\u00e9rrea pol\u00edtica de control fronterizo a Tom Homan, quien ya form\u00f3 parte del equipo del expresidente en su anterior mandato (2017-2021).<\/p>\n<p> <\/p>\n<p><strong><em>\u201cMe complace anunciar que el exdirector del ICE (Servicio de Inmigraci\u00f3n y Control de Aduanas) y fiel defensor del control fronterizo, Tom Homan, se unir\u00e1 a la administraci\u00f3n Trump para encargarse de las fronteras de nuestra naci\u00f3n\u201d,<\/em><\/strong> asegur\u00f3 anoche en un mensaje en su red social \u201cTruth\u201d el propio presidente electo.<\/p>\n<p>En su anuncio, Trump llama Homan \u201cel zar de las fronteras\u201d y dice que su pol\u00edtica incluir\u00e1 la defensa de la <strong><em>\u201cfrontera sur, la frontera norte, toda la seguridad mar\u00edtima y de la aviaci\u00f3n\u201d.<\/em><\/strong><\/p>\n<p><em><strong>\u201cConozco a Tom desde hace mucho tiempo y no hay nadie mejor para vigilar y controlar nuestras fronteras. Asimismo, Tom Homan estar\u00e1 a cargo de todas las deportaciones de inmigrantes ilegales a su pa\u00eds de origen. Felicitaciones a Tom. No tengo ninguna duda de que har\u00e1 un trabajo fant\u00e1stico y muy esperado\u201d,<\/strong> <\/em>concluye Trump, que asumir\u00e1 su cargo el pr\u00f3ximo 20 de enero.<\/p>\n<p>En unas declaraciones a la cadena CBS el pasado mes de octubre, Homan dijo que no se han llevado a cabo redadas de indocumentados durante la administraci\u00f3n dem\u00f3crata de Joe Biden y adelant\u00f3 que se van a reanudar bajo la nueva administraci\u00f3n.<\/p>\n<p>Homan fue nombrado director interino del Servicio de Inmigraci\u00f3n y Control de Aduanas en 2017 y tiene d\u00e9cadas de experiencia en la aplicaci\u00f3n de las leyes de inmigraci\u00f3n. Fue oficial de polic\u00eda, agente de la Patrulla Fronteriza de los Estados Unidos y agente especial del antiguo Servicio de Inmigraci\u00f3n y Naturalizaci\u00f3n.<\/p>\n<p>Homan se suma a los nombres que ya han sido confirmados para incorporarse al gabinete presidencial como Susie Wiles, que ser\u00e1 su jefa de gabinete en la Casa Blanca.<\/p>\n<p>Una de las personas que podr\u00eda tener un gran protagonismo es el hombre m\u00e1s rico del mundo, Elon Musk, director de Tesla y SpaceX y propietario de la red social X, desde donde ha impulsado una fuerte campa\u00f1a a favor del republicano.<\/p>\n<p>Trump ofreci\u00f3 a Musk dirigir una oficina para la<strong><em> \u201ceficiencia gubernamental\u201d<\/em><\/strong> con el objetivo de recortar los gastos de la burocracia y cumplir con el objetivo del republicano de eliminar lo que \u00e9l llama el <strong><em>\u201cEstado profundo\u201d.<\/em><\/strong><\/p>\n<p>Tambi\u00e9n se espera alg\u00fan cargo para Robert F. Kennedy Jr., sobrino del expresidente dem\u00f3crata John F. Kennedy (1961-1963), pol\u00e9mico empresario, conocido por sus posturas antivacunas, de quien Trump ha dicho que podr\u00eda tener un papel importante en la pol\u00edtica sanitaria de su pr\u00f3xima Administraci\u00f3n.<\/p>\n<p>PUBLICADO EL 11 DE NOVIEMBRE DE 2024 Con informaci\u00f3n de EFE)<\/p>\n","protected":false},"excerpt":{"rendered":"<p>WASHINGTON, ESTADOS UNIDOS. \u2014 El presidente electo de Estados Unidos, el republicano Donald Trump, nombrar\u00e1&#8230;<\/p>\n","protected":false},"author":1,"featured_media":203878,"comment_status":"open","ping_status":"open","sticky":false,"template":"","format":"standard","meta":{"_monsterinsights_skip_tracking":false,"_monsterinsights_sitenote_active":false,"_monsterinsights_sitenote_note":"","_monsterinsights_sitenote_category":0,"footnotes":""},"categories":[3],"tags":[],"class_list":["post"],"yoast_head":" \n<title>Sonora en Equipo. Trump anuncia a Tom Homan como \u2018zar de las fronteras MUNDO<\/title>\n<meta name=\"description\" content=\"WASHINGTON, ESTADOS UNIDOS. \u2014 El presidente electo de Estados Unidos, el republicano Donald Trump, nombrar\u00e1 como su nuevo \u201czar de la frontera\u201d, para En Sonora en Equipo publicamos toda la informaci\u00f3n de Sonora, M\u00e9xico y el Mundo de manera oportuna y busca que la libertad de expresi\u00f3n sea real. Visita nuestro medio informativo publicado desde Hermosillo, Sonora. %\" \/>\n<meta name=\"robots\" content=\"index, follow, max-snippet:-1, max-image-preview:large, max-video-preview:-1\" \/>\n<link rel=\"canonical\" href=\"https:\/\/www.sonoraenequipo.com.mx\/trump-anuncia-a-tom-homan-como-zar-de-las-fronteras\/\" \/>\n<meta property=\"og:locale\" content=\"es_ES\" \/>\n<meta property=\"og:type\" content=\"article\" \/>\n<meta property=\"og:title\" content=\"Sonora en Equipo. Trump anuncia a Tom Homan como \u2018zar de las fronteras MUNDO\" \/>\n<meta property=\"og:description\" content=\"WASHINGTON, ESTADOS UNIDOS. \u2014 El presidente electo de Estados Unidos, el republicano Donald Trump, nombrar\u00e1 como su nuevo \u201czar de la frontera\u201d, para En Sonora en Equipo publicamos toda la informaci\u00f3n de Sonora, M\u00e9xico y el Mundo de manera oportuna y busca que la libertad de expresi\u00f3n sea real. Visita nuestro medio informativo publicado desde Hermosillo, Sonora. %\" \/>\n<meta property=\"og:url\" content=\"https:\/\/www.sonoraenequipo.com.mx\/trump-anuncia-a-tom-homan-como-zar-de-las-fronteras\/\" \/>\n<meta property=\"og:site_name\" content=\"Sonora en Equipo.\" \/>\n<meta property=\"article:publisher\" content=\"https:\/\/www.facebook.com\/SonoraEE\/\" \/>\n<meta property=\"article:author\" content=\"https:\/\/www.facebook.com\/SonoraEE\" \/>\n<meta property=\"article:published_time\" content=\"2024-11-11T05:44:31+00:00\" \/>\n<meta property=\"article:modified_time\" content=\"2024-11-11T19:12:36+00:00\" \/>\n<meta property=\"og:image\" content=\"https:\/\/www.sonoraenequipo.com.mx\/storage\/2024\/11\/tom_homan_trump-min.jpg\" \/>\n\t<meta property=\"og:image:width\" content=\"900\" \/>\n\t<meta property=\"og:image:height\" content=\"621\" \/>\n\t<meta property=\"og:image:type\" content=\"image\/jpeg\" \/>\n<meta name=\"author\" content=\"enequipo\" \/>\n<meta name=\"twitter:card\" content=\"summary_large_image\" \/>\n<meta name=\"twitter:creator\" content=\"@sonoraenequipo\" \/>\n<meta name=\"twitter:site\" content=\"@sonoraenequipo\" \/>\n<meta name=\"twitter:label1\" content=\"Escrito por\" \/>\n\t<meta name=\"twitter:data1\" content=\"enequipo\" \/>\n\t<meta name=\"twitter:label2\" content=\"Tiempo de lectura\" \/>\n\t<meta name=\"twitter:data2\" content=\"2 minutos\" \/>\n<script type=\"application\/ld+json\" class=\"yoast-schema-graph\">{\"@context\":\"https:\/\/schema.org\",\"@graph\":[{\"@type\":\"Article\",\"@id\":\"https:\/\/www.sonoraenequipo.com.mx\/trump-anuncia-a-tom-homan-como-zar-de-las-fronteras\/#article\",\"isPartOf\":{\"@id\":\"https:\/\/www.sonoraenequipo.com.mx\/trump-anuncia-a-tom-homan-como-zar-de-las-fronteras\/\"},\"author\":{\"name\":\"enequipo\",\"@id\":\"https:\/\/www.sonoraenequipo.com.mx\/#\/schema\/person\/50102df0fb23a8fa9e8effad8fa81386\"},\"headline\":\"Trump anuncia a Tom Homan como \u2018zar de las fronteras\",\"datePublished\":\"2024-11-11T05:44:31+00:00\",\"dateModified\":\"2024-11-11T19:12:36+00:00\",\"mainEntityOfPage\":{\"@id\":\"https:\/\/www.sonoraenequipo.com.mx\/trump-anuncia-a-tom-homan-como-zar-de-las-fronteras\/\"},\"wordCount\":488,\"commentCount\":0,\"publisher\":{\"@id\":\"https:\/\/www.sonoraenequipo.com.mx\/#organization\"},\"image\":{\"@id\":\"https:\/\/www.sonoraenequipo.com.mx\/trump-anuncia-a-tom-homan-como-zar-de-las-fronteras\/#primaryimage\"},\"thumbnailUrl\":\"https:\/\/www.sonoraenequipo.com.mx\/storage\/2024\/11\/tom_homan_trump-min.jpg\",\"articleSection\":[\"MUNDO\"],\"inLanguage\":\"es\",\"potentialAction\":[{\"@type\":\"CommentAction\",\"name\":\"Comment\",\"target\":[\"https:\/\/www.sonoraenequipo.com.mx\/trump-anuncia-a-tom-homan-como-zar-de-las-fronteras\/#respond\"]}]},{\"@type\":\"WebPage\",\"@id\":\"https:\/\/www.sonoraenequipo.com.mx\/trump-anuncia-a-tom-homan-como-zar-de-las-fronteras\/\",\"url\":\"https:\/\/www.sonoraenequipo.com.mx\/trump-anuncia-a-tom-homan-como-zar-de-las-fronteras\/\",\"name\":\"Sonora en Equipo. Trump anuncia a Tom Homan como \u2018zar de las fronteras MUNDO\",\"isPartOf\":{\"@id\":\"https:\/\/www.sonoraenequipo.com.mx\/#website\"},\"primaryImageOfPage\":{\"@id\":\"https:\/\/www.sonoraenequipo.com.mx\/trump-anuncia-a-tom-homan-como-zar-de-las-fronteras\/#primaryimage\"},\"image\":{\"@id\":\"https:\/\/www.sonoraenequipo.com.mx\/trump-anuncia-a-tom-homan-como-zar-de-las-fronteras\/#primaryimage\"},\"thumbnailUrl\":\"https:\/\/www.sonoraenequipo.com.mx\/storage\/2024\/11\/tom_homan_trump-min.jpg\",\"datePublished\":\"2024-11-11T05:44:31+00:00\",\"dateModified\":\"2024-11-11T19:12:36+00:00\",\"description\":\"WASHINGTON, ESTADOS UNIDOS. \u2014 El presidente electo de Estados Unidos, el republicano Donald Trump, nombrar\u00e1 como su nuevo \u201czar de la frontera\u201d, para En Sonora en Equipo publicamos toda la informaci\u00f3n de Sonora, M\u00e9xico y el Mundo de manera oportuna y busca que la libertad de expresi\u00f3n sea real. Visita nuestro medio informativo publicado desde Hermosillo, Sonora. %\",\"breadcrumb\":{\"@id\":\"https:\/\/www.sonoraenequipo.com.mx\/trump-anuncia-a-tom-homan-como-zar-de-las-fronteras\/#breadcrumb\"},\"inLanguage\":\"es\",\"potentialAction\":[{\"@type\":\"ReadAction\",\"target\":[\"https:\/\/www.sonoraenequipo.com.mx\/trump-anuncia-a-tom-homan-como-zar-de-las-fronteras\/\"]}]},{\"@type\":\"ImageObject\",\"inLanguage\":\"es\",\"@id\":\"https:\/\/www.sonoraenequipo.com.mx\/trump-anuncia-a-tom-homan-como-zar-de-las-fronteras\/#primaryimage\",\"url\":\"https:\/\/www.sonoraenequipo.com.mx\/storage\/2024\/11\/tom_homan_trump-min.jpg\",\"contentUrl\":\"https:\/\/www.sonoraenequipo.com.mx\/storage\/2024\/11\/tom_homan_trump-min.jpg\",\"width\":900,\"height\":621},{\"@type\":\"BreadcrumbList\",\"@id\":\"https:\/\/www.sonoraenequipo.com.mx\/trump-anuncia-a-tom-homan-como-zar-de-las-fronteras\/#breadcrumb\",\"itemListElement\":[{\"@type\":\"ListItem\",\"position\":1,\"name\":\"Portada\",\"item\":\"https:\/\/www.sonoraenequipo.com.mx\/\"},{\"@type\":\"ListItem\",\"position\":2,\"name\":\"Trump anuncia a Tom Homan como \u2018zar de las fronteras\"}]},{\"@type\":\"WebSite\",\"@id\":\"https:\/\/www.sonoraenequipo.com.mx\/#website\",\"url\":\"https:\/\/www.sonoraenequipo.com.mx\/\",\"name\":\"Sonora en Equipo.\",\"description\":\"Diario en l\u00ednea con Noticias desde Hermosillo, Sonora\",\"publisher\":{\"@id\":\"https:\/\/www.sonoraenequipo.com.mx\/#organization\"},\"potentialAction\":[{\"@type\":\"SearchAction\",\"target\":{\"@type\":\"EntryPoint\",\"urlTemplate\":\"https:\/\/www.sonoraenequipo.com.mx\/?s={search_term_string}\"},\"query-input\":{\"@type\":\"PropertyValueSpecification\",\"valueRequired\":true,\"valueName\":\"search_term_string\"}}],\"inLanguage\":\"es\"},{\"@type\":\"Organization\",\"@id\":\"https:\/\/www.sonoraenequipo.com.mx\/#organization\",\"name\":\"Sonoraenequipo.com.mx\",\"url\":\"https:\/\/www.sonoraenequipo.com.mx\/\",\"logo\":{\"@type\":\"ImageObject\",\"inLanguage\":\"es\",\"@id\":\"https:\/\/www.sonoraenequipo.com.mx\/#\/schema\/logo\/image\/\",\"url\":\"https:\/\/www.sonoraenequipo.com.mx\/storage\/2019\/01\/sonoraenequipo_opt.png\",\"contentUrl\":\"https:\/\/www.sonoraenequipo.com.mx\/storage\/2019\/01\/sonoraenequipo_opt.png\",\"width\":375,\"height\":125,\"caption\":\"Sonoraenequipo.com.mx\"},\"image\":{\"@id\":\"https:\/\/www.sonoraenequipo.com.mx\/#\/schema\/logo\/image\/\"},\"sameAs\":[\"https:\/\/www.facebook.com\/SonoraEE\/\",\"https:\/\/x.com\/sonoraenequipo\",\"https:\/\/www.youtube.com\/channel\/UC338nW-lPEYmJQs4ZABQ1SQ\"]},{\"@type\":\"Person\",\"@id\":\"https:\/\/www.sonoraenequipo.com.mx\/#\/schema\/person\/50102df0fb23a8fa9e8effad8fa81386\",\"name\":\"enequipo\",\"image\":{\"@type\":\"ImageObject\",\"inLanguage\":\"es\",\"@id\":\"https:\/\/www.sonoraenequipo.com.mx\/#\/schema\/person\/image\/\",\"url\":\"https:\/\/secure.gravatar.com\/avatar\/049821681b589dabc0bc20695993ccebb09f5b5d4d790cd9251b97faac7c652b?s=96&d=blank&r=g\",\"contentUrl\":\"https:\/\/secure.gravatar.com\/avatar\/049821681b589dabc0bc20695993ccebb09f5b5d4d790cd9251b97faac7c652b?s=96&d=blank&r=g\",\"caption\":\"enequipo\"},\"sameAs\":[\"https:\/\/www.facebook.com\/SonoraEE\"]}]}<\/script>\n ","yoast_head_json":{"title":"Sonora en Equipo. Trump anuncia a Tom Homan como \u2018zar de las fronteras MUNDO","description":"WASHINGTON, ESTADOS UNIDOS. \u2014 El presidente electo de Estados Unidos, el republicano Donald Trump, nombrar\u00e1 como su nuevo \u201czar de la frontera\u201d, para En Sonora en Equipo publicamos toda la informaci\u00f3n de Sonora, M\u00e9xico y el Mundo de manera oportuna y busca que la libertad de expresi\u00f3n sea real. Visita nuestro medio informativo publicado desde Hermosillo, Sonora. %","robots":{"index":"index","follow":"follow","max-snippet":"max-snippet:-1","max-image-preview":"max-image-preview:large","max-video-preview":"max-video-preview:-1"},"canonical":"https:\/\/www.sonoraenequipo.com.mx\/trump-anuncia-a-tom-homan-como-zar-de-las-fronteras\/","og_locale":"es_ES","og_type":"article","og_title":"Sonora en Equipo. Trump anuncia a Tom Homan como \u2018zar de las fronteras MUNDO","og_description":"WASHINGTON, ESTADOS UNIDOS. \u2014 El presidente electo de Estados Unidos, el republicano Donald Trump, nombrar\u00e1 como su nuevo \u201czar de la frontera\u201d, para En Sonora en Equipo publicamos toda la informaci\u00f3n de Sonora, M\u00e9xico y el Mundo de manera oportuna y busca que la libertad de expresi\u00f3n sea real. Visita nuestro medio informativo publicado desde Hermosillo, Sonora. %","og_url":"https:\/\/www.sonoraenequipo.com.mx\/trump-anuncia-a-tom-homan-como-zar-de-las-fronteras\/","og_site_name":"Sonora en Equipo.","article_publisher":"https:\/\/www.facebook.com\/SonoraEE\/","article_author":"https:\/\/www.facebook.com\/SonoraEE","article_published_time":"2024-11-11T05:44:31+00:00","article_modified_time":"2024-11-11T19:12:36+00:00","og_image":[{"width":900,"height":621,"url":"https:\/\/www.sonoraenequipo.com.mx\/storage\/2024\/11\/tom_homan_trump-min.jpg","type":"image\/jpeg"}],"author":"enequipo","twitter_card":"summary_large_image","twitter_creator":"@sonoraenequipo","twitter_site":"@sonoraenequipo","twitter_misc":{"Escrito por":"enequipo","Tiempo de lectura":"2 minutos"},"schema":{"@context":"https:\/\/schema.org","@graph":[{"@type":"Article","@id":"https:\/\/www.sonoraenequipo.com.mx\/trump-anuncia-a-tom-homan-como-zar-de-las-fronteras\/#article","isPartOf":{"@id":"https:\/\/www.sonoraenequipo.com.mx\/trump-anuncia-a-tom-homan-como-zar-de-las-fronteras\/"},"author":{"name":"enequipo","@id":"https:\/\/www.sonoraenequipo.com.mx\/#\/schema\/person\/50102df0fb23a8fa9e8effad8fa81386"},"headline":"Trump anuncia a Tom Homan como \u2018zar de las fronteras","datePublished":"2024-11-11T05:44:31+00:00","dateModified":"2024-11-11T19:12:36+00:00","mainEntityOfPage":{"@id":"https:\/\/www.sonoraenequipo.com.mx\/trump-anuncia-a-tom-homan-como-zar-de-las-fronteras\/"},"wordCount":488,"commentCount":0,"publisher":{"@id":"https:\/\/www.sonoraenequipo.com.mx\/#organization"},"image":{"@id":"https:\/\/www.sonoraenequipo.com.mx\/trump-anuncia-a-tom-homan-como-zar-de-las-fronteras\/#primaryimage"},"thumbnailUrl":"https:\/\/www.sonoraenequipo.com.mx\/storage\/2024\/11\/tom_homan_trump-min.jpg","articleSection":["MUNDO"],"inLanguage":"es","potentialAction":[{"@type":"CommentAction","name":"Comment","target":["https:\/\/www.sonoraenequipo.com.mx\/trump-anuncia-a-tom-homan-como-zar-de-las-fronteras\/#respond"]}]},{"@type":"WebPage","@id":"https:\/\/www.sonoraenequipo.com.mx\/trump-anuncia-a-tom-homan-como-zar-de-las-fronteras\/","url":"https:\/\/www.sonoraenequipo.com.mx\/trump-anuncia-a-tom-homan-como-zar-de-las-fronteras\/","name":"Sonora en Equipo. Trump anuncia a Tom Homan como \u2018zar de las fronteras MUNDO","isPartOf":{"@id":"https:\/\/www.sonoraenequipo.com.mx\/#website"},"primaryImageOfPage":{"@id":"https:\/\/www.sonoraenequipo.com.mx\/trump-anuncia-a-tom-homan-como-zar-de-las-fronteras\/#primaryimage"},"image":{"@id":"https:\/\/www.sonoraenequipo.com.mx\/trump-anuncia-a-tom-homan-como-zar-de-las-fronteras\/#primaryimage"},"thumbnailUrl":"https:\/\/www.sonoraenequipo.com.mx\/storage\/2024\/11\/tom_homan_trump-min.jpg","datePublished":"2024-11-11T05:44:31+00:00","dateModified":"2024-11-11T19:12:36+00:00","description":"WASHINGTON, ESTADOS UNIDOS. \u2014 El presidente electo de Estados Unidos, el republicano Donald Trump, nombrar\u00e1 como su nuevo \u201czar de la frontera\u201d, para En Sonora en Equipo publicamos toda la informaci\u00f3n de Sonora, M\u00e9xico y el Mundo de manera oportuna y busca que la libertad de expresi\u00f3n sea real. Visita nuestro medio informativo publicado desde Hermosillo, Sonora. %","breadcrumb":{"@id":"https:\/\/www.sonoraenequipo.com.mx\/trump-anuncia-a-tom-homan-como-zar-de-las-fronteras\/#breadcrumb"},"inLanguage":"es","potentialAction":[{"@type":"ReadAction","target":["https:\/\/www.sonoraenequipo.com.mx\/trump-anuncia-a-tom-homan-como-zar-de-las-fronteras\/"]}]},{"@type":"ImageObject","inLanguage":"es","@id":"https:\/\/www.sonoraenequipo.com.mx\/trump-anuncia-a-tom-homan-como-zar-de-las-fronteras\/#primaryimage","url":"https:\/\/www.sonoraenequipo.com.mx\/storage\/2024\/11\/tom_homan_trump-min.jpg","contentUrl":"https:\/\/www.sonoraenequipo.com.mx\/storage\/2024\/11\/tom_homan_trump-min.jpg","width":900,"height":621},{"@type":"BreadcrumbList","@id":"https:\/\/www.sonoraenequipo.com.mx\/trump-anuncia-a-tom-homan-como-zar-de-las-fronteras\/#breadcrumb","itemListElement":[{"@type":"ListItem","position":1,"name":"Portada","item":"https:\/\/www.sonoraenequipo.com.mx\/"},{"@type":"ListItem","position":2,"name":"Trump anuncia a Tom Homan como \u2018zar de las fronteras"}]},{"@type":"WebSite","@id":"https:\/\/www.sonoraenequipo.com.mx\/#website","url":"https:\/\/www.sonoraenequipo.com.mx\/","name":"Sonora en Equipo.","description":"Diario en l\u00ednea con Noticias desde Hermosillo, Sonora","publisher":{"@id":"https:\/\/www.sonoraenequipo.com.mx\/#organization"},"potentialAction":[{"@type":"SearchAction","target":{"@type":"EntryPoint","urlTemplate":"https:\/\/www.sonoraenequipo.com.mx\/?s={search_term_string}"},"query-input":{"@type":"PropertyValueSpecification","valueRequired":true,"valueName":"search_term_string"}}],"inLanguage":"es"},{"@type":"Organization","@id":"https:\/\/www.sonoraenequipo.com.mx\/#organization","name":"Sonoraenequipo.com.mx","url":"https:\/\/www.sonoraenequipo.com.mx\/","logo":{"@type":"ImageObject","inLanguage":"es","@id":"https:\/\/www.sonoraenequipo.com.mx\/#\/schema\/logo\/image\/","url":"https:\/\/www.sonoraenequipo.com.mx\/storage\/2019\/01\/sonoraenequipo_opt.png","contentUrl":"https:\/\/www.sonoraenequipo.com.mx\/storage\/2019\/01\/sonoraenequipo_opt.png","width":375,"height":125,"caption":"Sonoraenequipo.com.mx"},"image":{"@id":"https:\/\/www.sonoraenequipo.com.mx\/#\/schema\/logo\/image\/"},"sameAs":["https:\/\/www.facebook.com\/SonoraEE\/","https:\/\/x.com\/sonoraenequipo","https:\/\/www.youtube.com\/channel\/UC338nW-lPEYmJQs4ZABQ1SQ"]},{"@type":"Person","@id":"https:\/\/www.sonoraenequipo.com.mx\/#\/schema\/person\/50102df0fb23a8fa9e8effad8fa81386","name":"enequipo","image":{"@type":"ImageObject","inLanguage":"es","@id":"https:\/\/www.sonoraenequipo.com.mx\/#\/schema\/person\/image\/","url":"https:\/\/secure.gravatar.com\/avatar\/049821681b589dabc0bc20695993ccebb09f5b5d4d790cd9251b97faac7c652b?s=96&d=blank&r=g","contentUrl":"https:\/\/secure.gravatar.com\/avatar\/049821681b589dabc0bc20695993ccebb09f5b5d4d790cd9251b97faac7c652b?s=96&d=blank&r=g","caption":"enequipo"},"sameAs":["https:\/\/www.facebook.com\/SonoraEE"]}]}},"jetpack_featured_media_url":"https:\/\/www.sonoraenequipo.com.mx\/storage\/2024\/11\/tom_homan_trump-min.jpg","_links":{"self":[{"href":"https:\/\/www.sonoraenequipo.com.mx\/api\/wp\/v2\/posts\/203876","targetHints":{"allow":["GET"]}}],"collection":[{"href":"https:\/\/www.sonoraenequipo.com.mx\/api\/wp\/v2\/posts"}],"about":[{"href":"https:\/\/www.sonoraenequipo.com.mx\/api\/wp\/v2\/types\/post"}],"author":[{"embeddable":true,"href":"https:\/\/www.sonoraenequipo.com.mx\/api\/wp\/v2\/users\/1"}],"replies":[{"embeddable":true,"href":"https:\/\/www.sonoraenequipo.com.mx\/api\/wp\/v2\/comments?post=203876"}],"version-history":[{"count":2,"href":"https:\/\/www.sonoraenequipo.com.mx\/api\/wp\/v2\/posts\/203876\/revisions"}],"predecessor-version":[{"id":203880,"href":"https:\/\/www.sonoraenequipo.com.mx\/api\/wp\/v2\/posts\/203876\/revisions\/203880"}],"wp:featuredmedia":[{"embeddable":true,"href":"https:\/\/www.sonoraenequipo.com.mx\/api\/wp\/v2\/media\/203878"}],"wp:attachment":[{"href":"https:\/\/www.sonoraenequipo.com.mx\/api\/wp\/v2\/media?parent=203876"}],"wp:term":[{"taxonomy":"category","embeddable":true,"href":"https:\/\/www.sonoraenequipo.com.mx\/api\/wp\/v2\/categories?post=203876"},{"taxonomy":"post_tag","embeddable":true,"href":"https:\/\/www.sonoraenequipo.com.mx\/api\/wp\/v2\/tags?post=203876"}],"curies":[{"name":"wp","href":"https:\/\/api.w.org\/{rel}","templated":true}]}}