{"id":203885,"date":"2024-11-11T11:38:22","date_gmt":"2024-11-11T18:38:22","guid":{"rendered":"https:\/\/www.sonoraenequipo.com.mx\/?p=203885"},"modified":"2024-11-11T12:58:19","modified_gmt":"2024-11-11T19:58:19","slug":"cancelan-expo-ganadera-2024-en-sinaloa-por-violencia","status":"publish","type":"post","link":"https:\/\/www.sonoraenequipo.com.mx\/cancelan-expo-ganadera-2024-en-sinaloa-por-violencia\/","title":{"rendered":"Cancelan Expo Ganadera 2024 en Sinaloa por violencia"},"content":{"rendered":"<p><strong>CULIAC\u00c1N, SINALOA. MX. \u2014<\/strong> La Expo Ganadera 2024 en Sinaloa, que se realizar\u00eda del 14 de noviembre al 1 de diciembre, fue cancelada debido a la creciente violencia en la entidad.<\/p>\n<p> <\/p>\n<p>La decisi\u00f3n fue anunciada por la Uni\u00f3n Ganadera Regional, organizadora del evento, a trav\u00e9s de un comunicado en el que explic\u00f3 que, aunque la Expo es un evento cultural y de gran importancia para la regi\u00f3n, las condiciones de inseguridad actuales no garantizan su viabilidad econ\u00f3mica ni la seguridad de los participantes.<\/p>\n<p>La organizaci\u00f3n subray\u00f3 que esta medida responde al compromiso de proteger la estabilidad econ\u00f3mica del sector ganadero. <strong><em>\u00abAunque la Expo Ganadera es un evento fundamental para nuestra identidad, las circunstancias actuales no permiten asegurar su rentabilidad\u00bb<\/em><\/strong>, se\u00f1alaron en su mensaje. Adem\u00e1s, agradecieron la comprensi\u00f3n de la comunidad ganadera y el apoyo de las autoridades y empresarios.<\/p>\n<p>La cancelaci\u00f3n tambi\u00e9n se da en un contexto de creciente violencia en Sinaloa, que ha sido alimentada por enfrentamientos entre facciones del C\u00e1rtel de Sinaloa. Este clima de inseguridad se intensific\u00f3 con la aparici\u00f3n, el pasado domingo, de mantas exigiendo la cancelaci\u00f3n de los palenques del evento.<\/p>\n<p>En septiembre, el presidente de la Uni\u00f3n Ganadera Regional de Sinaloa, Faustino Hern\u00e1ndez \u00c1lvarez, fue asesinado en un ataque armado en Culiac\u00e1n, lo que increment\u00f3 las tensiones en la regi\u00f3n.<\/p>\n<p>La organizaci\u00f3n de la Expo Ganadera insisti\u00f3 en que esta decisi\u00f3n no implica el fin de las tradiciones, sino una <strong><em>\u00abactitud de responsabilidad y respeto hacia todos los involucrados\u00bb,<\/em><\/strong> y reafirm\u00f3 su compromiso de continuar trabajando para fortalecer la ganader\u00eda en Sinaloa.<\/p>\n<p>Caber recordar que este grupo ha sido ya blanco de violencia. En septiembre pasado, Faustino Hern\u00e1ndez, presidente de la Uni\u00f3n Ganadera Regional de Sinaloa, fue asesinado a balazos junto con otro hombre en su domicilio del sector Parque Alameda, del Desarrollo Urbano Tres R\u00edos, en Culiac\u00e1n.<\/p>\n<p>Hern\u00e1ndez \u00c1lvarez era un pol\u00edtico mexicano, miembro del Partido Revolucionario Institucional (PRI).<\/p>\n<p>PUBLICADO EL 11 DE NOVIEMBRE DE 2024 Con informaci\u00f3n de medios locales)<\/p>\n","protected":false},"excerpt":{"rendered":"<p>CULIAC\u00c1N, SINALOA. MX. \u2014 La Expo Ganadera 2024 en Sinaloa, que se realizar\u00eda del 14&#8230;<\/p>\n","protected":false},"author":1,"featured_media":203886,"comment_status":"open","ping_status":"open","sticky":false,"template":"","format":"standard","meta":{"_monsterinsights_skip_tracking":false,"_monsterinsights_sitenote_active":false,"_monsterinsights_sitenote_note":"","_monsterinsights_sitenote_category":0,"footnotes":""},"categories":[5],"tags":[],"class_list":["post"],"yoast_head":" \n<title>Sonora en Equipo. Cancelan Expo Ganadera 2024 en Sinaloa por violencia Rep\u00fablica<\/title>\n<meta name=\"description\" content=\"CULIAC\u00c1N, SINALOA. MX. \u2014 La Expo Ganadera 2024 en Sinaloa, que se realizar\u00eda del 14 de noviembre al 1 de diciembre, fue cancelada debido a la creciente En Sonora en Equipo publicamos toda la informaci\u00f3n de Sonora, M\u00e9xico y el Mundo de manera oportuna y busca que la libertad de expresi\u00f3n sea real. Visita nuestro medio informativo publicado desde Hermosillo, Sonora. %\" \/>\n<meta name=\"robots\" content=\"index, follow, max-snippet:-1, max-image-preview:large, max-video-preview:-1\" \/>\n<link rel=\"canonical\" href=\"https:\/\/www.sonoraenequipo.com.mx\/cancelan-expo-ganadera-2024-en-sinaloa-por-violencia\/\" \/>\n<meta property=\"og:locale\" content=\"es_ES\" \/>\n<meta property=\"og:type\" content=\"article\" \/>\n<meta property=\"og:title\" content=\"Sonora en Equipo. Cancelan Expo Ganadera 2024 en Sinaloa por violencia Rep\u00fablica\" \/>\n<meta property=\"og:description\" content=\"CULIAC\u00c1N, SINALOA. MX. \u2014 La Expo Ganadera 2024 en Sinaloa, que se realizar\u00eda del 14 de noviembre al 1 de diciembre, fue cancelada debido a la creciente En Sonora en Equipo publicamos toda la informaci\u00f3n de Sonora, M\u00e9xico y el Mundo de manera oportuna y busca que la libertad de expresi\u00f3n sea real. Visita nuestro medio informativo publicado desde Hermosillo, Sonora. %\" \/>\n<meta property=\"og:url\" content=\"https:\/\/www.sonoraenequipo.com.mx\/cancelan-expo-ganadera-2024-en-sinaloa-por-violencia\/\" \/>\n<meta property=\"og:site_name\" content=\"Sonora en Equipo.\" \/>\n<meta property=\"article:publisher\" content=\"https:\/\/www.facebook.com\/SonoraEE\/\" \/>\n<meta property=\"article:author\" content=\"https:\/\/www.facebook.com\/SonoraEE\" \/>\n<meta property=\"article:published_time\" content=\"2024-11-11T18:38:22+00:00\" \/>\n<meta property=\"article:modified_time\" content=\"2024-11-11T19:58:19+00:00\" \/>\n<meta property=\"og:image\" content=\"https:\/\/www.sonoraenequipo.com.mx\/storage\/2024\/11\/expo-ganadera-sinaloa-se-cancela-por-violencia-min.jpg\" \/>\n\t<meta property=\"og:image:width\" content=\"886\" \/>\n\t<meta property=\"og:image:height\" content=\"543\" \/>\n\t<meta property=\"og:image:type\" content=\"image\/jpeg\" \/>\n<meta name=\"author\" content=\"enequipo\" \/>\n<meta name=\"twitter:card\" content=\"summary_large_image\" \/>\n<meta name=\"twitter:creator\" content=\"@sonoraenequipo\" \/>\n<meta name=\"twitter:site\" content=\"@sonoraenequipo\" \/>\n<meta name=\"twitter:label1\" content=\"Escrito por\" \/>\n\t<meta name=\"twitter:data1\" content=\"enequipo\" \/>\n\t<meta name=\"twitter:label2\" content=\"Tiempo de lectura\" \/>\n\t<meta name=\"twitter:data2\" content=\"2 minutos\" \/>\n<script type=\"application\/ld+json\" class=\"yoast-schema-graph\">{\"@context\":\"https:\/\/schema.org\",\"@graph\":[{\"@type\":\"Article\",\"@id\":\"https:\/\/www.sonoraenequipo.com.mx\/cancelan-expo-ganadera-2024-en-sinaloa-por-violencia\/#article\",\"isPartOf\":{\"@id\":\"https:\/\/www.sonoraenequipo.com.mx\/cancelan-expo-ganadera-2024-en-sinaloa-por-violencia\/\"},\"author\":{\"name\":\"enequipo\",\"@id\":\"https:\/\/www.sonoraenequipo.com.mx\/#\/schema\/person\/50102df0fb23a8fa9e8effad8fa81386\"},\"headline\":\"Cancelan Expo Ganadera 2024 en Sinaloa por violencia\",\"datePublished\":\"2024-11-11T18:38:22+00:00\",\"dateModified\":\"2024-11-11T19:58:19+00:00\",\"mainEntityOfPage\":{\"@id\":\"https:\/\/www.sonoraenequipo.com.mx\/cancelan-expo-ganadera-2024-en-sinaloa-por-violencia\/\"},\"wordCount\":360,\"commentCount\":0,\"publisher\":{\"@id\":\"https:\/\/www.sonoraenequipo.com.mx\/#organization\"},\"image\":{\"@id\":\"https:\/\/www.sonoraenequipo.com.mx\/cancelan-expo-ganadera-2024-en-sinaloa-por-violencia\/#primaryimage\"},\"thumbnailUrl\":\"https:\/\/www.sonoraenequipo.com.mx\/storage\/2024\/11\/expo-ganadera-sinaloa-se-cancela-por-violencia-min.jpg\",\"articleSection\":[\"Rep\u00fablica\"],\"inLanguage\":\"es\",\"potentialAction\":[{\"@type\":\"CommentAction\",\"name\":\"Comment\",\"target\":[\"https:\/\/www.sonoraenequipo.com.mx\/cancelan-expo-ganadera-2024-en-sinaloa-por-violencia\/#respond\"]}]},{\"@type\":\"WebPage\",\"@id\":\"https:\/\/www.sonoraenequipo.com.mx\/cancelan-expo-ganadera-2024-en-sinaloa-por-violencia\/\",\"url\":\"https:\/\/www.sonoraenequipo.com.mx\/cancelan-expo-ganadera-2024-en-sinaloa-por-violencia\/\",\"name\":\"Sonora en Equipo. Cancelan Expo Ganadera 2024 en Sinaloa por violencia Rep\u00fablica\",\"isPartOf\":{\"@id\":\"https:\/\/www.sonoraenequipo.com.mx\/#website\"},\"primaryImageOfPage\":{\"@id\":\"https:\/\/www.sonoraenequipo.com.mx\/cancelan-expo-ganadera-2024-en-sinaloa-por-violencia\/#primaryimage\"},\"image\":{\"@id\":\"https:\/\/www.sonoraenequipo.com.mx\/cancelan-expo-ganadera-2024-en-sinaloa-por-violencia\/#primaryimage\"},\"thumbnailUrl\":\"https:\/\/www.sonoraenequipo.com.mx\/storage\/2024\/11\/expo-ganadera-sinaloa-se-cancela-por-violencia-min.jpg\",\"datePublished\":\"2024-11-11T18:38:22+00:00\",\"dateModified\":\"2024-11-11T19:58:19+00:00\",\"description\":\"CULIAC\u00c1N, SINALOA. MX. \u2014 La Expo Ganadera 2024 en Sinaloa, que se realizar\u00eda del 14 de noviembre al 1 de diciembre, fue cancelada debido a la creciente En Sonora en Equipo publicamos toda la informaci\u00f3n de Sonora, M\u00e9xico y el Mundo de manera oportuna y busca que la libertad de expresi\u00f3n sea real. Visita nuestro medio informativo publicado desde Hermosillo, Sonora. %\",\"breadcrumb\":{\"@id\":\"https:\/\/www.sonoraenequipo.com.mx\/cancelan-expo-ganadera-2024-en-sinaloa-por-violencia\/#breadcrumb\"},\"inLanguage\":\"es\",\"potentialAction\":[{\"@type\":\"ReadAction\",\"target\":[\"https:\/\/www.sonoraenequipo.com.mx\/cancelan-expo-ganadera-2024-en-sinaloa-por-violencia\/\"]}]},{\"@type\":\"ImageObject\",\"inLanguage\":\"es\",\"@id\":\"https:\/\/www.sonoraenequipo.com.mx\/cancelan-expo-ganadera-2024-en-sinaloa-por-violencia\/#primaryimage\",\"url\":\"https:\/\/www.sonoraenequipo.com.mx\/storage\/2024\/11\/expo-ganadera-sinaloa-se-cancela-por-violencia-min.jpg\",\"contentUrl\":\"https:\/\/www.sonoraenequipo.com.mx\/storage\/2024\/11\/expo-ganadera-sinaloa-se-cancela-por-violencia-min.jpg\",\"width\":886,\"height\":543},{\"@type\":\"BreadcrumbList\",\"@id\":\"https:\/\/www.sonoraenequipo.com.mx\/cancelan-expo-ganadera-2024-en-sinaloa-por-violencia\/#breadcrumb\",\"itemListElement\":[{\"@type\":\"ListItem\",\"position\":1,\"name\":\"Portada\",\"item\":\"https:\/\/www.sonoraenequipo.com.mx\/\"},{\"@type\":\"ListItem\",\"position\":2,\"name\":\"Cancelan Expo Ganadera 2024 en Sinaloa por violencia\"}]},{\"@type\":\"WebSite\",\"@id\":\"https:\/\/www.sonoraenequipo.com.mx\/#website\",\"url\":\"https:\/\/www.sonoraenequipo.com.mx\/\",\"name\":\"Sonora en Equipo.\",\"description\":\"Diario en l\u00ednea con Noticias desde Hermosillo, Sonora\",\"publisher\":{\"@id\":\"https:\/\/www.sonoraenequipo.com.mx\/#organization\"},\"potentialAction\":[{\"@type\":\"SearchAction\",\"target\":{\"@type\":\"EntryPoint\",\"urlTemplate\":\"https:\/\/www.sonoraenequipo.com.mx\/?s={search_term_string}\"},\"query-input\":{\"@type\":\"PropertyValueSpecification\",\"valueRequired\":true,\"valueName\":\"search_term_string\"}}],\"inLanguage\":\"es\"},{\"@type\":\"Organization\",\"@id\":\"https:\/\/www.sonoraenequipo.com.mx\/#organization\",\"name\":\"Sonoraenequipo.com.mx\",\"url\":\"https:\/\/www.sonoraenequipo.com.mx\/\",\"logo\":{\"@type\":\"ImageObject\",\"inLanguage\":\"es\",\"@id\":\"https:\/\/www.sonoraenequipo.com.mx\/#\/schema\/logo\/image\/\",\"url\":\"https:\/\/www.sonoraenequipo.com.mx\/storage\/2019\/01\/sonoraenequipo_opt.png\",\"contentUrl\":\"https:\/\/www.sonoraenequipo.com.mx\/storage\/2019\/01\/sonoraenequipo_opt.png\",\"width\":375,\"height\":125,\"caption\":\"Sonoraenequipo.com.mx\"},\"image\":{\"@id\":\"https:\/\/www.sonoraenequipo.com.mx\/#\/schema\/logo\/image\/\"},\"sameAs\":[\"https:\/\/www.facebook.com\/SonoraEE\/\",\"https:\/\/x.com\/sonoraenequipo\",\"https:\/\/www.youtube.com\/channel\/UC338nW-lPEYmJQs4ZABQ1SQ\"]},{\"@type\":\"Person\",\"@id\":\"https:\/\/www.sonoraenequipo.com.mx\/#\/schema\/person\/50102df0fb23a8fa9e8effad8fa81386\",\"name\":\"enequipo\",\"image\":{\"@type\":\"ImageObject\",\"inLanguage\":\"es\",\"@id\":\"https:\/\/www.sonoraenequipo.com.mx\/#\/schema\/person\/image\/\",\"url\":\"https:\/\/secure.gravatar.com\/avatar\/049821681b589dabc0bc20695993ccebb09f5b5d4d790cd9251b97faac7c652b?s=96&d=blank&r=g\",\"contentUrl\":\"https:\/\/secure.gravatar.com\/avatar\/049821681b589dabc0bc20695993ccebb09f5b5d4d790cd9251b97faac7c652b?s=96&d=blank&r=g\",\"caption\":\"enequipo\"},\"sameAs\":[\"https:\/\/www.facebook.com\/SonoraEE\"]}]}<\/script>\n ","yoast_head_json":{"title":"Sonora en Equipo. Cancelan Expo Ganadera 2024 en Sinaloa por violencia Rep\u00fablica","description":"CULIAC\u00c1N, SINALOA. MX. \u2014 La Expo Ganadera 2024 en Sinaloa, que se realizar\u00eda del 14 de noviembre al 1 de diciembre, fue cancelada debido a la creciente En Sonora en Equipo publicamos toda la informaci\u00f3n de Sonora, M\u00e9xico y el Mundo de manera oportuna y busca que la libertad de expresi\u00f3n sea real. Visita nuestro medio informativo publicado desde Hermosillo, Sonora. %","robots":{"index":"index","follow":"follow","max-snippet":"max-snippet:-1","max-image-preview":"max-image-preview:large","max-video-preview":"max-video-preview:-1"},"canonical":"https:\/\/www.sonoraenequipo.com.mx\/cancelan-expo-ganadera-2024-en-sinaloa-por-violencia\/","og_locale":"es_ES","og_type":"article","og_title":"Sonora en Equipo. Cancelan Expo Ganadera 2024 en Sinaloa por violencia Rep\u00fablica","og_description":"CULIAC\u00c1N, SINALOA. MX. \u2014 La Expo Ganadera 2024 en Sinaloa, que se realizar\u00eda del 14 de noviembre al 1 de diciembre, fue cancelada debido a la creciente En Sonora en Equipo publicamos toda la informaci\u00f3n de Sonora, M\u00e9xico y el Mundo de manera oportuna y busca que la libertad de expresi\u00f3n sea real. Visita nuestro medio informativo publicado desde Hermosillo, Sonora. %","og_url":"https:\/\/www.sonoraenequipo.com.mx\/cancelan-expo-ganadera-2024-en-sinaloa-por-violencia\/","og_site_name":"Sonora en Equipo.","article_publisher":"https:\/\/www.facebook.com\/SonoraEE\/","article_author":"https:\/\/www.facebook.com\/SonoraEE","article_published_time":"2024-11-11T18:38:22+00:00","article_modified_time":"2024-11-11T19:58:19+00:00","og_image":[{"width":886,"height":543,"url":"https:\/\/www.sonoraenequipo.com.mx\/storage\/2024\/11\/expo-ganadera-sinaloa-se-cancela-por-violencia-min.jpg","type":"image\/jpeg"}],"author":"enequipo","twitter_card":"summary_large_image","twitter_creator":"@sonoraenequipo","twitter_site":"@sonoraenequipo","twitter_misc":{"Escrito por":"enequipo","Tiempo de lectura":"2 minutos"},"schema":{"@context":"https:\/\/schema.org","@graph":[{"@type":"Article","@id":"https:\/\/www.sonoraenequipo.com.mx\/cancelan-expo-ganadera-2024-en-sinaloa-por-violencia\/#article","isPartOf":{"@id":"https:\/\/www.sonoraenequipo.com.mx\/cancelan-expo-ganadera-2024-en-sinaloa-por-violencia\/"},"author":{"name":"enequipo","@id":"https:\/\/www.sonoraenequipo.com.mx\/#\/schema\/person\/50102df0fb23a8fa9e8effad8fa81386"},"headline":"Cancelan Expo Ganadera 2024 en Sinaloa por violencia","datePublished":"2024-11-11T18:38:22+00:00","dateModified":"2024-11-11T19:58:19+00:00","mainEntityOfPage":{"@id":"https:\/\/www.sonoraenequipo.com.mx\/cancelan-expo-ganadera-2024-en-sinaloa-por-violencia\/"},"wordCount":360,"commentCount":0,"publisher":{"@id":"https:\/\/www.sonoraenequipo.com.mx\/#organization"},"image":{"@id":"https:\/\/www.sonoraenequipo.com.mx\/cancelan-expo-ganadera-2024-en-sinaloa-por-violencia\/#primaryimage"},"thumbnailUrl":"https:\/\/www.sonoraenequipo.com.mx\/storage\/2024\/11\/expo-ganadera-sinaloa-se-cancela-por-violencia-min.jpg","articleSection":["Rep\u00fablica"],"inLanguage":"es","potentialAction":[{"@type":"CommentAction","name":"Comment","target":["https:\/\/www.sonoraenequipo.com.mx\/cancelan-expo-ganadera-2024-en-sinaloa-por-violencia\/#respond"]}]},{"@type":"WebPage","@id":"https:\/\/www.sonoraenequipo.com.mx\/cancelan-expo-ganadera-2024-en-sinaloa-por-violencia\/","url":"https:\/\/www.sonoraenequipo.com.mx\/cancelan-expo-ganadera-2024-en-sinaloa-por-violencia\/","name":"Sonora en Equipo. Cancelan Expo Ganadera 2024 en Sinaloa por violencia Rep\u00fablica","isPartOf":{"@id":"https:\/\/www.sonoraenequipo.com.mx\/#website"},"primaryImageOfPage":{"@id":"https:\/\/www.sonoraenequipo.com.mx\/cancelan-expo-ganadera-2024-en-sinaloa-por-violencia\/#primaryimage"},"image":{"@id":"https:\/\/www.sonoraenequipo.com.mx\/cancelan-expo-ganadera-2024-en-sinaloa-por-violencia\/#primaryimage"},"thumbnailUrl":"https:\/\/www.sonoraenequipo.com.mx\/storage\/2024\/11\/expo-ganadera-sinaloa-se-cancela-por-violencia-min.jpg","datePublished":"2024-11-11T18:38:22+00:00","dateModified":"2024-11-11T19:58:19+00:00","description":"CULIAC\u00c1N, SINALOA. MX. \u2014 La Expo Ganadera 2024 en Sinaloa, que se realizar\u00eda del 14 de noviembre al 1 de diciembre, fue cancelada debido a la creciente En Sonora en Equipo publicamos toda la informaci\u00f3n de Sonora, M\u00e9xico y el Mundo de manera oportuna y busca que la libertad de expresi\u00f3n sea real. Visita nuestro medio informativo publicado desde Hermosillo, Sonora. %","breadcrumb":{"@id":"https:\/\/www.sonoraenequipo.com.mx\/cancelan-expo-ganadera-2024-en-sinaloa-por-violencia\/#breadcrumb"},"inLanguage":"es","potentialAction":[{"@type":"ReadAction","target":["https:\/\/www.sonoraenequipo.com.mx\/cancelan-expo-ganadera-2024-en-sinaloa-por-violencia\/"]}]},{"@type":"ImageObject","inLanguage":"es","@id":"https:\/\/www.sonoraenequipo.com.mx\/cancelan-expo-ganadera-2024-en-sinaloa-por-violencia\/#primaryimage","url":"https:\/\/www.sonoraenequipo.com.mx\/storage\/2024\/11\/expo-ganadera-sinaloa-se-cancela-por-violencia-min.jpg","contentUrl":"https:\/\/www.sonoraenequipo.com.mx\/storage\/2024\/11\/expo-ganadera-sinaloa-se-cancela-por-violencia-min.jpg","width":886,"height":543},{"@type":"BreadcrumbList","@id":"https:\/\/www.sonoraenequipo.com.mx\/cancelan-expo-ganadera-2024-en-sinaloa-por-violencia\/#breadcrumb","itemListElement":[{"@type":"ListItem","position":1,"name":"Portada","item":"https:\/\/www.sonoraenequipo.com.mx\/"},{"@type":"ListItem","position":2,"name":"Cancelan Expo Ganadera 2024 en Sinaloa por violencia"}]},{"@type":"WebSite","@id":"https:\/\/www.sonoraenequipo.com.mx\/#website","url":"https:\/\/www.sonoraenequipo.com.mx\/","name":"Sonora en Equipo.","description":"Diario en l\u00ednea con Noticias desde Hermosillo, Sonora","publisher":{"@id":"https:\/\/www.sonoraenequipo.com.mx\/#organization"},"potentialAction":[{"@type":"SearchAction","target":{"@type":"EntryPoint","urlTemplate":"https:\/\/www.sonoraenequipo.com.mx\/?s={search_term_string}"},"query-input":{"@type":"PropertyValueSpecification","valueRequired":true,"valueName":"search_term_string"}}],"inLanguage":"es"},{"@type":"Organization","@id":"https:\/\/www.sonoraenequipo.com.mx\/#organization","name":"Sonoraenequipo.com.mx","url":"https:\/\/www.sonoraenequipo.com.mx\/","logo":{"@type":"ImageObject","inLanguage":"es","@id":"https:\/\/www.sonoraenequipo.com.mx\/#\/schema\/logo\/image\/","url":"https:\/\/www.sonoraenequipo.com.mx\/storage\/2019\/01\/sonoraenequipo_opt.png","contentUrl":"https:\/\/www.sonoraenequipo.com.mx\/storage\/2019\/01\/sonoraenequipo_opt.png","width":375,"height":125,"caption":"Sonoraenequipo.com.mx"},"image":{"@id":"https:\/\/www.sonoraenequipo.com.mx\/#\/schema\/logo\/image\/"},"sameAs":["https:\/\/www.facebook.com\/SonoraEE\/","https:\/\/x.com\/sonoraenequipo","https:\/\/www.youtube.com\/channel\/UC338nW-lPEYmJQs4ZABQ1SQ"]},{"@type":"Person","@id":"https:\/\/www.sonoraenequipo.com.mx\/#\/schema\/person\/50102df0fb23a8fa9e8effad8fa81386","name":"enequipo","image":{"@type":"ImageObject","inLanguage":"es","@id":"https:\/\/www.sonoraenequipo.com.mx\/#\/schema\/person\/image\/","url":"https:\/\/secure.gravatar.com\/avatar\/049821681b589dabc0bc20695993ccebb09f5b5d4d790cd9251b97faac7c652b?s=96&d=blank&r=g","contentUrl":"https:\/\/secure.gravatar.com\/avatar\/049821681b589dabc0bc20695993ccebb09f5b5d4d790cd9251b97faac7c652b?s=96&d=blank&r=g","caption":"enequipo"},"sameAs":["https:\/\/www.facebook.com\/SonoraEE"]}]}},"jetpack_featured_media_url":"https:\/\/www.sonoraenequipo.com.mx\/storage\/2024\/11\/expo-ganadera-sinaloa-se-cancela-por-violencia-min.jpg","_links":{"self":[{"href":"https:\/\/www.sonoraenequipo.com.mx\/api\/wp\/v2\/posts\/203885","targetHints":{"allow":["GET"]}}],"collection":[{"href":"https:\/\/www.sonoraenequipo.com.mx\/api\/wp\/v2\/posts"}],"about":[{"href":"https:\/\/www.sonoraenequipo.com.mx\/api\/wp\/v2\/types\/post"}],"author":[{"embeddable":true,"href":"https:\/\/www.sonoraenequipo.com.mx\/api\/wp\/v2\/users\/1"}],"replies":[{"embeddable":true,"href":"https:\/\/www.sonoraenequipo.com.mx\/api\/wp\/v2\/comments?post=203885"}],"version-history":[{"count":2,"href":"https:\/\/www.sonoraenequipo.com.mx\/api\/wp\/v2\/posts\/203885\/revisions"}],"predecessor-version":[{"id":203894,"href":"https:\/\/www.sonoraenequipo.com.mx\/api\/wp\/v2\/posts\/203885\/revisions\/203894"}],"wp:featuredmedia":[{"embeddable":true,"href":"https:\/\/www.sonoraenequipo.com.mx\/api\/wp\/v2\/media\/203886"}],"wp:attachment":[{"href":"https:\/\/www.sonoraenequipo.com.mx\/api\/wp\/v2\/media?parent=203885"}],"wp:term":[{"taxonomy":"category","embeddable":true,"href":"https:\/\/www.sonoraenequipo.com.mx\/api\/wp\/v2\/categories?post=203885"},{"taxonomy":"post_tag","embeddable":true,"href":"https:\/\/www.sonoraenequipo.com.mx\/api\/wp\/v2\/tags?post=203885"}],"curies":[{"name":"wp","href":"https:\/\/api.w.org\/{rel}","templated":true}]}}