{"id":203888,"date":"2024-11-11T10:45:00","date_gmt":"2024-11-11T17:45:00","guid":{"rendered":"https:\/\/www.sonoraenequipo.com.mx\/?p=203888"},"modified":"2024-11-11T12:46:21","modified_gmt":"2024-11-11T19:46:21","slug":"llama-zaldivar-a-participar-en-proceso-de-seleccion-de-jueces","status":"publish","type":"post","link":"https:\/\/www.sonoraenequipo.com.mx\/llama-zaldivar-a-participar-en-proceso-de-seleccion-de-jueces\/","title":{"rendered":"Llama Zald\u00edvar a participar en proceso de selecci\u00f3n de jueces"},"content":{"rendered":"<p><b>CIUDAD DE M\u00c9XICO. MX. \u2014 <\/b>El ministro en retiro Arturo Zald\u00edvar ha hecho un llamado a la poblaci\u00f3n para participar en el proceso de selecci\u00f3n de jueces, magistrados y ministros del Poder Judicial de la Federaci\u00f3n. Durante la conferencia matutina de la presidenta Claudia Sheinbaum, Zald\u00edvar destac\u00f3 la importancia de esta convocatoria, que forma parte de la reciente reforma constitucional al Poder Judicial. Esta reforma busca democratizar la elecci\u00f3n de los funcionarios judiciales a trav\u00e9s de votaciones abiertas.<\/p>\n<p>&nbsp;<\/p>\n<p>&nbsp;<\/p>\n<p> <\/p>\n<p>Zald\u00edvar subray\u00f3 que esta es una oportunidad \u00fanica para los licenciados en derecho, especialmente para los j\u00f3venes de las regiones m\u00e1s apartadas del pa\u00eds, quienes ahora tienen la posibilidad de integrarse al sistema judicial. El proceso de inscripci\u00f3n, que estar\u00e1 abierto hasta el 24 de noviembre, se realiza a trav\u00e9s de un micrositio web habilitado espec\u00edficamente para este prop\u00f3sito.<\/p>\n<p>&nbsp;<\/p>\n<p>&nbsp;<\/p>\n<p>El ministro en retiro, Arturo Zald\u00edvar, dio a conocer los avances para el proceso de selecci\u00f3n de juezas, jueces, ministras y ministros del Poder Judicial.<\/p>\n<p>&nbsp;<\/p>\n<p>El actual coordinador general de Pol\u00edtica y Gobierno de la Presidencia de M\u00e9xico explic\u00f3 que, tras la constituci\u00f3n del Comit\u00e9 de Evaluaci\u00f3n del poder ejecutivo el 31 de octubre y el lanzamiento de la convocatoria el 4 de noviembre, ya est\u00e1 disponible un micrositio para que las personas interesadas se inscriban en el proceso.<\/p>\n<p>&nbsp;<\/p>\n<p>&nbsp;<\/p>\n<p>La convocatoria, abierta hasta el 24 de noviembre, est\u00e1 dirigida a licenciados y licenciadas en derecho, especialmente j\u00f3venes, que cumplan con los requisitos constitucionales.<\/p>\n<p>&nbsp;<\/p>\n<p>&nbsp;<\/p>\n<p>&nbsp;<\/p>\n<p>Hizo un llamado a quienes tienen vocaci\u00f3n de servicio, resaltando la importancia de un poder judicial \u201cm\u00e1s humano, m\u00e1s sensible, m\u00e1s plural, que est\u00e9 mucho m\u00e1s cercano a la gente\u201d.<\/p>\n<p>&nbsp;<\/p>\n<p>&nbsp;<\/p>\n<p>&nbsp;<\/p>\n<p>Seg\u00fan Zald\u00edvar, se necesita un sistema judicial que \u201cno sirva a la oligarqu\u00eda, sino que emane del pueblo de M\u00e9xico para servir al pueblo de M\u00e9xico\u201d.<\/p>\n<p>&nbsp;<\/p>\n<p>&nbsp;<\/p>\n<p>El ministro en retiro enfatiz\u00f3 la necesidad de contar con candidatos honestos y comprometidos con la justicia, comparando la importancia de esta selecci\u00f3n con la figura hist\u00f3rica de Benito Ju\u00e1rez. Adem\u00e1s, mencion\u00f3 que el proceso incluir\u00e1 entrevistas p\u00fablicas para garantizar la transparencia y permitir que la ciudadan\u00eda conozca a los aspirantes.<\/p>\n<p>&nbsp;<\/p>\n<p>&nbsp;<\/p>\n<p>Esta convocatoria ha sido recibida con gran inter\u00e9s, y se espera que muchos j\u00f3venes abogados se inscriban para participar en este proceso transformador. Zald\u00edvar concluy\u00f3 su intervenci\u00f3n recordando que esta reforma no solo busca mejorar el sistema judicial, sino tambi\u00e9n hacer realidad los sue\u00f1os de muchos j\u00f3venes mexicanos que desean servir a su pa\u00eds a trav\u00e9s de la impartici\u00f3n de justicia.<\/p>\n<p>&nbsp;<\/p>\n<p>&nbsp;<\/p>\n<p>Zald\u00edvar agreg\u00f3 que en los centros de conciliaci\u00f3n y registro laboral en todo el pa\u00eds se brindar\u00e1 apoyo para realizar el registro y aclarar dudas, as\u00ed como asistencia adicional para personas ind\u00edgenas y con discapacidad.<\/p>\n<p>&nbsp;<\/p>\n<p>&nbsp;<\/p>\n<p>El proceso de inscripci\u00f3n requiere tener digitalizados en PDF los documentos solicitados y, en caso de no tener acceso a una computadora, Zald\u00edvar inform\u00f3 que pueden asistir a cualquiera de las oficinas del Centro Federal de Conciliaci\u00f3n y Registro Laboral.<\/p>\n<p>&nbsp;<\/p>\n<p>&nbsp;<\/p>\n<p>Esta reforma es una de las m\u00e1s transformadoras en la historia de M\u00e9xico, y no solo nos permitir\u00e1 tener el poder judicial que merece y exige el pueblo de M\u00e9xico, sino hacer realidad los sue\u00f1os de muchas y muchos j\u00f3venes<\/p>\n<p>&nbsp;<\/p>\n<p>&nbsp;<\/p>\n<p>&nbsp;<\/p>\n<p>PUBLICADO EL 11 DE NOVIEMBRE DE 2024 Con informaci\u00f3n de Conferencia matutina presidencial CSP1111.2024)<\/p>\n","protected":false},"excerpt":{"rendered":"<p>CIUDAD DE M\u00c9XICO. MX. \u2014 El ministro en retiro Arturo Zald\u00edvar ha hecho un llamado&#8230;<\/p>\n","protected":false},"author":1,"featured_media":203889,"comment_status":"open","ping_status":"open","sticky":false,"template":"","format":"standard","meta":{"_monsterinsights_skip_tracking":false,"_monsterinsights_sitenote_active":false,"_monsterinsights_sitenote_note":"","_monsterinsights_sitenote_category":0,"footnotes":""},"categories":[5],"tags":[],"class_list":["post"],"yoast_head":" \n<title>Sonora en Equipo. Llama Zald\u00edvar a participar en proceso de selecci\u00f3n de jueces Rep\u00fablica<\/title>\n<meta name=\"description\" content=\"CIUDAD DE M\u00c9XICO. MX. \u2014 El ministro en retiro Arturo Zald\u00edvar ha hecho un llamado a la poblaci\u00f3n para participar en el proceso de selecci\u00f3n de jueces, En Sonora en Equipo publicamos toda la informaci\u00f3n de Sonora, M\u00e9xico y el Mundo de manera oportuna y busca que la libertad de expresi\u00f3n sea real. Visita nuestro medio informativo publicado desde Hermosillo, Sonora. %\" \/>\n<meta name=\"robots\" content=\"index, follow, max-snippet:-1, max-image-preview:large, max-video-preview:-1\" \/>\n<link rel=\"canonical\" href=\"https:\/\/www.sonoraenequipo.com.mx\/llama-zaldivar-a-participar-en-proceso-de-seleccion-de-jueces\/\" \/>\n<meta property=\"og:locale\" content=\"es_ES\" \/>\n<meta property=\"og:type\" content=\"article\" \/>\n<meta property=\"og:title\" content=\"Sonora en Equipo. Llama Zald\u00edvar a participar en proceso de selecci\u00f3n de jueces Rep\u00fablica\" \/>\n<meta property=\"og:description\" content=\"CIUDAD DE M\u00c9XICO. MX. \u2014 El ministro en retiro Arturo Zald\u00edvar ha hecho un llamado a la poblaci\u00f3n para participar en el proceso de selecci\u00f3n de jueces, En Sonora en Equipo publicamos toda la informaci\u00f3n de Sonora, M\u00e9xico y el Mundo de manera oportuna y busca que la libertad de expresi\u00f3n sea real. Visita nuestro medio informativo publicado desde Hermosillo, Sonora. %\" \/>\n<meta property=\"og:url\" content=\"https:\/\/www.sonoraenequipo.com.mx\/llama-zaldivar-a-participar-en-proceso-de-seleccion-de-jueces\/\" \/>\n<meta property=\"og:site_name\" content=\"Sonora en Equipo.\" \/>\n<meta property=\"article:publisher\" content=\"https:\/\/www.facebook.com\/SonoraEE\/\" \/>\n<meta property=\"article:author\" content=\"https:\/\/www.facebook.com\/SonoraEE\" \/>\n<meta property=\"article:published_time\" content=\"2024-11-11T17:45:00+00:00\" \/>\n<meta property=\"article:modified_time\" content=\"2024-11-11T19:46:21+00:00\" \/>\n<meta property=\"og:image\" content=\"https:\/\/www.sonoraenequipo.com.mx\/storage\/2024\/11\/arturo-saldivar-min.jpg\" \/>\n\t<meta property=\"og:image:width\" content=\"915\" \/>\n\t<meta property=\"og:image:height\" content=\"506\" \/>\n\t<meta property=\"og:image:type\" content=\"image\/jpeg\" \/>\n<meta name=\"author\" content=\"enequipo\" \/>\n<meta name=\"twitter:card\" content=\"summary_large_image\" \/>\n<meta name=\"twitter:creator\" content=\"@sonoraenequipo\" \/>\n<meta name=\"twitter:site\" content=\"@sonoraenequipo\" \/>\n<meta name=\"twitter:label1\" content=\"Escrito por\" \/>\n\t<meta name=\"twitter:data1\" content=\"enequipo\" \/>\n\t<meta name=\"twitter:label2\" content=\"Tiempo de lectura\" \/>\n\t<meta name=\"twitter:data2\" content=\"3 minutos\" \/>\n<script type=\"application\/ld+json\" class=\"yoast-schema-graph\">{\"@context\":\"https:\/\/schema.org\",\"@graph\":[{\"@type\":\"Article\",\"@id\":\"https:\/\/www.sonoraenequipo.com.mx\/llama-zaldivar-a-participar-en-proceso-de-seleccion-de-jueces\/#article\",\"isPartOf\":{\"@id\":\"https:\/\/www.sonoraenequipo.com.mx\/llama-zaldivar-a-participar-en-proceso-de-seleccion-de-jueces\/\"},\"author\":{\"name\":\"enequipo\",\"@id\":\"https:\/\/www.sonoraenequipo.com.mx\/#\/schema\/person\/50102df0fb23a8fa9e8effad8fa81386\"},\"headline\":\"Llama Zald\u00edvar a participar en proceso de selecci\u00f3n de jueces\",\"datePublished\":\"2024-11-11T17:45:00+00:00\",\"dateModified\":\"2024-11-11T19:46:21+00:00\",\"mainEntityOfPage\":{\"@id\":\"https:\/\/www.sonoraenequipo.com.mx\/llama-zaldivar-a-participar-en-proceso-de-seleccion-de-jueces\/\"},\"wordCount\":630,\"commentCount\":0,\"publisher\":{\"@id\":\"https:\/\/www.sonoraenequipo.com.mx\/#organization\"},\"image\":{\"@id\":\"https:\/\/www.sonoraenequipo.com.mx\/llama-zaldivar-a-participar-en-proceso-de-seleccion-de-jueces\/#primaryimage\"},\"thumbnailUrl\":\"https:\/\/www.sonoraenequipo.com.mx\/storage\/2024\/11\/arturo-saldivar-min.jpg\",\"articleSection\":[\"Rep\u00fablica\"],\"inLanguage\":\"es\",\"potentialAction\":[{\"@type\":\"CommentAction\",\"name\":\"Comment\",\"target\":[\"https:\/\/www.sonoraenequipo.com.mx\/llama-zaldivar-a-participar-en-proceso-de-seleccion-de-jueces\/#respond\"]}]},{\"@type\":\"WebPage\",\"@id\":\"https:\/\/www.sonoraenequipo.com.mx\/llama-zaldivar-a-participar-en-proceso-de-seleccion-de-jueces\/\",\"url\":\"https:\/\/www.sonoraenequipo.com.mx\/llama-zaldivar-a-participar-en-proceso-de-seleccion-de-jueces\/\",\"name\":\"Sonora en Equipo. Llama Zald\u00edvar a participar en proceso de selecci\u00f3n de jueces Rep\u00fablica\",\"isPartOf\":{\"@id\":\"https:\/\/www.sonoraenequipo.com.mx\/#website\"},\"primaryImageOfPage\":{\"@id\":\"https:\/\/www.sonoraenequipo.com.mx\/llama-zaldivar-a-participar-en-proceso-de-seleccion-de-jueces\/#primaryimage\"},\"image\":{\"@id\":\"https:\/\/www.sonoraenequipo.com.mx\/llama-zaldivar-a-participar-en-proceso-de-seleccion-de-jueces\/#primaryimage\"},\"thumbnailUrl\":\"https:\/\/www.sonoraenequipo.com.mx\/storage\/2024\/11\/arturo-saldivar-min.jpg\",\"datePublished\":\"2024-11-11T17:45:00+00:00\",\"dateModified\":\"2024-11-11T19:46:21+00:00\",\"description\":\"CIUDAD DE M\u00c9XICO. MX. \u2014 El ministro en retiro Arturo Zald\u00edvar ha hecho un llamado a la poblaci\u00f3n para participar en el proceso de selecci\u00f3n de jueces, En Sonora en Equipo publicamos toda la informaci\u00f3n de Sonora, M\u00e9xico y el Mundo de manera oportuna y busca que la libertad de expresi\u00f3n sea real. Visita nuestro medio informativo publicado desde Hermosillo, Sonora. %\",\"breadcrumb\":{\"@id\":\"https:\/\/www.sonoraenequipo.com.mx\/llama-zaldivar-a-participar-en-proceso-de-seleccion-de-jueces\/#breadcrumb\"},\"inLanguage\":\"es\",\"potentialAction\":[{\"@type\":\"ReadAction\",\"target\":[\"https:\/\/www.sonoraenequipo.com.mx\/llama-zaldivar-a-participar-en-proceso-de-seleccion-de-jueces\/\"]}]},{\"@type\":\"ImageObject\",\"inLanguage\":\"es\",\"@id\":\"https:\/\/www.sonoraenequipo.com.mx\/llama-zaldivar-a-participar-en-proceso-de-seleccion-de-jueces\/#primaryimage\",\"url\":\"https:\/\/www.sonoraenequipo.com.mx\/storage\/2024\/11\/arturo-saldivar-min.jpg\",\"contentUrl\":\"https:\/\/www.sonoraenequipo.com.mx\/storage\/2024\/11\/arturo-saldivar-min.jpg\",\"width\":915,\"height\":506},{\"@type\":\"BreadcrumbList\",\"@id\":\"https:\/\/www.sonoraenequipo.com.mx\/llama-zaldivar-a-participar-en-proceso-de-seleccion-de-jueces\/#breadcrumb\",\"itemListElement\":[{\"@type\":\"ListItem\",\"position\":1,\"name\":\"Portada\",\"item\":\"https:\/\/www.sonoraenequipo.com.mx\/\"},{\"@type\":\"ListItem\",\"position\":2,\"name\":\"Llama Zald\u00edvar a participar en proceso de selecci\u00f3n de jueces\"}]},{\"@type\":\"WebSite\",\"@id\":\"https:\/\/www.sonoraenequipo.com.mx\/#website\",\"url\":\"https:\/\/www.sonoraenequipo.com.mx\/\",\"name\":\"Sonora en Equipo.\",\"description\":\"Diario en l\u00ednea con Noticias desde Hermosillo, Sonora\",\"publisher\":{\"@id\":\"https:\/\/www.sonoraenequipo.com.mx\/#organization\"},\"potentialAction\":[{\"@type\":\"SearchAction\",\"target\":{\"@type\":\"EntryPoint\",\"urlTemplate\":\"https:\/\/www.sonoraenequipo.com.mx\/?s={search_term_string}\"},\"query-input\":{\"@type\":\"PropertyValueSpecification\",\"valueRequired\":true,\"valueName\":\"search_term_string\"}}],\"inLanguage\":\"es\"},{\"@type\":\"Organization\",\"@id\":\"https:\/\/www.sonoraenequipo.com.mx\/#organization\",\"name\":\"Sonoraenequipo.com.mx\",\"url\":\"https:\/\/www.sonoraenequipo.com.mx\/\",\"logo\":{\"@type\":\"ImageObject\",\"inLanguage\":\"es\",\"@id\":\"https:\/\/www.sonoraenequipo.com.mx\/#\/schema\/logo\/image\/\",\"url\":\"https:\/\/www.sonoraenequipo.com.mx\/storage\/2019\/01\/sonoraenequipo_opt.png\",\"contentUrl\":\"https:\/\/www.sonoraenequipo.com.mx\/storage\/2019\/01\/sonoraenequipo_opt.png\",\"width\":375,\"height\":125,\"caption\":\"Sonoraenequipo.com.mx\"},\"image\":{\"@id\":\"https:\/\/www.sonoraenequipo.com.mx\/#\/schema\/logo\/image\/\"},\"sameAs\":[\"https:\/\/www.facebook.com\/SonoraEE\/\",\"https:\/\/x.com\/sonoraenequipo\",\"https:\/\/www.youtube.com\/channel\/UC338nW-lPEYmJQs4ZABQ1SQ\"]},{\"@type\":\"Person\",\"@id\":\"https:\/\/www.sonoraenequipo.com.mx\/#\/schema\/person\/50102df0fb23a8fa9e8effad8fa81386\",\"name\":\"enequipo\",\"image\":{\"@type\":\"ImageObject\",\"inLanguage\":\"es\",\"@id\":\"https:\/\/www.sonoraenequipo.com.mx\/#\/schema\/person\/image\/\",\"url\":\"https:\/\/secure.gravatar.com\/avatar\/049821681b589dabc0bc20695993ccebb09f5b5d4d790cd9251b97faac7c652b?s=96&d=blank&r=g\",\"contentUrl\":\"https:\/\/secure.gravatar.com\/avatar\/049821681b589dabc0bc20695993ccebb09f5b5d4d790cd9251b97faac7c652b?s=96&d=blank&r=g\",\"caption\":\"enequipo\"},\"sameAs\":[\"https:\/\/www.facebook.com\/SonoraEE\"]}]}<\/script>\n ","yoast_head_json":{"title":"Sonora en Equipo. Llama Zald\u00edvar a participar en proceso de selecci\u00f3n de jueces Rep\u00fablica","description":"CIUDAD DE M\u00c9XICO. MX. \u2014 El ministro en retiro Arturo Zald\u00edvar ha hecho un llamado a la poblaci\u00f3n para participar en el proceso de selecci\u00f3n de jueces, En Sonora en Equipo publicamos toda la informaci\u00f3n de Sonora, M\u00e9xico y el Mundo de manera oportuna y busca que la libertad de expresi\u00f3n sea real. Visita nuestro medio informativo publicado desde Hermosillo, Sonora. %","robots":{"index":"index","follow":"follow","max-snippet":"max-snippet:-1","max-image-preview":"max-image-preview:large","max-video-preview":"max-video-preview:-1"},"canonical":"https:\/\/www.sonoraenequipo.com.mx\/llama-zaldivar-a-participar-en-proceso-de-seleccion-de-jueces\/","og_locale":"es_ES","og_type":"article","og_title":"Sonora en Equipo. Llama Zald\u00edvar a participar en proceso de selecci\u00f3n de jueces Rep\u00fablica","og_description":"CIUDAD DE M\u00c9XICO. MX. \u2014 El ministro en retiro Arturo Zald\u00edvar ha hecho un llamado a la poblaci\u00f3n para participar en el proceso de selecci\u00f3n de jueces, En Sonora en Equipo publicamos toda la informaci\u00f3n de Sonora, M\u00e9xico y el Mundo de manera oportuna y busca que la libertad de expresi\u00f3n sea real. Visita nuestro medio informativo publicado desde Hermosillo, Sonora. %","og_url":"https:\/\/www.sonoraenequipo.com.mx\/llama-zaldivar-a-participar-en-proceso-de-seleccion-de-jueces\/","og_site_name":"Sonora en Equipo.","article_publisher":"https:\/\/www.facebook.com\/SonoraEE\/","article_author":"https:\/\/www.facebook.com\/SonoraEE","article_published_time":"2024-11-11T17:45:00+00:00","article_modified_time":"2024-11-11T19:46:21+00:00","og_image":[{"width":915,"height":506,"url":"https:\/\/www.sonoraenequipo.com.mx\/storage\/2024\/11\/arturo-saldivar-min.jpg","type":"image\/jpeg"}],"author":"enequipo","twitter_card":"summary_large_image","twitter_creator":"@sonoraenequipo","twitter_site":"@sonoraenequipo","twitter_misc":{"Escrito por":"enequipo","Tiempo de lectura":"3 minutos"},"schema":{"@context":"https:\/\/schema.org","@graph":[{"@type":"Article","@id":"https:\/\/www.sonoraenequipo.com.mx\/llama-zaldivar-a-participar-en-proceso-de-seleccion-de-jueces\/#article","isPartOf":{"@id":"https:\/\/www.sonoraenequipo.com.mx\/llama-zaldivar-a-participar-en-proceso-de-seleccion-de-jueces\/"},"author":{"name":"enequipo","@id":"https:\/\/www.sonoraenequipo.com.mx\/#\/schema\/person\/50102df0fb23a8fa9e8effad8fa81386"},"headline":"Llama Zald\u00edvar a participar en proceso de selecci\u00f3n de jueces","datePublished":"2024-11-11T17:45:00+00:00","dateModified":"2024-11-11T19:46:21+00:00","mainEntityOfPage":{"@id":"https:\/\/www.sonoraenequipo.com.mx\/llama-zaldivar-a-participar-en-proceso-de-seleccion-de-jueces\/"},"wordCount":630,"commentCount":0,"publisher":{"@id":"https:\/\/www.sonoraenequipo.com.mx\/#organization"},"image":{"@id":"https:\/\/www.sonoraenequipo.com.mx\/llama-zaldivar-a-participar-en-proceso-de-seleccion-de-jueces\/#primaryimage"},"thumbnailUrl":"https:\/\/www.sonoraenequipo.com.mx\/storage\/2024\/11\/arturo-saldivar-min.jpg","articleSection":["Rep\u00fablica"],"inLanguage":"es","potentialAction":[{"@type":"CommentAction","name":"Comment","target":["https:\/\/www.sonoraenequipo.com.mx\/llama-zaldivar-a-participar-en-proceso-de-seleccion-de-jueces\/#respond"]}]},{"@type":"WebPage","@id":"https:\/\/www.sonoraenequipo.com.mx\/llama-zaldivar-a-participar-en-proceso-de-seleccion-de-jueces\/","url":"https:\/\/www.sonoraenequipo.com.mx\/llama-zaldivar-a-participar-en-proceso-de-seleccion-de-jueces\/","name":"Sonora en Equipo. Llama Zald\u00edvar a participar en proceso de selecci\u00f3n de jueces Rep\u00fablica","isPartOf":{"@id":"https:\/\/www.sonoraenequipo.com.mx\/#website"},"primaryImageOfPage":{"@id":"https:\/\/www.sonoraenequipo.com.mx\/llama-zaldivar-a-participar-en-proceso-de-seleccion-de-jueces\/#primaryimage"},"image":{"@id":"https:\/\/www.sonoraenequipo.com.mx\/llama-zaldivar-a-participar-en-proceso-de-seleccion-de-jueces\/#primaryimage"},"thumbnailUrl":"https:\/\/www.sonoraenequipo.com.mx\/storage\/2024\/11\/arturo-saldivar-min.jpg","datePublished":"2024-11-11T17:45:00+00:00","dateModified":"2024-11-11T19:46:21+00:00","description":"CIUDAD DE M\u00c9XICO. MX. \u2014 El ministro en retiro Arturo Zald\u00edvar ha hecho un llamado a la poblaci\u00f3n para participar en el proceso de selecci\u00f3n de jueces, En Sonora en Equipo publicamos toda la informaci\u00f3n de Sonora, M\u00e9xico y el Mundo de manera oportuna y busca que la libertad de expresi\u00f3n sea real. Visita nuestro medio informativo publicado desde Hermosillo, Sonora. %","breadcrumb":{"@id":"https:\/\/www.sonoraenequipo.com.mx\/llama-zaldivar-a-participar-en-proceso-de-seleccion-de-jueces\/#breadcrumb"},"inLanguage":"es","potentialAction":[{"@type":"ReadAction","target":["https:\/\/www.sonoraenequipo.com.mx\/llama-zaldivar-a-participar-en-proceso-de-seleccion-de-jueces\/"]}]},{"@type":"ImageObject","inLanguage":"es","@id":"https:\/\/www.sonoraenequipo.com.mx\/llama-zaldivar-a-participar-en-proceso-de-seleccion-de-jueces\/#primaryimage","url":"https:\/\/www.sonoraenequipo.com.mx\/storage\/2024\/11\/arturo-saldivar-min.jpg","contentUrl":"https:\/\/www.sonoraenequipo.com.mx\/storage\/2024\/11\/arturo-saldivar-min.jpg","width":915,"height":506},{"@type":"BreadcrumbList","@id":"https:\/\/www.sonoraenequipo.com.mx\/llama-zaldivar-a-participar-en-proceso-de-seleccion-de-jueces\/#breadcrumb","itemListElement":[{"@type":"ListItem","position":1,"name":"Portada","item":"https:\/\/www.sonoraenequipo.com.mx\/"},{"@type":"ListItem","position":2,"name":"Llama Zald\u00edvar a participar en proceso de selecci\u00f3n de jueces"}]},{"@type":"WebSite","@id":"https:\/\/www.sonoraenequipo.com.mx\/#website","url":"https:\/\/www.sonoraenequipo.com.mx\/","name":"Sonora en Equipo.","description":"Diario en l\u00ednea con Noticias desde Hermosillo, Sonora","publisher":{"@id":"https:\/\/www.sonoraenequipo.com.mx\/#organization"},"potentialAction":[{"@type":"SearchAction","target":{"@type":"EntryPoint","urlTemplate":"https:\/\/www.sonoraenequipo.com.mx\/?s={search_term_string}"},"query-input":{"@type":"PropertyValueSpecification","valueRequired":true,"valueName":"search_term_string"}}],"inLanguage":"es"},{"@type":"Organization","@id":"https:\/\/www.sonoraenequipo.com.mx\/#organization","name":"Sonoraenequipo.com.mx","url":"https:\/\/www.sonoraenequipo.com.mx\/","logo":{"@type":"ImageObject","inLanguage":"es","@id":"https:\/\/www.sonoraenequipo.com.mx\/#\/schema\/logo\/image\/","url":"https:\/\/www.sonoraenequipo.com.mx\/storage\/2019\/01\/sonoraenequipo_opt.png","contentUrl":"https:\/\/www.sonoraenequipo.com.mx\/storage\/2019\/01\/sonoraenequipo_opt.png","width":375,"height":125,"caption":"Sonoraenequipo.com.mx"},"image":{"@id":"https:\/\/www.sonoraenequipo.com.mx\/#\/schema\/logo\/image\/"},"sameAs":["https:\/\/www.facebook.com\/SonoraEE\/","https:\/\/x.com\/sonoraenequipo","https:\/\/www.youtube.com\/channel\/UC338nW-lPEYmJQs4ZABQ1SQ"]},{"@type":"Person","@id":"https:\/\/www.sonoraenequipo.com.mx\/#\/schema\/person\/50102df0fb23a8fa9e8effad8fa81386","name":"enequipo","image":{"@type":"ImageObject","inLanguage":"es","@id":"https:\/\/www.sonoraenequipo.com.mx\/#\/schema\/person\/image\/","url":"https:\/\/secure.gravatar.com\/avatar\/049821681b589dabc0bc20695993ccebb09f5b5d4d790cd9251b97faac7c652b?s=96&d=blank&r=g","contentUrl":"https:\/\/secure.gravatar.com\/avatar\/049821681b589dabc0bc20695993ccebb09f5b5d4d790cd9251b97faac7c652b?s=96&d=blank&r=g","caption":"enequipo"},"sameAs":["https:\/\/www.facebook.com\/SonoraEE"]}]}},"jetpack_featured_media_url":"https:\/\/www.sonoraenequipo.com.mx\/storage\/2024\/11\/arturo-saldivar-min.jpg","_links":{"self":[{"href":"https:\/\/www.sonoraenequipo.com.mx\/api\/wp\/v2\/posts\/203888","targetHints":{"allow":["GET"]}}],"collection":[{"href":"https:\/\/www.sonoraenequipo.com.mx\/api\/wp\/v2\/posts"}],"about":[{"href":"https:\/\/www.sonoraenequipo.com.mx\/api\/wp\/v2\/types\/post"}],"author":[{"embeddable":true,"href":"https:\/\/www.sonoraenequipo.com.mx\/api\/wp\/v2\/users\/1"}],"replies":[{"embeddable":true,"href":"https:\/\/www.sonoraenequipo.com.mx\/api\/wp\/v2\/comments?post=203888"}],"version-history":[{"count":1,"href":"https:\/\/www.sonoraenequipo.com.mx\/api\/wp\/v2\/posts\/203888\/revisions"}],"predecessor-version":[{"id":203890,"href":"https:\/\/www.sonoraenequipo.com.mx\/api\/wp\/v2\/posts\/203888\/revisions\/203890"}],"wp:featuredmedia":[{"embeddable":true,"href":"https:\/\/www.sonoraenequipo.com.mx\/api\/wp\/v2\/media\/203889"}],"wp:attachment":[{"href":"https:\/\/www.sonoraenequipo.com.mx\/api\/wp\/v2\/media?parent=203888"}],"wp:term":[{"taxonomy":"category","embeddable":true,"href":"https:\/\/www.sonoraenequipo.com.mx\/api\/wp\/v2\/categories?post=203888"},{"taxonomy":"post_tag","embeddable":true,"href":"https:\/\/www.sonoraenequipo.com.mx\/api\/wp\/v2\/tags?post=203888"}],"curies":[{"name":"wp","href":"https:\/\/api.w.org\/{rel}","templated":true}]}}