{"id":203902,"date":"2024-11-11T13:58:54","date_gmt":"2024-11-11T20:58:54","guid":{"rendered":"https:\/\/www.sonoraenequipo.com.mx\/?p=203902"},"modified":"2024-11-11T13:58:54","modified_gmt":"2024-11-11T20:58:54","slug":"firma-gobernador-durazo-acuerdo-con-fondo-de-cultura-economica","status":"publish","type":"post","link":"https:\/\/www.sonoraenequipo.com.mx\/firma-gobernador-durazo-acuerdo-con-fondo-de-cultura-economica\/","title":{"rendered":"Firma Gobernador Durazo acuerdo con Fondo de Cultura Econ\u00f3mica"},"content":{"rendered":"<p><strong>HERMOSILLO, SONORA, MX.<\/strong> \u2014 Sonora fortalece el fomento a la lectura m\u00e1s grande del pa\u00eds con la firma de un convenio entre el gobernador Alfonso Durazo Monta\u00f1o y el director del Fondo de Cultura Econ\u00f3mica, Paco Ignacio Taibo II, mediante el cual se establecer\u00e1 una librer\u00eda m\u00f3vil en Ciudad Obreg\u00f3n.<\/p>\n<p>&nbsp;<\/p>\n<p>&nbsp;<\/p>\n<p>&nbsp;<\/p>\n<p>El jefe del Ejecutivo estatal destac\u00f3 que, desde el lanzamiento del Plan Sonora de Fomento a la Lectura hace un a\u00f1o, se han creado dos mil 89 Nidos de Lectura en la entidad, con m\u00e1s de un mill\u00f3n de participantes en 37 mil actividades.<\/p>\n<p>&nbsp;<\/p>\n<p>&nbsp;<\/p>\n<p>&nbsp;<\/p>\n<p>\u201cEn el marco de este acuerdo que estamos firmando hoy, vamos a concretar la creaci\u00f3n de la librer\u00eda en Ciudad Obreg\u00f3n. Necesitamos un punto de confluencia con gran afluencia de personas, que facilite la comercializaci\u00f3n de los libros que se ofrecer\u00e1n en esta biblioteca\u201d, subray\u00f3.<\/p>\n<p>&nbsp;<\/p>\n<p>&nbsp;<\/p>\n<p>&nbsp;<\/p>\n<p>Por su parte, Paco Ignacio Taibo II habl\u00f3 sobre la relevancia de este tipo de acciones para promover el gusto por la lectura y la educaci\u00f3n en las nuevas generaciones.<\/p>\n<p>&nbsp;<\/p>\n<p>&nbsp;<\/p>\n<p>&nbsp;<\/p>\n<p>\u201cActualmente, el Plan Sonora es el programa de fomento a la lectura m\u00e1s grande del pa\u00eds\u201d, asegur\u00f3.<\/p>\n<p><strong>Fecha de publicaci\u00f3n lunes 11 \u00a0de noviembre de 2024 \/ <\/strong><\/p>\n","protected":false},"excerpt":{"rendered":"<p>HERMOSILLO, SONORA, MX. \u2014 Sonora fortalece el fomento a la lectura m\u00e1s grande del pa\u00eds&#8230;<\/p>\n","protected":false},"author":1,"featured_media":203903,"comment_status":"open","ping_status":"open","sticky":false,"template":"","format":"standard","meta":{"_monsterinsights_skip_tracking":false,"_monsterinsights_sitenote_active":false,"_monsterinsights_sitenote_note":"","_monsterinsights_sitenote_category":0,"footnotes":""},"categories":[22],"tags":[204,9701,3510],"class_list":["post"],"yoast_head":" \n<title>Sonora en Equipo. Firma Gobernador Durazo acuerdo con Fondo de Cultura Econ\u00f3mica Sonora<\/title>\n<meta name=\"description\" content=\"HERMOSILLO, SONORA, MX. \u2014 Sonora fortalece el fomento a la lectura m\u00e1s grande del pa\u00eds con la firma de un convenio entre el gobernador Alfonso Durazo En Sonora en Equipo publicamos toda la informaci\u00f3n de Sonora, M\u00e9xico y el Mundo de manera oportuna y busca que la libertad de expresi\u00f3n sea real. Visita nuestro medio informativo publicado desde Hermosillo, Sonora. %\" \/>\n<meta name=\"robots\" content=\"index, follow, max-snippet:-1, max-image-preview:large, max-video-preview:-1\" \/>\n<link rel=\"canonical\" href=\"https:\/\/www.sonoraenequipo.com.mx\/firma-gobernador-durazo-acuerdo-con-fondo-de-cultura-economica\/\" \/>\n<meta property=\"og:locale\" content=\"es_ES\" \/>\n<meta property=\"og:type\" content=\"article\" \/>\n<meta property=\"og:title\" content=\"Sonora en Equipo. Firma Gobernador Durazo acuerdo con Fondo de Cultura Econ\u00f3mica Sonora\" \/>\n<meta property=\"og:description\" content=\"HERMOSILLO, SONORA, MX. \u2014 Sonora fortalece el fomento a la lectura m\u00e1s grande del pa\u00eds con la firma de un convenio entre el gobernador Alfonso Durazo En Sonora en Equipo publicamos toda la informaci\u00f3n de Sonora, M\u00e9xico y el Mundo de manera oportuna y busca que la libertad de expresi\u00f3n sea real. Visita nuestro medio informativo publicado desde Hermosillo, Sonora. %\" \/>\n<meta property=\"og:url\" content=\"https:\/\/www.sonoraenequipo.com.mx\/firma-gobernador-durazo-acuerdo-con-fondo-de-cultura-economica\/\" \/>\n<meta property=\"og:site_name\" content=\"Sonora en Equipo.\" \/>\n<meta property=\"article:publisher\" content=\"https:\/\/www.facebook.com\/SonoraEE\/\" \/>\n<meta property=\"article:author\" content=\"https:\/\/www.facebook.com\/SonoraEE\" \/>\n<meta property=\"article:published_time\" content=\"2024-11-11T20:58:54+00:00\" \/>\n<meta property=\"og:image\" content=\"https:\/\/www.sonoraenequipo.com.mx\/storage\/2024\/11\/fondo.jpg\" \/>\n\t<meta property=\"og:image:width\" content=\"600\" \/>\n\t<meta property=\"og:image:height\" content=\"402\" \/>\n\t<meta property=\"og:image:type\" content=\"image\/jpeg\" \/>\n<meta name=\"author\" content=\"enequipo\" \/>\n<meta name=\"twitter:card\" content=\"summary_large_image\" \/>\n<meta name=\"twitter:creator\" content=\"@sonoraenequipo\" \/>\n<meta name=\"twitter:site\" content=\"@sonoraenequipo\" \/>\n<meta name=\"twitter:label1\" content=\"Escrito por\" \/>\n\t<meta name=\"twitter:data1\" content=\"enequipo\" \/>\n\t<meta name=\"twitter:label2\" content=\"Tiempo de lectura\" \/>\n\t<meta name=\"twitter:data2\" content=\"1 minuto\" \/>\n<script type=\"application\/ld+json\" class=\"yoast-schema-graph\">{\"@context\":\"https:\/\/schema.org\",\"@graph\":[{\"@type\":\"Article\",\"@id\":\"https:\/\/www.sonoraenequipo.com.mx\/firma-gobernador-durazo-acuerdo-con-fondo-de-cultura-economica\/#article\",\"isPartOf\":{\"@id\":\"https:\/\/www.sonoraenequipo.com.mx\/firma-gobernador-durazo-acuerdo-con-fondo-de-cultura-economica\/\"},\"author\":{\"name\":\"enequipo\",\"@id\":\"https:\/\/www.sonoraenequipo.com.mx\/#\/schema\/person\/50102df0fb23a8fa9e8effad8fa81386\"},\"headline\":\"Firma Gobernador Durazo acuerdo con Fondo de Cultura Econ\u00f3mica\",\"datePublished\":\"2024-11-11T20:58:54+00:00\",\"mainEntityOfPage\":{\"@id\":\"https:\/\/www.sonoraenequipo.com.mx\/firma-gobernador-durazo-acuerdo-con-fondo-de-cultura-economica\/\"},\"wordCount\":231,\"commentCount\":0,\"publisher\":{\"@id\":\"https:\/\/www.sonoraenequipo.com.mx\/#organization\"},\"image\":{\"@id\":\"https:\/\/www.sonoraenequipo.com.mx\/firma-gobernador-durazo-acuerdo-con-fondo-de-cultura-economica\/#primaryimage\"},\"thumbnailUrl\":\"https:\/\/www.sonoraenequipo.com.mx\/storage\/2024\/11\/fondo.jpg\",\"keywords\":[\"cultura\",\"economica\",\"fondo\"],\"articleSection\":[\"Sonora\"],\"inLanguage\":\"es\",\"potentialAction\":[{\"@type\":\"CommentAction\",\"name\":\"Comment\",\"target\":[\"https:\/\/www.sonoraenequipo.com.mx\/firma-gobernador-durazo-acuerdo-con-fondo-de-cultura-economica\/#respond\"]}]},{\"@type\":\"WebPage\",\"@id\":\"https:\/\/www.sonoraenequipo.com.mx\/firma-gobernador-durazo-acuerdo-con-fondo-de-cultura-economica\/\",\"url\":\"https:\/\/www.sonoraenequipo.com.mx\/firma-gobernador-durazo-acuerdo-con-fondo-de-cultura-economica\/\",\"name\":\"Sonora en Equipo. Firma Gobernador Durazo acuerdo con Fondo de Cultura Econ\u00f3mica Sonora\",\"isPartOf\":{\"@id\":\"https:\/\/www.sonoraenequipo.com.mx\/#website\"},\"primaryImageOfPage\":{\"@id\":\"https:\/\/www.sonoraenequipo.com.mx\/firma-gobernador-durazo-acuerdo-con-fondo-de-cultura-economica\/#primaryimage\"},\"image\":{\"@id\":\"https:\/\/www.sonoraenequipo.com.mx\/firma-gobernador-durazo-acuerdo-con-fondo-de-cultura-economica\/#primaryimage\"},\"thumbnailUrl\":\"https:\/\/www.sonoraenequipo.com.mx\/storage\/2024\/11\/fondo.jpg\",\"datePublished\":\"2024-11-11T20:58:54+00:00\",\"description\":\"HERMOSILLO, SONORA, MX. \u2014 Sonora fortalece el fomento a la lectura m\u00e1s grande del pa\u00eds con la firma de un convenio entre el gobernador Alfonso Durazo En Sonora en Equipo publicamos toda la informaci\u00f3n de Sonora, M\u00e9xico y el Mundo de manera oportuna y busca que la libertad de expresi\u00f3n sea real. Visita nuestro medio informativo publicado desde Hermosillo, Sonora. %\",\"breadcrumb\":{\"@id\":\"https:\/\/www.sonoraenequipo.com.mx\/firma-gobernador-durazo-acuerdo-con-fondo-de-cultura-economica\/#breadcrumb\"},\"inLanguage\":\"es\",\"potentialAction\":[{\"@type\":\"ReadAction\",\"target\":[\"https:\/\/www.sonoraenequipo.com.mx\/firma-gobernador-durazo-acuerdo-con-fondo-de-cultura-economica\/\"]}]},{\"@type\":\"ImageObject\",\"inLanguage\":\"es\",\"@id\":\"https:\/\/www.sonoraenequipo.com.mx\/firma-gobernador-durazo-acuerdo-con-fondo-de-cultura-economica\/#primaryimage\",\"url\":\"https:\/\/www.sonoraenequipo.com.mx\/storage\/2024\/11\/fondo.jpg\",\"contentUrl\":\"https:\/\/www.sonoraenequipo.com.mx\/storage\/2024\/11\/fondo.jpg\",\"width\":600,\"height\":402},{\"@type\":\"BreadcrumbList\",\"@id\":\"https:\/\/www.sonoraenequipo.com.mx\/firma-gobernador-durazo-acuerdo-con-fondo-de-cultura-economica\/#breadcrumb\",\"itemListElement\":[{\"@type\":\"ListItem\",\"position\":1,\"name\":\"Portada\",\"item\":\"https:\/\/www.sonoraenequipo.com.mx\/\"},{\"@type\":\"ListItem\",\"position\":2,\"name\":\"Firma Gobernador Durazo acuerdo con Fondo de Cultura Econ\u00f3mica\"}]},{\"@type\":\"WebSite\",\"@id\":\"https:\/\/www.sonoraenequipo.com.mx\/#website\",\"url\":\"https:\/\/www.sonoraenequipo.com.mx\/\",\"name\":\"Sonora en Equipo.\",\"description\":\"Diario en l\u00ednea con Noticias desde Hermosillo, Sonora\",\"publisher\":{\"@id\":\"https:\/\/www.sonoraenequipo.com.mx\/#organization\"},\"potentialAction\":[{\"@type\":\"SearchAction\",\"target\":{\"@type\":\"EntryPoint\",\"urlTemplate\":\"https:\/\/www.sonoraenequipo.com.mx\/?s={search_term_string}\"},\"query-input\":{\"@type\":\"PropertyValueSpecification\",\"valueRequired\":true,\"valueName\":\"search_term_string\"}}],\"inLanguage\":\"es\"},{\"@type\":\"Organization\",\"@id\":\"https:\/\/www.sonoraenequipo.com.mx\/#organization\",\"name\":\"Sonoraenequipo.com.mx\",\"url\":\"https:\/\/www.sonoraenequipo.com.mx\/\",\"logo\":{\"@type\":\"ImageObject\",\"inLanguage\":\"es\",\"@id\":\"https:\/\/www.sonoraenequipo.com.mx\/#\/schema\/logo\/image\/\",\"url\":\"https:\/\/www.sonoraenequipo.com.mx\/storage\/2019\/01\/sonoraenequipo_opt.png\",\"contentUrl\":\"https:\/\/www.sonoraenequipo.com.mx\/storage\/2019\/01\/sonoraenequipo_opt.png\",\"width\":375,\"height\":125,\"caption\":\"Sonoraenequipo.com.mx\"},\"image\":{\"@id\":\"https:\/\/www.sonoraenequipo.com.mx\/#\/schema\/logo\/image\/\"},\"sameAs\":[\"https:\/\/www.facebook.com\/SonoraEE\/\",\"https:\/\/x.com\/sonoraenequipo\",\"https:\/\/www.youtube.com\/channel\/UC338nW-lPEYmJQs4ZABQ1SQ\"]},{\"@type\":\"Person\",\"@id\":\"https:\/\/www.sonoraenequipo.com.mx\/#\/schema\/person\/50102df0fb23a8fa9e8effad8fa81386\",\"name\":\"enequipo\",\"image\":{\"@type\":\"ImageObject\",\"inLanguage\":\"es\",\"@id\":\"https:\/\/www.sonoraenequipo.com.mx\/#\/schema\/person\/image\/\",\"url\":\"https:\/\/secure.gravatar.com\/avatar\/049821681b589dabc0bc20695993ccebb09f5b5d4d790cd9251b97faac7c652b?s=96&d=blank&r=g\",\"contentUrl\":\"https:\/\/secure.gravatar.com\/avatar\/049821681b589dabc0bc20695993ccebb09f5b5d4d790cd9251b97faac7c652b?s=96&d=blank&r=g\",\"caption\":\"enequipo\"},\"sameAs\":[\"https:\/\/www.facebook.com\/SonoraEE\"]}]}<\/script>\n ","yoast_head_json":{"title":"Sonora en Equipo. Firma Gobernador Durazo acuerdo con Fondo de Cultura Econ\u00f3mica Sonora","description":"HERMOSILLO, SONORA, MX. \u2014 Sonora fortalece el fomento a la lectura m\u00e1s grande del pa\u00eds con la firma de un convenio entre el gobernador Alfonso Durazo En Sonora en Equipo publicamos toda la informaci\u00f3n de Sonora, M\u00e9xico y el Mundo de manera oportuna y busca que la libertad de expresi\u00f3n sea real. Visita nuestro medio informativo publicado desde Hermosillo, Sonora. %","robots":{"index":"index","follow":"follow","max-snippet":"max-snippet:-1","max-image-preview":"max-image-preview:large","max-video-preview":"max-video-preview:-1"},"canonical":"https:\/\/www.sonoraenequipo.com.mx\/firma-gobernador-durazo-acuerdo-con-fondo-de-cultura-economica\/","og_locale":"es_ES","og_type":"article","og_title":"Sonora en Equipo. Firma Gobernador Durazo acuerdo con Fondo de Cultura Econ\u00f3mica Sonora","og_description":"HERMOSILLO, SONORA, MX. \u2014 Sonora fortalece el fomento a la lectura m\u00e1s grande del pa\u00eds con la firma de un convenio entre el gobernador Alfonso Durazo En Sonora en Equipo publicamos toda la informaci\u00f3n de Sonora, M\u00e9xico y el Mundo de manera oportuna y busca que la libertad de expresi\u00f3n sea real. Visita nuestro medio informativo publicado desde Hermosillo, Sonora. %","og_url":"https:\/\/www.sonoraenequipo.com.mx\/firma-gobernador-durazo-acuerdo-con-fondo-de-cultura-economica\/","og_site_name":"Sonora en Equipo.","article_publisher":"https:\/\/www.facebook.com\/SonoraEE\/","article_author":"https:\/\/www.facebook.com\/SonoraEE","article_published_time":"2024-11-11T20:58:54+00:00","og_image":[{"width":600,"height":402,"url":"https:\/\/www.sonoraenequipo.com.mx\/storage\/2024\/11\/fondo.jpg","type":"image\/jpeg"}],"author":"enequipo","twitter_card":"summary_large_image","twitter_creator":"@sonoraenequipo","twitter_site":"@sonoraenequipo","twitter_misc":{"Escrito por":"enequipo","Tiempo de lectura":"1 minuto"},"schema":{"@context":"https:\/\/schema.org","@graph":[{"@type":"Article","@id":"https:\/\/www.sonoraenequipo.com.mx\/firma-gobernador-durazo-acuerdo-con-fondo-de-cultura-economica\/#article","isPartOf":{"@id":"https:\/\/www.sonoraenequipo.com.mx\/firma-gobernador-durazo-acuerdo-con-fondo-de-cultura-economica\/"},"author":{"name":"enequipo","@id":"https:\/\/www.sonoraenequipo.com.mx\/#\/schema\/person\/50102df0fb23a8fa9e8effad8fa81386"},"headline":"Firma Gobernador Durazo acuerdo con Fondo de Cultura Econ\u00f3mica","datePublished":"2024-11-11T20:58:54+00:00","mainEntityOfPage":{"@id":"https:\/\/www.sonoraenequipo.com.mx\/firma-gobernador-durazo-acuerdo-con-fondo-de-cultura-economica\/"},"wordCount":231,"commentCount":0,"publisher":{"@id":"https:\/\/www.sonoraenequipo.com.mx\/#organization"},"image":{"@id":"https:\/\/www.sonoraenequipo.com.mx\/firma-gobernador-durazo-acuerdo-con-fondo-de-cultura-economica\/#primaryimage"},"thumbnailUrl":"https:\/\/www.sonoraenequipo.com.mx\/storage\/2024\/11\/fondo.jpg","keywords":["cultura","economica","fondo"],"articleSection":["Sonora"],"inLanguage":"es","potentialAction":[{"@type":"CommentAction","name":"Comment","target":["https:\/\/www.sonoraenequipo.com.mx\/firma-gobernador-durazo-acuerdo-con-fondo-de-cultura-economica\/#respond"]}]},{"@type":"WebPage","@id":"https:\/\/www.sonoraenequipo.com.mx\/firma-gobernador-durazo-acuerdo-con-fondo-de-cultura-economica\/","url":"https:\/\/www.sonoraenequipo.com.mx\/firma-gobernador-durazo-acuerdo-con-fondo-de-cultura-economica\/","name":"Sonora en Equipo. Firma Gobernador Durazo acuerdo con Fondo de Cultura Econ\u00f3mica Sonora","isPartOf":{"@id":"https:\/\/www.sonoraenequipo.com.mx\/#website"},"primaryImageOfPage":{"@id":"https:\/\/www.sonoraenequipo.com.mx\/firma-gobernador-durazo-acuerdo-con-fondo-de-cultura-economica\/#primaryimage"},"image":{"@id":"https:\/\/www.sonoraenequipo.com.mx\/firma-gobernador-durazo-acuerdo-con-fondo-de-cultura-economica\/#primaryimage"},"thumbnailUrl":"https:\/\/www.sonoraenequipo.com.mx\/storage\/2024\/11\/fondo.jpg","datePublished":"2024-11-11T20:58:54+00:00","description":"HERMOSILLO, SONORA, MX. \u2014 Sonora fortalece el fomento a la lectura m\u00e1s grande del pa\u00eds con la firma de un convenio entre el gobernador Alfonso Durazo En Sonora en Equipo publicamos toda la informaci\u00f3n de Sonora, M\u00e9xico y el Mundo de manera oportuna y busca que la libertad de expresi\u00f3n sea real. Visita nuestro medio informativo publicado desde Hermosillo, Sonora. %","breadcrumb":{"@id":"https:\/\/www.sonoraenequipo.com.mx\/firma-gobernador-durazo-acuerdo-con-fondo-de-cultura-economica\/#breadcrumb"},"inLanguage":"es","potentialAction":[{"@type":"ReadAction","target":["https:\/\/www.sonoraenequipo.com.mx\/firma-gobernador-durazo-acuerdo-con-fondo-de-cultura-economica\/"]}]},{"@type":"ImageObject","inLanguage":"es","@id":"https:\/\/www.sonoraenequipo.com.mx\/firma-gobernador-durazo-acuerdo-con-fondo-de-cultura-economica\/#primaryimage","url":"https:\/\/www.sonoraenequipo.com.mx\/storage\/2024\/11\/fondo.jpg","contentUrl":"https:\/\/www.sonoraenequipo.com.mx\/storage\/2024\/11\/fondo.jpg","width":600,"height":402},{"@type":"BreadcrumbList","@id":"https:\/\/www.sonoraenequipo.com.mx\/firma-gobernador-durazo-acuerdo-con-fondo-de-cultura-economica\/#breadcrumb","itemListElement":[{"@type":"ListItem","position":1,"name":"Portada","item":"https:\/\/www.sonoraenequipo.com.mx\/"},{"@type":"ListItem","position":2,"name":"Firma Gobernador Durazo acuerdo con Fondo de Cultura Econ\u00f3mica"}]},{"@type":"WebSite","@id":"https:\/\/www.sonoraenequipo.com.mx\/#website","url":"https:\/\/www.sonoraenequipo.com.mx\/","name":"Sonora en Equipo.","description":"Diario en l\u00ednea con Noticias desde Hermosillo, Sonora","publisher":{"@id":"https:\/\/www.sonoraenequipo.com.mx\/#organization"},"potentialAction":[{"@type":"SearchAction","target":{"@type":"EntryPoint","urlTemplate":"https:\/\/www.sonoraenequipo.com.mx\/?s={search_term_string}"},"query-input":{"@type":"PropertyValueSpecification","valueRequired":true,"valueName":"search_term_string"}}],"inLanguage":"es"},{"@type":"Organization","@id":"https:\/\/www.sonoraenequipo.com.mx\/#organization","name":"Sonoraenequipo.com.mx","url":"https:\/\/www.sonoraenequipo.com.mx\/","logo":{"@type":"ImageObject","inLanguage":"es","@id":"https:\/\/www.sonoraenequipo.com.mx\/#\/schema\/logo\/image\/","url":"https:\/\/www.sonoraenequipo.com.mx\/storage\/2019\/01\/sonoraenequipo_opt.png","contentUrl":"https:\/\/www.sonoraenequipo.com.mx\/storage\/2019\/01\/sonoraenequipo_opt.png","width":375,"height":125,"caption":"Sonoraenequipo.com.mx"},"image":{"@id":"https:\/\/www.sonoraenequipo.com.mx\/#\/schema\/logo\/image\/"},"sameAs":["https:\/\/www.facebook.com\/SonoraEE\/","https:\/\/x.com\/sonoraenequipo","https:\/\/www.youtube.com\/channel\/UC338nW-lPEYmJQs4ZABQ1SQ"]},{"@type":"Person","@id":"https:\/\/www.sonoraenequipo.com.mx\/#\/schema\/person\/50102df0fb23a8fa9e8effad8fa81386","name":"enequipo","image":{"@type":"ImageObject","inLanguage":"es","@id":"https:\/\/www.sonoraenequipo.com.mx\/#\/schema\/person\/image\/","url":"https:\/\/secure.gravatar.com\/avatar\/049821681b589dabc0bc20695993ccebb09f5b5d4d790cd9251b97faac7c652b?s=96&d=blank&r=g","contentUrl":"https:\/\/secure.gravatar.com\/avatar\/049821681b589dabc0bc20695993ccebb09f5b5d4d790cd9251b97faac7c652b?s=96&d=blank&r=g","caption":"enequipo"},"sameAs":["https:\/\/www.facebook.com\/SonoraEE"]}]}},"jetpack_featured_media_url":"https:\/\/www.sonoraenequipo.com.mx\/storage\/2024\/11\/fondo.jpg","_links":{"self":[{"href":"https:\/\/www.sonoraenequipo.com.mx\/api\/wp\/v2\/posts\/203902","targetHints":{"allow":["GET"]}}],"collection":[{"href":"https:\/\/www.sonoraenequipo.com.mx\/api\/wp\/v2\/posts"}],"about":[{"href":"https:\/\/www.sonoraenequipo.com.mx\/api\/wp\/v2\/types\/post"}],"author":[{"embeddable":true,"href":"https:\/\/www.sonoraenequipo.com.mx\/api\/wp\/v2\/users\/1"}],"replies":[{"embeddable":true,"href":"https:\/\/www.sonoraenequipo.com.mx\/api\/wp\/v2\/comments?post=203902"}],"version-history":[{"count":1,"href":"https:\/\/www.sonoraenequipo.com.mx\/api\/wp\/v2\/posts\/203902\/revisions"}],"predecessor-version":[{"id":203904,"href":"https:\/\/www.sonoraenequipo.com.mx\/api\/wp\/v2\/posts\/203902\/revisions\/203904"}],"wp:featuredmedia":[{"embeddable":true,"href":"https:\/\/www.sonoraenequipo.com.mx\/api\/wp\/v2\/media\/203903"}],"wp:attachment":[{"href":"https:\/\/www.sonoraenequipo.com.mx\/api\/wp\/v2\/media?parent=203902"}],"wp:term":[{"taxonomy":"category","embeddable":true,"href":"https:\/\/www.sonoraenequipo.com.mx\/api\/wp\/v2\/categories?post=203902"},{"taxonomy":"post_tag","embeddable":true,"href":"https:\/\/www.sonoraenequipo.com.mx\/api\/wp\/v2\/tags?post=203902"}],"curies":[{"name":"wp","href":"https:\/\/api.w.org\/{rel}","templated":true}]}}