{"id":203909,"date":"2024-11-11T14:32:40","date_gmt":"2024-11-11T21:32:40","guid":{"rendered":"https:\/\/www.sonoraenequipo.com.mx\/?p=203909"},"modified":"2024-11-11T19:23:27","modified_gmt":"2024-11-12T02:23:27","slug":"comienza-el-proceso-internacional-contra-la-reforma-judicial-de-claudia-sheinbaum","status":"publish","type":"post","link":"https:\/\/www.sonoraenequipo.com.mx\/comienza-el-proceso-internacional-contra-la-reforma-judicial-de-claudia-sheinbaum\/","title":{"rendered":"Comienza el proceso internacional contra la reforma judicial de Claudia Sheinbaum"},"content":{"rendered":"<p><strong>CIUDAD DE M\u00c9XICO. MX. \u2014<\/strong> Una vez agotada la mayor\u00eda de los recursos internos para frenar la reforma judicial, representantes del gobierno de la presidenta, Claudia Sheinbaum, deber\u00e1n comparecer este martes ante la Comisi\u00f3n Interamericana de Derechos Humanos (CIDH) para rendir cuentas sobre esa iniciativa considerada violatoria de convenciones internacionales suscritas por M\u00e9xico.<\/p>\n<p>&nbsp;<\/p>\n<p>&nbsp;<\/p>\n<p> <\/p>\n<p>Representantes del Estado mexicano citados por la CIDH deber\u00e1n presentarse en una audiencia en Washington para dar explicaciones sobre la legalidad y legitimidad de esa pol\u00e9mica reforma, la cual preocupa a ese organismo por su eventual impacto negativo<strong><em> \u201cen el acceso a la justicia, en la independencia judicial y en la vigencia del Estado de derecho\u201d.<\/em><\/strong><\/p>\n<p>&nbsp;<\/p>\n<p>&nbsp;<\/p>\n<p>&nbsp;<\/p>\n<p>La audiencia en la CIDH, denominada <strong><em>\u201cM\u00e9xico: Reforma judicial\u201d<\/em><\/strong>, marcar\u00e1 el arranque de una serie de procesos en tribunales y foros internacionales en los que el gobierno de Sheinbaum tendr\u00e1 que responder por puntos de la iniciativa que han cuestionado juristas y expertos en derechos humanos, como la elecci\u00f3n popular de jueces y de integrantes del Tribunal de Disciplina a partir de listas de candidatos elaboradas mayoritariamente por Morena.<\/p>\n<p>&nbsp;<\/p>\n<p>&nbsp;<\/p>\n<p>&nbsp;<\/p>\n<p>&nbsp;<\/p>\n<p>En la cita de este martes 12 participar\u00e1n, adem\u00e1s de representantes del gobierno de Sheinbaum, dirigentes de colectivos de derechos humanos y defensa legal, de asociaciones de jueces, magistrados y trabajadores judiciales, as\u00ed como de colegios de abogados que viajar\u00e1n a Washington para plantear ante la CIDH sus cr\u00edticas a la reforma lopezobradorista respaldada por Sheinbaum.<\/p>\n<p>&nbsp;<\/p>\n<p>&nbsp;<\/p>\n<p>&nbsp;<\/p>\n<p>Cuatro de las asistentes a la sesi\u00f3n, las abogadas de derechos humanos Susana Camacho y Marisol M\u00e9ndez, y las magistradas Juana Fuentes Vel\u00e1zquez y Mar\u00eda Emilia Molina, dijeron a Proceso, en entrevistas por separado, que esta ser\u00e1 la primera ocasi\u00f3n en el que el Estado mexicano responda ante un organismo internacional sobre los cuestionamientos a la reforma judicial.<\/p>\n<p>&nbsp;<\/p>\n<p>&nbsp;<\/p>\n<p>&nbsp;<\/p>\n<p><em><strong>\u201cEsto, por s\u00ed s\u00f3lo, tiene gran importancia porque tendr\u00e1 implicaciones pol\u00edticas y jur\u00eddicas muy fuertes para el Estado mexicano, y para el r\u00e9gimen que encabeza Morena, que han demostrado una intenci\u00f3n para cooptar el Poder Judicial, que era el \u00fanico que le hac\u00eda contrapeso\u201d<\/strong><\/em>, dice Juana Fuentes Vel\u00e1zquez, directora nacional de la Asociaci\u00f3n de Magistrados de Circuito y Jueces de Distrito del Poder Judicial de la Federaci\u00f3n (Jufed).<\/p>\n<p>_<\/p>\n<p>&nbsp;<\/p>\n<p>&nbsp;<\/p>\n<p>PUBLICADO EL 11 DE NOVIEMBRE DE 2024 Con informaci\u00f3n de AFP)<\/p>\n","protected":false},"excerpt":{"rendered":"<p>CIUDAD DE M\u00c9XICO. MX. \u2014 Una vez agotada la mayor\u00eda de los recursos internos para&#8230;<\/p>\n","protected":false},"author":1,"featured_media":203913,"comment_status":"open","ping_status":"open","sticky":false,"template":"","format":"standard","meta":{"_monsterinsights_skip_tracking":false,"_monsterinsights_sitenote_active":false,"_monsterinsights_sitenote_note":"","_monsterinsights_sitenote_category":0,"footnotes":""},"categories":[5],"tags":[],"class_list":["post"],"yoast_head":" \n<title>Sonora en Equipo. Comienza el proceso internacional contra la reforma judicial de Claudia Sheinbaum Rep\u00fablica<\/title>\n<meta name=\"description\" content=\"CIUDAD DE M\u00c9XICO. MX. \u2014 Una vez agotada la mayor\u00eda de los recursos internos para frenar la reforma judicial, representantes del gobierno de la presidenta, En Sonora en Equipo publicamos toda la informaci\u00f3n de Sonora, M\u00e9xico y el Mundo de manera oportuna y busca que la libertad de expresi\u00f3n sea real. Visita nuestro medio informativo publicado desde Hermosillo, Sonora. %\" \/>\n<meta name=\"robots\" content=\"index, follow, max-snippet:-1, max-image-preview:large, max-video-preview:-1\" \/>\n<link rel=\"canonical\" href=\"https:\/\/www.sonoraenequipo.com.mx\/comienza-el-proceso-internacional-contra-la-reforma-judicial-de-claudia-sheinbaum\/\" \/>\n<meta property=\"og:locale\" content=\"es_ES\" \/>\n<meta property=\"og:type\" content=\"article\" \/>\n<meta property=\"og:title\" content=\"Sonora en Equipo. Comienza el proceso internacional contra la reforma judicial de Claudia Sheinbaum Rep\u00fablica\" \/>\n<meta property=\"og:description\" content=\"CIUDAD DE M\u00c9XICO. MX. \u2014 Una vez agotada la mayor\u00eda de los recursos internos para frenar la reforma judicial, representantes del gobierno de la presidenta, En Sonora en Equipo publicamos toda la informaci\u00f3n de Sonora, M\u00e9xico y el Mundo de manera oportuna y busca que la libertad de expresi\u00f3n sea real. Visita nuestro medio informativo publicado desde Hermosillo, Sonora. %\" \/>\n<meta property=\"og:url\" content=\"https:\/\/www.sonoraenequipo.com.mx\/comienza-el-proceso-internacional-contra-la-reforma-judicial-de-claudia-sheinbaum\/\" \/>\n<meta property=\"og:site_name\" content=\"Sonora en Equipo.\" \/>\n<meta property=\"article:publisher\" content=\"https:\/\/www.facebook.com\/SonoraEE\/\" \/>\n<meta property=\"article:author\" content=\"https:\/\/www.facebook.com\/SonoraEE\" \/>\n<meta property=\"article:published_time\" content=\"2024-11-11T21:32:40+00:00\" \/>\n<meta property=\"article:modified_time\" content=\"2024-11-12T02:23:27+00:00\" \/>\n<meta property=\"og:image\" content=\"https:\/\/www.sonoraenequipo.com.mx\/storage\/2024\/11\/Comienza-el-proceso-internacional-contra-la-reforma-judicial-min.jpg\" \/>\n\t<meta property=\"og:image:width\" content=\"900\" \/>\n\t<meta property=\"og:image:height\" content=\"573\" \/>\n\t<meta property=\"og:image:type\" content=\"image\/jpeg\" \/>\n<meta name=\"author\" content=\"enequipo\" \/>\n<meta name=\"twitter:card\" content=\"summary_large_image\" \/>\n<meta name=\"twitter:creator\" content=\"@sonoraenequipo\" \/>\n<meta name=\"twitter:site\" content=\"@sonoraenequipo\" \/>\n<meta name=\"twitter:label1\" content=\"Escrito por\" \/>\n\t<meta name=\"twitter:data1\" content=\"enequipo\" \/>\n\t<meta name=\"twitter:label2\" content=\"Tiempo de lectura\" \/>\n\t<meta name=\"twitter:data2\" content=\"2 minutos\" \/>\n<script type=\"application\/ld+json\" class=\"yoast-schema-graph\">{\"@context\":\"https:\/\/schema.org\",\"@graph\":[{\"@type\":\"Article\",\"@id\":\"https:\/\/www.sonoraenequipo.com.mx\/comienza-el-proceso-internacional-contra-la-reforma-judicial-de-claudia-sheinbaum\/#article\",\"isPartOf\":{\"@id\":\"https:\/\/www.sonoraenequipo.com.mx\/comienza-el-proceso-internacional-contra-la-reforma-judicial-de-claudia-sheinbaum\/\"},\"author\":{\"name\":\"enequipo\",\"@id\":\"https:\/\/www.sonoraenequipo.com.mx\/#\/schema\/person\/50102df0fb23a8fa9e8effad8fa81386\"},\"headline\":\"Comienza el proceso internacional contra la reforma judicial de Claudia Sheinbaum\",\"datePublished\":\"2024-11-11T21:32:40+00:00\",\"dateModified\":\"2024-11-12T02:23:27+00:00\",\"mainEntityOfPage\":{\"@id\":\"https:\/\/www.sonoraenequipo.com.mx\/comienza-el-proceso-internacional-contra-la-reforma-judicial-de-claudia-sheinbaum\/\"},\"wordCount\":423,\"commentCount\":0,\"publisher\":{\"@id\":\"https:\/\/www.sonoraenequipo.com.mx\/#organization\"},\"image\":{\"@id\":\"https:\/\/www.sonoraenequipo.com.mx\/comienza-el-proceso-internacional-contra-la-reforma-judicial-de-claudia-sheinbaum\/#primaryimage\"},\"thumbnailUrl\":\"https:\/\/www.sonoraenequipo.com.mx\/storage\/2024\/11\/Comienza-el-proceso-internacional-contra-la-reforma-judicial-min.jpg\",\"articleSection\":[\"Rep\u00fablica\"],\"inLanguage\":\"es\",\"potentialAction\":[{\"@type\":\"CommentAction\",\"name\":\"Comment\",\"target\":[\"https:\/\/www.sonoraenequipo.com.mx\/comienza-el-proceso-internacional-contra-la-reforma-judicial-de-claudia-sheinbaum\/#respond\"]}]},{\"@type\":\"WebPage\",\"@id\":\"https:\/\/www.sonoraenequipo.com.mx\/comienza-el-proceso-internacional-contra-la-reforma-judicial-de-claudia-sheinbaum\/\",\"url\":\"https:\/\/www.sonoraenequipo.com.mx\/comienza-el-proceso-internacional-contra-la-reforma-judicial-de-claudia-sheinbaum\/\",\"name\":\"Sonora en Equipo. Comienza el proceso internacional contra la reforma judicial de Claudia Sheinbaum Rep\u00fablica\",\"isPartOf\":{\"@id\":\"https:\/\/www.sonoraenequipo.com.mx\/#website\"},\"primaryImageOfPage\":{\"@id\":\"https:\/\/www.sonoraenequipo.com.mx\/comienza-el-proceso-internacional-contra-la-reforma-judicial-de-claudia-sheinbaum\/#primaryimage\"},\"image\":{\"@id\":\"https:\/\/www.sonoraenequipo.com.mx\/comienza-el-proceso-internacional-contra-la-reforma-judicial-de-claudia-sheinbaum\/#primaryimage\"},\"thumbnailUrl\":\"https:\/\/www.sonoraenequipo.com.mx\/storage\/2024\/11\/Comienza-el-proceso-internacional-contra-la-reforma-judicial-min.jpg\",\"datePublished\":\"2024-11-11T21:32:40+00:00\",\"dateModified\":\"2024-11-12T02:23:27+00:00\",\"description\":\"CIUDAD DE M\u00c9XICO. MX. \u2014 Una vez agotada la mayor\u00eda de los recursos internos para frenar la reforma judicial, representantes del gobierno de la presidenta, En Sonora en Equipo publicamos toda la informaci\u00f3n de Sonora, M\u00e9xico y el Mundo de manera oportuna y busca que la libertad de expresi\u00f3n sea real. Visita nuestro medio informativo publicado desde Hermosillo, Sonora. %\",\"breadcrumb\":{\"@id\":\"https:\/\/www.sonoraenequipo.com.mx\/comienza-el-proceso-internacional-contra-la-reforma-judicial-de-claudia-sheinbaum\/#breadcrumb\"},\"inLanguage\":\"es\",\"potentialAction\":[{\"@type\":\"ReadAction\",\"target\":[\"https:\/\/www.sonoraenequipo.com.mx\/comienza-el-proceso-internacional-contra-la-reforma-judicial-de-claudia-sheinbaum\/\"]}]},{\"@type\":\"ImageObject\",\"inLanguage\":\"es\",\"@id\":\"https:\/\/www.sonoraenequipo.com.mx\/comienza-el-proceso-internacional-contra-la-reforma-judicial-de-claudia-sheinbaum\/#primaryimage\",\"url\":\"https:\/\/www.sonoraenequipo.com.mx\/storage\/2024\/11\/Comienza-el-proceso-internacional-contra-la-reforma-judicial-min.jpg\",\"contentUrl\":\"https:\/\/www.sonoraenequipo.com.mx\/storage\/2024\/11\/Comienza-el-proceso-internacional-contra-la-reforma-judicial-min.jpg\",\"width\":900,\"height\":573},{\"@type\":\"BreadcrumbList\",\"@id\":\"https:\/\/www.sonoraenequipo.com.mx\/comienza-el-proceso-internacional-contra-la-reforma-judicial-de-claudia-sheinbaum\/#breadcrumb\",\"itemListElement\":[{\"@type\":\"ListItem\",\"position\":1,\"name\":\"Portada\",\"item\":\"https:\/\/www.sonoraenequipo.com.mx\/\"},{\"@type\":\"ListItem\",\"position\":2,\"name\":\"Comienza el proceso internacional contra la reforma judicial de Claudia Sheinbaum\"}]},{\"@type\":\"WebSite\",\"@id\":\"https:\/\/www.sonoraenequipo.com.mx\/#website\",\"url\":\"https:\/\/www.sonoraenequipo.com.mx\/\",\"name\":\"Sonora en Equipo.\",\"description\":\"Diario en l\u00ednea con Noticias desde Hermosillo, Sonora\",\"publisher\":{\"@id\":\"https:\/\/www.sonoraenequipo.com.mx\/#organization\"},\"potentialAction\":[{\"@type\":\"SearchAction\",\"target\":{\"@type\":\"EntryPoint\",\"urlTemplate\":\"https:\/\/www.sonoraenequipo.com.mx\/?s={search_term_string}\"},\"query-input\":{\"@type\":\"PropertyValueSpecification\",\"valueRequired\":true,\"valueName\":\"search_term_string\"}}],\"inLanguage\":\"es\"},{\"@type\":\"Organization\",\"@id\":\"https:\/\/www.sonoraenequipo.com.mx\/#organization\",\"name\":\"Sonoraenequipo.com.mx\",\"url\":\"https:\/\/www.sonoraenequipo.com.mx\/\",\"logo\":{\"@type\":\"ImageObject\",\"inLanguage\":\"es\",\"@id\":\"https:\/\/www.sonoraenequipo.com.mx\/#\/schema\/logo\/image\/\",\"url\":\"https:\/\/www.sonoraenequipo.com.mx\/storage\/2019\/01\/sonoraenequipo_opt.png\",\"contentUrl\":\"https:\/\/www.sonoraenequipo.com.mx\/storage\/2019\/01\/sonoraenequipo_opt.png\",\"width\":375,\"height\":125,\"caption\":\"Sonoraenequipo.com.mx\"},\"image\":{\"@id\":\"https:\/\/www.sonoraenequipo.com.mx\/#\/schema\/logo\/image\/\"},\"sameAs\":[\"https:\/\/www.facebook.com\/SonoraEE\/\",\"https:\/\/x.com\/sonoraenequipo\",\"https:\/\/www.youtube.com\/channel\/UC338nW-lPEYmJQs4ZABQ1SQ\"]},{\"@type\":\"Person\",\"@id\":\"https:\/\/www.sonoraenequipo.com.mx\/#\/schema\/person\/50102df0fb23a8fa9e8effad8fa81386\",\"name\":\"enequipo\",\"image\":{\"@type\":\"ImageObject\",\"inLanguage\":\"es\",\"@id\":\"https:\/\/www.sonoraenequipo.com.mx\/#\/schema\/person\/image\/\",\"url\":\"https:\/\/secure.gravatar.com\/avatar\/049821681b589dabc0bc20695993ccebb09f5b5d4d790cd9251b97faac7c652b?s=96&d=blank&r=g\",\"contentUrl\":\"https:\/\/secure.gravatar.com\/avatar\/049821681b589dabc0bc20695993ccebb09f5b5d4d790cd9251b97faac7c652b?s=96&d=blank&r=g\",\"caption\":\"enequipo\"},\"sameAs\":[\"https:\/\/www.facebook.com\/SonoraEE\"]}]}<\/script>\n ","yoast_head_json":{"title":"Sonora en Equipo. Comienza el proceso internacional contra la reforma judicial de Claudia Sheinbaum Rep\u00fablica","description":"CIUDAD DE M\u00c9XICO. MX. \u2014 Una vez agotada la mayor\u00eda de los recursos internos para frenar la reforma judicial, representantes del gobierno de la presidenta, En Sonora en Equipo publicamos toda la informaci\u00f3n de Sonora, M\u00e9xico y el Mundo de manera oportuna y busca que la libertad de expresi\u00f3n sea real. Visita nuestro medio informativo publicado desde Hermosillo, Sonora. %","robots":{"index":"index","follow":"follow","max-snippet":"max-snippet:-1","max-image-preview":"max-image-preview:large","max-video-preview":"max-video-preview:-1"},"canonical":"https:\/\/www.sonoraenequipo.com.mx\/comienza-el-proceso-internacional-contra-la-reforma-judicial-de-claudia-sheinbaum\/","og_locale":"es_ES","og_type":"article","og_title":"Sonora en Equipo. Comienza el proceso internacional contra la reforma judicial de Claudia Sheinbaum Rep\u00fablica","og_description":"CIUDAD DE M\u00c9XICO. MX. \u2014 Una vez agotada la mayor\u00eda de los recursos internos para frenar la reforma judicial, representantes del gobierno de la presidenta, En Sonora en Equipo publicamos toda la informaci\u00f3n de Sonora, M\u00e9xico y el Mundo de manera oportuna y busca que la libertad de expresi\u00f3n sea real. Visita nuestro medio informativo publicado desde Hermosillo, Sonora. %","og_url":"https:\/\/www.sonoraenequipo.com.mx\/comienza-el-proceso-internacional-contra-la-reforma-judicial-de-claudia-sheinbaum\/","og_site_name":"Sonora en Equipo.","article_publisher":"https:\/\/www.facebook.com\/SonoraEE\/","article_author":"https:\/\/www.facebook.com\/SonoraEE","article_published_time":"2024-11-11T21:32:40+00:00","article_modified_time":"2024-11-12T02:23:27+00:00","og_image":[{"width":900,"height":573,"url":"https:\/\/www.sonoraenequipo.com.mx\/storage\/2024\/11\/Comienza-el-proceso-internacional-contra-la-reforma-judicial-min.jpg","type":"image\/jpeg"}],"author":"enequipo","twitter_card":"summary_large_image","twitter_creator":"@sonoraenequipo","twitter_site":"@sonoraenequipo","twitter_misc":{"Escrito por":"enequipo","Tiempo de lectura":"2 minutos"},"schema":{"@context":"https:\/\/schema.org","@graph":[{"@type":"Article","@id":"https:\/\/www.sonoraenequipo.com.mx\/comienza-el-proceso-internacional-contra-la-reforma-judicial-de-claudia-sheinbaum\/#article","isPartOf":{"@id":"https:\/\/www.sonoraenequipo.com.mx\/comienza-el-proceso-internacional-contra-la-reforma-judicial-de-claudia-sheinbaum\/"},"author":{"name":"enequipo","@id":"https:\/\/www.sonoraenequipo.com.mx\/#\/schema\/person\/50102df0fb23a8fa9e8effad8fa81386"},"headline":"Comienza el proceso internacional contra la reforma judicial de Claudia Sheinbaum","datePublished":"2024-11-11T21:32:40+00:00","dateModified":"2024-11-12T02:23:27+00:00","mainEntityOfPage":{"@id":"https:\/\/www.sonoraenequipo.com.mx\/comienza-el-proceso-internacional-contra-la-reforma-judicial-de-claudia-sheinbaum\/"},"wordCount":423,"commentCount":0,"publisher":{"@id":"https:\/\/www.sonoraenequipo.com.mx\/#organization"},"image":{"@id":"https:\/\/www.sonoraenequipo.com.mx\/comienza-el-proceso-internacional-contra-la-reforma-judicial-de-claudia-sheinbaum\/#primaryimage"},"thumbnailUrl":"https:\/\/www.sonoraenequipo.com.mx\/storage\/2024\/11\/Comienza-el-proceso-internacional-contra-la-reforma-judicial-min.jpg","articleSection":["Rep\u00fablica"],"inLanguage":"es","potentialAction":[{"@type":"CommentAction","name":"Comment","target":["https:\/\/www.sonoraenequipo.com.mx\/comienza-el-proceso-internacional-contra-la-reforma-judicial-de-claudia-sheinbaum\/#respond"]}]},{"@type":"WebPage","@id":"https:\/\/www.sonoraenequipo.com.mx\/comienza-el-proceso-internacional-contra-la-reforma-judicial-de-claudia-sheinbaum\/","url":"https:\/\/www.sonoraenequipo.com.mx\/comienza-el-proceso-internacional-contra-la-reforma-judicial-de-claudia-sheinbaum\/","name":"Sonora en Equipo. Comienza el proceso internacional contra la reforma judicial de Claudia Sheinbaum Rep\u00fablica","isPartOf":{"@id":"https:\/\/www.sonoraenequipo.com.mx\/#website"},"primaryImageOfPage":{"@id":"https:\/\/www.sonoraenequipo.com.mx\/comienza-el-proceso-internacional-contra-la-reforma-judicial-de-claudia-sheinbaum\/#primaryimage"},"image":{"@id":"https:\/\/www.sonoraenequipo.com.mx\/comienza-el-proceso-internacional-contra-la-reforma-judicial-de-claudia-sheinbaum\/#primaryimage"},"thumbnailUrl":"https:\/\/www.sonoraenequipo.com.mx\/storage\/2024\/11\/Comienza-el-proceso-internacional-contra-la-reforma-judicial-min.jpg","datePublished":"2024-11-11T21:32:40+00:00","dateModified":"2024-11-12T02:23:27+00:00","description":"CIUDAD DE M\u00c9XICO. MX. \u2014 Una vez agotada la mayor\u00eda de los recursos internos para frenar la reforma judicial, representantes del gobierno de la presidenta, En Sonora en Equipo publicamos toda la informaci\u00f3n de Sonora, M\u00e9xico y el Mundo de manera oportuna y busca que la libertad de expresi\u00f3n sea real. Visita nuestro medio informativo publicado desde Hermosillo, Sonora. %","breadcrumb":{"@id":"https:\/\/www.sonoraenequipo.com.mx\/comienza-el-proceso-internacional-contra-la-reforma-judicial-de-claudia-sheinbaum\/#breadcrumb"},"inLanguage":"es","potentialAction":[{"@type":"ReadAction","target":["https:\/\/www.sonoraenequipo.com.mx\/comienza-el-proceso-internacional-contra-la-reforma-judicial-de-claudia-sheinbaum\/"]}]},{"@type":"ImageObject","inLanguage":"es","@id":"https:\/\/www.sonoraenequipo.com.mx\/comienza-el-proceso-internacional-contra-la-reforma-judicial-de-claudia-sheinbaum\/#primaryimage","url":"https:\/\/www.sonoraenequipo.com.mx\/storage\/2024\/11\/Comienza-el-proceso-internacional-contra-la-reforma-judicial-min.jpg","contentUrl":"https:\/\/www.sonoraenequipo.com.mx\/storage\/2024\/11\/Comienza-el-proceso-internacional-contra-la-reforma-judicial-min.jpg","width":900,"height":573},{"@type":"BreadcrumbList","@id":"https:\/\/www.sonoraenequipo.com.mx\/comienza-el-proceso-internacional-contra-la-reforma-judicial-de-claudia-sheinbaum\/#breadcrumb","itemListElement":[{"@type":"ListItem","position":1,"name":"Portada","item":"https:\/\/www.sonoraenequipo.com.mx\/"},{"@type":"ListItem","position":2,"name":"Comienza el proceso internacional contra la reforma judicial de Claudia Sheinbaum"}]},{"@type":"WebSite","@id":"https:\/\/www.sonoraenequipo.com.mx\/#website","url":"https:\/\/www.sonoraenequipo.com.mx\/","name":"Sonora en Equipo.","description":"Diario en l\u00ednea con Noticias desde Hermosillo, Sonora","publisher":{"@id":"https:\/\/www.sonoraenequipo.com.mx\/#organization"},"potentialAction":[{"@type":"SearchAction","target":{"@type":"EntryPoint","urlTemplate":"https:\/\/www.sonoraenequipo.com.mx\/?s={search_term_string}"},"query-input":{"@type":"PropertyValueSpecification","valueRequired":true,"valueName":"search_term_string"}}],"inLanguage":"es"},{"@type":"Organization","@id":"https:\/\/www.sonoraenequipo.com.mx\/#organization","name":"Sonoraenequipo.com.mx","url":"https:\/\/www.sonoraenequipo.com.mx\/","logo":{"@type":"ImageObject","inLanguage":"es","@id":"https:\/\/www.sonoraenequipo.com.mx\/#\/schema\/logo\/image\/","url":"https:\/\/www.sonoraenequipo.com.mx\/storage\/2019\/01\/sonoraenequipo_opt.png","contentUrl":"https:\/\/www.sonoraenequipo.com.mx\/storage\/2019\/01\/sonoraenequipo_opt.png","width":375,"height":125,"caption":"Sonoraenequipo.com.mx"},"image":{"@id":"https:\/\/www.sonoraenequipo.com.mx\/#\/schema\/logo\/image\/"},"sameAs":["https:\/\/www.facebook.com\/SonoraEE\/","https:\/\/x.com\/sonoraenequipo","https:\/\/www.youtube.com\/channel\/UC338nW-lPEYmJQs4ZABQ1SQ"]},{"@type":"Person","@id":"https:\/\/www.sonoraenequipo.com.mx\/#\/schema\/person\/50102df0fb23a8fa9e8effad8fa81386","name":"enequipo","image":{"@type":"ImageObject","inLanguage":"es","@id":"https:\/\/www.sonoraenequipo.com.mx\/#\/schema\/person\/image\/","url":"https:\/\/secure.gravatar.com\/avatar\/049821681b589dabc0bc20695993ccebb09f5b5d4d790cd9251b97faac7c652b?s=96&d=blank&r=g","contentUrl":"https:\/\/secure.gravatar.com\/avatar\/049821681b589dabc0bc20695993ccebb09f5b5d4d790cd9251b97faac7c652b?s=96&d=blank&r=g","caption":"enequipo"},"sameAs":["https:\/\/www.facebook.com\/SonoraEE"]}]}},"jetpack_featured_media_url":"https:\/\/www.sonoraenequipo.com.mx\/storage\/2024\/11\/Comienza-el-proceso-internacional-contra-la-reforma-judicial-min.jpg","_links":{"self":[{"href":"https:\/\/www.sonoraenequipo.com.mx\/api\/wp\/v2\/posts\/203909","targetHints":{"allow":["GET"]}}],"collection":[{"href":"https:\/\/www.sonoraenequipo.com.mx\/api\/wp\/v2\/posts"}],"about":[{"href":"https:\/\/www.sonoraenequipo.com.mx\/api\/wp\/v2\/types\/post"}],"author":[{"embeddable":true,"href":"https:\/\/www.sonoraenequipo.com.mx\/api\/wp\/v2\/users\/1"}],"replies":[{"embeddable":true,"href":"https:\/\/www.sonoraenequipo.com.mx\/api\/wp\/v2\/comments?post=203909"}],"version-history":[{"count":1,"href":"https:\/\/www.sonoraenequipo.com.mx\/api\/wp\/v2\/posts\/203909\/revisions"}],"predecessor-version":[{"id":203914,"href":"https:\/\/www.sonoraenequipo.com.mx\/api\/wp\/v2\/posts\/203909\/revisions\/203914"}],"wp:featuredmedia":[{"embeddable":true,"href":"https:\/\/www.sonoraenequipo.com.mx\/api\/wp\/v2\/media\/203913"}],"wp:attachment":[{"href":"https:\/\/www.sonoraenequipo.com.mx\/api\/wp\/v2\/media?parent=203909"}],"wp:term":[{"taxonomy":"category","embeddable":true,"href":"https:\/\/www.sonoraenequipo.com.mx\/api\/wp\/v2\/categories?post=203909"},{"taxonomy":"post_tag","embeddable":true,"href":"https:\/\/www.sonoraenequipo.com.mx\/api\/wp\/v2\/tags?post=203909"}],"curies":[{"name":"wp","href":"https:\/\/api.w.org\/{rel}","templated":true}]}}