{"id":203922,"date":"2024-11-11T18:44:00","date_gmt":"2024-11-12T01:44:00","guid":{"rendered":"https:\/\/www.sonoraenequipo.com.mx\/?p=203922"},"modified":"2024-11-12T10:12:09","modified_gmt":"2024-11-12T17:12:09","slug":"exhorta-gobierno-de-sonora-a-reportar-el-maltrato-animal-a-la-linea-9-1-1-y-089","status":"publish","type":"post","link":"https:\/\/www.sonoraenequipo.com.mx\/exhorta-gobierno-de-sonora-a-reportar-el-maltrato-animal-a-la-linea-9-1-1-y-089\/","title":{"rendered":"Exhorta Gobierno de Sonora a reportar el maltrato animal a la l\u00ednea 911 y 089"},"content":{"rendered":"<p><strong>HERMOSILLO, SONORA, MX.<\/strong> \u2014 El Gobierno de Sonora hace un llamado a la ciudadan\u00eda que tenga conocimiento de casos de maltrato animal para que reporte a la l\u00ednea 9-1-1 o denuncie de forma an\u00f3nima y segura en el 089.<\/p>\n<p>Para prevenir este delito, la Secretar\u00eda de Seguridad P\u00fablica (SSP) desarrolla acciones permanentes que fomentan la cultura y respeto a los animales, impartiendo pl\u00e1ticas a ni\u00f1as, ni\u00f1os y adolescentes.<\/p>\n<p>En sesiones informativas, el personal de la SSP hace del conocimiento de las y los menores que el maltrato animal es una manifestaci\u00f3n de violencia, haciendo hincapi\u00e9 en la importancia de reportar al 9-1-1 o denunciar de mantera an\u00f3nima en el 089.<\/p>\n<p>Cabe destacar que el pasado 30 de octubre, la SSP Sonora organiz\u00f3 el primer Foro Estatal del cual se gener\u00f3, el Dec\u00e1logo de Acciones para la Atenci\u00f3n del Maltrato Animal como Estrategia de Prevenci\u00f3n del Delito.<\/p>\n<p>En esta suma de voluntades se comprometieron en trabajar coordinadamente instituciones, legisladores, organismos, acad\u00e9micos, padres de familia, j\u00f3venes y sociedad civil.<\/p>\n<p><strong>Fecha de publicaci\u00f3n lunes 11 \u00a0de noviembre de 2024 \/ <\/strong><\/p>\n","protected":false},"excerpt":{"rendered":"<p>HERMOSILLO, SONORA, MX. \u2014 El Gobierno de Sonora hace un llamado a la ciudadan\u00eda que&#8230;<\/p>\n","protected":false},"author":1,"featured_media":194842,"comment_status":"open","ping_status":"open","sticky":false,"template":"","format":"standard","meta":{"_monsterinsights_skip_tracking":false,"_monsterinsights_sitenote_active":false,"_monsterinsights_sitenote_note":"","_monsterinsights_sitenote_category":0,"footnotes":""},"categories":[22],"tags":[5475,7179,3551],"class_list":["post"],"yoast_head":" \n<title>Sonora en Equipo. Exhorta Gobierno de Sonora a reportar el maltrato animal a la l\u00ednea 911 y 089 Sonora<\/title>\n<meta name=\"description\" content=\"HERMOSILLO, SONORA, MX. \u2014 El Gobierno de Sonora hace un llamado a la ciudadan\u00eda que tenga conocimiento de casos de maltrato animal para que reporte a la En Sonora en Equipo publicamos toda la informaci\u00f3n de Sonora, M\u00e9xico y el Mundo de manera oportuna y busca que la libertad de expresi\u00f3n sea real. Visita nuestro medio informativo publicado desde Hermosillo, Sonora. %\" \/>\n<meta name=\"robots\" content=\"index, follow, max-snippet:-1, max-image-preview:large, max-video-preview:-1\" \/>\n<link rel=\"canonical\" href=\"https:\/\/www.sonoraenequipo.com.mx\/exhorta-gobierno-de-sonora-a-reportar-el-maltrato-animal-a-la-linea-9-1-1-y-089\/\" \/>\n<meta property=\"og:locale\" content=\"es_ES\" \/>\n<meta property=\"og:type\" content=\"article\" \/>\n<meta property=\"og:title\" content=\"Sonora en Equipo. Exhorta Gobierno de Sonora a reportar el maltrato animal a la l\u00ednea 911 y 089 Sonora\" \/>\n<meta property=\"og:description\" content=\"HERMOSILLO, SONORA, MX. \u2014 El Gobierno de Sonora hace un llamado a la ciudadan\u00eda que tenga conocimiento de casos de maltrato animal para que reporte a la En Sonora en Equipo publicamos toda la informaci\u00f3n de Sonora, M\u00e9xico y el Mundo de manera oportuna y busca que la libertad de expresi\u00f3n sea real. Visita nuestro medio informativo publicado desde Hermosillo, Sonora. %\" \/>\n<meta property=\"og:url\" content=\"https:\/\/www.sonoraenequipo.com.mx\/exhorta-gobierno-de-sonora-a-reportar-el-maltrato-animal-a-la-linea-9-1-1-y-089\/\" \/>\n<meta property=\"og:site_name\" content=\"Sonora en Equipo.\" \/>\n<meta property=\"article:publisher\" content=\"https:\/\/www.facebook.com\/SonoraEE\/\" \/>\n<meta property=\"article:author\" content=\"https:\/\/www.facebook.com\/SonoraEE\" \/>\n<meta property=\"article:published_time\" content=\"2024-11-12T01:44:00+00:00\" \/>\n<meta property=\"article:modified_time\" content=\"2024-11-12T17:12:09+00:00\" \/>\n<meta property=\"og:image\" content=\"https:\/\/www.sonoraenequipo.com.mx\/storage\/2024\/07\/perro-arrastrado.jpg\" \/>\n\t<meta property=\"og:image:width\" content=\"600\" \/>\n\t<meta property=\"og:image:height\" content=\"450\" \/>\n\t<meta property=\"og:image:type\" content=\"image\/jpeg\" \/>\n<meta name=\"author\" content=\"enequipo\" \/>\n<meta name=\"twitter:card\" content=\"summary_large_image\" \/>\n<meta name=\"twitter:creator\" content=\"@sonoraenequipo\" \/>\n<meta name=\"twitter:site\" content=\"@sonoraenequipo\" \/>\n<meta name=\"twitter:label1\" content=\"Escrito por\" \/>\n\t<meta name=\"twitter:data1\" content=\"enequipo\" \/>\n\t<meta name=\"twitter:label2\" content=\"Tiempo de lectura\" \/>\n\t<meta name=\"twitter:data2\" content=\"1 minuto\" \/>\n<script type=\"application\/ld+json\" class=\"yoast-schema-graph\">{\"@context\":\"https:\/\/schema.org\",\"@graph\":[{\"@type\":\"Article\",\"@id\":\"https:\/\/www.sonoraenequipo.com.mx\/exhorta-gobierno-de-sonora-a-reportar-el-maltrato-animal-a-la-linea-9-1-1-y-089\/#article\",\"isPartOf\":{\"@id\":\"https:\/\/www.sonoraenequipo.com.mx\/exhorta-gobierno-de-sonora-a-reportar-el-maltrato-animal-a-la-linea-9-1-1-y-089\/\"},\"author\":{\"name\":\"enequipo\",\"@id\":\"https:\/\/www.sonoraenequipo.com.mx\/#\/schema\/person\/50102df0fb23a8fa9e8effad8fa81386\"},\"headline\":\"Exhorta Gobierno de Sonora a reportar el maltrato animal a la l\u00ednea 911 y 089\",\"datePublished\":\"2024-11-12T01:44:00+00:00\",\"dateModified\":\"2024-11-12T17:12:09+00:00\",\"mainEntityOfPage\":{\"@id\":\"https:\/\/www.sonoraenequipo.com.mx\/exhorta-gobierno-de-sonora-a-reportar-el-maltrato-animal-a-la-linea-9-1-1-y-089\/\"},\"wordCount\":202,\"commentCount\":0,\"publisher\":{\"@id\":\"https:\/\/www.sonoraenequipo.com.mx\/#organization\"},\"image\":{\"@id\":\"https:\/\/www.sonoraenequipo.com.mx\/exhorta-gobierno-de-sonora-a-reportar-el-maltrato-animal-a-la-linea-9-1-1-y-089\/#primaryimage\"},\"thumbnailUrl\":\"https:\/\/www.sonoraenequipo.com.mx\/storage\/2024\/07\/perro-arrastrado.jpg\",\"keywords\":[\"animal\",\"maltrato\",\"PERRO\"],\"articleSection\":[\"Sonora\"],\"inLanguage\":\"es\",\"potentialAction\":[{\"@type\":\"CommentAction\",\"name\":\"Comment\",\"target\":[\"https:\/\/www.sonoraenequipo.com.mx\/exhorta-gobierno-de-sonora-a-reportar-el-maltrato-animal-a-la-linea-9-1-1-y-089\/#respond\"]}]},{\"@type\":\"WebPage\",\"@id\":\"https:\/\/www.sonoraenequipo.com.mx\/exhorta-gobierno-de-sonora-a-reportar-el-maltrato-animal-a-la-linea-9-1-1-y-089\/\",\"url\":\"https:\/\/www.sonoraenequipo.com.mx\/exhorta-gobierno-de-sonora-a-reportar-el-maltrato-animal-a-la-linea-9-1-1-y-089\/\",\"name\":\"Sonora en Equipo. Exhorta Gobierno de Sonora a reportar el maltrato animal a la l\u00ednea 911 y 089 Sonora\",\"isPartOf\":{\"@id\":\"https:\/\/www.sonoraenequipo.com.mx\/#website\"},\"primaryImageOfPage\":{\"@id\":\"https:\/\/www.sonoraenequipo.com.mx\/exhorta-gobierno-de-sonora-a-reportar-el-maltrato-animal-a-la-linea-9-1-1-y-089\/#primaryimage\"},\"image\":{\"@id\":\"https:\/\/www.sonoraenequipo.com.mx\/exhorta-gobierno-de-sonora-a-reportar-el-maltrato-animal-a-la-linea-9-1-1-y-089\/#primaryimage\"},\"thumbnailUrl\":\"https:\/\/www.sonoraenequipo.com.mx\/storage\/2024\/07\/perro-arrastrado.jpg\",\"datePublished\":\"2024-11-12T01:44:00+00:00\",\"dateModified\":\"2024-11-12T17:12:09+00:00\",\"description\":\"HERMOSILLO, SONORA, MX. \u2014 El Gobierno de Sonora hace un llamado a la ciudadan\u00eda que tenga conocimiento de casos de maltrato animal para que reporte a la En Sonora en Equipo publicamos toda la informaci\u00f3n de Sonora, M\u00e9xico y el Mundo de manera oportuna y busca que la libertad de expresi\u00f3n sea real. Visita nuestro medio informativo publicado desde Hermosillo, Sonora. %\",\"breadcrumb\":{\"@id\":\"https:\/\/www.sonoraenequipo.com.mx\/exhorta-gobierno-de-sonora-a-reportar-el-maltrato-animal-a-la-linea-9-1-1-y-089\/#breadcrumb\"},\"inLanguage\":\"es\",\"potentialAction\":[{\"@type\":\"ReadAction\",\"target\":[\"https:\/\/www.sonoraenequipo.com.mx\/exhorta-gobierno-de-sonora-a-reportar-el-maltrato-animal-a-la-linea-9-1-1-y-089\/\"]}]},{\"@type\":\"ImageObject\",\"inLanguage\":\"es\",\"@id\":\"https:\/\/www.sonoraenequipo.com.mx\/exhorta-gobierno-de-sonora-a-reportar-el-maltrato-animal-a-la-linea-9-1-1-y-089\/#primaryimage\",\"url\":\"https:\/\/www.sonoraenequipo.com.mx\/storage\/2024\/07\/perro-arrastrado.jpg\",\"contentUrl\":\"https:\/\/www.sonoraenequipo.com.mx\/storage\/2024\/07\/perro-arrastrado.jpg\",\"width\":600,\"height\":450,\"caption\":\"CAPTURA DE VIDEO imagen para ilustrar de un caso similiar sucedido en Puebla\"},{\"@type\":\"BreadcrumbList\",\"@id\":\"https:\/\/www.sonoraenequipo.com.mx\/exhorta-gobierno-de-sonora-a-reportar-el-maltrato-animal-a-la-linea-9-1-1-y-089\/#breadcrumb\",\"itemListElement\":[{\"@type\":\"ListItem\",\"position\":1,\"name\":\"Portada\",\"item\":\"https:\/\/www.sonoraenequipo.com.mx\/\"},{\"@type\":\"ListItem\",\"position\":2,\"name\":\"Exhorta Gobierno de Sonora a reportar el maltrato animal a la l\u00ednea 911 y 089\"}]},{\"@type\":\"WebSite\",\"@id\":\"https:\/\/www.sonoraenequipo.com.mx\/#website\",\"url\":\"https:\/\/www.sonoraenequipo.com.mx\/\",\"name\":\"Sonora en Equipo.\",\"description\":\"Diario en l\u00ednea con Noticias desde Hermosillo, Sonora\",\"publisher\":{\"@id\":\"https:\/\/www.sonoraenequipo.com.mx\/#organization\"},\"potentialAction\":[{\"@type\":\"SearchAction\",\"target\":{\"@type\":\"EntryPoint\",\"urlTemplate\":\"https:\/\/www.sonoraenequipo.com.mx\/?s={search_term_string}\"},\"query-input\":{\"@type\":\"PropertyValueSpecification\",\"valueRequired\":true,\"valueName\":\"search_term_string\"}}],\"inLanguage\":\"es\"},{\"@type\":\"Organization\",\"@id\":\"https:\/\/www.sonoraenequipo.com.mx\/#organization\",\"name\":\"Sonoraenequipo.com.mx\",\"url\":\"https:\/\/www.sonoraenequipo.com.mx\/\",\"logo\":{\"@type\":\"ImageObject\",\"inLanguage\":\"es\",\"@id\":\"https:\/\/www.sonoraenequipo.com.mx\/#\/schema\/logo\/image\/\",\"url\":\"https:\/\/www.sonoraenequipo.com.mx\/storage\/2019\/01\/sonoraenequipo_opt.png\",\"contentUrl\":\"https:\/\/www.sonoraenequipo.com.mx\/storage\/2019\/01\/sonoraenequipo_opt.png\",\"width\":375,\"height\":125,\"caption\":\"Sonoraenequipo.com.mx\"},\"image\":{\"@id\":\"https:\/\/www.sonoraenequipo.com.mx\/#\/schema\/logo\/image\/\"},\"sameAs\":[\"https:\/\/www.facebook.com\/SonoraEE\/\",\"https:\/\/x.com\/sonoraenequipo\",\"https:\/\/www.youtube.com\/channel\/UC338nW-lPEYmJQs4ZABQ1SQ\"]},{\"@type\":\"Person\",\"@id\":\"https:\/\/www.sonoraenequipo.com.mx\/#\/schema\/person\/50102df0fb23a8fa9e8effad8fa81386\",\"name\":\"enequipo\",\"image\":{\"@type\":\"ImageObject\",\"inLanguage\":\"es\",\"@id\":\"https:\/\/www.sonoraenequipo.com.mx\/#\/schema\/person\/image\/\",\"url\":\"https:\/\/secure.gravatar.com\/avatar\/049821681b589dabc0bc20695993ccebb09f5b5d4d790cd9251b97faac7c652b?s=96&d=blank&r=g\",\"contentUrl\":\"https:\/\/secure.gravatar.com\/avatar\/049821681b589dabc0bc20695993ccebb09f5b5d4d790cd9251b97faac7c652b?s=96&d=blank&r=g\",\"caption\":\"enequipo\"},\"sameAs\":[\"https:\/\/www.facebook.com\/SonoraEE\"]}]}<\/script>\n ","yoast_head_json":{"title":"Sonora en Equipo. Exhorta Gobierno de Sonora a reportar el maltrato animal a la l\u00ednea 911 y 089 Sonora","description":"HERMOSILLO, SONORA, MX. \u2014 El Gobierno de Sonora hace un llamado a la ciudadan\u00eda que tenga conocimiento de casos de maltrato animal para que reporte a la En Sonora en Equipo publicamos toda la informaci\u00f3n de Sonora, M\u00e9xico y el Mundo de manera oportuna y busca que la libertad de expresi\u00f3n sea real. Visita nuestro medio informativo publicado desde Hermosillo, Sonora. %","robots":{"index":"index","follow":"follow","max-snippet":"max-snippet:-1","max-image-preview":"max-image-preview:large","max-video-preview":"max-video-preview:-1"},"canonical":"https:\/\/www.sonoraenequipo.com.mx\/exhorta-gobierno-de-sonora-a-reportar-el-maltrato-animal-a-la-linea-9-1-1-y-089\/","og_locale":"es_ES","og_type":"article","og_title":"Sonora en Equipo. Exhorta Gobierno de Sonora a reportar el maltrato animal a la l\u00ednea 911 y 089 Sonora","og_description":"HERMOSILLO, SONORA, MX. \u2014 El Gobierno de Sonora hace un llamado a la ciudadan\u00eda que tenga conocimiento de casos de maltrato animal para que reporte a la En Sonora en Equipo publicamos toda la informaci\u00f3n de Sonora, M\u00e9xico y el Mundo de manera oportuna y busca que la libertad de expresi\u00f3n sea real. Visita nuestro medio informativo publicado desde Hermosillo, Sonora. %","og_url":"https:\/\/www.sonoraenequipo.com.mx\/exhorta-gobierno-de-sonora-a-reportar-el-maltrato-animal-a-la-linea-9-1-1-y-089\/","og_site_name":"Sonora en Equipo.","article_publisher":"https:\/\/www.facebook.com\/SonoraEE\/","article_author":"https:\/\/www.facebook.com\/SonoraEE","article_published_time":"2024-11-12T01:44:00+00:00","article_modified_time":"2024-11-12T17:12:09+00:00","og_image":[{"width":600,"height":450,"url":"https:\/\/www.sonoraenequipo.com.mx\/storage\/2024\/07\/perro-arrastrado.jpg","type":"image\/jpeg"}],"author":"enequipo","twitter_card":"summary_large_image","twitter_creator":"@sonoraenequipo","twitter_site":"@sonoraenequipo","twitter_misc":{"Escrito por":"enequipo","Tiempo de lectura":"1 minuto"},"schema":{"@context":"https:\/\/schema.org","@graph":[{"@type":"Article","@id":"https:\/\/www.sonoraenequipo.com.mx\/exhorta-gobierno-de-sonora-a-reportar-el-maltrato-animal-a-la-linea-9-1-1-y-089\/#article","isPartOf":{"@id":"https:\/\/www.sonoraenequipo.com.mx\/exhorta-gobierno-de-sonora-a-reportar-el-maltrato-animal-a-la-linea-9-1-1-y-089\/"},"author":{"name":"enequipo","@id":"https:\/\/www.sonoraenequipo.com.mx\/#\/schema\/person\/50102df0fb23a8fa9e8effad8fa81386"},"headline":"Exhorta Gobierno de Sonora a reportar el maltrato animal a la l\u00ednea 911 y 089","datePublished":"2024-11-12T01:44:00+00:00","dateModified":"2024-11-12T17:12:09+00:00","mainEntityOfPage":{"@id":"https:\/\/www.sonoraenequipo.com.mx\/exhorta-gobierno-de-sonora-a-reportar-el-maltrato-animal-a-la-linea-9-1-1-y-089\/"},"wordCount":202,"commentCount":0,"publisher":{"@id":"https:\/\/www.sonoraenequipo.com.mx\/#organization"},"image":{"@id":"https:\/\/www.sonoraenequipo.com.mx\/exhorta-gobierno-de-sonora-a-reportar-el-maltrato-animal-a-la-linea-9-1-1-y-089\/#primaryimage"},"thumbnailUrl":"https:\/\/www.sonoraenequipo.com.mx\/storage\/2024\/07\/perro-arrastrado.jpg","keywords":["animal","maltrato","PERRO"],"articleSection":["Sonora"],"inLanguage":"es","potentialAction":[{"@type":"CommentAction","name":"Comment","target":["https:\/\/www.sonoraenequipo.com.mx\/exhorta-gobierno-de-sonora-a-reportar-el-maltrato-animal-a-la-linea-9-1-1-y-089\/#respond"]}]},{"@type":"WebPage","@id":"https:\/\/www.sonoraenequipo.com.mx\/exhorta-gobierno-de-sonora-a-reportar-el-maltrato-animal-a-la-linea-9-1-1-y-089\/","url":"https:\/\/www.sonoraenequipo.com.mx\/exhorta-gobierno-de-sonora-a-reportar-el-maltrato-animal-a-la-linea-9-1-1-y-089\/","name":"Sonora en Equipo. Exhorta Gobierno de Sonora a reportar el maltrato animal a la l\u00ednea 911 y 089 Sonora","isPartOf":{"@id":"https:\/\/www.sonoraenequipo.com.mx\/#website"},"primaryImageOfPage":{"@id":"https:\/\/www.sonoraenequipo.com.mx\/exhorta-gobierno-de-sonora-a-reportar-el-maltrato-animal-a-la-linea-9-1-1-y-089\/#primaryimage"},"image":{"@id":"https:\/\/www.sonoraenequipo.com.mx\/exhorta-gobierno-de-sonora-a-reportar-el-maltrato-animal-a-la-linea-9-1-1-y-089\/#primaryimage"},"thumbnailUrl":"https:\/\/www.sonoraenequipo.com.mx\/storage\/2024\/07\/perro-arrastrado.jpg","datePublished":"2024-11-12T01:44:00+00:00","dateModified":"2024-11-12T17:12:09+00:00","description":"HERMOSILLO, SONORA, MX. \u2014 El Gobierno de Sonora hace un llamado a la ciudadan\u00eda que tenga conocimiento de casos de maltrato animal para que reporte a la En Sonora en Equipo publicamos toda la informaci\u00f3n de Sonora, M\u00e9xico y el Mundo de manera oportuna y busca que la libertad de expresi\u00f3n sea real. Visita nuestro medio informativo publicado desde Hermosillo, Sonora. %","breadcrumb":{"@id":"https:\/\/www.sonoraenequipo.com.mx\/exhorta-gobierno-de-sonora-a-reportar-el-maltrato-animal-a-la-linea-9-1-1-y-089\/#breadcrumb"},"inLanguage":"es","potentialAction":[{"@type":"ReadAction","target":["https:\/\/www.sonoraenequipo.com.mx\/exhorta-gobierno-de-sonora-a-reportar-el-maltrato-animal-a-la-linea-9-1-1-y-089\/"]}]},{"@type":"ImageObject","inLanguage":"es","@id":"https:\/\/www.sonoraenequipo.com.mx\/exhorta-gobierno-de-sonora-a-reportar-el-maltrato-animal-a-la-linea-9-1-1-y-089\/#primaryimage","url":"https:\/\/www.sonoraenequipo.com.mx\/storage\/2024\/07\/perro-arrastrado.jpg","contentUrl":"https:\/\/www.sonoraenequipo.com.mx\/storage\/2024\/07\/perro-arrastrado.jpg","width":600,"height":450,"caption":"CAPTURA DE VIDEO imagen para ilustrar de un caso similiar sucedido en Puebla"},{"@type":"BreadcrumbList","@id":"https:\/\/www.sonoraenequipo.com.mx\/exhorta-gobierno-de-sonora-a-reportar-el-maltrato-animal-a-la-linea-9-1-1-y-089\/#breadcrumb","itemListElement":[{"@type":"ListItem","position":1,"name":"Portada","item":"https:\/\/www.sonoraenequipo.com.mx\/"},{"@type":"ListItem","position":2,"name":"Exhorta Gobierno de Sonora a reportar el maltrato animal a la l\u00ednea 911 y 089"}]},{"@type":"WebSite","@id":"https:\/\/www.sonoraenequipo.com.mx\/#website","url":"https:\/\/www.sonoraenequipo.com.mx\/","name":"Sonora en Equipo.","description":"Diario en l\u00ednea con Noticias desde Hermosillo, Sonora","publisher":{"@id":"https:\/\/www.sonoraenequipo.com.mx\/#organization"},"potentialAction":[{"@type":"SearchAction","target":{"@type":"EntryPoint","urlTemplate":"https:\/\/www.sonoraenequipo.com.mx\/?s={search_term_string}"},"query-input":{"@type":"PropertyValueSpecification","valueRequired":true,"valueName":"search_term_string"}}],"inLanguage":"es"},{"@type":"Organization","@id":"https:\/\/www.sonoraenequipo.com.mx\/#organization","name":"Sonoraenequipo.com.mx","url":"https:\/\/www.sonoraenequipo.com.mx\/","logo":{"@type":"ImageObject","inLanguage":"es","@id":"https:\/\/www.sonoraenequipo.com.mx\/#\/schema\/logo\/image\/","url":"https:\/\/www.sonoraenequipo.com.mx\/storage\/2019\/01\/sonoraenequipo_opt.png","contentUrl":"https:\/\/www.sonoraenequipo.com.mx\/storage\/2019\/01\/sonoraenequipo_opt.png","width":375,"height":125,"caption":"Sonoraenequipo.com.mx"},"image":{"@id":"https:\/\/www.sonoraenequipo.com.mx\/#\/schema\/logo\/image\/"},"sameAs":["https:\/\/www.facebook.com\/SonoraEE\/","https:\/\/x.com\/sonoraenequipo","https:\/\/www.youtube.com\/channel\/UC338nW-lPEYmJQs4ZABQ1SQ"]},{"@type":"Person","@id":"https:\/\/www.sonoraenequipo.com.mx\/#\/schema\/person\/50102df0fb23a8fa9e8effad8fa81386","name":"enequipo","image":{"@type":"ImageObject","inLanguage":"es","@id":"https:\/\/www.sonoraenequipo.com.mx\/#\/schema\/person\/image\/","url":"https:\/\/secure.gravatar.com\/avatar\/049821681b589dabc0bc20695993ccebb09f5b5d4d790cd9251b97faac7c652b?s=96&d=blank&r=g","contentUrl":"https:\/\/secure.gravatar.com\/avatar\/049821681b589dabc0bc20695993ccebb09f5b5d4d790cd9251b97faac7c652b?s=96&d=blank&r=g","caption":"enequipo"},"sameAs":["https:\/\/www.facebook.com\/SonoraEE"]}]}},"jetpack_featured_media_url":"https:\/\/www.sonoraenequipo.com.mx\/storage\/2024\/07\/perro-arrastrado.jpg","_links":{"self":[{"href":"https:\/\/www.sonoraenequipo.com.mx\/api\/wp\/v2\/posts\/203922","targetHints":{"allow":["GET"]}}],"collection":[{"href":"https:\/\/www.sonoraenequipo.com.mx\/api\/wp\/v2\/posts"}],"about":[{"href":"https:\/\/www.sonoraenequipo.com.mx\/api\/wp\/v2\/types\/post"}],"author":[{"embeddable":true,"href":"https:\/\/www.sonoraenequipo.com.mx\/api\/wp\/v2\/users\/1"}],"replies":[{"embeddable":true,"href":"https:\/\/www.sonoraenequipo.com.mx\/api\/wp\/v2\/comments?post=203922"}],"version-history":[{"count":3,"href":"https:\/\/www.sonoraenequipo.com.mx\/api\/wp\/v2\/posts\/203922\/revisions"}],"predecessor-version":[{"id":203940,"href":"https:\/\/www.sonoraenequipo.com.mx\/api\/wp\/v2\/posts\/203922\/revisions\/203940"}],"wp:featuredmedia":[{"embeddable":true,"href":"https:\/\/www.sonoraenequipo.com.mx\/api\/wp\/v2\/media\/194842"}],"wp:attachment":[{"href":"https:\/\/www.sonoraenequipo.com.mx\/api\/wp\/v2\/media?parent=203922"}],"wp:term":[{"taxonomy":"category","embeddable":true,"href":"https:\/\/www.sonoraenequipo.com.mx\/api\/wp\/v2\/categories?post=203922"},{"taxonomy":"post_tag","embeddable":true,"href":"https:\/\/www.sonoraenequipo.com.mx\/api\/wp\/v2\/tags?post=203922"}],"curies":[{"name":"wp","href":"https:\/\/api.w.org\/{rel}","templated":true}]}}