{"id":203947,"date":"2024-11-11T15:23:29","date_gmt":"2024-11-11T22:23:29","guid":{"rendered":"https:\/\/www.sonoraenequipo.com.mx\/?p=203947"},"modified":"2024-11-12T10:32:49","modified_gmt":"2024-11-12T17:32:49","slug":"inicia-en-unison-el-xiii-congreso-de-la-sociedad-latinoamericana-de-biologia-matematica","status":"publish","type":"post","link":"https:\/\/www.sonoraenequipo.com.mx\/inicia-en-unison-el-xiii-congreso-de-la-sociedad-latinoamericana-de-biologia-matematica\/","title":{"rendered":"Inicia en Unison el XIII Congreso de la Sociedad Latinoamericana de Biolog\u00eda Matem\u00e1tica"},"content":{"rendered":"<p><strong>HERMOSILLO, SONORA. MX. \u2014<\/strong> Del 11 al 15 de noviembre se llevar\u00e1n a cabo en la Universidad de Sonora eventos de inter\u00e9s cient\u00edfico y acad\u00e9mico al inaugurarse esta ma\u00f1ana la XIII edici\u00f3n del Congreso de la Sociedad Latinoamericana de Biolog\u00eda Matem\u00e1tica (SoLaBiMa) 2024.<\/p>\n<p> <\/p>\n<p>Fue el secretario General Acad\u00e9mico, Ram\u00f3n Enrique Robles Zepeda, quien marc\u00f3 el inicio de las actividades que cuentan con la participaci\u00f3n de investigadores que destacan en el \u00e1rea de la biolog\u00eda matem\u00e1tica a nivel mundial.<\/p>\n<p>En su intervenci\u00f3n, Robles Zepeda destac\u00f3 la importancia del evento que integra los conocimientos de las ciencias biol\u00f3gicas y las matem\u00e1ticas que ahora se identifican como dos \u00e1reas aliadas y fundamentales para la comprensi\u00f3n de los fen\u00f3menos complejos que afectan la vida y el medio ambiente.<\/p>\n<p><strong><em>\u201cDesde sus inicios, la biolog\u00eda y las matem\u00e1ticas han recorrido caminos paralelos; la biolog\u00eda ha buscado comprender la complejidad de la vida en todas sus formas y niveles, mientras que las matem\u00e1ticas nos han brindado herramientas para modelar, predecir y analizar esta complejida<\/em><\/strong>d.<\/p>\n<p><strong><em>\u201cPero hoy, en un contexto en el que los desaf\u00edos cient\u00edficos se vuelven cada vez m\u00e1s urgentes y globales, es imperativo que ambas disciplinas colaboren de manera profunda y efectiva \u201c,<\/em> <\/strong>estableci\u00f3.<\/p>\n<p>Dijo adem\u00e1s que la integraci\u00f3n de ambas ciencias no solo refleja un enfoque interdisciplinario, sino tambi\u00e9n de innovaci\u00f3n y ampliaci\u00f3n de las fronteras del conocimiento.<\/p>\n<p>A\u00f1adi\u00f3 que este congreso busca ser un espacio para que bi\u00f3logos, matem\u00e1ticos, biof\u00edsicos, ec\u00f3logos, y muchos otros especialistas construyan puentes de colaboraci\u00f3n porque, en efecto, al unir nuestras perspectivas, podemos lograr avances significativos en \u00e1reas como la Ecolog\u00eda, la Biomedicina, la Gen\u00e9tica, la Epidemiolog\u00eda y el Cambio Clim\u00e1tico, por nombrar solo algunas.<\/p>\n<p><strong><em>\u201cLa matem\u00e1tica aplicada a la biolog\u00eda permite que modelos complejos, ecuaciones diferenciales, simulaciones y an\u00e1lisis de datos nos ofrezcan una comprensi\u00f3n m\u00e1s clara de los sistemas biol\u00f3gicos.<\/em><\/strong><\/p>\n<p><strong><em>\u201cGracias a esta integraci\u00f3n, hoy podemos predecir la din\u00e1mica, por ejemplo, de poblaciones, el comportamiento de enfermedades infecciosas, la evoluci\u00f3n de especies y la interacci\u00f3n entre genes y prote\u00ednas con una precisi\u00f3n que antes parec\u00eda imposible\u201d<\/em><\/strong>, consider\u00f3.<\/p>\n<p>Robles Zepeda destac\u00f3 que el Congreso no es solo una serie de ponencias y talleres sino la oportunidad para estrechar lazos entre pa\u00edses, aprender unos de otros y fortalecer las redes de colaboraci\u00f3n latinoamericana en Biolog\u00eda y Matem\u00e1ticas.<\/p>\n<p>La bienvenida al evento estuvo a cargo del jefe del Departamento de Matem\u00e1ticas, Jes\u00fas Francisco Espinoza Fierro, quien destac\u00f3 la importancia del evento para estudiantes, acad\u00e9micos e investigadores de las \u00e1reas afines de la medicina, ecolog\u00eda, epidemiolog\u00eda y ciencia de datos, entre otras.<\/p>\n<p>Dijo que este a\u00f1o se ofrece un programa que incluye conferencias plenarias, cursos especializados, sesiones tem\u00e1ticas, presentaciones orales, exhibiciones de carteles y demostraciones de datos, con la participaci\u00f3n de destacados profesores de pa\u00edses como Brasil, Colombia, Per\u00fa y Argentina, entre otros.<\/p>\n<p>El presidente del Comit\u00e9 Organizador, Manuel Acu\u00f1a, por su parte, agradeci\u00f3 a las autoridades de la Universidad de Sonora por el apoyo a la preparaci\u00f3n de este evento, as\u00ed como a todos los colegas que brindar\u00e1n sus conocimientos y experiencias a los asistentes del evento del cual, la Universidad de Sonora es sede en esta XIII edici\u00f3n.<\/p>\n<p>Entre las autoridades presentes en la ceremonia de inauguraci\u00f3n estuvieron tambi\u00e9n en el pres\u00eddium el coordinador General de la Facultad Interdisciplinaria de Ciencias Exactas y Naturales, Juan Pablo Soto Barrera.<\/p>\n<p>Consulta el programa AQU\u00cd.<strong><a href=\"https:\/\/solabima2024.unison.mx.\"> https:\/\/solabima2024.unison.mx.<\/a><\/strong><\/p>\n<p>PUBLICADO EL 11 DE NOVIEMBRE DE 2024 Con informaci\u00f3n de UNISON)<\/p>\n","protected":false},"excerpt":{"rendered":"<p>HERMOSILLO, SONORA. MX. \u2014 Del 11 al 15 de noviembre se llevar\u00e1n a cabo en&#8230;<\/p>\n","protected":false},"author":1,"featured_media":203948,"comment_status":"open","ping_status":"open","sticky":false,"template":"","format":"standard","meta":{"_monsterinsights_skip_tracking":false,"_monsterinsights_sitenote_active":false,"_monsterinsights_sitenote_note":"","_monsterinsights_sitenote_category":0,"footnotes":""},"categories":[22],"tags":[],"class_list":["post"],"yoast_head":" \n<title>Sonora en Equipo. Inicia en Unison el XIII Congreso de la Sociedad Latinoamericana de Biolog\u00eda Matem\u00e1tica Sonora<\/title>\n<meta name=\"description\" content=\"HERMOSILLO, SONORA. MX. \u2014 Del 11 al 15 de noviembre se llevar\u00e1n a cabo en la Universidad de Sonora eventos de inter\u00e9s cient\u00edfico y acad\u00e9mico al En Sonora en Equipo publicamos toda la informaci\u00f3n de Sonora, M\u00e9xico y el Mundo de manera oportuna y busca que la libertad de expresi\u00f3n sea real. Visita nuestro medio informativo publicado desde Hermosillo, Sonora. %\" \/>\n<meta name=\"robots\" content=\"index, follow, max-snippet:-1, max-image-preview:large, max-video-preview:-1\" \/>\n<link rel=\"canonical\" href=\"https:\/\/www.sonoraenequipo.com.mx\/inicia-en-unison-el-xiii-congreso-de-la-sociedad-latinoamericana-de-biologia-matematica\/\" \/>\n<meta property=\"og:locale\" content=\"es_ES\" \/>\n<meta property=\"og:type\" content=\"article\" \/>\n<meta property=\"og:title\" content=\"Sonora en Equipo. Inicia en Unison el XIII Congreso de la Sociedad Latinoamericana de Biolog\u00eda Matem\u00e1tica Sonora\" \/>\n<meta property=\"og:description\" content=\"HERMOSILLO, SONORA. MX. \u2014 Del 11 al 15 de noviembre se llevar\u00e1n a cabo en la Universidad de Sonora eventos de inter\u00e9s cient\u00edfico y acad\u00e9mico al En Sonora en Equipo publicamos toda la informaci\u00f3n de Sonora, M\u00e9xico y el Mundo de manera oportuna y busca que la libertad de expresi\u00f3n sea real. Visita nuestro medio informativo publicado desde Hermosillo, Sonora. %\" \/>\n<meta property=\"og:url\" content=\"https:\/\/www.sonoraenequipo.com.mx\/inicia-en-unison-el-xiii-congreso-de-la-sociedad-latinoamericana-de-biologia-matematica\/\" \/>\n<meta property=\"og:site_name\" content=\"Sonora en Equipo.\" \/>\n<meta property=\"article:publisher\" content=\"https:\/\/www.facebook.com\/SonoraEE\/\" \/>\n<meta property=\"article:author\" content=\"https:\/\/www.facebook.com\/SonoraEE\" \/>\n<meta property=\"article:published_time\" content=\"2024-11-11T22:23:29+00:00\" \/>\n<meta property=\"article:modified_time\" content=\"2024-11-12T17:32:49+00:00\" \/>\n<meta property=\"og:image\" content=\"https:\/\/www.sonoraenequipo.com.mx\/storage\/2024\/11\/Solabima-en-UniSon-min.jpg\" \/>\n\t<meta property=\"og:image:width\" content=\"900\" \/>\n\t<meta property=\"og:image:height\" content=\"559\" \/>\n\t<meta property=\"og:image:type\" content=\"image\/jpeg\" \/>\n<meta name=\"author\" content=\"enequipo\" \/>\n<meta name=\"twitter:card\" content=\"summary_large_image\" \/>\n<meta name=\"twitter:creator\" content=\"@sonoraenequipo\" \/>\n<meta name=\"twitter:site\" content=\"@sonoraenequipo\" \/>\n<meta name=\"twitter:label1\" content=\"Escrito por\" \/>\n\t<meta name=\"twitter:data1\" content=\"enequipo\" \/>\n\t<meta name=\"twitter:label2\" content=\"Tiempo de lectura\" \/>\n\t<meta name=\"twitter:data2\" content=\"3 minutos\" \/>\n<script type=\"application\/ld+json\" class=\"yoast-schema-graph\">{\"@context\":\"https:\/\/schema.org\",\"@graph\":[{\"@type\":\"Article\",\"@id\":\"https:\/\/www.sonoraenequipo.com.mx\/inicia-en-unison-el-xiii-congreso-de-la-sociedad-latinoamericana-de-biologia-matematica\/#article\",\"isPartOf\":{\"@id\":\"https:\/\/www.sonoraenequipo.com.mx\/inicia-en-unison-el-xiii-congreso-de-la-sociedad-latinoamericana-de-biologia-matematica\/\"},\"author\":{\"name\":\"enequipo\",\"@id\":\"https:\/\/www.sonoraenequipo.com.mx\/#\/schema\/person\/50102df0fb23a8fa9e8effad8fa81386\"},\"headline\":\"Inicia en Unison el XIII Congreso de la Sociedad Latinoamericana de Biolog\u00eda Matem\u00e1tica\",\"datePublished\":\"2024-11-11T22:23:29+00:00\",\"dateModified\":\"2024-11-12T17:32:49+00:00\",\"mainEntityOfPage\":{\"@id\":\"https:\/\/www.sonoraenequipo.com.mx\/inicia-en-unison-el-xiii-congreso-de-la-sociedad-latinoamericana-de-biologia-matematica\/\"},\"wordCount\":651,\"commentCount\":0,\"publisher\":{\"@id\":\"https:\/\/www.sonoraenequipo.com.mx\/#organization\"},\"image\":{\"@id\":\"https:\/\/www.sonoraenequipo.com.mx\/inicia-en-unison-el-xiii-congreso-de-la-sociedad-latinoamericana-de-biologia-matematica\/#primaryimage\"},\"thumbnailUrl\":\"https:\/\/www.sonoraenequipo.com.mx\/storage\/2024\/11\/Solabima-en-UniSon-min.jpg\",\"articleSection\":[\"Sonora\"],\"inLanguage\":\"es\",\"potentialAction\":[{\"@type\":\"CommentAction\",\"name\":\"Comment\",\"target\":[\"https:\/\/www.sonoraenequipo.com.mx\/inicia-en-unison-el-xiii-congreso-de-la-sociedad-latinoamericana-de-biologia-matematica\/#respond\"]}]},{\"@type\":\"WebPage\",\"@id\":\"https:\/\/www.sonoraenequipo.com.mx\/inicia-en-unison-el-xiii-congreso-de-la-sociedad-latinoamericana-de-biologia-matematica\/\",\"url\":\"https:\/\/www.sonoraenequipo.com.mx\/inicia-en-unison-el-xiii-congreso-de-la-sociedad-latinoamericana-de-biologia-matematica\/\",\"name\":\"Sonora en Equipo. Inicia en Unison el XIII Congreso de la Sociedad Latinoamericana de Biolog\u00eda Matem\u00e1tica Sonora\",\"isPartOf\":{\"@id\":\"https:\/\/www.sonoraenequipo.com.mx\/#website\"},\"primaryImageOfPage\":{\"@id\":\"https:\/\/www.sonoraenequipo.com.mx\/inicia-en-unison-el-xiii-congreso-de-la-sociedad-latinoamericana-de-biologia-matematica\/#primaryimage\"},\"image\":{\"@id\":\"https:\/\/www.sonoraenequipo.com.mx\/inicia-en-unison-el-xiii-congreso-de-la-sociedad-latinoamericana-de-biologia-matematica\/#primaryimage\"},\"thumbnailUrl\":\"https:\/\/www.sonoraenequipo.com.mx\/storage\/2024\/11\/Solabima-en-UniSon-min.jpg\",\"datePublished\":\"2024-11-11T22:23:29+00:00\",\"dateModified\":\"2024-11-12T17:32:49+00:00\",\"description\":\"HERMOSILLO, SONORA. MX. \u2014 Del 11 al 15 de noviembre se llevar\u00e1n a cabo en la Universidad de Sonora eventos de inter\u00e9s cient\u00edfico y acad\u00e9mico al En Sonora en Equipo publicamos toda la informaci\u00f3n de Sonora, M\u00e9xico y el Mundo de manera oportuna y busca que la libertad de expresi\u00f3n sea real. Visita nuestro medio informativo publicado desde Hermosillo, Sonora. %\",\"breadcrumb\":{\"@id\":\"https:\/\/www.sonoraenequipo.com.mx\/inicia-en-unison-el-xiii-congreso-de-la-sociedad-latinoamericana-de-biologia-matematica\/#breadcrumb\"},\"inLanguage\":\"es\",\"potentialAction\":[{\"@type\":\"ReadAction\",\"target\":[\"https:\/\/www.sonoraenequipo.com.mx\/inicia-en-unison-el-xiii-congreso-de-la-sociedad-latinoamericana-de-biologia-matematica\/\"]}]},{\"@type\":\"ImageObject\",\"inLanguage\":\"es\",\"@id\":\"https:\/\/www.sonoraenequipo.com.mx\/inicia-en-unison-el-xiii-congreso-de-la-sociedad-latinoamericana-de-biologia-matematica\/#primaryimage\",\"url\":\"https:\/\/www.sonoraenequipo.com.mx\/storage\/2024\/11\/Solabima-en-UniSon-min.jpg\",\"contentUrl\":\"https:\/\/www.sonoraenequipo.com.mx\/storage\/2024\/11\/Solabima-en-UniSon-min.jpg\",\"width\":900,\"height\":559},{\"@type\":\"BreadcrumbList\",\"@id\":\"https:\/\/www.sonoraenequipo.com.mx\/inicia-en-unison-el-xiii-congreso-de-la-sociedad-latinoamericana-de-biologia-matematica\/#breadcrumb\",\"itemListElement\":[{\"@type\":\"ListItem\",\"position\":1,\"name\":\"Portada\",\"item\":\"https:\/\/www.sonoraenequipo.com.mx\/\"},{\"@type\":\"ListItem\",\"position\":2,\"name\":\"Inicia en Unison el XIII Congreso de la Sociedad Latinoamericana de Biolog\u00eda Matem\u00e1tica\"}]},{\"@type\":\"WebSite\",\"@id\":\"https:\/\/www.sonoraenequipo.com.mx\/#website\",\"url\":\"https:\/\/www.sonoraenequipo.com.mx\/\",\"name\":\"Sonora en Equipo.\",\"description\":\"Diario en l\u00ednea con Noticias desde Hermosillo, Sonora\",\"publisher\":{\"@id\":\"https:\/\/www.sonoraenequipo.com.mx\/#organization\"},\"potentialAction\":[{\"@type\":\"SearchAction\",\"target\":{\"@type\":\"EntryPoint\",\"urlTemplate\":\"https:\/\/www.sonoraenequipo.com.mx\/?s={search_term_string}\"},\"query-input\":{\"@type\":\"PropertyValueSpecification\",\"valueRequired\":true,\"valueName\":\"search_term_string\"}}],\"inLanguage\":\"es\"},{\"@type\":\"Organization\",\"@id\":\"https:\/\/www.sonoraenequipo.com.mx\/#organization\",\"name\":\"Sonoraenequipo.com.mx\",\"url\":\"https:\/\/www.sonoraenequipo.com.mx\/\",\"logo\":{\"@type\":\"ImageObject\",\"inLanguage\":\"es\",\"@id\":\"https:\/\/www.sonoraenequipo.com.mx\/#\/schema\/logo\/image\/\",\"url\":\"https:\/\/www.sonoraenequipo.com.mx\/storage\/2019\/01\/sonoraenequipo_opt.png\",\"contentUrl\":\"https:\/\/www.sonoraenequipo.com.mx\/storage\/2019\/01\/sonoraenequipo_opt.png\",\"width\":375,\"height\":125,\"caption\":\"Sonoraenequipo.com.mx\"},\"image\":{\"@id\":\"https:\/\/www.sonoraenequipo.com.mx\/#\/schema\/logo\/image\/\"},\"sameAs\":[\"https:\/\/www.facebook.com\/SonoraEE\/\",\"https:\/\/x.com\/sonoraenequipo\",\"https:\/\/www.youtube.com\/channel\/UC338nW-lPEYmJQs4ZABQ1SQ\"]},{\"@type\":\"Person\",\"@id\":\"https:\/\/www.sonoraenequipo.com.mx\/#\/schema\/person\/50102df0fb23a8fa9e8effad8fa81386\",\"name\":\"enequipo\",\"image\":{\"@type\":\"ImageObject\",\"inLanguage\":\"es\",\"@id\":\"https:\/\/www.sonoraenequipo.com.mx\/#\/schema\/person\/image\/\",\"url\":\"https:\/\/secure.gravatar.com\/avatar\/049821681b589dabc0bc20695993ccebb09f5b5d4d790cd9251b97faac7c652b?s=96&d=blank&r=g\",\"contentUrl\":\"https:\/\/secure.gravatar.com\/avatar\/049821681b589dabc0bc20695993ccebb09f5b5d4d790cd9251b97faac7c652b?s=96&d=blank&r=g\",\"caption\":\"enequipo\"},\"sameAs\":[\"https:\/\/www.facebook.com\/SonoraEE\"]}]}<\/script>\n ","yoast_head_json":{"title":"Sonora en Equipo. Inicia en Unison el XIII Congreso de la Sociedad Latinoamericana de Biolog\u00eda Matem\u00e1tica Sonora","description":"HERMOSILLO, SONORA. MX. \u2014 Del 11 al 15 de noviembre se llevar\u00e1n a cabo en la Universidad de Sonora eventos de inter\u00e9s cient\u00edfico y acad\u00e9mico al En Sonora en Equipo publicamos toda la informaci\u00f3n de Sonora, M\u00e9xico y el Mundo de manera oportuna y busca que la libertad de expresi\u00f3n sea real. Visita nuestro medio informativo publicado desde Hermosillo, Sonora. %","robots":{"index":"index","follow":"follow","max-snippet":"max-snippet:-1","max-image-preview":"max-image-preview:large","max-video-preview":"max-video-preview:-1"},"canonical":"https:\/\/www.sonoraenequipo.com.mx\/inicia-en-unison-el-xiii-congreso-de-la-sociedad-latinoamericana-de-biologia-matematica\/","og_locale":"es_ES","og_type":"article","og_title":"Sonora en Equipo. Inicia en Unison el XIII Congreso de la Sociedad Latinoamericana de Biolog\u00eda Matem\u00e1tica Sonora","og_description":"HERMOSILLO, SONORA. MX. \u2014 Del 11 al 15 de noviembre se llevar\u00e1n a cabo en la Universidad de Sonora eventos de inter\u00e9s cient\u00edfico y acad\u00e9mico al En Sonora en Equipo publicamos toda la informaci\u00f3n de Sonora, M\u00e9xico y el Mundo de manera oportuna y busca que la libertad de expresi\u00f3n sea real. Visita nuestro medio informativo publicado desde Hermosillo, Sonora. %","og_url":"https:\/\/www.sonoraenequipo.com.mx\/inicia-en-unison-el-xiii-congreso-de-la-sociedad-latinoamericana-de-biologia-matematica\/","og_site_name":"Sonora en Equipo.","article_publisher":"https:\/\/www.facebook.com\/SonoraEE\/","article_author":"https:\/\/www.facebook.com\/SonoraEE","article_published_time":"2024-11-11T22:23:29+00:00","article_modified_time":"2024-11-12T17:32:49+00:00","og_image":[{"width":900,"height":559,"url":"https:\/\/www.sonoraenequipo.com.mx\/storage\/2024\/11\/Solabima-en-UniSon-min.jpg","type":"image\/jpeg"}],"author":"enequipo","twitter_card":"summary_large_image","twitter_creator":"@sonoraenequipo","twitter_site":"@sonoraenequipo","twitter_misc":{"Escrito por":"enequipo","Tiempo de lectura":"3 minutos"},"schema":{"@context":"https:\/\/schema.org","@graph":[{"@type":"Article","@id":"https:\/\/www.sonoraenequipo.com.mx\/inicia-en-unison-el-xiii-congreso-de-la-sociedad-latinoamericana-de-biologia-matematica\/#article","isPartOf":{"@id":"https:\/\/www.sonoraenequipo.com.mx\/inicia-en-unison-el-xiii-congreso-de-la-sociedad-latinoamericana-de-biologia-matematica\/"},"author":{"name":"enequipo","@id":"https:\/\/www.sonoraenequipo.com.mx\/#\/schema\/person\/50102df0fb23a8fa9e8effad8fa81386"},"headline":"Inicia en Unison el XIII Congreso de la Sociedad Latinoamericana de Biolog\u00eda Matem\u00e1tica","datePublished":"2024-11-11T22:23:29+00:00","dateModified":"2024-11-12T17:32:49+00:00","mainEntityOfPage":{"@id":"https:\/\/www.sonoraenequipo.com.mx\/inicia-en-unison-el-xiii-congreso-de-la-sociedad-latinoamericana-de-biologia-matematica\/"},"wordCount":651,"commentCount":0,"publisher":{"@id":"https:\/\/www.sonoraenequipo.com.mx\/#organization"},"image":{"@id":"https:\/\/www.sonoraenequipo.com.mx\/inicia-en-unison-el-xiii-congreso-de-la-sociedad-latinoamericana-de-biologia-matematica\/#primaryimage"},"thumbnailUrl":"https:\/\/www.sonoraenequipo.com.mx\/storage\/2024\/11\/Solabima-en-UniSon-min.jpg","articleSection":["Sonora"],"inLanguage":"es","potentialAction":[{"@type":"CommentAction","name":"Comment","target":["https:\/\/www.sonoraenequipo.com.mx\/inicia-en-unison-el-xiii-congreso-de-la-sociedad-latinoamericana-de-biologia-matematica\/#respond"]}]},{"@type":"WebPage","@id":"https:\/\/www.sonoraenequipo.com.mx\/inicia-en-unison-el-xiii-congreso-de-la-sociedad-latinoamericana-de-biologia-matematica\/","url":"https:\/\/www.sonoraenequipo.com.mx\/inicia-en-unison-el-xiii-congreso-de-la-sociedad-latinoamericana-de-biologia-matematica\/","name":"Sonora en Equipo. Inicia en Unison el XIII Congreso de la Sociedad Latinoamericana de Biolog\u00eda Matem\u00e1tica Sonora","isPartOf":{"@id":"https:\/\/www.sonoraenequipo.com.mx\/#website"},"primaryImageOfPage":{"@id":"https:\/\/www.sonoraenequipo.com.mx\/inicia-en-unison-el-xiii-congreso-de-la-sociedad-latinoamericana-de-biologia-matematica\/#primaryimage"},"image":{"@id":"https:\/\/www.sonoraenequipo.com.mx\/inicia-en-unison-el-xiii-congreso-de-la-sociedad-latinoamericana-de-biologia-matematica\/#primaryimage"},"thumbnailUrl":"https:\/\/www.sonoraenequipo.com.mx\/storage\/2024\/11\/Solabima-en-UniSon-min.jpg","datePublished":"2024-11-11T22:23:29+00:00","dateModified":"2024-11-12T17:32:49+00:00","description":"HERMOSILLO, SONORA. MX. \u2014 Del 11 al 15 de noviembre se llevar\u00e1n a cabo en la Universidad de Sonora eventos de inter\u00e9s cient\u00edfico y acad\u00e9mico al En Sonora en Equipo publicamos toda la informaci\u00f3n de Sonora, M\u00e9xico y el Mundo de manera oportuna y busca que la libertad de expresi\u00f3n sea real. Visita nuestro medio informativo publicado desde Hermosillo, Sonora. %","breadcrumb":{"@id":"https:\/\/www.sonoraenequipo.com.mx\/inicia-en-unison-el-xiii-congreso-de-la-sociedad-latinoamericana-de-biologia-matematica\/#breadcrumb"},"inLanguage":"es","potentialAction":[{"@type":"ReadAction","target":["https:\/\/www.sonoraenequipo.com.mx\/inicia-en-unison-el-xiii-congreso-de-la-sociedad-latinoamericana-de-biologia-matematica\/"]}]},{"@type":"ImageObject","inLanguage":"es","@id":"https:\/\/www.sonoraenequipo.com.mx\/inicia-en-unison-el-xiii-congreso-de-la-sociedad-latinoamericana-de-biologia-matematica\/#primaryimage","url":"https:\/\/www.sonoraenequipo.com.mx\/storage\/2024\/11\/Solabima-en-UniSon-min.jpg","contentUrl":"https:\/\/www.sonoraenequipo.com.mx\/storage\/2024\/11\/Solabima-en-UniSon-min.jpg","width":900,"height":559},{"@type":"BreadcrumbList","@id":"https:\/\/www.sonoraenequipo.com.mx\/inicia-en-unison-el-xiii-congreso-de-la-sociedad-latinoamericana-de-biologia-matematica\/#breadcrumb","itemListElement":[{"@type":"ListItem","position":1,"name":"Portada","item":"https:\/\/www.sonoraenequipo.com.mx\/"},{"@type":"ListItem","position":2,"name":"Inicia en Unison el XIII Congreso de la Sociedad Latinoamericana de Biolog\u00eda Matem\u00e1tica"}]},{"@type":"WebSite","@id":"https:\/\/www.sonoraenequipo.com.mx\/#website","url":"https:\/\/www.sonoraenequipo.com.mx\/","name":"Sonora en Equipo.","description":"Diario en l\u00ednea con Noticias desde Hermosillo, Sonora","publisher":{"@id":"https:\/\/www.sonoraenequipo.com.mx\/#organization"},"potentialAction":[{"@type":"SearchAction","target":{"@type":"EntryPoint","urlTemplate":"https:\/\/www.sonoraenequipo.com.mx\/?s={search_term_string}"},"query-input":{"@type":"PropertyValueSpecification","valueRequired":true,"valueName":"search_term_string"}}],"inLanguage":"es"},{"@type":"Organization","@id":"https:\/\/www.sonoraenequipo.com.mx\/#organization","name":"Sonoraenequipo.com.mx","url":"https:\/\/www.sonoraenequipo.com.mx\/","logo":{"@type":"ImageObject","inLanguage":"es","@id":"https:\/\/www.sonoraenequipo.com.mx\/#\/schema\/logo\/image\/","url":"https:\/\/www.sonoraenequipo.com.mx\/storage\/2019\/01\/sonoraenequipo_opt.png","contentUrl":"https:\/\/www.sonoraenequipo.com.mx\/storage\/2019\/01\/sonoraenequipo_opt.png","width":375,"height":125,"caption":"Sonoraenequipo.com.mx"},"image":{"@id":"https:\/\/www.sonoraenequipo.com.mx\/#\/schema\/logo\/image\/"},"sameAs":["https:\/\/www.facebook.com\/SonoraEE\/","https:\/\/x.com\/sonoraenequipo","https:\/\/www.youtube.com\/channel\/UC338nW-lPEYmJQs4ZABQ1SQ"]},{"@type":"Person","@id":"https:\/\/www.sonoraenequipo.com.mx\/#\/schema\/person\/50102df0fb23a8fa9e8effad8fa81386","name":"enequipo","image":{"@type":"ImageObject","inLanguage":"es","@id":"https:\/\/www.sonoraenequipo.com.mx\/#\/schema\/person\/image\/","url":"https:\/\/secure.gravatar.com\/avatar\/049821681b589dabc0bc20695993ccebb09f5b5d4d790cd9251b97faac7c652b?s=96&d=blank&r=g","contentUrl":"https:\/\/secure.gravatar.com\/avatar\/049821681b589dabc0bc20695993ccebb09f5b5d4d790cd9251b97faac7c652b?s=96&d=blank&r=g","caption":"enequipo"},"sameAs":["https:\/\/www.facebook.com\/SonoraEE"]}]}},"jetpack_featured_media_url":"https:\/\/www.sonoraenequipo.com.mx\/storage\/2024\/11\/Solabima-en-UniSon-min.jpg","_links":{"self":[{"href":"https:\/\/www.sonoraenequipo.com.mx\/api\/wp\/v2\/posts\/203947","targetHints":{"allow":["GET"]}}],"collection":[{"href":"https:\/\/www.sonoraenequipo.com.mx\/api\/wp\/v2\/posts"}],"about":[{"href":"https:\/\/www.sonoraenequipo.com.mx\/api\/wp\/v2\/types\/post"}],"author":[{"embeddable":true,"href":"https:\/\/www.sonoraenequipo.com.mx\/api\/wp\/v2\/users\/1"}],"replies":[{"embeddable":true,"href":"https:\/\/www.sonoraenequipo.com.mx\/api\/wp\/v2\/comments?post=203947"}],"version-history":[{"count":2,"href":"https:\/\/www.sonoraenequipo.com.mx\/api\/wp\/v2\/posts\/203947\/revisions"}],"predecessor-version":[{"id":203951,"href":"https:\/\/www.sonoraenequipo.com.mx\/api\/wp\/v2\/posts\/203947\/revisions\/203951"}],"wp:featuredmedia":[{"embeddable":true,"href":"https:\/\/www.sonoraenequipo.com.mx\/api\/wp\/v2\/media\/203948"}],"wp:attachment":[{"href":"https:\/\/www.sonoraenequipo.com.mx\/api\/wp\/v2\/media?parent=203947"}],"wp:term":[{"taxonomy":"category","embeddable":true,"href":"https:\/\/www.sonoraenequipo.com.mx\/api\/wp\/v2\/categories?post=203947"},{"taxonomy":"post_tag","embeddable":true,"href":"https:\/\/www.sonoraenequipo.com.mx\/api\/wp\/v2\/tags?post=203947"}],"curies":[{"name":"wp","href":"https:\/\/api.w.org\/{rel}","templated":true}]}}