{"id":204012,"date":"2024-11-13T13:15:00","date_gmt":"2024-11-13T20:15:00","guid":{"rendered":"https:\/\/www.sonoraenequipo.com.mx\/?p=204012"},"modified":"2024-11-13T20:10:52","modified_gmt":"2024-11-14T03:10:52","slug":"las-lluvias-torrenciales-vuelven-a-espana-ahora-impactan-malaga","status":"publish","type":"post","link":"https:\/\/www.sonoraenequipo.com.mx\/las-lluvias-torrenciales-vuelven-a-espana-ahora-impactan-malaga\/","title":{"rendered":"Las lluvias torrenciales vuelven a Espa\u00f1a, ahora impactan M\u00e1laga"},"content":{"rendered":"<p><strong>MADRID, ESPA\u00d1A. \u2014 <\/strong><strong>\u00a0<\/strong>Miles de personas evacuadas y trenes suspendidos dejaron las lluvias torrenciales que este mi\u00e9rcoles (13.11.2024) volvieron a azotar a Espa\u00f1a, tras las impactantes riadas que hace dos semanas mataron al menos a 223 personas, la mayor\u00eda en la regi\u00f3n de Valencia.<\/p>\n<p>La agencia meteorol\u00f3gica nacional (Aemet) decret\u00f3 la alerta m\u00e1xima, la roja, en la provincia andaluza de M\u00e1laga, en el sur, y en la de Tarragona, en el noreste, por esta nueva DANA (depresi\u00f3n aislada en niveles altos) o gota fr\u00eda, como se conoce al fen\u00f3meno.<\/p>\n<p>La ciudad de M\u00e1laga parec\u00eda la m\u00e1s afectada por las lluvias, con el desalojo de m\u00e1s de 3.000 personas de mil viviendas pr\u00f3ximas a los r\u00edos, calles inundadas, suspensi\u00f3n del transporte urbano y del servicio ferroviario con Madrid.<\/p>\n<p><em><strong>\u00abHoy M\u00e1laga est\u00e1 paralizada\u00bb<\/strong><\/em>, afirm\u00f3 a periodistas el presidente regional de Andaluc\u00eda, Juan Manuel Moreno.<em><strong> \u00abS\u00e9 que para los ciudadanos es un problema el no poder llevar a los ni\u00f1os a clase\u00bb o ir a trabajar, pero tras lo visto en Valencia hay que \u00abprevenir\u00bb y \u00abminimizar el impacto en t\u00e9rminos de p\u00e9rdida de vidas humanas\u00bb,<\/strong> <\/em>agreg\u00f3.<\/p>\n<p>El temporal llev\u00f3 a posponer para el viernes una eliminatoria entre Espa\u00f1a y Polonia de la Copa Billie Jean King de tenis femenino que deb\u00eda jugarse la tarde del mi\u00e9rcoles en M\u00e1laga.<\/p>\n<p>Una dana es una masa de aire que se desprende de una corriente muy fr\u00eda y que desciende sobre otra de aire caliente produciendo grandes perturbaciones atmosf\u00e9ricas acompa\u00f1adas de precipitaciones muy intensas.<\/p>\n<p><strong>Fecha de publicaci\u00f3n mi\u00e9rcoles 13 de noviembre de 2024 \/ DW <\/strong><\/p>\n","protected":false},"excerpt":{"rendered":"<p>MADRID, ESPA\u00d1A. \u2014 \u00a0Miles de personas evacuadas y trenes suspendidos dejaron las lluvias torrenciales que&#8230;<\/p>\n","protected":false},"author":1,"featured_media":204013,"comment_status":"open","ping_status":"open","sticky":false,"template":"","format":"standard","meta":{"_monsterinsights_skip_tracking":false,"_monsterinsights_sitenote_active":false,"_monsterinsights_sitenote_note":"","_monsterinsights_sitenote_category":0,"footnotes":""},"categories":[3],"tags":[10473,2390],"class_list":["post"],"yoast_head":" \n<title>Sonora en Equipo. Las lluvias torrenciales vuelven a Espa\u00f1a, ahora impactan M\u00e1laga MUNDO<\/title>\n<meta name=\"description\" content=\"MADRID, ESPA\u00d1A. \u2014 \u00a0Miles de personas evacuadas y trenes suspendidos dejaron las lluvias torrenciales que este mi\u00e9rcoles (13.11.2024) volvieron a azotar a En Sonora en Equipo publicamos toda la informaci\u00f3n de Sonora, M\u00e9xico y el Mundo de manera oportuna y busca que la libertad de expresi\u00f3n sea real. Visita nuestro medio informativo publicado desde Hermosillo, Sonora. %\" \/>\n<meta name=\"robots\" content=\"index, follow, max-snippet:-1, max-image-preview:large, max-video-preview:-1\" \/>\n<link rel=\"canonical\" href=\"https:\/\/www.sonoraenequipo.com.mx\/las-lluvias-torrenciales-vuelven-a-espana-ahora-impactan-malaga\/\" \/>\n<meta property=\"og:locale\" content=\"es_ES\" \/>\n<meta property=\"og:type\" content=\"article\" \/>\n<meta property=\"og:title\" content=\"Sonora en Equipo. Las lluvias torrenciales vuelven a Espa\u00f1a, ahora impactan M\u00e1laga MUNDO\" \/>\n<meta property=\"og:description\" content=\"MADRID, ESPA\u00d1A. \u2014 \u00a0Miles de personas evacuadas y trenes suspendidos dejaron las lluvias torrenciales que este mi\u00e9rcoles (13.11.2024) volvieron a azotar a En Sonora en Equipo publicamos toda la informaci\u00f3n de Sonora, M\u00e9xico y el Mundo de manera oportuna y busca que la libertad de expresi\u00f3n sea real. Visita nuestro medio informativo publicado desde Hermosillo, Sonora. %\" \/>\n<meta property=\"og:url\" content=\"https:\/\/www.sonoraenequipo.com.mx\/las-lluvias-torrenciales-vuelven-a-espana-ahora-impactan-malaga\/\" \/>\n<meta property=\"og:site_name\" content=\"Sonora en Equipo.\" \/>\n<meta property=\"article:publisher\" content=\"https:\/\/www.facebook.com\/SonoraEE\/\" \/>\n<meta property=\"article:author\" content=\"https:\/\/www.facebook.com\/SonoraEE\" \/>\n<meta property=\"article:published_time\" content=\"2024-11-13T20:15:00+00:00\" \/>\n<meta property=\"article:modified_time\" content=\"2024-11-14T03:10:52+00:00\" \/>\n<meta property=\"og:image\" content=\"https:\/\/www.sonoraenequipo.com.mx\/storage\/2024\/11\/lluvias-malaga2.jpg\" \/>\n\t<meta property=\"og:image:width\" content=\"600\" \/>\n\t<meta property=\"og:image:height\" content=\"400\" \/>\n\t<meta property=\"og:image:type\" content=\"image\/jpeg\" \/>\n<meta name=\"author\" content=\"enequipo\" \/>\n<meta name=\"twitter:card\" content=\"summary_large_image\" \/>\n<meta name=\"twitter:creator\" content=\"@sonoraenequipo\" \/>\n<meta name=\"twitter:site\" content=\"@sonoraenequipo\" \/>\n<meta name=\"twitter:label1\" content=\"Escrito por\" \/>\n\t<meta name=\"twitter:data1\" content=\"enequipo\" \/>\n\t<meta name=\"twitter:label2\" content=\"Tiempo de lectura\" \/>\n\t<meta name=\"twitter:data2\" content=\"1 minuto\" \/>\n<script type=\"application\/ld+json\" class=\"yoast-schema-graph\">{\"@context\":\"https:\/\/schema.org\",\"@graph\":[{\"@type\":\"Article\",\"@id\":\"https:\/\/www.sonoraenequipo.com.mx\/las-lluvias-torrenciales-vuelven-a-espana-ahora-impactan-malaga\/#article\",\"isPartOf\":{\"@id\":\"https:\/\/www.sonoraenequipo.com.mx\/las-lluvias-torrenciales-vuelven-a-espana-ahora-impactan-malaga\/\"},\"author\":{\"name\":\"enequipo\",\"@id\":\"https:\/\/www.sonoraenequipo.com.mx\/#\/schema\/person\/50102df0fb23a8fa9e8effad8fa81386\"},\"headline\":\"Las lluvias torrenciales vuelven a Espa\u00f1a, ahora impactan M\u00e1laga\",\"datePublished\":\"2024-11-13T20:15:00+00:00\",\"dateModified\":\"2024-11-14T03:10:52+00:00\",\"mainEntityOfPage\":{\"@id\":\"https:\/\/www.sonoraenequipo.com.mx\/las-lluvias-torrenciales-vuelven-a-espana-ahora-impactan-malaga\/\"},\"wordCount\":295,\"commentCount\":0,\"publisher\":{\"@id\":\"https:\/\/www.sonoraenequipo.com.mx\/#organization\"},\"image\":{\"@id\":\"https:\/\/www.sonoraenequipo.com.mx\/las-lluvias-torrenciales-vuelven-a-espana-ahora-impactan-malaga\/#primaryimage\"},\"thumbnailUrl\":\"https:\/\/www.sonoraenequipo.com.mx\/storage\/2024\/11\/lluvias-malaga2.jpg\",\"keywords\":[\"dana\",\"Espa\u00f1a\"],\"articleSection\":[\"MUNDO\"],\"inLanguage\":\"es\",\"potentialAction\":[{\"@type\":\"CommentAction\",\"name\":\"Comment\",\"target\":[\"https:\/\/www.sonoraenequipo.com.mx\/las-lluvias-torrenciales-vuelven-a-espana-ahora-impactan-malaga\/#respond\"]}]},{\"@type\":\"WebPage\",\"@id\":\"https:\/\/www.sonoraenequipo.com.mx\/las-lluvias-torrenciales-vuelven-a-espana-ahora-impactan-malaga\/\",\"url\":\"https:\/\/www.sonoraenequipo.com.mx\/las-lluvias-torrenciales-vuelven-a-espana-ahora-impactan-malaga\/\",\"name\":\"Sonora en Equipo. Las lluvias torrenciales vuelven a Espa\u00f1a, ahora impactan M\u00e1laga MUNDO\",\"isPartOf\":{\"@id\":\"https:\/\/www.sonoraenequipo.com.mx\/#website\"},\"primaryImageOfPage\":{\"@id\":\"https:\/\/www.sonoraenequipo.com.mx\/las-lluvias-torrenciales-vuelven-a-espana-ahora-impactan-malaga\/#primaryimage\"},\"image\":{\"@id\":\"https:\/\/www.sonoraenequipo.com.mx\/las-lluvias-torrenciales-vuelven-a-espana-ahora-impactan-malaga\/#primaryimage\"},\"thumbnailUrl\":\"https:\/\/www.sonoraenequipo.com.mx\/storage\/2024\/11\/lluvias-malaga2.jpg\",\"datePublished\":\"2024-11-13T20:15:00+00:00\",\"dateModified\":\"2024-11-14T03:10:52+00:00\",\"description\":\"MADRID, ESPA\u00d1A. \u2014 \u00a0Miles de personas evacuadas y trenes suspendidos dejaron las lluvias torrenciales que este mi\u00e9rcoles (13.11.2024) volvieron a azotar a En Sonora en Equipo publicamos toda la informaci\u00f3n de Sonora, M\u00e9xico y el Mundo de manera oportuna y busca que la libertad de expresi\u00f3n sea real. Visita nuestro medio informativo publicado desde Hermosillo, Sonora. %\",\"breadcrumb\":{\"@id\":\"https:\/\/www.sonoraenequipo.com.mx\/las-lluvias-torrenciales-vuelven-a-espana-ahora-impactan-malaga\/#breadcrumb\"},\"inLanguage\":\"es\",\"potentialAction\":[{\"@type\":\"ReadAction\",\"target\":[\"https:\/\/www.sonoraenequipo.com.mx\/las-lluvias-torrenciales-vuelven-a-espana-ahora-impactan-malaga\/\"]}]},{\"@type\":\"ImageObject\",\"inLanguage\":\"es\",\"@id\":\"https:\/\/www.sonoraenequipo.com.mx\/las-lluvias-torrenciales-vuelven-a-espana-ahora-impactan-malaga\/#primaryimage\",\"url\":\"https:\/\/www.sonoraenequipo.com.mx\/storage\/2024\/11\/lluvias-malaga2.jpg\",\"contentUrl\":\"https:\/\/www.sonoraenequipo.com.mx\/storage\/2024\/11\/lluvias-malaga2.jpg\",\"width\":600,\"height\":400,\"caption\":\"Imagen picture alliance\"},{\"@type\":\"BreadcrumbList\",\"@id\":\"https:\/\/www.sonoraenequipo.com.mx\/las-lluvias-torrenciales-vuelven-a-espana-ahora-impactan-malaga\/#breadcrumb\",\"itemListElement\":[{\"@type\":\"ListItem\",\"position\":1,\"name\":\"Portada\",\"item\":\"https:\/\/www.sonoraenequipo.com.mx\/\"},{\"@type\":\"ListItem\",\"position\":2,\"name\":\"Las lluvias torrenciales vuelven a Espa\u00f1a, ahora impactan M\u00e1laga\"}]},{\"@type\":\"WebSite\",\"@id\":\"https:\/\/www.sonoraenequipo.com.mx\/#website\",\"url\":\"https:\/\/www.sonoraenequipo.com.mx\/\",\"name\":\"Sonora en Equipo.\",\"description\":\"Diario en l\u00ednea con Noticias desde Hermosillo, Sonora\",\"publisher\":{\"@id\":\"https:\/\/www.sonoraenequipo.com.mx\/#organization\"},\"potentialAction\":[{\"@type\":\"SearchAction\",\"target\":{\"@type\":\"EntryPoint\",\"urlTemplate\":\"https:\/\/www.sonoraenequipo.com.mx\/?s={search_term_string}\"},\"query-input\":{\"@type\":\"PropertyValueSpecification\",\"valueRequired\":true,\"valueName\":\"search_term_string\"}}],\"inLanguage\":\"es\"},{\"@type\":\"Organization\",\"@id\":\"https:\/\/www.sonoraenequipo.com.mx\/#organization\",\"name\":\"Sonoraenequipo.com.mx\",\"url\":\"https:\/\/www.sonoraenequipo.com.mx\/\",\"logo\":{\"@type\":\"ImageObject\",\"inLanguage\":\"es\",\"@id\":\"https:\/\/www.sonoraenequipo.com.mx\/#\/schema\/logo\/image\/\",\"url\":\"https:\/\/www.sonoraenequipo.com.mx\/storage\/2019\/01\/sonoraenequipo_opt.png\",\"contentUrl\":\"https:\/\/www.sonoraenequipo.com.mx\/storage\/2019\/01\/sonoraenequipo_opt.png\",\"width\":375,\"height\":125,\"caption\":\"Sonoraenequipo.com.mx\"},\"image\":{\"@id\":\"https:\/\/www.sonoraenequipo.com.mx\/#\/schema\/logo\/image\/\"},\"sameAs\":[\"https:\/\/www.facebook.com\/SonoraEE\/\",\"https:\/\/x.com\/sonoraenequipo\",\"https:\/\/www.youtube.com\/channel\/UC338nW-lPEYmJQs4ZABQ1SQ\"]},{\"@type\":\"Person\",\"@id\":\"https:\/\/www.sonoraenequipo.com.mx\/#\/schema\/person\/50102df0fb23a8fa9e8effad8fa81386\",\"name\":\"enequipo\",\"image\":{\"@type\":\"ImageObject\",\"inLanguage\":\"es\",\"@id\":\"https:\/\/www.sonoraenequipo.com.mx\/#\/schema\/person\/image\/\",\"url\":\"https:\/\/secure.gravatar.com\/avatar\/049821681b589dabc0bc20695993ccebb09f5b5d4d790cd9251b97faac7c652b?s=96&d=blank&r=g\",\"contentUrl\":\"https:\/\/secure.gravatar.com\/avatar\/049821681b589dabc0bc20695993ccebb09f5b5d4d790cd9251b97faac7c652b?s=96&d=blank&r=g\",\"caption\":\"enequipo\"},\"sameAs\":[\"https:\/\/www.facebook.com\/SonoraEE\"]}]}<\/script>\n ","yoast_head_json":{"title":"Sonora en Equipo. Las lluvias torrenciales vuelven a Espa\u00f1a, ahora impactan M\u00e1laga MUNDO","description":"MADRID, ESPA\u00d1A. \u2014 \u00a0Miles de personas evacuadas y trenes suspendidos dejaron las lluvias torrenciales que este mi\u00e9rcoles (13.11.2024) volvieron a azotar a En Sonora en Equipo publicamos toda la informaci\u00f3n de Sonora, M\u00e9xico y el Mundo de manera oportuna y busca que la libertad de expresi\u00f3n sea real. Visita nuestro medio informativo publicado desde Hermosillo, Sonora. %","robots":{"index":"index","follow":"follow","max-snippet":"max-snippet:-1","max-image-preview":"max-image-preview:large","max-video-preview":"max-video-preview:-1"},"canonical":"https:\/\/www.sonoraenequipo.com.mx\/las-lluvias-torrenciales-vuelven-a-espana-ahora-impactan-malaga\/","og_locale":"es_ES","og_type":"article","og_title":"Sonora en Equipo. Las lluvias torrenciales vuelven a Espa\u00f1a, ahora impactan M\u00e1laga MUNDO","og_description":"MADRID, ESPA\u00d1A. \u2014 \u00a0Miles de personas evacuadas y trenes suspendidos dejaron las lluvias torrenciales que este mi\u00e9rcoles (13.11.2024) volvieron a azotar a En Sonora en Equipo publicamos toda la informaci\u00f3n de Sonora, M\u00e9xico y el Mundo de manera oportuna y busca que la libertad de expresi\u00f3n sea real. Visita nuestro medio informativo publicado desde Hermosillo, Sonora. %","og_url":"https:\/\/www.sonoraenequipo.com.mx\/las-lluvias-torrenciales-vuelven-a-espana-ahora-impactan-malaga\/","og_site_name":"Sonora en Equipo.","article_publisher":"https:\/\/www.facebook.com\/SonoraEE\/","article_author":"https:\/\/www.facebook.com\/SonoraEE","article_published_time":"2024-11-13T20:15:00+00:00","article_modified_time":"2024-11-14T03:10:52+00:00","og_image":[{"width":600,"height":400,"url":"https:\/\/www.sonoraenequipo.com.mx\/storage\/2024\/11\/lluvias-malaga2.jpg","type":"image\/jpeg"}],"author":"enequipo","twitter_card":"summary_large_image","twitter_creator":"@sonoraenequipo","twitter_site":"@sonoraenequipo","twitter_misc":{"Escrito por":"enequipo","Tiempo de lectura":"1 minuto"},"schema":{"@context":"https:\/\/schema.org","@graph":[{"@type":"Article","@id":"https:\/\/www.sonoraenequipo.com.mx\/las-lluvias-torrenciales-vuelven-a-espana-ahora-impactan-malaga\/#article","isPartOf":{"@id":"https:\/\/www.sonoraenequipo.com.mx\/las-lluvias-torrenciales-vuelven-a-espana-ahora-impactan-malaga\/"},"author":{"name":"enequipo","@id":"https:\/\/www.sonoraenequipo.com.mx\/#\/schema\/person\/50102df0fb23a8fa9e8effad8fa81386"},"headline":"Las lluvias torrenciales vuelven a Espa\u00f1a, ahora impactan M\u00e1laga","datePublished":"2024-11-13T20:15:00+00:00","dateModified":"2024-11-14T03:10:52+00:00","mainEntityOfPage":{"@id":"https:\/\/www.sonoraenequipo.com.mx\/las-lluvias-torrenciales-vuelven-a-espana-ahora-impactan-malaga\/"},"wordCount":295,"commentCount":0,"publisher":{"@id":"https:\/\/www.sonoraenequipo.com.mx\/#organization"},"image":{"@id":"https:\/\/www.sonoraenequipo.com.mx\/las-lluvias-torrenciales-vuelven-a-espana-ahora-impactan-malaga\/#primaryimage"},"thumbnailUrl":"https:\/\/www.sonoraenequipo.com.mx\/storage\/2024\/11\/lluvias-malaga2.jpg","keywords":["dana","Espa\u00f1a"],"articleSection":["MUNDO"],"inLanguage":"es","potentialAction":[{"@type":"CommentAction","name":"Comment","target":["https:\/\/www.sonoraenequipo.com.mx\/las-lluvias-torrenciales-vuelven-a-espana-ahora-impactan-malaga\/#respond"]}]},{"@type":"WebPage","@id":"https:\/\/www.sonoraenequipo.com.mx\/las-lluvias-torrenciales-vuelven-a-espana-ahora-impactan-malaga\/","url":"https:\/\/www.sonoraenequipo.com.mx\/las-lluvias-torrenciales-vuelven-a-espana-ahora-impactan-malaga\/","name":"Sonora en Equipo. Las lluvias torrenciales vuelven a Espa\u00f1a, ahora impactan M\u00e1laga MUNDO","isPartOf":{"@id":"https:\/\/www.sonoraenequipo.com.mx\/#website"},"primaryImageOfPage":{"@id":"https:\/\/www.sonoraenequipo.com.mx\/las-lluvias-torrenciales-vuelven-a-espana-ahora-impactan-malaga\/#primaryimage"},"image":{"@id":"https:\/\/www.sonoraenequipo.com.mx\/las-lluvias-torrenciales-vuelven-a-espana-ahora-impactan-malaga\/#primaryimage"},"thumbnailUrl":"https:\/\/www.sonoraenequipo.com.mx\/storage\/2024\/11\/lluvias-malaga2.jpg","datePublished":"2024-11-13T20:15:00+00:00","dateModified":"2024-11-14T03:10:52+00:00","description":"MADRID, ESPA\u00d1A. \u2014 \u00a0Miles de personas evacuadas y trenes suspendidos dejaron las lluvias torrenciales que este mi\u00e9rcoles (13.11.2024) volvieron a azotar a En Sonora en Equipo publicamos toda la informaci\u00f3n de Sonora, M\u00e9xico y el Mundo de manera oportuna y busca que la libertad de expresi\u00f3n sea real. Visita nuestro medio informativo publicado desde Hermosillo, Sonora. %","breadcrumb":{"@id":"https:\/\/www.sonoraenequipo.com.mx\/las-lluvias-torrenciales-vuelven-a-espana-ahora-impactan-malaga\/#breadcrumb"},"inLanguage":"es","potentialAction":[{"@type":"ReadAction","target":["https:\/\/www.sonoraenequipo.com.mx\/las-lluvias-torrenciales-vuelven-a-espana-ahora-impactan-malaga\/"]}]},{"@type":"ImageObject","inLanguage":"es","@id":"https:\/\/www.sonoraenequipo.com.mx\/las-lluvias-torrenciales-vuelven-a-espana-ahora-impactan-malaga\/#primaryimage","url":"https:\/\/www.sonoraenequipo.com.mx\/storage\/2024\/11\/lluvias-malaga2.jpg","contentUrl":"https:\/\/www.sonoraenequipo.com.mx\/storage\/2024\/11\/lluvias-malaga2.jpg","width":600,"height":400,"caption":"Imagen picture alliance"},{"@type":"BreadcrumbList","@id":"https:\/\/www.sonoraenequipo.com.mx\/las-lluvias-torrenciales-vuelven-a-espana-ahora-impactan-malaga\/#breadcrumb","itemListElement":[{"@type":"ListItem","position":1,"name":"Portada","item":"https:\/\/www.sonoraenequipo.com.mx\/"},{"@type":"ListItem","position":2,"name":"Las lluvias torrenciales vuelven a Espa\u00f1a, ahora impactan M\u00e1laga"}]},{"@type":"WebSite","@id":"https:\/\/www.sonoraenequipo.com.mx\/#website","url":"https:\/\/www.sonoraenequipo.com.mx\/","name":"Sonora en Equipo.","description":"Diario en l\u00ednea con Noticias desde Hermosillo, Sonora","publisher":{"@id":"https:\/\/www.sonoraenequipo.com.mx\/#organization"},"potentialAction":[{"@type":"SearchAction","target":{"@type":"EntryPoint","urlTemplate":"https:\/\/www.sonoraenequipo.com.mx\/?s={search_term_string}"},"query-input":{"@type":"PropertyValueSpecification","valueRequired":true,"valueName":"search_term_string"}}],"inLanguage":"es"},{"@type":"Organization","@id":"https:\/\/www.sonoraenequipo.com.mx\/#organization","name":"Sonoraenequipo.com.mx","url":"https:\/\/www.sonoraenequipo.com.mx\/","logo":{"@type":"ImageObject","inLanguage":"es","@id":"https:\/\/www.sonoraenequipo.com.mx\/#\/schema\/logo\/image\/","url":"https:\/\/www.sonoraenequipo.com.mx\/storage\/2019\/01\/sonoraenequipo_opt.png","contentUrl":"https:\/\/www.sonoraenequipo.com.mx\/storage\/2019\/01\/sonoraenequipo_opt.png","width":375,"height":125,"caption":"Sonoraenequipo.com.mx"},"image":{"@id":"https:\/\/www.sonoraenequipo.com.mx\/#\/schema\/logo\/image\/"},"sameAs":["https:\/\/www.facebook.com\/SonoraEE\/","https:\/\/x.com\/sonoraenequipo","https:\/\/www.youtube.com\/channel\/UC338nW-lPEYmJQs4ZABQ1SQ"]},{"@type":"Person","@id":"https:\/\/www.sonoraenequipo.com.mx\/#\/schema\/person\/50102df0fb23a8fa9e8effad8fa81386","name":"enequipo","image":{"@type":"ImageObject","inLanguage":"es","@id":"https:\/\/www.sonoraenequipo.com.mx\/#\/schema\/person\/image\/","url":"https:\/\/secure.gravatar.com\/avatar\/049821681b589dabc0bc20695993ccebb09f5b5d4d790cd9251b97faac7c652b?s=96&d=blank&r=g","contentUrl":"https:\/\/secure.gravatar.com\/avatar\/049821681b589dabc0bc20695993ccebb09f5b5d4d790cd9251b97faac7c652b?s=96&d=blank&r=g","caption":"enequipo"},"sameAs":["https:\/\/www.facebook.com\/SonoraEE"]}]}},"jetpack_featured_media_url":"https:\/\/www.sonoraenequipo.com.mx\/storage\/2024\/11\/lluvias-malaga2.jpg","_links":{"self":[{"href":"https:\/\/www.sonoraenequipo.com.mx\/api\/wp\/v2\/posts\/204012","targetHints":{"allow":["GET"]}}],"collection":[{"href":"https:\/\/www.sonoraenequipo.com.mx\/api\/wp\/v2\/posts"}],"about":[{"href":"https:\/\/www.sonoraenequipo.com.mx\/api\/wp\/v2\/types\/post"}],"author":[{"embeddable":true,"href":"https:\/\/www.sonoraenequipo.com.mx\/api\/wp\/v2\/users\/1"}],"replies":[{"embeddable":true,"href":"https:\/\/www.sonoraenequipo.com.mx\/api\/wp\/v2\/comments?post=204012"}],"version-history":[{"count":2,"href":"https:\/\/www.sonoraenequipo.com.mx\/api\/wp\/v2\/posts\/204012\/revisions"}],"predecessor-version":[{"id":204048,"href":"https:\/\/www.sonoraenequipo.com.mx\/api\/wp\/v2\/posts\/204012\/revisions\/204048"}],"wp:featuredmedia":[{"embeddable":true,"href":"https:\/\/www.sonoraenequipo.com.mx\/api\/wp\/v2\/media\/204013"}],"wp:attachment":[{"href":"https:\/\/www.sonoraenequipo.com.mx\/api\/wp\/v2\/media?parent=204012"}],"wp:term":[{"taxonomy":"category","embeddable":true,"href":"https:\/\/www.sonoraenequipo.com.mx\/api\/wp\/v2\/categories?post=204012"},{"taxonomy":"post_tag","embeddable":true,"href":"https:\/\/www.sonoraenequipo.com.mx\/api\/wp\/v2\/tags?post=204012"}],"curies":[{"name":"wp","href":"https:\/\/api.w.org\/{rel}","templated":true}]}}