{"id":204016,"date":"2024-11-13T14:25:00","date_gmt":"2024-11-13T21:25:00","guid":{"rendered":"https:\/\/www.sonoraenequipo.com.mx\/?p=204016"},"modified":"2024-11-13T20:07:14","modified_gmt":"2024-11-14T03:07:14","slug":"logran-gobernador-durazo-y-julio-berdegue-acuerdos-en-beneficio-del-campo-sonorense","status":"publish","type":"post","link":"https:\/\/www.sonoraenequipo.com.mx\/logran-gobernador-durazo-y-julio-berdegue-acuerdos-en-beneficio-del-campo-sonorense\/","title":{"rendered":"Logran Gobernador Durazo y Julio Berdegu\u00e9 acuerdos en beneficio del campo sonorense"},"content":{"rendered":"<p><strong>CIUDAD DE M\u00c9XICO.<\/strong><strong> \u0336 \u0336\u00a0 <\/strong>El Gobernador Alfonso Durazo Monta\u00f1o y el secretario de Agricultura y Desarrollo Rural (Sader) de M\u00e9xico, Julio Berdegu\u00e9 Sacrist\u00e1n, acordaron el avance en la reconversi\u00f3n de cultivos con planes anuales y sexenales, precios de garant\u00eda a ma\u00edz y trigo, y rastreos fitosanitarios en beneficio del campo sonorense y en atenci\u00f3n a los efectos del cambio clim\u00e1tico.<\/p>\n<p> <\/p>\n<p>En reuni\u00f3n donde participaron productores sonorenses, as\u00ed como Celida L\u00f3pez C\u00e1rdenas, secretaria de Agricultura, Ganader\u00eda, Recursos Hidr\u00e1ulicos, Pesca y Acuacultura (Sagarhpa), el mandatario estatal destac\u00f3 que entre los acuerdos est\u00e1n el establecer una mesa permanente de trabajo, en la que se dar\u00e1 seguimiento cada 15 d\u00edas a los planteamientos de los productores agr\u00edcolas de los diferentes sectores y los expuestos por los distritos de riego 041 del Valle del Yaqui y 038 del Valle del Mayo.<\/p>\n<p>Otro de los puntos, dijo, es que se efectu\u00f3 una reuni\u00f3n de seguimiento por parte del equipo de trabajo de la Sagarhpa y productores sonorenses, con Leonel Cota Monta\u00f1o, subsecretario de Agricultura de la Sader, y Aar\u00f3n Mastache Mondrag\u00f3n, director de Infraestructura Hidroagr\u00edcola de la Comisi\u00f3n Nacional del Agua (Conagua). En dicho encuentro, en acuerdo con Berdegu\u00e9 Sacrist\u00e1n, se analiz\u00f3 la situaci\u00f3n de los pagos del precio de garant\u00eda de ma\u00edz y de trigo que est\u00e1n pendientes de cubrirse en Sonora.<\/p>\n<p>El titular del Ejecutivo estatal resalt\u00f3 que se lograron avances como el compromiso del secretario de Agricultura del M\u00e9xico, de intervenir ante la Secretar\u00eda de Hacienda Federal, para considerar la posibilidad de que los diferentes fondos de aseguramiento pudieran utilizar parte de los rendimientos generados en este a\u00f1o fiscal para hacerle frente a los diferentes compromisos econ\u00f3micos.<\/p>\n<p>Tambi\u00e9n acordaron con el director de Infraestructura Hidroagr\u00edcola de la Conagua, analizar el n\u00famero de hect\u00e1reas que pudieran ser contempladas en el programa nacional de tecnificaci\u00f3n de la presidenta Claudia Sheinbaum, para la tecnificaci\u00f3n de sistemas de riego, adem\u00e1s de atender la demanda del Distrito de Riego Yaqui, para la relocalizaci\u00f3n de pozos abatidos, los cuales tienen los permisos y las concesiones de extracci\u00f3n de derechos de agua, pero se tiene que reubicar dicha infraestructura, adem\u00e1s de una posible inversi\u00f3n para pozos en el distrito.<\/p>\n<p>Sobre la petici\u00f3n de los productores en apoyo para los jornaleros de los valles del Yaqui y Mayo, el secretario Julio Berdegu\u00e9 y el gobernador Alfonso Durazo, plantear\u00e1n a la secretaria del Bienestar, Ariadna Montiel Reyes, para que sea esta dependencia federal quien considere la factibilidad de generar los apoyos.<\/p>\n<p>Otro punto de acuerdo fue el que Santiago Arg\u00fcello Campos, coordinador general de Agricultura y Ganader\u00eda de la Sader, dar\u00e1 continuidad a la estrategia para reconversi\u00f3n de cultivos que ha promovido el Gobernador Durazo, ya que, en el tema del c\u00e1rtamo, Berdegu\u00e9 Sacrist\u00e1n hablar\u00e1 con la industria aceitera para poder generar un acuerdo comercial que d\u00e9 a los productores certeza de tener un precio fijo y de los vol\u00famenes que podr\u00e1n comprar, ya que existe la posibilidad de lograr un hecho hist\u00f3rico de que se siembren en una primera etapa m\u00e1s de 50 mil hect\u00e1reas de la oleaginosa.<\/p>\n<p>En seguimiento a la reconversi\u00f3n de cultivos en el sur de Sonora, se mantiene el tema de la cebada, donde la empresa Heineken est\u00e1 por acordar con la Sader para que en este ciclo agr\u00edcola inicie como programa piloto la siembra de este cereal en el Valle del Yaqui. Adem\u00e1s, las distintas agrupaciones de agricultores de los valles del Yaqui y Mayo, participar\u00e1n en el dise\u00f1o y en el inicio sin demora, de un plan de reconversi\u00f3n con metas anuales y sexenales. Esto es indispensable para adaptar la agricultura del sur de Sonora al cambio clim\u00e1tico.<\/p>\n<p><strong>Fecha de publicaci\u00f3n mi\u00e9rcoles 13 \u00a0de noviembre de 2024 \/ <\/strong><\/p>\n","protected":false},"excerpt":{"rendered":"<p>CIUDAD DE M\u00c9XICO. \u0336 \u0336\u00a0 El Gobernador Alfonso Durazo Monta\u00f1o y el secretario de Agricultura&#8230;<\/p>\n","protected":false},"author":1,"featured_media":204017,"comment_status":"open","ping_status":"open","sticky":false,"template":"","format":"standard","meta":{"_monsterinsights_skip_tracking":false,"_monsterinsights_sitenote_active":false,"_monsterinsights_sitenote_note":"","_monsterinsights_sitenote_category":0,"footnotes":""},"categories":[22],"tags":[1736,1300,3635,5487],"class_list":["post"],"yoast_head":" \n<title>Sonora en Equipo. Logran Gobernador Durazo y Julio Berdegu\u00e9 acuerdos en beneficio del campo sonorense Sonora<\/title>\n<meta name=\"description\" content=\"CIUDAD DE M\u00c9XICO. \u0336 \u0336\u00a0 El Gobernador Alfonso Durazo Monta\u00f1o y el secretario de Agricultura y Desarrollo Rural (Sader) de M\u00e9xico, Julio Berdegu\u00e9 Sacrist\u00e1n, En Sonora en Equipo publicamos toda la informaci\u00f3n de Sonora, M\u00e9xico y el Mundo de manera oportuna y busca que la libertad de expresi\u00f3n sea real. Visita nuestro medio informativo publicado desde Hermosillo, Sonora. %\" \/>\n<meta name=\"robots\" content=\"index, follow, max-snippet:-1, max-image-preview:large, max-video-preview:-1\" \/>\n<link rel=\"canonical\" href=\"https:\/\/www.sonoraenequipo.com.mx\/logran-gobernador-durazo-y-julio-berdegue-acuerdos-en-beneficio-del-campo-sonorense\/\" \/>\n<meta property=\"og:locale\" content=\"es_ES\" \/>\n<meta property=\"og:type\" content=\"article\" \/>\n<meta property=\"og:title\" content=\"Sonora en Equipo. Logran Gobernador Durazo y Julio Berdegu\u00e9 acuerdos en beneficio del campo sonorense Sonora\" \/>\n<meta property=\"og:description\" content=\"CIUDAD DE M\u00c9XICO. \u0336 \u0336\u00a0 El Gobernador Alfonso Durazo Monta\u00f1o y el secretario de Agricultura y Desarrollo Rural (Sader) de M\u00e9xico, Julio Berdegu\u00e9 Sacrist\u00e1n, En Sonora en Equipo publicamos toda la informaci\u00f3n de Sonora, M\u00e9xico y el Mundo de manera oportuna y busca que la libertad de expresi\u00f3n sea real. Visita nuestro medio informativo publicado desde Hermosillo, Sonora. %\" \/>\n<meta property=\"og:url\" content=\"https:\/\/www.sonoraenequipo.com.mx\/logran-gobernador-durazo-y-julio-berdegue-acuerdos-en-beneficio-del-campo-sonorense\/\" \/>\n<meta property=\"og:site_name\" content=\"Sonora en Equipo.\" \/>\n<meta property=\"article:publisher\" content=\"https:\/\/www.facebook.com\/SonoraEE\/\" \/>\n<meta property=\"article:author\" content=\"https:\/\/www.facebook.com\/SonoraEE\" \/>\n<meta property=\"article:published_time\" content=\"2024-11-13T21:25:00+00:00\" \/>\n<meta property=\"article:modified_time\" content=\"2024-11-14T03:07:14+00:00\" \/>\n<meta property=\"og:image\" content=\"https:\/\/www.sonoraenequipo.com.mx\/storage\/2024\/11\/adm-sader.jpg\" \/>\n\t<meta property=\"og:image:width\" content=\"533\" \/>\n\t<meta property=\"og:image:height\" content=\"400\" \/>\n\t<meta property=\"og:image:type\" content=\"image\/jpeg\" \/>\n<meta name=\"author\" content=\"enequipo\" \/>\n<meta name=\"twitter:card\" content=\"summary_large_image\" \/>\n<meta name=\"twitter:creator\" content=\"@sonoraenequipo\" \/>\n<meta name=\"twitter:site\" content=\"@sonoraenequipo\" \/>\n<meta name=\"twitter:label1\" content=\"Escrito por\" \/>\n\t<meta name=\"twitter:data1\" content=\"enequipo\" \/>\n\t<meta name=\"twitter:label2\" content=\"Tiempo de lectura\" \/>\n\t<meta name=\"twitter:data2\" content=\"3 minutos\" \/>\n<script type=\"application\/ld+json\" class=\"yoast-schema-graph\">{\"@context\":\"https:\/\/schema.org\",\"@graph\":[{\"@type\":\"Article\",\"@id\":\"https:\/\/www.sonoraenequipo.com.mx\/logran-gobernador-durazo-y-julio-berdegue-acuerdos-en-beneficio-del-campo-sonorense\/#article\",\"isPartOf\":{\"@id\":\"https:\/\/www.sonoraenequipo.com.mx\/logran-gobernador-durazo-y-julio-berdegue-acuerdos-en-beneficio-del-campo-sonorense\/\"},\"author\":{\"name\":\"enequipo\",\"@id\":\"https:\/\/www.sonoraenequipo.com.mx\/#\/schema\/person\/50102df0fb23a8fa9e8effad8fa81386\"},\"headline\":\"Logran Gobernador Durazo y Julio Berdegu\u00e9 acuerdos en beneficio del campo sonorense\",\"datePublished\":\"2024-11-13T21:25:00+00:00\",\"dateModified\":\"2024-11-14T03:07:14+00:00\",\"mainEntityOfPage\":{\"@id\":\"https:\/\/www.sonoraenequipo.com.mx\/logran-gobernador-durazo-y-julio-berdegue-acuerdos-en-beneficio-del-campo-sonorense\/\"},\"wordCount\":681,\"commentCount\":0,\"publisher\":{\"@id\":\"https:\/\/www.sonoraenequipo.com.mx\/#organization\"},\"image\":{\"@id\":\"https:\/\/www.sonoraenequipo.com.mx\/logran-gobernador-durazo-y-julio-berdegue-acuerdos-en-beneficio-del-campo-sonorense\/#primaryimage\"},\"thumbnailUrl\":\"https:\/\/www.sonoraenequipo.com.mx\/storage\/2024\/11\/adm-sader.jpg\",\"keywords\":[\"\\\"Sonora dialoga\\\"\",\"campo\",\"DURAZO\",\"sader\"],\"articleSection\":[\"Sonora\"],\"inLanguage\":\"es\",\"potentialAction\":[{\"@type\":\"CommentAction\",\"name\":\"Comment\",\"target\":[\"https:\/\/www.sonoraenequipo.com.mx\/logran-gobernador-durazo-y-julio-berdegue-acuerdos-en-beneficio-del-campo-sonorense\/#respond\"]}]},{\"@type\":\"WebPage\",\"@id\":\"https:\/\/www.sonoraenequipo.com.mx\/logran-gobernador-durazo-y-julio-berdegue-acuerdos-en-beneficio-del-campo-sonorense\/\",\"url\":\"https:\/\/www.sonoraenequipo.com.mx\/logran-gobernador-durazo-y-julio-berdegue-acuerdos-en-beneficio-del-campo-sonorense\/\",\"name\":\"Sonora en Equipo. Logran Gobernador Durazo y Julio Berdegu\u00e9 acuerdos en beneficio del campo sonorense Sonora\",\"isPartOf\":{\"@id\":\"https:\/\/www.sonoraenequipo.com.mx\/#website\"},\"primaryImageOfPage\":{\"@id\":\"https:\/\/www.sonoraenequipo.com.mx\/logran-gobernador-durazo-y-julio-berdegue-acuerdos-en-beneficio-del-campo-sonorense\/#primaryimage\"},\"image\":{\"@id\":\"https:\/\/www.sonoraenequipo.com.mx\/logran-gobernador-durazo-y-julio-berdegue-acuerdos-en-beneficio-del-campo-sonorense\/#primaryimage\"},\"thumbnailUrl\":\"https:\/\/www.sonoraenequipo.com.mx\/storage\/2024\/11\/adm-sader.jpg\",\"datePublished\":\"2024-11-13T21:25:00+00:00\",\"dateModified\":\"2024-11-14T03:07:14+00:00\",\"description\":\"CIUDAD DE M\u00c9XICO. \u0336 \u0336\u00a0 El Gobernador Alfonso Durazo Monta\u00f1o y el secretario de Agricultura y Desarrollo Rural (Sader) de M\u00e9xico, Julio Berdegu\u00e9 Sacrist\u00e1n, En Sonora en Equipo publicamos toda la informaci\u00f3n de Sonora, M\u00e9xico y el Mundo de manera oportuna y busca que la libertad de expresi\u00f3n sea real. Visita nuestro medio informativo publicado desde Hermosillo, Sonora. %\",\"breadcrumb\":{\"@id\":\"https:\/\/www.sonoraenequipo.com.mx\/logran-gobernador-durazo-y-julio-berdegue-acuerdos-en-beneficio-del-campo-sonorense\/#breadcrumb\"},\"inLanguage\":\"es\",\"potentialAction\":[{\"@type\":\"ReadAction\",\"target\":[\"https:\/\/www.sonoraenequipo.com.mx\/logran-gobernador-durazo-y-julio-berdegue-acuerdos-en-beneficio-del-campo-sonorense\/\"]}]},{\"@type\":\"ImageObject\",\"inLanguage\":\"es\",\"@id\":\"https:\/\/www.sonoraenequipo.com.mx\/logran-gobernador-durazo-y-julio-berdegue-acuerdos-en-beneficio-del-campo-sonorense\/#primaryimage\",\"url\":\"https:\/\/www.sonoraenequipo.com.mx\/storage\/2024\/11\/adm-sader.jpg\",\"contentUrl\":\"https:\/\/www.sonoraenequipo.com.mx\/storage\/2024\/11\/adm-sader.jpg\",\"width\":533,\"height\":400},{\"@type\":\"BreadcrumbList\",\"@id\":\"https:\/\/www.sonoraenequipo.com.mx\/logran-gobernador-durazo-y-julio-berdegue-acuerdos-en-beneficio-del-campo-sonorense\/#breadcrumb\",\"itemListElement\":[{\"@type\":\"ListItem\",\"position\":1,\"name\":\"Portada\",\"item\":\"https:\/\/www.sonoraenequipo.com.mx\/\"},{\"@type\":\"ListItem\",\"position\":2,\"name\":\"Logran Gobernador Durazo y Julio Berdegu\u00e9 acuerdos en beneficio del campo sonorense\"}]},{\"@type\":\"WebSite\",\"@id\":\"https:\/\/www.sonoraenequipo.com.mx\/#website\",\"url\":\"https:\/\/www.sonoraenequipo.com.mx\/\",\"name\":\"Sonora en Equipo.\",\"description\":\"Diario en l\u00ednea con Noticias desde Hermosillo, Sonora\",\"publisher\":{\"@id\":\"https:\/\/www.sonoraenequipo.com.mx\/#organization\"},\"potentialAction\":[{\"@type\":\"SearchAction\",\"target\":{\"@type\":\"EntryPoint\",\"urlTemplate\":\"https:\/\/www.sonoraenequipo.com.mx\/?s={search_term_string}\"},\"query-input\":{\"@type\":\"PropertyValueSpecification\",\"valueRequired\":true,\"valueName\":\"search_term_string\"}}],\"inLanguage\":\"es\"},{\"@type\":\"Organization\",\"@id\":\"https:\/\/www.sonoraenequipo.com.mx\/#organization\",\"name\":\"Sonoraenequipo.com.mx\",\"url\":\"https:\/\/www.sonoraenequipo.com.mx\/\",\"logo\":{\"@type\":\"ImageObject\",\"inLanguage\":\"es\",\"@id\":\"https:\/\/www.sonoraenequipo.com.mx\/#\/schema\/logo\/image\/\",\"url\":\"https:\/\/www.sonoraenequipo.com.mx\/storage\/2019\/01\/sonoraenequipo_opt.png\",\"contentUrl\":\"https:\/\/www.sonoraenequipo.com.mx\/storage\/2019\/01\/sonoraenequipo_opt.png\",\"width\":375,\"height\":125,\"caption\":\"Sonoraenequipo.com.mx\"},\"image\":{\"@id\":\"https:\/\/www.sonoraenequipo.com.mx\/#\/schema\/logo\/image\/\"},\"sameAs\":[\"https:\/\/www.facebook.com\/SonoraEE\/\",\"https:\/\/x.com\/sonoraenequipo\",\"https:\/\/www.youtube.com\/channel\/UC338nW-lPEYmJQs4ZABQ1SQ\"]},{\"@type\":\"Person\",\"@id\":\"https:\/\/www.sonoraenequipo.com.mx\/#\/schema\/person\/50102df0fb23a8fa9e8effad8fa81386\",\"name\":\"enequipo\",\"image\":{\"@type\":\"ImageObject\",\"inLanguage\":\"es\",\"@id\":\"https:\/\/www.sonoraenequipo.com.mx\/#\/schema\/person\/image\/\",\"url\":\"https:\/\/secure.gravatar.com\/avatar\/049821681b589dabc0bc20695993ccebb09f5b5d4d790cd9251b97faac7c652b?s=96&d=blank&r=g\",\"contentUrl\":\"https:\/\/secure.gravatar.com\/avatar\/049821681b589dabc0bc20695993ccebb09f5b5d4d790cd9251b97faac7c652b?s=96&d=blank&r=g\",\"caption\":\"enequipo\"},\"sameAs\":[\"https:\/\/www.facebook.com\/SonoraEE\"]}]}<\/script>\n ","yoast_head_json":{"title":"Sonora en Equipo. Logran Gobernador Durazo y Julio Berdegu\u00e9 acuerdos en beneficio del campo sonorense Sonora","description":"CIUDAD DE M\u00c9XICO. \u0336 \u0336\u00a0 El Gobernador Alfonso Durazo Monta\u00f1o y el secretario de Agricultura y Desarrollo Rural (Sader) de M\u00e9xico, Julio Berdegu\u00e9 Sacrist\u00e1n, En Sonora en Equipo publicamos toda la informaci\u00f3n de Sonora, M\u00e9xico y el Mundo de manera oportuna y busca que la libertad de expresi\u00f3n sea real. Visita nuestro medio informativo publicado desde Hermosillo, Sonora. %","robots":{"index":"index","follow":"follow","max-snippet":"max-snippet:-1","max-image-preview":"max-image-preview:large","max-video-preview":"max-video-preview:-1"},"canonical":"https:\/\/www.sonoraenequipo.com.mx\/logran-gobernador-durazo-y-julio-berdegue-acuerdos-en-beneficio-del-campo-sonorense\/","og_locale":"es_ES","og_type":"article","og_title":"Sonora en Equipo. Logran Gobernador Durazo y Julio Berdegu\u00e9 acuerdos en beneficio del campo sonorense Sonora","og_description":"CIUDAD DE M\u00c9XICO. \u0336 \u0336\u00a0 El Gobernador Alfonso Durazo Monta\u00f1o y el secretario de Agricultura y Desarrollo Rural (Sader) de M\u00e9xico, Julio Berdegu\u00e9 Sacrist\u00e1n, En Sonora en Equipo publicamos toda la informaci\u00f3n de Sonora, M\u00e9xico y el Mundo de manera oportuna y busca que la libertad de expresi\u00f3n sea real. Visita nuestro medio informativo publicado desde Hermosillo, Sonora. %","og_url":"https:\/\/www.sonoraenequipo.com.mx\/logran-gobernador-durazo-y-julio-berdegue-acuerdos-en-beneficio-del-campo-sonorense\/","og_site_name":"Sonora en Equipo.","article_publisher":"https:\/\/www.facebook.com\/SonoraEE\/","article_author":"https:\/\/www.facebook.com\/SonoraEE","article_published_time":"2024-11-13T21:25:00+00:00","article_modified_time":"2024-11-14T03:07:14+00:00","og_image":[{"width":533,"height":400,"url":"https:\/\/www.sonoraenequipo.com.mx\/storage\/2024\/11\/adm-sader.jpg","type":"image\/jpeg"}],"author":"enequipo","twitter_card":"summary_large_image","twitter_creator":"@sonoraenequipo","twitter_site":"@sonoraenequipo","twitter_misc":{"Escrito por":"enequipo","Tiempo de lectura":"3 minutos"},"schema":{"@context":"https:\/\/schema.org","@graph":[{"@type":"Article","@id":"https:\/\/www.sonoraenequipo.com.mx\/logran-gobernador-durazo-y-julio-berdegue-acuerdos-en-beneficio-del-campo-sonorense\/#article","isPartOf":{"@id":"https:\/\/www.sonoraenequipo.com.mx\/logran-gobernador-durazo-y-julio-berdegue-acuerdos-en-beneficio-del-campo-sonorense\/"},"author":{"name":"enequipo","@id":"https:\/\/www.sonoraenequipo.com.mx\/#\/schema\/person\/50102df0fb23a8fa9e8effad8fa81386"},"headline":"Logran Gobernador Durazo y Julio Berdegu\u00e9 acuerdos en beneficio del campo sonorense","datePublished":"2024-11-13T21:25:00+00:00","dateModified":"2024-11-14T03:07:14+00:00","mainEntityOfPage":{"@id":"https:\/\/www.sonoraenequipo.com.mx\/logran-gobernador-durazo-y-julio-berdegue-acuerdos-en-beneficio-del-campo-sonorense\/"},"wordCount":681,"commentCount":0,"publisher":{"@id":"https:\/\/www.sonoraenequipo.com.mx\/#organization"},"image":{"@id":"https:\/\/www.sonoraenequipo.com.mx\/logran-gobernador-durazo-y-julio-berdegue-acuerdos-en-beneficio-del-campo-sonorense\/#primaryimage"},"thumbnailUrl":"https:\/\/www.sonoraenequipo.com.mx\/storage\/2024\/11\/adm-sader.jpg","keywords":["\"Sonora dialoga\"","campo","DURAZO","sader"],"articleSection":["Sonora"],"inLanguage":"es","potentialAction":[{"@type":"CommentAction","name":"Comment","target":["https:\/\/www.sonoraenequipo.com.mx\/logran-gobernador-durazo-y-julio-berdegue-acuerdos-en-beneficio-del-campo-sonorense\/#respond"]}]},{"@type":"WebPage","@id":"https:\/\/www.sonoraenequipo.com.mx\/logran-gobernador-durazo-y-julio-berdegue-acuerdos-en-beneficio-del-campo-sonorense\/","url":"https:\/\/www.sonoraenequipo.com.mx\/logran-gobernador-durazo-y-julio-berdegue-acuerdos-en-beneficio-del-campo-sonorense\/","name":"Sonora en Equipo. Logran Gobernador Durazo y Julio Berdegu\u00e9 acuerdos en beneficio del campo sonorense Sonora","isPartOf":{"@id":"https:\/\/www.sonoraenequipo.com.mx\/#website"},"primaryImageOfPage":{"@id":"https:\/\/www.sonoraenequipo.com.mx\/logran-gobernador-durazo-y-julio-berdegue-acuerdos-en-beneficio-del-campo-sonorense\/#primaryimage"},"image":{"@id":"https:\/\/www.sonoraenequipo.com.mx\/logran-gobernador-durazo-y-julio-berdegue-acuerdos-en-beneficio-del-campo-sonorense\/#primaryimage"},"thumbnailUrl":"https:\/\/www.sonoraenequipo.com.mx\/storage\/2024\/11\/adm-sader.jpg","datePublished":"2024-11-13T21:25:00+00:00","dateModified":"2024-11-14T03:07:14+00:00","description":"CIUDAD DE M\u00c9XICO. \u0336 \u0336\u00a0 El Gobernador Alfonso Durazo Monta\u00f1o y el secretario de Agricultura y Desarrollo Rural (Sader) de M\u00e9xico, Julio Berdegu\u00e9 Sacrist\u00e1n, En Sonora en Equipo publicamos toda la informaci\u00f3n de Sonora, M\u00e9xico y el Mundo de manera oportuna y busca que la libertad de expresi\u00f3n sea real. Visita nuestro medio informativo publicado desde Hermosillo, Sonora. %","breadcrumb":{"@id":"https:\/\/www.sonoraenequipo.com.mx\/logran-gobernador-durazo-y-julio-berdegue-acuerdos-en-beneficio-del-campo-sonorense\/#breadcrumb"},"inLanguage":"es","potentialAction":[{"@type":"ReadAction","target":["https:\/\/www.sonoraenequipo.com.mx\/logran-gobernador-durazo-y-julio-berdegue-acuerdos-en-beneficio-del-campo-sonorense\/"]}]},{"@type":"ImageObject","inLanguage":"es","@id":"https:\/\/www.sonoraenequipo.com.mx\/logran-gobernador-durazo-y-julio-berdegue-acuerdos-en-beneficio-del-campo-sonorense\/#primaryimage","url":"https:\/\/www.sonoraenequipo.com.mx\/storage\/2024\/11\/adm-sader.jpg","contentUrl":"https:\/\/www.sonoraenequipo.com.mx\/storage\/2024\/11\/adm-sader.jpg","width":533,"height":400},{"@type":"BreadcrumbList","@id":"https:\/\/www.sonoraenequipo.com.mx\/logran-gobernador-durazo-y-julio-berdegue-acuerdos-en-beneficio-del-campo-sonorense\/#breadcrumb","itemListElement":[{"@type":"ListItem","position":1,"name":"Portada","item":"https:\/\/www.sonoraenequipo.com.mx\/"},{"@type":"ListItem","position":2,"name":"Logran Gobernador Durazo y Julio Berdegu\u00e9 acuerdos en beneficio del campo sonorense"}]},{"@type":"WebSite","@id":"https:\/\/www.sonoraenequipo.com.mx\/#website","url":"https:\/\/www.sonoraenequipo.com.mx\/","name":"Sonora en Equipo.","description":"Diario en l\u00ednea con Noticias desde Hermosillo, Sonora","publisher":{"@id":"https:\/\/www.sonoraenequipo.com.mx\/#organization"},"potentialAction":[{"@type":"SearchAction","target":{"@type":"EntryPoint","urlTemplate":"https:\/\/www.sonoraenequipo.com.mx\/?s={search_term_string}"},"query-input":{"@type":"PropertyValueSpecification","valueRequired":true,"valueName":"search_term_string"}}],"inLanguage":"es"},{"@type":"Organization","@id":"https:\/\/www.sonoraenequipo.com.mx\/#organization","name":"Sonoraenequipo.com.mx","url":"https:\/\/www.sonoraenequipo.com.mx\/","logo":{"@type":"ImageObject","inLanguage":"es","@id":"https:\/\/www.sonoraenequipo.com.mx\/#\/schema\/logo\/image\/","url":"https:\/\/www.sonoraenequipo.com.mx\/storage\/2019\/01\/sonoraenequipo_opt.png","contentUrl":"https:\/\/www.sonoraenequipo.com.mx\/storage\/2019\/01\/sonoraenequipo_opt.png","width":375,"height":125,"caption":"Sonoraenequipo.com.mx"},"image":{"@id":"https:\/\/www.sonoraenequipo.com.mx\/#\/schema\/logo\/image\/"},"sameAs":["https:\/\/www.facebook.com\/SonoraEE\/","https:\/\/x.com\/sonoraenequipo","https:\/\/www.youtube.com\/channel\/UC338nW-lPEYmJQs4ZABQ1SQ"]},{"@type":"Person","@id":"https:\/\/www.sonoraenequipo.com.mx\/#\/schema\/person\/50102df0fb23a8fa9e8effad8fa81386","name":"enequipo","image":{"@type":"ImageObject","inLanguage":"es","@id":"https:\/\/www.sonoraenequipo.com.mx\/#\/schema\/person\/image\/","url":"https:\/\/secure.gravatar.com\/avatar\/049821681b589dabc0bc20695993ccebb09f5b5d4d790cd9251b97faac7c652b?s=96&d=blank&r=g","contentUrl":"https:\/\/secure.gravatar.com\/avatar\/049821681b589dabc0bc20695993ccebb09f5b5d4d790cd9251b97faac7c652b?s=96&d=blank&r=g","caption":"enequipo"},"sameAs":["https:\/\/www.facebook.com\/SonoraEE"]}]}},"jetpack_featured_media_url":"https:\/\/www.sonoraenequipo.com.mx\/storage\/2024\/11\/adm-sader.jpg","_links":{"self":[{"href":"https:\/\/www.sonoraenequipo.com.mx\/api\/wp\/v2\/posts\/204016","targetHints":{"allow":["GET"]}}],"collection":[{"href":"https:\/\/www.sonoraenequipo.com.mx\/api\/wp\/v2\/posts"}],"about":[{"href":"https:\/\/www.sonoraenequipo.com.mx\/api\/wp\/v2\/types\/post"}],"author":[{"embeddable":true,"href":"https:\/\/www.sonoraenequipo.com.mx\/api\/wp\/v2\/users\/1"}],"replies":[{"embeddable":true,"href":"https:\/\/www.sonoraenequipo.com.mx\/api\/wp\/v2\/comments?post=204016"}],"version-history":[{"count":4,"href":"https:\/\/www.sonoraenequipo.com.mx\/api\/wp\/v2\/posts\/204016\/revisions"}],"predecessor-version":[{"id":204050,"href":"https:\/\/www.sonoraenequipo.com.mx\/api\/wp\/v2\/posts\/204016\/revisions\/204050"}],"wp:featuredmedia":[{"embeddable":true,"href":"https:\/\/www.sonoraenequipo.com.mx\/api\/wp\/v2\/media\/204017"}],"wp:attachment":[{"href":"https:\/\/www.sonoraenequipo.com.mx\/api\/wp\/v2\/media?parent=204016"}],"wp:term":[{"taxonomy":"category","embeddable":true,"href":"https:\/\/www.sonoraenequipo.com.mx\/api\/wp\/v2\/categories?post=204016"},{"taxonomy":"post_tag","embeddable":true,"href":"https:\/\/www.sonoraenequipo.com.mx\/api\/wp\/v2\/tags?post=204016"}],"curies":[{"name":"wp","href":"https:\/\/api.w.org\/{rel}","templated":true}]}}