{"id":204026,"date":"2024-11-13T16:43:57","date_gmt":"2024-11-13T23:43:57","guid":{"rendered":"https:\/\/www.sonoraenequipo.com.mx\/?p=204026"},"modified":"2024-11-13T16:43:57","modified_gmt":"2024-11-13T23:43:57","slug":"aprueba-cabildo-de-hermosillo-convocatorias-para-titulares-de-comisarias-y-delegaciones-municipales","status":"publish","type":"post","link":"https:\/\/www.sonoraenequipo.com.mx\/aprueba-cabildo-de-hermosillo-convocatorias-para-titulares-de-comisarias-y-delegaciones-municipales\/","title":{"rendered":"Aprueba Cabildo de Hermosillo convocatorias para titulares de comisar\u00edas y delegaciones municipales"},"content":{"rendered":"<p><strong>HERMOSILLO, SONORA, MX.<\/strong> \u2014 El Cabildo de Hermosillo aprob\u00f3 la instrumentaci\u00f3n del proceso de selecci\u00f3n de comisarios de Miguel Alem\u00e1n y Bah\u00eda de Kino, as\u00ed como para la designaci\u00f3n de delegados de 39 comunidades rurales pertenecientes al municipio de Hermosillo.<\/p>\n<p>&nbsp;<\/p>\n<p>Previo al inicio de los trabajos, el presidente municipal Antonio Astiazar\u00e1n propuso en el pleno un minuto de silencio para honrar la memoria de Julio C\u00e9sar Villase\u00f1or, quien fuera colaborador del Gobierno Municipal como maestro de ceremonias, a pocas horas de su fallecimiento.<\/p>\n<p>&nbsp;<\/p>\n<p>Durante la sesi\u00f3n extraordinaria de este mi\u00e9rcoles Dulce Mar\u00eda Robles, presidenta de la comisi\u00f3n especial integrada para dicho prop\u00f3sito, comparti\u00f3 los requisitos previstos en las respectivas convocatorias, e inform\u00f3 que en el caso de Miguel Alem\u00e1n y Bah\u00eda de Kino las y los aspirantes a las comisar\u00edas deber\u00e1n postularse presentando exactamente 500 y 250 firmas de apoyo, inform\u00f3.<\/p>\n<p>&nbsp;<\/p>\n<p>Se acord\u00f3 que el llamado a la participaci\u00f3n ciudadana en la definici\u00f3n de quienes habr\u00e1n de desempe\u00f1arse como comisarias, comisarios, delegadas y delegados en el periodo 2024-2027 se difunda con lenguaje incluyente, de forma que se incentive la participaci\u00f3n de mujeres en igualdad de condiciones que los hombres.<\/p>\n<p>&nbsp;<\/p>\n<p>Por parte de Sindicatura Municipal fueron aprobados 4 asuntos relacionados con bienes inmuebles propiedad del Ayuntamiento, entre los que se incluy\u00f3 el informe del tercer trimestre de 2024 de los asuntos en que el Ayuntamiento tiene inter\u00e9s jur\u00eddico.<\/p>\n<p>&nbsp;<\/p>\n<p>En lo que respecta a asuntos laborales quedaron aprobadas en esta sesi\u00f3n 6 tr\u00e1mites de jubilaci\u00f3n compartida de igual n\u00famero de empleadas y empleados municipales, as\u00ed como 2 de jubilaci\u00f3n complementaria, uno de vejez compartida complementaria y una incapacidad permanente total definitiva.<\/p>\n<p>&nbsp;<\/p>\n<p>Se vot\u00f3 a favor el dictamen sobre reformas y adiciones a diversas disposiciones del Reglamento del Sistema Municipal de Seguridad P\u00fablica que entrar\u00e1n en vigor al d\u00eda siguiente de su publicaci\u00f3n en el Bolet\u00edn Oficial del Gobierno del Estado.<\/p>\n<p><strong>Fecha de publicaci\u00f3n mi\u00e9rcoles 13 \u00a0de noviembre de 2024 \/ <\/strong><\/p>\n","protected":false},"excerpt":{"rendered":"<p>HERMOSILLO, SONORA, MX. \u2014 El Cabildo de Hermosillo aprob\u00f3 la instrumentaci\u00f3n del proceso de selecci\u00f3n&#8230;<\/p>\n","protected":false},"author":1,"featured_media":204027,"comment_status":"open","ping_status":"open","sticky":false,"template":"","format":"standard","meta":{"_monsterinsights_skip_tracking":false,"_monsterinsights_sitenote_active":false,"_monsterinsights_sitenote_note":"","_monsterinsights_sitenote_category":0,"footnotes":""},"categories":[4],"tags":[10508,2631,35],"class_list":["post"],"yoast_head":" \n<title>Sonora en Equipo. Aprueba Cabildo de Hermosillo convocatorias para titulares de comisar\u00edas y delegaciones municipales Municipios<\/title>\n<meta name=\"description\" content=\"HERMOSILLO, SONORA, MX. \u2014 El Cabildo de Hermosillo aprob\u00f3 la instrumentaci\u00f3n del proceso de selecci\u00f3n de comisarios de Miguel Alem\u00e1n y Bah\u00eda de Kino, as\u00ed En Sonora en Equipo publicamos toda la informaci\u00f3n de Sonora, M\u00e9xico y el Mundo de manera oportuna y busca que la libertad de expresi\u00f3n sea real. Visita nuestro medio informativo publicado desde Hermosillo, Sonora. %\" \/>\n<meta name=\"robots\" content=\"index, follow, max-snippet:-1, max-image-preview:large, max-video-preview:-1\" \/>\n<link rel=\"canonical\" href=\"https:\/\/www.sonoraenequipo.com.mx\/aprueba-cabildo-de-hermosillo-convocatorias-para-titulares-de-comisarias-y-delegaciones-municipales\/\" \/>\n<meta property=\"og:locale\" content=\"es_ES\" \/>\n<meta property=\"og:type\" content=\"article\" \/>\n<meta property=\"og:title\" content=\"Sonora en Equipo. Aprueba Cabildo de Hermosillo convocatorias para titulares de comisar\u00edas y delegaciones municipales Municipios\" \/>\n<meta property=\"og:description\" content=\"HERMOSILLO, SONORA, MX. \u2014 El Cabildo de Hermosillo aprob\u00f3 la instrumentaci\u00f3n del proceso de selecci\u00f3n de comisarios de Miguel Alem\u00e1n y Bah\u00eda de Kino, as\u00ed En Sonora en Equipo publicamos toda la informaci\u00f3n de Sonora, M\u00e9xico y el Mundo de manera oportuna y busca que la libertad de expresi\u00f3n sea real. Visita nuestro medio informativo publicado desde Hermosillo, Sonora. %\" \/>\n<meta property=\"og:url\" content=\"https:\/\/www.sonoraenequipo.com.mx\/aprueba-cabildo-de-hermosillo-convocatorias-para-titulares-de-comisarias-y-delegaciones-municipales\/\" \/>\n<meta property=\"og:site_name\" content=\"Sonora en Equipo.\" \/>\n<meta property=\"article:publisher\" content=\"https:\/\/www.facebook.com\/SonoraEE\/\" \/>\n<meta property=\"article:author\" content=\"https:\/\/www.facebook.com\/SonoraEE\" \/>\n<meta property=\"article:published_time\" content=\"2024-11-13T23:43:57+00:00\" \/>\n<meta property=\"og:image\" content=\"https:\/\/www.sonoraenequipo.com.mx\/storage\/2024\/11\/cabildo-hmo.jpg\" \/>\n\t<meta property=\"og:image:width\" content=\"600\" \/>\n\t<meta property=\"og:image:height\" content=\"400\" \/>\n\t<meta property=\"og:image:type\" content=\"image\/jpeg\" \/>\n<meta name=\"author\" content=\"enequipo\" \/>\n<meta name=\"twitter:card\" content=\"summary_large_image\" \/>\n<meta name=\"twitter:creator\" content=\"@sonoraenequipo\" \/>\n<meta name=\"twitter:site\" content=\"@sonoraenequipo\" \/>\n<meta name=\"twitter:label1\" content=\"Escrito por\" \/>\n\t<meta name=\"twitter:data1\" content=\"enequipo\" \/>\n\t<meta name=\"twitter:label2\" content=\"Tiempo de lectura\" \/>\n\t<meta name=\"twitter:data2\" content=\"2 minutos\" \/>\n<script type=\"application\/ld+json\" class=\"yoast-schema-graph\">{\"@context\":\"https:\/\/schema.org\",\"@graph\":[{\"@type\":\"Article\",\"@id\":\"https:\/\/www.sonoraenequipo.com.mx\/aprueba-cabildo-de-hermosillo-convocatorias-para-titulares-de-comisarias-y-delegaciones-municipales\/#article\",\"isPartOf\":{\"@id\":\"https:\/\/www.sonoraenequipo.com.mx\/aprueba-cabildo-de-hermosillo-convocatorias-para-titulares-de-comisarias-y-delegaciones-municipales\/\"},\"author\":{\"name\":\"enequipo\",\"@id\":\"https:\/\/www.sonoraenequipo.com.mx\/#\/schema\/person\/50102df0fb23a8fa9e8effad8fa81386\"},\"headline\":\"Aprueba Cabildo de Hermosillo convocatorias para titulares de comisar\u00edas y delegaciones municipales\",\"datePublished\":\"2024-11-13T23:43:57+00:00\",\"mainEntityOfPage\":{\"@id\":\"https:\/\/www.sonoraenequipo.com.mx\/aprueba-cabildo-de-hermosillo-convocatorias-para-titulares-de-comisarias-y-delegaciones-municipales\/\"},\"wordCount\":362,\"commentCount\":0,\"publisher\":{\"@id\":\"https:\/\/www.sonoraenequipo.com.mx\/#organization\"},\"image\":{\"@id\":\"https:\/\/www.sonoraenequipo.com.mx\/aprueba-cabildo-de-hermosillo-convocatorias-para-titulares-de-comisarias-y-delegaciones-municipales\/#primaryimage\"},\"thumbnailUrl\":\"https:\/\/www.sonoraenequipo.com.mx\/storage\/2024\/11\/cabildo-hmo.jpg\",\"keywords\":[\"comisarias\",\"Delegaciones\",\"hermosillo\"],\"articleSection\":[\"Municipios\"],\"inLanguage\":\"es\",\"potentialAction\":[{\"@type\":\"CommentAction\",\"name\":\"Comment\",\"target\":[\"https:\/\/www.sonoraenequipo.com.mx\/aprueba-cabildo-de-hermosillo-convocatorias-para-titulares-de-comisarias-y-delegaciones-municipales\/#respond\"]}]},{\"@type\":\"WebPage\",\"@id\":\"https:\/\/www.sonoraenequipo.com.mx\/aprueba-cabildo-de-hermosillo-convocatorias-para-titulares-de-comisarias-y-delegaciones-municipales\/\",\"url\":\"https:\/\/www.sonoraenequipo.com.mx\/aprueba-cabildo-de-hermosillo-convocatorias-para-titulares-de-comisarias-y-delegaciones-municipales\/\",\"name\":\"Sonora en Equipo. Aprueba Cabildo de Hermosillo convocatorias para titulares de comisar\u00edas y delegaciones municipales Municipios\",\"isPartOf\":{\"@id\":\"https:\/\/www.sonoraenequipo.com.mx\/#website\"},\"primaryImageOfPage\":{\"@id\":\"https:\/\/www.sonoraenequipo.com.mx\/aprueba-cabildo-de-hermosillo-convocatorias-para-titulares-de-comisarias-y-delegaciones-municipales\/#primaryimage\"},\"image\":{\"@id\":\"https:\/\/www.sonoraenequipo.com.mx\/aprueba-cabildo-de-hermosillo-convocatorias-para-titulares-de-comisarias-y-delegaciones-municipales\/#primaryimage\"},\"thumbnailUrl\":\"https:\/\/www.sonoraenequipo.com.mx\/storage\/2024\/11\/cabildo-hmo.jpg\",\"datePublished\":\"2024-11-13T23:43:57+00:00\",\"description\":\"HERMOSILLO, SONORA, MX. \u2014 El Cabildo de Hermosillo aprob\u00f3 la instrumentaci\u00f3n del proceso de selecci\u00f3n de comisarios de Miguel Alem\u00e1n y Bah\u00eda de Kino, as\u00ed En Sonora en Equipo publicamos toda la informaci\u00f3n de Sonora, M\u00e9xico y el Mundo de manera oportuna y busca que la libertad de expresi\u00f3n sea real. Visita nuestro medio informativo publicado desde Hermosillo, Sonora. %\",\"breadcrumb\":{\"@id\":\"https:\/\/www.sonoraenequipo.com.mx\/aprueba-cabildo-de-hermosillo-convocatorias-para-titulares-de-comisarias-y-delegaciones-municipales\/#breadcrumb\"},\"inLanguage\":\"es\",\"potentialAction\":[{\"@type\":\"ReadAction\",\"target\":[\"https:\/\/www.sonoraenequipo.com.mx\/aprueba-cabildo-de-hermosillo-convocatorias-para-titulares-de-comisarias-y-delegaciones-municipales\/\"]}]},{\"@type\":\"ImageObject\",\"inLanguage\":\"es\",\"@id\":\"https:\/\/www.sonoraenequipo.com.mx\/aprueba-cabildo-de-hermosillo-convocatorias-para-titulares-de-comisarias-y-delegaciones-municipales\/#primaryimage\",\"url\":\"https:\/\/www.sonoraenequipo.com.mx\/storage\/2024\/11\/cabildo-hmo.jpg\",\"contentUrl\":\"https:\/\/www.sonoraenequipo.com.mx\/storage\/2024\/11\/cabildo-hmo.jpg\",\"width\":600,\"height\":400},{\"@type\":\"BreadcrumbList\",\"@id\":\"https:\/\/www.sonoraenequipo.com.mx\/aprueba-cabildo-de-hermosillo-convocatorias-para-titulares-de-comisarias-y-delegaciones-municipales\/#breadcrumb\",\"itemListElement\":[{\"@type\":\"ListItem\",\"position\":1,\"name\":\"Portada\",\"item\":\"https:\/\/www.sonoraenequipo.com.mx\/\"},{\"@type\":\"ListItem\",\"position\":2,\"name\":\"Aprueba Cabildo de Hermosillo convocatorias para titulares de comisar\u00edas y delegaciones municipales\"}]},{\"@type\":\"WebSite\",\"@id\":\"https:\/\/www.sonoraenequipo.com.mx\/#website\",\"url\":\"https:\/\/www.sonoraenequipo.com.mx\/\",\"name\":\"Sonora en Equipo.\",\"description\":\"Diario en l\u00ednea con Noticias desde Hermosillo, Sonora\",\"publisher\":{\"@id\":\"https:\/\/www.sonoraenequipo.com.mx\/#organization\"},\"potentialAction\":[{\"@type\":\"SearchAction\",\"target\":{\"@type\":\"EntryPoint\",\"urlTemplate\":\"https:\/\/www.sonoraenequipo.com.mx\/?s={search_term_string}\"},\"query-input\":{\"@type\":\"PropertyValueSpecification\",\"valueRequired\":true,\"valueName\":\"search_term_string\"}}],\"inLanguage\":\"es\"},{\"@type\":\"Organization\",\"@id\":\"https:\/\/www.sonoraenequipo.com.mx\/#organization\",\"name\":\"Sonoraenequipo.com.mx\",\"url\":\"https:\/\/www.sonoraenequipo.com.mx\/\",\"logo\":{\"@type\":\"ImageObject\",\"inLanguage\":\"es\",\"@id\":\"https:\/\/www.sonoraenequipo.com.mx\/#\/schema\/logo\/image\/\",\"url\":\"https:\/\/www.sonoraenequipo.com.mx\/storage\/2019\/01\/sonoraenequipo_opt.png\",\"contentUrl\":\"https:\/\/www.sonoraenequipo.com.mx\/storage\/2019\/01\/sonoraenequipo_opt.png\",\"width\":375,\"height\":125,\"caption\":\"Sonoraenequipo.com.mx\"},\"image\":{\"@id\":\"https:\/\/www.sonoraenequipo.com.mx\/#\/schema\/logo\/image\/\"},\"sameAs\":[\"https:\/\/www.facebook.com\/SonoraEE\/\",\"https:\/\/x.com\/sonoraenequipo\",\"https:\/\/www.youtube.com\/channel\/UC338nW-lPEYmJQs4ZABQ1SQ\"]},{\"@type\":\"Person\",\"@id\":\"https:\/\/www.sonoraenequipo.com.mx\/#\/schema\/person\/50102df0fb23a8fa9e8effad8fa81386\",\"name\":\"enequipo\",\"image\":{\"@type\":\"ImageObject\",\"inLanguage\":\"es\",\"@id\":\"https:\/\/www.sonoraenequipo.com.mx\/#\/schema\/person\/image\/\",\"url\":\"https:\/\/secure.gravatar.com\/avatar\/049821681b589dabc0bc20695993ccebb09f5b5d4d790cd9251b97faac7c652b?s=96&d=blank&r=g\",\"contentUrl\":\"https:\/\/secure.gravatar.com\/avatar\/049821681b589dabc0bc20695993ccebb09f5b5d4d790cd9251b97faac7c652b?s=96&d=blank&r=g\",\"caption\":\"enequipo\"},\"sameAs\":[\"https:\/\/www.facebook.com\/SonoraEE\"]}]}<\/script>\n ","yoast_head_json":{"title":"Sonora en Equipo. Aprueba Cabildo de Hermosillo convocatorias para titulares de comisar\u00edas y delegaciones municipales Municipios","description":"HERMOSILLO, SONORA, MX. \u2014 El Cabildo de Hermosillo aprob\u00f3 la instrumentaci\u00f3n del proceso de selecci\u00f3n de comisarios de Miguel Alem\u00e1n y Bah\u00eda de Kino, as\u00ed En Sonora en Equipo publicamos toda la informaci\u00f3n de Sonora, M\u00e9xico y el Mundo de manera oportuna y busca que la libertad de expresi\u00f3n sea real. Visita nuestro medio informativo publicado desde Hermosillo, Sonora. %","robots":{"index":"index","follow":"follow","max-snippet":"max-snippet:-1","max-image-preview":"max-image-preview:large","max-video-preview":"max-video-preview:-1"},"canonical":"https:\/\/www.sonoraenequipo.com.mx\/aprueba-cabildo-de-hermosillo-convocatorias-para-titulares-de-comisarias-y-delegaciones-municipales\/","og_locale":"es_ES","og_type":"article","og_title":"Sonora en Equipo. Aprueba Cabildo de Hermosillo convocatorias para titulares de comisar\u00edas y delegaciones municipales Municipios","og_description":"HERMOSILLO, SONORA, MX. \u2014 El Cabildo de Hermosillo aprob\u00f3 la instrumentaci\u00f3n del proceso de selecci\u00f3n de comisarios de Miguel Alem\u00e1n y Bah\u00eda de Kino, as\u00ed En Sonora en Equipo publicamos toda la informaci\u00f3n de Sonora, M\u00e9xico y el Mundo de manera oportuna y busca que la libertad de expresi\u00f3n sea real. Visita nuestro medio informativo publicado desde Hermosillo, Sonora. %","og_url":"https:\/\/www.sonoraenequipo.com.mx\/aprueba-cabildo-de-hermosillo-convocatorias-para-titulares-de-comisarias-y-delegaciones-municipales\/","og_site_name":"Sonora en Equipo.","article_publisher":"https:\/\/www.facebook.com\/SonoraEE\/","article_author":"https:\/\/www.facebook.com\/SonoraEE","article_published_time":"2024-11-13T23:43:57+00:00","og_image":[{"width":600,"height":400,"url":"https:\/\/www.sonoraenequipo.com.mx\/storage\/2024\/11\/cabildo-hmo.jpg","type":"image\/jpeg"}],"author":"enequipo","twitter_card":"summary_large_image","twitter_creator":"@sonoraenequipo","twitter_site":"@sonoraenequipo","twitter_misc":{"Escrito por":"enequipo","Tiempo de lectura":"2 minutos"},"schema":{"@context":"https:\/\/schema.org","@graph":[{"@type":"Article","@id":"https:\/\/www.sonoraenequipo.com.mx\/aprueba-cabildo-de-hermosillo-convocatorias-para-titulares-de-comisarias-y-delegaciones-municipales\/#article","isPartOf":{"@id":"https:\/\/www.sonoraenequipo.com.mx\/aprueba-cabildo-de-hermosillo-convocatorias-para-titulares-de-comisarias-y-delegaciones-municipales\/"},"author":{"name":"enequipo","@id":"https:\/\/www.sonoraenequipo.com.mx\/#\/schema\/person\/50102df0fb23a8fa9e8effad8fa81386"},"headline":"Aprueba Cabildo de Hermosillo convocatorias para titulares de comisar\u00edas y delegaciones municipales","datePublished":"2024-11-13T23:43:57+00:00","mainEntityOfPage":{"@id":"https:\/\/www.sonoraenequipo.com.mx\/aprueba-cabildo-de-hermosillo-convocatorias-para-titulares-de-comisarias-y-delegaciones-municipales\/"},"wordCount":362,"commentCount":0,"publisher":{"@id":"https:\/\/www.sonoraenequipo.com.mx\/#organization"},"image":{"@id":"https:\/\/www.sonoraenequipo.com.mx\/aprueba-cabildo-de-hermosillo-convocatorias-para-titulares-de-comisarias-y-delegaciones-municipales\/#primaryimage"},"thumbnailUrl":"https:\/\/www.sonoraenequipo.com.mx\/storage\/2024\/11\/cabildo-hmo.jpg","keywords":["comisarias","Delegaciones","hermosillo"],"articleSection":["Municipios"],"inLanguage":"es","potentialAction":[{"@type":"CommentAction","name":"Comment","target":["https:\/\/www.sonoraenequipo.com.mx\/aprueba-cabildo-de-hermosillo-convocatorias-para-titulares-de-comisarias-y-delegaciones-municipales\/#respond"]}]},{"@type":"WebPage","@id":"https:\/\/www.sonoraenequipo.com.mx\/aprueba-cabildo-de-hermosillo-convocatorias-para-titulares-de-comisarias-y-delegaciones-municipales\/","url":"https:\/\/www.sonoraenequipo.com.mx\/aprueba-cabildo-de-hermosillo-convocatorias-para-titulares-de-comisarias-y-delegaciones-municipales\/","name":"Sonora en Equipo. Aprueba Cabildo de Hermosillo convocatorias para titulares de comisar\u00edas y delegaciones municipales Municipios","isPartOf":{"@id":"https:\/\/www.sonoraenequipo.com.mx\/#website"},"primaryImageOfPage":{"@id":"https:\/\/www.sonoraenequipo.com.mx\/aprueba-cabildo-de-hermosillo-convocatorias-para-titulares-de-comisarias-y-delegaciones-municipales\/#primaryimage"},"image":{"@id":"https:\/\/www.sonoraenequipo.com.mx\/aprueba-cabildo-de-hermosillo-convocatorias-para-titulares-de-comisarias-y-delegaciones-municipales\/#primaryimage"},"thumbnailUrl":"https:\/\/www.sonoraenequipo.com.mx\/storage\/2024\/11\/cabildo-hmo.jpg","datePublished":"2024-11-13T23:43:57+00:00","description":"HERMOSILLO, SONORA, MX. \u2014 El Cabildo de Hermosillo aprob\u00f3 la instrumentaci\u00f3n del proceso de selecci\u00f3n de comisarios de Miguel Alem\u00e1n y Bah\u00eda de Kino, as\u00ed En Sonora en Equipo publicamos toda la informaci\u00f3n de Sonora, M\u00e9xico y el Mundo de manera oportuna y busca que la libertad de expresi\u00f3n sea real. Visita nuestro medio informativo publicado desde Hermosillo, Sonora. %","breadcrumb":{"@id":"https:\/\/www.sonoraenequipo.com.mx\/aprueba-cabildo-de-hermosillo-convocatorias-para-titulares-de-comisarias-y-delegaciones-municipales\/#breadcrumb"},"inLanguage":"es","potentialAction":[{"@type":"ReadAction","target":["https:\/\/www.sonoraenequipo.com.mx\/aprueba-cabildo-de-hermosillo-convocatorias-para-titulares-de-comisarias-y-delegaciones-municipales\/"]}]},{"@type":"ImageObject","inLanguage":"es","@id":"https:\/\/www.sonoraenequipo.com.mx\/aprueba-cabildo-de-hermosillo-convocatorias-para-titulares-de-comisarias-y-delegaciones-municipales\/#primaryimage","url":"https:\/\/www.sonoraenequipo.com.mx\/storage\/2024\/11\/cabildo-hmo.jpg","contentUrl":"https:\/\/www.sonoraenequipo.com.mx\/storage\/2024\/11\/cabildo-hmo.jpg","width":600,"height":400},{"@type":"BreadcrumbList","@id":"https:\/\/www.sonoraenequipo.com.mx\/aprueba-cabildo-de-hermosillo-convocatorias-para-titulares-de-comisarias-y-delegaciones-municipales\/#breadcrumb","itemListElement":[{"@type":"ListItem","position":1,"name":"Portada","item":"https:\/\/www.sonoraenequipo.com.mx\/"},{"@type":"ListItem","position":2,"name":"Aprueba Cabildo de Hermosillo convocatorias para titulares de comisar\u00edas y delegaciones municipales"}]},{"@type":"WebSite","@id":"https:\/\/www.sonoraenequipo.com.mx\/#website","url":"https:\/\/www.sonoraenequipo.com.mx\/","name":"Sonora en Equipo.","description":"Diario en l\u00ednea con Noticias desde Hermosillo, Sonora","publisher":{"@id":"https:\/\/www.sonoraenequipo.com.mx\/#organization"},"potentialAction":[{"@type":"SearchAction","target":{"@type":"EntryPoint","urlTemplate":"https:\/\/www.sonoraenequipo.com.mx\/?s={search_term_string}"},"query-input":{"@type":"PropertyValueSpecification","valueRequired":true,"valueName":"search_term_string"}}],"inLanguage":"es"},{"@type":"Organization","@id":"https:\/\/www.sonoraenequipo.com.mx\/#organization","name":"Sonoraenequipo.com.mx","url":"https:\/\/www.sonoraenequipo.com.mx\/","logo":{"@type":"ImageObject","inLanguage":"es","@id":"https:\/\/www.sonoraenequipo.com.mx\/#\/schema\/logo\/image\/","url":"https:\/\/www.sonoraenequipo.com.mx\/storage\/2019\/01\/sonoraenequipo_opt.png","contentUrl":"https:\/\/www.sonoraenequipo.com.mx\/storage\/2019\/01\/sonoraenequipo_opt.png","width":375,"height":125,"caption":"Sonoraenequipo.com.mx"},"image":{"@id":"https:\/\/www.sonoraenequipo.com.mx\/#\/schema\/logo\/image\/"},"sameAs":["https:\/\/www.facebook.com\/SonoraEE\/","https:\/\/x.com\/sonoraenequipo","https:\/\/www.youtube.com\/channel\/UC338nW-lPEYmJQs4ZABQ1SQ"]},{"@type":"Person","@id":"https:\/\/www.sonoraenequipo.com.mx\/#\/schema\/person\/50102df0fb23a8fa9e8effad8fa81386","name":"enequipo","image":{"@type":"ImageObject","inLanguage":"es","@id":"https:\/\/www.sonoraenequipo.com.mx\/#\/schema\/person\/image\/","url":"https:\/\/secure.gravatar.com\/avatar\/049821681b589dabc0bc20695993ccebb09f5b5d4d790cd9251b97faac7c652b?s=96&d=blank&r=g","contentUrl":"https:\/\/secure.gravatar.com\/avatar\/049821681b589dabc0bc20695993ccebb09f5b5d4d790cd9251b97faac7c652b?s=96&d=blank&r=g","caption":"enequipo"},"sameAs":["https:\/\/www.facebook.com\/SonoraEE"]}]}},"jetpack_featured_media_url":"https:\/\/www.sonoraenequipo.com.mx\/storage\/2024\/11\/cabildo-hmo.jpg","_links":{"self":[{"href":"https:\/\/www.sonoraenequipo.com.mx\/api\/wp\/v2\/posts\/204026","targetHints":{"allow":["GET"]}}],"collection":[{"href":"https:\/\/www.sonoraenequipo.com.mx\/api\/wp\/v2\/posts"}],"about":[{"href":"https:\/\/www.sonoraenequipo.com.mx\/api\/wp\/v2\/types\/post"}],"author":[{"embeddable":true,"href":"https:\/\/www.sonoraenequipo.com.mx\/api\/wp\/v2\/users\/1"}],"replies":[{"embeddable":true,"href":"https:\/\/www.sonoraenequipo.com.mx\/api\/wp\/v2\/comments?post=204026"}],"version-history":[{"count":1,"href":"https:\/\/www.sonoraenequipo.com.mx\/api\/wp\/v2\/posts\/204026\/revisions"}],"predecessor-version":[{"id":204028,"href":"https:\/\/www.sonoraenequipo.com.mx\/api\/wp\/v2\/posts\/204026\/revisions\/204028"}],"wp:featuredmedia":[{"embeddable":true,"href":"https:\/\/www.sonoraenequipo.com.mx\/api\/wp\/v2\/media\/204027"}],"wp:attachment":[{"href":"https:\/\/www.sonoraenequipo.com.mx\/api\/wp\/v2\/media?parent=204026"}],"wp:term":[{"taxonomy":"category","embeddable":true,"href":"https:\/\/www.sonoraenequipo.com.mx\/api\/wp\/v2\/categories?post=204026"},{"taxonomy":"post_tag","embeddable":true,"href":"https:\/\/www.sonoraenequipo.com.mx\/api\/wp\/v2\/tags?post=204026"}],"curies":[{"name":"wp","href":"https:\/\/api.w.org\/{rel}","templated":true}]}}