{"id":204029,"date":"2024-11-13T17:17:53","date_gmt":"2024-11-14T00:17:53","guid":{"rendered":"https:\/\/www.sonoraenequipo.com.mx\/?p=204029"},"modified":"2024-11-13T17:17:53","modified_gmt":"2024-11-14T00:17:53","slug":"the-guardian-dejara-de-publicar-en-x-por-ser-red-toxica","status":"publish","type":"post","link":"https:\/\/www.sonoraenequipo.com.mx\/the-guardian-dejara-de-publicar-en-x-por-ser-red-toxica\/","title":{"rendered":"The Guardian dejar\u00e1 de publicar en X por ser red \u00abt\u00f3xica\u00bb"},"content":{"rendered":"<p>El diario brit\u00e1nico The Guardian anunci\u00f3 este mi\u00e9rcoles (13.11.2024) que dejar\u00e1 de publicar noticias en sus cuentas oficiales en X al considerar que es una plataforma \u00abt\u00f3xica\u00bb y que los perjuicios de estar en ella \u00abpesan m\u00e1s\u00bb ahora que los beneficios.<\/p>\n<p>&nbsp;<\/p>\n<p>El peri\u00f3dico explic\u00f3 a sus lectores que cree que \u00ablos recursos podr\u00edan ser mejor empleados promoviendo\u00bb su periodismo \u00aben otro lugar\u00bb.<\/p>\n<p>&nbsp;<\/p>\n<p>\u00abEsto es algo que llevamos un tiempo valorando teniendo en cuenta el contenido inquietante que con frecuencia se promueve o se encuentra en la plataforma, incluyendo teor\u00edas conspiratorias de extrema derecha y racismo\u00bb, argument\u00f3 la publicaci\u00f3n.<\/p>\n<p>&nbsp;<\/p>\n<p>The Guardian agrega que la reciente campa\u00f1a electoral en Estados Unidos previa a las elecciones del pasado d\u00eda 5, que gan\u00f3 el republicano Donald Trump, \u00absirvi\u00f3 solo para subrayar lo que hemos considerado desde hace tiempo: que X es una plataforma t\u00f3xica y que su propietario, Elon Musk, ha podido utilizar su influencia para dar forma al discurso pol\u00edtico\u00bb.<\/p>\n<p>&nbsp;<\/p>\n<p>El peri\u00f3dico aclara que los usuarios de X podr\u00e1n seguir compartiendo los art\u00edculos de The Guardian en esa red y que la naturaleza de la informaci\u00f3n de noticias en directo implica que ocasionalmente a\u00fan seguir\u00e1n insertando contenido de X en las p\u00e1ginas de sus art\u00edculos.<\/p>\n<p>&nbsp;<\/p>\n<p>Papel socavado<\/p>\n<p>&nbsp;<\/p>\n<p>Adem\u00e1s, los reporteros de ese peri\u00f3dico podr\u00e1n tambi\u00e9n seguir utilizando X con prop\u00f3sitos informativos, al igual que hacen con otras redes sociales con las que el diario normalmente no interact\u00faa, seg\u00fan explic\u00f3.<\/p>\n<p>&nbsp;<\/p>\n<p>\u00abLos medios sociales puede ser un importante instrumento para las organizaciones de noticias y ayudarnos a alcanzar nuevas audiencias pero, en este momento, X desempe\u00f1a un papel socavado para promocionar nuestro trabajo\u00bb, apunta el peri\u00f3dico.<\/p>\n<p>&nbsp;<\/p>\n<p>Tambi\u00e9n recuerda que el trabajo de sus periodistas est\u00e1 \u00abdisponible y abierto a todos\u00bb en su p\u00e1gina web y se\u00f1ala que prefieren que los lectores acudan directamente a su web.<\/p>\n<p>&nbsp;<\/p>\n<p>\u00abAfortunadamente podemos hacer esto porque nuestro modelo de negocio no depende de contenido viral adaptado a los caprichos de los gigantes algoritmos de las redes sociales, sino que estamos financiados directamente por nuestros lectores\u00bb, concluye.<\/p>\n<p><strong>Fecha de publicaci\u00f3n mi\u00e9rcoles 13 \u00a0de noviembre de 2024 \/DW <\/strong><\/p>\n","protected":false},"excerpt":{"rendered":"<p>El diario brit\u00e1nico The Guardian anunci\u00f3 este mi\u00e9rcoles (13.11.2024) que dejar\u00e1 de publicar noticias en&#8230;<\/p>\n","protected":false},"author":1,"featured_media":204030,"comment_status":"open","ping_status":"open","sticky":false,"template":"","format":"standard","meta":{"_monsterinsights_skip_tracking":false,"_monsterinsights_sitenote_active":false,"_monsterinsights_sitenote_note":"","_monsterinsights_sitenote_category":0,"footnotes":""},"categories":[1],"tags":[],"class_list":["post"],"yoast_head":" \n<title>Sonora en Equipo. The Guardian dejar\u00e1 de publicar en X por ser red &quot;t\u00f3xica&quot;<\/title>\n<meta name=\"description\" content=\"El diario brit\u00e1nico The Guardian anunci\u00f3 este mi\u00e9rcoles (13.11.2024) que dejar\u00e1 de publicar noticias en sus cuentas oficiales en X al considerar que es En Sonora en Equipo publicamos toda la informaci\u00f3n de Sonora, M\u00e9xico y el Mundo de manera oportuna y busca que la libertad de expresi\u00f3n sea real. Visita nuestro medio informativo publicado desde Hermosillo, Sonora. %\" \/>\n<meta name=\"robots\" content=\"index, follow, max-snippet:-1, max-image-preview:large, max-video-preview:-1\" \/>\n<link rel=\"canonical\" href=\"https:\/\/www.sonoraenequipo.com.mx\/the-guardian-dejara-de-publicar-en-x-por-ser-red-toxica\/\" \/>\n<meta property=\"og:locale\" content=\"es_ES\" \/>\n<meta property=\"og:type\" content=\"article\" \/>\n<meta property=\"og:title\" content=\"Sonora en Equipo. The Guardian dejar\u00e1 de publicar en X por ser red &quot;t\u00f3xica&quot;\" \/>\n<meta property=\"og:description\" content=\"El diario brit\u00e1nico The Guardian anunci\u00f3 este mi\u00e9rcoles (13.11.2024) que dejar\u00e1 de publicar noticias en sus cuentas oficiales en X al considerar que es En Sonora en Equipo publicamos toda la informaci\u00f3n de Sonora, M\u00e9xico y el Mundo de manera oportuna y busca que la libertad de expresi\u00f3n sea real. Visita nuestro medio informativo publicado desde Hermosillo, Sonora. %\" \/>\n<meta property=\"og:url\" content=\"https:\/\/www.sonoraenequipo.com.mx\/the-guardian-dejara-de-publicar-en-x-por-ser-red-toxica\/\" \/>\n<meta property=\"og:site_name\" content=\"Sonora en Equipo.\" \/>\n<meta property=\"article:publisher\" content=\"https:\/\/www.facebook.com\/SonoraEE\/\" \/>\n<meta property=\"article:author\" content=\"https:\/\/www.facebook.com\/SonoraEE\" \/>\n<meta property=\"article:published_time\" content=\"2024-11-14T00:17:53+00:00\" \/>\n<meta property=\"og:image\" content=\"https:\/\/www.sonoraenequipo.com.mx\/storage\/2024\/11\/the-guardian.jpg\" \/>\n\t<meta property=\"og:image:width\" content=\"600\" \/>\n\t<meta property=\"og:image:height\" content=\"400\" \/>\n\t<meta property=\"og:image:type\" content=\"image\/jpeg\" \/>\n<meta name=\"author\" content=\"enequipo\" \/>\n<meta name=\"twitter:card\" content=\"summary_large_image\" \/>\n<meta name=\"twitter:creator\" content=\"@sonoraenequipo\" \/>\n<meta name=\"twitter:site\" content=\"@sonoraenequipo\" \/>\n<meta name=\"twitter:label1\" content=\"Escrito por\" \/>\n\t<meta name=\"twitter:data1\" content=\"enequipo\" \/>\n\t<meta name=\"twitter:label2\" content=\"Tiempo de lectura\" \/>\n\t<meta name=\"twitter:data2\" content=\"2 minutos\" \/>\n<script type=\"application\/ld+json\" class=\"yoast-schema-graph\">{\"@context\":\"https:\/\/schema.org\",\"@graph\":[{\"@type\":\"Article\",\"@id\":\"https:\/\/www.sonoraenequipo.com.mx\/the-guardian-dejara-de-publicar-en-x-por-ser-red-toxica\/#article\",\"isPartOf\":{\"@id\":\"https:\/\/www.sonoraenequipo.com.mx\/the-guardian-dejara-de-publicar-en-x-por-ser-red-toxica\/\"},\"author\":{\"name\":\"enequipo\",\"@id\":\"https:\/\/www.sonoraenequipo.com.mx\/#\/schema\/person\/50102df0fb23a8fa9e8effad8fa81386\"},\"headline\":\"The Guardian dejar\u00e1 de publicar en X por ser red \u00abt\u00f3xica\u00bb\",\"datePublished\":\"2024-11-14T00:17:53+00:00\",\"mainEntityOfPage\":{\"@id\":\"https:\/\/www.sonoraenequipo.com.mx\/the-guardian-dejara-de-publicar-en-x-por-ser-red-toxica\/\"},\"wordCount\":397,\"commentCount\":0,\"publisher\":{\"@id\":\"https:\/\/www.sonoraenequipo.com.mx\/#organization\"},\"image\":{\"@id\":\"https:\/\/www.sonoraenequipo.com.mx\/the-guardian-dejara-de-publicar-en-x-por-ser-red-toxica\/#primaryimage\"},\"thumbnailUrl\":\"https:\/\/www.sonoraenequipo.com.mx\/storage\/2024\/11\/the-guardian.jpg\",\"articleSection\":[\"Sin categorizar\"],\"inLanguage\":\"es\",\"potentialAction\":[{\"@type\":\"CommentAction\",\"name\":\"Comment\",\"target\":[\"https:\/\/www.sonoraenequipo.com.mx\/the-guardian-dejara-de-publicar-en-x-por-ser-red-toxica\/#respond\"]}]},{\"@type\":\"WebPage\",\"@id\":\"https:\/\/www.sonoraenequipo.com.mx\/the-guardian-dejara-de-publicar-en-x-por-ser-red-toxica\/\",\"url\":\"https:\/\/www.sonoraenequipo.com.mx\/the-guardian-dejara-de-publicar-en-x-por-ser-red-toxica\/\",\"name\":\"Sonora en Equipo. The Guardian dejar\u00e1 de publicar en X por ser red \\\"t\u00f3xica\\\"\",\"isPartOf\":{\"@id\":\"https:\/\/www.sonoraenequipo.com.mx\/#website\"},\"primaryImageOfPage\":{\"@id\":\"https:\/\/www.sonoraenequipo.com.mx\/the-guardian-dejara-de-publicar-en-x-por-ser-red-toxica\/#primaryimage\"},\"image\":{\"@id\":\"https:\/\/www.sonoraenequipo.com.mx\/the-guardian-dejara-de-publicar-en-x-por-ser-red-toxica\/#primaryimage\"},\"thumbnailUrl\":\"https:\/\/www.sonoraenequipo.com.mx\/storage\/2024\/11\/the-guardian.jpg\",\"datePublished\":\"2024-11-14T00:17:53+00:00\",\"description\":\"El diario brit\u00e1nico The Guardian anunci\u00f3 este mi\u00e9rcoles (13.11.2024) que dejar\u00e1 de publicar noticias en sus cuentas oficiales en X al considerar que es En Sonora en Equipo publicamos toda la informaci\u00f3n de Sonora, M\u00e9xico y el Mundo de manera oportuna y busca que la libertad de expresi\u00f3n sea real. Visita nuestro medio informativo publicado desde Hermosillo, Sonora. %\",\"breadcrumb\":{\"@id\":\"https:\/\/www.sonoraenequipo.com.mx\/the-guardian-dejara-de-publicar-en-x-por-ser-red-toxica\/#breadcrumb\"},\"inLanguage\":\"es\",\"potentialAction\":[{\"@type\":\"ReadAction\",\"target\":[\"https:\/\/www.sonoraenequipo.com.mx\/the-guardian-dejara-de-publicar-en-x-por-ser-red-toxica\/\"]}]},{\"@type\":\"ImageObject\",\"inLanguage\":\"es\",\"@id\":\"https:\/\/www.sonoraenequipo.com.mx\/the-guardian-dejara-de-publicar-en-x-por-ser-red-toxica\/#primaryimage\",\"url\":\"https:\/\/www.sonoraenequipo.com.mx\/storage\/2024\/11\/the-guardian.jpg\",\"contentUrl\":\"https:\/\/www.sonoraenequipo.com.mx\/storage\/2024\/11\/the-guardian.jpg\",\"width\":600,\"height\":400},{\"@type\":\"BreadcrumbList\",\"@id\":\"https:\/\/www.sonoraenequipo.com.mx\/the-guardian-dejara-de-publicar-en-x-por-ser-red-toxica\/#breadcrumb\",\"itemListElement\":[{\"@type\":\"ListItem\",\"position\":1,\"name\":\"Portada\",\"item\":\"https:\/\/www.sonoraenequipo.com.mx\/\"},{\"@type\":\"ListItem\",\"position\":2,\"name\":\"The Guardian dejar\u00e1 de publicar en X por ser red \u00abt\u00f3xica\u00bb\"}]},{\"@type\":\"WebSite\",\"@id\":\"https:\/\/www.sonoraenequipo.com.mx\/#website\",\"url\":\"https:\/\/www.sonoraenequipo.com.mx\/\",\"name\":\"Sonora en Equipo.\",\"description\":\"Diario en l\u00ednea con Noticias desde Hermosillo, Sonora\",\"publisher\":{\"@id\":\"https:\/\/www.sonoraenequipo.com.mx\/#organization\"},\"potentialAction\":[{\"@type\":\"SearchAction\",\"target\":{\"@type\":\"EntryPoint\",\"urlTemplate\":\"https:\/\/www.sonoraenequipo.com.mx\/?s={search_term_string}\"},\"query-input\":{\"@type\":\"PropertyValueSpecification\",\"valueRequired\":true,\"valueName\":\"search_term_string\"}}],\"inLanguage\":\"es\"},{\"@type\":\"Organization\",\"@id\":\"https:\/\/www.sonoraenequipo.com.mx\/#organization\",\"name\":\"Sonoraenequipo.com.mx\",\"url\":\"https:\/\/www.sonoraenequipo.com.mx\/\",\"logo\":{\"@type\":\"ImageObject\",\"inLanguage\":\"es\",\"@id\":\"https:\/\/www.sonoraenequipo.com.mx\/#\/schema\/logo\/image\/\",\"url\":\"https:\/\/www.sonoraenequipo.com.mx\/storage\/2019\/01\/sonoraenequipo_opt.png\",\"contentUrl\":\"https:\/\/www.sonoraenequipo.com.mx\/storage\/2019\/01\/sonoraenequipo_opt.png\",\"width\":375,\"height\":125,\"caption\":\"Sonoraenequipo.com.mx\"},\"image\":{\"@id\":\"https:\/\/www.sonoraenequipo.com.mx\/#\/schema\/logo\/image\/\"},\"sameAs\":[\"https:\/\/www.facebook.com\/SonoraEE\/\",\"https:\/\/x.com\/sonoraenequipo\",\"https:\/\/www.youtube.com\/channel\/UC338nW-lPEYmJQs4ZABQ1SQ\"]},{\"@type\":\"Person\",\"@id\":\"https:\/\/www.sonoraenequipo.com.mx\/#\/schema\/person\/50102df0fb23a8fa9e8effad8fa81386\",\"name\":\"enequipo\",\"image\":{\"@type\":\"ImageObject\",\"inLanguage\":\"es\",\"@id\":\"https:\/\/www.sonoraenequipo.com.mx\/#\/schema\/person\/image\/\",\"url\":\"https:\/\/secure.gravatar.com\/avatar\/049821681b589dabc0bc20695993ccebb09f5b5d4d790cd9251b97faac7c652b?s=96&d=blank&r=g\",\"contentUrl\":\"https:\/\/secure.gravatar.com\/avatar\/049821681b589dabc0bc20695993ccebb09f5b5d4d790cd9251b97faac7c652b?s=96&d=blank&r=g\",\"caption\":\"enequipo\"},\"sameAs\":[\"https:\/\/www.facebook.com\/SonoraEE\"]}]}<\/script>\n ","yoast_head_json":{"title":"Sonora en Equipo. The Guardian dejar\u00e1 de publicar en X por ser red \"t\u00f3xica\"","description":"El diario brit\u00e1nico The Guardian anunci\u00f3 este mi\u00e9rcoles (13.11.2024) que dejar\u00e1 de publicar noticias en sus cuentas oficiales en X al considerar que es En Sonora en Equipo publicamos toda la informaci\u00f3n de Sonora, M\u00e9xico y el Mundo de manera oportuna y busca que la libertad de expresi\u00f3n sea real. Visita nuestro medio informativo publicado desde Hermosillo, Sonora. %","robots":{"index":"index","follow":"follow","max-snippet":"max-snippet:-1","max-image-preview":"max-image-preview:large","max-video-preview":"max-video-preview:-1"},"canonical":"https:\/\/www.sonoraenequipo.com.mx\/the-guardian-dejara-de-publicar-en-x-por-ser-red-toxica\/","og_locale":"es_ES","og_type":"article","og_title":"Sonora en Equipo. The Guardian dejar\u00e1 de publicar en X por ser red \"t\u00f3xica\"","og_description":"El diario brit\u00e1nico The Guardian anunci\u00f3 este mi\u00e9rcoles (13.11.2024) que dejar\u00e1 de publicar noticias en sus cuentas oficiales en X al considerar que es En Sonora en Equipo publicamos toda la informaci\u00f3n de Sonora, M\u00e9xico y el Mundo de manera oportuna y busca que la libertad de expresi\u00f3n sea real. Visita nuestro medio informativo publicado desde Hermosillo, Sonora. %","og_url":"https:\/\/www.sonoraenequipo.com.mx\/the-guardian-dejara-de-publicar-en-x-por-ser-red-toxica\/","og_site_name":"Sonora en Equipo.","article_publisher":"https:\/\/www.facebook.com\/SonoraEE\/","article_author":"https:\/\/www.facebook.com\/SonoraEE","article_published_time":"2024-11-14T00:17:53+00:00","og_image":[{"width":600,"height":400,"url":"https:\/\/www.sonoraenequipo.com.mx\/storage\/2024\/11\/the-guardian.jpg","type":"image\/jpeg"}],"author":"enequipo","twitter_card":"summary_large_image","twitter_creator":"@sonoraenequipo","twitter_site":"@sonoraenequipo","twitter_misc":{"Escrito por":"enequipo","Tiempo de lectura":"2 minutos"},"schema":{"@context":"https:\/\/schema.org","@graph":[{"@type":"Article","@id":"https:\/\/www.sonoraenequipo.com.mx\/the-guardian-dejara-de-publicar-en-x-por-ser-red-toxica\/#article","isPartOf":{"@id":"https:\/\/www.sonoraenequipo.com.mx\/the-guardian-dejara-de-publicar-en-x-por-ser-red-toxica\/"},"author":{"name":"enequipo","@id":"https:\/\/www.sonoraenequipo.com.mx\/#\/schema\/person\/50102df0fb23a8fa9e8effad8fa81386"},"headline":"The Guardian dejar\u00e1 de publicar en X por ser red \u00abt\u00f3xica\u00bb","datePublished":"2024-11-14T00:17:53+00:00","mainEntityOfPage":{"@id":"https:\/\/www.sonoraenequipo.com.mx\/the-guardian-dejara-de-publicar-en-x-por-ser-red-toxica\/"},"wordCount":397,"commentCount":0,"publisher":{"@id":"https:\/\/www.sonoraenequipo.com.mx\/#organization"},"image":{"@id":"https:\/\/www.sonoraenequipo.com.mx\/the-guardian-dejara-de-publicar-en-x-por-ser-red-toxica\/#primaryimage"},"thumbnailUrl":"https:\/\/www.sonoraenequipo.com.mx\/storage\/2024\/11\/the-guardian.jpg","articleSection":["Sin categorizar"],"inLanguage":"es","potentialAction":[{"@type":"CommentAction","name":"Comment","target":["https:\/\/www.sonoraenequipo.com.mx\/the-guardian-dejara-de-publicar-en-x-por-ser-red-toxica\/#respond"]}]},{"@type":"WebPage","@id":"https:\/\/www.sonoraenequipo.com.mx\/the-guardian-dejara-de-publicar-en-x-por-ser-red-toxica\/","url":"https:\/\/www.sonoraenequipo.com.mx\/the-guardian-dejara-de-publicar-en-x-por-ser-red-toxica\/","name":"Sonora en Equipo. The Guardian dejar\u00e1 de publicar en X por ser red \"t\u00f3xica\"","isPartOf":{"@id":"https:\/\/www.sonoraenequipo.com.mx\/#website"},"primaryImageOfPage":{"@id":"https:\/\/www.sonoraenequipo.com.mx\/the-guardian-dejara-de-publicar-en-x-por-ser-red-toxica\/#primaryimage"},"image":{"@id":"https:\/\/www.sonoraenequipo.com.mx\/the-guardian-dejara-de-publicar-en-x-por-ser-red-toxica\/#primaryimage"},"thumbnailUrl":"https:\/\/www.sonoraenequipo.com.mx\/storage\/2024\/11\/the-guardian.jpg","datePublished":"2024-11-14T00:17:53+00:00","description":"El diario brit\u00e1nico The Guardian anunci\u00f3 este mi\u00e9rcoles (13.11.2024) que dejar\u00e1 de publicar noticias en sus cuentas oficiales en X al considerar que es En Sonora en Equipo publicamos toda la informaci\u00f3n de Sonora, M\u00e9xico y el Mundo de manera oportuna y busca que la libertad de expresi\u00f3n sea real. Visita nuestro medio informativo publicado desde Hermosillo, Sonora. %","breadcrumb":{"@id":"https:\/\/www.sonoraenequipo.com.mx\/the-guardian-dejara-de-publicar-en-x-por-ser-red-toxica\/#breadcrumb"},"inLanguage":"es","potentialAction":[{"@type":"ReadAction","target":["https:\/\/www.sonoraenequipo.com.mx\/the-guardian-dejara-de-publicar-en-x-por-ser-red-toxica\/"]}]},{"@type":"ImageObject","inLanguage":"es","@id":"https:\/\/www.sonoraenequipo.com.mx\/the-guardian-dejara-de-publicar-en-x-por-ser-red-toxica\/#primaryimage","url":"https:\/\/www.sonoraenequipo.com.mx\/storage\/2024\/11\/the-guardian.jpg","contentUrl":"https:\/\/www.sonoraenequipo.com.mx\/storage\/2024\/11\/the-guardian.jpg","width":600,"height":400},{"@type":"BreadcrumbList","@id":"https:\/\/www.sonoraenequipo.com.mx\/the-guardian-dejara-de-publicar-en-x-por-ser-red-toxica\/#breadcrumb","itemListElement":[{"@type":"ListItem","position":1,"name":"Portada","item":"https:\/\/www.sonoraenequipo.com.mx\/"},{"@type":"ListItem","position":2,"name":"The Guardian dejar\u00e1 de publicar en X por ser red \u00abt\u00f3xica\u00bb"}]},{"@type":"WebSite","@id":"https:\/\/www.sonoraenequipo.com.mx\/#website","url":"https:\/\/www.sonoraenequipo.com.mx\/","name":"Sonora en Equipo.","description":"Diario en l\u00ednea con Noticias desde Hermosillo, Sonora","publisher":{"@id":"https:\/\/www.sonoraenequipo.com.mx\/#organization"},"potentialAction":[{"@type":"SearchAction","target":{"@type":"EntryPoint","urlTemplate":"https:\/\/www.sonoraenequipo.com.mx\/?s={search_term_string}"},"query-input":{"@type":"PropertyValueSpecification","valueRequired":true,"valueName":"search_term_string"}}],"inLanguage":"es"},{"@type":"Organization","@id":"https:\/\/www.sonoraenequipo.com.mx\/#organization","name":"Sonoraenequipo.com.mx","url":"https:\/\/www.sonoraenequipo.com.mx\/","logo":{"@type":"ImageObject","inLanguage":"es","@id":"https:\/\/www.sonoraenequipo.com.mx\/#\/schema\/logo\/image\/","url":"https:\/\/www.sonoraenequipo.com.mx\/storage\/2019\/01\/sonoraenequipo_opt.png","contentUrl":"https:\/\/www.sonoraenequipo.com.mx\/storage\/2019\/01\/sonoraenequipo_opt.png","width":375,"height":125,"caption":"Sonoraenequipo.com.mx"},"image":{"@id":"https:\/\/www.sonoraenequipo.com.mx\/#\/schema\/logo\/image\/"},"sameAs":["https:\/\/www.facebook.com\/SonoraEE\/","https:\/\/x.com\/sonoraenequipo","https:\/\/www.youtube.com\/channel\/UC338nW-lPEYmJQs4ZABQ1SQ"]},{"@type":"Person","@id":"https:\/\/www.sonoraenequipo.com.mx\/#\/schema\/person\/50102df0fb23a8fa9e8effad8fa81386","name":"enequipo","image":{"@type":"ImageObject","inLanguage":"es","@id":"https:\/\/www.sonoraenequipo.com.mx\/#\/schema\/person\/image\/","url":"https:\/\/secure.gravatar.com\/avatar\/049821681b589dabc0bc20695993ccebb09f5b5d4d790cd9251b97faac7c652b?s=96&d=blank&r=g","contentUrl":"https:\/\/secure.gravatar.com\/avatar\/049821681b589dabc0bc20695993ccebb09f5b5d4d790cd9251b97faac7c652b?s=96&d=blank&r=g","caption":"enequipo"},"sameAs":["https:\/\/www.facebook.com\/SonoraEE"]}]}},"jetpack_featured_media_url":"https:\/\/www.sonoraenequipo.com.mx\/storage\/2024\/11\/the-guardian.jpg","_links":{"self":[{"href":"https:\/\/www.sonoraenequipo.com.mx\/api\/wp\/v2\/posts\/204029","targetHints":{"allow":["GET"]}}],"collection":[{"href":"https:\/\/www.sonoraenequipo.com.mx\/api\/wp\/v2\/posts"}],"about":[{"href":"https:\/\/www.sonoraenequipo.com.mx\/api\/wp\/v2\/types\/post"}],"author":[{"embeddable":true,"href":"https:\/\/www.sonoraenequipo.com.mx\/api\/wp\/v2\/users\/1"}],"replies":[{"embeddable":true,"href":"https:\/\/www.sonoraenequipo.com.mx\/api\/wp\/v2\/comments?post=204029"}],"version-history":[{"count":1,"href":"https:\/\/www.sonoraenequipo.com.mx\/api\/wp\/v2\/posts\/204029\/revisions"}],"predecessor-version":[{"id":204031,"href":"https:\/\/www.sonoraenequipo.com.mx\/api\/wp\/v2\/posts\/204029\/revisions\/204031"}],"wp:featuredmedia":[{"embeddable":true,"href":"https:\/\/www.sonoraenequipo.com.mx\/api\/wp\/v2\/media\/204030"}],"wp:attachment":[{"href":"https:\/\/www.sonoraenequipo.com.mx\/api\/wp\/v2\/media?parent=204029"}],"wp:term":[{"taxonomy":"category","embeddable":true,"href":"https:\/\/www.sonoraenequipo.com.mx\/api\/wp\/v2\/categories?post=204029"},{"taxonomy":"post_tag","embeddable":true,"href":"https:\/\/www.sonoraenequipo.com.mx\/api\/wp\/v2\/tags?post=204029"}],"curies":[{"name":"wp","href":"https:\/\/api.w.org\/{rel}","templated":true}]}}