{"id":204037,"date":"2024-11-13T18:19:45","date_gmt":"2024-11-14T01:19:45","guid":{"rendered":"https:\/\/www.sonoraenequipo.com.mx\/?p=204037"},"modified":"2024-11-13T18:19:45","modified_gmt":"2024-11-14T01:19:45","slug":"asistira-grupo-de-cobach-sonora-a-festival-internacional-de-danza-en-ecuador","status":"publish","type":"post","link":"https:\/\/www.sonoraenequipo.com.mx\/asistira-grupo-de-cobach-sonora-a-festival-internacional-de-danza-en-ecuador\/","title":{"rendered":"Asistir\u00e1 grupo de Cobach Sonora a festival internacional de danza en Ecuador"},"content":{"rendered":"<p><strong>HERMOSILLO, SONORA, MX.<\/strong> \u2014 Estudiantes del Colegio de Bachilleres del Estado de Sonora (Cobach), del plantel Eusebio Francisco Kino de Magdalena, representar\u00e1n a M\u00e9xico en Ecuador en el XVI Festival Folkl\u00f3rico de M\u00fasica y Danza \u00abSin Fronteras 2024\u00bb con el Grupo de Danza A \u0301al e Wailadam.<\/p>\n<p>&nbsp;<\/p>\n<p>&nbsp;<\/p>\n<p>&nbsp;<\/p>\n<p>Rodrigo Arturo Rosas Burgos, director general de Cobach Sonora, inform\u00f3 que Camila Boj\u00f3rquez Egurrola, Nathalia Nohely Navarro Grijalva, Mario Yoel L\u00f3pez Soto y Juli\u00e1n Fernando Bustamante G\u00e1mez fueron seleccionados gracias a su trayectoria, formaci\u00f3n y disciplina, junto a los dem\u00e1s integrantes de esa agrupaci\u00f3n danc\u00edstica.<\/p>\n<p>&nbsp;<\/p>\n<p>&nbsp;<\/p>\n<p>&nbsp;<\/p>\n<p>Los j\u00f3venes del Colegio de Bachilleres asistir\u00e1n con el Grupo de Danza A \u0301al e Wailadam, del municipio de \u00cdmuris, a ese encuentro que se realizar\u00e1 del 19 de noviembre al 3 de diciembre pr\u00f3ximos, invitados por la Asociaci\u00f3n Internacional de Folclor Latinoamericano (AIFL), mencion\u00f3 el directivo.<\/p>\n<p>&nbsp;<\/p>\n<p>&nbsp;<\/p>\n<p>&nbsp;<\/p>\n<p>Indic\u00f3 que Camila Boj\u00f3rquez Egurrola y Juli\u00e1n Fernando Bustamante, al igual que Linette Soto Molina tambi\u00e9n alumna del plantel de Magdalena, asistieron en abril de este a\u00f1o al S\u00e9ptimo Encuentro Internacional de Etnias de Santa Catarina, Brasil, con el Grupo de Danza A \u0301al e Wailadam donde tuvieron una destacada participaci\u00f3n.<\/p>\n<p>&nbsp;<\/p>\n<p>&nbsp;<\/p>\n<p>&nbsp;<\/p>\n<p>Laura Elena G\u00f3mez Coronado, directora del Grupo de Danza Municipal A \u0301al e Wailadam, destac\u00f3 que representar a M\u00e9xico en ese evento internacional \u201ces una distinci\u00f3n que nos tiene muy orgullosos, pero a la vez comprometidos en la preparaci\u00f3n de los j\u00f3venes\u201d.<\/p>\n<p>&nbsp;<\/p>\n<p>&nbsp;<\/p>\n<p>&nbsp;<\/p>\n<p>En oficio dirigido a la directora del plantel Eusebio Francisco Kino del Cobach, Miroslava Rodr\u00edguez Dom\u00ednguez, G\u00f3mez Coronado expuso que esa invitaci\u00f3n de la AIFL representa un reconocimiento a la trayectoria y el inter\u00e9s del Grupo de Danza A \u0301al e Wailadam de Sonora, por conservar y difundir los valores del arte a trav\u00e9s de la danza.<\/p>\n<p><strong>Fecha de publicaci\u00f3n mi\u00e9rcoles 13 \u00a0de noviembre de 2024 \/ <\/strong><\/p>\n<p>&nbsp;<\/p>\n","protected":false},"excerpt":{"rendered":"<p>HERMOSILLO, SONORA, MX. \u2014 Estudiantes del Colegio de Bachilleres del Estado de Sonora (Cobach), del&#8230;<\/p>\n","protected":false},"author":1,"featured_media":204038,"comment_status":"open","ping_status":"open","sticky":false,"template":"","format":"standard","meta":{"_monsterinsights_skip_tracking":false,"_monsterinsights_sitenote_active":false,"_monsterinsights_sitenote_note":"","_monsterinsights_sitenote_category":0,"footnotes":""},"categories":[1],"tags":[3304,205,15],"class_list":["post"],"yoast_head":" \n<title>Sonora en Equipo. Asistir\u00e1 grupo de Cobach Sonora a festival internacional de danza en Ecuador<\/title>\n<meta name=\"description\" content=\"HERMOSILLO, SONORA, MX. \u2014 Estudiantes del Colegio de Bachilleres del Estado de Sonora (Cobach), del plantel Eusebio Francisco Kino de Magdalena, En Sonora en Equipo publicamos toda la informaci\u00f3n de Sonora, M\u00e9xico y el Mundo de manera oportuna y busca que la libertad de expresi\u00f3n sea real. Visita nuestro medio informativo publicado desde Hermosillo, Sonora. %\" \/>\n<meta name=\"robots\" content=\"index, follow, max-snippet:-1, max-image-preview:large, max-video-preview:-1\" \/>\n<link rel=\"canonical\" href=\"https:\/\/www.sonoraenequipo.com.mx\/asistira-grupo-de-cobach-sonora-a-festival-internacional-de-danza-en-ecuador\/\" \/>\n<meta property=\"og:locale\" content=\"es_ES\" \/>\n<meta property=\"og:type\" content=\"article\" \/>\n<meta property=\"og:title\" content=\"Sonora en Equipo. Asistir\u00e1 grupo de Cobach Sonora a festival internacional de danza en Ecuador\" \/>\n<meta property=\"og:description\" content=\"HERMOSILLO, SONORA, MX. \u2014 Estudiantes del Colegio de Bachilleres del Estado de Sonora (Cobach), del plantel Eusebio Francisco Kino de Magdalena, En Sonora en Equipo publicamos toda la informaci\u00f3n de Sonora, M\u00e9xico y el Mundo de manera oportuna y busca que la libertad de expresi\u00f3n sea real. Visita nuestro medio informativo publicado desde Hermosillo, Sonora. %\" \/>\n<meta property=\"og:url\" content=\"https:\/\/www.sonoraenequipo.com.mx\/asistira-grupo-de-cobach-sonora-a-festival-internacional-de-danza-en-ecuador\/\" \/>\n<meta property=\"og:site_name\" content=\"Sonora en Equipo.\" \/>\n<meta property=\"article:publisher\" content=\"https:\/\/www.facebook.com\/SonoraEE\/\" \/>\n<meta property=\"article:author\" content=\"https:\/\/www.facebook.com\/SonoraEE\" \/>\n<meta property=\"article:published_time\" content=\"2024-11-14T01:19:45+00:00\" \/>\n<meta property=\"og:image\" content=\"https:\/\/www.sonoraenequipo.com.mx\/storage\/2024\/11\/danza-cobach.jpg\" \/>\n\t<meta property=\"og:image:width\" content=\"552\" \/>\n\t<meta property=\"og:image:height\" content=\"365\" \/>\n\t<meta property=\"og:image:type\" content=\"image\/jpeg\" \/>\n<meta name=\"author\" content=\"enequipo\" \/>\n<meta name=\"twitter:card\" content=\"summary_large_image\" \/>\n<meta name=\"twitter:creator\" content=\"@sonoraenequipo\" \/>\n<meta name=\"twitter:site\" content=\"@sonoraenequipo\" \/>\n<meta name=\"twitter:label1\" content=\"Escrito por\" \/>\n\t<meta name=\"twitter:data1\" content=\"enequipo\" \/>\n\t<meta name=\"twitter:label2\" content=\"Tiempo de lectura\" \/>\n\t<meta name=\"twitter:data2\" content=\"2 minutos\" \/>\n<script type=\"application\/ld+json\" class=\"yoast-schema-graph\">{\"@context\":\"https:\/\/schema.org\",\"@graph\":[{\"@type\":\"Article\",\"@id\":\"https:\/\/www.sonoraenequipo.com.mx\/asistira-grupo-de-cobach-sonora-a-festival-internacional-de-danza-en-ecuador\/#article\",\"isPartOf\":{\"@id\":\"https:\/\/www.sonoraenequipo.com.mx\/asistira-grupo-de-cobach-sonora-a-festival-internacional-de-danza-en-ecuador\/\"},\"author\":{\"name\":\"enequipo\",\"@id\":\"https:\/\/www.sonoraenequipo.com.mx\/#\/schema\/person\/50102df0fb23a8fa9e8effad8fa81386\"},\"headline\":\"Asistir\u00e1 grupo de Cobach Sonora a festival internacional de danza en Ecuador\",\"datePublished\":\"2024-11-14T01:19:45+00:00\",\"mainEntityOfPage\":{\"@id\":\"https:\/\/www.sonoraenequipo.com.mx\/asistira-grupo-de-cobach-sonora-a-festival-internacional-de-danza-en-ecuador\/\"},\"wordCount\":355,\"commentCount\":0,\"publisher\":{\"@id\":\"https:\/\/www.sonoraenequipo.com.mx\/#organization\"},\"image\":{\"@id\":\"https:\/\/www.sonoraenequipo.com.mx\/asistira-grupo-de-cobach-sonora-a-festival-internacional-de-danza-en-ecuador\/#primaryimage\"},\"thumbnailUrl\":\"https:\/\/www.sonoraenequipo.com.mx\/storage\/2024\/11\/danza-cobach.jpg\",\"keywords\":[\"COBACH\",\"danza\",\"Sonora\"],\"articleSection\":[\"Sin categorizar\"],\"inLanguage\":\"es\",\"potentialAction\":[{\"@type\":\"CommentAction\",\"name\":\"Comment\",\"target\":[\"https:\/\/www.sonoraenequipo.com.mx\/asistira-grupo-de-cobach-sonora-a-festival-internacional-de-danza-en-ecuador\/#respond\"]}]},{\"@type\":\"WebPage\",\"@id\":\"https:\/\/www.sonoraenequipo.com.mx\/asistira-grupo-de-cobach-sonora-a-festival-internacional-de-danza-en-ecuador\/\",\"url\":\"https:\/\/www.sonoraenequipo.com.mx\/asistira-grupo-de-cobach-sonora-a-festival-internacional-de-danza-en-ecuador\/\",\"name\":\"Sonora en Equipo. Asistir\u00e1 grupo de Cobach Sonora a festival internacional de danza en Ecuador\",\"isPartOf\":{\"@id\":\"https:\/\/www.sonoraenequipo.com.mx\/#website\"},\"primaryImageOfPage\":{\"@id\":\"https:\/\/www.sonoraenequipo.com.mx\/asistira-grupo-de-cobach-sonora-a-festival-internacional-de-danza-en-ecuador\/#primaryimage\"},\"image\":{\"@id\":\"https:\/\/www.sonoraenequipo.com.mx\/asistira-grupo-de-cobach-sonora-a-festival-internacional-de-danza-en-ecuador\/#primaryimage\"},\"thumbnailUrl\":\"https:\/\/www.sonoraenequipo.com.mx\/storage\/2024\/11\/danza-cobach.jpg\",\"datePublished\":\"2024-11-14T01:19:45+00:00\",\"description\":\"HERMOSILLO, SONORA, MX. \u2014 Estudiantes del Colegio de Bachilleres del Estado de Sonora (Cobach), del plantel Eusebio Francisco Kino de Magdalena, En Sonora en Equipo publicamos toda la informaci\u00f3n de Sonora, M\u00e9xico y el Mundo de manera oportuna y busca que la libertad de expresi\u00f3n sea real. Visita nuestro medio informativo publicado desde Hermosillo, Sonora. %\",\"breadcrumb\":{\"@id\":\"https:\/\/www.sonoraenequipo.com.mx\/asistira-grupo-de-cobach-sonora-a-festival-internacional-de-danza-en-ecuador\/#breadcrumb\"},\"inLanguage\":\"es\",\"potentialAction\":[{\"@type\":\"ReadAction\",\"target\":[\"https:\/\/www.sonoraenequipo.com.mx\/asistira-grupo-de-cobach-sonora-a-festival-internacional-de-danza-en-ecuador\/\"]}]},{\"@type\":\"ImageObject\",\"inLanguage\":\"es\",\"@id\":\"https:\/\/www.sonoraenequipo.com.mx\/asistira-grupo-de-cobach-sonora-a-festival-internacional-de-danza-en-ecuador\/#primaryimage\",\"url\":\"https:\/\/www.sonoraenequipo.com.mx\/storage\/2024\/11\/danza-cobach.jpg\",\"contentUrl\":\"https:\/\/www.sonoraenequipo.com.mx\/storage\/2024\/11\/danza-cobach.jpg\",\"width\":552,\"height\":365},{\"@type\":\"BreadcrumbList\",\"@id\":\"https:\/\/www.sonoraenequipo.com.mx\/asistira-grupo-de-cobach-sonora-a-festival-internacional-de-danza-en-ecuador\/#breadcrumb\",\"itemListElement\":[{\"@type\":\"ListItem\",\"position\":1,\"name\":\"Portada\",\"item\":\"https:\/\/www.sonoraenequipo.com.mx\/\"},{\"@type\":\"ListItem\",\"position\":2,\"name\":\"Asistir\u00e1 grupo de Cobach Sonora a festival internacional de danza en Ecuador\"}]},{\"@type\":\"WebSite\",\"@id\":\"https:\/\/www.sonoraenequipo.com.mx\/#website\",\"url\":\"https:\/\/www.sonoraenequipo.com.mx\/\",\"name\":\"Sonora en Equipo.\",\"description\":\"Diario en l\u00ednea con Noticias desde Hermosillo, Sonora\",\"publisher\":{\"@id\":\"https:\/\/www.sonoraenequipo.com.mx\/#organization\"},\"potentialAction\":[{\"@type\":\"SearchAction\",\"target\":{\"@type\":\"EntryPoint\",\"urlTemplate\":\"https:\/\/www.sonoraenequipo.com.mx\/?s={search_term_string}\"},\"query-input\":{\"@type\":\"PropertyValueSpecification\",\"valueRequired\":true,\"valueName\":\"search_term_string\"}}],\"inLanguage\":\"es\"},{\"@type\":\"Organization\",\"@id\":\"https:\/\/www.sonoraenequipo.com.mx\/#organization\",\"name\":\"Sonoraenequipo.com.mx\",\"url\":\"https:\/\/www.sonoraenequipo.com.mx\/\",\"logo\":{\"@type\":\"ImageObject\",\"inLanguage\":\"es\",\"@id\":\"https:\/\/www.sonoraenequipo.com.mx\/#\/schema\/logo\/image\/\",\"url\":\"https:\/\/www.sonoraenequipo.com.mx\/storage\/2019\/01\/sonoraenequipo_opt.png\",\"contentUrl\":\"https:\/\/www.sonoraenequipo.com.mx\/storage\/2019\/01\/sonoraenequipo_opt.png\",\"width\":375,\"height\":125,\"caption\":\"Sonoraenequipo.com.mx\"},\"image\":{\"@id\":\"https:\/\/www.sonoraenequipo.com.mx\/#\/schema\/logo\/image\/\"},\"sameAs\":[\"https:\/\/www.facebook.com\/SonoraEE\/\",\"https:\/\/x.com\/sonoraenequipo\",\"https:\/\/www.youtube.com\/channel\/UC338nW-lPEYmJQs4ZABQ1SQ\"]},{\"@type\":\"Person\",\"@id\":\"https:\/\/www.sonoraenequipo.com.mx\/#\/schema\/person\/50102df0fb23a8fa9e8effad8fa81386\",\"name\":\"enequipo\",\"image\":{\"@type\":\"ImageObject\",\"inLanguage\":\"es\",\"@id\":\"https:\/\/www.sonoraenequipo.com.mx\/#\/schema\/person\/image\/\",\"url\":\"https:\/\/secure.gravatar.com\/avatar\/049821681b589dabc0bc20695993ccebb09f5b5d4d790cd9251b97faac7c652b?s=96&d=blank&r=g\",\"contentUrl\":\"https:\/\/secure.gravatar.com\/avatar\/049821681b589dabc0bc20695993ccebb09f5b5d4d790cd9251b97faac7c652b?s=96&d=blank&r=g\",\"caption\":\"enequipo\"},\"sameAs\":[\"https:\/\/www.facebook.com\/SonoraEE\"]}]}<\/script>\n ","yoast_head_json":{"title":"Sonora en Equipo. Asistir\u00e1 grupo de Cobach Sonora a festival internacional de danza en Ecuador","description":"HERMOSILLO, SONORA, MX. \u2014 Estudiantes del Colegio de Bachilleres del Estado de Sonora (Cobach), del plantel Eusebio Francisco Kino de Magdalena, En Sonora en Equipo publicamos toda la informaci\u00f3n de Sonora, M\u00e9xico y el Mundo de manera oportuna y busca que la libertad de expresi\u00f3n sea real. Visita nuestro medio informativo publicado desde Hermosillo, Sonora. %","robots":{"index":"index","follow":"follow","max-snippet":"max-snippet:-1","max-image-preview":"max-image-preview:large","max-video-preview":"max-video-preview:-1"},"canonical":"https:\/\/www.sonoraenequipo.com.mx\/asistira-grupo-de-cobach-sonora-a-festival-internacional-de-danza-en-ecuador\/","og_locale":"es_ES","og_type":"article","og_title":"Sonora en Equipo. Asistir\u00e1 grupo de Cobach Sonora a festival internacional de danza en Ecuador","og_description":"HERMOSILLO, SONORA, MX. \u2014 Estudiantes del Colegio de Bachilleres del Estado de Sonora (Cobach), del plantel Eusebio Francisco Kino de Magdalena, En Sonora en Equipo publicamos toda la informaci\u00f3n de Sonora, M\u00e9xico y el Mundo de manera oportuna y busca que la libertad de expresi\u00f3n sea real. Visita nuestro medio informativo publicado desde Hermosillo, Sonora. %","og_url":"https:\/\/www.sonoraenequipo.com.mx\/asistira-grupo-de-cobach-sonora-a-festival-internacional-de-danza-en-ecuador\/","og_site_name":"Sonora en Equipo.","article_publisher":"https:\/\/www.facebook.com\/SonoraEE\/","article_author":"https:\/\/www.facebook.com\/SonoraEE","article_published_time":"2024-11-14T01:19:45+00:00","og_image":[{"width":552,"height":365,"url":"https:\/\/www.sonoraenequipo.com.mx\/storage\/2024\/11\/danza-cobach.jpg","type":"image\/jpeg"}],"author":"enequipo","twitter_card":"summary_large_image","twitter_creator":"@sonoraenequipo","twitter_site":"@sonoraenequipo","twitter_misc":{"Escrito por":"enequipo","Tiempo de lectura":"2 minutos"},"schema":{"@context":"https:\/\/schema.org","@graph":[{"@type":"Article","@id":"https:\/\/www.sonoraenequipo.com.mx\/asistira-grupo-de-cobach-sonora-a-festival-internacional-de-danza-en-ecuador\/#article","isPartOf":{"@id":"https:\/\/www.sonoraenequipo.com.mx\/asistira-grupo-de-cobach-sonora-a-festival-internacional-de-danza-en-ecuador\/"},"author":{"name":"enequipo","@id":"https:\/\/www.sonoraenequipo.com.mx\/#\/schema\/person\/50102df0fb23a8fa9e8effad8fa81386"},"headline":"Asistir\u00e1 grupo de Cobach Sonora a festival internacional de danza en Ecuador","datePublished":"2024-11-14T01:19:45+00:00","mainEntityOfPage":{"@id":"https:\/\/www.sonoraenequipo.com.mx\/asistira-grupo-de-cobach-sonora-a-festival-internacional-de-danza-en-ecuador\/"},"wordCount":355,"commentCount":0,"publisher":{"@id":"https:\/\/www.sonoraenequipo.com.mx\/#organization"},"image":{"@id":"https:\/\/www.sonoraenequipo.com.mx\/asistira-grupo-de-cobach-sonora-a-festival-internacional-de-danza-en-ecuador\/#primaryimage"},"thumbnailUrl":"https:\/\/www.sonoraenequipo.com.mx\/storage\/2024\/11\/danza-cobach.jpg","keywords":["COBACH","danza","Sonora"],"articleSection":["Sin categorizar"],"inLanguage":"es","potentialAction":[{"@type":"CommentAction","name":"Comment","target":["https:\/\/www.sonoraenequipo.com.mx\/asistira-grupo-de-cobach-sonora-a-festival-internacional-de-danza-en-ecuador\/#respond"]}]},{"@type":"WebPage","@id":"https:\/\/www.sonoraenequipo.com.mx\/asistira-grupo-de-cobach-sonora-a-festival-internacional-de-danza-en-ecuador\/","url":"https:\/\/www.sonoraenequipo.com.mx\/asistira-grupo-de-cobach-sonora-a-festival-internacional-de-danza-en-ecuador\/","name":"Sonora en Equipo. Asistir\u00e1 grupo de Cobach Sonora a festival internacional de danza en Ecuador","isPartOf":{"@id":"https:\/\/www.sonoraenequipo.com.mx\/#website"},"primaryImageOfPage":{"@id":"https:\/\/www.sonoraenequipo.com.mx\/asistira-grupo-de-cobach-sonora-a-festival-internacional-de-danza-en-ecuador\/#primaryimage"},"image":{"@id":"https:\/\/www.sonoraenequipo.com.mx\/asistira-grupo-de-cobach-sonora-a-festival-internacional-de-danza-en-ecuador\/#primaryimage"},"thumbnailUrl":"https:\/\/www.sonoraenequipo.com.mx\/storage\/2024\/11\/danza-cobach.jpg","datePublished":"2024-11-14T01:19:45+00:00","description":"HERMOSILLO, SONORA, MX. \u2014 Estudiantes del Colegio de Bachilleres del Estado de Sonora (Cobach), del plantel Eusebio Francisco Kino de Magdalena, En Sonora en Equipo publicamos toda la informaci\u00f3n de Sonora, M\u00e9xico y el Mundo de manera oportuna y busca que la libertad de expresi\u00f3n sea real. Visita nuestro medio informativo publicado desde Hermosillo, Sonora. %","breadcrumb":{"@id":"https:\/\/www.sonoraenequipo.com.mx\/asistira-grupo-de-cobach-sonora-a-festival-internacional-de-danza-en-ecuador\/#breadcrumb"},"inLanguage":"es","potentialAction":[{"@type":"ReadAction","target":["https:\/\/www.sonoraenequipo.com.mx\/asistira-grupo-de-cobach-sonora-a-festival-internacional-de-danza-en-ecuador\/"]}]},{"@type":"ImageObject","inLanguage":"es","@id":"https:\/\/www.sonoraenequipo.com.mx\/asistira-grupo-de-cobach-sonora-a-festival-internacional-de-danza-en-ecuador\/#primaryimage","url":"https:\/\/www.sonoraenequipo.com.mx\/storage\/2024\/11\/danza-cobach.jpg","contentUrl":"https:\/\/www.sonoraenequipo.com.mx\/storage\/2024\/11\/danza-cobach.jpg","width":552,"height":365},{"@type":"BreadcrumbList","@id":"https:\/\/www.sonoraenequipo.com.mx\/asistira-grupo-de-cobach-sonora-a-festival-internacional-de-danza-en-ecuador\/#breadcrumb","itemListElement":[{"@type":"ListItem","position":1,"name":"Portada","item":"https:\/\/www.sonoraenequipo.com.mx\/"},{"@type":"ListItem","position":2,"name":"Asistir\u00e1 grupo de Cobach Sonora a festival internacional de danza en Ecuador"}]},{"@type":"WebSite","@id":"https:\/\/www.sonoraenequipo.com.mx\/#website","url":"https:\/\/www.sonoraenequipo.com.mx\/","name":"Sonora en Equipo.","description":"Diario en l\u00ednea con Noticias desde Hermosillo, Sonora","publisher":{"@id":"https:\/\/www.sonoraenequipo.com.mx\/#organization"},"potentialAction":[{"@type":"SearchAction","target":{"@type":"EntryPoint","urlTemplate":"https:\/\/www.sonoraenequipo.com.mx\/?s={search_term_string}"},"query-input":{"@type":"PropertyValueSpecification","valueRequired":true,"valueName":"search_term_string"}}],"inLanguage":"es"},{"@type":"Organization","@id":"https:\/\/www.sonoraenequipo.com.mx\/#organization","name":"Sonoraenequipo.com.mx","url":"https:\/\/www.sonoraenequipo.com.mx\/","logo":{"@type":"ImageObject","inLanguage":"es","@id":"https:\/\/www.sonoraenequipo.com.mx\/#\/schema\/logo\/image\/","url":"https:\/\/www.sonoraenequipo.com.mx\/storage\/2019\/01\/sonoraenequipo_opt.png","contentUrl":"https:\/\/www.sonoraenequipo.com.mx\/storage\/2019\/01\/sonoraenequipo_opt.png","width":375,"height":125,"caption":"Sonoraenequipo.com.mx"},"image":{"@id":"https:\/\/www.sonoraenequipo.com.mx\/#\/schema\/logo\/image\/"},"sameAs":["https:\/\/www.facebook.com\/SonoraEE\/","https:\/\/x.com\/sonoraenequipo","https:\/\/www.youtube.com\/channel\/UC338nW-lPEYmJQs4ZABQ1SQ"]},{"@type":"Person","@id":"https:\/\/www.sonoraenequipo.com.mx\/#\/schema\/person\/50102df0fb23a8fa9e8effad8fa81386","name":"enequipo","image":{"@type":"ImageObject","inLanguage":"es","@id":"https:\/\/www.sonoraenequipo.com.mx\/#\/schema\/person\/image\/","url":"https:\/\/secure.gravatar.com\/avatar\/049821681b589dabc0bc20695993ccebb09f5b5d4d790cd9251b97faac7c652b?s=96&d=blank&r=g","contentUrl":"https:\/\/secure.gravatar.com\/avatar\/049821681b589dabc0bc20695993ccebb09f5b5d4d790cd9251b97faac7c652b?s=96&d=blank&r=g","caption":"enequipo"},"sameAs":["https:\/\/www.facebook.com\/SonoraEE"]}]}},"jetpack_featured_media_url":"https:\/\/www.sonoraenequipo.com.mx\/storage\/2024\/11\/danza-cobach.jpg","_links":{"self":[{"href":"https:\/\/www.sonoraenequipo.com.mx\/api\/wp\/v2\/posts\/204037","targetHints":{"allow":["GET"]}}],"collection":[{"href":"https:\/\/www.sonoraenequipo.com.mx\/api\/wp\/v2\/posts"}],"about":[{"href":"https:\/\/www.sonoraenequipo.com.mx\/api\/wp\/v2\/types\/post"}],"author":[{"embeddable":true,"href":"https:\/\/www.sonoraenequipo.com.mx\/api\/wp\/v2\/users\/1"}],"replies":[{"embeddable":true,"href":"https:\/\/www.sonoraenequipo.com.mx\/api\/wp\/v2\/comments?post=204037"}],"version-history":[{"count":1,"href":"https:\/\/www.sonoraenequipo.com.mx\/api\/wp\/v2\/posts\/204037\/revisions"}],"predecessor-version":[{"id":204039,"href":"https:\/\/www.sonoraenequipo.com.mx\/api\/wp\/v2\/posts\/204037\/revisions\/204039"}],"wp:featuredmedia":[{"embeddable":true,"href":"https:\/\/www.sonoraenequipo.com.mx\/api\/wp\/v2\/media\/204038"}],"wp:attachment":[{"href":"https:\/\/www.sonoraenequipo.com.mx\/api\/wp\/v2\/media?parent=204037"}],"wp:term":[{"taxonomy":"category","embeddable":true,"href":"https:\/\/www.sonoraenequipo.com.mx\/api\/wp\/v2\/categories?post=204037"},{"taxonomy":"post_tag","embeddable":true,"href":"https:\/\/www.sonoraenequipo.com.mx\/api\/wp\/v2\/tags?post=204037"}],"curies":[{"name":"wp","href":"https:\/\/api.w.org\/{rel}","templated":true}]}}