{"id":204068,"date":"2024-11-13T20:15:32","date_gmt":"2024-11-14T03:15:32","guid":{"rendered":"https:\/\/www.sonoraenequipo.com.mx\/?p=204068"},"modified":"2024-11-14T11:18:44","modified_gmt":"2024-11-14T18:18:44","slug":"invitan-a-participar-en-la-jornada-de-prevencion-de-diabetes-en-unison","status":"publish","type":"post","link":"https:\/\/www.sonoraenequipo.com.mx\/invitan-a-participar-en-la-jornada-de-prevencion-de-diabetes-en-unison\/","title":{"rendered":"Invitan a participar en la jornada de prevenci\u00f3n de diabetes en Unison"},"content":{"rendered":"<p><strong>HERMOSILLO, SONORA. MX. \u2014<\/strong> A prop\u00f3sito del D\u00eda Mundial de la Diabetes, la Universidad de Sonora, a trav\u00e9s del Programa Institucional de Vida Saludable, realizar\u00e1 este jueves 14 de noviembre, una jornada de dos horas para el chequeo de niveles en trabajadores, estudiantes y p\u00fablico en general.<\/p>\n<p>&nbsp;<\/p>\n<p>&nbsp;<\/p>\n<p>&nbsp;<\/p>\n<p> <\/p>\n<p>Carolina Ang\u00e9lica Soto Coronado, coordinadora del programa, inform\u00f3 del evento, que tiene como objetivo coadyuvar en la concientizaci\u00f3n de la fecha, proclamada por la Organizaci\u00f3n Mundial de la Salud (OMS) desde 1991.<\/p>\n<p>&nbsp;<\/p>\n<p>&nbsp;<\/p>\n<p>&nbsp;<\/p>\n<p><strong><em>\u201cMa\u00f1ana 14 de noviembre se celebra el D\u00eda Mundial de la Diabetes, un d\u00eda en donde se concientiza sobre esta enfermedad que se estima, en M\u00e9xico, padece una de cada cinco personas, adem\u00e1s de que el 30 por ciento de las personas quiz\u00e1 no sabe que tiene este padecimiento, porque a\u00fan no est\u00e1 diagnosticada\u201d<\/em><\/strong>, expres\u00f3.<\/p>\n<p>&nbsp;<\/p>\n<p>&nbsp;<\/p>\n<h3>\nPruebas de glucosa<\/h3>\n<p>&nbsp;<\/p>\n<p>&nbsp;<\/p>\n<p>Soto Coronado dijo que, en esta jornada, que se llevar\u00e1 a cabo de las 9:00 a las 11:00 horas, en la Plaza del Estudiante, del campus Hermosillo, se realizar\u00e1n pruebas de niveles de glucosa con la medici\u00f3n en sangre de uno de los dedos.<\/p>\n<p>&nbsp;<\/p>\n<p>&nbsp;<\/p>\n<p>&nbsp;<\/p>\n<p>Especific\u00f3 que participar\u00e1n estudiantes de la Licenciatura en Enfermer\u00eda que prestan su Servicio Social en el Programa Institucional de Vida Saludable, por lo que reiter\u00f3 la invitaci\u00f3n a universitarios y p\u00fablico en general a tomarse esa muestra que les permitir\u00e1 conocer si padecen diabetes para que tomen las medidas pertinentes.<\/p>\n<p>&nbsp;<\/p>\n<p>&nbsp;<\/p>\n<p>&nbsp;<\/p>\n<p><strong><em>\u201cVamos a estar ubicados en la Plaza del Estudiante haciendo estas pruebas de la glicemia capilar, o sea, la glucosa, tomando muestra de uno de sus dedos, es importante saber y valorar si nuestro cuerpo est\u00e1 regulando correctamente los niveles de glucosa en la sangre\u201d<\/em><\/strong>, destac\u00f3.<\/p>\n<p>&nbsp;<\/p>\n<p>&nbsp;<\/p>\n<p>&nbsp;<\/p>\n<p>Reiter\u00f3 la importancia de hacer chequeos de rutina, porque en el caso de la diabetes, cuando no se trata, cuando no se maneja m\u00e9dicamente bien, pueden presentarse complicaciones en el funcionamiento de otros \u00f3rganos del cuerpo como son los ri\u00f1ones, o padecer neuropat\u00eda diab\u00e9tica, pie diab\u00e9tico y otros.<\/p>\n<p>&nbsp;<\/p>\n<p>&nbsp;<\/p>\n<p>&nbsp;<\/p>\n<p>Hizo hincapi\u00e9 en la necesidad de llevar un estilo de vida saludable, sobre todo, si se tiene historial cl\u00ednico de parientes enfermos o que hayan padecido diabetes. \u201cHay que hacer ejercicio, comer saludable, manejar de manera correcta el estr\u00e9s\u201d.<\/p>\n<p>&nbsp;<\/p>\n<p>&nbsp;<\/p>\n<p>&nbsp;<\/p>\n<p>PUBLICADO EL 13 DE NOVIEMBRE DE 2024 Con informaci\u00f3n de UNISON)<\/p>\n","protected":false},"excerpt":{"rendered":"<p>HERMOSILLO, SONORA. MX. \u2014 A prop\u00f3sito del D\u00eda Mundial de la Diabetes, la Universidad de&#8230;<\/p>\n","protected":false},"author":1,"featured_media":204069,"comment_status":"open","ping_status":"open","sticky":false,"template":"","format":"standard","meta":{"_monsterinsights_skip_tracking":false,"_monsterinsights_sitenote_active":false,"_monsterinsights_sitenote_note":"","_monsterinsights_sitenote_category":0,"footnotes":""},"categories":[22],"tags":[],"class_list":["post"],"yoast_head":" \n<title>Sonora en Equipo. Invitan a participar en la jornada de prevenci\u00f3n de diabetes en Unison Sonora<\/title>\n<meta name=\"description\" content=\"HERMOSILLO, SONORA. MX. \u2014 A prop\u00f3sito del D\u00eda Mundial de la Diabetes, la Universidad de Sonora, a trav\u00e9s del Programa Institucional de Vida Saludable, En Sonora en Equipo publicamos toda la informaci\u00f3n de Sonora, M\u00e9xico y el Mundo de manera oportuna y busca que la libertad de expresi\u00f3n sea real. Visita nuestro medio informativo publicado desde Hermosillo, Sonora. %\" \/>\n<meta name=\"robots\" content=\"index, follow, max-snippet:-1, max-image-preview:large, max-video-preview:-1\" \/>\n<link rel=\"canonical\" href=\"https:\/\/www.sonoraenequipo.com.mx\/invitan-a-participar-en-la-jornada-de-prevencion-de-diabetes-en-unison\/\" \/>\n<meta property=\"og:locale\" content=\"es_ES\" \/>\n<meta property=\"og:type\" content=\"article\" \/>\n<meta property=\"og:title\" content=\"Sonora en Equipo. Invitan a participar en la jornada de prevenci\u00f3n de diabetes en Unison Sonora\" \/>\n<meta property=\"og:description\" content=\"HERMOSILLO, SONORA. MX. \u2014 A prop\u00f3sito del D\u00eda Mundial de la Diabetes, la Universidad de Sonora, a trav\u00e9s del Programa Institucional de Vida Saludable, En Sonora en Equipo publicamos toda la informaci\u00f3n de Sonora, M\u00e9xico y el Mundo de manera oportuna y busca que la libertad de expresi\u00f3n sea real. Visita nuestro medio informativo publicado desde Hermosillo, Sonora. %\" \/>\n<meta property=\"og:url\" content=\"https:\/\/www.sonoraenequipo.com.mx\/invitan-a-participar-en-la-jornada-de-prevencion-de-diabetes-en-unison\/\" \/>\n<meta property=\"og:site_name\" content=\"Sonora en Equipo.\" \/>\n<meta property=\"article:publisher\" content=\"https:\/\/www.facebook.com\/SonoraEE\/\" \/>\n<meta property=\"article:author\" content=\"https:\/\/www.facebook.com\/SonoraEE\" \/>\n<meta property=\"article:published_time\" content=\"2024-11-14T03:15:32+00:00\" \/>\n<meta property=\"article:modified_time\" content=\"2024-11-14T18:18:44+00:00\" \/>\n<meta property=\"og:image\" content=\"https:\/\/www.sonoraenequipo.com.mx\/storage\/2024\/11\/Preparan-Jornada-de-la-Salud-contra-la-Diabetes-min.jpg\" \/>\n\t<meta property=\"og:image:width\" content=\"900\" \/>\n\t<meta property=\"og:image:height\" content=\"562\" \/>\n\t<meta property=\"og:image:type\" content=\"image\/jpeg\" \/>\n<meta name=\"author\" content=\"enequipo\" \/>\n<meta name=\"twitter:card\" content=\"summary_large_image\" \/>\n<meta name=\"twitter:creator\" content=\"@sonoraenequipo\" \/>\n<meta name=\"twitter:site\" content=\"@sonoraenequipo\" \/>\n<meta name=\"twitter:label1\" content=\"Escrito por\" \/>\n\t<meta name=\"twitter:data1\" content=\"enequipo\" \/>\n\t<meta name=\"twitter:label2\" content=\"Tiempo de lectura\" \/>\n\t<meta name=\"twitter:data2\" content=\"2 minutos\" \/>\n<script type=\"application\/ld+json\" class=\"yoast-schema-graph\">{\"@context\":\"https:\/\/schema.org\",\"@graph\":[{\"@type\":\"Article\",\"@id\":\"https:\/\/www.sonoraenequipo.com.mx\/invitan-a-participar-en-la-jornada-de-prevencion-de-diabetes-en-unison\/#article\",\"isPartOf\":{\"@id\":\"https:\/\/www.sonoraenequipo.com.mx\/invitan-a-participar-en-la-jornada-de-prevencion-de-diabetes-en-unison\/\"},\"author\":{\"name\":\"enequipo\",\"@id\":\"https:\/\/www.sonoraenequipo.com.mx\/#\/schema\/person\/50102df0fb23a8fa9e8effad8fa81386\"},\"headline\":\"Invitan a participar en la jornada de prevenci\u00f3n de diabetes en Unison\",\"datePublished\":\"2024-11-14T03:15:32+00:00\",\"dateModified\":\"2024-11-14T18:18:44+00:00\",\"mainEntityOfPage\":{\"@id\":\"https:\/\/www.sonoraenequipo.com.mx\/invitan-a-participar-en-la-jornada-de-prevencion-de-diabetes-en-unison\/\"},\"wordCount\":431,\"commentCount\":0,\"publisher\":{\"@id\":\"https:\/\/www.sonoraenequipo.com.mx\/#organization\"},\"image\":{\"@id\":\"https:\/\/www.sonoraenequipo.com.mx\/invitan-a-participar-en-la-jornada-de-prevencion-de-diabetes-en-unison\/#primaryimage\"},\"thumbnailUrl\":\"https:\/\/www.sonoraenequipo.com.mx\/storage\/2024\/11\/Preparan-Jornada-de-la-Salud-contra-la-Diabetes-min.jpg\",\"articleSection\":[\"Sonora\"],\"inLanguage\":\"es\",\"potentialAction\":[{\"@type\":\"CommentAction\",\"name\":\"Comment\",\"target\":[\"https:\/\/www.sonoraenequipo.com.mx\/invitan-a-participar-en-la-jornada-de-prevencion-de-diabetes-en-unison\/#respond\"]}]},{\"@type\":\"WebPage\",\"@id\":\"https:\/\/www.sonoraenequipo.com.mx\/invitan-a-participar-en-la-jornada-de-prevencion-de-diabetes-en-unison\/\",\"url\":\"https:\/\/www.sonoraenequipo.com.mx\/invitan-a-participar-en-la-jornada-de-prevencion-de-diabetes-en-unison\/\",\"name\":\"Sonora en Equipo. Invitan a participar en la jornada de prevenci\u00f3n de diabetes en Unison Sonora\",\"isPartOf\":{\"@id\":\"https:\/\/www.sonoraenequipo.com.mx\/#website\"},\"primaryImageOfPage\":{\"@id\":\"https:\/\/www.sonoraenequipo.com.mx\/invitan-a-participar-en-la-jornada-de-prevencion-de-diabetes-en-unison\/#primaryimage\"},\"image\":{\"@id\":\"https:\/\/www.sonoraenequipo.com.mx\/invitan-a-participar-en-la-jornada-de-prevencion-de-diabetes-en-unison\/#primaryimage\"},\"thumbnailUrl\":\"https:\/\/www.sonoraenequipo.com.mx\/storage\/2024\/11\/Preparan-Jornada-de-la-Salud-contra-la-Diabetes-min.jpg\",\"datePublished\":\"2024-11-14T03:15:32+00:00\",\"dateModified\":\"2024-11-14T18:18:44+00:00\",\"description\":\"HERMOSILLO, SONORA. MX. \u2014 A prop\u00f3sito del D\u00eda Mundial de la Diabetes, la Universidad de Sonora, a trav\u00e9s del Programa Institucional de Vida Saludable, En Sonora en Equipo publicamos toda la informaci\u00f3n de Sonora, M\u00e9xico y el Mundo de manera oportuna y busca que la libertad de expresi\u00f3n sea real. Visita nuestro medio informativo publicado desde Hermosillo, Sonora. %\",\"breadcrumb\":{\"@id\":\"https:\/\/www.sonoraenequipo.com.mx\/invitan-a-participar-en-la-jornada-de-prevencion-de-diabetes-en-unison\/#breadcrumb\"},\"inLanguage\":\"es\",\"potentialAction\":[{\"@type\":\"ReadAction\",\"target\":[\"https:\/\/www.sonoraenequipo.com.mx\/invitan-a-participar-en-la-jornada-de-prevencion-de-diabetes-en-unison\/\"]}]},{\"@type\":\"ImageObject\",\"inLanguage\":\"es\",\"@id\":\"https:\/\/www.sonoraenequipo.com.mx\/invitan-a-participar-en-la-jornada-de-prevencion-de-diabetes-en-unison\/#primaryimage\",\"url\":\"https:\/\/www.sonoraenequipo.com.mx\/storage\/2024\/11\/Preparan-Jornada-de-la-Salud-contra-la-Diabetes-min.jpg\",\"contentUrl\":\"https:\/\/www.sonoraenequipo.com.mx\/storage\/2024\/11\/Preparan-Jornada-de-la-Salud-contra-la-Diabetes-min.jpg\",\"width\":900,\"height\":562},{\"@type\":\"BreadcrumbList\",\"@id\":\"https:\/\/www.sonoraenequipo.com.mx\/invitan-a-participar-en-la-jornada-de-prevencion-de-diabetes-en-unison\/#breadcrumb\",\"itemListElement\":[{\"@type\":\"ListItem\",\"position\":1,\"name\":\"Portada\",\"item\":\"https:\/\/www.sonoraenequipo.com.mx\/\"},{\"@type\":\"ListItem\",\"position\":2,\"name\":\"Invitan a participar en la jornada de prevenci\u00f3n de diabetes en Unison\"}]},{\"@type\":\"WebSite\",\"@id\":\"https:\/\/www.sonoraenequipo.com.mx\/#website\",\"url\":\"https:\/\/www.sonoraenequipo.com.mx\/\",\"name\":\"Sonora en Equipo.\",\"description\":\"Diario en l\u00ednea con Noticias desde Hermosillo, Sonora\",\"publisher\":{\"@id\":\"https:\/\/www.sonoraenequipo.com.mx\/#organization\"},\"potentialAction\":[{\"@type\":\"SearchAction\",\"target\":{\"@type\":\"EntryPoint\",\"urlTemplate\":\"https:\/\/www.sonoraenequipo.com.mx\/?s={search_term_string}\"},\"query-input\":{\"@type\":\"PropertyValueSpecification\",\"valueRequired\":true,\"valueName\":\"search_term_string\"}}],\"inLanguage\":\"es\"},{\"@type\":\"Organization\",\"@id\":\"https:\/\/www.sonoraenequipo.com.mx\/#organization\",\"name\":\"Sonoraenequipo.com.mx\",\"url\":\"https:\/\/www.sonoraenequipo.com.mx\/\",\"logo\":{\"@type\":\"ImageObject\",\"inLanguage\":\"es\",\"@id\":\"https:\/\/www.sonoraenequipo.com.mx\/#\/schema\/logo\/image\/\",\"url\":\"https:\/\/www.sonoraenequipo.com.mx\/storage\/2019\/01\/sonoraenequipo_opt.png\",\"contentUrl\":\"https:\/\/www.sonoraenequipo.com.mx\/storage\/2019\/01\/sonoraenequipo_opt.png\",\"width\":375,\"height\":125,\"caption\":\"Sonoraenequipo.com.mx\"},\"image\":{\"@id\":\"https:\/\/www.sonoraenequipo.com.mx\/#\/schema\/logo\/image\/\"},\"sameAs\":[\"https:\/\/www.facebook.com\/SonoraEE\/\",\"https:\/\/x.com\/sonoraenequipo\",\"https:\/\/www.youtube.com\/channel\/UC338nW-lPEYmJQs4ZABQ1SQ\"]},{\"@type\":\"Person\",\"@id\":\"https:\/\/www.sonoraenequipo.com.mx\/#\/schema\/person\/50102df0fb23a8fa9e8effad8fa81386\",\"name\":\"enequipo\",\"image\":{\"@type\":\"ImageObject\",\"inLanguage\":\"es\",\"@id\":\"https:\/\/www.sonoraenequipo.com.mx\/#\/schema\/person\/image\/\",\"url\":\"https:\/\/secure.gravatar.com\/avatar\/049821681b589dabc0bc20695993ccebb09f5b5d4d790cd9251b97faac7c652b?s=96&d=blank&r=g\",\"contentUrl\":\"https:\/\/secure.gravatar.com\/avatar\/049821681b589dabc0bc20695993ccebb09f5b5d4d790cd9251b97faac7c652b?s=96&d=blank&r=g\",\"caption\":\"enequipo\"},\"sameAs\":[\"https:\/\/www.facebook.com\/SonoraEE\"]}]}<\/script>\n ","yoast_head_json":{"title":"Sonora en Equipo. Invitan a participar en la jornada de prevenci\u00f3n de diabetes en Unison Sonora","description":"HERMOSILLO, SONORA. MX. \u2014 A prop\u00f3sito del D\u00eda Mundial de la Diabetes, la Universidad de Sonora, a trav\u00e9s del Programa Institucional de Vida Saludable, En Sonora en Equipo publicamos toda la informaci\u00f3n de Sonora, M\u00e9xico y el Mundo de manera oportuna y busca que la libertad de expresi\u00f3n sea real. Visita nuestro medio informativo publicado desde Hermosillo, Sonora. %","robots":{"index":"index","follow":"follow","max-snippet":"max-snippet:-1","max-image-preview":"max-image-preview:large","max-video-preview":"max-video-preview:-1"},"canonical":"https:\/\/www.sonoraenequipo.com.mx\/invitan-a-participar-en-la-jornada-de-prevencion-de-diabetes-en-unison\/","og_locale":"es_ES","og_type":"article","og_title":"Sonora en Equipo. Invitan a participar en la jornada de prevenci\u00f3n de diabetes en Unison Sonora","og_description":"HERMOSILLO, SONORA. MX. \u2014 A prop\u00f3sito del D\u00eda Mundial de la Diabetes, la Universidad de Sonora, a trav\u00e9s del Programa Institucional de Vida Saludable, En Sonora en Equipo publicamos toda la informaci\u00f3n de Sonora, M\u00e9xico y el Mundo de manera oportuna y busca que la libertad de expresi\u00f3n sea real. Visita nuestro medio informativo publicado desde Hermosillo, Sonora. %","og_url":"https:\/\/www.sonoraenequipo.com.mx\/invitan-a-participar-en-la-jornada-de-prevencion-de-diabetes-en-unison\/","og_site_name":"Sonora en Equipo.","article_publisher":"https:\/\/www.facebook.com\/SonoraEE\/","article_author":"https:\/\/www.facebook.com\/SonoraEE","article_published_time":"2024-11-14T03:15:32+00:00","article_modified_time":"2024-11-14T18:18:44+00:00","og_image":[{"width":900,"height":562,"url":"https:\/\/www.sonoraenequipo.com.mx\/storage\/2024\/11\/Preparan-Jornada-de-la-Salud-contra-la-Diabetes-min.jpg","type":"image\/jpeg"}],"author":"enequipo","twitter_card":"summary_large_image","twitter_creator":"@sonoraenequipo","twitter_site":"@sonoraenequipo","twitter_misc":{"Escrito por":"enequipo","Tiempo de lectura":"2 minutos"},"schema":{"@context":"https:\/\/schema.org","@graph":[{"@type":"Article","@id":"https:\/\/www.sonoraenequipo.com.mx\/invitan-a-participar-en-la-jornada-de-prevencion-de-diabetes-en-unison\/#article","isPartOf":{"@id":"https:\/\/www.sonoraenequipo.com.mx\/invitan-a-participar-en-la-jornada-de-prevencion-de-diabetes-en-unison\/"},"author":{"name":"enequipo","@id":"https:\/\/www.sonoraenequipo.com.mx\/#\/schema\/person\/50102df0fb23a8fa9e8effad8fa81386"},"headline":"Invitan a participar en la jornada de prevenci\u00f3n de diabetes en Unison","datePublished":"2024-11-14T03:15:32+00:00","dateModified":"2024-11-14T18:18:44+00:00","mainEntityOfPage":{"@id":"https:\/\/www.sonoraenequipo.com.mx\/invitan-a-participar-en-la-jornada-de-prevencion-de-diabetes-en-unison\/"},"wordCount":431,"commentCount":0,"publisher":{"@id":"https:\/\/www.sonoraenequipo.com.mx\/#organization"},"image":{"@id":"https:\/\/www.sonoraenequipo.com.mx\/invitan-a-participar-en-la-jornada-de-prevencion-de-diabetes-en-unison\/#primaryimage"},"thumbnailUrl":"https:\/\/www.sonoraenequipo.com.mx\/storage\/2024\/11\/Preparan-Jornada-de-la-Salud-contra-la-Diabetes-min.jpg","articleSection":["Sonora"],"inLanguage":"es","potentialAction":[{"@type":"CommentAction","name":"Comment","target":["https:\/\/www.sonoraenequipo.com.mx\/invitan-a-participar-en-la-jornada-de-prevencion-de-diabetes-en-unison\/#respond"]}]},{"@type":"WebPage","@id":"https:\/\/www.sonoraenequipo.com.mx\/invitan-a-participar-en-la-jornada-de-prevencion-de-diabetes-en-unison\/","url":"https:\/\/www.sonoraenequipo.com.mx\/invitan-a-participar-en-la-jornada-de-prevencion-de-diabetes-en-unison\/","name":"Sonora en Equipo. Invitan a participar en la jornada de prevenci\u00f3n de diabetes en Unison Sonora","isPartOf":{"@id":"https:\/\/www.sonoraenequipo.com.mx\/#website"},"primaryImageOfPage":{"@id":"https:\/\/www.sonoraenequipo.com.mx\/invitan-a-participar-en-la-jornada-de-prevencion-de-diabetes-en-unison\/#primaryimage"},"image":{"@id":"https:\/\/www.sonoraenequipo.com.mx\/invitan-a-participar-en-la-jornada-de-prevencion-de-diabetes-en-unison\/#primaryimage"},"thumbnailUrl":"https:\/\/www.sonoraenequipo.com.mx\/storage\/2024\/11\/Preparan-Jornada-de-la-Salud-contra-la-Diabetes-min.jpg","datePublished":"2024-11-14T03:15:32+00:00","dateModified":"2024-11-14T18:18:44+00:00","description":"HERMOSILLO, SONORA. MX. \u2014 A prop\u00f3sito del D\u00eda Mundial de la Diabetes, la Universidad de Sonora, a trav\u00e9s del Programa Institucional de Vida Saludable, En Sonora en Equipo publicamos toda la informaci\u00f3n de Sonora, M\u00e9xico y el Mundo de manera oportuna y busca que la libertad de expresi\u00f3n sea real. Visita nuestro medio informativo publicado desde Hermosillo, Sonora. %","breadcrumb":{"@id":"https:\/\/www.sonoraenequipo.com.mx\/invitan-a-participar-en-la-jornada-de-prevencion-de-diabetes-en-unison\/#breadcrumb"},"inLanguage":"es","potentialAction":[{"@type":"ReadAction","target":["https:\/\/www.sonoraenequipo.com.mx\/invitan-a-participar-en-la-jornada-de-prevencion-de-diabetes-en-unison\/"]}]},{"@type":"ImageObject","inLanguage":"es","@id":"https:\/\/www.sonoraenequipo.com.mx\/invitan-a-participar-en-la-jornada-de-prevencion-de-diabetes-en-unison\/#primaryimage","url":"https:\/\/www.sonoraenequipo.com.mx\/storage\/2024\/11\/Preparan-Jornada-de-la-Salud-contra-la-Diabetes-min.jpg","contentUrl":"https:\/\/www.sonoraenequipo.com.mx\/storage\/2024\/11\/Preparan-Jornada-de-la-Salud-contra-la-Diabetes-min.jpg","width":900,"height":562},{"@type":"BreadcrumbList","@id":"https:\/\/www.sonoraenequipo.com.mx\/invitan-a-participar-en-la-jornada-de-prevencion-de-diabetes-en-unison\/#breadcrumb","itemListElement":[{"@type":"ListItem","position":1,"name":"Portada","item":"https:\/\/www.sonoraenequipo.com.mx\/"},{"@type":"ListItem","position":2,"name":"Invitan a participar en la jornada de prevenci\u00f3n de diabetes en Unison"}]},{"@type":"WebSite","@id":"https:\/\/www.sonoraenequipo.com.mx\/#website","url":"https:\/\/www.sonoraenequipo.com.mx\/","name":"Sonora en Equipo.","description":"Diario en l\u00ednea con Noticias desde Hermosillo, Sonora","publisher":{"@id":"https:\/\/www.sonoraenequipo.com.mx\/#organization"},"potentialAction":[{"@type":"SearchAction","target":{"@type":"EntryPoint","urlTemplate":"https:\/\/www.sonoraenequipo.com.mx\/?s={search_term_string}"},"query-input":{"@type":"PropertyValueSpecification","valueRequired":true,"valueName":"search_term_string"}}],"inLanguage":"es"},{"@type":"Organization","@id":"https:\/\/www.sonoraenequipo.com.mx\/#organization","name":"Sonoraenequipo.com.mx","url":"https:\/\/www.sonoraenequipo.com.mx\/","logo":{"@type":"ImageObject","inLanguage":"es","@id":"https:\/\/www.sonoraenequipo.com.mx\/#\/schema\/logo\/image\/","url":"https:\/\/www.sonoraenequipo.com.mx\/storage\/2019\/01\/sonoraenequipo_opt.png","contentUrl":"https:\/\/www.sonoraenequipo.com.mx\/storage\/2019\/01\/sonoraenequipo_opt.png","width":375,"height":125,"caption":"Sonoraenequipo.com.mx"},"image":{"@id":"https:\/\/www.sonoraenequipo.com.mx\/#\/schema\/logo\/image\/"},"sameAs":["https:\/\/www.facebook.com\/SonoraEE\/","https:\/\/x.com\/sonoraenequipo","https:\/\/www.youtube.com\/channel\/UC338nW-lPEYmJQs4ZABQ1SQ"]},{"@type":"Person","@id":"https:\/\/www.sonoraenequipo.com.mx\/#\/schema\/person\/50102df0fb23a8fa9e8effad8fa81386","name":"enequipo","image":{"@type":"ImageObject","inLanguage":"es","@id":"https:\/\/www.sonoraenequipo.com.mx\/#\/schema\/person\/image\/","url":"https:\/\/secure.gravatar.com\/avatar\/049821681b589dabc0bc20695993ccebb09f5b5d4d790cd9251b97faac7c652b?s=96&d=blank&r=g","contentUrl":"https:\/\/secure.gravatar.com\/avatar\/049821681b589dabc0bc20695993ccebb09f5b5d4d790cd9251b97faac7c652b?s=96&d=blank&r=g","caption":"enequipo"},"sameAs":["https:\/\/www.facebook.com\/SonoraEE"]}]}},"jetpack_featured_media_url":"https:\/\/www.sonoraenequipo.com.mx\/storage\/2024\/11\/Preparan-Jornada-de-la-Salud-contra-la-Diabetes-min.jpg","_links":{"self":[{"href":"https:\/\/www.sonoraenequipo.com.mx\/api\/wp\/v2\/posts\/204068","targetHints":{"allow":["GET"]}}],"collection":[{"href":"https:\/\/www.sonoraenequipo.com.mx\/api\/wp\/v2\/posts"}],"about":[{"href":"https:\/\/www.sonoraenequipo.com.mx\/api\/wp\/v2\/types\/post"}],"author":[{"embeddable":true,"href":"https:\/\/www.sonoraenequipo.com.mx\/api\/wp\/v2\/users\/1"}],"replies":[{"embeddable":true,"href":"https:\/\/www.sonoraenequipo.com.mx\/api\/wp\/v2\/comments?post=204068"}],"version-history":[{"count":1,"href":"https:\/\/www.sonoraenequipo.com.mx\/api\/wp\/v2\/posts\/204068\/revisions"}],"predecessor-version":[{"id":204070,"href":"https:\/\/www.sonoraenequipo.com.mx\/api\/wp\/v2\/posts\/204068\/revisions\/204070"}],"wp:featuredmedia":[{"embeddable":true,"href":"https:\/\/www.sonoraenequipo.com.mx\/api\/wp\/v2\/media\/204069"}],"wp:attachment":[{"href":"https:\/\/www.sonoraenequipo.com.mx\/api\/wp\/v2\/media?parent=204068"}],"wp:term":[{"taxonomy":"category","embeddable":true,"href":"https:\/\/www.sonoraenequipo.com.mx\/api\/wp\/v2\/categories?post=204068"},{"taxonomy":"post_tag","embeddable":true,"href":"https:\/\/www.sonoraenequipo.com.mx\/api\/wp\/v2\/tags?post=204068"}],"curies":[{"name":"wp","href":"https:\/\/api.w.org\/{rel}","templated":true}]}}