{"id":204071,"date":"2024-11-13T21:20:57","date_gmt":"2024-11-14T04:20:57","guid":{"rendered":"https:\/\/www.sonoraenequipo.com.mx\/?p=204071"},"modified":"2024-11-14T12:00:53","modified_gmt":"2024-11-14T19:00:53","slug":"rinden-homenaje-a-guillermo-salas-piza-en-xlv-semana-cultural-de-geologia","status":"publish","type":"post","link":"https:\/\/www.sonoraenequipo.com.mx\/rinden-homenaje-a-guillermo-salas-piza-en-xlv-semana-cultural-de-geologia\/","title":{"rendered":"Rinden homenaje a Guillermo Salas Piz\u00e1 en XLV Semana Cultural de Geolog\u00eda"},"content":{"rendered":"<p>Este 13 de noviembre inici\u00f3 la XLV Semana Cultural de Geolog\u00eda, brindando un homenaje a la trayectoria de Guillermo Armando Salas Piz\u00e1, fundador de la Licenciatura en Geolog\u00eda y del Departamento, que cumplen 50 y 40 a\u00f1os, respectivamente.<\/p>\n<p> <\/p>\n<p>Los recuerdos, las vivencias, las aportaciones cient\u00edficas, acad\u00e9micas, administrativas y personales del doctor Salas Piz\u00e1 afloraron en la voz de cada uno de los oradores en la ceremonia de apertura de actividades y todos coincidieron en que no se puede hablar de esta \u00e1rea del conocimiento en la Universidad de Sonora, sin mencionar, primero, al recordado docente nacido en el Distrito Federal y formado profesionalmente en prestigiosas universidades de Estados Unidos.<\/p>\n<p>Fue el maestro Jos\u00e9 Ismael Minj\u00e1rez Sosa, jefe del Departamento, quien hizo las remembranzas de los 50 a\u00f1os de la carrera y los 40 del Departamento que iniciaron con la ilusi\u00f3n, la paciencia y la capacidad de sacrificio personal para sostener el proyecto de formar profesionistas en Geolog\u00eda en la regi\u00f3n.<\/p>\n<p><strong><em>\u201cTenemos el honor de homenajear al doctor Guillermo Salas Piz\u00e1, una trayectoria que fue trascendente, pues fue quien, con sus relaciones, puso a la Universidad de Sonora en el mapa mundial de las Ciencias de la Tierra al gestionar la estancia y trabajo en Sonora de autoridades mundiales de la geolog\u00eda\u201d<\/em><\/strong>, expres\u00f3.<\/p>\n<p>Destac\u00f3 su trabajo inicial en la conformaci\u00f3n de la carrera y de su trabajo profesional fuera de la m\u00e1xima casa de estudios, donde logr\u00f3 guiar tambi\u00e9n el destino de la materia desde el gobierno del estado siendo director de Miner\u00eda, y luego, presidente de la Asociaci\u00f3n Nacional de Ge\u00f3logos e Ingenieros Metalurgistas de M\u00e9xico, entre otros.<\/p>\n<h3>Amplio legado: Espejel Blanco<\/h3>\n<p>La inauguraci\u00f3n protocolaria estuvo a cargo del director Administrativo del Campus Hermosillo, Joel Enrique Espejel Blanco, quien, adem\u00e1s de hablar de <strong><em>\u2018Un viaje al centro de la Tierra\u2019<\/em><\/strong> y \u2018<strong><em>Un Mundo Feliz\u2019 <\/em><\/strong>para recrear en parte las funciones de un ge\u00f3logo, el funcionario universitario destac\u00f3 que del doctor Salas Piz\u00e1 no solo se tiene un legado en la docencia, investigaci\u00f3n e innovaci\u00f3n, sino tambi\u00e9n de generosidad.<\/p>\n<p>Resalt\u00f3 la importancia de la generosidad porque sin \u00e9sta no se logran hacer las cosas y, cuando se est\u00e1 en la trinchera de la academia todo su legado se tiene que transmitir de generaci\u00f3n en generaci\u00f3n, quienes deben tomar conciencia de las ense\u00f1anzas, aprendizajes y todo el material intelectual.<\/p>\n<h3>Licenciatura en Geolog\u00eda, un referente nacional: Taylor Padilla<\/h3>\n<p>El arquitecto Leonardo Taylor Padilla, director de Miner\u00eda del Gobierno del Estado, fue invitado especial a la ceremonia de apertura de la Semana Cultural de Geolog\u00eda 2024 y destac\u00f3 la importancia de la miner\u00eda en el estado para la regi\u00f3n y para el pa\u00eds, tanto o m\u00e1s que las propias actividades de agricultura y ganader\u00eda que son las que distinguen a Sonora y es una actividad de la cual viven al menos 24 de los 72 municipios del estado.<\/p>\n<p>Dijo que el legado del doctor Salas Piz\u00e1 se ve reflejado en todos y cada uno de los ge\u00f3logos que est\u00e1n por todo el pa\u00eds demostrando con profesionalismo ese legado que dej\u00f3 este gran acad\u00e9mico al que claramente puede aplicarse el lema de la Universidad de Sonora <strong><em>\u2018El saber de mis hijos har\u00e1 mi grandeza\u2019.<\/em><\/strong><\/p>\n<h3>Tres d\u00edas de eventos acad\u00e9micos, culturales y sociales<\/h3>\n<p><img loading=\"lazy\" decoding=\"async\" class=\"  x-left\" src=\"https:\/\/www.sonoraenequipo.com.mx\/storage\/2024\/11\/XLV-Semana-Cultural-de-Geologia-2-min-721x480.jpg\" alt=\"\" width=\"538\" height=\"358\" \/>Por su parte, la presidenta del comit\u00e9 organizador, Adriana Islas L\u00f3pez, fue la encargada de dar la bienvenida y de dar a conocer cada una de las actividades a desarrollarse del 13 al 15 de noviembre de 2024 y que se puede consultar en todas las redes sociales como Semana Cultural de Geolog\u00eda 2024.<\/p>\n<p>A la ceremonia acudieron todos los alumnos de las carreras adscritas al Departamento de Geolog\u00eda, incluyendo los posgrados, y distinguidas personalidades del medio, as\u00ed como familiares del doctor Salas Piz\u00e1<\/p>\n<p>PUBLICADO EL 13 DE NOVIEMBRE DE 2024 Con informaci\u00f3n de UNIVERSIDAD DE SONORA)<\/p>\n","protected":false},"excerpt":{"rendered":"<p>Este 13 de noviembre inici\u00f3 la XLV Semana Cultural de Geolog\u00eda, brindando un homenaje a&#8230;<\/p>\n","protected":false},"author":1,"featured_media":204075,"comment_status":"open","ping_status":"open","sticky":false,"template":"","format":"standard","meta":{"_monsterinsights_skip_tracking":false,"_monsterinsights_sitenote_active":false,"_monsterinsights_sitenote_note":"","_monsterinsights_sitenote_category":0,"footnotes":""},"categories":[22],"tags":[],"class_list":["post"],"yoast_head":" \n<title>Sonora en Equipo. Rinden homenaje a Guillermo Salas Piz\u00e1 en XLV Semana Cultural de Geolog\u00eda Sonora<\/title>\n<meta name=\"description\" content=\"Este 13 de noviembre inici\u00f3 la XLV Semana Cultural de Geolog\u00eda, brindando un homenaje a la trayectoria de Guillermo Armando Salas Piz\u00e1, fundador de la En Sonora en Equipo publicamos toda la informaci\u00f3n de Sonora, M\u00e9xico y el Mundo de manera oportuna y busca que la libertad de expresi\u00f3n sea real. Visita nuestro medio informativo publicado desde Hermosillo, Sonora. %\" \/>\n<meta name=\"robots\" content=\"index, follow, max-snippet:-1, max-image-preview:large, max-video-preview:-1\" \/>\n<link rel=\"canonical\" href=\"https:\/\/www.sonoraenequipo.com.mx\/rinden-homenaje-a-guillermo-salas-piza-en-xlv-semana-cultural-de-geologia\/\" \/>\n<meta property=\"og:locale\" content=\"es_ES\" \/>\n<meta property=\"og:type\" content=\"article\" \/>\n<meta property=\"og:title\" content=\"Sonora en Equipo. Rinden homenaje a Guillermo Salas Piz\u00e1 en XLV Semana Cultural de Geolog\u00eda Sonora\" \/>\n<meta property=\"og:description\" content=\"Este 13 de noviembre inici\u00f3 la XLV Semana Cultural de Geolog\u00eda, brindando un homenaje a la trayectoria de Guillermo Armando Salas Piz\u00e1, fundador de la En Sonora en Equipo publicamos toda la informaci\u00f3n de Sonora, M\u00e9xico y el Mundo de manera oportuna y busca que la libertad de expresi\u00f3n sea real. Visita nuestro medio informativo publicado desde Hermosillo, Sonora. %\" \/>\n<meta property=\"og:url\" content=\"https:\/\/www.sonoraenequipo.com.mx\/rinden-homenaje-a-guillermo-salas-piza-en-xlv-semana-cultural-de-geologia\/\" \/>\n<meta property=\"og:site_name\" content=\"Sonora en Equipo.\" \/>\n<meta property=\"article:publisher\" content=\"https:\/\/www.facebook.com\/SonoraEE\/\" \/>\n<meta property=\"article:author\" content=\"https:\/\/www.facebook.com\/SonoraEE\" \/>\n<meta property=\"article:published_time\" content=\"2024-11-14T04:20:57+00:00\" \/>\n<meta property=\"article:modified_time\" content=\"2024-11-14T19:00:53+00:00\" \/>\n<meta property=\"og:image\" content=\"https:\/\/www.sonoraenequipo.com.mx\/storage\/2024\/11\/XLV-Semana-Cultural-de-Geologia-1-min.jpg\" \/>\n\t<meta property=\"og:image:width\" content=\"900\" \/>\n\t<meta property=\"og:image:height\" content=\"593\" \/>\n\t<meta property=\"og:image:type\" content=\"image\/jpeg\" \/>\n<meta name=\"author\" content=\"enequipo\" \/>\n<meta name=\"twitter:card\" content=\"summary_large_image\" \/>\n<meta name=\"twitter:creator\" content=\"@sonoraenequipo\" \/>\n<meta name=\"twitter:site\" content=\"@sonoraenequipo\" \/>\n<meta name=\"twitter:label1\" content=\"Escrito por\" \/>\n\t<meta name=\"twitter:data1\" content=\"enequipo\" \/>\n\t<meta name=\"twitter:label2\" content=\"Tiempo de lectura\" \/>\n\t<meta name=\"twitter:data2\" content=\"3 minutos\" \/>\n<script type=\"application\/ld+json\" class=\"yoast-schema-graph\">{\"@context\":\"https:\/\/schema.org\",\"@graph\":[{\"@type\":\"Article\",\"@id\":\"https:\/\/www.sonoraenequipo.com.mx\/rinden-homenaje-a-guillermo-salas-piza-en-xlv-semana-cultural-de-geologia\/#article\",\"isPartOf\":{\"@id\":\"https:\/\/www.sonoraenequipo.com.mx\/rinden-homenaje-a-guillermo-salas-piza-en-xlv-semana-cultural-de-geologia\/\"},\"author\":{\"name\":\"enequipo\",\"@id\":\"https:\/\/www.sonoraenequipo.com.mx\/#\/schema\/person\/50102df0fb23a8fa9e8effad8fa81386\"},\"headline\":\"Rinden homenaje a Guillermo Salas Piz\u00e1 en XLV Semana Cultural de Geolog\u00eda\",\"datePublished\":\"2024-11-14T04:20:57+00:00\",\"dateModified\":\"2024-11-14T19:00:53+00:00\",\"mainEntityOfPage\":{\"@id\":\"https:\/\/www.sonoraenequipo.com.mx\/rinden-homenaje-a-guillermo-salas-piza-en-xlv-semana-cultural-de-geologia\/\"},\"wordCount\":678,\"commentCount\":0,\"publisher\":{\"@id\":\"https:\/\/www.sonoraenequipo.com.mx\/#organization\"},\"image\":{\"@id\":\"https:\/\/www.sonoraenequipo.com.mx\/rinden-homenaje-a-guillermo-salas-piza-en-xlv-semana-cultural-de-geologia\/#primaryimage\"},\"thumbnailUrl\":\"https:\/\/www.sonoraenequipo.com.mx\/storage\/2024\/11\/XLV-Semana-Cultural-de-Geologia-1-min.jpg\",\"articleSection\":[\"Sonora\"],\"inLanguage\":\"es\",\"potentialAction\":[{\"@type\":\"CommentAction\",\"name\":\"Comment\",\"target\":[\"https:\/\/www.sonoraenequipo.com.mx\/rinden-homenaje-a-guillermo-salas-piza-en-xlv-semana-cultural-de-geologia\/#respond\"]}]},{\"@type\":\"WebPage\",\"@id\":\"https:\/\/www.sonoraenequipo.com.mx\/rinden-homenaje-a-guillermo-salas-piza-en-xlv-semana-cultural-de-geologia\/\",\"url\":\"https:\/\/www.sonoraenequipo.com.mx\/rinden-homenaje-a-guillermo-salas-piza-en-xlv-semana-cultural-de-geologia\/\",\"name\":\"Sonora en Equipo. Rinden homenaje a Guillermo Salas Piz\u00e1 en XLV Semana Cultural de Geolog\u00eda Sonora\",\"isPartOf\":{\"@id\":\"https:\/\/www.sonoraenequipo.com.mx\/#website\"},\"primaryImageOfPage\":{\"@id\":\"https:\/\/www.sonoraenequipo.com.mx\/rinden-homenaje-a-guillermo-salas-piza-en-xlv-semana-cultural-de-geologia\/#primaryimage\"},\"image\":{\"@id\":\"https:\/\/www.sonoraenequipo.com.mx\/rinden-homenaje-a-guillermo-salas-piza-en-xlv-semana-cultural-de-geologia\/#primaryimage\"},\"thumbnailUrl\":\"https:\/\/www.sonoraenequipo.com.mx\/storage\/2024\/11\/XLV-Semana-Cultural-de-Geologia-1-min.jpg\",\"datePublished\":\"2024-11-14T04:20:57+00:00\",\"dateModified\":\"2024-11-14T19:00:53+00:00\",\"description\":\"Este 13 de noviembre inici\u00f3 la XLV Semana Cultural de Geolog\u00eda, brindando un homenaje a la trayectoria de Guillermo Armando Salas Piz\u00e1, fundador de la En Sonora en Equipo publicamos toda la informaci\u00f3n de Sonora, M\u00e9xico y el Mundo de manera oportuna y busca que la libertad de expresi\u00f3n sea real. Visita nuestro medio informativo publicado desde Hermosillo, Sonora. %\",\"breadcrumb\":{\"@id\":\"https:\/\/www.sonoraenequipo.com.mx\/rinden-homenaje-a-guillermo-salas-piza-en-xlv-semana-cultural-de-geologia\/#breadcrumb\"},\"inLanguage\":\"es\",\"potentialAction\":[{\"@type\":\"ReadAction\",\"target\":[\"https:\/\/www.sonoraenequipo.com.mx\/rinden-homenaje-a-guillermo-salas-piza-en-xlv-semana-cultural-de-geologia\/\"]}]},{\"@type\":\"ImageObject\",\"inLanguage\":\"es\",\"@id\":\"https:\/\/www.sonoraenequipo.com.mx\/rinden-homenaje-a-guillermo-salas-piza-en-xlv-semana-cultural-de-geologia\/#primaryimage\",\"url\":\"https:\/\/www.sonoraenequipo.com.mx\/storage\/2024\/11\/XLV-Semana-Cultural-de-Geologia-1-min.jpg\",\"contentUrl\":\"https:\/\/www.sonoraenequipo.com.mx\/storage\/2024\/11\/XLV-Semana-Cultural-de-Geologia-1-min.jpg\",\"width\":900,\"height\":593},{\"@type\":\"BreadcrumbList\",\"@id\":\"https:\/\/www.sonoraenequipo.com.mx\/rinden-homenaje-a-guillermo-salas-piza-en-xlv-semana-cultural-de-geologia\/#breadcrumb\",\"itemListElement\":[{\"@type\":\"ListItem\",\"position\":1,\"name\":\"Portada\",\"item\":\"https:\/\/www.sonoraenequipo.com.mx\/\"},{\"@type\":\"ListItem\",\"position\":2,\"name\":\"Rinden homenaje a Guillermo Salas Piz\u00e1 en XLV Semana Cultural de Geolog\u00eda\"}]},{\"@type\":\"WebSite\",\"@id\":\"https:\/\/www.sonoraenequipo.com.mx\/#website\",\"url\":\"https:\/\/www.sonoraenequipo.com.mx\/\",\"name\":\"Sonora en Equipo.\",\"description\":\"Diario en l\u00ednea con Noticias desde Hermosillo, Sonora\",\"publisher\":{\"@id\":\"https:\/\/www.sonoraenequipo.com.mx\/#organization\"},\"potentialAction\":[{\"@type\":\"SearchAction\",\"target\":{\"@type\":\"EntryPoint\",\"urlTemplate\":\"https:\/\/www.sonoraenequipo.com.mx\/?s={search_term_string}\"},\"query-input\":{\"@type\":\"PropertyValueSpecification\",\"valueRequired\":true,\"valueName\":\"search_term_string\"}}],\"inLanguage\":\"es\"},{\"@type\":\"Organization\",\"@id\":\"https:\/\/www.sonoraenequipo.com.mx\/#organization\",\"name\":\"Sonoraenequipo.com.mx\",\"url\":\"https:\/\/www.sonoraenequipo.com.mx\/\",\"logo\":{\"@type\":\"ImageObject\",\"inLanguage\":\"es\",\"@id\":\"https:\/\/www.sonoraenequipo.com.mx\/#\/schema\/logo\/image\/\",\"url\":\"https:\/\/www.sonoraenequipo.com.mx\/storage\/2019\/01\/sonoraenequipo_opt.png\",\"contentUrl\":\"https:\/\/www.sonoraenequipo.com.mx\/storage\/2019\/01\/sonoraenequipo_opt.png\",\"width\":375,\"height\":125,\"caption\":\"Sonoraenequipo.com.mx\"},\"image\":{\"@id\":\"https:\/\/www.sonoraenequipo.com.mx\/#\/schema\/logo\/image\/\"},\"sameAs\":[\"https:\/\/www.facebook.com\/SonoraEE\/\",\"https:\/\/x.com\/sonoraenequipo\",\"https:\/\/www.youtube.com\/channel\/UC338nW-lPEYmJQs4ZABQ1SQ\"]},{\"@type\":\"Person\",\"@id\":\"https:\/\/www.sonoraenequipo.com.mx\/#\/schema\/person\/50102df0fb23a8fa9e8effad8fa81386\",\"name\":\"enequipo\",\"image\":{\"@type\":\"ImageObject\",\"inLanguage\":\"es\",\"@id\":\"https:\/\/www.sonoraenequipo.com.mx\/#\/schema\/person\/image\/\",\"url\":\"https:\/\/secure.gravatar.com\/avatar\/049821681b589dabc0bc20695993ccebb09f5b5d4d790cd9251b97faac7c652b?s=96&d=blank&r=g\",\"contentUrl\":\"https:\/\/secure.gravatar.com\/avatar\/049821681b589dabc0bc20695993ccebb09f5b5d4d790cd9251b97faac7c652b?s=96&d=blank&r=g\",\"caption\":\"enequipo\"},\"sameAs\":[\"https:\/\/www.facebook.com\/SonoraEE\"]}]}<\/script>\n ","yoast_head_json":{"title":"Sonora en Equipo. Rinden homenaje a Guillermo Salas Piz\u00e1 en XLV Semana Cultural de Geolog\u00eda Sonora","description":"Este 13 de noviembre inici\u00f3 la XLV Semana Cultural de Geolog\u00eda, brindando un homenaje a la trayectoria de Guillermo Armando Salas Piz\u00e1, fundador de la En Sonora en Equipo publicamos toda la informaci\u00f3n de Sonora, M\u00e9xico y el Mundo de manera oportuna y busca que la libertad de expresi\u00f3n sea real. Visita nuestro medio informativo publicado desde Hermosillo, Sonora. %","robots":{"index":"index","follow":"follow","max-snippet":"max-snippet:-1","max-image-preview":"max-image-preview:large","max-video-preview":"max-video-preview:-1"},"canonical":"https:\/\/www.sonoraenequipo.com.mx\/rinden-homenaje-a-guillermo-salas-piza-en-xlv-semana-cultural-de-geologia\/","og_locale":"es_ES","og_type":"article","og_title":"Sonora en Equipo. Rinden homenaje a Guillermo Salas Piz\u00e1 en XLV Semana Cultural de Geolog\u00eda Sonora","og_description":"Este 13 de noviembre inici\u00f3 la XLV Semana Cultural de Geolog\u00eda, brindando un homenaje a la trayectoria de Guillermo Armando Salas Piz\u00e1, fundador de la En Sonora en Equipo publicamos toda la informaci\u00f3n de Sonora, M\u00e9xico y el Mundo de manera oportuna y busca que la libertad de expresi\u00f3n sea real. Visita nuestro medio informativo publicado desde Hermosillo, Sonora. %","og_url":"https:\/\/www.sonoraenequipo.com.mx\/rinden-homenaje-a-guillermo-salas-piza-en-xlv-semana-cultural-de-geologia\/","og_site_name":"Sonora en Equipo.","article_publisher":"https:\/\/www.facebook.com\/SonoraEE\/","article_author":"https:\/\/www.facebook.com\/SonoraEE","article_published_time":"2024-11-14T04:20:57+00:00","article_modified_time":"2024-11-14T19:00:53+00:00","og_image":[{"width":900,"height":593,"url":"https:\/\/www.sonoraenequipo.com.mx\/storage\/2024\/11\/XLV-Semana-Cultural-de-Geologia-1-min.jpg","type":"image\/jpeg"}],"author":"enequipo","twitter_card":"summary_large_image","twitter_creator":"@sonoraenequipo","twitter_site":"@sonoraenequipo","twitter_misc":{"Escrito por":"enequipo","Tiempo de lectura":"3 minutos"},"schema":{"@context":"https:\/\/schema.org","@graph":[{"@type":"Article","@id":"https:\/\/www.sonoraenequipo.com.mx\/rinden-homenaje-a-guillermo-salas-piza-en-xlv-semana-cultural-de-geologia\/#article","isPartOf":{"@id":"https:\/\/www.sonoraenequipo.com.mx\/rinden-homenaje-a-guillermo-salas-piza-en-xlv-semana-cultural-de-geologia\/"},"author":{"name":"enequipo","@id":"https:\/\/www.sonoraenequipo.com.mx\/#\/schema\/person\/50102df0fb23a8fa9e8effad8fa81386"},"headline":"Rinden homenaje a Guillermo Salas Piz\u00e1 en XLV Semana Cultural de Geolog\u00eda","datePublished":"2024-11-14T04:20:57+00:00","dateModified":"2024-11-14T19:00:53+00:00","mainEntityOfPage":{"@id":"https:\/\/www.sonoraenequipo.com.mx\/rinden-homenaje-a-guillermo-salas-piza-en-xlv-semana-cultural-de-geologia\/"},"wordCount":678,"commentCount":0,"publisher":{"@id":"https:\/\/www.sonoraenequipo.com.mx\/#organization"},"image":{"@id":"https:\/\/www.sonoraenequipo.com.mx\/rinden-homenaje-a-guillermo-salas-piza-en-xlv-semana-cultural-de-geologia\/#primaryimage"},"thumbnailUrl":"https:\/\/www.sonoraenequipo.com.mx\/storage\/2024\/11\/XLV-Semana-Cultural-de-Geologia-1-min.jpg","articleSection":["Sonora"],"inLanguage":"es","potentialAction":[{"@type":"CommentAction","name":"Comment","target":["https:\/\/www.sonoraenequipo.com.mx\/rinden-homenaje-a-guillermo-salas-piza-en-xlv-semana-cultural-de-geologia\/#respond"]}]},{"@type":"WebPage","@id":"https:\/\/www.sonoraenequipo.com.mx\/rinden-homenaje-a-guillermo-salas-piza-en-xlv-semana-cultural-de-geologia\/","url":"https:\/\/www.sonoraenequipo.com.mx\/rinden-homenaje-a-guillermo-salas-piza-en-xlv-semana-cultural-de-geologia\/","name":"Sonora en Equipo. Rinden homenaje a Guillermo Salas Piz\u00e1 en XLV Semana Cultural de Geolog\u00eda Sonora","isPartOf":{"@id":"https:\/\/www.sonoraenequipo.com.mx\/#website"},"primaryImageOfPage":{"@id":"https:\/\/www.sonoraenequipo.com.mx\/rinden-homenaje-a-guillermo-salas-piza-en-xlv-semana-cultural-de-geologia\/#primaryimage"},"image":{"@id":"https:\/\/www.sonoraenequipo.com.mx\/rinden-homenaje-a-guillermo-salas-piza-en-xlv-semana-cultural-de-geologia\/#primaryimage"},"thumbnailUrl":"https:\/\/www.sonoraenequipo.com.mx\/storage\/2024\/11\/XLV-Semana-Cultural-de-Geologia-1-min.jpg","datePublished":"2024-11-14T04:20:57+00:00","dateModified":"2024-11-14T19:00:53+00:00","description":"Este 13 de noviembre inici\u00f3 la XLV Semana Cultural de Geolog\u00eda, brindando un homenaje a la trayectoria de Guillermo Armando Salas Piz\u00e1, fundador de la En Sonora en Equipo publicamos toda la informaci\u00f3n de Sonora, M\u00e9xico y el Mundo de manera oportuna y busca que la libertad de expresi\u00f3n sea real. Visita nuestro medio informativo publicado desde Hermosillo, Sonora. %","breadcrumb":{"@id":"https:\/\/www.sonoraenequipo.com.mx\/rinden-homenaje-a-guillermo-salas-piza-en-xlv-semana-cultural-de-geologia\/#breadcrumb"},"inLanguage":"es","potentialAction":[{"@type":"ReadAction","target":["https:\/\/www.sonoraenequipo.com.mx\/rinden-homenaje-a-guillermo-salas-piza-en-xlv-semana-cultural-de-geologia\/"]}]},{"@type":"ImageObject","inLanguage":"es","@id":"https:\/\/www.sonoraenequipo.com.mx\/rinden-homenaje-a-guillermo-salas-piza-en-xlv-semana-cultural-de-geologia\/#primaryimage","url":"https:\/\/www.sonoraenequipo.com.mx\/storage\/2024\/11\/XLV-Semana-Cultural-de-Geologia-1-min.jpg","contentUrl":"https:\/\/www.sonoraenequipo.com.mx\/storage\/2024\/11\/XLV-Semana-Cultural-de-Geologia-1-min.jpg","width":900,"height":593},{"@type":"BreadcrumbList","@id":"https:\/\/www.sonoraenequipo.com.mx\/rinden-homenaje-a-guillermo-salas-piza-en-xlv-semana-cultural-de-geologia\/#breadcrumb","itemListElement":[{"@type":"ListItem","position":1,"name":"Portada","item":"https:\/\/www.sonoraenequipo.com.mx\/"},{"@type":"ListItem","position":2,"name":"Rinden homenaje a Guillermo Salas Piz\u00e1 en XLV Semana Cultural de Geolog\u00eda"}]},{"@type":"WebSite","@id":"https:\/\/www.sonoraenequipo.com.mx\/#website","url":"https:\/\/www.sonoraenequipo.com.mx\/","name":"Sonora en Equipo.","description":"Diario en l\u00ednea con Noticias desde Hermosillo, Sonora","publisher":{"@id":"https:\/\/www.sonoraenequipo.com.mx\/#organization"},"potentialAction":[{"@type":"SearchAction","target":{"@type":"EntryPoint","urlTemplate":"https:\/\/www.sonoraenequipo.com.mx\/?s={search_term_string}"},"query-input":{"@type":"PropertyValueSpecification","valueRequired":true,"valueName":"search_term_string"}}],"inLanguage":"es"},{"@type":"Organization","@id":"https:\/\/www.sonoraenequipo.com.mx\/#organization","name":"Sonoraenequipo.com.mx","url":"https:\/\/www.sonoraenequipo.com.mx\/","logo":{"@type":"ImageObject","inLanguage":"es","@id":"https:\/\/www.sonoraenequipo.com.mx\/#\/schema\/logo\/image\/","url":"https:\/\/www.sonoraenequipo.com.mx\/storage\/2019\/01\/sonoraenequipo_opt.png","contentUrl":"https:\/\/www.sonoraenequipo.com.mx\/storage\/2019\/01\/sonoraenequipo_opt.png","width":375,"height":125,"caption":"Sonoraenequipo.com.mx"},"image":{"@id":"https:\/\/www.sonoraenequipo.com.mx\/#\/schema\/logo\/image\/"},"sameAs":["https:\/\/www.facebook.com\/SonoraEE\/","https:\/\/x.com\/sonoraenequipo","https:\/\/www.youtube.com\/channel\/UC338nW-lPEYmJQs4ZABQ1SQ"]},{"@type":"Person","@id":"https:\/\/www.sonoraenequipo.com.mx\/#\/schema\/person\/50102df0fb23a8fa9e8effad8fa81386","name":"enequipo","image":{"@type":"ImageObject","inLanguage":"es","@id":"https:\/\/www.sonoraenequipo.com.mx\/#\/schema\/person\/image\/","url":"https:\/\/secure.gravatar.com\/avatar\/049821681b589dabc0bc20695993ccebb09f5b5d4d790cd9251b97faac7c652b?s=96&d=blank&r=g","contentUrl":"https:\/\/secure.gravatar.com\/avatar\/049821681b589dabc0bc20695993ccebb09f5b5d4d790cd9251b97faac7c652b?s=96&d=blank&r=g","caption":"enequipo"},"sameAs":["https:\/\/www.facebook.com\/SonoraEE"]}]}},"jetpack_featured_media_url":"https:\/\/www.sonoraenequipo.com.mx\/storage\/2024\/11\/XLV-Semana-Cultural-de-Geologia-1-min.jpg","_links":{"self":[{"href":"https:\/\/www.sonoraenequipo.com.mx\/api\/wp\/v2\/posts\/204071","targetHints":{"allow":["GET"]}}],"collection":[{"href":"https:\/\/www.sonoraenequipo.com.mx\/api\/wp\/v2\/posts"}],"about":[{"href":"https:\/\/www.sonoraenequipo.com.mx\/api\/wp\/v2\/types\/post"}],"author":[{"embeddable":true,"href":"https:\/\/www.sonoraenequipo.com.mx\/api\/wp\/v2\/users\/1"}],"replies":[{"embeddable":true,"href":"https:\/\/www.sonoraenequipo.com.mx\/api\/wp\/v2\/comments?post=204071"}],"version-history":[{"count":2,"href":"https:\/\/www.sonoraenequipo.com.mx\/api\/wp\/v2\/posts\/204071\/revisions"}],"predecessor-version":[{"id":204078,"href":"https:\/\/www.sonoraenequipo.com.mx\/api\/wp\/v2\/posts\/204071\/revisions\/204078"}],"wp:featuredmedia":[{"embeddable":true,"href":"https:\/\/www.sonoraenequipo.com.mx\/api\/wp\/v2\/media\/204075"}],"wp:attachment":[{"href":"https:\/\/www.sonoraenequipo.com.mx\/api\/wp\/v2\/media?parent=204071"}],"wp:term":[{"taxonomy":"category","embeddable":true,"href":"https:\/\/www.sonoraenequipo.com.mx\/api\/wp\/v2\/categories?post=204071"},{"taxonomy":"post_tag","embeddable":true,"href":"https:\/\/www.sonoraenequipo.com.mx\/api\/wp\/v2\/tags?post=204071"}],"curies":[{"name":"wp","href":"https:\/\/api.w.org\/{rel}","templated":true}]}}