{"id":204072,"date":"2024-11-14T12:02:22","date_gmt":"2024-11-14T19:02:22","guid":{"rendered":"https:\/\/www.sonoraenequipo.com.mx\/?p=204072"},"modified":"2024-11-14T15:58:26","modified_gmt":"2024-11-14T22:58:26","slug":"investiga-policia-federal-de-brasil-posible-atentado-terrorista-en-plaza-de-los-tres-poderes","status":"publish","type":"post","link":"https:\/\/www.sonoraenequipo.com.mx\/investiga-policia-federal-de-brasil-posible-atentado-terrorista-en-plaza-de-los-tres-poderes\/","title":{"rendered":"Investiga Polic\u00eda Federal de Brasil posible atentado terrorista en Plaza de los Tres Poderes"},"content":{"rendered":"<p><strong>Brasilia Brasil.<\/strong><strong> \u0336 \u0336\u00a0 <\/strong>El director general de la Polic\u00eda Federal, Andr\u00e9i Rodrigues, afirm\u00f3 este jueves que existen \u00abgrupos extremistas activos\u00bb y que necesitan una reacci\u00f3n \u00aben\u00e9rgica\u00bb de las autoridades. Afirm\u00f3 que una hip\u00f3tesis que se investiga por el atentado suicida en la Plaza de los Tres Poderes, el mi\u00e9rcoles por la noche, es el terrorismo y que hay \u00abindicios\u00bb de planificaci\u00f3n a largo plazo. Rodrigues tambi\u00e9n cit\u00f3 nuevas amenazas recibidas por la Corte. \u00a0El hombre muri\u00f3 despu\u00e9s de que explotara el artefacto que llevaba.<\/p>\n<p><strong>Fecha de publicaci\u00f3n jueves 14 \u00a0de noviembre de 2024 \/ O\u2019 Globo <\/strong><\/p>\n","protected":false},"excerpt":{"rendered":"<p>Brasilia Brasil. \u0336 \u0336\u00a0 El director general de la Polic\u00eda Federal, Andr\u00e9i Rodrigues, afirm\u00f3 este&#8230;<\/p>\n","protected":false},"author":1,"featured_media":204073,"comment_status":"open","ping_status":"open","sticky":false,"template":"","format":"standard","meta":{"_monsterinsights_skip_tracking":false,"_monsterinsights_sitenote_active":false,"_monsterinsights_sitenote_note":"","_monsterinsights_sitenote_category":0,"footnotes":""},"categories":[3],"tags":[280,495],"class_list":["post"],"yoast_head":" \n<title>Sonora en Equipo. Investiga Polic\u00eda Federal de Brasil posible atentado terrorista en Plaza de los Tres Poderes MUNDO<\/title>\n<meta name=\"description\" content=\"Brasilia Brasil. \u0336 \u0336\u00a0 El director general de la Polic\u00eda Federal, Andr\u00e9i Rodrigues, afirm\u00f3 este jueves que existen &quot;grupos extremistas activos&quot; y que En Sonora en Equipo publicamos toda la informaci\u00f3n de Sonora, M\u00e9xico y el Mundo de manera oportuna y busca que la libertad de expresi\u00f3n sea real. Visita nuestro medio informativo publicado desde Hermosillo, Sonora. %\" \/>\n<meta name=\"robots\" content=\"index, follow, max-snippet:-1, max-image-preview:large, max-video-preview:-1\" \/>\n<link rel=\"canonical\" href=\"https:\/\/www.sonoraenequipo.com.mx\/investiga-policia-federal-de-brasil-posible-atentado-terrorista-en-plaza-de-los-tres-poderes\/\" \/>\n<meta property=\"og:locale\" content=\"es_ES\" \/>\n<meta property=\"og:type\" content=\"article\" \/>\n<meta property=\"og:title\" content=\"Sonora en Equipo. Investiga Polic\u00eda Federal de Brasil posible atentado terrorista en Plaza de los Tres Poderes MUNDO\" \/>\n<meta property=\"og:description\" content=\"Brasilia Brasil. \u0336 \u0336\u00a0 El director general de la Polic\u00eda Federal, Andr\u00e9i Rodrigues, afirm\u00f3 este jueves que existen &quot;grupos extremistas activos&quot; y que En Sonora en Equipo publicamos toda la informaci\u00f3n de Sonora, M\u00e9xico y el Mundo de manera oportuna y busca que la libertad de expresi\u00f3n sea real. Visita nuestro medio informativo publicado desde Hermosillo, Sonora. %\" \/>\n<meta property=\"og:url\" content=\"https:\/\/www.sonoraenequipo.com.mx\/investiga-policia-federal-de-brasil-posible-atentado-terrorista-en-plaza-de-los-tres-poderes\/\" \/>\n<meta property=\"og:site_name\" content=\"Sonora en Equipo.\" \/>\n<meta property=\"article:publisher\" content=\"https:\/\/www.facebook.com\/SonoraEE\/\" \/>\n<meta property=\"article:author\" content=\"https:\/\/www.facebook.com\/SonoraEE\" \/>\n<meta property=\"article:published_time\" content=\"2024-11-14T19:02:22+00:00\" \/>\n<meta property=\"article:modified_time\" content=\"2024-11-14T22:58:26+00:00\" \/>\n<meta property=\"og:image\" content=\"https:\/\/www.sonoraenequipo.com.mx\/storage\/2024\/11\/plaza.jpg\" \/>\n\t<meta property=\"og:image:width\" content=\"600\" \/>\n\t<meta property=\"og:image:height\" content=\"400\" \/>\n\t<meta property=\"og:image:type\" content=\"image\/jpeg\" \/>\n<meta name=\"author\" content=\"enequipo\" \/>\n<meta name=\"twitter:card\" content=\"summary_large_image\" \/>\n<meta name=\"twitter:creator\" content=\"@sonoraenequipo\" \/>\n<meta name=\"twitter:site\" content=\"@sonoraenequipo\" \/>\n<meta name=\"twitter:label1\" content=\"Escrito por\" \/>\n\t<meta name=\"twitter:data1\" content=\"enequipo\" \/>\n\t<meta name=\"twitter:label2\" content=\"Tiempo de lectura\" \/>\n\t<meta name=\"twitter:data2\" content=\"1 minuto\" \/>\n<script type=\"application\/ld+json\" class=\"yoast-schema-graph\">{\"@context\":\"https:\/\/schema.org\",\"@graph\":[{\"@type\":\"Article\",\"@id\":\"https:\/\/www.sonoraenequipo.com.mx\/investiga-policia-federal-de-brasil-posible-atentado-terrorista-en-plaza-de-los-tres-poderes\/#article\",\"isPartOf\":{\"@id\":\"https:\/\/www.sonoraenequipo.com.mx\/investiga-policia-federal-de-brasil-posible-atentado-terrorista-en-plaza-de-los-tres-poderes\/\"},\"author\":{\"name\":\"enequipo\",\"@id\":\"https:\/\/www.sonoraenequipo.com.mx\/#\/schema\/person\/50102df0fb23a8fa9e8effad8fa81386\"},\"headline\":\"Investiga Polic\u00eda Federal de Brasil posible atentado terrorista en Plaza de los Tres Poderes\",\"datePublished\":\"2024-11-14T19:02:22+00:00\",\"dateModified\":\"2024-11-14T22:58:26+00:00\",\"mainEntityOfPage\":{\"@id\":\"https:\/\/www.sonoraenequipo.com.mx\/investiga-policia-federal-de-brasil-posible-atentado-terrorista-en-plaza-de-los-tres-poderes\/\"},\"wordCount\":117,\"commentCount\":0,\"publisher\":{\"@id\":\"https:\/\/www.sonoraenequipo.com.mx\/#organization\"},\"image\":{\"@id\":\"https:\/\/www.sonoraenequipo.com.mx\/investiga-policia-federal-de-brasil-posible-atentado-terrorista-en-plaza-de-los-tres-poderes\/#primaryimage\"},\"thumbnailUrl\":\"https:\/\/www.sonoraenequipo.com.mx\/storage\/2024\/11\/plaza.jpg\",\"keywords\":[\"Brasil\",\"Terrorismo\"],\"articleSection\":[\"MUNDO\"],\"inLanguage\":\"es\",\"potentialAction\":[{\"@type\":\"CommentAction\",\"name\":\"Comment\",\"target\":[\"https:\/\/www.sonoraenequipo.com.mx\/investiga-policia-federal-de-brasil-posible-atentado-terrorista-en-plaza-de-los-tres-poderes\/#respond\"]}]},{\"@type\":\"WebPage\",\"@id\":\"https:\/\/www.sonoraenequipo.com.mx\/investiga-policia-federal-de-brasil-posible-atentado-terrorista-en-plaza-de-los-tres-poderes\/\",\"url\":\"https:\/\/www.sonoraenequipo.com.mx\/investiga-policia-federal-de-brasil-posible-atentado-terrorista-en-plaza-de-los-tres-poderes\/\",\"name\":\"Sonora en Equipo. Investiga Polic\u00eda Federal de Brasil posible atentado terrorista en Plaza de los Tres Poderes MUNDO\",\"isPartOf\":{\"@id\":\"https:\/\/www.sonoraenequipo.com.mx\/#website\"},\"primaryImageOfPage\":{\"@id\":\"https:\/\/www.sonoraenequipo.com.mx\/investiga-policia-federal-de-brasil-posible-atentado-terrorista-en-plaza-de-los-tres-poderes\/#primaryimage\"},\"image\":{\"@id\":\"https:\/\/www.sonoraenequipo.com.mx\/investiga-policia-federal-de-brasil-posible-atentado-terrorista-en-plaza-de-los-tres-poderes\/#primaryimage\"},\"thumbnailUrl\":\"https:\/\/www.sonoraenequipo.com.mx\/storage\/2024\/11\/plaza.jpg\",\"datePublished\":\"2024-11-14T19:02:22+00:00\",\"dateModified\":\"2024-11-14T22:58:26+00:00\",\"description\":\"Brasilia Brasil. \u0336 \u0336\u00a0 El director general de la Polic\u00eda Federal, Andr\u00e9i Rodrigues, afirm\u00f3 este jueves que existen \\\"grupos extremistas activos\\\" y que En Sonora en Equipo publicamos toda la informaci\u00f3n de Sonora, M\u00e9xico y el Mundo de manera oportuna y busca que la libertad de expresi\u00f3n sea real. Visita nuestro medio informativo publicado desde Hermosillo, Sonora. %\",\"breadcrumb\":{\"@id\":\"https:\/\/www.sonoraenequipo.com.mx\/investiga-policia-federal-de-brasil-posible-atentado-terrorista-en-plaza-de-los-tres-poderes\/#breadcrumb\"},\"inLanguage\":\"es\",\"potentialAction\":[{\"@type\":\"ReadAction\",\"target\":[\"https:\/\/www.sonoraenequipo.com.mx\/investiga-policia-federal-de-brasil-posible-atentado-terrorista-en-plaza-de-los-tres-poderes\/\"]}]},{\"@type\":\"ImageObject\",\"inLanguage\":\"es\",\"@id\":\"https:\/\/www.sonoraenequipo.com.mx\/investiga-policia-federal-de-brasil-posible-atentado-terrorista-en-plaza-de-los-tres-poderes\/#primaryimage\",\"url\":\"https:\/\/www.sonoraenequipo.com.mx\/storage\/2024\/11\/plaza.jpg\",\"contentUrl\":\"https:\/\/www.sonoraenequipo.com.mx\/storage\/2024\/11\/plaza.jpg\",\"width\":600,\"height\":400},{\"@type\":\"BreadcrumbList\",\"@id\":\"https:\/\/www.sonoraenequipo.com.mx\/investiga-policia-federal-de-brasil-posible-atentado-terrorista-en-plaza-de-los-tres-poderes\/#breadcrumb\",\"itemListElement\":[{\"@type\":\"ListItem\",\"position\":1,\"name\":\"Portada\",\"item\":\"https:\/\/www.sonoraenequipo.com.mx\/\"},{\"@type\":\"ListItem\",\"position\":2,\"name\":\"Investiga Polic\u00eda Federal de Brasil posible atentado terrorista en Plaza de los Tres Poderes\"}]},{\"@type\":\"WebSite\",\"@id\":\"https:\/\/www.sonoraenequipo.com.mx\/#website\",\"url\":\"https:\/\/www.sonoraenequipo.com.mx\/\",\"name\":\"Sonora en Equipo.\",\"description\":\"Diario en l\u00ednea con Noticias desde Hermosillo, Sonora\",\"publisher\":{\"@id\":\"https:\/\/www.sonoraenequipo.com.mx\/#organization\"},\"potentialAction\":[{\"@type\":\"SearchAction\",\"target\":{\"@type\":\"EntryPoint\",\"urlTemplate\":\"https:\/\/www.sonoraenequipo.com.mx\/?s={search_term_string}\"},\"query-input\":{\"@type\":\"PropertyValueSpecification\",\"valueRequired\":true,\"valueName\":\"search_term_string\"}}],\"inLanguage\":\"es\"},{\"@type\":\"Organization\",\"@id\":\"https:\/\/www.sonoraenequipo.com.mx\/#organization\",\"name\":\"Sonoraenequipo.com.mx\",\"url\":\"https:\/\/www.sonoraenequipo.com.mx\/\",\"logo\":{\"@type\":\"ImageObject\",\"inLanguage\":\"es\",\"@id\":\"https:\/\/www.sonoraenequipo.com.mx\/#\/schema\/logo\/image\/\",\"url\":\"https:\/\/www.sonoraenequipo.com.mx\/storage\/2019\/01\/sonoraenequipo_opt.png\",\"contentUrl\":\"https:\/\/www.sonoraenequipo.com.mx\/storage\/2019\/01\/sonoraenequipo_opt.png\",\"width\":375,\"height\":125,\"caption\":\"Sonoraenequipo.com.mx\"},\"image\":{\"@id\":\"https:\/\/www.sonoraenequipo.com.mx\/#\/schema\/logo\/image\/\"},\"sameAs\":[\"https:\/\/www.facebook.com\/SonoraEE\/\",\"https:\/\/x.com\/sonoraenequipo\",\"https:\/\/www.youtube.com\/channel\/UC338nW-lPEYmJQs4ZABQ1SQ\"]},{\"@type\":\"Person\",\"@id\":\"https:\/\/www.sonoraenequipo.com.mx\/#\/schema\/person\/50102df0fb23a8fa9e8effad8fa81386\",\"name\":\"enequipo\",\"image\":{\"@type\":\"ImageObject\",\"inLanguage\":\"es\",\"@id\":\"https:\/\/www.sonoraenequipo.com.mx\/#\/schema\/person\/image\/\",\"url\":\"https:\/\/secure.gravatar.com\/avatar\/049821681b589dabc0bc20695993ccebb09f5b5d4d790cd9251b97faac7c652b?s=96&d=blank&r=g\",\"contentUrl\":\"https:\/\/secure.gravatar.com\/avatar\/049821681b589dabc0bc20695993ccebb09f5b5d4d790cd9251b97faac7c652b?s=96&d=blank&r=g\",\"caption\":\"enequipo\"},\"sameAs\":[\"https:\/\/www.facebook.com\/SonoraEE\"]}]}<\/script>\n ","yoast_head_json":{"title":"Sonora en Equipo. Investiga Polic\u00eda Federal de Brasil posible atentado terrorista en Plaza de los Tres Poderes MUNDO","description":"Brasilia Brasil. \u0336 \u0336\u00a0 El director general de la Polic\u00eda Federal, Andr\u00e9i Rodrigues, afirm\u00f3 este jueves que existen \"grupos extremistas activos\" y que En Sonora en Equipo publicamos toda la informaci\u00f3n de Sonora, M\u00e9xico y el Mundo de manera oportuna y busca que la libertad de expresi\u00f3n sea real. Visita nuestro medio informativo publicado desde Hermosillo, Sonora. %","robots":{"index":"index","follow":"follow","max-snippet":"max-snippet:-1","max-image-preview":"max-image-preview:large","max-video-preview":"max-video-preview:-1"},"canonical":"https:\/\/www.sonoraenequipo.com.mx\/investiga-policia-federal-de-brasil-posible-atentado-terrorista-en-plaza-de-los-tres-poderes\/","og_locale":"es_ES","og_type":"article","og_title":"Sonora en Equipo. Investiga Polic\u00eda Federal de Brasil posible atentado terrorista en Plaza de los Tres Poderes MUNDO","og_description":"Brasilia Brasil. \u0336 \u0336\u00a0 El director general de la Polic\u00eda Federal, Andr\u00e9i Rodrigues, afirm\u00f3 este jueves que existen \"grupos extremistas activos\" y que En Sonora en Equipo publicamos toda la informaci\u00f3n de Sonora, M\u00e9xico y el Mundo de manera oportuna y busca que la libertad de expresi\u00f3n sea real. Visita nuestro medio informativo publicado desde Hermosillo, Sonora. %","og_url":"https:\/\/www.sonoraenequipo.com.mx\/investiga-policia-federal-de-brasil-posible-atentado-terrorista-en-plaza-de-los-tres-poderes\/","og_site_name":"Sonora en Equipo.","article_publisher":"https:\/\/www.facebook.com\/SonoraEE\/","article_author":"https:\/\/www.facebook.com\/SonoraEE","article_published_time":"2024-11-14T19:02:22+00:00","article_modified_time":"2024-11-14T22:58:26+00:00","og_image":[{"width":600,"height":400,"url":"https:\/\/www.sonoraenequipo.com.mx\/storage\/2024\/11\/plaza.jpg","type":"image\/jpeg"}],"author":"enequipo","twitter_card":"summary_large_image","twitter_creator":"@sonoraenequipo","twitter_site":"@sonoraenequipo","twitter_misc":{"Escrito por":"enequipo","Tiempo de lectura":"1 minuto"},"schema":{"@context":"https:\/\/schema.org","@graph":[{"@type":"Article","@id":"https:\/\/www.sonoraenequipo.com.mx\/investiga-policia-federal-de-brasil-posible-atentado-terrorista-en-plaza-de-los-tres-poderes\/#article","isPartOf":{"@id":"https:\/\/www.sonoraenequipo.com.mx\/investiga-policia-federal-de-brasil-posible-atentado-terrorista-en-plaza-de-los-tres-poderes\/"},"author":{"name":"enequipo","@id":"https:\/\/www.sonoraenequipo.com.mx\/#\/schema\/person\/50102df0fb23a8fa9e8effad8fa81386"},"headline":"Investiga Polic\u00eda Federal de Brasil posible atentado terrorista en Plaza de los Tres Poderes","datePublished":"2024-11-14T19:02:22+00:00","dateModified":"2024-11-14T22:58:26+00:00","mainEntityOfPage":{"@id":"https:\/\/www.sonoraenequipo.com.mx\/investiga-policia-federal-de-brasil-posible-atentado-terrorista-en-plaza-de-los-tres-poderes\/"},"wordCount":117,"commentCount":0,"publisher":{"@id":"https:\/\/www.sonoraenequipo.com.mx\/#organization"},"image":{"@id":"https:\/\/www.sonoraenequipo.com.mx\/investiga-policia-federal-de-brasil-posible-atentado-terrorista-en-plaza-de-los-tres-poderes\/#primaryimage"},"thumbnailUrl":"https:\/\/www.sonoraenequipo.com.mx\/storage\/2024\/11\/plaza.jpg","keywords":["Brasil","Terrorismo"],"articleSection":["MUNDO"],"inLanguage":"es","potentialAction":[{"@type":"CommentAction","name":"Comment","target":["https:\/\/www.sonoraenequipo.com.mx\/investiga-policia-federal-de-brasil-posible-atentado-terrorista-en-plaza-de-los-tres-poderes\/#respond"]}]},{"@type":"WebPage","@id":"https:\/\/www.sonoraenequipo.com.mx\/investiga-policia-federal-de-brasil-posible-atentado-terrorista-en-plaza-de-los-tres-poderes\/","url":"https:\/\/www.sonoraenequipo.com.mx\/investiga-policia-federal-de-brasil-posible-atentado-terrorista-en-plaza-de-los-tres-poderes\/","name":"Sonora en Equipo. Investiga Polic\u00eda Federal de Brasil posible atentado terrorista en Plaza de los Tres Poderes MUNDO","isPartOf":{"@id":"https:\/\/www.sonoraenequipo.com.mx\/#website"},"primaryImageOfPage":{"@id":"https:\/\/www.sonoraenequipo.com.mx\/investiga-policia-federal-de-brasil-posible-atentado-terrorista-en-plaza-de-los-tres-poderes\/#primaryimage"},"image":{"@id":"https:\/\/www.sonoraenequipo.com.mx\/investiga-policia-federal-de-brasil-posible-atentado-terrorista-en-plaza-de-los-tres-poderes\/#primaryimage"},"thumbnailUrl":"https:\/\/www.sonoraenequipo.com.mx\/storage\/2024\/11\/plaza.jpg","datePublished":"2024-11-14T19:02:22+00:00","dateModified":"2024-11-14T22:58:26+00:00","description":"Brasilia Brasil. \u0336 \u0336\u00a0 El director general de la Polic\u00eda Federal, Andr\u00e9i Rodrigues, afirm\u00f3 este jueves que existen \"grupos extremistas activos\" y que En Sonora en Equipo publicamos toda la informaci\u00f3n de Sonora, M\u00e9xico y el Mundo de manera oportuna y busca que la libertad de expresi\u00f3n sea real. Visita nuestro medio informativo publicado desde Hermosillo, Sonora. %","breadcrumb":{"@id":"https:\/\/www.sonoraenequipo.com.mx\/investiga-policia-federal-de-brasil-posible-atentado-terrorista-en-plaza-de-los-tres-poderes\/#breadcrumb"},"inLanguage":"es","potentialAction":[{"@type":"ReadAction","target":["https:\/\/www.sonoraenequipo.com.mx\/investiga-policia-federal-de-brasil-posible-atentado-terrorista-en-plaza-de-los-tres-poderes\/"]}]},{"@type":"ImageObject","inLanguage":"es","@id":"https:\/\/www.sonoraenequipo.com.mx\/investiga-policia-federal-de-brasil-posible-atentado-terrorista-en-plaza-de-los-tres-poderes\/#primaryimage","url":"https:\/\/www.sonoraenequipo.com.mx\/storage\/2024\/11\/plaza.jpg","contentUrl":"https:\/\/www.sonoraenequipo.com.mx\/storage\/2024\/11\/plaza.jpg","width":600,"height":400},{"@type":"BreadcrumbList","@id":"https:\/\/www.sonoraenequipo.com.mx\/investiga-policia-federal-de-brasil-posible-atentado-terrorista-en-plaza-de-los-tres-poderes\/#breadcrumb","itemListElement":[{"@type":"ListItem","position":1,"name":"Portada","item":"https:\/\/www.sonoraenequipo.com.mx\/"},{"@type":"ListItem","position":2,"name":"Investiga Polic\u00eda Federal de Brasil posible atentado terrorista en Plaza de los Tres Poderes"}]},{"@type":"WebSite","@id":"https:\/\/www.sonoraenequipo.com.mx\/#website","url":"https:\/\/www.sonoraenequipo.com.mx\/","name":"Sonora en Equipo.","description":"Diario en l\u00ednea con Noticias desde Hermosillo, Sonora","publisher":{"@id":"https:\/\/www.sonoraenequipo.com.mx\/#organization"},"potentialAction":[{"@type":"SearchAction","target":{"@type":"EntryPoint","urlTemplate":"https:\/\/www.sonoraenequipo.com.mx\/?s={search_term_string}"},"query-input":{"@type":"PropertyValueSpecification","valueRequired":true,"valueName":"search_term_string"}}],"inLanguage":"es"},{"@type":"Organization","@id":"https:\/\/www.sonoraenequipo.com.mx\/#organization","name":"Sonoraenequipo.com.mx","url":"https:\/\/www.sonoraenequipo.com.mx\/","logo":{"@type":"ImageObject","inLanguage":"es","@id":"https:\/\/www.sonoraenequipo.com.mx\/#\/schema\/logo\/image\/","url":"https:\/\/www.sonoraenequipo.com.mx\/storage\/2019\/01\/sonoraenequipo_opt.png","contentUrl":"https:\/\/www.sonoraenequipo.com.mx\/storage\/2019\/01\/sonoraenequipo_opt.png","width":375,"height":125,"caption":"Sonoraenequipo.com.mx"},"image":{"@id":"https:\/\/www.sonoraenequipo.com.mx\/#\/schema\/logo\/image\/"},"sameAs":["https:\/\/www.facebook.com\/SonoraEE\/","https:\/\/x.com\/sonoraenequipo","https:\/\/www.youtube.com\/channel\/UC338nW-lPEYmJQs4ZABQ1SQ"]},{"@type":"Person","@id":"https:\/\/www.sonoraenequipo.com.mx\/#\/schema\/person\/50102df0fb23a8fa9e8effad8fa81386","name":"enequipo","image":{"@type":"ImageObject","inLanguage":"es","@id":"https:\/\/www.sonoraenequipo.com.mx\/#\/schema\/person\/image\/","url":"https:\/\/secure.gravatar.com\/avatar\/049821681b589dabc0bc20695993ccebb09f5b5d4d790cd9251b97faac7c652b?s=96&d=blank&r=g","contentUrl":"https:\/\/secure.gravatar.com\/avatar\/049821681b589dabc0bc20695993ccebb09f5b5d4d790cd9251b97faac7c652b?s=96&d=blank&r=g","caption":"enequipo"},"sameAs":["https:\/\/www.facebook.com\/SonoraEE"]}]}},"jetpack_featured_media_url":"https:\/\/www.sonoraenequipo.com.mx\/storage\/2024\/11\/plaza.jpg","_links":{"self":[{"href":"https:\/\/www.sonoraenequipo.com.mx\/api\/wp\/v2\/posts\/204072","targetHints":{"allow":["GET"]}}],"collection":[{"href":"https:\/\/www.sonoraenequipo.com.mx\/api\/wp\/v2\/posts"}],"about":[{"href":"https:\/\/www.sonoraenequipo.com.mx\/api\/wp\/v2\/types\/post"}],"author":[{"embeddable":true,"href":"https:\/\/www.sonoraenequipo.com.mx\/api\/wp\/v2\/users\/1"}],"replies":[{"embeddable":true,"href":"https:\/\/www.sonoraenequipo.com.mx\/api\/wp\/v2\/comments?post=204072"}],"version-history":[{"count":2,"href":"https:\/\/www.sonoraenequipo.com.mx\/api\/wp\/v2\/posts\/204072\/revisions"}],"predecessor-version":[{"id":204110,"href":"https:\/\/www.sonoraenequipo.com.mx\/api\/wp\/v2\/posts\/204072\/revisions\/204110"}],"wp:featuredmedia":[{"embeddable":true,"href":"https:\/\/www.sonoraenequipo.com.mx\/api\/wp\/v2\/media\/204073"}],"wp:attachment":[{"href":"https:\/\/www.sonoraenequipo.com.mx\/api\/wp\/v2\/media?parent=204072"}],"wp:term":[{"taxonomy":"category","embeddable":true,"href":"https:\/\/www.sonoraenequipo.com.mx\/api\/wp\/v2\/categories?post=204072"},{"taxonomy":"post_tag","embeddable":true,"href":"https:\/\/www.sonoraenequipo.com.mx\/api\/wp\/v2\/tags?post=204072"}],"curies":[{"name":"wp","href":"https:\/\/api.w.org\/{rel}","templated":true}]}}