{"id":204086,"date":"2024-11-14T13:22:24","date_gmt":"2024-11-14T20:22:24","guid":{"rendered":"https:\/\/www.sonoraenequipo.com.mx\/?p=204086"},"modified":"2024-11-14T13:58:37","modified_gmt":"2024-11-14T20:58:37","slug":"se-forma-la-tormenta-tropical-sara-en-el-caribe-con-trayectoria-hacia-mexico","status":"publish","type":"post","link":"https:\/\/www.sonoraenequipo.com.mx\/se-forma-la-tormenta-tropical-sara-en-el-caribe-con-trayectoria-hacia-mexico\/","title":{"rendered":"Se Forma la Tormenta Tropical Sara en el Caribe con Trayectoria Hacia M\u00e9xico"},"content":{"rendered":"<p><strong>CIUDAD DE M\u00c9XICO. MX. \u2014<\/strong> La tormenta tropical Sara se form\u00f3 en el Oc\u00e9ano Atl\u00e1ntico, de acuerdo con el Centro Nacional de Huracanes de EUA. El SMN indic\u00f3 que el sistema podr\u00eda ingresar al pa\u00eds como tormenta tropical entre el domingo y lunes; en Quintana Roo ya se realizan acciones preventivas<\/p>\n<p> <br \/>\nLa tormenta tropical Sara se form\u00f3 en el Oc\u00e9ano Atl\u00e1ntico, de acuerdo con el Centro Nacional de Huracanes de EUA. El SMN indic\u00f3 que el sistema podr\u00eda ingresar al pa\u00eds como tormenta tropical entre el domingo y lunes; en Quintana Roo ya se realizan acciones<\/p>\n<p>El Servicio Meteorol\u00f3gico Nacional (SMN) inform\u00f3 que la depresi\u00f3n tropical diecinueve se intensific\u00f3 a la tormenta tropical Sara, en el Atl\u00e1ntico, en el mar Caribe, hoy, 14 de noviembre de 2024.<\/p>\n<p>De acuerdo con el SMN, la tormenta tropical Sara se ubica a 330 kil\u00f3metros (km) al este-sureste de Isla Guanaja, en Honduras, y a 610 km al este-sureste de Puerto Costa Maya, Quintana Roo.<\/p>\n<p>Se tiene previsto que la tormenta tropical se desplace por Honduras, donde provocar\u00e1 lluvias fuertes, posibles inundaciones y deslizamientos potencialmente catastr\u00f3ficos y potencialmente mortales, seg\u00fan el Centro Nacional de Huracanes de Estados Unidos (NHC, por sus siglas en ingl\u00e9s).<\/p>\n<p>Sara presenta vientos m\u00e1ximos sostenidos de 65 kil\u00f3metros por hora (km\/h), rachas de 85 km\/h y desplazamiento hacia el oeste a 19 km\/h.<\/p>\n<p>La dependencia detall\u00f3 que la circulaci\u00f3n de la tormenta Sara reforzar\u00e1 la probabilidad de lluvias puntuales muy fuertes en Campeche, Yucat\u00e1n y Quintana Roo.<\/p>\n<p>Adem\u00e1s, Sara provocar\u00e1 viento con rachas de 40 a 60 km\/h y oleaje de uno a dos metros de altura en las costas de Quintana Roo, se\u00f1al\u00f3 el Servicio Meteorol\u00f3gico Nacional.<\/p>\n<h3>Trayectoria de tormenta tropical Sara<\/h3>\n<p>De acuerdo con el mapa del Meteorol\u00f3gico Nacional, la trayectoria de la tormenta tropical Sara se dirige hacia la Pen\u00ednsula de Yucat\u00e1n, donde se prev\u00e9 que se acerque a Belice y a las costas de Quintana Roo para el domingo 17 de noviembre.<\/p>\n<p>El lunes 18 de noviembre, podr\u00eda tocar tierra para seguir su camino sobre Campeche, para despu\u00e9s salir al Golfo de M\u00e9xico, como depresi\u00f3n tropical, el martes 19.<\/p>\n<h3>Temporada de huracanes 2024<\/h3>\n<p>La formaci\u00f3n de la tormenta tropical Sara caus\u00f3 sorpresa por lo inusual de un cicl\u00f3n a estas alturas del a\u00f1o.<\/p>\n<p>En la temporada de huracanes 2024, tres ciclones golpearon M\u00e9xico por el Atl\u00e1ntico: el hurac\u00e1n Beryl y la tormenta Chris, que dejaron saldo blanco en julio, y la tormenta Alberto, en junio, cuando dej\u00f3 seis muertos en Nuevo Le\u00f3n.<\/p>\n<p>Mientras que en el Pac\u00edfico, M\u00e9xico padeci\u00f3 el golpe del hurac\u00e1n John, que toc\u00f3 tierra el 23 de septiembre como categor\u00eda 3 y dej\u00f3 29 muertos en Guerrero, Oaxaca y Michoac\u00e1n.<\/p>\n<blockquote class=\"twitter-tweet\" data-width=\"550\" data-dnt=\"true\">\n<p lang=\"es\" dir=\"ltr\">La <a href=\"https:\/\/twitter.com\/hashtag\/Depresi%C3%B3nTropical?src=hash&amp;ref_src=twsrc%5Etfw\">#Depresi\u00f3nTropical<\/a> Diecinueve se ha intensificado a <a href=\"https:\/\/twitter.com\/hashtag\/TromentaTropical?src=hash&amp;ref_src=twsrc%5Etfw\">#TromentaTropical<\/a> <a href=\"https:\/\/twitter.com\/hashtag\/Sara?src=hash&amp;ref_src=twsrc%5Etfw\">#Sara<\/a>, su centro se localiza a 610 km al este-sureste de Puerto Costa Maya, <a href=\"https:\/\/twitter.com\/hashtag\/QuintanaRoo?src=hash&amp;ref_src=twsrc%5Etfw\">#QuintanaRoo<\/a>. M\u00e1s informaci\u00f3n en el gr\u00e1fico. <a href=\"https:\/\/t.co\/L0T49wpAsL\">pic.twitter.com\/L0T49wpAsL<\/a><\/p>\n<p>&mdash; CONAGUA Clima (@conagua_clima) <a href=\"https:\/\/twitter.com\/conagua_clima\/status\/1857130000245543157?ref_src=twsrc%5Etfw\">November 14, 2024<\/a><\/p><\/blockquote>\n<p><script async src=\"https:\/\/platform.twitter.com\/widgets.js\" charset=\"utf-8\"><\/script><\/p>\n<p>El 14 de septiembre, la tormenta Ileana toc\u00f3 tierra en Sinaloa, donde dej\u00f3 da\u00f1os menores.<\/p>\n<p>PUBLICADO EL 14 DE NOVIEMBRE DE 2024 Con informaci\u00f3n de N+)<\/p>\n","protected":false},"excerpt":{"rendered":"<p>CIUDAD DE M\u00c9XICO. MX. \u2014 La tormenta tropical Sara se form\u00f3 en el Oc\u00e9ano Atl\u00e1ntico,&#8230;<\/p>\n","protected":false},"author":1,"featured_media":204088,"comment_status":"open","ping_status":"open","sticky":false,"template":"","format":"standard","meta":{"_monsterinsights_skip_tracking":false,"_monsterinsights_sitenote_active":false,"_monsterinsights_sitenote_note":"","_monsterinsights_sitenote_category":0,"footnotes":""},"categories":[5],"tags":[],"class_list":["post"],"yoast_head":" \n<title>Sonora en Equipo. Se Forma la Tormenta Tropical Sara en el Caribe con Trayectoria Hacia M\u00e9xico Rep\u00fablica<\/title>\n<meta name=\"description\" content=\"CIUDAD DE M\u00c9XICO. MX. \u2014 La tormenta tropical Sara se form\u00f3 en el Oc\u00e9ano Atl\u00e1ntico, de acuerdo con el Centro Nacional de Huracanes de EUA. El SMN indic\u00f3 En Sonora en Equipo publicamos toda la informaci\u00f3n de Sonora, M\u00e9xico y el Mundo de manera oportuna y busca que la libertad de expresi\u00f3n sea real. Visita nuestro medio informativo publicado desde Hermosillo, Sonora. %\" \/>\n<meta name=\"robots\" content=\"index, follow, max-snippet:-1, max-image-preview:large, max-video-preview:-1\" \/>\n<link rel=\"canonical\" href=\"https:\/\/www.sonoraenequipo.com.mx\/se-forma-la-tormenta-tropical-sara-en-el-caribe-con-trayectoria-hacia-mexico\/\" \/>\n<meta property=\"og:locale\" content=\"es_ES\" \/>\n<meta property=\"og:type\" content=\"article\" \/>\n<meta property=\"og:title\" content=\"Sonora en Equipo. Se Forma la Tormenta Tropical Sara en el Caribe con Trayectoria Hacia M\u00e9xico Rep\u00fablica\" \/>\n<meta property=\"og:description\" content=\"CIUDAD DE M\u00c9XICO. MX. \u2014 La tormenta tropical Sara se form\u00f3 en el Oc\u00e9ano Atl\u00e1ntico, de acuerdo con el Centro Nacional de Huracanes de EUA. El SMN indic\u00f3 En Sonora en Equipo publicamos toda la informaci\u00f3n de Sonora, M\u00e9xico y el Mundo de manera oportuna y busca que la libertad de expresi\u00f3n sea real. Visita nuestro medio informativo publicado desde Hermosillo, Sonora. %\" \/>\n<meta property=\"og:url\" content=\"https:\/\/www.sonoraenequipo.com.mx\/se-forma-la-tormenta-tropical-sara-en-el-caribe-con-trayectoria-hacia-mexico\/\" \/>\n<meta property=\"og:site_name\" content=\"Sonora en Equipo.\" \/>\n<meta property=\"article:publisher\" content=\"https:\/\/www.facebook.com\/SonoraEE\/\" \/>\n<meta property=\"article:author\" content=\"https:\/\/www.facebook.com\/SonoraEE\" \/>\n<meta property=\"article:published_time\" content=\"2024-11-14T20:22:24+00:00\" \/>\n<meta property=\"article:modified_time\" content=\"2024-11-14T20:58:37+00:00\" \/>\n<meta property=\"og:image\" content=\"https:\/\/www.sonoraenequipo.com.mx\/storage\/2024\/11\/tormenta-tropical-sara-min.jpg\" \/>\n\t<meta property=\"og:image:width\" content=\"900\" \/>\n\t<meta property=\"og:image:height\" content=\"506\" \/>\n\t<meta property=\"og:image:type\" content=\"image\/jpeg\" \/>\n<meta name=\"author\" content=\"enequipo\" \/>\n<meta name=\"twitter:card\" content=\"summary_large_image\" \/>\n<meta name=\"twitter:creator\" content=\"@sonoraenequipo\" \/>\n<meta name=\"twitter:site\" content=\"@sonoraenequipo\" \/>\n<meta name=\"twitter:label1\" content=\"Escrito por\" \/>\n\t<meta name=\"twitter:data1\" content=\"enequipo\" \/>\n\t<meta name=\"twitter:label2\" content=\"Tiempo de lectura\" \/>\n\t<meta name=\"twitter:data2\" content=\"3 minutos\" \/>\n<script type=\"application\/ld+json\" class=\"yoast-schema-graph\">{\"@context\":\"https:\/\/schema.org\",\"@graph\":[{\"@type\":\"Article\",\"@id\":\"https:\/\/www.sonoraenequipo.com.mx\/se-forma-la-tormenta-tropical-sara-en-el-caribe-con-trayectoria-hacia-mexico\/#article\",\"isPartOf\":{\"@id\":\"https:\/\/www.sonoraenequipo.com.mx\/se-forma-la-tormenta-tropical-sara-en-el-caribe-con-trayectoria-hacia-mexico\/\"},\"author\":{\"name\":\"enequipo\",\"@id\":\"https:\/\/www.sonoraenequipo.com.mx\/#\/schema\/person\/50102df0fb23a8fa9e8effad8fa81386\"},\"headline\":\"Se Forma la Tormenta Tropical Sara en el Caribe con Trayectoria Hacia M\u00e9xico\",\"datePublished\":\"2024-11-14T20:22:24+00:00\",\"dateModified\":\"2024-11-14T20:58:37+00:00\",\"mainEntityOfPage\":{\"@id\":\"https:\/\/www.sonoraenequipo.com.mx\/se-forma-la-tormenta-tropical-sara-en-el-caribe-con-trayectoria-hacia-mexico\/\"},\"wordCount\":520,\"commentCount\":0,\"publisher\":{\"@id\":\"https:\/\/www.sonoraenequipo.com.mx\/#organization\"},\"image\":{\"@id\":\"https:\/\/www.sonoraenequipo.com.mx\/se-forma-la-tormenta-tropical-sara-en-el-caribe-con-trayectoria-hacia-mexico\/#primaryimage\"},\"thumbnailUrl\":\"https:\/\/www.sonoraenequipo.com.mx\/storage\/2024\/11\/tormenta-tropical-sara-min.jpg\",\"articleSection\":[\"Rep\u00fablica\"],\"inLanguage\":\"es\",\"potentialAction\":[{\"@type\":\"CommentAction\",\"name\":\"Comment\",\"target\":[\"https:\/\/www.sonoraenequipo.com.mx\/se-forma-la-tormenta-tropical-sara-en-el-caribe-con-trayectoria-hacia-mexico\/#respond\"]}]},{\"@type\":\"WebPage\",\"@id\":\"https:\/\/www.sonoraenequipo.com.mx\/se-forma-la-tormenta-tropical-sara-en-el-caribe-con-trayectoria-hacia-mexico\/\",\"url\":\"https:\/\/www.sonoraenequipo.com.mx\/se-forma-la-tormenta-tropical-sara-en-el-caribe-con-trayectoria-hacia-mexico\/\",\"name\":\"Sonora en Equipo. Se Forma la Tormenta Tropical Sara en el Caribe con Trayectoria Hacia M\u00e9xico Rep\u00fablica\",\"isPartOf\":{\"@id\":\"https:\/\/www.sonoraenequipo.com.mx\/#website\"},\"primaryImageOfPage\":{\"@id\":\"https:\/\/www.sonoraenequipo.com.mx\/se-forma-la-tormenta-tropical-sara-en-el-caribe-con-trayectoria-hacia-mexico\/#primaryimage\"},\"image\":{\"@id\":\"https:\/\/www.sonoraenequipo.com.mx\/se-forma-la-tormenta-tropical-sara-en-el-caribe-con-trayectoria-hacia-mexico\/#primaryimage\"},\"thumbnailUrl\":\"https:\/\/www.sonoraenequipo.com.mx\/storage\/2024\/11\/tormenta-tropical-sara-min.jpg\",\"datePublished\":\"2024-11-14T20:22:24+00:00\",\"dateModified\":\"2024-11-14T20:58:37+00:00\",\"description\":\"CIUDAD DE M\u00c9XICO. MX. \u2014 La tormenta tropical Sara se form\u00f3 en el Oc\u00e9ano Atl\u00e1ntico, de acuerdo con el Centro Nacional de Huracanes de EUA. El SMN indic\u00f3 En Sonora en Equipo publicamos toda la informaci\u00f3n de Sonora, M\u00e9xico y el Mundo de manera oportuna y busca que la libertad de expresi\u00f3n sea real. Visita nuestro medio informativo publicado desde Hermosillo, Sonora. %\",\"breadcrumb\":{\"@id\":\"https:\/\/www.sonoraenequipo.com.mx\/se-forma-la-tormenta-tropical-sara-en-el-caribe-con-trayectoria-hacia-mexico\/#breadcrumb\"},\"inLanguage\":\"es\",\"potentialAction\":[{\"@type\":\"ReadAction\",\"target\":[\"https:\/\/www.sonoraenequipo.com.mx\/se-forma-la-tormenta-tropical-sara-en-el-caribe-con-trayectoria-hacia-mexico\/\"]}]},{\"@type\":\"ImageObject\",\"inLanguage\":\"es\",\"@id\":\"https:\/\/www.sonoraenequipo.com.mx\/se-forma-la-tormenta-tropical-sara-en-el-caribe-con-trayectoria-hacia-mexico\/#primaryimage\",\"url\":\"https:\/\/www.sonoraenequipo.com.mx\/storage\/2024\/11\/tormenta-tropical-sara-min.jpg\",\"contentUrl\":\"https:\/\/www.sonoraenequipo.com.mx\/storage\/2024\/11\/tormenta-tropical-sara-min.jpg\",\"width\":900,\"height\":506},{\"@type\":\"BreadcrumbList\",\"@id\":\"https:\/\/www.sonoraenequipo.com.mx\/se-forma-la-tormenta-tropical-sara-en-el-caribe-con-trayectoria-hacia-mexico\/#breadcrumb\",\"itemListElement\":[{\"@type\":\"ListItem\",\"position\":1,\"name\":\"Portada\",\"item\":\"https:\/\/www.sonoraenequipo.com.mx\/\"},{\"@type\":\"ListItem\",\"position\":2,\"name\":\"Se Forma la Tormenta Tropical Sara en el Caribe con Trayectoria Hacia M\u00e9xico\"}]},{\"@type\":\"WebSite\",\"@id\":\"https:\/\/www.sonoraenequipo.com.mx\/#website\",\"url\":\"https:\/\/www.sonoraenequipo.com.mx\/\",\"name\":\"Sonora en Equipo.\",\"description\":\"Diario en l\u00ednea con Noticias desde Hermosillo, Sonora\",\"publisher\":{\"@id\":\"https:\/\/www.sonoraenequipo.com.mx\/#organization\"},\"potentialAction\":[{\"@type\":\"SearchAction\",\"target\":{\"@type\":\"EntryPoint\",\"urlTemplate\":\"https:\/\/www.sonoraenequipo.com.mx\/?s={search_term_string}\"},\"query-input\":{\"@type\":\"PropertyValueSpecification\",\"valueRequired\":true,\"valueName\":\"search_term_string\"}}],\"inLanguage\":\"es\"},{\"@type\":\"Organization\",\"@id\":\"https:\/\/www.sonoraenequipo.com.mx\/#organization\",\"name\":\"Sonoraenequipo.com.mx\",\"url\":\"https:\/\/www.sonoraenequipo.com.mx\/\",\"logo\":{\"@type\":\"ImageObject\",\"inLanguage\":\"es\",\"@id\":\"https:\/\/www.sonoraenequipo.com.mx\/#\/schema\/logo\/image\/\",\"url\":\"https:\/\/www.sonoraenequipo.com.mx\/storage\/2019\/01\/sonoraenequipo_opt.png\",\"contentUrl\":\"https:\/\/www.sonoraenequipo.com.mx\/storage\/2019\/01\/sonoraenequipo_opt.png\",\"width\":375,\"height\":125,\"caption\":\"Sonoraenequipo.com.mx\"},\"image\":{\"@id\":\"https:\/\/www.sonoraenequipo.com.mx\/#\/schema\/logo\/image\/\"},\"sameAs\":[\"https:\/\/www.facebook.com\/SonoraEE\/\",\"https:\/\/x.com\/sonoraenequipo\",\"https:\/\/www.youtube.com\/channel\/UC338nW-lPEYmJQs4ZABQ1SQ\"]},{\"@type\":\"Person\",\"@id\":\"https:\/\/www.sonoraenequipo.com.mx\/#\/schema\/person\/50102df0fb23a8fa9e8effad8fa81386\",\"name\":\"enequipo\",\"image\":{\"@type\":\"ImageObject\",\"inLanguage\":\"es\",\"@id\":\"https:\/\/www.sonoraenequipo.com.mx\/#\/schema\/person\/image\/\",\"url\":\"https:\/\/secure.gravatar.com\/avatar\/049821681b589dabc0bc20695993ccebb09f5b5d4d790cd9251b97faac7c652b?s=96&d=blank&r=g\",\"contentUrl\":\"https:\/\/secure.gravatar.com\/avatar\/049821681b589dabc0bc20695993ccebb09f5b5d4d790cd9251b97faac7c652b?s=96&d=blank&r=g\",\"caption\":\"enequipo\"},\"sameAs\":[\"https:\/\/www.facebook.com\/SonoraEE\"]}]}<\/script>\n ","yoast_head_json":{"title":"Sonora en Equipo. Se Forma la Tormenta Tropical Sara en el Caribe con Trayectoria Hacia M\u00e9xico Rep\u00fablica","description":"CIUDAD DE M\u00c9XICO. MX. \u2014 La tormenta tropical Sara se form\u00f3 en el Oc\u00e9ano Atl\u00e1ntico, de acuerdo con el Centro Nacional de Huracanes de EUA. El SMN indic\u00f3 En Sonora en Equipo publicamos toda la informaci\u00f3n de Sonora, M\u00e9xico y el Mundo de manera oportuna y busca que la libertad de expresi\u00f3n sea real. Visita nuestro medio informativo publicado desde Hermosillo, Sonora. %","robots":{"index":"index","follow":"follow","max-snippet":"max-snippet:-1","max-image-preview":"max-image-preview:large","max-video-preview":"max-video-preview:-1"},"canonical":"https:\/\/www.sonoraenequipo.com.mx\/se-forma-la-tormenta-tropical-sara-en-el-caribe-con-trayectoria-hacia-mexico\/","og_locale":"es_ES","og_type":"article","og_title":"Sonora en Equipo. Se Forma la Tormenta Tropical Sara en el Caribe con Trayectoria Hacia M\u00e9xico Rep\u00fablica","og_description":"CIUDAD DE M\u00c9XICO. MX. \u2014 La tormenta tropical Sara se form\u00f3 en el Oc\u00e9ano Atl\u00e1ntico, de acuerdo con el Centro Nacional de Huracanes de EUA. El SMN indic\u00f3 En Sonora en Equipo publicamos toda la informaci\u00f3n de Sonora, M\u00e9xico y el Mundo de manera oportuna y busca que la libertad de expresi\u00f3n sea real. Visita nuestro medio informativo publicado desde Hermosillo, Sonora. %","og_url":"https:\/\/www.sonoraenequipo.com.mx\/se-forma-la-tormenta-tropical-sara-en-el-caribe-con-trayectoria-hacia-mexico\/","og_site_name":"Sonora en Equipo.","article_publisher":"https:\/\/www.facebook.com\/SonoraEE\/","article_author":"https:\/\/www.facebook.com\/SonoraEE","article_published_time":"2024-11-14T20:22:24+00:00","article_modified_time":"2024-11-14T20:58:37+00:00","og_image":[{"width":900,"height":506,"url":"https:\/\/www.sonoraenequipo.com.mx\/storage\/2024\/11\/tormenta-tropical-sara-min.jpg","type":"image\/jpeg"}],"author":"enequipo","twitter_card":"summary_large_image","twitter_creator":"@sonoraenequipo","twitter_site":"@sonoraenequipo","twitter_misc":{"Escrito por":"enequipo","Tiempo de lectura":"3 minutos"},"schema":{"@context":"https:\/\/schema.org","@graph":[{"@type":"Article","@id":"https:\/\/www.sonoraenequipo.com.mx\/se-forma-la-tormenta-tropical-sara-en-el-caribe-con-trayectoria-hacia-mexico\/#article","isPartOf":{"@id":"https:\/\/www.sonoraenequipo.com.mx\/se-forma-la-tormenta-tropical-sara-en-el-caribe-con-trayectoria-hacia-mexico\/"},"author":{"name":"enequipo","@id":"https:\/\/www.sonoraenequipo.com.mx\/#\/schema\/person\/50102df0fb23a8fa9e8effad8fa81386"},"headline":"Se Forma la Tormenta Tropical Sara en el Caribe con Trayectoria Hacia M\u00e9xico","datePublished":"2024-11-14T20:22:24+00:00","dateModified":"2024-11-14T20:58:37+00:00","mainEntityOfPage":{"@id":"https:\/\/www.sonoraenequipo.com.mx\/se-forma-la-tormenta-tropical-sara-en-el-caribe-con-trayectoria-hacia-mexico\/"},"wordCount":520,"commentCount":0,"publisher":{"@id":"https:\/\/www.sonoraenequipo.com.mx\/#organization"},"image":{"@id":"https:\/\/www.sonoraenequipo.com.mx\/se-forma-la-tormenta-tropical-sara-en-el-caribe-con-trayectoria-hacia-mexico\/#primaryimage"},"thumbnailUrl":"https:\/\/www.sonoraenequipo.com.mx\/storage\/2024\/11\/tormenta-tropical-sara-min.jpg","articleSection":["Rep\u00fablica"],"inLanguage":"es","potentialAction":[{"@type":"CommentAction","name":"Comment","target":["https:\/\/www.sonoraenequipo.com.mx\/se-forma-la-tormenta-tropical-sara-en-el-caribe-con-trayectoria-hacia-mexico\/#respond"]}]},{"@type":"WebPage","@id":"https:\/\/www.sonoraenequipo.com.mx\/se-forma-la-tormenta-tropical-sara-en-el-caribe-con-trayectoria-hacia-mexico\/","url":"https:\/\/www.sonoraenequipo.com.mx\/se-forma-la-tormenta-tropical-sara-en-el-caribe-con-trayectoria-hacia-mexico\/","name":"Sonora en Equipo. Se Forma la Tormenta Tropical Sara en el Caribe con Trayectoria Hacia M\u00e9xico Rep\u00fablica","isPartOf":{"@id":"https:\/\/www.sonoraenequipo.com.mx\/#website"},"primaryImageOfPage":{"@id":"https:\/\/www.sonoraenequipo.com.mx\/se-forma-la-tormenta-tropical-sara-en-el-caribe-con-trayectoria-hacia-mexico\/#primaryimage"},"image":{"@id":"https:\/\/www.sonoraenequipo.com.mx\/se-forma-la-tormenta-tropical-sara-en-el-caribe-con-trayectoria-hacia-mexico\/#primaryimage"},"thumbnailUrl":"https:\/\/www.sonoraenequipo.com.mx\/storage\/2024\/11\/tormenta-tropical-sara-min.jpg","datePublished":"2024-11-14T20:22:24+00:00","dateModified":"2024-11-14T20:58:37+00:00","description":"CIUDAD DE M\u00c9XICO. MX. \u2014 La tormenta tropical Sara se form\u00f3 en el Oc\u00e9ano Atl\u00e1ntico, de acuerdo con el Centro Nacional de Huracanes de EUA. El SMN indic\u00f3 En Sonora en Equipo publicamos toda la informaci\u00f3n de Sonora, M\u00e9xico y el Mundo de manera oportuna y busca que la libertad de expresi\u00f3n sea real. Visita nuestro medio informativo publicado desde Hermosillo, Sonora. %","breadcrumb":{"@id":"https:\/\/www.sonoraenequipo.com.mx\/se-forma-la-tormenta-tropical-sara-en-el-caribe-con-trayectoria-hacia-mexico\/#breadcrumb"},"inLanguage":"es","potentialAction":[{"@type":"ReadAction","target":["https:\/\/www.sonoraenequipo.com.mx\/se-forma-la-tormenta-tropical-sara-en-el-caribe-con-trayectoria-hacia-mexico\/"]}]},{"@type":"ImageObject","inLanguage":"es","@id":"https:\/\/www.sonoraenequipo.com.mx\/se-forma-la-tormenta-tropical-sara-en-el-caribe-con-trayectoria-hacia-mexico\/#primaryimage","url":"https:\/\/www.sonoraenequipo.com.mx\/storage\/2024\/11\/tormenta-tropical-sara-min.jpg","contentUrl":"https:\/\/www.sonoraenequipo.com.mx\/storage\/2024\/11\/tormenta-tropical-sara-min.jpg","width":900,"height":506},{"@type":"BreadcrumbList","@id":"https:\/\/www.sonoraenequipo.com.mx\/se-forma-la-tormenta-tropical-sara-en-el-caribe-con-trayectoria-hacia-mexico\/#breadcrumb","itemListElement":[{"@type":"ListItem","position":1,"name":"Portada","item":"https:\/\/www.sonoraenequipo.com.mx\/"},{"@type":"ListItem","position":2,"name":"Se Forma la Tormenta Tropical Sara en el Caribe con Trayectoria Hacia M\u00e9xico"}]},{"@type":"WebSite","@id":"https:\/\/www.sonoraenequipo.com.mx\/#website","url":"https:\/\/www.sonoraenequipo.com.mx\/","name":"Sonora en Equipo.","description":"Diario en l\u00ednea con Noticias desde Hermosillo, Sonora","publisher":{"@id":"https:\/\/www.sonoraenequipo.com.mx\/#organization"},"potentialAction":[{"@type":"SearchAction","target":{"@type":"EntryPoint","urlTemplate":"https:\/\/www.sonoraenequipo.com.mx\/?s={search_term_string}"},"query-input":{"@type":"PropertyValueSpecification","valueRequired":true,"valueName":"search_term_string"}}],"inLanguage":"es"},{"@type":"Organization","@id":"https:\/\/www.sonoraenequipo.com.mx\/#organization","name":"Sonoraenequipo.com.mx","url":"https:\/\/www.sonoraenequipo.com.mx\/","logo":{"@type":"ImageObject","inLanguage":"es","@id":"https:\/\/www.sonoraenequipo.com.mx\/#\/schema\/logo\/image\/","url":"https:\/\/www.sonoraenequipo.com.mx\/storage\/2019\/01\/sonoraenequipo_opt.png","contentUrl":"https:\/\/www.sonoraenequipo.com.mx\/storage\/2019\/01\/sonoraenequipo_opt.png","width":375,"height":125,"caption":"Sonoraenequipo.com.mx"},"image":{"@id":"https:\/\/www.sonoraenequipo.com.mx\/#\/schema\/logo\/image\/"},"sameAs":["https:\/\/www.facebook.com\/SonoraEE\/","https:\/\/x.com\/sonoraenequipo","https:\/\/www.youtube.com\/channel\/UC338nW-lPEYmJQs4ZABQ1SQ"]},{"@type":"Person","@id":"https:\/\/www.sonoraenequipo.com.mx\/#\/schema\/person\/50102df0fb23a8fa9e8effad8fa81386","name":"enequipo","image":{"@type":"ImageObject","inLanguage":"es","@id":"https:\/\/www.sonoraenequipo.com.mx\/#\/schema\/person\/image\/","url":"https:\/\/secure.gravatar.com\/avatar\/049821681b589dabc0bc20695993ccebb09f5b5d4d790cd9251b97faac7c652b?s=96&d=blank&r=g","contentUrl":"https:\/\/secure.gravatar.com\/avatar\/049821681b589dabc0bc20695993ccebb09f5b5d4d790cd9251b97faac7c652b?s=96&d=blank&r=g","caption":"enequipo"},"sameAs":["https:\/\/www.facebook.com\/SonoraEE"]}]}},"jetpack_featured_media_url":"https:\/\/www.sonoraenequipo.com.mx\/storage\/2024\/11\/tormenta-tropical-sara-min.jpg","_links":{"self":[{"href":"https:\/\/www.sonoraenequipo.com.mx\/api\/wp\/v2\/posts\/204086","targetHints":{"allow":["GET"]}}],"collection":[{"href":"https:\/\/www.sonoraenequipo.com.mx\/api\/wp\/v2\/posts"}],"about":[{"href":"https:\/\/www.sonoraenequipo.com.mx\/api\/wp\/v2\/types\/post"}],"author":[{"embeddable":true,"href":"https:\/\/www.sonoraenequipo.com.mx\/api\/wp\/v2\/users\/1"}],"replies":[{"embeddable":true,"href":"https:\/\/www.sonoraenequipo.com.mx\/api\/wp\/v2\/comments?post=204086"}],"version-history":[{"count":2,"href":"https:\/\/www.sonoraenequipo.com.mx\/api\/wp\/v2\/posts\/204086\/revisions"}],"predecessor-version":[{"id":204093,"href":"https:\/\/www.sonoraenequipo.com.mx\/api\/wp\/v2\/posts\/204086\/revisions\/204093"}],"wp:featuredmedia":[{"embeddable":true,"href":"https:\/\/www.sonoraenequipo.com.mx\/api\/wp\/v2\/media\/204088"}],"wp:attachment":[{"href":"https:\/\/www.sonoraenequipo.com.mx\/api\/wp\/v2\/media?parent=204086"}],"wp:term":[{"taxonomy":"category","embeddable":true,"href":"https:\/\/www.sonoraenequipo.com.mx\/api\/wp\/v2\/categories?post=204086"},{"taxonomy":"post_tag","embeddable":true,"href":"https:\/\/www.sonoraenequipo.com.mx\/api\/wp\/v2\/tags?post=204086"}],"curies":[{"name":"wp","href":"https:\/\/api.w.org\/{rel}","templated":true}]}}