{"id":204104,"date":"2024-11-14T15:10:08","date_gmt":"2024-11-14T22:10:08","guid":{"rendered":"https:\/\/www.sonoraenequipo.com.mx\/?p=204104"},"modified":"2024-11-14T15:05:38","modified_gmt":"2024-11-14T22:05:38","slug":"descubren-en-america-del-sur-el-primer-craneo-completo-de-un-pajaro-de-la-era-mesozoica","status":"publish","type":"post","link":"https:\/\/www.sonoraenequipo.com.mx\/descubren-en-america-del-sur-el-primer-craneo-completo-de-un-pajaro-de-la-era-mesozoica\/","title":{"rendered":"Descubren en Am\u00e9rica del Sur el primer cr\u00e1neo completo de un p\u00e1jaro de la era Mesozoica"},"content":{"rendered":"<p><strong>BUENOS AIRES, ARGENTINA. \u2014 <\/strong>Un equipo internacional del que particip\u00f3 un cient\u00edfico del Consejo Nacional de Investigaciones Cient\u00edficas y T\u00e9cnicas (Conicet) de Argentina, descubri\u00f3 en Brasil el f\u00f3sil de un cr\u00e1neo completo y bien preservado de un p\u00e1jaro de 80 millones de a\u00f1os de antig\u00fcedad (era Mesozoica), un hallazgo considerado clave para entender la evoluci\u00f3n de las aves.<\/p>\n<p>&nbsp;<\/p>\n<p>&nbsp;<\/p>\n<p>&nbsp;<\/p>\n<p>El Conicet dijo ayer mi\u00e9rcoles 13 de noviembre de 2024 a trav\u00e9s de un comunicado que el descubrimiento <strong><em>\u00abes tapa de la prestigiosa revista Nature y proporciona informaci\u00f3n valiosa sobre la evoluci\u00f3n del cr\u00e1neo y el cerebro de las aves modernas\u00bb.<\/em><\/strong><\/p>\n<p>&nbsp;<\/p>\n<p>&nbsp;<\/p>\n<p>&nbsp;<\/p>\n<p><em><strong>\u00abEn general, a la mayor\u00eda de las aves f\u00f3siles del Mesozoico se las conoce de forma incompleta o se preservan en lajas, es decir, &#8216;aplastadas como si fueran un tapiz&#8217;, dificultando la observaci\u00f3n de numerosas caracter\u00edsticas, pero encontramos cientos de restos de aves preservados tridimensionalmente y, en particular, un esqueleto con un cr\u00e1neo maravilloso, eje de este estudio\u00bb<\/strong><\/em>, dijo el cient\u00edfico argentino Agust\u00edn Martinelli.<\/p>\n<p>&nbsp;<\/p>\n<p>&nbsp;<\/p>\n<p>&nbsp;<\/p>\n<p>El experto, uno de los autores del trabajo y jefe de la Secci\u00f3n Paleontolog\u00eda de Vertebrados del Museo Argentino de Ciencias Naturales <em><strong>\u00abBernardino Rivadavia\u00bb (MACN),<\/strong><\/em> subray\u00f3 que <strong><em>\u00abeste f\u00f3sil permite conocer en detalle la anatom\u00eda de un ave primitiva que llena un vac\u00edo entre las primeras aves y las aves modernas\u00bb.<\/em><\/strong><\/p>\n<p>&nbsp;<\/p>\n<p>&nbsp;<\/p>\n<p>&nbsp;<\/p>\n<p>El Conicet explic\u00f3 que las aves son el \u00fanico grupo de dinosaurios que sobrevivi\u00f3 a la extinci\u00f3n masiva que marc\u00f3 el final de la Era Mesozoica, tambi\u00e9n conocida como \u00abE<em><strong>ra de los dinosaurios\u00bb<\/strong><\/em>, hace 65 millones de a\u00f1os.<\/p>\n<p>&nbsp;<\/p>\n<p>&nbsp;<\/p>\n<p>Despu\u00e9s, durante el Cenozoico, las aves se diversificaron masivamente, siendo abundantes en cada rinc\u00f3n del planeta, desde las zonas polares hasta los tr\u00f3picos.<\/p>\n<p>&nbsp;<\/p>\n<p>&nbsp;<\/p>\n<p>&nbsp;<\/p>\n<p>El f\u00f3sil del ave fue encontrado en la regi\u00f3n de Presidente Prudente, en el estado de San Pablo (sureste), en Brasil, y recibi\u00f3 el nombre cient\u00edfico de Navaornis hestiae en honor al paleont\u00f3logo brasilero William Nava, descubridor de la localidad fosil\u00edfera.<\/p>\n<p>&nbsp;<\/p>\n<p>&nbsp;<\/p>\n<p>&nbsp;<\/p>\n<p>La informaci\u00f3n del organismo cient\u00edfico de Argentina precis\u00f3 que \u00ab<em><strong>Navaornis era un ave enantiornites, uno de los grupos m\u00e1s diversos y exitosos de aves del Mesozoico. La informaci\u00f3n que revela su estudio llena un vac\u00edo que existe entre el ave m\u00e1s antigua conocida del Jur\u00e1sico, Archaeopteryx, y las aves modernas\u00bb.<\/strong><\/em><\/p>\n<p>&nbsp;<\/p>\n<p>&nbsp;<\/p>\n<p>&nbsp;<\/p>\n<p>El experto Guillermo Naval\u00f3n, coautor principal del estudio e investigador de la Universidad de Cambridge, Reino Unido, agreg\u00f3 que <strong><em>\u00abla estructura cerebral de Navaornis es casi exactamente intermedia entre la del Archaeopteryx y las aves modernas; fue uno de esos momentos en los que la pieza faltante encaj\u00f3 absolutamente a la perfecci\u00f3n\u00bb.<\/em><\/strong><\/p>\n<p>&nbsp;<\/p>\n<p>&nbsp;<\/p>\n<p>&nbsp;<\/p>\n<p>PUBLICADO EL 14 DE NOVIEMBRE DE 2024 Con informaci\u00f3n de Xinhua)<\/p>\n","protected":false},"excerpt":{"rendered":"<p>BUENOS AIRES, ARGENTINA. \u2014 Un equipo internacional del que particip\u00f3 un cient\u00edfico del Consejo Nacional&#8230;<\/p>\n","protected":false},"author":1,"featured_media":204105,"comment_status":"open","ping_status":"open","sticky":false,"template":"","format":"standard","meta":{"_monsterinsights_skip_tracking":false,"_monsterinsights_sitenote_active":false,"_monsterinsights_sitenote_note":"","_monsterinsights_sitenote_category":0,"footnotes":""},"categories":[2216],"tags":[],"class_list":["post"],"yoast_head":" \n<title>Sonora en Equipo. Descubren en Am\u00e9rica del Sur el primer cr\u00e1neo completo de un p\u00e1jaro de la era Mesozoica Ciencia y Tecnolog\u00eda<\/title>\n<meta name=\"description\" content=\"BUENOS AIRES, ARGENTINA. \u2014 Un equipo internacional del que particip\u00f3 un cient\u00edfico del Consejo Nacional de Investigaciones Cient\u00edficas y T\u00e9cnicas En Sonora en Equipo publicamos toda la informaci\u00f3n de Sonora, M\u00e9xico y el Mundo de manera oportuna y busca que la libertad de expresi\u00f3n sea real. Visita nuestro medio informativo publicado desde Hermosillo, Sonora. %\" \/>\n<meta name=\"robots\" content=\"index, follow, max-snippet:-1, max-image-preview:large, max-video-preview:-1\" \/>\n<link rel=\"canonical\" href=\"https:\/\/www.sonoraenequipo.com.mx\/descubren-en-america-del-sur-el-primer-craneo-completo-de-un-pajaro-de-la-era-mesozoica\/\" \/>\n<meta property=\"og:locale\" content=\"es_ES\" \/>\n<meta property=\"og:type\" content=\"article\" \/>\n<meta property=\"og:title\" content=\"Sonora en Equipo. Descubren en Am\u00e9rica del Sur el primer cr\u00e1neo completo de un p\u00e1jaro de la era Mesozoica Ciencia y Tecnolog\u00eda\" \/>\n<meta property=\"og:description\" content=\"BUENOS AIRES, ARGENTINA. \u2014 Un equipo internacional del que particip\u00f3 un cient\u00edfico del Consejo Nacional de Investigaciones Cient\u00edficas y T\u00e9cnicas En Sonora en Equipo publicamos toda la informaci\u00f3n de Sonora, M\u00e9xico y el Mundo de manera oportuna y busca que la libertad de expresi\u00f3n sea real. Visita nuestro medio informativo publicado desde Hermosillo, Sonora. %\" \/>\n<meta property=\"og:url\" content=\"https:\/\/www.sonoraenequipo.com.mx\/descubren-en-america-del-sur-el-primer-craneo-completo-de-un-pajaro-de-la-era-mesozoica\/\" \/>\n<meta property=\"og:site_name\" content=\"Sonora en Equipo.\" \/>\n<meta property=\"article:publisher\" content=\"https:\/\/www.facebook.com\/SonoraEE\/\" \/>\n<meta property=\"article:author\" content=\"https:\/\/www.facebook.com\/SonoraEE\" \/>\n<meta property=\"article:published_time\" content=\"2024-11-14T22:10:08+00:00\" \/>\n<meta property=\"og:image\" content=\"https:\/\/www.sonoraenequipo.com.mx\/storage\/2024\/11\/Descubren-el-primer-craneo-completo-de-un-pajaro-de-la-era-Mesozoica-min.jpg\" \/>\n\t<meta property=\"og:image:width\" content=\"995\" \/>\n\t<meta property=\"og:image:height\" content=\"560\" \/>\n\t<meta property=\"og:image:type\" content=\"image\/jpeg\" \/>\n<meta name=\"author\" content=\"enequipo\" \/>\n<meta name=\"twitter:card\" content=\"summary_large_image\" \/>\n<meta name=\"twitter:creator\" content=\"@sonoraenequipo\" \/>\n<meta name=\"twitter:site\" content=\"@sonoraenequipo\" \/>\n<meta name=\"twitter:label1\" content=\"Escrito por\" \/>\n\t<meta name=\"twitter:data1\" content=\"enequipo\" \/>\n\t<meta name=\"twitter:label2\" content=\"Tiempo de lectura\" \/>\n\t<meta name=\"twitter:data2\" content=\"2 minutos\" \/>\n<script type=\"application\/ld+json\" class=\"yoast-schema-graph\">{\"@context\":\"https:\/\/schema.org\",\"@graph\":[{\"@type\":\"Article\",\"@id\":\"https:\/\/www.sonoraenequipo.com.mx\/descubren-en-america-del-sur-el-primer-craneo-completo-de-un-pajaro-de-la-era-mesozoica\/#article\",\"isPartOf\":{\"@id\":\"https:\/\/www.sonoraenequipo.com.mx\/descubren-en-america-del-sur-el-primer-craneo-completo-de-un-pajaro-de-la-era-mesozoica\/\"},\"author\":{\"name\":\"enequipo\",\"@id\":\"https:\/\/www.sonoraenequipo.com.mx\/#\/schema\/person\/50102df0fb23a8fa9e8effad8fa81386\"},\"headline\":\"Descubren en Am\u00e9rica del Sur el primer cr\u00e1neo completo de un p\u00e1jaro de la era Mesozoica\",\"datePublished\":\"2024-11-14T22:10:08+00:00\",\"mainEntityOfPage\":{\"@id\":\"https:\/\/www.sonoraenequipo.com.mx\/descubren-en-america-del-sur-el-primer-craneo-completo-de-un-pajaro-de-la-era-mesozoica\/\"},\"wordCount\":515,\"commentCount\":0,\"publisher\":{\"@id\":\"https:\/\/www.sonoraenequipo.com.mx\/#organization\"},\"image\":{\"@id\":\"https:\/\/www.sonoraenequipo.com.mx\/descubren-en-america-del-sur-el-primer-craneo-completo-de-un-pajaro-de-la-era-mesozoica\/#primaryimage\"},\"thumbnailUrl\":\"https:\/\/www.sonoraenequipo.com.mx\/storage\/2024\/11\/Descubren-el-primer-craneo-completo-de-un-pajaro-de-la-era-Mesozoica-min.jpg\",\"articleSection\":[\"Ciencia y Tecnolog\u00eda\"],\"inLanguage\":\"es\",\"potentialAction\":[{\"@type\":\"CommentAction\",\"name\":\"Comment\",\"target\":[\"https:\/\/www.sonoraenequipo.com.mx\/descubren-en-america-del-sur-el-primer-craneo-completo-de-un-pajaro-de-la-era-mesozoica\/#respond\"]}]},{\"@type\":\"WebPage\",\"@id\":\"https:\/\/www.sonoraenequipo.com.mx\/descubren-en-america-del-sur-el-primer-craneo-completo-de-un-pajaro-de-la-era-mesozoica\/\",\"url\":\"https:\/\/www.sonoraenequipo.com.mx\/descubren-en-america-del-sur-el-primer-craneo-completo-de-un-pajaro-de-la-era-mesozoica\/\",\"name\":\"Sonora en Equipo. Descubren en Am\u00e9rica del Sur el primer cr\u00e1neo completo de un p\u00e1jaro de la era Mesozoica Ciencia y Tecnolog\u00eda\",\"isPartOf\":{\"@id\":\"https:\/\/www.sonoraenequipo.com.mx\/#website\"},\"primaryImageOfPage\":{\"@id\":\"https:\/\/www.sonoraenequipo.com.mx\/descubren-en-america-del-sur-el-primer-craneo-completo-de-un-pajaro-de-la-era-mesozoica\/#primaryimage\"},\"image\":{\"@id\":\"https:\/\/www.sonoraenequipo.com.mx\/descubren-en-america-del-sur-el-primer-craneo-completo-de-un-pajaro-de-la-era-mesozoica\/#primaryimage\"},\"thumbnailUrl\":\"https:\/\/www.sonoraenequipo.com.mx\/storage\/2024\/11\/Descubren-el-primer-craneo-completo-de-un-pajaro-de-la-era-Mesozoica-min.jpg\",\"datePublished\":\"2024-11-14T22:10:08+00:00\",\"description\":\"BUENOS AIRES, ARGENTINA. \u2014 Un equipo internacional del que particip\u00f3 un cient\u00edfico del Consejo Nacional de Investigaciones Cient\u00edficas y T\u00e9cnicas En Sonora en Equipo publicamos toda la informaci\u00f3n de Sonora, M\u00e9xico y el Mundo de manera oportuna y busca que la libertad de expresi\u00f3n sea real. Visita nuestro medio informativo publicado desde Hermosillo, Sonora. %\",\"breadcrumb\":{\"@id\":\"https:\/\/www.sonoraenequipo.com.mx\/descubren-en-america-del-sur-el-primer-craneo-completo-de-un-pajaro-de-la-era-mesozoica\/#breadcrumb\"},\"inLanguage\":\"es\",\"potentialAction\":[{\"@type\":\"ReadAction\",\"target\":[\"https:\/\/www.sonoraenequipo.com.mx\/descubren-en-america-del-sur-el-primer-craneo-completo-de-un-pajaro-de-la-era-mesozoica\/\"]}]},{\"@type\":\"ImageObject\",\"inLanguage\":\"es\",\"@id\":\"https:\/\/www.sonoraenequipo.com.mx\/descubren-en-america-del-sur-el-primer-craneo-completo-de-un-pajaro-de-la-era-mesozoica\/#primaryimage\",\"url\":\"https:\/\/www.sonoraenequipo.com.mx\/storage\/2024\/11\/Descubren-el-primer-craneo-completo-de-un-pajaro-de-la-era-Mesozoica-min.jpg\",\"contentUrl\":\"https:\/\/www.sonoraenequipo.com.mx\/storage\/2024\/11\/Descubren-el-primer-craneo-completo-de-un-pajaro-de-la-era-Mesozoica-min.jpg\",\"width\":995,\"height\":560},{\"@type\":\"BreadcrumbList\",\"@id\":\"https:\/\/www.sonoraenequipo.com.mx\/descubren-en-america-del-sur-el-primer-craneo-completo-de-un-pajaro-de-la-era-mesozoica\/#breadcrumb\",\"itemListElement\":[{\"@type\":\"ListItem\",\"position\":1,\"name\":\"Portada\",\"item\":\"https:\/\/www.sonoraenequipo.com.mx\/\"},{\"@type\":\"ListItem\",\"position\":2,\"name\":\"Descubren en Am\u00e9rica del Sur el primer cr\u00e1neo completo de un p\u00e1jaro de la era Mesozoica\"}]},{\"@type\":\"WebSite\",\"@id\":\"https:\/\/www.sonoraenequipo.com.mx\/#website\",\"url\":\"https:\/\/www.sonoraenequipo.com.mx\/\",\"name\":\"Sonora en Equipo.\",\"description\":\"Diario en l\u00ednea con Noticias desde Hermosillo, Sonora\",\"publisher\":{\"@id\":\"https:\/\/www.sonoraenequipo.com.mx\/#organization\"},\"potentialAction\":[{\"@type\":\"SearchAction\",\"target\":{\"@type\":\"EntryPoint\",\"urlTemplate\":\"https:\/\/www.sonoraenequipo.com.mx\/?s={search_term_string}\"},\"query-input\":{\"@type\":\"PropertyValueSpecification\",\"valueRequired\":true,\"valueName\":\"search_term_string\"}}],\"inLanguage\":\"es\"},{\"@type\":\"Organization\",\"@id\":\"https:\/\/www.sonoraenequipo.com.mx\/#organization\",\"name\":\"Sonoraenequipo.com.mx\",\"url\":\"https:\/\/www.sonoraenequipo.com.mx\/\",\"logo\":{\"@type\":\"ImageObject\",\"inLanguage\":\"es\",\"@id\":\"https:\/\/www.sonoraenequipo.com.mx\/#\/schema\/logo\/image\/\",\"url\":\"https:\/\/www.sonoraenequipo.com.mx\/storage\/2019\/01\/sonoraenequipo_opt.png\",\"contentUrl\":\"https:\/\/www.sonoraenequipo.com.mx\/storage\/2019\/01\/sonoraenequipo_opt.png\",\"width\":375,\"height\":125,\"caption\":\"Sonoraenequipo.com.mx\"},\"image\":{\"@id\":\"https:\/\/www.sonoraenequipo.com.mx\/#\/schema\/logo\/image\/\"},\"sameAs\":[\"https:\/\/www.facebook.com\/SonoraEE\/\",\"https:\/\/x.com\/sonoraenequipo\",\"https:\/\/www.youtube.com\/channel\/UC338nW-lPEYmJQs4ZABQ1SQ\"]},{\"@type\":\"Person\",\"@id\":\"https:\/\/www.sonoraenequipo.com.mx\/#\/schema\/person\/50102df0fb23a8fa9e8effad8fa81386\",\"name\":\"enequipo\",\"image\":{\"@type\":\"ImageObject\",\"inLanguage\":\"es\",\"@id\":\"https:\/\/www.sonoraenequipo.com.mx\/#\/schema\/person\/image\/\",\"url\":\"https:\/\/secure.gravatar.com\/avatar\/049821681b589dabc0bc20695993ccebb09f5b5d4d790cd9251b97faac7c652b?s=96&d=blank&r=g\",\"contentUrl\":\"https:\/\/secure.gravatar.com\/avatar\/049821681b589dabc0bc20695993ccebb09f5b5d4d790cd9251b97faac7c652b?s=96&d=blank&r=g\",\"caption\":\"enequipo\"},\"sameAs\":[\"https:\/\/www.facebook.com\/SonoraEE\"]}]}<\/script>\n ","yoast_head_json":{"title":"Sonora en Equipo. Descubren en Am\u00e9rica del Sur el primer cr\u00e1neo completo de un p\u00e1jaro de la era Mesozoica Ciencia y Tecnolog\u00eda","description":"BUENOS AIRES, ARGENTINA. \u2014 Un equipo internacional del que particip\u00f3 un cient\u00edfico del Consejo Nacional de Investigaciones Cient\u00edficas y T\u00e9cnicas En Sonora en Equipo publicamos toda la informaci\u00f3n de Sonora, M\u00e9xico y el Mundo de manera oportuna y busca que la libertad de expresi\u00f3n sea real. Visita nuestro medio informativo publicado desde Hermosillo, Sonora. %","robots":{"index":"index","follow":"follow","max-snippet":"max-snippet:-1","max-image-preview":"max-image-preview:large","max-video-preview":"max-video-preview:-1"},"canonical":"https:\/\/www.sonoraenequipo.com.mx\/descubren-en-america-del-sur-el-primer-craneo-completo-de-un-pajaro-de-la-era-mesozoica\/","og_locale":"es_ES","og_type":"article","og_title":"Sonora en Equipo. Descubren en Am\u00e9rica del Sur el primer cr\u00e1neo completo de un p\u00e1jaro de la era Mesozoica Ciencia y Tecnolog\u00eda","og_description":"BUENOS AIRES, ARGENTINA. \u2014 Un equipo internacional del que particip\u00f3 un cient\u00edfico del Consejo Nacional de Investigaciones Cient\u00edficas y T\u00e9cnicas En Sonora en Equipo publicamos toda la informaci\u00f3n de Sonora, M\u00e9xico y el Mundo de manera oportuna y busca que la libertad de expresi\u00f3n sea real. Visita nuestro medio informativo publicado desde Hermosillo, Sonora. %","og_url":"https:\/\/www.sonoraenequipo.com.mx\/descubren-en-america-del-sur-el-primer-craneo-completo-de-un-pajaro-de-la-era-mesozoica\/","og_site_name":"Sonora en Equipo.","article_publisher":"https:\/\/www.facebook.com\/SonoraEE\/","article_author":"https:\/\/www.facebook.com\/SonoraEE","article_published_time":"2024-11-14T22:10:08+00:00","og_image":[{"width":995,"height":560,"url":"https:\/\/www.sonoraenequipo.com.mx\/storage\/2024\/11\/Descubren-el-primer-craneo-completo-de-un-pajaro-de-la-era-Mesozoica-min.jpg","type":"image\/jpeg"}],"author":"enequipo","twitter_card":"summary_large_image","twitter_creator":"@sonoraenequipo","twitter_site":"@sonoraenequipo","twitter_misc":{"Escrito por":"enequipo","Tiempo de lectura":"2 minutos"},"schema":{"@context":"https:\/\/schema.org","@graph":[{"@type":"Article","@id":"https:\/\/www.sonoraenequipo.com.mx\/descubren-en-america-del-sur-el-primer-craneo-completo-de-un-pajaro-de-la-era-mesozoica\/#article","isPartOf":{"@id":"https:\/\/www.sonoraenequipo.com.mx\/descubren-en-america-del-sur-el-primer-craneo-completo-de-un-pajaro-de-la-era-mesozoica\/"},"author":{"name":"enequipo","@id":"https:\/\/www.sonoraenequipo.com.mx\/#\/schema\/person\/50102df0fb23a8fa9e8effad8fa81386"},"headline":"Descubren en Am\u00e9rica del Sur el primer cr\u00e1neo completo de un p\u00e1jaro de la era Mesozoica","datePublished":"2024-11-14T22:10:08+00:00","mainEntityOfPage":{"@id":"https:\/\/www.sonoraenequipo.com.mx\/descubren-en-america-del-sur-el-primer-craneo-completo-de-un-pajaro-de-la-era-mesozoica\/"},"wordCount":515,"commentCount":0,"publisher":{"@id":"https:\/\/www.sonoraenequipo.com.mx\/#organization"},"image":{"@id":"https:\/\/www.sonoraenequipo.com.mx\/descubren-en-america-del-sur-el-primer-craneo-completo-de-un-pajaro-de-la-era-mesozoica\/#primaryimage"},"thumbnailUrl":"https:\/\/www.sonoraenequipo.com.mx\/storage\/2024\/11\/Descubren-el-primer-craneo-completo-de-un-pajaro-de-la-era-Mesozoica-min.jpg","articleSection":["Ciencia y Tecnolog\u00eda"],"inLanguage":"es","potentialAction":[{"@type":"CommentAction","name":"Comment","target":["https:\/\/www.sonoraenequipo.com.mx\/descubren-en-america-del-sur-el-primer-craneo-completo-de-un-pajaro-de-la-era-mesozoica\/#respond"]}]},{"@type":"WebPage","@id":"https:\/\/www.sonoraenequipo.com.mx\/descubren-en-america-del-sur-el-primer-craneo-completo-de-un-pajaro-de-la-era-mesozoica\/","url":"https:\/\/www.sonoraenequipo.com.mx\/descubren-en-america-del-sur-el-primer-craneo-completo-de-un-pajaro-de-la-era-mesozoica\/","name":"Sonora en Equipo. Descubren en Am\u00e9rica del Sur el primer cr\u00e1neo completo de un p\u00e1jaro de la era Mesozoica Ciencia y Tecnolog\u00eda","isPartOf":{"@id":"https:\/\/www.sonoraenequipo.com.mx\/#website"},"primaryImageOfPage":{"@id":"https:\/\/www.sonoraenequipo.com.mx\/descubren-en-america-del-sur-el-primer-craneo-completo-de-un-pajaro-de-la-era-mesozoica\/#primaryimage"},"image":{"@id":"https:\/\/www.sonoraenequipo.com.mx\/descubren-en-america-del-sur-el-primer-craneo-completo-de-un-pajaro-de-la-era-mesozoica\/#primaryimage"},"thumbnailUrl":"https:\/\/www.sonoraenequipo.com.mx\/storage\/2024\/11\/Descubren-el-primer-craneo-completo-de-un-pajaro-de-la-era-Mesozoica-min.jpg","datePublished":"2024-11-14T22:10:08+00:00","description":"BUENOS AIRES, ARGENTINA. \u2014 Un equipo internacional del que particip\u00f3 un cient\u00edfico del Consejo Nacional de Investigaciones Cient\u00edficas y T\u00e9cnicas En Sonora en Equipo publicamos toda la informaci\u00f3n de Sonora, M\u00e9xico y el Mundo de manera oportuna y busca que la libertad de expresi\u00f3n sea real. Visita nuestro medio informativo publicado desde Hermosillo, Sonora. %","breadcrumb":{"@id":"https:\/\/www.sonoraenequipo.com.mx\/descubren-en-america-del-sur-el-primer-craneo-completo-de-un-pajaro-de-la-era-mesozoica\/#breadcrumb"},"inLanguage":"es","potentialAction":[{"@type":"ReadAction","target":["https:\/\/www.sonoraenequipo.com.mx\/descubren-en-america-del-sur-el-primer-craneo-completo-de-un-pajaro-de-la-era-mesozoica\/"]}]},{"@type":"ImageObject","inLanguage":"es","@id":"https:\/\/www.sonoraenequipo.com.mx\/descubren-en-america-del-sur-el-primer-craneo-completo-de-un-pajaro-de-la-era-mesozoica\/#primaryimage","url":"https:\/\/www.sonoraenequipo.com.mx\/storage\/2024\/11\/Descubren-el-primer-craneo-completo-de-un-pajaro-de-la-era-Mesozoica-min.jpg","contentUrl":"https:\/\/www.sonoraenequipo.com.mx\/storage\/2024\/11\/Descubren-el-primer-craneo-completo-de-un-pajaro-de-la-era-Mesozoica-min.jpg","width":995,"height":560},{"@type":"BreadcrumbList","@id":"https:\/\/www.sonoraenequipo.com.mx\/descubren-en-america-del-sur-el-primer-craneo-completo-de-un-pajaro-de-la-era-mesozoica\/#breadcrumb","itemListElement":[{"@type":"ListItem","position":1,"name":"Portada","item":"https:\/\/www.sonoraenequipo.com.mx\/"},{"@type":"ListItem","position":2,"name":"Descubren en Am\u00e9rica del Sur el primer cr\u00e1neo completo de un p\u00e1jaro de la era Mesozoica"}]},{"@type":"WebSite","@id":"https:\/\/www.sonoraenequipo.com.mx\/#website","url":"https:\/\/www.sonoraenequipo.com.mx\/","name":"Sonora en Equipo.","description":"Diario en l\u00ednea con Noticias desde Hermosillo, Sonora","publisher":{"@id":"https:\/\/www.sonoraenequipo.com.mx\/#organization"},"potentialAction":[{"@type":"SearchAction","target":{"@type":"EntryPoint","urlTemplate":"https:\/\/www.sonoraenequipo.com.mx\/?s={search_term_string}"},"query-input":{"@type":"PropertyValueSpecification","valueRequired":true,"valueName":"search_term_string"}}],"inLanguage":"es"},{"@type":"Organization","@id":"https:\/\/www.sonoraenequipo.com.mx\/#organization","name":"Sonoraenequipo.com.mx","url":"https:\/\/www.sonoraenequipo.com.mx\/","logo":{"@type":"ImageObject","inLanguage":"es","@id":"https:\/\/www.sonoraenequipo.com.mx\/#\/schema\/logo\/image\/","url":"https:\/\/www.sonoraenequipo.com.mx\/storage\/2019\/01\/sonoraenequipo_opt.png","contentUrl":"https:\/\/www.sonoraenequipo.com.mx\/storage\/2019\/01\/sonoraenequipo_opt.png","width":375,"height":125,"caption":"Sonoraenequipo.com.mx"},"image":{"@id":"https:\/\/www.sonoraenequipo.com.mx\/#\/schema\/logo\/image\/"},"sameAs":["https:\/\/www.facebook.com\/SonoraEE\/","https:\/\/x.com\/sonoraenequipo","https:\/\/www.youtube.com\/channel\/UC338nW-lPEYmJQs4ZABQ1SQ"]},{"@type":"Person","@id":"https:\/\/www.sonoraenequipo.com.mx\/#\/schema\/person\/50102df0fb23a8fa9e8effad8fa81386","name":"enequipo","image":{"@type":"ImageObject","inLanguage":"es","@id":"https:\/\/www.sonoraenequipo.com.mx\/#\/schema\/person\/image\/","url":"https:\/\/secure.gravatar.com\/avatar\/049821681b589dabc0bc20695993ccebb09f5b5d4d790cd9251b97faac7c652b?s=96&d=blank&r=g","contentUrl":"https:\/\/secure.gravatar.com\/avatar\/049821681b589dabc0bc20695993ccebb09f5b5d4d790cd9251b97faac7c652b?s=96&d=blank&r=g","caption":"enequipo"},"sameAs":["https:\/\/www.facebook.com\/SonoraEE"]}]}},"jetpack_featured_media_url":"https:\/\/www.sonoraenequipo.com.mx\/storage\/2024\/11\/Descubren-el-primer-craneo-completo-de-un-pajaro-de-la-era-Mesozoica-min.jpg","_links":{"self":[{"href":"https:\/\/www.sonoraenequipo.com.mx\/api\/wp\/v2\/posts\/204104","targetHints":{"allow":["GET"]}}],"collection":[{"href":"https:\/\/www.sonoraenequipo.com.mx\/api\/wp\/v2\/posts"}],"about":[{"href":"https:\/\/www.sonoraenequipo.com.mx\/api\/wp\/v2\/types\/post"}],"author":[{"embeddable":true,"href":"https:\/\/www.sonoraenequipo.com.mx\/api\/wp\/v2\/users\/1"}],"replies":[{"embeddable":true,"href":"https:\/\/www.sonoraenequipo.com.mx\/api\/wp\/v2\/comments?post=204104"}],"version-history":[{"count":1,"href":"https:\/\/www.sonoraenequipo.com.mx\/api\/wp\/v2\/posts\/204104\/revisions"}],"predecessor-version":[{"id":204106,"href":"https:\/\/www.sonoraenequipo.com.mx\/api\/wp\/v2\/posts\/204104\/revisions\/204106"}],"wp:featuredmedia":[{"embeddable":true,"href":"https:\/\/www.sonoraenequipo.com.mx\/api\/wp\/v2\/media\/204105"}],"wp:attachment":[{"href":"https:\/\/www.sonoraenequipo.com.mx\/api\/wp\/v2\/media?parent=204104"}],"wp:term":[{"taxonomy":"category","embeddable":true,"href":"https:\/\/www.sonoraenequipo.com.mx\/api\/wp\/v2\/categories?post=204104"},{"taxonomy":"post_tag","embeddable":true,"href":"https:\/\/www.sonoraenequipo.com.mx\/api\/wp\/v2\/tags?post=204104"}],"curies":[{"name":"wp","href":"https:\/\/api.w.org\/{rel}","templated":true}]}}