{"id":204132,"date":"2024-11-14T12:35:22","date_gmt":"2024-11-14T19:35:22","guid":{"rendered":"https:\/\/www.sonoraenequipo.com.mx\/?p=204132"},"modified":"2024-11-14T21:46:12","modified_gmt":"2024-11-15T04:46:12","slug":"mexico-envia-nota-diplomatica-a-ee-uu-por-declaraciones-de-embajador-salazar","status":"publish","type":"post","link":"https:\/\/www.sonoraenequipo.com.mx\/mexico-envia-nota-diplomatica-a-ee-uu-por-declaraciones-de-embajador-salazar\/","title":{"rendered":"M\u00e9xico env\u00eda nota diplom\u00e1tica a EE. UU. por declaraciones de embajador Salazar"},"content":{"rendered":"<p><strong>CIUDAD DE M\u00c9XICO, MX. \u2014 <\/strong>&nbsp;El Gobierno de M\u00e9xico envi\u00f3 este mi\u00e9rcoles una nota diplom\u00e1tica al de Estados Unidos por las declaraciones emitidas hoy por el embajador estadounidense Ken Salazar, quien critic\u00f3 a las autoridades mexicanas por \u00abnegar la realidad\u00bb de la violencia que se registra en el pa\u00eds.<\/p>\n<p>&nbsp;<\/p>\n<p>&nbsp;<\/p>\n<p> <\/p>\n<p><em><strong>\u00abEn la nota, M\u00e9xico manifest\u00f3 su extra\u00f1amiento por los mensajes emitidos por el actual embajador de Estados Unidos en nuestro pa\u00eds\u00bb,<\/strong><\/em> inform\u00f3 la Canciller\u00eda mexicana, en un comunicado.<\/p>\n<p>&nbsp;<\/p>\n<p>&nbsp;<\/p>\n<p>M\u00e1s temprano, Salazar dijo a periodistas que la escasez de recursos en el presupuesto de seguridad de M\u00e9xico afecta la capacidad del pa\u00eds latinoamericano para enfrentar la corrupci\u00f3n e implementar justicia de manera efectiva.<\/p>\n<p>&nbsp;<\/p>\n<p>&nbsp;<\/p>\n<p>&nbsp;<\/p>\n<p>Para Salazar, el \u00e9xito de la lucha contra la inseguridad requiere de \u00abrecursos verdaderos\u00bb y una justicia que combata la corrupci\u00f3n en todos los niveles.<\/p>\n<p>&nbsp;<\/p>\n<p>&nbsp;<\/p>\n<p>&nbsp;<\/p>\n<p>Lament\u00f3, adem\u00e1s, la fallida estrategia de \u00ababrazos, no balazos\u00bb del expresidente de M\u00e9xico, Andr\u00e9s Manuel L\u00f3pez Obrador (2018-2024).<\/p>\n<p>&nbsp;<\/p>\n<p>&nbsp;<\/p>\n<p>&nbsp;<\/p>\n<p>En agosto pasado, L\u00f3pez Obrador afirm\u00f3 que Estados Unidos ha aplicado una pol\u00edtica intervencionista durante muchos a\u00f1os en Am\u00e9rica y calific\u00f3 como \u00abdesafortunadas\u00bb e \u00abimprudentes\u00bb las declaraciones del embajador estadounidense sobre la reforma judicial.<\/p>\n<p>&nbsp;<\/p>\n<p>&nbsp;<\/p>\n<p>&nbsp;<\/p>\n<p>Asimismo, el Gobierno mexicano hizo una \u00abpausa\u00bb en su relaci\u00f3n con la embajada de Estados Unidos por las advertencias de los diplom\u00e1ticos sobre los riesgos de la reforma para elegir por voto popular al Poder Judicial de esa naci\u00f3n.<\/p>\n<p>&nbsp;<\/p>\n<p>&nbsp;<\/p>\n<p>&nbsp;<\/p>\n<p>&nbsp;<\/p>\n<p>PUBLICADO EL 14 DE NOVIEMBRE DE 2024 Con informaci\u00f3n de Relaciones Exteriores)<\/p>\n","protected":false},"excerpt":{"rendered":"<p>CIUDAD DE M\u00c9XICO, MX. \u2014 &nbsp;El Gobierno de M\u00e9xico envi\u00f3 este mi\u00e9rcoles una nota diplom\u00e1tica&#8230;<\/p>\n","protected":false},"author":1,"featured_media":204133,"comment_status":"open","ping_status":"open","sticky":false,"template":"","format":"standard","meta":{"_monsterinsights_skip_tracking":false,"_monsterinsights_sitenote_active":false,"_monsterinsights_sitenote_note":"","_monsterinsights_sitenote_category":0,"footnotes":""},"categories":[3],"tags":[],"class_list":["post"],"yoast_head":" \n<title>Sonora en Equipo. M\u00e9xico env\u00eda nota diplom\u00e1tica a EE. UU. por declaraciones de embajador Salazar MUNDO<\/title>\n<meta name=\"description\" content=\"CIUDAD DE M\u00c9XICO, MX. \u2014 &nbsp;El Gobierno de M\u00e9xico envi\u00f3 este mi\u00e9rcoles una nota diplom\u00e1tica al de Estados Unidos por las declaraciones emitidas hoy por En Sonora en Equipo publicamos toda la informaci\u00f3n de Sonora, M\u00e9xico y el Mundo de manera oportuna y busca que la libertad de expresi\u00f3n sea real. Visita nuestro medio informativo publicado desde Hermosillo, Sonora. %\" \/>\n<meta name=\"robots\" content=\"index, follow, max-snippet:-1, max-image-preview:large, max-video-preview:-1\" \/>\n<link rel=\"canonical\" href=\"https:\/\/www.sonoraenequipo.com.mx\/mexico-envia-nota-diplomatica-a-ee-uu-por-declaraciones-de-embajador-salazar\/\" \/>\n<meta property=\"og:locale\" content=\"es_ES\" \/>\n<meta property=\"og:type\" content=\"article\" \/>\n<meta property=\"og:title\" content=\"Sonora en Equipo. M\u00e9xico env\u00eda nota diplom\u00e1tica a EE. UU. por declaraciones de embajador Salazar MUNDO\" \/>\n<meta property=\"og:description\" content=\"CIUDAD DE M\u00c9XICO, MX. \u2014 &nbsp;El Gobierno de M\u00e9xico envi\u00f3 este mi\u00e9rcoles una nota diplom\u00e1tica al de Estados Unidos por las declaraciones emitidas hoy por En Sonora en Equipo publicamos toda la informaci\u00f3n de Sonora, M\u00e9xico y el Mundo de manera oportuna y busca que la libertad de expresi\u00f3n sea real. Visita nuestro medio informativo publicado desde Hermosillo, Sonora. %\" \/>\n<meta property=\"og:url\" content=\"https:\/\/www.sonoraenequipo.com.mx\/mexico-envia-nota-diplomatica-a-ee-uu-por-declaraciones-de-embajador-salazar\/\" \/>\n<meta property=\"og:site_name\" content=\"Sonora en Equipo.\" \/>\n<meta property=\"article:publisher\" content=\"https:\/\/www.facebook.com\/SonoraEE\/\" \/>\n<meta property=\"article:author\" content=\"https:\/\/www.facebook.com\/SonoraEE\" \/>\n<meta property=\"article:published_time\" content=\"2024-11-14T19:35:22+00:00\" \/>\n<meta property=\"article:modified_time\" content=\"2024-11-15T04:46:12+00:00\" \/>\n<meta property=\"og:image\" content=\"https:\/\/www.sonoraenequipo.com.mx\/storage\/2024\/11\/ken-salazar-min.jpg\" \/>\n\t<meta property=\"og:image:width\" content=\"900\" \/>\n\t<meta property=\"og:image:height\" content=\"562\" \/>\n\t<meta property=\"og:image:type\" content=\"image\/jpeg\" \/>\n<meta name=\"author\" content=\"enequipo\" \/>\n<meta name=\"twitter:card\" content=\"summary_large_image\" \/>\n<meta name=\"twitter:creator\" content=\"@sonoraenequipo\" \/>\n<meta name=\"twitter:site\" content=\"@sonoraenequipo\" \/>\n<meta name=\"twitter:label1\" content=\"Escrito por\" \/>\n\t<meta name=\"twitter:data1\" content=\"enequipo\" \/>\n\t<meta name=\"twitter:label2\" content=\"Tiempo de lectura\" \/>\n\t<meta name=\"twitter:data2\" content=\"1 minuto\" \/>\n<script type=\"application\/ld+json\" class=\"yoast-schema-graph\">{\"@context\":\"https:\/\/schema.org\",\"@graph\":[{\"@type\":\"Article\",\"@id\":\"https:\/\/www.sonoraenequipo.com.mx\/mexico-envia-nota-diplomatica-a-ee-uu-por-declaraciones-de-embajador-salazar\/#article\",\"isPartOf\":{\"@id\":\"https:\/\/www.sonoraenequipo.com.mx\/mexico-envia-nota-diplomatica-a-ee-uu-por-declaraciones-de-embajador-salazar\/\"},\"author\":{\"name\":\"enequipo\",\"@id\":\"https:\/\/www.sonoraenequipo.com.mx\/#\/schema\/person\/50102df0fb23a8fa9e8effad8fa81386\"},\"headline\":\"M\u00e9xico env\u00eda nota diplom\u00e1tica a EE. UU. por declaraciones de embajador Salazar\",\"datePublished\":\"2024-11-14T19:35:22+00:00\",\"dateModified\":\"2024-11-15T04:46:12+00:00\",\"mainEntityOfPage\":{\"@id\":\"https:\/\/www.sonoraenequipo.com.mx\/mexico-envia-nota-diplomatica-a-ee-uu-por-declaraciones-de-embajador-salazar\/\"},\"wordCount\":298,\"commentCount\":0,\"publisher\":{\"@id\":\"https:\/\/www.sonoraenequipo.com.mx\/#organization\"},\"image\":{\"@id\":\"https:\/\/www.sonoraenequipo.com.mx\/mexico-envia-nota-diplomatica-a-ee-uu-por-declaraciones-de-embajador-salazar\/#primaryimage\"},\"thumbnailUrl\":\"https:\/\/www.sonoraenequipo.com.mx\/storage\/2024\/11\/ken-salazar-min.jpg\",\"articleSection\":[\"MUNDO\"],\"inLanguage\":\"es\",\"potentialAction\":[{\"@type\":\"CommentAction\",\"name\":\"Comment\",\"target\":[\"https:\/\/www.sonoraenequipo.com.mx\/mexico-envia-nota-diplomatica-a-ee-uu-por-declaraciones-de-embajador-salazar\/#respond\"]}]},{\"@type\":\"WebPage\",\"@id\":\"https:\/\/www.sonoraenequipo.com.mx\/mexico-envia-nota-diplomatica-a-ee-uu-por-declaraciones-de-embajador-salazar\/\",\"url\":\"https:\/\/www.sonoraenequipo.com.mx\/mexico-envia-nota-diplomatica-a-ee-uu-por-declaraciones-de-embajador-salazar\/\",\"name\":\"Sonora en Equipo. M\u00e9xico env\u00eda nota diplom\u00e1tica a EE. UU. por declaraciones de embajador Salazar MUNDO\",\"isPartOf\":{\"@id\":\"https:\/\/www.sonoraenequipo.com.mx\/#website\"},\"primaryImageOfPage\":{\"@id\":\"https:\/\/www.sonoraenequipo.com.mx\/mexico-envia-nota-diplomatica-a-ee-uu-por-declaraciones-de-embajador-salazar\/#primaryimage\"},\"image\":{\"@id\":\"https:\/\/www.sonoraenequipo.com.mx\/mexico-envia-nota-diplomatica-a-ee-uu-por-declaraciones-de-embajador-salazar\/#primaryimage\"},\"thumbnailUrl\":\"https:\/\/www.sonoraenequipo.com.mx\/storage\/2024\/11\/ken-salazar-min.jpg\",\"datePublished\":\"2024-11-14T19:35:22+00:00\",\"dateModified\":\"2024-11-15T04:46:12+00:00\",\"description\":\"CIUDAD DE M\u00c9XICO, MX. \u2014 &nbsp;El Gobierno de M\u00e9xico envi\u00f3 este mi\u00e9rcoles una nota diplom\u00e1tica al de Estados Unidos por las declaraciones emitidas hoy por En Sonora en Equipo publicamos toda la informaci\u00f3n de Sonora, M\u00e9xico y el Mundo de manera oportuna y busca que la libertad de expresi\u00f3n sea real. Visita nuestro medio informativo publicado desde Hermosillo, Sonora. %\",\"breadcrumb\":{\"@id\":\"https:\/\/www.sonoraenequipo.com.mx\/mexico-envia-nota-diplomatica-a-ee-uu-por-declaraciones-de-embajador-salazar\/#breadcrumb\"},\"inLanguage\":\"es\",\"potentialAction\":[{\"@type\":\"ReadAction\",\"target\":[\"https:\/\/www.sonoraenequipo.com.mx\/mexico-envia-nota-diplomatica-a-ee-uu-por-declaraciones-de-embajador-salazar\/\"]}]},{\"@type\":\"ImageObject\",\"inLanguage\":\"es\",\"@id\":\"https:\/\/www.sonoraenequipo.com.mx\/mexico-envia-nota-diplomatica-a-ee-uu-por-declaraciones-de-embajador-salazar\/#primaryimage\",\"url\":\"https:\/\/www.sonoraenequipo.com.mx\/storage\/2024\/11\/ken-salazar-min.jpg\",\"contentUrl\":\"https:\/\/www.sonoraenequipo.com.mx\/storage\/2024\/11\/ken-salazar-min.jpg\",\"width\":900,\"height\":562},{\"@type\":\"BreadcrumbList\",\"@id\":\"https:\/\/www.sonoraenequipo.com.mx\/mexico-envia-nota-diplomatica-a-ee-uu-por-declaraciones-de-embajador-salazar\/#breadcrumb\",\"itemListElement\":[{\"@type\":\"ListItem\",\"position\":1,\"name\":\"Portada\",\"item\":\"https:\/\/www.sonoraenequipo.com.mx\/\"},{\"@type\":\"ListItem\",\"position\":2,\"name\":\"M\u00e9xico env\u00eda nota diplom\u00e1tica a EE. UU. por declaraciones de embajador Salazar\"}]},{\"@type\":\"WebSite\",\"@id\":\"https:\/\/www.sonoraenequipo.com.mx\/#website\",\"url\":\"https:\/\/www.sonoraenequipo.com.mx\/\",\"name\":\"Sonora en Equipo.\",\"description\":\"Diario en l\u00ednea con Noticias desde Hermosillo, Sonora\",\"publisher\":{\"@id\":\"https:\/\/www.sonoraenequipo.com.mx\/#organization\"},\"potentialAction\":[{\"@type\":\"SearchAction\",\"target\":{\"@type\":\"EntryPoint\",\"urlTemplate\":\"https:\/\/www.sonoraenequipo.com.mx\/?s={search_term_string}\"},\"query-input\":{\"@type\":\"PropertyValueSpecification\",\"valueRequired\":true,\"valueName\":\"search_term_string\"}}],\"inLanguage\":\"es\"},{\"@type\":\"Organization\",\"@id\":\"https:\/\/www.sonoraenequipo.com.mx\/#organization\",\"name\":\"Sonoraenequipo.com.mx\",\"url\":\"https:\/\/www.sonoraenequipo.com.mx\/\",\"logo\":{\"@type\":\"ImageObject\",\"inLanguage\":\"es\",\"@id\":\"https:\/\/www.sonoraenequipo.com.mx\/#\/schema\/logo\/image\/\",\"url\":\"https:\/\/www.sonoraenequipo.com.mx\/storage\/2019\/01\/sonoraenequipo_opt.png\",\"contentUrl\":\"https:\/\/www.sonoraenequipo.com.mx\/storage\/2019\/01\/sonoraenequipo_opt.png\",\"width\":375,\"height\":125,\"caption\":\"Sonoraenequipo.com.mx\"},\"image\":{\"@id\":\"https:\/\/www.sonoraenequipo.com.mx\/#\/schema\/logo\/image\/\"},\"sameAs\":[\"https:\/\/www.facebook.com\/SonoraEE\/\",\"https:\/\/x.com\/sonoraenequipo\",\"https:\/\/www.youtube.com\/channel\/UC338nW-lPEYmJQs4ZABQ1SQ\"]},{\"@type\":\"Person\",\"@id\":\"https:\/\/www.sonoraenequipo.com.mx\/#\/schema\/person\/50102df0fb23a8fa9e8effad8fa81386\",\"name\":\"enequipo\",\"image\":{\"@type\":\"ImageObject\",\"inLanguage\":\"es\",\"@id\":\"https:\/\/www.sonoraenequipo.com.mx\/#\/schema\/person\/image\/\",\"url\":\"https:\/\/secure.gravatar.com\/avatar\/049821681b589dabc0bc20695993ccebb09f5b5d4d790cd9251b97faac7c652b?s=96&d=blank&r=g\",\"contentUrl\":\"https:\/\/secure.gravatar.com\/avatar\/049821681b589dabc0bc20695993ccebb09f5b5d4d790cd9251b97faac7c652b?s=96&d=blank&r=g\",\"caption\":\"enequipo\"},\"sameAs\":[\"https:\/\/www.facebook.com\/SonoraEE\"]}]}<\/script>\n ","yoast_head_json":{"title":"Sonora en Equipo. M\u00e9xico env\u00eda nota diplom\u00e1tica a EE. UU. por declaraciones de embajador Salazar MUNDO","description":"CIUDAD DE M\u00c9XICO, MX. \u2014 &nbsp;El Gobierno de M\u00e9xico envi\u00f3 este mi\u00e9rcoles una nota diplom\u00e1tica al de Estados Unidos por las declaraciones emitidas hoy por En Sonora en Equipo publicamos toda la informaci\u00f3n de Sonora, M\u00e9xico y el Mundo de manera oportuna y busca que la libertad de expresi\u00f3n sea real. Visita nuestro medio informativo publicado desde Hermosillo, Sonora. %","robots":{"index":"index","follow":"follow","max-snippet":"max-snippet:-1","max-image-preview":"max-image-preview:large","max-video-preview":"max-video-preview:-1"},"canonical":"https:\/\/www.sonoraenequipo.com.mx\/mexico-envia-nota-diplomatica-a-ee-uu-por-declaraciones-de-embajador-salazar\/","og_locale":"es_ES","og_type":"article","og_title":"Sonora en Equipo. M\u00e9xico env\u00eda nota diplom\u00e1tica a EE. UU. por declaraciones de embajador Salazar MUNDO","og_description":"CIUDAD DE M\u00c9XICO, MX. \u2014 &nbsp;El Gobierno de M\u00e9xico envi\u00f3 este mi\u00e9rcoles una nota diplom\u00e1tica al de Estados Unidos por las declaraciones emitidas hoy por En Sonora en Equipo publicamos toda la informaci\u00f3n de Sonora, M\u00e9xico y el Mundo de manera oportuna y busca que la libertad de expresi\u00f3n sea real. Visita nuestro medio informativo publicado desde Hermosillo, Sonora. %","og_url":"https:\/\/www.sonoraenequipo.com.mx\/mexico-envia-nota-diplomatica-a-ee-uu-por-declaraciones-de-embajador-salazar\/","og_site_name":"Sonora en Equipo.","article_publisher":"https:\/\/www.facebook.com\/SonoraEE\/","article_author":"https:\/\/www.facebook.com\/SonoraEE","article_published_time":"2024-11-14T19:35:22+00:00","article_modified_time":"2024-11-15T04:46:12+00:00","og_image":[{"width":900,"height":562,"url":"https:\/\/www.sonoraenequipo.com.mx\/storage\/2024\/11\/ken-salazar-min.jpg","type":"image\/jpeg"}],"author":"enequipo","twitter_card":"summary_large_image","twitter_creator":"@sonoraenequipo","twitter_site":"@sonoraenequipo","twitter_misc":{"Escrito por":"enequipo","Tiempo de lectura":"1 minuto"},"schema":{"@context":"https:\/\/schema.org","@graph":[{"@type":"Article","@id":"https:\/\/www.sonoraenequipo.com.mx\/mexico-envia-nota-diplomatica-a-ee-uu-por-declaraciones-de-embajador-salazar\/#article","isPartOf":{"@id":"https:\/\/www.sonoraenequipo.com.mx\/mexico-envia-nota-diplomatica-a-ee-uu-por-declaraciones-de-embajador-salazar\/"},"author":{"name":"enequipo","@id":"https:\/\/www.sonoraenequipo.com.mx\/#\/schema\/person\/50102df0fb23a8fa9e8effad8fa81386"},"headline":"M\u00e9xico env\u00eda nota diplom\u00e1tica a EE. UU. por declaraciones de embajador Salazar","datePublished":"2024-11-14T19:35:22+00:00","dateModified":"2024-11-15T04:46:12+00:00","mainEntityOfPage":{"@id":"https:\/\/www.sonoraenequipo.com.mx\/mexico-envia-nota-diplomatica-a-ee-uu-por-declaraciones-de-embajador-salazar\/"},"wordCount":298,"commentCount":0,"publisher":{"@id":"https:\/\/www.sonoraenequipo.com.mx\/#organization"},"image":{"@id":"https:\/\/www.sonoraenequipo.com.mx\/mexico-envia-nota-diplomatica-a-ee-uu-por-declaraciones-de-embajador-salazar\/#primaryimage"},"thumbnailUrl":"https:\/\/www.sonoraenequipo.com.mx\/storage\/2024\/11\/ken-salazar-min.jpg","articleSection":["MUNDO"],"inLanguage":"es","potentialAction":[{"@type":"CommentAction","name":"Comment","target":["https:\/\/www.sonoraenequipo.com.mx\/mexico-envia-nota-diplomatica-a-ee-uu-por-declaraciones-de-embajador-salazar\/#respond"]}]},{"@type":"WebPage","@id":"https:\/\/www.sonoraenequipo.com.mx\/mexico-envia-nota-diplomatica-a-ee-uu-por-declaraciones-de-embajador-salazar\/","url":"https:\/\/www.sonoraenequipo.com.mx\/mexico-envia-nota-diplomatica-a-ee-uu-por-declaraciones-de-embajador-salazar\/","name":"Sonora en Equipo. M\u00e9xico env\u00eda nota diplom\u00e1tica a EE. UU. por declaraciones de embajador Salazar MUNDO","isPartOf":{"@id":"https:\/\/www.sonoraenequipo.com.mx\/#website"},"primaryImageOfPage":{"@id":"https:\/\/www.sonoraenequipo.com.mx\/mexico-envia-nota-diplomatica-a-ee-uu-por-declaraciones-de-embajador-salazar\/#primaryimage"},"image":{"@id":"https:\/\/www.sonoraenequipo.com.mx\/mexico-envia-nota-diplomatica-a-ee-uu-por-declaraciones-de-embajador-salazar\/#primaryimage"},"thumbnailUrl":"https:\/\/www.sonoraenequipo.com.mx\/storage\/2024\/11\/ken-salazar-min.jpg","datePublished":"2024-11-14T19:35:22+00:00","dateModified":"2024-11-15T04:46:12+00:00","description":"CIUDAD DE M\u00c9XICO, MX. \u2014 &nbsp;El Gobierno de M\u00e9xico envi\u00f3 este mi\u00e9rcoles una nota diplom\u00e1tica al de Estados Unidos por las declaraciones emitidas hoy por En Sonora en Equipo publicamos toda la informaci\u00f3n de Sonora, M\u00e9xico y el Mundo de manera oportuna y busca que la libertad de expresi\u00f3n sea real. Visita nuestro medio informativo publicado desde Hermosillo, Sonora. %","breadcrumb":{"@id":"https:\/\/www.sonoraenequipo.com.mx\/mexico-envia-nota-diplomatica-a-ee-uu-por-declaraciones-de-embajador-salazar\/#breadcrumb"},"inLanguage":"es","potentialAction":[{"@type":"ReadAction","target":["https:\/\/www.sonoraenequipo.com.mx\/mexico-envia-nota-diplomatica-a-ee-uu-por-declaraciones-de-embajador-salazar\/"]}]},{"@type":"ImageObject","inLanguage":"es","@id":"https:\/\/www.sonoraenequipo.com.mx\/mexico-envia-nota-diplomatica-a-ee-uu-por-declaraciones-de-embajador-salazar\/#primaryimage","url":"https:\/\/www.sonoraenequipo.com.mx\/storage\/2024\/11\/ken-salazar-min.jpg","contentUrl":"https:\/\/www.sonoraenequipo.com.mx\/storage\/2024\/11\/ken-salazar-min.jpg","width":900,"height":562},{"@type":"BreadcrumbList","@id":"https:\/\/www.sonoraenequipo.com.mx\/mexico-envia-nota-diplomatica-a-ee-uu-por-declaraciones-de-embajador-salazar\/#breadcrumb","itemListElement":[{"@type":"ListItem","position":1,"name":"Portada","item":"https:\/\/www.sonoraenequipo.com.mx\/"},{"@type":"ListItem","position":2,"name":"M\u00e9xico env\u00eda nota diplom\u00e1tica a EE. UU. por declaraciones de embajador Salazar"}]},{"@type":"WebSite","@id":"https:\/\/www.sonoraenequipo.com.mx\/#website","url":"https:\/\/www.sonoraenequipo.com.mx\/","name":"Sonora en Equipo.","description":"Diario en l\u00ednea con Noticias desde Hermosillo, Sonora","publisher":{"@id":"https:\/\/www.sonoraenequipo.com.mx\/#organization"},"potentialAction":[{"@type":"SearchAction","target":{"@type":"EntryPoint","urlTemplate":"https:\/\/www.sonoraenequipo.com.mx\/?s={search_term_string}"},"query-input":{"@type":"PropertyValueSpecification","valueRequired":true,"valueName":"search_term_string"}}],"inLanguage":"es"},{"@type":"Organization","@id":"https:\/\/www.sonoraenequipo.com.mx\/#organization","name":"Sonoraenequipo.com.mx","url":"https:\/\/www.sonoraenequipo.com.mx\/","logo":{"@type":"ImageObject","inLanguage":"es","@id":"https:\/\/www.sonoraenequipo.com.mx\/#\/schema\/logo\/image\/","url":"https:\/\/www.sonoraenequipo.com.mx\/storage\/2019\/01\/sonoraenequipo_opt.png","contentUrl":"https:\/\/www.sonoraenequipo.com.mx\/storage\/2019\/01\/sonoraenequipo_opt.png","width":375,"height":125,"caption":"Sonoraenequipo.com.mx"},"image":{"@id":"https:\/\/www.sonoraenequipo.com.mx\/#\/schema\/logo\/image\/"},"sameAs":["https:\/\/www.facebook.com\/SonoraEE\/","https:\/\/x.com\/sonoraenequipo","https:\/\/www.youtube.com\/channel\/UC338nW-lPEYmJQs4ZABQ1SQ"]},{"@type":"Person","@id":"https:\/\/www.sonoraenequipo.com.mx\/#\/schema\/person\/50102df0fb23a8fa9e8effad8fa81386","name":"enequipo","image":{"@type":"ImageObject","inLanguage":"es","@id":"https:\/\/www.sonoraenequipo.com.mx\/#\/schema\/person\/image\/","url":"https:\/\/secure.gravatar.com\/avatar\/049821681b589dabc0bc20695993ccebb09f5b5d4d790cd9251b97faac7c652b?s=96&d=blank&r=g","contentUrl":"https:\/\/secure.gravatar.com\/avatar\/049821681b589dabc0bc20695993ccebb09f5b5d4d790cd9251b97faac7c652b?s=96&d=blank&r=g","caption":"enequipo"},"sameAs":["https:\/\/www.facebook.com\/SonoraEE"]}]}},"jetpack_featured_media_url":"https:\/\/www.sonoraenequipo.com.mx\/storage\/2024\/11\/ken-salazar-min.jpg","_links":{"self":[{"href":"https:\/\/www.sonoraenequipo.com.mx\/api\/wp\/v2\/posts\/204132","targetHints":{"allow":["GET"]}}],"collection":[{"href":"https:\/\/www.sonoraenequipo.com.mx\/api\/wp\/v2\/posts"}],"about":[{"href":"https:\/\/www.sonoraenequipo.com.mx\/api\/wp\/v2\/types\/post"}],"author":[{"embeddable":true,"href":"https:\/\/www.sonoraenequipo.com.mx\/api\/wp\/v2\/users\/1"}],"replies":[{"embeddable":true,"href":"https:\/\/www.sonoraenequipo.com.mx\/api\/wp\/v2\/comments?post=204132"}],"version-history":[{"count":2,"href":"https:\/\/www.sonoraenequipo.com.mx\/api\/wp\/v2\/posts\/204132\/revisions"}],"predecessor-version":[{"id":204135,"href":"https:\/\/www.sonoraenequipo.com.mx\/api\/wp\/v2\/posts\/204132\/revisions\/204135"}],"wp:featuredmedia":[{"embeddable":true,"href":"https:\/\/www.sonoraenequipo.com.mx\/api\/wp\/v2\/media\/204133"}],"wp:attachment":[{"href":"https:\/\/www.sonoraenequipo.com.mx\/api\/wp\/v2\/media?parent=204132"}],"wp:term":[{"taxonomy":"category","embeddable":true,"href":"https:\/\/www.sonoraenequipo.com.mx\/api\/wp\/v2\/categories?post=204132"},{"taxonomy":"post_tag","embeddable":true,"href":"https:\/\/www.sonoraenequipo.com.mx\/api\/wp\/v2\/tags?post=204132"}],"curies":[{"name":"wp","href":"https:\/\/api.w.org\/{rel}","templated":true}]}}