{"id":204484,"date":"2024-11-20T12:01:17","date_gmt":"2024-11-20T19:01:17","guid":{"rendered":"https:\/\/www.sonoraenequipo.com.mx\/?p=204484"},"modified":"2024-11-20T12:02:11","modified_gmt":"2024-11-20T19:02:11","slug":"rafa-nadal-cuelga-la-raqueta-quiero-seguir-pero-mi-cuerpo-no-dice","status":"publish","type":"post","link":"https:\/\/www.sonoraenequipo.com.mx\/rafa-nadal-cuelga-la-raqueta-quiero-seguir-pero-mi-cuerpo-no-dice\/","title":{"rendered":"Rafa Nadal cuelga la raqueta; quiero seguir pero mi cuerpo no, dice"},"content":{"rendered":"<p>Rodeado de sus compa\u00f1eros de equipo (Marcel Granollers, Roberto Bautista, Pedro Mart\u00ednez y Carlos Alcaraz), el seleccionador (David Ferrer) y su entrenador (Carlos Moy\u00e1), Rafael Nadal tom\u00f3 el micr\u00f3fono y lo primero que hizo fue silencio. Recibi\u00f3 el calor de todos los asistentes al estadio Mart\u00edn C\u00e1rpena de M\u00e1laga durante un minuto. Un minuto de afecto.<\/p>\n<p>&nbsp;<\/p>\n<p>Y en cuanto arranc\u00f3 no par\u00f3: \u00abLas gracias las tengo que dar a tanta gente que es dif\u00edcil empezar. Gracias a todos ustedes, el p\u00fablico. Sinceramente han sido veinte a\u00f1os de carrera profesional en los que me llevaron por el aire. En los momentos buenos me ayudaban a ganar el siguiente punto y en los malos a seguir peleando. Me he sentido muy afortunado por sentir tanto cari\u00f1o alrededor de todo el mundo, especialmente aqu\u00ed en Espa\u00f1a\u00bb.<\/p>\n<p>\u00abLa Copa Davis no ha salido como hubiera querido. Sinceramente he dado lo que ten\u00eda y quiero agradecer el apoyo. He pasado muchos d\u00edas como profesional en equipo. Muchos de los momentos m\u00e1s emocionantes de mi carrera los he vivido con muchos de los que est\u00e1n aqu\u00ed. Ha sido un verdadero honor y un privilegio ser parte de la selecci\u00f3n\u00bb, declar\u00f3.<\/p>\n<p>&nbsp;<\/p>\n<p>\u00abLa realidad es que uno nunca quiere llegar a este momento. No estoy cansado de jugar el tenis pero el cuerpo no quiere y hay que aceptar la situaci\u00f3n. Me siento muy privilegiado de hacer de una de mis hobbies mi profesi\u00f3n\u00bb, confes\u00f3.<\/p>\n<p>&nbsp;<\/p>\n<p>\u00abDoy gracias a la vida por todo. Soy una persona que cree en la continuidad y por eso he intentado mantener el equipo y hacer pocos cambios para tener una relaci\u00f3n personal que va m\u00e1s all\u00e1 de la carrera profesional. Me voy de este mundo del tenis habiendo encontrado muchos amigos en el camino y creo que siendo buena persona. Me voy con la tranquilidad de dejar un legado. Estoy tranquilo porque tengo una gran familia alrededor que me ayuda en todo lo que necesito\u00bb, concluy\u00f3.<\/p>\n<p><strong>Fecha de publicaci\u00f3n mi\u00e9rcoles 20 &nbsp;de noviembre de 2024 \/ ESPN <\/strong><\/p>\n","protected":false},"excerpt":{"rendered":"<p>Rodeado de sus compa\u00f1eros de equipo (Marcel Granollers, Roberto Bautista, Pedro Mart\u00ednez y Carlos Alcaraz),&#8230;<\/p>\n","protected":false},"author":1,"featured_media":204485,"comment_status":"open","ping_status":"open","sticky":false,"template":"","format":"standard","meta":{"_monsterinsights_skip_tracking":false,"_monsterinsights_sitenote_active":false,"_monsterinsights_sitenote_note":"","_monsterinsights_sitenote_category":0,"footnotes":""},"categories":[10],"tags":[10528],"class_list":["post"],"yoast_head":" \n<title>Sonora en Equipo. Rafa Nadal cuelga la raqueta; quiero seguir pero mi cuerpo no, dice Deportes<\/title>\n<meta name=\"description\" content=\"Rodeado de sus compa\u00f1eros de equipo (Marcel Granollers, Roberto Bautista, Pedro Mart\u00ednez y Carlos Alcaraz), el seleccionador (David Ferrer) y su En Sonora en Equipo publicamos toda la informaci\u00f3n de Sonora, M\u00e9xico y el Mundo de manera oportuna y busca que la libertad de expresi\u00f3n sea real. Visita nuestro medio informativo publicado desde Hermosillo, Sonora. %\" \/>\n<meta name=\"robots\" content=\"index, follow, max-snippet:-1, max-image-preview:large, max-video-preview:-1\" \/>\n<link rel=\"canonical\" href=\"https:\/\/www.sonoraenequipo.com.mx\/rafa-nadal-cuelga-la-raqueta-quiero-seguir-pero-mi-cuerpo-no-dice\/\" \/>\n<meta property=\"og:locale\" content=\"es_ES\" \/>\n<meta property=\"og:type\" content=\"article\" \/>\n<meta property=\"og:title\" content=\"Sonora en Equipo. Rafa Nadal cuelga la raqueta; quiero seguir pero mi cuerpo no, dice Deportes\" \/>\n<meta property=\"og:description\" content=\"Rodeado de sus compa\u00f1eros de equipo (Marcel Granollers, Roberto Bautista, Pedro Mart\u00ednez y Carlos Alcaraz), el seleccionador (David Ferrer) y su En Sonora en Equipo publicamos toda la informaci\u00f3n de Sonora, M\u00e9xico y el Mundo de manera oportuna y busca que la libertad de expresi\u00f3n sea real. Visita nuestro medio informativo publicado desde Hermosillo, Sonora. %\" \/>\n<meta property=\"og:url\" content=\"https:\/\/www.sonoraenequipo.com.mx\/rafa-nadal-cuelga-la-raqueta-quiero-seguir-pero-mi-cuerpo-no-dice\/\" \/>\n<meta property=\"og:site_name\" content=\"Sonora en Equipo.\" \/>\n<meta property=\"article:publisher\" content=\"https:\/\/www.facebook.com\/SonoraEE\/\" \/>\n<meta property=\"article:author\" content=\"https:\/\/www.facebook.com\/SonoraEE\" \/>\n<meta property=\"article:published_time\" content=\"2024-11-20T19:01:17+00:00\" \/>\n<meta property=\"article:modified_time\" content=\"2024-11-20T19:02:11+00:00\" \/>\n<meta property=\"og:image\" content=\"https:\/\/www.sonoraenequipo.com.mx\/storage\/2024\/11\/nadal.jpg\" \/>\n\t<meta property=\"og:image:width\" content=\"600\" \/>\n\t<meta property=\"og:image:height\" content=\"400\" \/>\n\t<meta property=\"og:image:type\" content=\"image\/jpeg\" \/>\n<meta name=\"author\" content=\"enequipo\" \/>\n<meta name=\"twitter:card\" content=\"summary_large_image\" \/>\n<meta name=\"twitter:creator\" content=\"@sonoraenequipo\" \/>\n<meta name=\"twitter:site\" content=\"@sonoraenequipo\" \/>\n<meta name=\"twitter:label1\" content=\"Escrito por\" \/>\n\t<meta name=\"twitter:data1\" content=\"enequipo\" \/>\n\t<meta name=\"twitter:label2\" content=\"Tiempo de lectura\" \/>\n\t<meta name=\"twitter:data2\" content=\"2 minutos\" \/>\n<script type=\"application\/ld+json\" class=\"yoast-schema-graph\">{\"@context\":\"https:\/\/schema.org\",\"@graph\":[{\"@type\":\"Article\",\"@id\":\"https:\/\/www.sonoraenequipo.com.mx\/rafa-nadal-cuelga-la-raqueta-quiero-seguir-pero-mi-cuerpo-no-dice\/#article\",\"isPartOf\":{\"@id\":\"https:\/\/www.sonoraenequipo.com.mx\/rafa-nadal-cuelga-la-raqueta-quiero-seguir-pero-mi-cuerpo-no-dice\/\"},\"author\":{\"name\":\"enequipo\",\"@id\":\"https:\/\/www.sonoraenequipo.com.mx\/#\/schema\/person\/50102df0fb23a8fa9e8effad8fa81386\"},\"headline\":\"Rafa Nadal cuelga la raqueta; quiero seguir pero mi cuerpo no, dice\",\"datePublished\":\"2024-11-20T19:01:17+00:00\",\"dateModified\":\"2024-11-20T19:02:11+00:00\",\"mainEntityOfPage\":{\"@id\":\"https:\/\/www.sonoraenequipo.com.mx\/rafa-nadal-cuelga-la-raqueta-quiero-seguir-pero-mi-cuerpo-no-dice\/\"},\"wordCount\":369,\"commentCount\":0,\"publisher\":{\"@id\":\"https:\/\/www.sonoraenequipo.com.mx\/#organization\"},\"image\":{\"@id\":\"https:\/\/www.sonoraenequipo.com.mx\/rafa-nadal-cuelga-la-raqueta-quiero-seguir-pero-mi-cuerpo-no-dice\/#primaryimage\"},\"thumbnailUrl\":\"https:\/\/www.sonoraenequipo.com.mx\/storage\/2024\/11\/nadal.jpg\",\"keywords\":[\"rafael nadal\"],\"articleSection\":[\"Deportes\"],\"inLanguage\":\"es\",\"potentialAction\":[{\"@type\":\"CommentAction\",\"name\":\"Comment\",\"target\":[\"https:\/\/www.sonoraenequipo.com.mx\/rafa-nadal-cuelga-la-raqueta-quiero-seguir-pero-mi-cuerpo-no-dice\/#respond\"]}]},{\"@type\":\"WebPage\",\"@id\":\"https:\/\/www.sonoraenequipo.com.mx\/rafa-nadal-cuelga-la-raqueta-quiero-seguir-pero-mi-cuerpo-no-dice\/\",\"url\":\"https:\/\/www.sonoraenequipo.com.mx\/rafa-nadal-cuelga-la-raqueta-quiero-seguir-pero-mi-cuerpo-no-dice\/\",\"name\":\"Sonora en Equipo. Rafa Nadal cuelga la raqueta; quiero seguir pero mi cuerpo no, dice Deportes\",\"isPartOf\":{\"@id\":\"https:\/\/www.sonoraenequipo.com.mx\/#website\"},\"primaryImageOfPage\":{\"@id\":\"https:\/\/www.sonoraenequipo.com.mx\/rafa-nadal-cuelga-la-raqueta-quiero-seguir-pero-mi-cuerpo-no-dice\/#primaryimage\"},\"image\":{\"@id\":\"https:\/\/www.sonoraenequipo.com.mx\/rafa-nadal-cuelga-la-raqueta-quiero-seguir-pero-mi-cuerpo-no-dice\/#primaryimage\"},\"thumbnailUrl\":\"https:\/\/www.sonoraenequipo.com.mx\/storage\/2024\/11\/nadal.jpg\",\"datePublished\":\"2024-11-20T19:01:17+00:00\",\"dateModified\":\"2024-11-20T19:02:11+00:00\",\"description\":\"Rodeado de sus compa\u00f1eros de equipo (Marcel Granollers, Roberto Bautista, Pedro Mart\u00ednez y Carlos Alcaraz), el seleccionador (David Ferrer) y su En Sonora en Equipo publicamos toda la informaci\u00f3n de Sonora, M\u00e9xico y el Mundo de manera oportuna y busca que la libertad de expresi\u00f3n sea real. Visita nuestro medio informativo publicado desde Hermosillo, Sonora. %\",\"breadcrumb\":{\"@id\":\"https:\/\/www.sonoraenequipo.com.mx\/rafa-nadal-cuelga-la-raqueta-quiero-seguir-pero-mi-cuerpo-no-dice\/#breadcrumb\"},\"inLanguage\":\"es\",\"potentialAction\":[{\"@type\":\"ReadAction\",\"target\":[\"https:\/\/www.sonoraenequipo.com.mx\/rafa-nadal-cuelga-la-raqueta-quiero-seguir-pero-mi-cuerpo-no-dice\/\"]}]},{\"@type\":\"ImageObject\",\"inLanguage\":\"es\",\"@id\":\"https:\/\/www.sonoraenequipo.com.mx\/rafa-nadal-cuelga-la-raqueta-quiero-seguir-pero-mi-cuerpo-no-dice\/#primaryimage\",\"url\":\"https:\/\/www.sonoraenequipo.com.mx\/storage\/2024\/11\/nadal.jpg\",\"contentUrl\":\"https:\/\/www.sonoraenequipo.com.mx\/storage\/2024\/11\/nadal.jpg\",\"width\":600,\"height\":400},{\"@type\":\"BreadcrumbList\",\"@id\":\"https:\/\/www.sonoraenequipo.com.mx\/rafa-nadal-cuelga-la-raqueta-quiero-seguir-pero-mi-cuerpo-no-dice\/#breadcrumb\",\"itemListElement\":[{\"@type\":\"ListItem\",\"position\":1,\"name\":\"Portada\",\"item\":\"https:\/\/www.sonoraenequipo.com.mx\/\"},{\"@type\":\"ListItem\",\"position\":2,\"name\":\"Rafa Nadal cuelga la raqueta; quiero seguir pero mi cuerpo no, dice\"}]},{\"@type\":\"WebSite\",\"@id\":\"https:\/\/www.sonoraenequipo.com.mx\/#website\",\"url\":\"https:\/\/www.sonoraenequipo.com.mx\/\",\"name\":\"Sonora en Equipo.\",\"description\":\"Diario en l\u00ednea con Noticias desde Hermosillo, Sonora\",\"publisher\":{\"@id\":\"https:\/\/www.sonoraenequipo.com.mx\/#organization\"},\"potentialAction\":[{\"@type\":\"SearchAction\",\"target\":{\"@type\":\"EntryPoint\",\"urlTemplate\":\"https:\/\/www.sonoraenequipo.com.mx\/?s={search_term_string}\"},\"query-input\":{\"@type\":\"PropertyValueSpecification\",\"valueRequired\":true,\"valueName\":\"search_term_string\"}}],\"inLanguage\":\"es\"},{\"@type\":\"Organization\",\"@id\":\"https:\/\/www.sonoraenequipo.com.mx\/#organization\",\"name\":\"Sonoraenequipo.com.mx\",\"url\":\"https:\/\/www.sonoraenequipo.com.mx\/\",\"logo\":{\"@type\":\"ImageObject\",\"inLanguage\":\"es\",\"@id\":\"https:\/\/www.sonoraenequipo.com.mx\/#\/schema\/logo\/image\/\",\"url\":\"https:\/\/www.sonoraenequipo.com.mx\/storage\/2019\/01\/sonoraenequipo_opt.png\",\"contentUrl\":\"https:\/\/www.sonoraenequipo.com.mx\/storage\/2019\/01\/sonoraenequipo_opt.png\",\"width\":375,\"height\":125,\"caption\":\"Sonoraenequipo.com.mx\"},\"image\":{\"@id\":\"https:\/\/www.sonoraenequipo.com.mx\/#\/schema\/logo\/image\/\"},\"sameAs\":[\"https:\/\/www.facebook.com\/SonoraEE\/\",\"https:\/\/x.com\/sonoraenequipo\",\"https:\/\/www.youtube.com\/channel\/UC338nW-lPEYmJQs4ZABQ1SQ\"]},{\"@type\":\"Person\",\"@id\":\"https:\/\/www.sonoraenequipo.com.mx\/#\/schema\/person\/50102df0fb23a8fa9e8effad8fa81386\",\"name\":\"enequipo\",\"image\":{\"@type\":\"ImageObject\",\"inLanguage\":\"es\",\"@id\":\"https:\/\/www.sonoraenequipo.com.mx\/#\/schema\/person\/image\/\",\"url\":\"https:\/\/secure.gravatar.com\/avatar\/049821681b589dabc0bc20695993ccebb09f5b5d4d790cd9251b97faac7c652b?s=96&d=blank&r=g\",\"contentUrl\":\"https:\/\/secure.gravatar.com\/avatar\/049821681b589dabc0bc20695993ccebb09f5b5d4d790cd9251b97faac7c652b?s=96&d=blank&r=g\",\"caption\":\"enequipo\"},\"sameAs\":[\"https:\/\/www.facebook.com\/SonoraEE\"]}]}<\/script>\n ","yoast_head_json":{"title":"Sonora en Equipo. Rafa Nadal cuelga la raqueta; quiero seguir pero mi cuerpo no, dice Deportes","description":"Rodeado de sus compa\u00f1eros de equipo (Marcel Granollers, Roberto Bautista, Pedro Mart\u00ednez y Carlos Alcaraz), el seleccionador (David Ferrer) y su En Sonora en Equipo publicamos toda la informaci\u00f3n de Sonora, M\u00e9xico y el Mundo de manera oportuna y busca que la libertad de expresi\u00f3n sea real. Visita nuestro medio informativo publicado desde Hermosillo, Sonora. %","robots":{"index":"index","follow":"follow","max-snippet":"max-snippet:-1","max-image-preview":"max-image-preview:large","max-video-preview":"max-video-preview:-1"},"canonical":"https:\/\/www.sonoraenequipo.com.mx\/rafa-nadal-cuelga-la-raqueta-quiero-seguir-pero-mi-cuerpo-no-dice\/","og_locale":"es_ES","og_type":"article","og_title":"Sonora en Equipo. Rafa Nadal cuelga la raqueta; quiero seguir pero mi cuerpo no, dice Deportes","og_description":"Rodeado de sus compa\u00f1eros de equipo (Marcel Granollers, Roberto Bautista, Pedro Mart\u00ednez y Carlos Alcaraz), el seleccionador (David Ferrer) y su En Sonora en Equipo publicamos toda la informaci\u00f3n de Sonora, M\u00e9xico y el Mundo de manera oportuna y busca que la libertad de expresi\u00f3n sea real. Visita nuestro medio informativo publicado desde Hermosillo, Sonora. %","og_url":"https:\/\/www.sonoraenequipo.com.mx\/rafa-nadal-cuelga-la-raqueta-quiero-seguir-pero-mi-cuerpo-no-dice\/","og_site_name":"Sonora en Equipo.","article_publisher":"https:\/\/www.facebook.com\/SonoraEE\/","article_author":"https:\/\/www.facebook.com\/SonoraEE","article_published_time":"2024-11-20T19:01:17+00:00","article_modified_time":"2024-11-20T19:02:11+00:00","og_image":[{"width":600,"height":400,"url":"https:\/\/www.sonoraenequipo.com.mx\/storage\/2024\/11\/nadal.jpg","type":"image\/jpeg"}],"author":"enequipo","twitter_card":"summary_large_image","twitter_creator":"@sonoraenequipo","twitter_site":"@sonoraenequipo","twitter_misc":{"Escrito por":"enequipo","Tiempo de lectura":"2 minutos"},"schema":{"@context":"https:\/\/schema.org","@graph":[{"@type":"Article","@id":"https:\/\/www.sonoraenequipo.com.mx\/rafa-nadal-cuelga-la-raqueta-quiero-seguir-pero-mi-cuerpo-no-dice\/#article","isPartOf":{"@id":"https:\/\/www.sonoraenequipo.com.mx\/rafa-nadal-cuelga-la-raqueta-quiero-seguir-pero-mi-cuerpo-no-dice\/"},"author":{"name":"enequipo","@id":"https:\/\/www.sonoraenequipo.com.mx\/#\/schema\/person\/50102df0fb23a8fa9e8effad8fa81386"},"headline":"Rafa Nadal cuelga la raqueta; quiero seguir pero mi cuerpo no, dice","datePublished":"2024-11-20T19:01:17+00:00","dateModified":"2024-11-20T19:02:11+00:00","mainEntityOfPage":{"@id":"https:\/\/www.sonoraenequipo.com.mx\/rafa-nadal-cuelga-la-raqueta-quiero-seguir-pero-mi-cuerpo-no-dice\/"},"wordCount":369,"commentCount":0,"publisher":{"@id":"https:\/\/www.sonoraenequipo.com.mx\/#organization"},"image":{"@id":"https:\/\/www.sonoraenequipo.com.mx\/rafa-nadal-cuelga-la-raqueta-quiero-seguir-pero-mi-cuerpo-no-dice\/#primaryimage"},"thumbnailUrl":"https:\/\/www.sonoraenequipo.com.mx\/storage\/2024\/11\/nadal.jpg","keywords":["rafael nadal"],"articleSection":["Deportes"],"inLanguage":"es","potentialAction":[{"@type":"CommentAction","name":"Comment","target":["https:\/\/www.sonoraenequipo.com.mx\/rafa-nadal-cuelga-la-raqueta-quiero-seguir-pero-mi-cuerpo-no-dice\/#respond"]}]},{"@type":"WebPage","@id":"https:\/\/www.sonoraenequipo.com.mx\/rafa-nadal-cuelga-la-raqueta-quiero-seguir-pero-mi-cuerpo-no-dice\/","url":"https:\/\/www.sonoraenequipo.com.mx\/rafa-nadal-cuelga-la-raqueta-quiero-seguir-pero-mi-cuerpo-no-dice\/","name":"Sonora en Equipo. Rafa Nadal cuelga la raqueta; quiero seguir pero mi cuerpo no, dice Deportes","isPartOf":{"@id":"https:\/\/www.sonoraenequipo.com.mx\/#website"},"primaryImageOfPage":{"@id":"https:\/\/www.sonoraenequipo.com.mx\/rafa-nadal-cuelga-la-raqueta-quiero-seguir-pero-mi-cuerpo-no-dice\/#primaryimage"},"image":{"@id":"https:\/\/www.sonoraenequipo.com.mx\/rafa-nadal-cuelga-la-raqueta-quiero-seguir-pero-mi-cuerpo-no-dice\/#primaryimage"},"thumbnailUrl":"https:\/\/www.sonoraenequipo.com.mx\/storage\/2024\/11\/nadal.jpg","datePublished":"2024-11-20T19:01:17+00:00","dateModified":"2024-11-20T19:02:11+00:00","description":"Rodeado de sus compa\u00f1eros de equipo (Marcel Granollers, Roberto Bautista, Pedro Mart\u00ednez y Carlos Alcaraz), el seleccionador (David Ferrer) y su En Sonora en Equipo publicamos toda la informaci\u00f3n de Sonora, M\u00e9xico y el Mundo de manera oportuna y busca que la libertad de expresi\u00f3n sea real. Visita nuestro medio informativo publicado desde Hermosillo, Sonora. %","breadcrumb":{"@id":"https:\/\/www.sonoraenequipo.com.mx\/rafa-nadal-cuelga-la-raqueta-quiero-seguir-pero-mi-cuerpo-no-dice\/#breadcrumb"},"inLanguage":"es","potentialAction":[{"@type":"ReadAction","target":["https:\/\/www.sonoraenequipo.com.mx\/rafa-nadal-cuelga-la-raqueta-quiero-seguir-pero-mi-cuerpo-no-dice\/"]}]},{"@type":"ImageObject","inLanguage":"es","@id":"https:\/\/www.sonoraenequipo.com.mx\/rafa-nadal-cuelga-la-raqueta-quiero-seguir-pero-mi-cuerpo-no-dice\/#primaryimage","url":"https:\/\/www.sonoraenequipo.com.mx\/storage\/2024\/11\/nadal.jpg","contentUrl":"https:\/\/www.sonoraenequipo.com.mx\/storage\/2024\/11\/nadal.jpg","width":600,"height":400},{"@type":"BreadcrumbList","@id":"https:\/\/www.sonoraenequipo.com.mx\/rafa-nadal-cuelga-la-raqueta-quiero-seguir-pero-mi-cuerpo-no-dice\/#breadcrumb","itemListElement":[{"@type":"ListItem","position":1,"name":"Portada","item":"https:\/\/www.sonoraenequipo.com.mx\/"},{"@type":"ListItem","position":2,"name":"Rafa Nadal cuelga la raqueta; quiero seguir pero mi cuerpo no, dice"}]},{"@type":"WebSite","@id":"https:\/\/www.sonoraenequipo.com.mx\/#website","url":"https:\/\/www.sonoraenequipo.com.mx\/","name":"Sonora en Equipo.","description":"Diario en l\u00ednea con Noticias desde Hermosillo, Sonora","publisher":{"@id":"https:\/\/www.sonoraenequipo.com.mx\/#organization"},"potentialAction":[{"@type":"SearchAction","target":{"@type":"EntryPoint","urlTemplate":"https:\/\/www.sonoraenequipo.com.mx\/?s={search_term_string}"},"query-input":{"@type":"PropertyValueSpecification","valueRequired":true,"valueName":"search_term_string"}}],"inLanguage":"es"},{"@type":"Organization","@id":"https:\/\/www.sonoraenequipo.com.mx\/#organization","name":"Sonoraenequipo.com.mx","url":"https:\/\/www.sonoraenequipo.com.mx\/","logo":{"@type":"ImageObject","inLanguage":"es","@id":"https:\/\/www.sonoraenequipo.com.mx\/#\/schema\/logo\/image\/","url":"https:\/\/www.sonoraenequipo.com.mx\/storage\/2019\/01\/sonoraenequipo_opt.png","contentUrl":"https:\/\/www.sonoraenequipo.com.mx\/storage\/2019\/01\/sonoraenequipo_opt.png","width":375,"height":125,"caption":"Sonoraenequipo.com.mx"},"image":{"@id":"https:\/\/www.sonoraenequipo.com.mx\/#\/schema\/logo\/image\/"},"sameAs":["https:\/\/www.facebook.com\/SonoraEE\/","https:\/\/x.com\/sonoraenequipo","https:\/\/www.youtube.com\/channel\/UC338nW-lPEYmJQs4ZABQ1SQ"]},{"@type":"Person","@id":"https:\/\/www.sonoraenequipo.com.mx\/#\/schema\/person\/50102df0fb23a8fa9e8effad8fa81386","name":"enequipo","image":{"@type":"ImageObject","inLanguage":"es","@id":"https:\/\/www.sonoraenequipo.com.mx\/#\/schema\/person\/image\/","url":"https:\/\/secure.gravatar.com\/avatar\/049821681b589dabc0bc20695993ccebb09f5b5d4d790cd9251b97faac7c652b?s=96&d=blank&r=g","contentUrl":"https:\/\/secure.gravatar.com\/avatar\/049821681b589dabc0bc20695993ccebb09f5b5d4d790cd9251b97faac7c652b?s=96&d=blank&r=g","caption":"enequipo"},"sameAs":["https:\/\/www.facebook.com\/SonoraEE"]}]}},"jetpack_featured_media_url":"https:\/\/www.sonoraenequipo.com.mx\/storage\/2024\/11\/nadal.jpg","_links":{"self":[{"href":"https:\/\/www.sonoraenequipo.com.mx\/api\/wp\/v2\/posts\/204484","targetHints":{"allow":["GET"]}}],"collection":[{"href":"https:\/\/www.sonoraenequipo.com.mx\/api\/wp\/v2\/posts"}],"about":[{"href":"https:\/\/www.sonoraenequipo.com.mx\/api\/wp\/v2\/types\/post"}],"author":[{"embeddable":true,"href":"https:\/\/www.sonoraenequipo.com.mx\/api\/wp\/v2\/users\/1"}],"replies":[{"embeddable":true,"href":"https:\/\/www.sonoraenequipo.com.mx\/api\/wp\/v2\/comments?post=204484"}],"version-history":[{"count":2,"href":"https:\/\/www.sonoraenequipo.com.mx\/api\/wp\/v2\/posts\/204484\/revisions"}],"predecessor-version":[{"id":204487,"href":"https:\/\/www.sonoraenequipo.com.mx\/api\/wp\/v2\/posts\/204484\/revisions\/204487"}],"wp:featuredmedia":[{"embeddable":true,"href":"https:\/\/www.sonoraenequipo.com.mx\/api\/wp\/v2\/media\/204485"}],"wp:attachment":[{"href":"https:\/\/www.sonoraenequipo.com.mx\/api\/wp\/v2\/media?parent=204484"}],"wp:term":[{"taxonomy":"category","embeddable":true,"href":"https:\/\/www.sonoraenequipo.com.mx\/api\/wp\/v2\/categories?post=204484"},{"taxonomy":"post_tag","embeddable":true,"href":"https:\/\/www.sonoraenequipo.com.mx\/api\/wp\/v2\/tags?post=204484"}],"curies":[{"name":"wp","href":"https:\/\/api.w.org\/{rel}","templated":true}]}}