{"id":204493,"date":"2024-11-20T12:46:29","date_gmt":"2024-11-20T19:46:29","guid":{"rendered":"https:\/\/www.sonoraenequipo.com.mx\/?p=204493"},"modified":"2024-11-20T12:46:29","modified_gmt":"2024-11-20T19:46:29","slug":"ine-instala-comision-temporal-para-eleccion-en-pjf","status":"publish","type":"post","link":"https:\/\/www.sonoraenequipo.com.mx\/ine-instala-comision-temporal-para-eleccion-en-pjf\/","title":{"rendered":"INE instala comisi\u00f3n temporal para elecci\u00f3n en PJF"},"content":{"rendered":"<p>El Instituto Nacional Electoral (INE) instal\u00f3 la Comisi\u00f3n Temporal del Proceso Electoral Extraordinario para la elecci\u00f3n de diversos cargos del Poder Judicial de la Federaci\u00f3n (PJF) 2024-2025, presidida por el Consejero Jorge Monta\u00f1o Ventura e integrada por las consejeras Norma De la Cruz Maga\u00f1a y Rita Bell L\u00f3pez Vences.<\/p>\n<p>&nbsp;<\/p>\n<p>El Consejero y presidente de la Comisi\u00f3n, Jorge Monta\u00f1o, subray\u00f3 que el camino por delante es dif\u00edcil, \u201cpero las y los aqu\u00ed presentes sabemos bien a qu\u00e9 nos enfrentamos, sabemos hacer elecciones y las hacemos bien\u201d. Adem\u00e1s, se mostr\u00f3 convencido de que el INE saldr\u00e1 una vez m\u00e1s con buenos resultados en este proceso electivo.<\/p>\n<p>&nbsp;<\/p>\n<p>Ante titulares y personas encargadas de direcciones ejecutivas y unidades t\u00e9cnicas, destac\u00f3 que el Instituto cuenta con un equipo no s\u00f3lo de directivos, sino tambi\u00e9n en las Juntas Locales, en cada una de las entidades federativas, as\u00ed como en cada una de las Juntas Distritales Ejecutivas en los 300 distritos electorales, que \u201cser\u00e1n quienes impulsar\u00e1n el desarrollo y organizaci\u00f3n de este proceso mediante el trabajo en equipo\u201d.<\/p>\n<p>&nbsp;<\/p>\n<p>Monta\u00f1o Ventura enfatiz\u00f3 que \u201csin importar el cansancio, las noches de desvelo o incluso los sacrificios personales, lo cierto es que un esfuerzo de tal magnitud conlleva una recompensa similar: la satisfacci\u00f3n de colaborar para que la democracia mexicana sea, una vez m\u00e1s, un ejemplo a nivel internacional\u201d.<\/p>\n<p>&nbsp;<\/p>\n<p>Adem\u00e1s, agradeci\u00f3 el apoyo de \u201ctoda la familia INE\u201d, de la Consejera Presidenta Guadalupe Taddei Zavala, de la Encargada del Despacho de la Secretar\u00eda Ejecutiva, Claudia Edith Su\u00e1rez Ojeda, as\u00ed como del Titular del \u00d3rgano Interno de Control, Luis Oswaldo Peralta Rivera.<\/p>\n<p>&nbsp;<\/p>\n<p>En su intervenci\u00f3n, la Consejera Rita Bell L\u00f3pez indic\u00f3 que el Proceso Electoral Extraordinario para la elecci\u00f3n de diversos cargos del Poder Judicial de la Federaci\u00f3n 2024-2025 implica un gran reto en t\u00e9rminos organizacionales para su correcta implementaci\u00f3n, sobre todo ante el breve tiempo con el que se cuenta para su realizaci\u00f3n.<\/p>\n<p>&nbsp;<\/p>\n<p>Recalc\u00f3 que el INE estar\u00e1 a la altura de la demanda ciudadana, la cual espera un proceso electoral justo, equitativo, transparente y bien organizado, por lo que es tiempo de mostrar, como siempre, la fortaleza institucional que caracteriza al INE. \u201cHemos sido llamadas y llamados a cumplir con una enorme responsabilidad como funcionariado y habremos de hacerlo con aplomo, entereza y de frente a la ciudadan\u00eda\u201d, as\u00ed como con su acompa\u00f1amiento y el de los medios de comunicaci\u00f3n.<\/p>\n<p>&nbsp;<\/p>\n<p>Por su parte, la Consejera Norma De la Cruz dijo que este proceso ser\u00e1 un reto porque \u201cnos obliga a pensar un poco fuera del molde que tenemos y que sabemos, nos obliga tambi\u00e9n a llevar a cabalidad este nuevo mandato constitucional, donde no s\u00f3lo tenemos que comprenderlo para poder ejecutarlo nosotros, sino tambi\u00e9n para poder comunicarlo y explicarlo a la ciudadan\u00eda\u201d.<\/p>\n<p>&nbsp;<\/p>\n<p>La Consejera llam\u00f3 a contagiar el compromiso y profesionalismo a toda la estructura, a los Organismos P\u00fablicos Locales, a las fiscal\u00edas, as\u00ed como a todas y a todos los actores que colaborar\u00e1n con el INE para ejecutar este proceso electivo, comunicarlo e, incluso, litigarlo.<\/p>\n<p>&nbsp;<\/p>\n<p>Durante la sesi\u00f3n, se autoriz\u00f3 someter a consideraci\u00f3n del Consejo General el Programa de Trabajo de la Comisi\u00f3n Temporal del Proceso Electoral Extraordinario para la elecci\u00f3n de diversos cargos del Poder Judicial de la Federaci\u00f3n 2024-2025 y, de la Junta General Ejecutiva, el Plan Integral y Calendario del Proceso Electoral Extraordinario para la elecci\u00f3n de diversos cargos del PJF 2024-2025, as\u00ed como la metodolog\u00eda de seguimiento que tambi\u00e9n deber\u00e1n ser aprobados por el Consejo.<\/p>\n<p>&nbsp;<\/p>\n<p>Finalmente, se autoriz\u00f3 el anteproyecto de acuerdo por el que se determina la fecha de instalaci\u00f3n de los Consejos Locales y Distritales (2 y 16 de diciembre, respectivamente) para el Proceso Electoral Extraordinario para la elecci\u00f3n de diversos cargos del PJF 2024-2025 y por el que se reforman y adicionan diversas disposiciones del Reglamento de Sesiones de los Consejos Locales y Distritales del INE, que tambi\u00e9n ser\u00e1n aprobados por el Consejo General.<\/p>\n<p><strong>Fecha de publicaci\u00f3n mi\u00e9rcoles 20 \u00a0de noviembre de 2024 \/ <\/strong><\/p>\n","protected":false},"excerpt":{"rendered":"<p>El Instituto Nacional Electoral (INE) instal\u00f3 la Comisi\u00f3n Temporal del Proceso Electoral Extraordinario para la&#8230;<\/p>\n","protected":false},"author":1,"featured_media":204494,"comment_status":"open","ping_status":"open","sticky":false,"template":"","format":"standard","meta":{"_monsterinsights_skip_tracking":false,"_monsterinsights_sitenote_active":false,"_monsterinsights_sitenote_note":"","_monsterinsights_sitenote_category":0,"footnotes":""},"categories":[5],"tags":[10530,8019],"class_list":["post"],"yoast_head":" \n<title>Sonora en Equipo. INE instala comisi\u00f3n temporal para elecci\u00f3n en PJF Rep\u00fablica<\/title>\n<meta name=\"description\" content=\"El Instituto Nacional Electoral (INE) instal\u00f3 la Comisi\u00f3n Temporal del Proceso Electoral Extraordinario para la elecci\u00f3n de diversos cargos del Poder En Sonora en Equipo publicamos toda la informaci\u00f3n de Sonora, M\u00e9xico y el Mundo de manera oportuna y busca que la libertad de expresi\u00f3n sea real. Visita nuestro medio informativo publicado desde Hermosillo, Sonora. %\" \/>\n<meta name=\"robots\" content=\"index, follow, max-snippet:-1, max-image-preview:large, max-video-preview:-1\" \/>\n<link rel=\"canonical\" href=\"https:\/\/www.sonoraenequipo.com.mx\/ine-instala-comision-temporal-para-eleccion-en-pjf\/\" \/>\n<meta property=\"og:locale\" content=\"es_ES\" \/>\n<meta property=\"og:type\" content=\"article\" \/>\n<meta property=\"og:title\" content=\"Sonora en Equipo. INE instala comisi\u00f3n temporal para elecci\u00f3n en PJF Rep\u00fablica\" \/>\n<meta property=\"og:description\" content=\"El Instituto Nacional Electoral (INE) instal\u00f3 la Comisi\u00f3n Temporal del Proceso Electoral Extraordinario para la elecci\u00f3n de diversos cargos del Poder En Sonora en Equipo publicamos toda la informaci\u00f3n de Sonora, M\u00e9xico y el Mundo de manera oportuna y busca que la libertad de expresi\u00f3n sea real. Visita nuestro medio informativo publicado desde Hermosillo, Sonora. %\" \/>\n<meta property=\"og:url\" content=\"https:\/\/www.sonoraenequipo.com.mx\/ine-instala-comision-temporal-para-eleccion-en-pjf\/\" \/>\n<meta property=\"og:site_name\" content=\"Sonora en Equipo.\" \/>\n<meta property=\"article:publisher\" content=\"https:\/\/www.facebook.com\/SonoraEE\/\" \/>\n<meta property=\"article:author\" content=\"https:\/\/www.facebook.com\/SonoraEE\" \/>\n<meta property=\"article:published_time\" content=\"2024-11-20T19:46:29+00:00\" \/>\n<meta property=\"og:image\" content=\"https:\/\/www.sonoraenequipo.com.mx\/storage\/2024\/11\/Com-temp-eleccion-PJF.jpg\" \/>\n\t<meta property=\"og:image:width\" content=\"600\" \/>\n\t<meta property=\"og:image:height\" content=\"400\" \/>\n\t<meta property=\"og:image:type\" content=\"image\/jpeg\" \/>\n<meta name=\"author\" content=\"enequipo\" \/>\n<meta name=\"twitter:card\" content=\"summary_large_image\" \/>\n<meta name=\"twitter:creator\" content=\"@sonoraenequipo\" \/>\n<meta name=\"twitter:site\" content=\"@sonoraenequipo\" \/>\n<meta name=\"twitter:label1\" content=\"Escrito por\" \/>\n\t<meta name=\"twitter:data1\" content=\"enequipo\" \/>\n\t<meta name=\"twitter:label2\" content=\"Tiempo de lectura\" \/>\n\t<meta name=\"twitter:data2\" content=\"4 minutos\" \/>\n<script type=\"application\/ld+json\" class=\"yoast-schema-graph\">{\"@context\":\"https:\/\/schema.org\",\"@graph\":[{\"@type\":\"Article\",\"@id\":\"https:\/\/www.sonoraenequipo.com.mx\/ine-instala-comision-temporal-para-eleccion-en-pjf\/#article\",\"isPartOf\":{\"@id\":\"https:\/\/www.sonoraenequipo.com.mx\/ine-instala-comision-temporal-para-eleccion-en-pjf\/\"},\"author\":{\"name\":\"enequipo\",\"@id\":\"https:\/\/www.sonoraenequipo.com.mx\/#\/schema\/person\/50102df0fb23a8fa9e8effad8fa81386\"},\"headline\":\"INE instala comisi\u00f3n temporal para elecci\u00f3n en PJF\",\"datePublished\":\"2024-11-20T19:46:29+00:00\",\"mainEntityOfPage\":{\"@id\":\"https:\/\/www.sonoraenequipo.com.mx\/ine-instala-comision-temporal-para-eleccion-en-pjf\/\"},\"wordCount\":722,\"commentCount\":0,\"publisher\":{\"@id\":\"https:\/\/www.sonoraenequipo.com.mx\/#organization\"},\"image\":{\"@id\":\"https:\/\/www.sonoraenequipo.com.mx\/ine-instala-comision-temporal-para-eleccion-en-pjf\/#primaryimage\"},\"thumbnailUrl\":\"https:\/\/www.sonoraenequipo.com.mx\/storage\/2024\/11\/Com-temp-eleccion-PJF.jpg\",\"keywords\":[\"INE elecci\u00f3n\",\"PJF\"],\"articleSection\":[\"Rep\u00fablica\"],\"inLanguage\":\"es\",\"potentialAction\":[{\"@type\":\"CommentAction\",\"name\":\"Comment\",\"target\":[\"https:\/\/www.sonoraenequipo.com.mx\/ine-instala-comision-temporal-para-eleccion-en-pjf\/#respond\"]}]},{\"@type\":\"WebPage\",\"@id\":\"https:\/\/www.sonoraenequipo.com.mx\/ine-instala-comision-temporal-para-eleccion-en-pjf\/\",\"url\":\"https:\/\/www.sonoraenequipo.com.mx\/ine-instala-comision-temporal-para-eleccion-en-pjf\/\",\"name\":\"Sonora en Equipo. INE instala comisi\u00f3n temporal para elecci\u00f3n en PJF Rep\u00fablica\",\"isPartOf\":{\"@id\":\"https:\/\/www.sonoraenequipo.com.mx\/#website\"},\"primaryImageOfPage\":{\"@id\":\"https:\/\/www.sonoraenequipo.com.mx\/ine-instala-comision-temporal-para-eleccion-en-pjf\/#primaryimage\"},\"image\":{\"@id\":\"https:\/\/www.sonoraenequipo.com.mx\/ine-instala-comision-temporal-para-eleccion-en-pjf\/#primaryimage\"},\"thumbnailUrl\":\"https:\/\/www.sonoraenequipo.com.mx\/storage\/2024\/11\/Com-temp-eleccion-PJF.jpg\",\"datePublished\":\"2024-11-20T19:46:29+00:00\",\"description\":\"El Instituto Nacional Electoral (INE) instal\u00f3 la Comisi\u00f3n Temporal del Proceso Electoral Extraordinario para la elecci\u00f3n de diversos cargos del Poder En Sonora en Equipo publicamos toda la informaci\u00f3n de Sonora, M\u00e9xico y el Mundo de manera oportuna y busca que la libertad de expresi\u00f3n sea real. Visita nuestro medio informativo publicado desde Hermosillo, Sonora. %\",\"breadcrumb\":{\"@id\":\"https:\/\/www.sonoraenequipo.com.mx\/ine-instala-comision-temporal-para-eleccion-en-pjf\/#breadcrumb\"},\"inLanguage\":\"es\",\"potentialAction\":[{\"@type\":\"ReadAction\",\"target\":[\"https:\/\/www.sonoraenequipo.com.mx\/ine-instala-comision-temporal-para-eleccion-en-pjf\/\"]}]},{\"@type\":\"ImageObject\",\"inLanguage\":\"es\",\"@id\":\"https:\/\/www.sonoraenequipo.com.mx\/ine-instala-comision-temporal-para-eleccion-en-pjf\/#primaryimage\",\"url\":\"https:\/\/www.sonoraenequipo.com.mx\/storage\/2024\/11\/Com-temp-eleccion-PJF.jpg\",\"contentUrl\":\"https:\/\/www.sonoraenequipo.com.mx\/storage\/2024\/11\/Com-temp-eleccion-PJF.jpg\",\"width\":600,\"height\":400,\"caption\":\"Comisi\u00f3n temporal para elecci\u00f3n en el Poder Judicial\"},{\"@type\":\"BreadcrumbList\",\"@id\":\"https:\/\/www.sonoraenequipo.com.mx\/ine-instala-comision-temporal-para-eleccion-en-pjf\/#breadcrumb\",\"itemListElement\":[{\"@type\":\"ListItem\",\"position\":1,\"name\":\"Portada\",\"item\":\"https:\/\/www.sonoraenequipo.com.mx\/\"},{\"@type\":\"ListItem\",\"position\":2,\"name\":\"INE instala comisi\u00f3n temporal para elecci\u00f3n en PJF\"}]},{\"@type\":\"WebSite\",\"@id\":\"https:\/\/www.sonoraenequipo.com.mx\/#website\",\"url\":\"https:\/\/www.sonoraenequipo.com.mx\/\",\"name\":\"Sonora en Equipo.\",\"description\":\"Diario en l\u00ednea con Noticias desde Hermosillo, Sonora\",\"publisher\":{\"@id\":\"https:\/\/www.sonoraenequipo.com.mx\/#organization\"},\"potentialAction\":[{\"@type\":\"SearchAction\",\"target\":{\"@type\":\"EntryPoint\",\"urlTemplate\":\"https:\/\/www.sonoraenequipo.com.mx\/?s={search_term_string}\"},\"query-input\":{\"@type\":\"PropertyValueSpecification\",\"valueRequired\":true,\"valueName\":\"search_term_string\"}}],\"inLanguage\":\"es\"},{\"@type\":\"Organization\",\"@id\":\"https:\/\/www.sonoraenequipo.com.mx\/#organization\",\"name\":\"Sonoraenequipo.com.mx\",\"url\":\"https:\/\/www.sonoraenequipo.com.mx\/\",\"logo\":{\"@type\":\"ImageObject\",\"inLanguage\":\"es\",\"@id\":\"https:\/\/www.sonoraenequipo.com.mx\/#\/schema\/logo\/image\/\",\"url\":\"https:\/\/www.sonoraenequipo.com.mx\/storage\/2019\/01\/sonoraenequipo_opt.png\",\"contentUrl\":\"https:\/\/www.sonoraenequipo.com.mx\/storage\/2019\/01\/sonoraenequipo_opt.png\",\"width\":375,\"height\":125,\"caption\":\"Sonoraenequipo.com.mx\"},\"image\":{\"@id\":\"https:\/\/www.sonoraenequipo.com.mx\/#\/schema\/logo\/image\/\"},\"sameAs\":[\"https:\/\/www.facebook.com\/SonoraEE\/\",\"https:\/\/x.com\/sonoraenequipo\",\"https:\/\/www.youtube.com\/channel\/UC338nW-lPEYmJQs4ZABQ1SQ\"]},{\"@type\":\"Person\",\"@id\":\"https:\/\/www.sonoraenequipo.com.mx\/#\/schema\/person\/50102df0fb23a8fa9e8effad8fa81386\",\"name\":\"enequipo\",\"image\":{\"@type\":\"ImageObject\",\"inLanguage\":\"es\",\"@id\":\"https:\/\/www.sonoraenequipo.com.mx\/#\/schema\/person\/image\/\",\"url\":\"https:\/\/secure.gravatar.com\/avatar\/049821681b589dabc0bc20695993ccebb09f5b5d4d790cd9251b97faac7c652b?s=96&d=blank&r=g\",\"contentUrl\":\"https:\/\/secure.gravatar.com\/avatar\/049821681b589dabc0bc20695993ccebb09f5b5d4d790cd9251b97faac7c652b?s=96&d=blank&r=g\",\"caption\":\"enequipo\"},\"sameAs\":[\"https:\/\/www.facebook.com\/SonoraEE\"]}]}<\/script>\n ","yoast_head_json":{"title":"Sonora en Equipo. INE instala comisi\u00f3n temporal para elecci\u00f3n en PJF Rep\u00fablica","description":"El Instituto Nacional Electoral (INE) instal\u00f3 la Comisi\u00f3n Temporal del Proceso Electoral Extraordinario para la elecci\u00f3n de diversos cargos del Poder En Sonora en Equipo publicamos toda la informaci\u00f3n de Sonora, M\u00e9xico y el Mundo de manera oportuna y busca que la libertad de expresi\u00f3n sea real. Visita nuestro medio informativo publicado desde Hermosillo, Sonora. %","robots":{"index":"index","follow":"follow","max-snippet":"max-snippet:-1","max-image-preview":"max-image-preview:large","max-video-preview":"max-video-preview:-1"},"canonical":"https:\/\/www.sonoraenequipo.com.mx\/ine-instala-comision-temporal-para-eleccion-en-pjf\/","og_locale":"es_ES","og_type":"article","og_title":"Sonora en Equipo. INE instala comisi\u00f3n temporal para elecci\u00f3n en PJF Rep\u00fablica","og_description":"El Instituto Nacional Electoral (INE) instal\u00f3 la Comisi\u00f3n Temporal del Proceso Electoral Extraordinario para la elecci\u00f3n de diversos cargos del Poder En Sonora en Equipo publicamos toda la informaci\u00f3n de Sonora, M\u00e9xico y el Mundo de manera oportuna y busca que la libertad de expresi\u00f3n sea real. Visita nuestro medio informativo publicado desde Hermosillo, Sonora. %","og_url":"https:\/\/www.sonoraenequipo.com.mx\/ine-instala-comision-temporal-para-eleccion-en-pjf\/","og_site_name":"Sonora en Equipo.","article_publisher":"https:\/\/www.facebook.com\/SonoraEE\/","article_author":"https:\/\/www.facebook.com\/SonoraEE","article_published_time":"2024-11-20T19:46:29+00:00","og_image":[{"width":600,"height":400,"url":"https:\/\/www.sonoraenequipo.com.mx\/storage\/2024\/11\/Com-temp-eleccion-PJF.jpg","type":"image\/jpeg"}],"author":"enequipo","twitter_card":"summary_large_image","twitter_creator":"@sonoraenequipo","twitter_site":"@sonoraenequipo","twitter_misc":{"Escrito por":"enequipo","Tiempo de lectura":"4 minutos"},"schema":{"@context":"https:\/\/schema.org","@graph":[{"@type":"Article","@id":"https:\/\/www.sonoraenequipo.com.mx\/ine-instala-comision-temporal-para-eleccion-en-pjf\/#article","isPartOf":{"@id":"https:\/\/www.sonoraenequipo.com.mx\/ine-instala-comision-temporal-para-eleccion-en-pjf\/"},"author":{"name":"enequipo","@id":"https:\/\/www.sonoraenequipo.com.mx\/#\/schema\/person\/50102df0fb23a8fa9e8effad8fa81386"},"headline":"INE instala comisi\u00f3n temporal para elecci\u00f3n en PJF","datePublished":"2024-11-20T19:46:29+00:00","mainEntityOfPage":{"@id":"https:\/\/www.sonoraenequipo.com.mx\/ine-instala-comision-temporal-para-eleccion-en-pjf\/"},"wordCount":722,"commentCount":0,"publisher":{"@id":"https:\/\/www.sonoraenequipo.com.mx\/#organization"},"image":{"@id":"https:\/\/www.sonoraenequipo.com.mx\/ine-instala-comision-temporal-para-eleccion-en-pjf\/#primaryimage"},"thumbnailUrl":"https:\/\/www.sonoraenequipo.com.mx\/storage\/2024\/11\/Com-temp-eleccion-PJF.jpg","keywords":["INE elecci\u00f3n","PJF"],"articleSection":["Rep\u00fablica"],"inLanguage":"es","potentialAction":[{"@type":"CommentAction","name":"Comment","target":["https:\/\/www.sonoraenequipo.com.mx\/ine-instala-comision-temporal-para-eleccion-en-pjf\/#respond"]}]},{"@type":"WebPage","@id":"https:\/\/www.sonoraenequipo.com.mx\/ine-instala-comision-temporal-para-eleccion-en-pjf\/","url":"https:\/\/www.sonoraenequipo.com.mx\/ine-instala-comision-temporal-para-eleccion-en-pjf\/","name":"Sonora en Equipo. INE instala comisi\u00f3n temporal para elecci\u00f3n en PJF Rep\u00fablica","isPartOf":{"@id":"https:\/\/www.sonoraenequipo.com.mx\/#website"},"primaryImageOfPage":{"@id":"https:\/\/www.sonoraenequipo.com.mx\/ine-instala-comision-temporal-para-eleccion-en-pjf\/#primaryimage"},"image":{"@id":"https:\/\/www.sonoraenequipo.com.mx\/ine-instala-comision-temporal-para-eleccion-en-pjf\/#primaryimage"},"thumbnailUrl":"https:\/\/www.sonoraenequipo.com.mx\/storage\/2024\/11\/Com-temp-eleccion-PJF.jpg","datePublished":"2024-11-20T19:46:29+00:00","description":"El Instituto Nacional Electoral (INE) instal\u00f3 la Comisi\u00f3n Temporal del Proceso Electoral Extraordinario para la elecci\u00f3n de diversos cargos del Poder En Sonora en Equipo publicamos toda la informaci\u00f3n de Sonora, M\u00e9xico y el Mundo de manera oportuna y busca que la libertad de expresi\u00f3n sea real. Visita nuestro medio informativo publicado desde Hermosillo, Sonora. %","breadcrumb":{"@id":"https:\/\/www.sonoraenequipo.com.mx\/ine-instala-comision-temporal-para-eleccion-en-pjf\/#breadcrumb"},"inLanguage":"es","potentialAction":[{"@type":"ReadAction","target":["https:\/\/www.sonoraenequipo.com.mx\/ine-instala-comision-temporal-para-eleccion-en-pjf\/"]}]},{"@type":"ImageObject","inLanguage":"es","@id":"https:\/\/www.sonoraenequipo.com.mx\/ine-instala-comision-temporal-para-eleccion-en-pjf\/#primaryimage","url":"https:\/\/www.sonoraenequipo.com.mx\/storage\/2024\/11\/Com-temp-eleccion-PJF.jpg","contentUrl":"https:\/\/www.sonoraenequipo.com.mx\/storage\/2024\/11\/Com-temp-eleccion-PJF.jpg","width":600,"height":400,"caption":"Comisi\u00f3n temporal para elecci\u00f3n en el Poder Judicial"},{"@type":"BreadcrumbList","@id":"https:\/\/www.sonoraenequipo.com.mx\/ine-instala-comision-temporal-para-eleccion-en-pjf\/#breadcrumb","itemListElement":[{"@type":"ListItem","position":1,"name":"Portada","item":"https:\/\/www.sonoraenequipo.com.mx\/"},{"@type":"ListItem","position":2,"name":"INE instala comisi\u00f3n temporal para elecci\u00f3n en PJF"}]},{"@type":"WebSite","@id":"https:\/\/www.sonoraenequipo.com.mx\/#website","url":"https:\/\/www.sonoraenequipo.com.mx\/","name":"Sonora en Equipo.","description":"Diario en l\u00ednea con Noticias desde Hermosillo, Sonora","publisher":{"@id":"https:\/\/www.sonoraenequipo.com.mx\/#organization"},"potentialAction":[{"@type":"SearchAction","target":{"@type":"EntryPoint","urlTemplate":"https:\/\/www.sonoraenequipo.com.mx\/?s={search_term_string}"},"query-input":{"@type":"PropertyValueSpecification","valueRequired":true,"valueName":"search_term_string"}}],"inLanguage":"es"},{"@type":"Organization","@id":"https:\/\/www.sonoraenequipo.com.mx\/#organization","name":"Sonoraenequipo.com.mx","url":"https:\/\/www.sonoraenequipo.com.mx\/","logo":{"@type":"ImageObject","inLanguage":"es","@id":"https:\/\/www.sonoraenequipo.com.mx\/#\/schema\/logo\/image\/","url":"https:\/\/www.sonoraenequipo.com.mx\/storage\/2019\/01\/sonoraenequipo_opt.png","contentUrl":"https:\/\/www.sonoraenequipo.com.mx\/storage\/2019\/01\/sonoraenequipo_opt.png","width":375,"height":125,"caption":"Sonoraenequipo.com.mx"},"image":{"@id":"https:\/\/www.sonoraenequipo.com.mx\/#\/schema\/logo\/image\/"},"sameAs":["https:\/\/www.facebook.com\/SonoraEE\/","https:\/\/x.com\/sonoraenequipo","https:\/\/www.youtube.com\/channel\/UC338nW-lPEYmJQs4ZABQ1SQ"]},{"@type":"Person","@id":"https:\/\/www.sonoraenequipo.com.mx\/#\/schema\/person\/50102df0fb23a8fa9e8effad8fa81386","name":"enequipo","image":{"@type":"ImageObject","inLanguage":"es","@id":"https:\/\/www.sonoraenequipo.com.mx\/#\/schema\/person\/image\/","url":"https:\/\/secure.gravatar.com\/avatar\/049821681b589dabc0bc20695993ccebb09f5b5d4d790cd9251b97faac7c652b?s=96&d=blank&r=g","contentUrl":"https:\/\/secure.gravatar.com\/avatar\/049821681b589dabc0bc20695993ccebb09f5b5d4d790cd9251b97faac7c652b?s=96&d=blank&r=g","caption":"enequipo"},"sameAs":["https:\/\/www.facebook.com\/SonoraEE"]}]}},"jetpack_featured_media_url":"https:\/\/www.sonoraenequipo.com.mx\/storage\/2024\/11\/Com-temp-eleccion-PJF.jpg","_links":{"self":[{"href":"https:\/\/www.sonoraenequipo.com.mx\/api\/wp\/v2\/posts\/204493","targetHints":{"allow":["GET"]}}],"collection":[{"href":"https:\/\/www.sonoraenequipo.com.mx\/api\/wp\/v2\/posts"}],"about":[{"href":"https:\/\/www.sonoraenequipo.com.mx\/api\/wp\/v2\/types\/post"}],"author":[{"embeddable":true,"href":"https:\/\/www.sonoraenequipo.com.mx\/api\/wp\/v2\/users\/1"}],"replies":[{"embeddable":true,"href":"https:\/\/www.sonoraenequipo.com.mx\/api\/wp\/v2\/comments?post=204493"}],"version-history":[{"count":1,"href":"https:\/\/www.sonoraenequipo.com.mx\/api\/wp\/v2\/posts\/204493\/revisions"}],"predecessor-version":[{"id":204495,"href":"https:\/\/www.sonoraenequipo.com.mx\/api\/wp\/v2\/posts\/204493\/revisions\/204495"}],"wp:featuredmedia":[{"embeddable":true,"href":"https:\/\/www.sonoraenequipo.com.mx\/api\/wp\/v2\/media\/204494"}],"wp:attachment":[{"href":"https:\/\/www.sonoraenequipo.com.mx\/api\/wp\/v2\/media?parent=204493"}],"wp:term":[{"taxonomy":"category","embeddable":true,"href":"https:\/\/www.sonoraenequipo.com.mx\/api\/wp\/v2\/categories?post=204493"},{"taxonomy":"post_tag","embeddable":true,"href":"https:\/\/www.sonoraenequipo.com.mx\/api\/wp\/v2\/tags?post=204493"}],"curies":[{"name":"wp","href":"https:\/\/api.w.org\/{rel}","templated":true}]}}