{"id":204496,"date":"2024-11-20T12:51:08","date_gmt":"2024-11-20T19:51:08","guid":{"rendered":"https:\/\/www.sonoraenequipo.com.mx\/?p=204496"},"modified":"2024-11-21T09:52:50","modified_gmt":"2024-11-21T16:52:50","slug":"agresion-armada-en-saric-deja-tres-delincuentes-muertos-asi-como-un-agente-de-amic-y-tres-oficiales-heridos","status":"publish","type":"post","link":"https:\/\/www.sonoraenequipo.com.mx\/agresion-armada-en-saric-deja-tres-delincuentes-muertos-asi-como-un-agente-de-amic-y-tres-oficiales-heridos\/","title":{"rendered":"Refriega en S\u00e1ric deja 4 muertos y tres heridos"},"content":{"rendered":"<p><strong>S\u00c1RIC, SONORA, MX. \u2014 <\/strong>\u00a0Como parte de las acciones coordinadas entre la Agencia Ministerial de Investigaci\u00f3n Criminal (AMIC) y la Secretar\u00eda de Marina Armada de M\u00e9xico (SEMAR), esta madrugada (20\/11\/24 se registr\u00f3 una agresi\u00f3n por parte de integrantes del crimen organizado, donde se neutraliz\u00f3 a tres sujetos; tambi\u00e9n un agente ministerial falleci\u00f3 y dos m\u00e1s resultaron lesionados, adem\u00e1s de un marino, tras ser embestidos intencionalmente por el veh\u00edculo de los criminales.<\/p>\n<p> <\/p>\n<p>Los hechos ocurrieron en la carretera S\u00e1sabe-S\u00e1ric, alrededor de las 03:00 horas, donde elementos del operativo conjunto fueron chocados por un veh\u00edculo Dodge Ram, color rojo, que circulaba a alta velocidad con las luces apagadas, en lo que se presume fue una acci\u00f3n deliberada de los delincuentes.<\/p>\n<p>Tras impactar primero una unidad oficial de SEMAR y otra de AMIC, los ocupantes del veh\u00edculo abrieron fuego contra las autoridades; en respuesta, el personal del operativo de seguridad repeli\u00f3 la agresi\u00f3n, neutralizando a tres sujetos armados que permanecen sin identificar.<\/p>\n<p>El convoy de la autoridad circulaba por un tramo de la carretera donde se ven\u00edan presentado robos de veh\u00edculos por parte de la delincuencia organizada y regresaban de una acci\u00f3n exitosa donde los efectivos de AMIC y SEMAR hab\u00edan realizado un golpe significativo en la comunidad de El Chile, en las inmediaciones de S\u00e1ric, en la cual se asegur\u00f3 un veh\u00edculo Dodge Ram modelo 2022 y un pickup GMC Sierra modelo 2014, ambas unidades con reporte de robo en Estados Unidos de Am\u00e9rica.<\/p>\n<p>Adem\u00e1s, se aseguraron un Jeep Cherokee modelo 2007, blindado con reporte de robo en el pa\u00eds; un pickup Ford modelo 2016; y un Jeep Cherokee modelo 2009 con blindaje. Tambi\u00e9n se incautaron 3 mil cartuchos calibre .50, mil 500 cartuchos calibre 7.62\u00d739, se destruy\u00f3 un campamento improvisado y una antena repetidora utilizada para actividades il\u00edcitas.<\/p>\n<p>El agente ministerial de investigaci\u00f3n criminal falleci\u00f3 cuando era trasladado a recibir atenci\u00f3n m\u00e9dica despu\u00e9s de ser embestido deliberadamente por los criminales. Mientras que dos agentes AMIC reciben atenci\u00f3n m\u00e9dica, as\u00ed como el efectivo de SEMAR; todos se reportan estables.<\/p>\n<p>Tras repeler la agresi\u00f3n, fueron asegurados en el sitio dos fusiles de asalto AK-47 con cargadores, un radio port\u00e1til y la unidad motriz Dodge Ram, que tiene reporte de robo en Estados Unidos de Am\u00e9rica. Tres unidades oficiales resultaron con da\u00f1os por el impacto.<\/p>\n<p>La Fiscal\u00eda General de Justicia del Estado de Sonora (FGJES) apoya y se solidariza con sus elementos y familiares, reconociendo el acto heroico en donde uno de los elementos perdi\u00f3 la vida por servir a la sociedad sonorense combatiendo el delito y reafirma su compromiso con la sociedad y con las instituciones que trabajan para garantizar la paz en la regi\u00f3n.<\/p>\n<p><strong>Fecha de publicaci\u00f3n mi\u00e9rcoles 20 de noviembre de 2024 \/ <\/strong><\/p>\n","protected":false},"excerpt":{"rendered":"<p>S\u00c1RIC, SONORA, MX. \u2014 \u00a0Como parte de las acciones coordinadas entre la Agencia Ministerial de&#8230;<\/p>\n","protected":false},"author":1,"featured_media":204497,"comment_status":"open","ping_status":"open","sticky":false,"template":"","format":"standard","meta":{"_monsterinsights_skip_tracking":false,"_monsterinsights_sitenote_active":false,"_monsterinsights_sitenote_note":"","_monsterinsights_sitenote_category":0,"footnotes":""},"categories":[3144],"tags":[3217,10461],"class_list":["post"],"yoast_head":" \n<title>Sonora en Equipo. Refriega en S\u00e1ric deja 4 muertos y tres heridos Polic\u00edaca<\/title>\n<meta name=\"description\" content=\"S\u00c1RIC, SONORA, MX. \u2014 \u00a0Como parte de las acciones coordinadas entre la Agencia Ministerial de Investigaci\u00f3n Criminal (AMIC) y la Secretar\u00eda de Marina En Sonora en Equipo publicamos toda la informaci\u00f3n de Sonora, M\u00e9xico y el Mundo de manera oportuna y busca que la libertad de expresi\u00f3n sea real. Visita nuestro medio informativo publicado desde Hermosillo, Sonora. %\" \/>\n<meta name=\"robots\" content=\"index, follow, max-snippet:-1, max-image-preview:large, max-video-preview:-1\" \/>\n<link rel=\"canonical\" href=\"https:\/\/www.sonoraenequipo.com.mx\/agresion-armada-en-saric-deja-tres-delincuentes-muertos-asi-como-un-agente-de-amic-y-tres-oficiales-heridos\/\" \/>\n<meta property=\"og:locale\" content=\"es_ES\" \/>\n<meta property=\"og:type\" content=\"article\" \/>\n<meta property=\"og:title\" content=\"Sonora en Equipo. Refriega en S\u00e1ric deja 4 muertos y tres heridos Polic\u00edaca\" \/>\n<meta property=\"og:description\" content=\"S\u00c1RIC, SONORA, MX. \u2014 \u00a0Como parte de las acciones coordinadas entre la Agencia Ministerial de Investigaci\u00f3n Criminal (AMIC) y la Secretar\u00eda de Marina En Sonora en Equipo publicamos toda la informaci\u00f3n de Sonora, M\u00e9xico y el Mundo de manera oportuna y busca que la libertad de expresi\u00f3n sea real. Visita nuestro medio informativo publicado desde Hermosillo, Sonora. %\" \/>\n<meta property=\"og:url\" content=\"https:\/\/www.sonoraenequipo.com.mx\/agresion-armada-en-saric-deja-tres-delincuentes-muertos-asi-como-un-agente-de-amic-y-tres-oficiales-heridos\/\" \/>\n<meta property=\"og:site_name\" content=\"Sonora en Equipo.\" \/>\n<meta property=\"article:publisher\" content=\"https:\/\/www.facebook.com\/SonoraEE\/\" \/>\n<meta property=\"article:author\" content=\"https:\/\/www.facebook.com\/SonoraEE\" \/>\n<meta property=\"article:published_time\" content=\"2024-11-20T19:51:08+00:00\" \/>\n<meta property=\"article:modified_time\" content=\"2024-11-21T16:52:50+00:00\" \/>\n<meta property=\"og:image\" content=\"https:\/\/www.sonoraenequipo.com.mx\/storage\/2024\/11\/parque.jpg\" \/>\n\t<meta property=\"og:image:width\" content=\"600\" \/>\n\t<meta property=\"og:image:height\" content=\"450\" \/>\n\t<meta property=\"og:image:type\" content=\"image\/jpeg\" \/>\n<meta name=\"author\" content=\"enequipo\" \/>\n<meta name=\"twitter:card\" content=\"summary_large_image\" \/>\n<meta name=\"twitter:creator\" content=\"@sonoraenequipo\" \/>\n<meta name=\"twitter:site\" content=\"@sonoraenequipo\" \/>\n<meta name=\"twitter:label1\" content=\"Escrito por\" \/>\n\t<meta name=\"twitter:data1\" content=\"enequipo\" \/>\n\t<meta name=\"twitter:label2\" content=\"Tiempo de lectura\" \/>\n\t<meta name=\"twitter:data2\" content=\"2 minutos\" \/>\n<script type=\"application\/ld+json\" class=\"yoast-schema-graph\">{\"@context\":\"https:\/\/schema.org\",\"@graph\":[{\"@type\":\"Article\",\"@id\":\"https:\/\/www.sonoraenequipo.com.mx\/agresion-armada-en-saric-deja-tres-delincuentes-muertos-asi-como-un-agente-de-amic-y-tres-oficiales-heridos\/#article\",\"isPartOf\":{\"@id\":\"https:\/\/www.sonoraenequipo.com.mx\/agresion-armada-en-saric-deja-tres-delincuentes-muertos-asi-como-un-agente-de-amic-y-tres-oficiales-heridos\/\"},\"author\":{\"name\":\"enequipo\",\"@id\":\"https:\/\/www.sonoraenequipo.com.mx\/#\/schema\/person\/50102df0fb23a8fa9e8effad8fa81386\"},\"headline\":\"Refriega en S\u00e1ric deja 4 muertos y tres heridos\",\"datePublished\":\"2024-11-20T19:51:08+00:00\",\"dateModified\":\"2024-11-21T16:52:50+00:00\",\"mainEntityOfPage\":{\"@id\":\"https:\/\/www.sonoraenequipo.com.mx\/agresion-armada-en-saric-deja-tres-delincuentes-muertos-asi-como-un-agente-de-amic-y-tres-oficiales-heridos\/\"},\"wordCount\":486,\"commentCount\":0,\"publisher\":{\"@id\":\"https:\/\/www.sonoraenequipo.com.mx\/#organization\"},\"image\":{\"@id\":\"https:\/\/www.sonoraenequipo.com.mx\/agresion-armada-en-saric-deja-tres-delincuentes-muertos-asi-como-un-agente-de-amic-y-tres-oficiales-heridos\/#primaryimage\"},\"thumbnailUrl\":\"https:\/\/www.sonoraenequipo.com.mx\/storage\/2024\/11\/parque.jpg\",\"keywords\":[\"agresi\u00f3n\",\"saric\"],\"articleSection\":[\"Polic\u00edaca\"],\"inLanguage\":\"es\",\"potentialAction\":[{\"@type\":\"CommentAction\",\"name\":\"Comment\",\"target\":[\"https:\/\/www.sonoraenequipo.com.mx\/agresion-armada-en-saric-deja-tres-delincuentes-muertos-asi-como-un-agente-de-amic-y-tres-oficiales-heridos\/#respond\"]}]},{\"@type\":\"WebPage\",\"@id\":\"https:\/\/www.sonoraenequipo.com.mx\/agresion-armada-en-saric-deja-tres-delincuentes-muertos-asi-como-un-agente-de-amic-y-tres-oficiales-heridos\/\",\"url\":\"https:\/\/www.sonoraenequipo.com.mx\/agresion-armada-en-saric-deja-tres-delincuentes-muertos-asi-como-un-agente-de-amic-y-tres-oficiales-heridos\/\",\"name\":\"Sonora en Equipo. Refriega en S\u00e1ric deja 4 muertos y tres heridos Polic\u00edaca\",\"isPartOf\":{\"@id\":\"https:\/\/www.sonoraenequipo.com.mx\/#website\"},\"primaryImageOfPage\":{\"@id\":\"https:\/\/www.sonoraenequipo.com.mx\/agresion-armada-en-saric-deja-tres-delincuentes-muertos-asi-como-un-agente-de-amic-y-tres-oficiales-heridos\/#primaryimage\"},\"image\":{\"@id\":\"https:\/\/www.sonoraenequipo.com.mx\/agresion-armada-en-saric-deja-tres-delincuentes-muertos-asi-como-un-agente-de-amic-y-tres-oficiales-heridos\/#primaryimage\"},\"thumbnailUrl\":\"https:\/\/www.sonoraenequipo.com.mx\/storage\/2024\/11\/parque.jpg\",\"datePublished\":\"2024-11-20T19:51:08+00:00\",\"dateModified\":\"2024-11-21T16:52:50+00:00\",\"description\":\"S\u00c1RIC, SONORA, MX. \u2014 \u00a0Como parte de las acciones coordinadas entre la Agencia Ministerial de Investigaci\u00f3n Criminal (AMIC) y la Secretar\u00eda de Marina En Sonora en Equipo publicamos toda la informaci\u00f3n de Sonora, M\u00e9xico y el Mundo de manera oportuna y busca que la libertad de expresi\u00f3n sea real. Visita nuestro medio informativo publicado desde Hermosillo, Sonora. %\",\"breadcrumb\":{\"@id\":\"https:\/\/www.sonoraenequipo.com.mx\/agresion-armada-en-saric-deja-tres-delincuentes-muertos-asi-como-un-agente-de-amic-y-tres-oficiales-heridos\/#breadcrumb\"},\"inLanguage\":\"es\",\"potentialAction\":[{\"@type\":\"ReadAction\",\"target\":[\"https:\/\/www.sonoraenequipo.com.mx\/agresion-armada-en-saric-deja-tres-delincuentes-muertos-asi-como-un-agente-de-amic-y-tres-oficiales-heridos\/\"]}]},{\"@type\":\"ImageObject\",\"inLanguage\":\"es\",\"@id\":\"https:\/\/www.sonoraenequipo.com.mx\/agresion-armada-en-saric-deja-tres-delincuentes-muertos-asi-como-un-agente-de-amic-y-tres-oficiales-heridos\/#primaryimage\",\"url\":\"https:\/\/www.sonoraenequipo.com.mx\/storage\/2024\/11\/parque.jpg\",\"contentUrl\":\"https:\/\/www.sonoraenequipo.com.mx\/storage\/2024\/11\/parque.jpg\",\"width\":600,\"height\":450},{\"@type\":\"BreadcrumbList\",\"@id\":\"https:\/\/www.sonoraenequipo.com.mx\/agresion-armada-en-saric-deja-tres-delincuentes-muertos-asi-como-un-agente-de-amic-y-tres-oficiales-heridos\/#breadcrumb\",\"itemListElement\":[{\"@type\":\"ListItem\",\"position\":1,\"name\":\"Portada\",\"item\":\"https:\/\/www.sonoraenequipo.com.mx\/\"},{\"@type\":\"ListItem\",\"position\":2,\"name\":\"Refriega en S\u00e1ric deja 4 muertos y tres heridos\"}]},{\"@type\":\"WebSite\",\"@id\":\"https:\/\/www.sonoraenequipo.com.mx\/#website\",\"url\":\"https:\/\/www.sonoraenequipo.com.mx\/\",\"name\":\"Sonora en Equipo.\",\"description\":\"Diario en l\u00ednea con Noticias desde Hermosillo, Sonora\",\"publisher\":{\"@id\":\"https:\/\/www.sonoraenequipo.com.mx\/#organization\"},\"potentialAction\":[{\"@type\":\"SearchAction\",\"target\":{\"@type\":\"EntryPoint\",\"urlTemplate\":\"https:\/\/www.sonoraenequipo.com.mx\/?s={search_term_string}\"},\"query-input\":{\"@type\":\"PropertyValueSpecification\",\"valueRequired\":true,\"valueName\":\"search_term_string\"}}],\"inLanguage\":\"es\"},{\"@type\":\"Organization\",\"@id\":\"https:\/\/www.sonoraenequipo.com.mx\/#organization\",\"name\":\"Sonoraenequipo.com.mx\",\"url\":\"https:\/\/www.sonoraenequipo.com.mx\/\",\"logo\":{\"@type\":\"ImageObject\",\"inLanguage\":\"es\",\"@id\":\"https:\/\/www.sonoraenequipo.com.mx\/#\/schema\/logo\/image\/\",\"url\":\"https:\/\/www.sonoraenequipo.com.mx\/storage\/2019\/01\/sonoraenequipo_opt.png\",\"contentUrl\":\"https:\/\/www.sonoraenequipo.com.mx\/storage\/2019\/01\/sonoraenequipo_opt.png\",\"width\":375,\"height\":125,\"caption\":\"Sonoraenequipo.com.mx\"},\"image\":{\"@id\":\"https:\/\/www.sonoraenequipo.com.mx\/#\/schema\/logo\/image\/\"},\"sameAs\":[\"https:\/\/www.facebook.com\/SonoraEE\/\",\"https:\/\/x.com\/sonoraenequipo\",\"https:\/\/www.youtube.com\/channel\/UC338nW-lPEYmJQs4ZABQ1SQ\"]},{\"@type\":\"Person\",\"@id\":\"https:\/\/www.sonoraenequipo.com.mx\/#\/schema\/person\/50102df0fb23a8fa9e8effad8fa81386\",\"name\":\"enequipo\",\"image\":{\"@type\":\"ImageObject\",\"inLanguage\":\"es\",\"@id\":\"https:\/\/www.sonoraenequipo.com.mx\/#\/schema\/person\/image\/\",\"url\":\"https:\/\/secure.gravatar.com\/avatar\/049821681b589dabc0bc20695993ccebb09f5b5d4d790cd9251b97faac7c652b?s=96&d=blank&r=g\",\"contentUrl\":\"https:\/\/secure.gravatar.com\/avatar\/049821681b589dabc0bc20695993ccebb09f5b5d4d790cd9251b97faac7c652b?s=96&d=blank&r=g\",\"caption\":\"enequipo\"},\"sameAs\":[\"https:\/\/www.facebook.com\/SonoraEE\"]}]}<\/script>\n ","yoast_head_json":{"title":"Sonora en Equipo. Refriega en S\u00e1ric deja 4 muertos y tres heridos Polic\u00edaca","description":"S\u00c1RIC, SONORA, MX. \u2014 \u00a0Como parte de las acciones coordinadas entre la Agencia Ministerial de Investigaci\u00f3n Criminal (AMIC) y la Secretar\u00eda de Marina En Sonora en Equipo publicamos toda la informaci\u00f3n de Sonora, M\u00e9xico y el Mundo de manera oportuna y busca que la libertad de expresi\u00f3n sea real. Visita nuestro medio informativo publicado desde Hermosillo, Sonora. %","robots":{"index":"index","follow":"follow","max-snippet":"max-snippet:-1","max-image-preview":"max-image-preview:large","max-video-preview":"max-video-preview:-1"},"canonical":"https:\/\/www.sonoraenequipo.com.mx\/agresion-armada-en-saric-deja-tres-delincuentes-muertos-asi-como-un-agente-de-amic-y-tres-oficiales-heridos\/","og_locale":"es_ES","og_type":"article","og_title":"Sonora en Equipo. Refriega en S\u00e1ric deja 4 muertos y tres heridos Polic\u00edaca","og_description":"S\u00c1RIC, SONORA, MX. \u2014 \u00a0Como parte de las acciones coordinadas entre la Agencia Ministerial de Investigaci\u00f3n Criminal (AMIC) y la Secretar\u00eda de Marina En Sonora en Equipo publicamos toda la informaci\u00f3n de Sonora, M\u00e9xico y el Mundo de manera oportuna y busca que la libertad de expresi\u00f3n sea real. Visita nuestro medio informativo publicado desde Hermosillo, Sonora. %","og_url":"https:\/\/www.sonoraenequipo.com.mx\/agresion-armada-en-saric-deja-tres-delincuentes-muertos-asi-como-un-agente-de-amic-y-tres-oficiales-heridos\/","og_site_name":"Sonora en Equipo.","article_publisher":"https:\/\/www.facebook.com\/SonoraEE\/","article_author":"https:\/\/www.facebook.com\/SonoraEE","article_published_time":"2024-11-20T19:51:08+00:00","article_modified_time":"2024-11-21T16:52:50+00:00","og_image":[{"width":600,"height":450,"url":"https:\/\/www.sonoraenequipo.com.mx\/storage\/2024\/11\/parque.jpg","type":"image\/jpeg"}],"author":"enequipo","twitter_card":"summary_large_image","twitter_creator":"@sonoraenequipo","twitter_site":"@sonoraenequipo","twitter_misc":{"Escrito por":"enequipo","Tiempo de lectura":"2 minutos"},"schema":{"@context":"https:\/\/schema.org","@graph":[{"@type":"Article","@id":"https:\/\/www.sonoraenequipo.com.mx\/agresion-armada-en-saric-deja-tres-delincuentes-muertos-asi-como-un-agente-de-amic-y-tres-oficiales-heridos\/#article","isPartOf":{"@id":"https:\/\/www.sonoraenequipo.com.mx\/agresion-armada-en-saric-deja-tres-delincuentes-muertos-asi-como-un-agente-de-amic-y-tres-oficiales-heridos\/"},"author":{"name":"enequipo","@id":"https:\/\/www.sonoraenequipo.com.mx\/#\/schema\/person\/50102df0fb23a8fa9e8effad8fa81386"},"headline":"Refriega en S\u00e1ric deja 4 muertos y tres heridos","datePublished":"2024-11-20T19:51:08+00:00","dateModified":"2024-11-21T16:52:50+00:00","mainEntityOfPage":{"@id":"https:\/\/www.sonoraenequipo.com.mx\/agresion-armada-en-saric-deja-tres-delincuentes-muertos-asi-como-un-agente-de-amic-y-tres-oficiales-heridos\/"},"wordCount":486,"commentCount":0,"publisher":{"@id":"https:\/\/www.sonoraenequipo.com.mx\/#organization"},"image":{"@id":"https:\/\/www.sonoraenequipo.com.mx\/agresion-armada-en-saric-deja-tres-delincuentes-muertos-asi-como-un-agente-de-amic-y-tres-oficiales-heridos\/#primaryimage"},"thumbnailUrl":"https:\/\/www.sonoraenequipo.com.mx\/storage\/2024\/11\/parque.jpg","keywords":["agresi\u00f3n","saric"],"articleSection":["Polic\u00edaca"],"inLanguage":"es","potentialAction":[{"@type":"CommentAction","name":"Comment","target":["https:\/\/www.sonoraenequipo.com.mx\/agresion-armada-en-saric-deja-tres-delincuentes-muertos-asi-como-un-agente-de-amic-y-tres-oficiales-heridos\/#respond"]}]},{"@type":"WebPage","@id":"https:\/\/www.sonoraenequipo.com.mx\/agresion-armada-en-saric-deja-tres-delincuentes-muertos-asi-como-un-agente-de-amic-y-tres-oficiales-heridos\/","url":"https:\/\/www.sonoraenequipo.com.mx\/agresion-armada-en-saric-deja-tres-delincuentes-muertos-asi-como-un-agente-de-amic-y-tres-oficiales-heridos\/","name":"Sonora en Equipo. Refriega en S\u00e1ric deja 4 muertos y tres heridos Polic\u00edaca","isPartOf":{"@id":"https:\/\/www.sonoraenequipo.com.mx\/#website"},"primaryImageOfPage":{"@id":"https:\/\/www.sonoraenequipo.com.mx\/agresion-armada-en-saric-deja-tres-delincuentes-muertos-asi-como-un-agente-de-amic-y-tres-oficiales-heridos\/#primaryimage"},"image":{"@id":"https:\/\/www.sonoraenequipo.com.mx\/agresion-armada-en-saric-deja-tres-delincuentes-muertos-asi-como-un-agente-de-amic-y-tres-oficiales-heridos\/#primaryimage"},"thumbnailUrl":"https:\/\/www.sonoraenequipo.com.mx\/storage\/2024\/11\/parque.jpg","datePublished":"2024-11-20T19:51:08+00:00","dateModified":"2024-11-21T16:52:50+00:00","description":"S\u00c1RIC, SONORA, MX. \u2014 \u00a0Como parte de las acciones coordinadas entre la Agencia Ministerial de Investigaci\u00f3n Criminal (AMIC) y la Secretar\u00eda de Marina En Sonora en Equipo publicamos toda la informaci\u00f3n de Sonora, M\u00e9xico y el Mundo de manera oportuna y busca que la libertad de expresi\u00f3n sea real. Visita nuestro medio informativo publicado desde Hermosillo, Sonora. %","breadcrumb":{"@id":"https:\/\/www.sonoraenequipo.com.mx\/agresion-armada-en-saric-deja-tres-delincuentes-muertos-asi-como-un-agente-de-amic-y-tres-oficiales-heridos\/#breadcrumb"},"inLanguage":"es","potentialAction":[{"@type":"ReadAction","target":["https:\/\/www.sonoraenequipo.com.mx\/agresion-armada-en-saric-deja-tres-delincuentes-muertos-asi-como-un-agente-de-amic-y-tres-oficiales-heridos\/"]}]},{"@type":"ImageObject","inLanguage":"es","@id":"https:\/\/www.sonoraenequipo.com.mx\/agresion-armada-en-saric-deja-tres-delincuentes-muertos-asi-como-un-agente-de-amic-y-tres-oficiales-heridos\/#primaryimage","url":"https:\/\/www.sonoraenequipo.com.mx\/storage\/2024\/11\/parque.jpg","contentUrl":"https:\/\/www.sonoraenequipo.com.mx\/storage\/2024\/11\/parque.jpg","width":600,"height":450},{"@type":"BreadcrumbList","@id":"https:\/\/www.sonoraenequipo.com.mx\/agresion-armada-en-saric-deja-tres-delincuentes-muertos-asi-como-un-agente-de-amic-y-tres-oficiales-heridos\/#breadcrumb","itemListElement":[{"@type":"ListItem","position":1,"name":"Portada","item":"https:\/\/www.sonoraenequipo.com.mx\/"},{"@type":"ListItem","position":2,"name":"Refriega en S\u00e1ric deja 4 muertos y tres heridos"}]},{"@type":"WebSite","@id":"https:\/\/www.sonoraenequipo.com.mx\/#website","url":"https:\/\/www.sonoraenequipo.com.mx\/","name":"Sonora en Equipo.","description":"Diario en l\u00ednea con Noticias desde Hermosillo, Sonora","publisher":{"@id":"https:\/\/www.sonoraenequipo.com.mx\/#organization"},"potentialAction":[{"@type":"SearchAction","target":{"@type":"EntryPoint","urlTemplate":"https:\/\/www.sonoraenequipo.com.mx\/?s={search_term_string}"},"query-input":{"@type":"PropertyValueSpecification","valueRequired":true,"valueName":"search_term_string"}}],"inLanguage":"es"},{"@type":"Organization","@id":"https:\/\/www.sonoraenequipo.com.mx\/#organization","name":"Sonoraenequipo.com.mx","url":"https:\/\/www.sonoraenequipo.com.mx\/","logo":{"@type":"ImageObject","inLanguage":"es","@id":"https:\/\/www.sonoraenequipo.com.mx\/#\/schema\/logo\/image\/","url":"https:\/\/www.sonoraenequipo.com.mx\/storage\/2019\/01\/sonoraenequipo_opt.png","contentUrl":"https:\/\/www.sonoraenequipo.com.mx\/storage\/2019\/01\/sonoraenequipo_opt.png","width":375,"height":125,"caption":"Sonoraenequipo.com.mx"},"image":{"@id":"https:\/\/www.sonoraenequipo.com.mx\/#\/schema\/logo\/image\/"},"sameAs":["https:\/\/www.facebook.com\/SonoraEE\/","https:\/\/x.com\/sonoraenequipo","https:\/\/www.youtube.com\/channel\/UC338nW-lPEYmJQs4ZABQ1SQ"]},{"@type":"Person","@id":"https:\/\/www.sonoraenequipo.com.mx\/#\/schema\/person\/50102df0fb23a8fa9e8effad8fa81386","name":"enequipo","image":{"@type":"ImageObject","inLanguage":"es","@id":"https:\/\/www.sonoraenequipo.com.mx\/#\/schema\/person\/image\/","url":"https:\/\/secure.gravatar.com\/avatar\/049821681b589dabc0bc20695993ccebb09f5b5d4d790cd9251b97faac7c652b?s=96&d=blank&r=g","contentUrl":"https:\/\/secure.gravatar.com\/avatar\/049821681b589dabc0bc20695993ccebb09f5b5d4d790cd9251b97faac7c652b?s=96&d=blank&r=g","caption":"enequipo"},"sameAs":["https:\/\/www.facebook.com\/SonoraEE"]}]}},"jetpack_featured_media_url":"https:\/\/www.sonoraenequipo.com.mx\/storage\/2024\/11\/parque.jpg","_links":{"self":[{"href":"https:\/\/www.sonoraenequipo.com.mx\/api\/wp\/v2\/posts\/204496","targetHints":{"allow":["GET"]}}],"collection":[{"href":"https:\/\/www.sonoraenequipo.com.mx\/api\/wp\/v2\/posts"}],"about":[{"href":"https:\/\/www.sonoraenequipo.com.mx\/api\/wp\/v2\/types\/post"}],"author":[{"embeddable":true,"href":"https:\/\/www.sonoraenequipo.com.mx\/api\/wp\/v2\/users\/1"}],"replies":[{"embeddable":true,"href":"https:\/\/www.sonoraenequipo.com.mx\/api\/wp\/v2\/comments?post=204496"}],"version-history":[{"count":8,"href":"https:\/\/www.sonoraenequipo.com.mx\/api\/wp\/v2\/posts\/204496\/revisions"}],"predecessor-version":[{"id":204565,"href":"https:\/\/www.sonoraenequipo.com.mx\/api\/wp\/v2\/posts\/204496\/revisions\/204565"}],"wp:featuredmedia":[{"embeddable":true,"href":"https:\/\/www.sonoraenequipo.com.mx\/api\/wp\/v2\/media\/204497"}],"wp:attachment":[{"href":"https:\/\/www.sonoraenequipo.com.mx\/api\/wp\/v2\/media?parent=204496"}],"wp:term":[{"taxonomy":"category","embeddable":true,"href":"https:\/\/www.sonoraenequipo.com.mx\/api\/wp\/v2\/categories?post=204496"},{"taxonomy":"post_tag","embeddable":true,"href":"https:\/\/www.sonoraenequipo.com.mx\/api\/wp\/v2\/tags?post=204496"}],"curies":[{"name":"wp","href":"https:\/\/api.w.org\/{rel}","templated":true}]}}