{"id":204514,"date":"2024-11-20T14:54:40","date_gmt":"2024-11-20T21:54:40","guid":{"rendered":"https:\/\/www.sonoraenequipo.com.mx\/?p=204514"},"modified":"2024-11-20T14:54:40","modified_gmt":"2024-11-20T21:54:40","slug":"soldados-ucranianos-amputados-reciben-protesis-en-mexico","status":"publish","type":"post","link":"https:\/\/www.sonoraenequipo.com.mx\/soldados-ucranianos-amputados-reciben-protesis-en-mexico\/","title":{"rendered":"Soldados ucranianos amputados reciben pr\u00f3tesis en M\u00e9xico"},"content":{"rendered":"<p><strong>CIUDAD DE M\u00c9XICO \u2014 <\/strong>Pavlo Naida no dud\u00f3 un segundo en integrarse al ej\u00e9rcito ucraniano de manera voluntaria. Durante 12 a\u00f1os fue desarrollador de software, l\u00edder de equipo, ingeniero y gerente, pero cuando Rusia invadi\u00f3 su pa\u00eds, decidi\u00f3 servir a su patria como un defensor m\u00e1s.<\/p>\n<p>&nbsp;<\/p>\n<p>En febrero de 2022, cuando inici\u00f3 la invasi\u00f3n rusa y se percat\u00f3 de que su madre y su joven hermano permanec\u00edan en un lugar seguro lejos de Kiev, el ucraniano se digiri\u00f3, junto a sus amigos, a un centro de reclutamiento local.<\/p>\n<p>&nbsp;<\/p>\n<p>\u201cMi padrastro tambi\u00e9n se uni\u00f3 al ej\u00e9rcito&#8230; En realidad, hubo mucho caos en todas partes. Y la gente estaba en p\u00e1nico\u201d, record\u00f3 Pavlo, en entrevista con la Voz de Am\u00e9rica.<\/p>\n<p>&nbsp;<\/p>\n<p>Comenz\u00f3 como un soldado de infanter\u00eda. Despu\u00e9s, fue especialista en unidades antitanque, lanzagranadas y lanzacohetes, entre otros. \u201cSobre todo porque era uno de los pocos chicos de mi unidad que sab\u00eda ingl\u00e9s y pod\u00eda leer manuales de lanzadores fabricados en el extranjero\u201d, dijo el ucraniano de 33 a\u00f1os. Posteriormente, fue piloto de dron e incluso lider\u00f3 un escuadr\u00f3n de este tipo de veh\u00edculos a\u00e9reos no tripulados.<\/p>\n<p>&nbsp;<\/p>\n<p>&nbsp;<\/p>\n<p>Hasta que el 17 de agosto de 2023, cerca de la ciudad de Bajmut, mientras Pavlo se mov\u00eda de una posici\u00f3n a otra e intentaba esconderse durante las operaciones de asalto en esa regi\u00f3n y un bombardeo, pis\u00f3 una mina terrestre que explot\u00f3 en su pierna izquierda.<\/p>\n<p>&nbsp;<\/p>\n<p>\u201cPara m\u00ed, fue bastante claro porque ni siquiera recuerdo la sensaci\u00f3n de perder algo\u2026 Solo que mi hermano de armas me dijo, como \u2018Hombre, no te asustes, ya no tienes una pierna\u2019 (risas)\u2026 Y comenc\u00e9 a comprobar de inmediato c\u00f3mo pod\u00eda ayudarme, c\u00f3mo comunicarme con mi oficial al mando&#8230; Para m\u00ed, fue una gran descarga de adrenalina que me ayud\u00f3 a permanecer consciente y, por lo tanto, a seguir con vida\u201d, confes\u00f3 Pavlo a la VOA.<\/p>\n<p>El Servicio Estatal de Emergencias de Ucrania (SEE) indic\u00f3 en febrero de este a\u00f1o que, debido a la guerra, el 25 % de la superficie del pa\u00eds est\u00e1 potencialmente contaminado con objetos explosivos.<\/p>\n<p>&nbsp;<\/p>\n<p>La ONG Hope Foundation, con sede en la capital ucraniana, inform\u00f3 que de 200.000 ucranianos heridos, el 10 % sufre amputaciones, aunque la cifra podr\u00eda aumentar.<\/p>\n<p>&nbsp;<\/p>\n<p>En abril de este a\u00f1o, autoridades alemanas indicaron que el n\u00famero de lesiones por amputaci\u00f3n en Ucrania se encuentra entre 30.000 y 50.000, y obtener pr\u00f3tesis y el tratamiento que esto conlleva no es tan f\u00e1cil debido a sus costos y a las circunstancias de guerra.<\/p>\n<p>&nbsp;<\/p>\n<p>Una nueva oportunidad<\/p>\n<p>Cinco meses despu\u00e9s, Pavlo se enter\u00f3 de que a miles de kil\u00f3metros de su casa exist\u00eda un programa para rehabilitarse y adquirir una pr\u00f3tesis: \u201cCuando mis amigos me contactaron porque conoc\u00edan a algunas personas en M\u00e9xico que estaban haciendo un programa de este tipo, me llev\u00e9 una sorpresa\u201d.<\/p>\n<p>&nbsp;<\/p>\n<p>Fue entonces cuando, en enero de 2024, el ucraniano lleg\u00f3 a Ciudad de M\u00e9xico para hacer parte del proyecto Axolotl (Ajolote -un anfibio mexicano que tienen la capacidad de regenerar su piel), una iniciativa conjunta entre la embajada de Ucrania en M\u00e9xico y la Asociaci\u00f3n Di\u00e1spora Ucraniana en M\u00e9xico A.C. que busca rehabilitar f\u00edsica y emocionalmente a defensores ucranianos que han perdido alguno de sus miembros durante la guerra con Rusia.<\/p>\n<p>&nbsp;<\/p>\n<p>&nbsp;<\/p>\n<p>Ilona Dluzhynska, fundadora de la Asociaci\u00f3n, cont\u00f3 a la VOA que la idea naci\u00f3 de \u201cuna necesidad de que hab\u00eda demasiadas personas que estaban perdiendo miembros, en el frente de batalla\u201d.<\/p>\n<p>&nbsp;<\/p>\n<p>La ucraniana, quien lleva 18 a\u00f1os viviendo en M\u00e9xico, estuvo muy atenta a lo que suced\u00eda con su familia y sus compatriotas, as\u00ed que conociendo el trabajo m\u00e9dico realizado en el pa\u00eds donde reside, pens\u00f3 en el apoyo que podr\u00edan brindar \u201cdesde una perspectiva humanitaria\u201d.<\/p>\n<p>&nbsp;<\/p>\n<p>Tras tocar varias puertas, recibi\u00f3 el espaldarazo de diferentes instituciones mexicanas. Actualmente, los defensores ucranianos reciben atenci\u00f3n m\u00e9dica, una pr\u00f3tesis y rehabilitaci\u00f3n f\u00edsica y emocional, por parte de instituciones y especialistas mexicanos. Esta \u00faltima \u201cbasada en el descanso\u00bb.<\/p>\n<p>&nbsp;<\/p>\n<p>\u00abIndependientemente de que ellos ya no estaban en el frente de batalla, al estar en hospitales ucranianos\u2026 segu\u00edan en medio de la guerra. Por eso, se nos hizo tan interesante la idea de traerlos a M\u00e9xico, alejarlos un poquitito del ambiente de guerra, mostrarles este pa\u00eds\u201d, dijo Dluzhynska en entrevista con la VOA.<\/p>\n<p><strong>Fecha de publicaci\u00f3n mi\u00e9rcoles 20 \u00a0de noviembre de 2024 \/ VOA <\/strong><\/p>\n","protected":false},"excerpt":{"rendered":"<p>CIUDAD DE M\u00c9XICO \u2014 Pavlo Naida no dud\u00f3 un segundo en integrarse al ej\u00e9rcito ucraniano&#8230;<\/p>\n","protected":false},"author":1,"featured_media":204515,"comment_status":"open","ping_status":"open","sticky":false,"template":"","format":"standard","meta":{"_monsterinsights_skip_tracking":false,"_monsterinsights_sitenote_active":false,"_monsterinsights_sitenote_note":"","_monsterinsights_sitenote_category":0,"footnotes":""},"categories":[3],"tags":[144,141,3008],"class_list":["post"],"yoast_head":" \n<title>Sonora en Equipo. Soldados ucranianos amputados reciben pr\u00f3tesis en M\u00e9xico MUNDO<\/title>\n<meta name=\"description\" content=\"CIUDAD DE M\u00c9XICO \u2014 Pavlo Naida no dud\u00f3 un segundo en integrarse al ej\u00e9rcito ucraniano de manera voluntaria. Durante 12 a\u00f1os fue desarrollador de software, En Sonora en Equipo publicamos toda la informaci\u00f3n de Sonora, M\u00e9xico y el Mundo de manera oportuna y busca que la libertad de expresi\u00f3n sea real. Visita nuestro medio informativo publicado desde Hermosillo, Sonora. %\" \/>\n<meta name=\"robots\" content=\"index, follow, max-snippet:-1, max-image-preview:large, max-video-preview:-1\" \/>\n<link rel=\"canonical\" href=\"https:\/\/www.sonoraenequipo.com.mx\/soldados-ucranianos-amputados-reciben-protesis-en-mexico\/\" \/>\n<meta property=\"og:locale\" content=\"es_ES\" \/>\n<meta property=\"og:type\" content=\"article\" \/>\n<meta property=\"og:title\" content=\"Sonora en Equipo. Soldados ucranianos amputados reciben pr\u00f3tesis en M\u00e9xico MUNDO\" \/>\n<meta property=\"og:description\" content=\"CIUDAD DE M\u00c9XICO \u2014 Pavlo Naida no dud\u00f3 un segundo en integrarse al ej\u00e9rcito ucraniano de manera voluntaria. Durante 12 a\u00f1os fue desarrollador de software, En Sonora en Equipo publicamos toda la informaci\u00f3n de Sonora, M\u00e9xico y el Mundo de manera oportuna y busca que la libertad de expresi\u00f3n sea real. Visita nuestro medio informativo publicado desde Hermosillo, Sonora. %\" \/>\n<meta property=\"og:url\" content=\"https:\/\/www.sonoraenequipo.com.mx\/soldados-ucranianos-amputados-reciben-protesis-en-mexico\/\" \/>\n<meta property=\"og:site_name\" content=\"Sonora en Equipo.\" \/>\n<meta property=\"article:publisher\" content=\"https:\/\/www.facebook.com\/SonoraEE\/\" \/>\n<meta property=\"article:author\" content=\"https:\/\/www.facebook.com\/SonoraEE\" \/>\n<meta property=\"article:published_time\" content=\"2024-11-20T21:54:40+00:00\" \/>\n<meta property=\"og:image\" content=\"https:\/\/www.sonoraenequipo.com.mx\/storage\/2024\/11\/protesis-ucranianos.jpg\" \/>\n\t<meta property=\"og:image:width\" content=\"600\" \/>\n\t<meta property=\"og:image:height\" content=\"400\" \/>\n\t<meta property=\"og:image:type\" content=\"image\/jpeg\" \/>\n<meta name=\"author\" content=\"enequipo\" \/>\n<meta name=\"twitter:card\" content=\"summary_large_image\" \/>\n<meta name=\"twitter:creator\" content=\"@sonoraenequipo\" \/>\n<meta name=\"twitter:site\" content=\"@sonoraenequipo\" \/>\n<meta name=\"twitter:label1\" content=\"Escrito por\" \/>\n\t<meta name=\"twitter:data1\" content=\"enequipo\" \/>\n\t<meta name=\"twitter:label2\" content=\"Tiempo de lectura\" \/>\n\t<meta name=\"twitter:data2\" content=\"4 minutos\" \/>\n<script type=\"application\/ld+json\" class=\"yoast-schema-graph\">{\"@context\":\"https:\/\/schema.org\",\"@graph\":[{\"@type\":\"Article\",\"@id\":\"https:\/\/www.sonoraenequipo.com.mx\/soldados-ucranianos-amputados-reciben-protesis-en-mexico\/#article\",\"isPartOf\":{\"@id\":\"https:\/\/www.sonoraenequipo.com.mx\/soldados-ucranianos-amputados-reciben-protesis-en-mexico\/\"},\"author\":{\"name\":\"enequipo\",\"@id\":\"https:\/\/www.sonoraenequipo.com.mx\/#\/schema\/person\/50102df0fb23a8fa9e8effad8fa81386\"},\"headline\":\"Soldados ucranianos amputados reciben pr\u00f3tesis en M\u00e9xico\",\"datePublished\":\"2024-11-20T21:54:40+00:00\",\"mainEntityOfPage\":{\"@id\":\"https:\/\/www.sonoraenequipo.com.mx\/soldados-ucranianos-amputados-reciben-protesis-en-mexico\/\"},\"wordCount\":785,\"commentCount\":0,\"publisher\":{\"@id\":\"https:\/\/www.sonoraenequipo.com.mx\/#organization\"},\"image\":{\"@id\":\"https:\/\/www.sonoraenequipo.com.mx\/soldados-ucranianos-amputados-reciben-protesis-en-mexico\/#primaryimage\"},\"thumbnailUrl\":\"https:\/\/www.sonoraenequipo.com.mx\/storage\/2024\/11\/protesis-ucranianos.jpg\",\"keywords\":[\"guerra\",\"Rusia\",\"ucrania\"],\"articleSection\":[\"MUNDO\"],\"inLanguage\":\"es\",\"potentialAction\":[{\"@type\":\"CommentAction\",\"name\":\"Comment\",\"target\":[\"https:\/\/www.sonoraenequipo.com.mx\/soldados-ucranianos-amputados-reciben-protesis-en-mexico\/#respond\"]}]},{\"@type\":\"WebPage\",\"@id\":\"https:\/\/www.sonoraenequipo.com.mx\/soldados-ucranianos-amputados-reciben-protesis-en-mexico\/\",\"url\":\"https:\/\/www.sonoraenequipo.com.mx\/soldados-ucranianos-amputados-reciben-protesis-en-mexico\/\",\"name\":\"Sonora en Equipo. Soldados ucranianos amputados reciben pr\u00f3tesis en M\u00e9xico MUNDO\",\"isPartOf\":{\"@id\":\"https:\/\/www.sonoraenequipo.com.mx\/#website\"},\"primaryImageOfPage\":{\"@id\":\"https:\/\/www.sonoraenequipo.com.mx\/soldados-ucranianos-amputados-reciben-protesis-en-mexico\/#primaryimage\"},\"image\":{\"@id\":\"https:\/\/www.sonoraenequipo.com.mx\/soldados-ucranianos-amputados-reciben-protesis-en-mexico\/#primaryimage\"},\"thumbnailUrl\":\"https:\/\/www.sonoraenequipo.com.mx\/storage\/2024\/11\/protesis-ucranianos.jpg\",\"datePublished\":\"2024-11-20T21:54:40+00:00\",\"description\":\"CIUDAD DE M\u00c9XICO \u2014 Pavlo Naida no dud\u00f3 un segundo en integrarse al ej\u00e9rcito ucraniano de manera voluntaria. Durante 12 a\u00f1os fue desarrollador de software, En Sonora en Equipo publicamos toda la informaci\u00f3n de Sonora, M\u00e9xico y el Mundo de manera oportuna y busca que la libertad de expresi\u00f3n sea real. Visita nuestro medio informativo publicado desde Hermosillo, Sonora. %\",\"breadcrumb\":{\"@id\":\"https:\/\/www.sonoraenequipo.com.mx\/soldados-ucranianos-amputados-reciben-protesis-en-mexico\/#breadcrumb\"},\"inLanguage\":\"es\",\"potentialAction\":[{\"@type\":\"ReadAction\",\"target\":[\"https:\/\/www.sonoraenequipo.com.mx\/soldados-ucranianos-amputados-reciben-protesis-en-mexico\/\"]}]},{\"@type\":\"ImageObject\",\"inLanguage\":\"es\",\"@id\":\"https:\/\/www.sonoraenequipo.com.mx\/soldados-ucranianos-amputados-reciben-protesis-en-mexico\/#primaryimage\",\"url\":\"https:\/\/www.sonoraenequipo.com.mx\/storage\/2024\/11\/protesis-ucranianos.jpg\",\"contentUrl\":\"https:\/\/www.sonoraenequipo.com.mx\/storage\/2024\/11\/protesis-ucranianos.jpg\",\"width\":600,\"height\":400},{\"@type\":\"BreadcrumbList\",\"@id\":\"https:\/\/www.sonoraenequipo.com.mx\/soldados-ucranianos-amputados-reciben-protesis-en-mexico\/#breadcrumb\",\"itemListElement\":[{\"@type\":\"ListItem\",\"position\":1,\"name\":\"Portada\",\"item\":\"https:\/\/www.sonoraenequipo.com.mx\/\"},{\"@type\":\"ListItem\",\"position\":2,\"name\":\"Soldados ucranianos amputados reciben pr\u00f3tesis en M\u00e9xico\"}]},{\"@type\":\"WebSite\",\"@id\":\"https:\/\/www.sonoraenequipo.com.mx\/#website\",\"url\":\"https:\/\/www.sonoraenequipo.com.mx\/\",\"name\":\"Sonora en Equipo.\",\"description\":\"Diario en l\u00ednea con Noticias desde Hermosillo, Sonora\",\"publisher\":{\"@id\":\"https:\/\/www.sonoraenequipo.com.mx\/#organization\"},\"potentialAction\":[{\"@type\":\"SearchAction\",\"target\":{\"@type\":\"EntryPoint\",\"urlTemplate\":\"https:\/\/www.sonoraenequipo.com.mx\/?s={search_term_string}\"},\"query-input\":{\"@type\":\"PropertyValueSpecification\",\"valueRequired\":true,\"valueName\":\"search_term_string\"}}],\"inLanguage\":\"es\"},{\"@type\":\"Organization\",\"@id\":\"https:\/\/www.sonoraenequipo.com.mx\/#organization\",\"name\":\"Sonoraenequipo.com.mx\",\"url\":\"https:\/\/www.sonoraenequipo.com.mx\/\",\"logo\":{\"@type\":\"ImageObject\",\"inLanguage\":\"es\",\"@id\":\"https:\/\/www.sonoraenequipo.com.mx\/#\/schema\/logo\/image\/\",\"url\":\"https:\/\/www.sonoraenequipo.com.mx\/storage\/2019\/01\/sonoraenequipo_opt.png\",\"contentUrl\":\"https:\/\/www.sonoraenequipo.com.mx\/storage\/2019\/01\/sonoraenequipo_opt.png\",\"width\":375,\"height\":125,\"caption\":\"Sonoraenequipo.com.mx\"},\"image\":{\"@id\":\"https:\/\/www.sonoraenequipo.com.mx\/#\/schema\/logo\/image\/\"},\"sameAs\":[\"https:\/\/www.facebook.com\/SonoraEE\/\",\"https:\/\/x.com\/sonoraenequipo\",\"https:\/\/www.youtube.com\/channel\/UC338nW-lPEYmJQs4ZABQ1SQ\"]},{\"@type\":\"Person\",\"@id\":\"https:\/\/www.sonoraenequipo.com.mx\/#\/schema\/person\/50102df0fb23a8fa9e8effad8fa81386\",\"name\":\"enequipo\",\"image\":{\"@type\":\"ImageObject\",\"inLanguage\":\"es\",\"@id\":\"https:\/\/www.sonoraenequipo.com.mx\/#\/schema\/person\/image\/\",\"url\":\"https:\/\/secure.gravatar.com\/avatar\/049821681b589dabc0bc20695993ccebb09f5b5d4d790cd9251b97faac7c652b?s=96&d=blank&r=g\",\"contentUrl\":\"https:\/\/secure.gravatar.com\/avatar\/049821681b589dabc0bc20695993ccebb09f5b5d4d790cd9251b97faac7c652b?s=96&d=blank&r=g\",\"caption\":\"enequipo\"},\"sameAs\":[\"https:\/\/www.facebook.com\/SonoraEE\"]}]}<\/script>\n ","yoast_head_json":{"title":"Sonora en Equipo. Soldados ucranianos amputados reciben pr\u00f3tesis en M\u00e9xico MUNDO","description":"CIUDAD DE M\u00c9XICO \u2014 Pavlo Naida no dud\u00f3 un segundo en integrarse al ej\u00e9rcito ucraniano de manera voluntaria. Durante 12 a\u00f1os fue desarrollador de software, En Sonora en Equipo publicamos toda la informaci\u00f3n de Sonora, M\u00e9xico y el Mundo de manera oportuna y busca que la libertad de expresi\u00f3n sea real. Visita nuestro medio informativo publicado desde Hermosillo, Sonora. %","robots":{"index":"index","follow":"follow","max-snippet":"max-snippet:-1","max-image-preview":"max-image-preview:large","max-video-preview":"max-video-preview:-1"},"canonical":"https:\/\/www.sonoraenequipo.com.mx\/soldados-ucranianos-amputados-reciben-protesis-en-mexico\/","og_locale":"es_ES","og_type":"article","og_title":"Sonora en Equipo. Soldados ucranianos amputados reciben pr\u00f3tesis en M\u00e9xico MUNDO","og_description":"CIUDAD DE M\u00c9XICO \u2014 Pavlo Naida no dud\u00f3 un segundo en integrarse al ej\u00e9rcito ucraniano de manera voluntaria. Durante 12 a\u00f1os fue desarrollador de software, En Sonora en Equipo publicamos toda la informaci\u00f3n de Sonora, M\u00e9xico y el Mundo de manera oportuna y busca que la libertad de expresi\u00f3n sea real. Visita nuestro medio informativo publicado desde Hermosillo, Sonora. %","og_url":"https:\/\/www.sonoraenequipo.com.mx\/soldados-ucranianos-amputados-reciben-protesis-en-mexico\/","og_site_name":"Sonora en Equipo.","article_publisher":"https:\/\/www.facebook.com\/SonoraEE\/","article_author":"https:\/\/www.facebook.com\/SonoraEE","article_published_time":"2024-11-20T21:54:40+00:00","og_image":[{"width":600,"height":400,"url":"https:\/\/www.sonoraenequipo.com.mx\/storage\/2024\/11\/protesis-ucranianos.jpg","type":"image\/jpeg"}],"author":"enequipo","twitter_card":"summary_large_image","twitter_creator":"@sonoraenequipo","twitter_site":"@sonoraenequipo","twitter_misc":{"Escrito por":"enequipo","Tiempo de lectura":"4 minutos"},"schema":{"@context":"https:\/\/schema.org","@graph":[{"@type":"Article","@id":"https:\/\/www.sonoraenequipo.com.mx\/soldados-ucranianos-amputados-reciben-protesis-en-mexico\/#article","isPartOf":{"@id":"https:\/\/www.sonoraenequipo.com.mx\/soldados-ucranianos-amputados-reciben-protesis-en-mexico\/"},"author":{"name":"enequipo","@id":"https:\/\/www.sonoraenequipo.com.mx\/#\/schema\/person\/50102df0fb23a8fa9e8effad8fa81386"},"headline":"Soldados ucranianos amputados reciben pr\u00f3tesis en M\u00e9xico","datePublished":"2024-11-20T21:54:40+00:00","mainEntityOfPage":{"@id":"https:\/\/www.sonoraenequipo.com.mx\/soldados-ucranianos-amputados-reciben-protesis-en-mexico\/"},"wordCount":785,"commentCount":0,"publisher":{"@id":"https:\/\/www.sonoraenequipo.com.mx\/#organization"},"image":{"@id":"https:\/\/www.sonoraenequipo.com.mx\/soldados-ucranianos-amputados-reciben-protesis-en-mexico\/#primaryimage"},"thumbnailUrl":"https:\/\/www.sonoraenequipo.com.mx\/storage\/2024\/11\/protesis-ucranianos.jpg","keywords":["guerra","Rusia","ucrania"],"articleSection":["MUNDO"],"inLanguage":"es","potentialAction":[{"@type":"CommentAction","name":"Comment","target":["https:\/\/www.sonoraenequipo.com.mx\/soldados-ucranianos-amputados-reciben-protesis-en-mexico\/#respond"]}]},{"@type":"WebPage","@id":"https:\/\/www.sonoraenequipo.com.mx\/soldados-ucranianos-amputados-reciben-protesis-en-mexico\/","url":"https:\/\/www.sonoraenequipo.com.mx\/soldados-ucranianos-amputados-reciben-protesis-en-mexico\/","name":"Sonora en Equipo. Soldados ucranianos amputados reciben pr\u00f3tesis en M\u00e9xico MUNDO","isPartOf":{"@id":"https:\/\/www.sonoraenequipo.com.mx\/#website"},"primaryImageOfPage":{"@id":"https:\/\/www.sonoraenequipo.com.mx\/soldados-ucranianos-amputados-reciben-protesis-en-mexico\/#primaryimage"},"image":{"@id":"https:\/\/www.sonoraenequipo.com.mx\/soldados-ucranianos-amputados-reciben-protesis-en-mexico\/#primaryimage"},"thumbnailUrl":"https:\/\/www.sonoraenequipo.com.mx\/storage\/2024\/11\/protesis-ucranianos.jpg","datePublished":"2024-11-20T21:54:40+00:00","description":"CIUDAD DE M\u00c9XICO \u2014 Pavlo Naida no dud\u00f3 un segundo en integrarse al ej\u00e9rcito ucraniano de manera voluntaria. Durante 12 a\u00f1os fue desarrollador de software, En Sonora en Equipo publicamos toda la informaci\u00f3n de Sonora, M\u00e9xico y el Mundo de manera oportuna y busca que la libertad de expresi\u00f3n sea real. Visita nuestro medio informativo publicado desde Hermosillo, Sonora. %","breadcrumb":{"@id":"https:\/\/www.sonoraenequipo.com.mx\/soldados-ucranianos-amputados-reciben-protesis-en-mexico\/#breadcrumb"},"inLanguage":"es","potentialAction":[{"@type":"ReadAction","target":["https:\/\/www.sonoraenequipo.com.mx\/soldados-ucranianos-amputados-reciben-protesis-en-mexico\/"]}]},{"@type":"ImageObject","inLanguage":"es","@id":"https:\/\/www.sonoraenequipo.com.mx\/soldados-ucranianos-amputados-reciben-protesis-en-mexico\/#primaryimage","url":"https:\/\/www.sonoraenequipo.com.mx\/storage\/2024\/11\/protesis-ucranianos.jpg","contentUrl":"https:\/\/www.sonoraenequipo.com.mx\/storage\/2024\/11\/protesis-ucranianos.jpg","width":600,"height":400},{"@type":"BreadcrumbList","@id":"https:\/\/www.sonoraenequipo.com.mx\/soldados-ucranianos-amputados-reciben-protesis-en-mexico\/#breadcrumb","itemListElement":[{"@type":"ListItem","position":1,"name":"Portada","item":"https:\/\/www.sonoraenequipo.com.mx\/"},{"@type":"ListItem","position":2,"name":"Soldados ucranianos amputados reciben pr\u00f3tesis en M\u00e9xico"}]},{"@type":"WebSite","@id":"https:\/\/www.sonoraenequipo.com.mx\/#website","url":"https:\/\/www.sonoraenequipo.com.mx\/","name":"Sonora en Equipo.","description":"Diario en l\u00ednea con Noticias desde Hermosillo, Sonora","publisher":{"@id":"https:\/\/www.sonoraenequipo.com.mx\/#organization"},"potentialAction":[{"@type":"SearchAction","target":{"@type":"EntryPoint","urlTemplate":"https:\/\/www.sonoraenequipo.com.mx\/?s={search_term_string}"},"query-input":{"@type":"PropertyValueSpecification","valueRequired":true,"valueName":"search_term_string"}}],"inLanguage":"es"},{"@type":"Organization","@id":"https:\/\/www.sonoraenequipo.com.mx\/#organization","name":"Sonoraenequipo.com.mx","url":"https:\/\/www.sonoraenequipo.com.mx\/","logo":{"@type":"ImageObject","inLanguage":"es","@id":"https:\/\/www.sonoraenequipo.com.mx\/#\/schema\/logo\/image\/","url":"https:\/\/www.sonoraenequipo.com.mx\/storage\/2019\/01\/sonoraenequipo_opt.png","contentUrl":"https:\/\/www.sonoraenequipo.com.mx\/storage\/2019\/01\/sonoraenequipo_opt.png","width":375,"height":125,"caption":"Sonoraenequipo.com.mx"},"image":{"@id":"https:\/\/www.sonoraenequipo.com.mx\/#\/schema\/logo\/image\/"},"sameAs":["https:\/\/www.facebook.com\/SonoraEE\/","https:\/\/x.com\/sonoraenequipo","https:\/\/www.youtube.com\/channel\/UC338nW-lPEYmJQs4ZABQ1SQ"]},{"@type":"Person","@id":"https:\/\/www.sonoraenequipo.com.mx\/#\/schema\/person\/50102df0fb23a8fa9e8effad8fa81386","name":"enequipo","image":{"@type":"ImageObject","inLanguage":"es","@id":"https:\/\/www.sonoraenequipo.com.mx\/#\/schema\/person\/image\/","url":"https:\/\/secure.gravatar.com\/avatar\/049821681b589dabc0bc20695993ccebb09f5b5d4d790cd9251b97faac7c652b?s=96&d=blank&r=g","contentUrl":"https:\/\/secure.gravatar.com\/avatar\/049821681b589dabc0bc20695993ccebb09f5b5d4d790cd9251b97faac7c652b?s=96&d=blank&r=g","caption":"enequipo"},"sameAs":["https:\/\/www.facebook.com\/SonoraEE"]}]}},"jetpack_featured_media_url":"https:\/\/www.sonoraenequipo.com.mx\/storage\/2024\/11\/protesis-ucranianos.jpg","_links":{"self":[{"href":"https:\/\/www.sonoraenequipo.com.mx\/api\/wp\/v2\/posts\/204514","targetHints":{"allow":["GET"]}}],"collection":[{"href":"https:\/\/www.sonoraenequipo.com.mx\/api\/wp\/v2\/posts"}],"about":[{"href":"https:\/\/www.sonoraenequipo.com.mx\/api\/wp\/v2\/types\/post"}],"author":[{"embeddable":true,"href":"https:\/\/www.sonoraenequipo.com.mx\/api\/wp\/v2\/users\/1"}],"replies":[{"embeddable":true,"href":"https:\/\/www.sonoraenequipo.com.mx\/api\/wp\/v2\/comments?post=204514"}],"version-history":[{"count":1,"href":"https:\/\/www.sonoraenequipo.com.mx\/api\/wp\/v2\/posts\/204514\/revisions"}],"predecessor-version":[{"id":204516,"href":"https:\/\/www.sonoraenequipo.com.mx\/api\/wp\/v2\/posts\/204514\/revisions\/204516"}],"wp:featuredmedia":[{"embeddable":true,"href":"https:\/\/www.sonoraenequipo.com.mx\/api\/wp\/v2\/media\/204515"}],"wp:attachment":[{"href":"https:\/\/www.sonoraenequipo.com.mx\/api\/wp\/v2\/media?parent=204514"}],"wp:term":[{"taxonomy":"category","embeddable":true,"href":"https:\/\/www.sonoraenequipo.com.mx\/api\/wp\/v2\/categories?post=204514"},{"taxonomy":"post_tag","embeddable":true,"href":"https:\/\/www.sonoraenequipo.com.mx\/api\/wp\/v2\/tags?post=204514"}],"curies":[{"name":"wp","href":"https:\/\/api.w.org\/{rel}","templated":true}]}}