{"id":204539,"date":"2024-11-20T16:55:46","date_gmt":"2024-11-20T23:55:46","guid":{"rendered":"https:\/\/www.sonoraenequipo.com.mx\/?p=204539"},"modified":"2024-11-20T16:55:46","modified_gmt":"2024-11-20T23:55:46","slug":"pablo-lemus-declara-su-respaldo-a-jorge-alvarez-maynez-para-dirigir-movimiento-ciudadano","status":"publish","type":"post","link":"https:\/\/www.sonoraenequipo.com.mx\/pablo-lemus-declara-su-respaldo-a-jorge-alvarez-maynez-para-dirigir-movimiento-ciudadano\/","title":{"rendered":"Pablo Lemus declara su respaldo a Jorge \u00c1lvarez M\u00e1ynez para dirigir Movimiento Ciudadano"},"content":{"rendered":"<p><strong>CIUDAD DE MEXICO. MX. \u2014<\/strong> En un contexto para el panorama pol\u00edtico nacional, Jorge \u00c1lvarez M\u00e1ynez ha recibido un importante respaldo en su aspiraci\u00f3n para liderar el partido Movimiento Ciudadano (MC) a nivel nacional, por parte del Gobernador Electo de Jalisco, Pablo Lemus Navarro, quien en sus redes sociales public\u00f3:<\/p>\n<p>&nbsp;<\/p>\n<p>&nbsp;<\/p>\n<p>&nbsp;<\/p>\n<p> <\/p>\n<p><strong><em>\u201cCuentas con la trayectoria y la capacidad para dirigir a este movimiento en un momento clave de la vida nacional\u201d,<\/em> <\/strong>destac\u00f3 en su mensaje de apoyo dirigido a \u00c1lvarez M\u00e1ynez, quien actualmente desempe\u00f1a un papel relevante dentro de MC.<\/p>\n<p>&nbsp;<\/p>\n<p>&nbsp;<\/p>\n<p>&nbsp;<\/p>\n<p>La declaraci\u00f3n enfatiz\u00f3 la confianza en su habilidad para consolidar el proyecto que encabeza Dante Delgado, fundador y actual coordinador nacional de Movimiento Ciudadano. Este respaldo llega en un momento en el que el partido enfrenta desaf\u00edos significativos.<\/p>\n<p>&nbsp;<\/p>\n<p>&nbsp;<\/p>\n<p>&nbsp;<\/p>\n<p>Algunos militantes de MC consideran que la trayectoria de \u00c1lvarez M\u00e1ynez ha sido clave en el crecimiento y posicionamiento de MC como una fuerza pol\u00edtica emergente en diversas entidades del pa\u00eds, consolidando su discurso centrado en la innovaci\u00f3n, la transparencia y el empoderamiento ciudadano.<\/p>\n<p>&nbsp;<\/p>\n<p>&nbsp;<\/p>\n<p>&nbsp;<\/p>\n<p>Su posible designaci\u00f3n como dirigente nacional marcar\u00eda un relevo generacional dentro del partido, alineado con el objetivo de mantener su independencia y protagonismo en el \u00e1mbito pol\u00edtico nacional.<\/p>\n<p>&nbsp;<\/p>\n<p>&nbsp;<\/p>\n<p>&nbsp;<\/p>\n<p>PUBLICADO EL 20 DE NOVIEMBRE DE 2024 Con informaci\u00f3n de Prensa Libre)<\/p>\n","protected":false},"excerpt":{"rendered":"<p>CIUDAD DE MEXICO. MX. \u2014 En un contexto para el panorama pol\u00edtico nacional, Jorge \u00c1lvarez&#8230;<\/p>\n","protected":false},"author":1,"featured_media":204531,"comment_status":"open","ping_status":"open","sticky":false,"template":"","format":"standard","meta":{"_monsterinsights_skip_tracking":false,"_monsterinsights_sitenote_active":false,"_monsterinsights_sitenote_note":"","_monsterinsights_sitenote_category":0,"footnotes":""},"categories":[5],"tags":[],"class_list":["post"],"yoast_head":" \n<title>Sonora en Equipo. Pablo Lemus declara su respaldo a Jorge \u00c1lvarez M\u00e1ynez para dirigir Movimiento Ciudadano Rep\u00fablica<\/title>\n<meta name=\"description\" content=\"CIUDAD DE MEXICO. MX. \u2014 En un contexto para el panorama pol\u00edtico nacional, Jorge \u00c1lvarez M\u00e1ynez ha recibido un importante respaldo en su aspiraci\u00f3n para En Sonora en Equipo publicamos toda la informaci\u00f3n de Sonora, M\u00e9xico y el Mundo de manera oportuna y busca que la libertad de expresi\u00f3n sea real. Visita nuestro medio informativo publicado desde Hermosillo, Sonora. %\" \/>\n<meta name=\"robots\" content=\"index, follow, max-snippet:-1, max-image-preview:large, max-video-preview:-1\" \/>\n<link rel=\"canonical\" href=\"https:\/\/www.sonoraenequipo.com.mx\/pablo-lemus-declara-su-respaldo-a-jorge-alvarez-maynez-para-dirigir-movimiento-ciudadano\/\" \/>\n<meta property=\"og:locale\" content=\"es_ES\" \/>\n<meta property=\"og:type\" content=\"article\" \/>\n<meta property=\"og:title\" content=\"Sonora en Equipo. Pablo Lemus declara su respaldo a Jorge \u00c1lvarez M\u00e1ynez para dirigir Movimiento Ciudadano Rep\u00fablica\" \/>\n<meta property=\"og:description\" content=\"CIUDAD DE MEXICO. MX. \u2014 En un contexto para el panorama pol\u00edtico nacional, Jorge \u00c1lvarez M\u00e1ynez ha recibido un importante respaldo en su aspiraci\u00f3n para En Sonora en Equipo publicamos toda la informaci\u00f3n de Sonora, M\u00e9xico y el Mundo de manera oportuna y busca que la libertad de expresi\u00f3n sea real. Visita nuestro medio informativo publicado desde Hermosillo, Sonora. %\" \/>\n<meta property=\"og:url\" content=\"https:\/\/www.sonoraenequipo.com.mx\/pablo-lemus-declara-su-respaldo-a-jorge-alvarez-maynez-para-dirigir-movimiento-ciudadano\/\" \/>\n<meta property=\"og:site_name\" content=\"Sonora en Equipo.\" \/>\n<meta property=\"article:publisher\" content=\"https:\/\/www.facebook.com\/SonoraEE\/\" \/>\n<meta property=\"article:author\" content=\"https:\/\/www.facebook.com\/SonoraEE\" \/>\n<meta property=\"article:published_time\" content=\"2024-11-20T23:55:46+00:00\" \/>\n<meta property=\"og:image\" content=\"https:\/\/www.sonoraenequipo.com.mx\/storage\/2024\/11\/Gobernador-de-Jalisco-apoya-a-Maines-para-dirigir-MC-min.jpg\" \/>\n\t<meta property=\"og:image:width\" content=\"1024\" \/>\n\t<meta property=\"og:image:height\" content=\"682\" \/>\n\t<meta property=\"og:image:type\" content=\"image\/jpeg\" \/>\n<meta name=\"author\" content=\"enequipo\" \/>\n<meta name=\"twitter:card\" content=\"summary_large_image\" \/>\n<meta name=\"twitter:creator\" content=\"@sonoraenequipo\" \/>\n<meta name=\"twitter:site\" content=\"@sonoraenequipo\" \/>\n<meta name=\"twitter:label1\" content=\"Escrito por\" \/>\n\t<meta name=\"twitter:data1\" content=\"enequipo\" \/>\n\t<meta name=\"twitter:label2\" content=\"Tiempo de lectura\" \/>\n\t<meta name=\"twitter:data2\" content=\"1 minuto\" \/>\n<script type=\"application\/ld+json\" class=\"yoast-schema-graph\">{\"@context\":\"https:\/\/schema.org\",\"@graph\":[{\"@type\":\"Article\",\"@id\":\"https:\/\/www.sonoraenequipo.com.mx\/pablo-lemus-declara-su-respaldo-a-jorge-alvarez-maynez-para-dirigir-movimiento-ciudadano\/#article\",\"isPartOf\":{\"@id\":\"https:\/\/www.sonoraenequipo.com.mx\/pablo-lemus-declara-su-respaldo-a-jorge-alvarez-maynez-para-dirigir-movimiento-ciudadano\/\"},\"author\":{\"name\":\"enequipo\",\"@id\":\"https:\/\/www.sonoraenequipo.com.mx\/#\/schema\/person\/50102df0fb23a8fa9e8effad8fa81386\"},\"headline\":\"Pablo Lemus declara su respaldo a Jorge \u00c1lvarez M\u00e1ynez para dirigir Movimiento Ciudadano\",\"datePublished\":\"2024-11-20T23:55:46+00:00\",\"mainEntityOfPage\":{\"@id\":\"https:\/\/www.sonoraenequipo.com.mx\/pablo-lemus-declara-su-respaldo-a-jorge-alvarez-maynez-para-dirigir-movimiento-ciudadano\/\"},\"wordCount\":252,\"commentCount\":0,\"publisher\":{\"@id\":\"https:\/\/www.sonoraenequipo.com.mx\/#organization\"},\"image\":{\"@id\":\"https:\/\/www.sonoraenequipo.com.mx\/pablo-lemus-declara-su-respaldo-a-jorge-alvarez-maynez-para-dirigir-movimiento-ciudadano\/#primaryimage\"},\"thumbnailUrl\":\"https:\/\/www.sonoraenequipo.com.mx\/storage\/2024\/11\/Gobernador-de-Jalisco-apoya-a-Maines-para-dirigir-MC-min.jpg\",\"articleSection\":[\"Rep\u00fablica\"],\"inLanguage\":\"es\",\"potentialAction\":[{\"@type\":\"CommentAction\",\"name\":\"Comment\",\"target\":[\"https:\/\/www.sonoraenequipo.com.mx\/pablo-lemus-declara-su-respaldo-a-jorge-alvarez-maynez-para-dirigir-movimiento-ciudadano\/#respond\"]}]},{\"@type\":\"WebPage\",\"@id\":\"https:\/\/www.sonoraenequipo.com.mx\/pablo-lemus-declara-su-respaldo-a-jorge-alvarez-maynez-para-dirigir-movimiento-ciudadano\/\",\"url\":\"https:\/\/www.sonoraenequipo.com.mx\/pablo-lemus-declara-su-respaldo-a-jorge-alvarez-maynez-para-dirigir-movimiento-ciudadano\/\",\"name\":\"Sonora en Equipo. Pablo Lemus declara su respaldo a Jorge \u00c1lvarez M\u00e1ynez para dirigir Movimiento Ciudadano Rep\u00fablica\",\"isPartOf\":{\"@id\":\"https:\/\/www.sonoraenequipo.com.mx\/#website\"},\"primaryImageOfPage\":{\"@id\":\"https:\/\/www.sonoraenequipo.com.mx\/pablo-lemus-declara-su-respaldo-a-jorge-alvarez-maynez-para-dirigir-movimiento-ciudadano\/#primaryimage\"},\"image\":{\"@id\":\"https:\/\/www.sonoraenequipo.com.mx\/pablo-lemus-declara-su-respaldo-a-jorge-alvarez-maynez-para-dirigir-movimiento-ciudadano\/#primaryimage\"},\"thumbnailUrl\":\"https:\/\/www.sonoraenequipo.com.mx\/storage\/2024\/11\/Gobernador-de-Jalisco-apoya-a-Maines-para-dirigir-MC-min.jpg\",\"datePublished\":\"2024-11-20T23:55:46+00:00\",\"description\":\"CIUDAD DE MEXICO. MX. \u2014 En un contexto para el panorama pol\u00edtico nacional, Jorge \u00c1lvarez M\u00e1ynez ha recibido un importante respaldo en su aspiraci\u00f3n para En Sonora en Equipo publicamos toda la informaci\u00f3n de Sonora, M\u00e9xico y el Mundo de manera oportuna y busca que la libertad de expresi\u00f3n sea real. Visita nuestro medio informativo publicado desde Hermosillo, Sonora. %\",\"breadcrumb\":{\"@id\":\"https:\/\/www.sonoraenequipo.com.mx\/pablo-lemus-declara-su-respaldo-a-jorge-alvarez-maynez-para-dirigir-movimiento-ciudadano\/#breadcrumb\"},\"inLanguage\":\"es\",\"potentialAction\":[{\"@type\":\"ReadAction\",\"target\":[\"https:\/\/www.sonoraenequipo.com.mx\/pablo-lemus-declara-su-respaldo-a-jorge-alvarez-maynez-para-dirigir-movimiento-ciudadano\/\"]}]},{\"@type\":\"ImageObject\",\"inLanguage\":\"es\",\"@id\":\"https:\/\/www.sonoraenequipo.com.mx\/pablo-lemus-declara-su-respaldo-a-jorge-alvarez-maynez-para-dirigir-movimiento-ciudadano\/#primaryimage\",\"url\":\"https:\/\/www.sonoraenequipo.com.mx\/storage\/2024\/11\/Gobernador-de-Jalisco-apoya-a-Maines-para-dirigir-MC-min.jpg\",\"contentUrl\":\"https:\/\/www.sonoraenequipo.com.mx\/storage\/2024\/11\/Gobernador-de-Jalisco-apoya-a-Maines-para-dirigir-MC-min.jpg\",\"width\":1024,\"height\":682},{\"@type\":\"BreadcrumbList\",\"@id\":\"https:\/\/www.sonoraenequipo.com.mx\/pablo-lemus-declara-su-respaldo-a-jorge-alvarez-maynez-para-dirigir-movimiento-ciudadano\/#breadcrumb\",\"itemListElement\":[{\"@type\":\"ListItem\",\"position\":1,\"name\":\"Portada\",\"item\":\"https:\/\/www.sonoraenequipo.com.mx\/\"},{\"@type\":\"ListItem\",\"position\":2,\"name\":\"Pablo Lemus declara su respaldo a Jorge \u00c1lvarez M\u00e1ynez para dirigir Movimiento Ciudadano\"}]},{\"@type\":\"WebSite\",\"@id\":\"https:\/\/www.sonoraenequipo.com.mx\/#website\",\"url\":\"https:\/\/www.sonoraenequipo.com.mx\/\",\"name\":\"Sonora en Equipo.\",\"description\":\"Diario en l\u00ednea con Noticias desde Hermosillo, Sonora\",\"publisher\":{\"@id\":\"https:\/\/www.sonoraenequipo.com.mx\/#organization\"},\"potentialAction\":[{\"@type\":\"SearchAction\",\"target\":{\"@type\":\"EntryPoint\",\"urlTemplate\":\"https:\/\/www.sonoraenequipo.com.mx\/?s={search_term_string}\"},\"query-input\":{\"@type\":\"PropertyValueSpecification\",\"valueRequired\":true,\"valueName\":\"search_term_string\"}}],\"inLanguage\":\"es\"},{\"@type\":\"Organization\",\"@id\":\"https:\/\/www.sonoraenequipo.com.mx\/#organization\",\"name\":\"Sonoraenequipo.com.mx\",\"url\":\"https:\/\/www.sonoraenequipo.com.mx\/\",\"logo\":{\"@type\":\"ImageObject\",\"inLanguage\":\"es\",\"@id\":\"https:\/\/www.sonoraenequipo.com.mx\/#\/schema\/logo\/image\/\",\"url\":\"https:\/\/www.sonoraenequipo.com.mx\/storage\/2019\/01\/sonoraenequipo_opt.png\",\"contentUrl\":\"https:\/\/www.sonoraenequipo.com.mx\/storage\/2019\/01\/sonoraenequipo_opt.png\",\"width\":375,\"height\":125,\"caption\":\"Sonoraenequipo.com.mx\"},\"image\":{\"@id\":\"https:\/\/www.sonoraenequipo.com.mx\/#\/schema\/logo\/image\/\"},\"sameAs\":[\"https:\/\/www.facebook.com\/SonoraEE\/\",\"https:\/\/x.com\/sonoraenequipo\",\"https:\/\/www.youtube.com\/channel\/UC338nW-lPEYmJQs4ZABQ1SQ\"]},{\"@type\":\"Person\",\"@id\":\"https:\/\/www.sonoraenequipo.com.mx\/#\/schema\/person\/50102df0fb23a8fa9e8effad8fa81386\",\"name\":\"enequipo\",\"image\":{\"@type\":\"ImageObject\",\"inLanguage\":\"es\",\"@id\":\"https:\/\/www.sonoraenequipo.com.mx\/#\/schema\/person\/image\/\",\"url\":\"https:\/\/secure.gravatar.com\/avatar\/049821681b589dabc0bc20695993ccebb09f5b5d4d790cd9251b97faac7c652b?s=96&d=blank&r=g\",\"contentUrl\":\"https:\/\/secure.gravatar.com\/avatar\/049821681b589dabc0bc20695993ccebb09f5b5d4d790cd9251b97faac7c652b?s=96&d=blank&r=g\",\"caption\":\"enequipo\"},\"sameAs\":[\"https:\/\/www.facebook.com\/SonoraEE\"]}]}<\/script>\n ","yoast_head_json":{"title":"Sonora en Equipo. Pablo Lemus declara su respaldo a Jorge \u00c1lvarez M\u00e1ynez para dirigir Movimiento Ciudadano Rep\u00fablica","description":"CIUDAD DE MEXICO. MX. \u2014 En un contexto para el panorama pol\u00edtico nacional, Jorge \u00c1lvarez M\u00e1ynez ha recibido un importante respaldo en su aspiraci\u00f3n para En Sonora en Equipo publicamos toda la informaci\u00f3n de Sonora, M\u00e9xico y el Mundo de manera oportuna y busca que la libertad de expresi\u00f3n sea real. Visita nuestro medio informativo publicado desde Hermosillo, Sonora. %","robots":{"index":"index","follow":"follow","max-snippet":"max-snippet:-1","max-image-preview":"max-image-preview:large","max-video-preview":"max-video-preview:-1"},"canonical":"https:\/\/www.sonoraenequipo.com.mx\/pablo-lemus-declara-su-respaldo-a-jorge-alvarez-maynez-para-dirigir-movimiento-ciudadano\/","og_locale":"es_ES","og_type":"article","og_title":"Sonora en Equipo. Pablo Lemus declara su respaldo a Jorge \u00c1lvarez M\u00e1ynez para dirigir Movimiento Ciudadano Rep\u00fablica","og_description":"CIUDAD DE MEXICO. MX. \u2014 En un contexto para el panorama pol\u00edtico nacional, Jorge \u00c1lvarez M\u00e1ynez ha recibido un importante respaldo en su aspiraci\u00f3n para En Sonora en Equipo publicamos toda la informaci\u00f3n de Sonora, M\u00e9xico y el Mundo de manera oportuna y busca que la libertad de expresi\u00f3n sea real. Visita nuestro medio informativo publicado desde Hermosillo, Sonora. %","og_url":"https:\/\/www.sonoraenequipo.com.mx\/pablo-lemus-declara-su-respaldo-a-jorge-alvarez-maynez-para-dirigir-movimiento-ciudadano\/","og_site_name":"Sonora en Equipo.","article_publisher":"https:\/\/www.facebook.com\/SonoraEE\/","article_author":"https:\/\/www.facebook.com\/SonoraEE","article_published_time":"2024-11-20T23:55:46+00:00","og_image":[{"width":1024,"height":682,"url":"https:\/\/www.sonoraenequipo.com.mx\/storage\/2024\/11\/Gobernador-de-Jalisco-apoya-a-Maines-para-dirigir-MC-min.jpg","type":"image\/jpeg"}],"author":"enequipo","twitter_card":"summary_large_image","twitter_creator":"@sonoraenequipo","twitter_site":"@sonoraenequipo","twitter_misc":{"Escrito por":"enequipo","Tiempo de lectura":"1 minuto"},"schema":{"@context":"https:\/\/schema.org","@graph":[{"@type":"Article","@id":"https:\/\/www.sonoraenequipo.com.mx\/pablo-lemus-declara-su-respaldo-a-jorge-alvarez-maynez-para-dirigir-movimiento-ciudadano\/#article","isPartOf":{"@id":"https:\/\/www.sonoraenequipo.com.mx\/pablo-lemus-declara-su-respaldo-a-jorge-alvarez-maynez-para-dirigir-movimiento-ciudadano\/"},"author":{"name":"enequipo","@id":"https:\/\/www.sonoraenequipo.com.mx\/#\/schema\/person\/50102df0fb23a8fa9e8effad8fa81386"},"headline":"Pablo Lemus declara su respaldo a Jorge \u00c1lvarez M\u00e1ynez para dirigir Movimiento Ciudadano","datePublished":"2024-11-20T23:55:46+00:00","mainEntityOfPage":{"@id":"https:\/\/www.sonoraenequipo.com.mx\/pablo-lemus-declara-su-respaldo-a-jorge-alvarez-maynez-para-dirigir-movimiento-ciudadano\/"},"wordCount":252,"commentCount":0,"publisher":{"@id":"https:\/\/www.sonoraenequipo.com.mx\/#organization"},"image":{"@id":"https:\/\/www.sonoraenequipo.com.mx\/pablo-lemus-declara-su-respaldo-a-jorge-alvarez-maynez-para-dirigir-movimiento-ciudadano\/#primaryimage"},"thumbnailUrl":"https:\/\/www.sonoraenequipo.com.mx\/storage\/2024\/11\/Gobernador-de-Jalisco-apoya-a-Maines-para-dirigir-MC-min.jpg","articleSection":["Rep\u00fablica"],"inLanguage":"es","potentialAction":[{"@type":"CommentAction","name":"Comment","target":["https:\/\/www.sonoraenequipo.com.mx\/pablo-lemus-declara-su-respaldo-a-jorge-alvarez-maynez-para-dirigir-movimiento-ciudadano\/#respond"]}]},{"@type":"WebPage","@id":"https:\/\/www.sonoraenequipo.com.mx\/pablo-lemus-declara-su-respaldo-a-jorge-alvarez-maynez-para-dirigir-movimiento-ciudadano\/","url":"https:\/\/www.sonoraenequipo.com.mx\/pablo-lemus-declara-su-respaldo-a-jorge-alvarez-maynez-para-dirigir-movimiento-ciudadano\/","name":"Sonora en Equipo. Pablo Lemus declara su respaldo a Jorge \u00c1lvarez M\u00e1ynez para dirigir Movimiento Ciudadano Rep\u00fablica","isPartOf":{"@id":"https:\/\/www.sonoraenequipo.com.mx\/#website"},"primaryImageOfPage":{"@id":"https:\/\/www.sonoraenequipo.com.mx\/pablo-lemus-declara-su-respaldo-a-jorge-alvarez-maynez-para-dirigir-movimiento-ciudadano\/#primaryimage"},"image":{"@id":"https:\/\/www.sonoraenequipo.com.mx\/pablo-lemus-declara-su-respaldo-a-jorge-alvarez-maynez-para-dirigir-movimiento-ciudadano\/#primaryimage"},"thumbnailUrl":"https:\/\/www.sonoraenequipo.com.mx\/storage\/2024\/11\/Gobernador-de-Jalisco-apoya-a-Maines-para-dirigir-MC-min.jpg","datePublished":"2024-11-20T23:55:46+00:00","description":"CIUDAD DE MEXICO. MX. \u2014 En un contexto para el panorama pol\u00edtico nacional, Jorge \u00c1lvarez M\u00e1ynez ha recibido un importante respaldo en su aspiraci\u00f3n para En Sonora en Equipo publicamos toda la informaci\u00f3n de Sonora, M\u00e9xico y el Mundo de manera oportuna y busca que la libertad de expresi\u00f3n sea real. Visita nuestro medio informativo publicado desde Hermosillo, Sonora. %","breadcrumb":{"@id":"https:\/\/www.sonoraenequipo.com.mx\/pablo-lemus-declara-su-respaldo-a-jorge-alvarez-maynez-para-dirigir-movimiento-ciudadano\/#breadcrumb"},"inLanguage":"es","potentialAction":[{"@type":"ReadAction","target":["https:\/\/www.sonoraenequipo.com.mx\/pablo-lemus-declara-su-respaldo-a-jorge-alvarez-maynez-para-dirigir-movimiento-ciudadano\/"]}]},{"@type":"ImageObject","inLanguage":"es","@id":"https:\/\/www.sonoraenequipo.com.mx\/pablo-lemus-declara-su-respaldo-a-jorge-alvarez-maynez-para-dirigir-movimiento-ciudadano\/#primaryimage","url":"https:\/\/www.sonoraenequipo.com.mx\/storage\/2024\/11\/Gobernador-de-Jalisco-apoya-a-Maines-para-dirigir-MC-min.jpg","contentUrl":"https:\/\/www.sonoraenequipo.com.mx\/storage\/2024\/11\/Gobernador-de-Jalisco-apoya-a-Maines-para-dirigir-MC-min.jpg","width":1024,"height":682},{"@type":"BreadcrumbList","@id":"https:\/\/www.sonoraenequipo.com.mx\/pablo-lemus-declara-su-respaldo-a-jorge-alvarez-maynez-para-dirigir-movimiento-ciudadano\/#breadcrumb","itemListElement":[{"@type":"ListItem","position":1,"name":"Portada","item":"https:\/\/www.sonoraenequipo.com.mx\/"},{"@type":"ListItem","position":2,"name":"Pablo Lemus declara su respaldo a Jorge \u00c1lvarez M\u00e1ynez para dirigir Movimiento Ciudadano"}]},{"@type":"WebSite","@id":"https:\/\/www.sonoraenequipo.com.mx\/#website","url":"https:\/\/www.sonoraenequipo.com.mx\/","name":"Sonora en Equipo.","description":"Diario en l\u00ednea con Noticias desde Hermosillo, Sonora","publisher":{"@id":"https:\/\/www.sonoraenequipo.com.mx\/#organization"},"potentialAction":[{"@type":"SearchAction","target":{"@type":"EntryPoint","urlTemplate":"https:\/\/www.sonoraenequipo.com.mx\/?s={search_term_string}"},"query-input":{"@type":"PropertyValueSpecification","valueRequired":true,"valueName":"search_term_string"}}],"inLanguage":"es"},{"@type":"Organization","@id":"https:\/\/www.sonoraenequipo.com.mx\/#organization","name":"Sonoraenequipo.com.mx","url":"https:\/\/www.sonoraenequipo.com.mx\/","logo":{"@type":"ImageObject","inLanguage":"es","@id":"https:\/\/www.sonoraenequipo.com.mx\/#\/schema\/logo\/image\/","url":"https:\/\/www.sonoraenequipo.com.mx\/storage\/2019\/01\/sonoraenequipo_opt.png","contentUrl":"https:\/\/www.sonoraenequipo.com.mx\/storage\/2019\/01\/sonoraenequipo_opt.png","width":375,"height":125,"caption":"Sonoraenequipo.com.mx"},"image":{"@id":"https:\/\/www.sonoraenequipo.com.mx\/#\/schema\/logo\/image\/"},"sameAs":["https:\/\/www.facebook.com\/SonoraEE\/","https:\/\/x.com\/sonoraenequipo","https:\/\/www.youtube.com\/channel\/UC338nW-lPEYmJQs4ZABQ1SQ"]},{"@type":"Person","@id":"https:\/\/www.sonoraenequipo.com.mx\/#\/schema\/person\/50102df0fb23a8fa9e8effad8fa81386","name":"enequipo","image":{"@type":"ImageObject","inLanguage":"es","@id":"https:\/\/www.sonoraenequipo.com.mx\/#\/schema\/person\/image\/","url":"https:\/\/secure.gravatar.com\/avatar\/049821681b589dabc0bc20695993ccebb09f5b5d4d790cd9251b97faac7c652b?s=96&d=blank&r=g","contentUrl":"https:\/\/secure.gravatar.com\/avatar\/049821681b589dabc0bc20695993ccebb09f5b5d4d790cd9251b97faac7c652b?s=96&d=blank&r=g","caption":"enequipo"},"sameAs":["https:\/\/www.facebook.com\/SonoraEE"]}]}},"jetpack_featured_media_url":"https:\/\/www.sonoraenequipo.com.mx\/storage\/2024\/11\/Gobernador-de-Jalisco-apoya-a-Maines-para-dirigir-MC-min.jpg","_links":{"self":[{"href":"https:\/\/www.sonoraenequipo.com.mx\/api\/wp\/v2\/posts\/204539","targetHints":{"allow":["GET"]}}],"collection":[{"href":"https:\/\/www.sonoraenequipo.com.mx\/api\/wp\/v2\/posts"}],"about":[{"href":"https:\/\/www.sonoraenequipo.com.mx\/api\/wp\/v2\/types\/post"}],"author":[{"embeddable":true,"href":"https:\/\/www.sonoraenequipo.com.mx\/api\/wp\/v2\/users\/1"}],"replies":[{"embeddable":true,"href":"https:\/\/www.sonoraenequipo.com.mx\/api\/wp\/v2\/comments?post=204539"}],"version-history":[{"count":1,"href":"https:\/\/www.sonoraenequipo.com.mx\/api\/wp\/v2\/posts\/204539\/revisions"}],"predecessor-version":[{"id":204540,"href":"https:\/\/www.sonoraenequipo.com.mx\/api\/wp\/v2\/posts\/204539\/revisions\/204540"}],"wp:featuredmedia":[{"embeddable":true,"href":"https:\/\/www.sonoraenequipo.com.mx\/api\/wp\/v2\/media\/204531"}],"wp:attachment":[{"href":"https:\/\/www.sonoraenequipo.com.mx\/api\/wp\/v2\/media?parent=204539"}],"wp:term":[{"taxonomy":"category","embeddable":true,"href":"https:\/\/www.sonoraenequipo.com.mx\/api\/wp\/v2\/categories?post=204539"},{"taxonomy":"post_tag","embeddable":true,"href":"https:\/\/www.sonoraenequipo.com.mx\/api\/wp\/v2\/tags?post=204539"}],"curies":[{"name":"wp","href":"https:\/\/api.w.org\/{rel}","templated":true}]}}