{"id":204545,"date":"2024-11-20T17:12:36","date_gmt":"2024-11-21T00:12:36","guid":{"rendered":"https:\/\/www.sonoraenequipo.com.mx\/?p=204545"},"modified":"2024-11-20T17:12:36","modified_gmt":"2024-11-21T00:12:36","slug":"vinculan-a-proceso-a-convicto-por-homicidio-dentro-del-cereso-de-cajeme","status":"publish","type":"post","link":"https:\/\/www.sonoraenequipo.com.mx\/vinculan-a-proceso-a-convicto-por-homicidio-dentro-del-cereso-de-cajeme\/","title":{"rendered":"Vinculan a proceso a convicto \u00a0por homicidio dentro del \u00a0CERESO de Cajeme \u00a0"},"content":{"rendered":"<p><strong>CAJEME, SONORA, MX.<\/strong><strong> \u0336 \u0336\u00a0 <\/strong>Jes\u00fas Daniel \u201cN\u201d, privado de su libertad por un il\u00edcito diverso, fue vinculado a proceso por el delito de homicidio en perjuicio de Ararat \u201cN\u201d, de 51 a\u00f1os, por haberlo atacado a golpes y provocar su fallecimiento en el interior de una celda del Centro de Reinserci\u00f3n Social (CERESO).<\/p>\n<p>&nbsp;<\/p>\n<p>La resoluci\u00f3n fue emitida por el Juez de Control correspondiente, durante la audiencia inicial llevada a cabo, luego de la ejecuci\u00f3n de una orden de aprehensi\u00f3n en reclusi\u00f3n por parte de elementos de la Agencia Ministerial de Investigaci\u00f3n Criminal (AMIC).<\/p>\n<p>&nbsp;<\/p>\n<p>Los hechos que se imputan al se\u00f1alado ocurrieron el pasado 23 de octubre de 2024, entre las 21:00 y 22:00 horas, en la celda n\u00famero 8 del \u00e1rea de protecci\u00f3n del Centro de Reinserci\u00f3n Social (CERESO) ubicado en la carretera internacional kil\u00f3metro 2.5, colonia Real del Sol, en Ciudad Obreg\u00f3n, municipio de Cajeme, Sonora.<\/p>\n<p>&nbsp;<\/p>\n<p>De acuerdo con las investigaciones, Jes\u00fas Daniel \u201cN\u201d, de 23 a\u00f1os, se encontraba en dicha celda privado de la libertad por un delito diverso junto con otras personas cuando, de forma repentina, agredi\u00f3 a la v\u00edctima con golpes en la cabeza, cara, pecho, espalda y extremidades, ocasion\u00e1ndole lesiones graves; Ararat \u201cN\u201d fue trasladado de inmediato para recibir atenci\u00f3n m\u00e9dica, pero las heridas infligidas provocaron su fallecimiento.<\/p>\n<p>&nbsp;<\/p>\n<p>El Juez determin\u00f3 que existen elementos suficientes para vincular a proceso al imputado, quien se mantiene en prisi\u00f3n, mientras se desarrolla la investigaci\u00f3n complementaria.<\/p>\n<p>&nbsp;<\/p>\n<p>La Fiscal\u00eda General de Justicia del Estado de Sonora (FGJES) reafirma su compromiso de actuar con rigor ante actos de violencia que atentan contra la vida e integridad de las personas, garantizando el cumplimiento de la ley y el acceso a la justicia.<\/p>\n<p><strong>Fecha de publicaci\u00f3n mi\u00e9rcoles 20 \u00a0de noviembre de 2024 \/ <\/strong><\/p>\n","protected":false},"excerpt":{"rendered":"<p>CAJEME, SONORA, MX. \u0336 \u0336\u00a0 Jes\u00fas Daniel \u201cN\u201d, privado de su libertad por un il\u00edcito&#8230;<\/p>\n","protected":false},"author":1,"featured_media":204546,"comment_status":"open","ping_status":"open","sticky":false,"template":"","format":"standard","meta":{"_monsterinsights_skip_tracking":false,"_monsterinsights_sitenote_active":false,"_monsterinsights_sitenote_note":"","_monsterinsights_sitenote_category":0,"footnotes":""},"categories":[3144],"tags":[5168,170,15],"class_list":["post"],"yoast_head":" \n<title>Sonora en Equipo. Vinculan a proceso a convicto \u00a0por homicidio dentro del \u00a0CERESO de Cajeme \u00a0 Polic\u00edaca<\/title>\n<meta name=\"description\" content=\"CAJEME, SONORA, MX. \u0336 \u0336\u00a0 Jes\u00fas Daniel \u201cN\u201d, privado de su libertad por un il\u00edcito diverso, fue vinculado a proceso por el delito de homicidio en perjuicio En Sonora en Equipo publicamos toda la informaci\u00f3n de Sonora, M\u00e9xico y el Mundo de manera oportuna y busca que la libertad de expresi\u00f3n sea real. Visita nuestro medio informativo publicado desde Hermosillo, Sonora. %\" \/>\n<meta name=\"robots\" content=\"index, follow, max-snippet:-1, max-image-preview:large, max-video-preview:-1\" \/>\n<link rel=\"canonical\" href=\"https:\/\/www.sonoraenequipo.com.mx\/vinculan-a-proceso-a-convicto-por-homicidio-dentro-del-cereso-de-cajeme\/\" \/>\n<meta property=\"og:locale\" content=\"es_ES\" \/>\n<meta property=\"og:type\" content=\"article\" \/>\n<meta property=\"og:title\" content=\"Sonora en Equipo. Vinculan a proceso a convicto \u00a0por homicidio dentro del \u00a0CERESO de Cajeme \u00a0 Polic\u00edaca\" \/>\n<meta property=\"og:description\" content=\"CAJEME, SONORA, MX. \u0336 \u0336\u00a0 Jes\u00fas Daniel \u201cN\u201d, privado de su libertad por un il\u00edcito diverso, fue vinculado a proceso por el delito de homicidio en perjuicio En Sonora en Equipo publicamos toda la informaci\u00f3n de Sonora, M\u00e9xico y el Mundo de manera oportuna y busca que la libertad de expresi\u00f3n sea real. Visita nuestro medio informativo publicado desde Hermosillo, Sonora. %\" \/>\n<meta property=\"og:url\" content=\"https:\/\/www.sonoraenequipo.com.mx\/vinculan-a-proceso-a-convicto-por-homicidio-dentro-del-cereso-de-cajeme\/\" \/>\n<meta property=\"og:site_name\" content=\"Sonora en Equipo.\" \/>\n<meta property=\"article:publisher\" content=\"https:\/\/www.facebook.com\/SonoraEE\/\" \/>\n<meta property=\"article:author\" content=\"https:\/\/www.facebook.com\/SonoraEE\" \/>\n<meta property=\"article:published_time\" content=\"2024-11-21T00:12:36+00:00\" \/>\n<meta property=\"og:image\" content=\"https:\/\/www.sonoraenequipo.com.mx\/storage\/2024\/11\/cereso-cajeme.jpg\" \/>\n\t<meta property=\"og:image:width\" content=\"600\" \/>\n\t<meta property=\"og:image:height\" content=\"400\" \/>\n\t<meta property=\"og:image:type\" content=\"image\/jpeg\" \/>\n<meta name=\"author\" content=\"enequipo\" \/>\n<meta name=\"twitter:card\" content=\"summary_large_image\" \/>\n<meta name=\"twitter:creator\" content=\"@sonoraenequipo\" \/>\n<meta name=\"twitter:site\" content=\"@sonoraenequipo\" \/>\n<meta name=\"twitter:label1\" content=\"Escrito por\" \/>\n\t<meta name=\"twitter:data1\" content=\"enequipo\" \/>\n\t<meta name=\"twitter:label2\" content=\"Tiempo de lectura\" \/>\n\t<meta name=\"twitter:data2\" content=\"2 minutos\" \/>\n<script type=\"application\/ld+json\" class=\"yoast-schema-graph\">{\"@context\":\"https:\/\/schema.org\",\"@graph\":[{\"@type\":\"Article\",\"@id\":\"https:\/\/www.sonoraenequipo.com.mx\/vinculan-a-proceso-a-convicto-por-homicidio-dentro-del-cereso-de-cajeme\/#article\",\"isPartOf\":{\"@id\":\"https:\/\/www.sonoraenequipo.com.mx\/vinculan-a-proceso-a-convicto-por-homicidio-dentro-del-cereso-de-cajeme\/\"},\"author\":{\"name\":\"enequipo\",\"@id\":\"https:\/\/www.sonoraenequipo.com.mx\/#\/schema\/person\/50102df0fb23a8fa9e8effad8fa81386\"},\"headline\":\"Vinculan a proceso a convicto \u00a0por homicidio dentro del \u00a0CERESO de Cajeme \u00a0\",\"datePublished\":\"2024-11-21T00:12:36+00:00\",\"mainEntityOfPage\":{\"@id\":\"https:\/\/www.sonoraenequipo.com.mx\/vinculan-a-proceso-a-convicto-por-homicidio-dentro-del-cereso-de-cajeme\/\"},\"wordCount\":321,\"commentCount\":0,\"publisher\":{\"@id\":\"https:\/\/www.sonoraenequipo.com.mx\/#organization\"},\"image\":{\"@id\":\"https:\/\/www.sonoraenequipo.com.mx\/vinculan-a-proceso-a-convicto-por-homicidio-dentro-del-cereso-de-cajeme\/#primaryimage\"},\"thumbnailUrl\":\"https:\/\/www.sonoraenequipo.com.mx\/storage\/2024\/11\/cereso-cajeme.jpg\",\"keywords\":[\"ceresos\",\"Seguridad\",\"Sonora\"],\"articleSection\":[\"Polic\u00edaca\"],\"inLanguage\":\"es\",\"potentialAction\":[{\"@type\":\"CommentAction\",\"name\":\"Comment\",\"target\":[\"https:\/\/www.sonoraenequipo.com.mx\/vinculan-a-proceso-a-convicto-por-homicidio-dentro-del-cereso-de-cajeme\/#respond\"]}]},{\"@type\":\"WebPage\",\"@id\":\"https:\/\/www.sonoraenequipo.com.mx\/vinculan-a-proceso-a-convicto-por-homicidio-dentro-del-cereso-de-cajeme\/\",\"url\":\"https:\/\/www.sonoraenequipo.com.mx\/vinculan-a-proceso-a-convicto-por-homicidio-dentro-del-cereso-de-cajeme\/\",\"name\":\"Sonora en Equipo. Vinculan a proceso a convicto \u00a0por homicidio dentro del \u00a0CERESO de Cajeme \u00a0 Polic\u00edaca\",\"isPartOf\":{\"@id\":\"https:\/\/www.sonoraenequipo.com.mx\/#website\"},\"primaryImageOfPage\":{\"@id\":\"https:\/\/www.sonoraenequipo.com.mx\/vinculan-a-proceso-a-convicto-por-homicidio-dentro-del-cereso-de-cajeme\/#primaryimage\"},\"image\":{\"@id\":\"https:\/\/www.sonoraenequipo.com.mx\/vinculan-a-proceso-a-convicto-por-homicidio-dentro-del-cereso-de-cajeme\/#primaryimage\"},\"thumbnailUrl\":\"https:\/\/www.sonoraenequipo.com.mx\/storage\/2024\/11\/cereso-cajeme.jpg\",\"datePublished\":\"2024-11-21T00:12:36+00:00\",\"description\":\"CAJEME, SONORA, MX. \u0336 \u0336\u00a0 Jes\u00fas Daniel \u201cN\u201d, privado de su libertad por un il\u00edcito diverso, fue vinculado a proceso por el delito de homicidio en perjuicio En Sonora en Equipo publicamos toda la informaci\u00f3n de Sonora, M\u00e9xico y el Mundo de manera oportuna y busca que la libertad de expresi\u00f3n sea real. Visita nuestro medio informativo publicado desde Hermosillo, Sonora. %\",\"breadcrumb\":{\"@id\":\"https:\/\/www.sonoraenequipo.com.mx\/vinculan-a-proceso-a-convicto-por-homicidio-dentro-del-cereso-de-cajeme\/#breadcrumb\"},\"inLanguage\":\"es\",\"potentialAction\":[{\"@type\":\"ReadAction\",\"target\":[\"https:\/\/www.sonoraenequipo.com.mx\/vinculan-a-proceso-a-convicto-por-homicidio-dentro-del-cereso-de-cajeme\/\"]}]},{\"@type\":\"ImageObject\",\"inLanguage\":\"es\",\"@id\":\"https:\/\/www.sonoraenequipo.com.mx\/vinculan-a-proceso-a-convicto-por-homicidio-dentro-del-cereso-de-cajeme\/#primaryimage\",\"url\":\"https:\/\/www.sonoraenequipo.com.mx\/storage\/2024\/11\/cereso-cajeme.jpg\",\"contentUrl\":\"https:\/\/www.sonoraenequipo.com.mx\/storage\/2024\/11\/cereso-cajeme.jpg\",\"width\":600,\"height\":400},{\"@type\":\"BreadcrumbList\",\"@id\":\"https:\/\/www.sonoraenequipo.com.mx\/vinculan-a-proceso-a-convicto-por-homicidio-dentro-del-cereso-de-cajeme\/#breadcrumb\",\"itemListElement\":[{\"@type\":\"ListItem\",\"position\":1,\"name\":\"Portada\",\"item\":\"https:\/\/www.sonoraenequipo.com.mx\/\"},{\"@type\":\"ListItem\",\"position\":2,\"name\":\"Vinculan a proceso a convicto \u00a0por homicidio dentro del \u00a0CERESO de Cajeme \u00a0\"}]},{\"@type\":\"WebSite\",\"@id\":\"https:\/\/www.sonoraenequipo.com.mx\/#website\",\"url\":\"https:\/\/www.sonoraenequipo.com.mx\/\",\"name\":\"Sonora en Equipo.\",\"description\":\"Diario en l\u00ednea con Noticias desde Hermosillo, Sonora\",\"publisher\":{\"@id\":\"https:\/\/www.sonoraenequipo.com.mx\/#organization\"},\"potentialAction\":[{\"@type\":\"SearchAction\",\"target\":{\"@type\":\"EntryPoint\",\"urlTemplate\":\"https:\/\/www.sonoraenequipo.com.mx\/?s={search_term_string}\"},\"query-input\":{\"@type\":\"PropertyValueSpecification\",\"valueRequired\":true,\"valueName\":\"search_term_string\"}}],\"inLanguage\":\"es\"},{\"@type\":\"Organization\",\"@id\":\"https:\/\/www.sonoraenequipo.com.mx\/#organization\",\"name\":\"Sonoraenequipo.com.mx\",\"url\":\"https:\/\/www.sonoraenequipo.com.mx\/\",\"logo\":{\"@type\":\"ImageObject\",\"inLanguage\":\"es\",\"@id\":\"https:\/\/www.sonoraenequipo.com.mx\/#\/schema\/logo\/image\/\",\"url\":\"https:\/\/www.sonoraenequipo.com.mx\/storage\/2019\/01\/sonoraenequipo_opt.png\",\"contentUrl\":\"https:\/\/www.sonoraenequipo.com.mx\/storage\/2019\/01\/sonoraenequipo_opt.png\",\"width\":375,\"height\":125,\"caption\":\"Sonoraenequipo.com.mx\"},\"image\":{\"@id\":\"https:\/\/www.sonoraenequipo.com.mx\/#\/schema\/logo\/image\/\"},\"sameAs\":[\"https:\/\/www.facebook.com\/SonoraEE\/\",\"https:\/\/x.com\/sonoraenequipo\",\"https:\/\/www.youtube.com\/channel\/UC338nW-lPEYmJQs4ZABQ1SQ\"]},{\"@type\":\"Person\",\"@id\":\"https:\/\/www.sonoraenequipo.com.mx\/#\/schema\/person\/50102df0fb23a8fa9e8effad8fa81386\",\"name\":\"enequipo\",\"image\":{\"@type\":\"ImageObject\",\"inLanguage\":\"es\",\"@id\":\"https:\/\/www.sonoraenequipo.com.mx\/#\/schema\/person\/image\/\",\"url\":\"https:\/\/secure.gravatar.com\/avatar\/049821681b589dabc0bc20695993ccebb09f5b5d4d790cd9251b97faac7c652b?s=96&d=blank&r=g\",\"contentUrl\":\"https:\/\/secure.gravatar.com\/avatar\/049821681b589dabc0bc20695993ccebb09f5b5d4d790cd9251b97faac7c652b?s=96&d=blank&r=g\",\"caption\":\"enequipo\"},\"sameAs\":[\"https:\/\/www.facebook.com\/SonoraEE\"]}]}<\/script>\n ","yoast_head_json":{"title":"Sonora en Equipo. Vinculan a proceso a convicto \u00a0por homicidio dentro del \u00a0CERESO de Cajeme \u00a0 Polic\u00edaca","description":"CAJEME, SONORA, MX. \u0336 \u0336\u00a0 Jes\u00fas Daniel \u201cN\u201d, privado de su libertad por un il\u00edcito diverso, fue vinculado a proceso por el delito de homicidio en perjuicio En Sonora en Equipo publicamos toda la informaci\u00f3n de Sonora, M\u00e9xico y el Mundo de manera oportuna y busca que la libertad de expresi\u00f3n sea real. Visita nuestro medio informativo publicado desde Hermosillo, Sonora. %","robots":{"index":"index","follow":"follow","max-snippet":"max-snippet:-1","max-image-preview":"max-image-preview:large","max-video-preview":"max-video-preview:-1"},"canonical":"https:\/\/www.sonoraenequipo.com.mx\/vinculan-a-proceso-a-convicto-por-homicidio-dentro-del-cereso-de-cajeme\/","og_locale":"es_ES","og_type":"article","og_title":"Sonora en Equipo. Vinculan a proceso a convicto \u00a0por homicidio dentro del \u00a0CERESO de Cajeme \u00a0 Polic\u00edaca","og_description":"CAJEME, SONORA, MX. \u0336 \u0336\u00a0 Jes\u00fas Daniel \u201cN\u201d, privado de su libertad por un il\u00edcito diverso, fue vinculado a proceso por el delito de homicidio en perjuicio En Sonora en Equipo publicamos toda la informaci\u00f3n de Sonora, M\u00e9xico y el Mundo de manera oportuna y busca que la libertad de expresi\u00f3n sea real. Visita nuestro medio informativo publicado desde Hermosillo, Sonora. %","og_url":"https:\/\/www.sonoraenequipo.com.mx\/vinculan-a-proceso-a-convicto-por-homicidio-dentro-del-cereso-de-cajeme\/","og_site_name":"Sonora en Equipo.","article_publisher":"https:\/\/www.facebook.com\/SonoraEE\/","article_author":"https:\/\/www.facebook.com\/SonoraEE","article_published_time":"2024-11-21T00:12:36+00:00","og_image":[{"width":600,"height":400,"url":"https:\/\/www.sonoraenequipo.com.mx\/storage\/2024\/11\/cereso-cajeme.jpg","type":"image\/jpeg"}],"author":"enequipo","twitter_card":"summary_large_image","twitter_creator":"@sonoraenequipo","twitter_site":"@sonoraenequipo","twitter_misc":{"Escrito por":"enequipo","Tiempo de lectura":"2 minutos"},"schema":{"@context":"https:\/\/schema.org","@graph":[{"@type":"Article","@id":"https:\/\/www.sonoraenequipo.com.mx\/vinculan-a-proceso-a-convicto-por-homicidio-dentro-del-cereso-de-cajeme\/#article","isPartOf":{"@id":"https:\/\/www.sonoraenequipo.com.mx\/vinculan-a-proceso-a-convicto-por-homicidio-dentro-del-cereso-de-cajeme\/"},"author":{"name":"enequipo","@id":"https:\/\/www.sonoraenequipo.com.mx\/#\/schema\/person\/50102df0fb23a8fa9e8effad8fa81386"},"headline":"Vinculan a proceso a convicto \u00a0por homicidio dentro del \u00a0CERESO de Cajeme \u00a0","datePublished":"2024-11-21T00:12:36+00:00","mainEntityOfPage":{"@id":"https:\/\/www.sonoraenequipo.com.mx\/vinculan-a-proceso-a-convicto-por-homicidio-dentro-del-cereso-de-cajeme\/"},"wordCount":321,"commentCount":0,"publisher":{"@id":"https:\/\/www.sonoraenequipo.com.mx\/#organization"},"image":{"@id":"https:\/\/www.sonoraenequipo.com.mx\/vinculan-a-proceso-a-convicto-por-homicidio-dentro-del-cereso-de-cajeme\/#primaryimage"},"thumbnailUrl":"https:\/\/www.sonoraenequipo.com.mx\/storage\/2024\/11\/cereso-cajeme.jpg","keywords":["ceresos","Seguridad","Sonora"],"articleSection":["Polic\u00edaca"],"inLanguage":"es","potentialAction":[{"@type":"CommentAction","name":"Comment","target":["https:\/\/www.sonoraenequipo.com.mx\/vinculan-a-proceso-a-convicto-por-homicidio-dentro-del-cereso-de-cajeme\/#respond"]}]},{"@type":"WebPage","@id":"https:\/\/www.sonoraenequipo.com.mx\/vinculan-a-proceso-a-convicto-por-homicidio-dentro-del-cereso-de-cajeme\/","url":"https:\/\/www.sonoraenequipo.com.mx\/vinculan-a-proceso-a-convicto-por-homicidio-dentro-del-cereso-de-cajeme\/","name":"Sonora en Equipo. Vinculan a proceso a convicto \u00a0por homicidio dentro del \u00a0CERESO de Cajeme \u00a0 Polic\u00edaca","isPartOf":{"@id":"https:\/\/www.sonoraenequipo.com.mx\/#website"},"primaryImageOfPage":{"@id":"https:\/\/www.sonoraenequipo.com.mx\/vinculan-a-proceso-a-convicto-por-homicidio-dentro-del-cereso-de-cajeme\/#primaryimage"},"image":{"@id":"https:\/\/www.sonoraenequipo.com.mx\/vinculan-a-proceso-a-convicto-por-homicidio-dentro-del-cereso-de-cajeme\/#primaryimage"},"thumbnailUrl":"https:\/\/www.sonoraenequipo.com.mx\/storage\/2024\/11\/cereso-cajeme.jpg","datePublished":"2024-11-21T00:12:36+00:00","description":"CAJEME, SONORA, MX. \u0336 \u0336\u00a0 Jes\u00fas Daniel \u201cN\u201d, privado de su libertad por un il\u00edcito diverso, fue vinculado a proceso por el delito de homicidio en perjuicio En Sonora en Equipo publicamos toda la informaci\u00f3n de Sonora, M\u00e9xico y el Mundo de manera oportuna y busca que la libertad de expresi\u00f3n sea real. Visita nuestro medio informativo publicado desde Hermosillo, Sonora. %","breadcrumb":{"@id":"https:\/\/www.sonoraenequipo.com.mx\/vinculan-a-proceso-a-convicto-por-homicidio-dentro-del-cereso-de-cajeme\/#breadcrumb"},"inLanguage":"es","potentialAction":[{"@type":"ReadAction","target":["https:\/\/www.sonoraenequipo.com.mx\/vinculan-a-proceso-a-convicto-por-homicidio-dentro-del-cereso-de-cajeme\/"]}]},{"@type":"ImageObject","inLanguage":"es","@id":"https:\/\/www.sonoraenequipo.com.mx\/vinculan-a-proceso-a-convicto-por-homicidio-dentro-del-cereso-de-cajeme\/#primaryimage","url":"https:\/\/www.sonoraenequipo.com.mx\/storage\/2024\/11\/cereso-cajeme.jpg","contentUrl":"https:\/\/www.sonoraenequipo.com.mx\/storage\/2024\/11\/cereso-cajeme.jpg","width":600,"height":400},{"@type":"BreadcrumbList","@id":"https:\/\/www.sonoraenequipo.com.mx\/vinculan-a-proceso-a-convicto-por-homicidio-dentro-del-cereso-de-cajeme\/#breadcrumb","itemListElement":[{"@type":"ListItem","position":1,"name":"Portada","item":"https:\/\/www.sonoraenequipo.com.mx\/"},{"@type":"ListItem","position":2,"name":"Vinculan a proceso a convicto \u00a0por homicidio dentro del \u00a0CERESO de Cajeme \u00a0"}]},{"@type":"WebSite","@id":"https:\/\/www.sonoraenequipo.com.mx\/#website","url":"https:\/\/www.sonoraenequipo.com.mx\/","name":"Sonora en Equipo.","description":"Diario en l\u00ednea con Noticias desde Hermosillo, Sonora","publisher":{"@id":"https:\/\/www.sonoraenequipo.com.mx\/#organization"},"potentialAction":[{"@type":"SearchAction","target":{"@type":"EntryPoint","urlTemplate":"https:\/\/www.sonoraenequipo.com.mx\/?s={search_term_string}"},"query-input":{"@type":"PropertyValueSpecification","valueRequired":true,"valueName":"search_term_string"}}],"inLanguage":"es"},{"@type":"Organization","@id":"https:\/\/www.sonoraenequipo.com.mx\/#organization","name":"Sonoraenequipo.com.mx","url":"https:\/\/www.sonoraenequipo.com.mx\/","logo":{"@type":"ImageObject","inLanguage":"es","@id":"https:\/\/www.sonoraenequipo.com.mx\/#\/schema\/logo\/image\/","url":"https:\/\/www.sonoraenequipo.com.mx\/storage\/2019\/01\/sonoraenequipo_opt.png","contentUrl":"https:\/\/www.sonoraenequipo.com.mx\/storage\/2019\/01\/sonoraenequipo_opt.png","width":375,"height":125,"caption":"Sonoraenequipo.com.mx"},"image":{"@id":"https:\/\/www.sonoraenequipo.com.mx\/#\/schema\/logo\/image\/"},"sameAs":["https:\/\/www.facebook.com\/SonoraEE\/","https:\/\/x.com\/sonoraenequipo","https:\/\/www.youtube.com\/channel\/UC338nW-lPEYmJQs4ZABQ1SQ"]},{"@type":"Person","@id":"https:\/\/www.sonoraenequipo.com.mx\/#\/schema\/person\/50102df0fb23a8fa9e8effad8fa81386","name":"enequipo","image":{"@type":"ImageObject","inLanguage":"es","@id":"https:\/\/www.sonoraenequipo.com.mx\/#\/schema\/person\/image\/","url":"https:\/\/secure.gravatar.com\/avatar\/049821681b589dabc0bc20695993ccebb09f5b5d4d790cd9251b97faac7c652b?s=96&d=blank&r=g","contentUrl":"https:\/\/secure.gravatar.com\/avatar\/049821681b589dabc0bc20695993ccebb09f5b5d4d790cd9251b97faac7c652b?s=96&d=blank&r=g","caption":"enequipo"},"sameAs":["https:\/\/www.facebook.com\/SonoraEE"]}]}},"jetpack_featured_media_url":"https:\/\/www.sonoraenequipo.com.mx\/storage\/2024\/11\/cereso-cajeme.jpg","_links":{"self":[{"href":"https:\/\/www.sonoraenequipo.com.mx\/api\/wp\/v2\/posts\/204545","targetHints":{"allow":["GET"]}}],"collection":[{"href":"https:\/\/www.sonoraenequipo.com.mx\/api\/wp\/v2\/posts"}],"about":[{"href":"https:\/\/www.sonoraenequipo.com.mx\/api\/wp\/v2\/types\/post"}],"author":[{"embeddable":true,"href":"https:\/\/www.sonoraenequipo.com.mx\/api\/wp\/v2\/users\/1"}],"replies":[{"embeddable":true,"href":"https:\/\/www.sonoraenequipo.com.mx\/api\/wp\/v2\/comments?post=204545"}],"version-history":[{"count":1,"href":"https:\/\/www.sonoraenequipo.com.mx\/api\/wp\/v2\/posts\/204545\/revisions"}],"predecessor-version":[{"id":204547,"href":"https:\/\/www.sonoraenequipo.com.mx\/api\/wp\/v2\/posts\/204545\/revisions\/204547"}],"wp:featuredmedia":[{"embeddable":true,"href":"https:\/\/www.sonoraenequipo.com.mx\/api\/wp\/v2\/media\/204546"}],"wp:attachment":[{"href":"https:\/\/www.sonoraenequipo.com.mx\/api\/wp\/v2\/media?parent=204545"}],"wp:term":[{"taxonomy":"category","embeddable":true,"href":"https:\/\/www.sonoraenequipo.com.mx\/api\/wp\/v2\/categories?post=204545"},{"taxonomy":"post_tag","embeddable":true,"href":"https:\/\/www.sonoraenequipo.com.mx\/api\/wp\/v2\/tags?post=204545"}],"curies":[{"name":"wp","href":"https:\/\/api.w.org\/{rel}","templated":true}]}}