{"id":204587,"date":"2024-11-21T12:43:06","date_gmt":"2024-11-21T19:43:06","guid":{"rendered":"https:\/\/www.sonoraenequipo.com.mx\/?p=204587"},"modified":"2024-11-21T12:43:06","modified_gmt":"2024-11-21T19:43:06","slug":"putin-confirma-que-lanzo-un-misil-balistico-contra-ucrania","status":"publish","type":"post","link":"https:\/\/www.sonoraenequipo.com.mx\/putin-confirma-que-lanzo-un-misil-balistico-contra-ucrania\/","title":{"rendered":"Putin confirma que lanz\u00f3 un misil bal\u00edstico contra Ucrania"},"content":{"rendered":"<p>El presidente ruso, Vlad\u00edmir Putin, confirm\u00f3 este jueves (21.11.2024) el ataque ruso a Ucrania con un misil bal\u00edstico hipers\u00f3nico sin carga nuclear y afirm\u00f3 que Mosc\u00fa se reserva el derecho a usar su arsenal contra instalaciones militares de pa\u00edses que permiten a Kiev usar sus misiles para golpear territorio ruso.<\/p>\n<p>&nbsp;<\/p>\n<p>Se trata de un misil de alcance medio Oreshnik, que fue lanzado contra una instalaci\u00f3n del complejo militar-industrial de Ucrania, explic\u00f3 Putin en un mensaje a la naci\u00f3n emitido por la televisi\u00f3n p\u00fablica.<\/p>\n<p>&nbsp;<\/p>\n<p>\u00abEn respuesta al uso de armas de largo alcance estadounidenses y brit\u00e1nicas, el 21 de noviembre de este a\u00f1o, las Fuerzas Armadas rusas lanzaron un ataque combinado contra una de las instalaciones del complejo militar-industrial de Ucrania\u00bb, se\u00f1al\u00f3 el l\u00edder ruso.<\/p>\n<p>&nbsp;<\/p>\n<p><strong>Oreshnik, nuevo misil ruso<\/strong><\/p>\n<p>&nbsp;<\/p>\n<p>Agreg\u00f3 que de esa manera se prob\u00f3 en condiciones de combate \u00abuno de los nov\u00edsimos sistemas de misiles rusos de medio alcance\u00bb, que se llama Oreshnik.<\/p>\n<p>&nbsp;<\/p>\n<p>El jefe del Kremlin asegur\u00f3 que el Ej\u00e9rcito ruso alertar\u00e1 a la poblaci\u00f3n civil ucraniana del empleo de los Oreshnik \u00abpor motivos humanitarios\u00bb y porque \u00aba d\u00eda de hoy no hay medios para contrarrestar esas armas\u00bb.<\/p>\n<p>&nbsp;<\/p>\n<p>Putin explic\u00f3 que estos misiles atacan objetivos a una velocidad de 2,5 o 3 kil\u00f3metros por segundo y los modernos sistemas de defensa antia\u00e9rea en el mundo no pueden interceptarlos.<\/p>\n<p>&nbsp;<\/p>\n<p>\u00abLos modernos sistemas de defensa a\u00e9rea disponibles en el mundo y los sistemas de defensa antimisiles creados por los estadounidenses en Europa no interceptan tales misiles. Eso es imposible\u00bb, recalc\u00f3.<\/p>\n<p>&nbsp;<\/p>\n<p>La Fuerza A\u00e9rea ucraniana inform\u00f3 en un primer momento sobre un ataque contra la regi\u00f3n de Dnipr\u00f3 con un misil bal\u00edstico intercontinental ruso, lo que no fue confirmado ni por Rusia ni por Estados Unidos.<\/p>\n<p>&nbsp;<\/p>\n<p>Los ataques ucranianos con ATACMS y Storm Shadow<\/p>\n<p>&nbsp;<\/p>\n<p>En el mensaje, que dur\u00f3 8 minutos, Putin confirm\u00f3 los recientes ataques en territorio ruso con misiles de largo alcance estadounidenses ATACMS y brit\u00e1nicos Storm Shadow, que estaban dirigidos contra la infraestructura militar de las regiones fronterizas de Briansk y Kursk.<\/p>\n<p>&nbsp;<\/p>\n<p>Seg\u00fan el l\u00edder ruso, las defensas antia\u00e9reas del pa\u00eds repelieron estos ataques y no permitieron al enemigo alcanzar sus objetivos. A la vez, insisti\u00f3 en que el uso del armas de largo alcance por parte de Kiev tras recibir la respectiva autorizaci\u00f3n occidental no ser\u00e1 capaz de influir en la suerte de la guerra.<\/p>\n<p>&nbsp;<\/p>\n<p>Putin asegur\u00f3 que las fuerzas rusas est\u00e1n avanzando \u00aba lo largo de toda la l\u00ednea de contacto\u00bb en Ucrania y todos los objetivos que se propuso Mosc\u00fa \u00abser\u00e1n alcanzados\u00bb.<\/p>\n<p>&nbsp;<\/p>\n<p>El mandatario ruso afirm\u00f3 que Rusia se reserva el derecho a emplear sus armas contra instalaciones militares de pa\u00edses, que permiten el uso de sus misiles contra territorio ruso.<\/p>\n<p>&nbsp;<\/p>\n<p>\u00abNos reservamos el derecho a utilizar nuestras armas contra objetivos militares de aquellos pa\u00edses que permiten que sus armas se utilicen contra nuestras instalaciones\u00bb, asever\u00f3.<\/p>\n<p><strong>Fecha de publicaci\u00f3n jueves 21 \u00a0de noviembre de 2024 \/ DW<\/strong><\/p>\n<p><strong>ct (efe, afp)<\/strong><\/p>\n","protected":false},"excerpt":{"rendered":"<p>El presidente ruso, Vlad\u00edmir Putin, confirm\u00f3 este jueves (21.11.2024) el ataque ruso a Ucrania con&#8230;<\/p>\n","protected":false},"author":1,"featured_media":162474,"comment_status":"open","ping_status":"open","sticky":false,"template":"","format":"standard","meta":{"_monsterinsights_skip_tracking":false,"_monsterinsights_sitenote_active":false,"_monsterinsights_sitenote_note":"","_monsterinsights_sitenote_category":0,"footnotes":""},"categories":[3],"tags":[144,141,3008],"class_list":["post"],"yoast_head":" \n<title>Sonora en Equipo. Putin confirma que lanz\u00f3 un misil bal\u00edstico contra Ucrania MUNDO<\/title>\n<meta name=\"description\" content=\"El presidente ruso, Vlad\u00edmir Putin, confirm\u00f3 este jueves (21.11.2024) el ataque ruso a Ucrania con un misil bal\u00edstico hipers\u00f3nico sin carga nuclear y En Sonora en Equipo publicamos toda la informaci\u00f3n de Sonora, M\u00e9xico y el Mundo de manera oportuna y busca que la libertad de expresi\u00f3n sea real. Visita nuestro medio informativo publicado desde Hermosillo, Sonora. %\" \/>\n<meta name=\"robots\" content=\"index, follow, max-snippet:-1, max-image-preview:large, max-video-preview:-1\" \/>\n<link rel=\"canonical\" href=\"https:\/\/www.sonoraenequipo.com.mx\/putin-confirma-que-lanzo-un-misil-balistico-contra-ucrania\/\" \/>\n<meta property=\"og:locale\" content=\"es_ES\" \/>\n<meta property=\"og:type\" content=\"article\" \/>\n<meta property=\"og:title\" content=\"Sonora en Equipo. Putin confirma que lanz\u00f3 un misil bal\u00edstico contra Ucrania MUNDO\" \/>\n<meta property=\"og:description\" content=\"El presidente ruso, Vlad\u00edmir Putin, confirm\u00f3 este jueves (21.11.2024) el ataque ruso a Ucrania con un misil bal\u00edstico hipers\u00f3nico sin carga nuclear y En Sonora en Equipo publicamos toda la informaci\u00f3n de Sonora, M\u00e9xico y el Mundo de manera oportuna y busca que la libertad de expresi\u00f3n sea real. Visita nuestro medio informativo publicado desde Hermosillo, Sonora. %\" \/>\n<meta property=\"og:url\" content=\"https:\/\/www.sonoraenequipo.com.mx\/putin-confirma-que-lanzo-un-misil-balistico-contra-ucrania\/\" \/>\n<meta property=\"og:site_name\" content=\"Sonora en Equipo.\" \/>\n<meta property=\"article:publisher\" content=\"https:\/\/www.facebook.com\/SonoraEE\/\" \/>\n<meta property=\"article:author\" content=\"https:\/\/www.facebook.com\/SonoraEE\" \/>\n<meta property=\"article:published_time\" content=\"2024-11-21T19:43:06+00:00\" \/>\n<meta property=\"og:image\" content=\"https:\/\/www.sonoraenequipo.com.mx\/storage\/2023\/04\/bladimir-putin-min.jpg\" \/>\n\t<meta property=\"og:image:width\" content=\"895\" \/>\n\t<meta property=\"og:image:height\" content=\"554\" \/>\n\t<meta property=\"og:image:type\" content=\"image\/jpeg\" \/>\n<meta name=\"author\" content=\"enequipo\" \/>\n<meta name=\"twitter:card\" content=\"summary_large_image\" \/>\n<meta name=\"twitter:creator\" content=\"@sonoraenequipo\" \/>\n<meta name=\"twitter:site\" content=\"@sonoraenequipo\" \/>\n<meta name=\"twitter:label1\" content=\"Escrito por\" \/>\n\t<meta name=\"twitter:data1\" content=\"enequipo\" \/>\n\t<meta name=\"twitter:label2\" content=\"Tiempo de lectura\" \/>\n\t<meta name=\"twitter:data2\" content=\"3 minutos\" \/>\n<script type=\"application\/ld+json\" class=\"yoast-schema-graph\">{\"@context\":\"https:\/\/schema.org\",\"@graph\":[{\"@type\":\"Article\",\"@id\":\"https:\/\/www.sonoraenequipo.com.mx\/putin-confirma-que-lanzo-un-misil-balistico-contra-ucrania\/#article\",\"isPartOf\":{\"@id\":\"https:\/\/www.sonoraenequipo.com.mx\/putin-confirma-que-lanzo-un-misil-balistico-contra-ucrania\/\"},\"author\":{\"name\":\"enequipo\",\"@id\":\"https:\/\/www.sonoraenequipo.com.mx\/#\/schema\/person\/50102df0fb23a8fa9e8effad8fa81386\"},\"headline\":\"Putin confirma que lanz\u00f3 un misil bal\u00edstico contra Ucrania\",\"datePublished\":\"2024-11-21T19:43:06+00:00\",\"mainEntityOfPage\":{\"@id\":\"https:\/\/www.sonoraenequipo.com.mx\/putin-confirma-que-lanzo-un-misil-balistico-contra-ucrania\/\"},\"wordCount\":535,\"commentCount\":0,\"publisher\":{\"@id\":\"https:\/\/www.sonoraenequipo.com.mx\/#organization\"},\"image\":{\"@id\":\"https:\/\/www.sonoraenequipo.com.mx\/putin-confirma-que-lanzo-un-misil-balistico-contra-ucrania\/#primaryimage\"},\"thumbnailUrl\":\"https:\/\/www.sonoraenequipo.com.mx\/storage\/2023\/04\/bladimir-putin-min.jpg\",\"keywords\":[\"guerra\",\"Rusia\",\"ucrania\"],\"articleSection\":[\"MUNDO\"],\"inLanguage\":\"es\",\"potentialAction\":[{\"@type\":\"CommentAction\",\"name\":\"Comment\",\"target\":[\"https:\/\/www.sonoraenequipo.com.mx\/putin-confirma-que-lanzo-un-misil-balistico-contra-ucrania\/#respond\"]}]},{\"@type\":\"WebPage\",\"@id\":\"https:\/\/www.sonoraenequipo.com.mx\/putin-confirma-que-lanzo-un-misil-balistico-contra-ucrania\/\",\"url\":\"https:\/\/www.sonoraenequipo.com.mx\/putin-confirma-que-lanzo-un-misil-balistico-contra-ucrania\/\",\"name\":\"Sonora en Equipo. Putin confirma que lanz\u00f3 un misil bal\u00edstico contra Ucrania MUNDO\",\"isPartOf\":{\"@id\":\"https:\/\/www.sonoraenequipo.com.mx\/#website\"},\"primaryImageOfPage\":{\"@id\":\"https:\/\/www.sonoraenequipo.com.mx\/putin-confirma-que-lanzo-un-misil-balistico-contra-ucrania\/#primaryimage\"},\"image\":{\"@id\":\"https:\/\/www.sonoraenequipo.com.mx\/putin-confirma-que-lanzo-un-misil-balistico-contra-ucrania\/#primaryimage\"},\"thumbnailUrl\":\"https:\/\/www.sonoraenequipo.com.mx\/storage\/2023\/04\/bladimir-putin-min.jpg\",\"datePublished\":\"2024-11-21T19:43:06+00:00\",\"description\":\"El presidente ruso, Vlad\u00edmir Putin, confirm\u00f3 este jueves (21.11.2024) el ataque ruso a Ucrania con un misil bal\u00edstico hipers\u00f3nico sin carga nuclear y En Sonora en Equipo publicamos toda la informaci\u00f3n de Sonora, M\u00e9xico y el Mundo de manera oportuna y busca que la libertad de expresi\u00f3n sea real. Visita nuestro medio informativo publicado desde Hermosillo, Sonora. %\",\"breadcrumb\":{\"@id\":\"https:\/\/www.sonoraenequipo.com.mx\/putin-confirma-que-lanzo-un-misil-balistico-contra-ucrania\/#breadcrumb\"},\"inLanguage\":\"es\",\"potentialAction\":[{\"@type\":\"ReadAction\",\"target\":[\"https:\/\/www.sonoraenequipo.com.mx\/putin-confirma-que-lanzo-un-misil-balistico-contra-ucrania\/\"]}]},{\"@type\":\"ImageObject\",\"inLanguage\":\"es\",\"@id\":\"https:\/\/www.sonoraenequipo.com.mx\/putin-confirma-que-lanzo-un-misil-balistico-contra-ucrania\/#primaryimage\",\"url\":\"https:\/\/www.sonoraenequipo.com.mx\/storage\/2023\/04\/bladimir-putin-min.jpg\",\"contentUrl\":\"https:\/\/www.sonoraenequipo.com.mx\/storage\/2023\/04\/bladimir-putin-min.jpg\",\"width\":895,\"height\":554},{\"@type\":\"BreadcrumbList\",\"@id\":\"https:\/\/www.sonoraenequipo.com.mx\/putin-confirma-que-lanzo-un-misil-balistico-contra-ucrania\/#breadcrumb\",\"itemListElement\":[{\"@type\":\"ListItem\",\"position\":1,\"name\":\"Portada\",\"item\":\"https:\/\/www.sonoraenequipo.com.mx\/\"},{\"@type\":\"ListItem\",\"position\":2,\"name\":\"Putin confirma que lanz\u00f3 un misil bal\u00edstico contra Ucrania\"}]},{\"@type\":\"WebSite\",\"@id\":\"https:\/\/www.sonoraenequipo.com.mx\/#website\",\"url\":\"https:\/\/www.sonoraenequipo.com.mx\/\",\"name\":\"Sonora en Equipo.\",\"description\":\"Diario en l\u00ednea con Noticias desde Hermosillo, Sonora\",\"publisher\":{\"@id\":\"https:\/\/www.sonoraenequipo.com.mx\/#organization\"},\"potentialAction\":[{\"@type\":\"SearchAction\",\"target\":{\"@type\":\"EntryPoint\",\"urlTemplate\":\"https:\/\/www.sonoraenequipo.com.mx\/?s={search_term_string}\"},\"query-input\":{\"@type\":\"PropertyValueSpecification\",\"valueRequired\":true,\"valueName\":\"search_term_string\"}}],\"inLanguage\":\"es\"},{\"@type\":\"Organization\",\"@id\":\"https:\/\/www.sonoraenequipo.com.mx\/#organization\",\"name\":\"Sonoraenequipo.com.mx\",\"url\":\"https:\/\/www.sonoraenequipo.com.mx\/\",\"logo\":{\"@type\":\"ImageObject\",\"inLanguage\":\"es\",\"@id\":\"https:\/\/www.sonoraenequipo.com.mx\/#\/schema\/logo\/image\/\",\"url\":\"https:\/\/www.sonoraenequipo.com.mx\/storage\/2019\/01\/sonoraenequipo_opt.png\",\"contentUrl\":\"https:\/\/www.sonoraenequipo.com.mx\/storage\/2019\/01\/sonoraenequipo_opt.png\",\"width\":375,\"height\":125,\"caption\":\"Sonoraenequipo.com.mx\"},\"image\":{\"@id\":\"https:\/\/www.sonoraenequipo.com.mx\/#\/schema\/logo\/image\/\"},\"sameAs\":[\"https:\/\/www.facebook.com\/SonoraEE\/\",\"https:\/\/x.com\/sonoraenequipo\",\"https:\/\/www.youtube.com\/channel\/UC338nW-lPEYmJQs4ZABQ1SQ\"]},{\"@type\":\"Person\",\"@id\":\"https:\/\/www.sonoraenequipo.com.mx\/#\/schema\/person\/50102df0fb23a8fa9e8effad8fa81386\",\"name\":\"enequipo\",\"image\":{\"@type\":\"ImageObject\",\"inLanguage\":\"es\",\"@id\":\"https:\/\/www.sonoraenequipo.com.mx\/#\/schema\/person\/image\/\",\"url\":\"https:\/\/secure.gravatar.com\/avatar\/049821681b589dabc0bc20695993ccebb09f5b5d4d790cd9251b97faac7c652b?s=96&d=blank&r=g\",\"contentUrl\":\"https:\/\/secure.gravatar.com\/avatar\/049821681b589dabc0bc20695993ccebb09f5b5d4d790cd9251b97faac7c652b?s=96&d=blank&r=g\",\"caption\":\"enequipo\"},\"sameAs\":[\"https:\/\/www.facebook.com\/SonoraEE\"]}]}<\/script>\n ","yoast_head_json":{"title":"Sonora en Equipo. Putin confirma que lanz\u00f3 un misil bal\u00edstico contra Ucrania MUNDO","description":"El presidente ruso, Vlad\u00edmir Putin, confirm\u00f3 este jueves (21.11.2024) el ataque ruso a Ucrania con un misil bal\u00edstico hipers\u00f3nico sin carga nuclear y En Sonora en Equipo publicamos toda la informaci\u00f3n de Sonora, M\u00e9xico y el Mundo de manera oportuna y busca que la libertad de expresi\u00f3n sea real. Visita nuestro medio informativo publicado desde Hermosillo, Sonora. %","robots":{"index":"index","follow":"follow","max-snippet":"max-snippet:-1","max-image-preview":"max-image-preview:large","max-video-preview":"max-video-preview:-1"},"canonical":"https:\/\/www.sonoraenequipo.com.mx\/putin-confirma-que-lanzo-un-misil-balistico-contra-ucrania\/","og_locale":"es_ES","og_type":"article","og_title":"Sonora en Equipo. Putin confirma que lanz\u00f3 un misil bal\u00edstico contra Ucrania MUNDO","og_description":"El presidente ruso, Vlad\u00edmir Putin, confirm\u00f3 este jueves (21.11.2024) el ataque ruso a Ucrania con un misil bal\u00edstico hipers\u00f3nico sin carga nuclear y En Sonora en Equipo publicamos toda la informaci\u00f3n de Sonora, M\u00e9xico y el Mundo de manera oportuna y busca que la libertad de expresi\u00f3n sea real. Visita nuestro medio informativo publicado desde Hermosillo, Sonora. %","og_url":"https:\/\/www.sonoraenequipo.com.mx\/putin-confirma-que-lanzo-un-misil-balistico-contra-ucrania\/","og_site_name":"Sonora en Equipo.","article_publisher":"https:\/\/www.facebook.com\/SonoraEE\/","article_author":"https:\/\/www.facebook.com\/SonoraEE","article_published_time":"2024-11-21T19:43:06+00:00","og_image":[{"width":895,"height":554,"url":"https:\/\/www.sonoraenequipo.com.mx\/storage\/2023\/04\/bladimir-putin-min.jpg","type":"image\/jpeg"}],"author":"enequipo","twitter_card":"summary_large_image","twitter_creator":"@sonoraenequipo","twitter_site":"@sonoraenequipo","twitter_misc":{"Escrito por":"enequipo","Tiempo de lectura":"3 minutos"},"schema":{"@context":"https:\/\/schema.org","@graph":[{"@type":"Article","@id":"https:\/\/www.sonoraenequipo.com.mx\/putin-confirma-que-lanzo-un-misil-balistico-contra-ucrania\/#article","isPartOf":{"@id":"https:\/\/www.sonoraenequipo.com.mx\/putin-confirma-que-lanzo-un-misil-balistico-contra-ucrania\/"},"author":{"name":"enequipo","@id":"https:\/\/www.sonoraenequipo.com.mx\/#\/schema\/person\/50102df0fb23a8fa9e8effad8fa81386"},"headline":"Putin confirma que lanz\u00f3 un misil bal\u00edstico contra Ucrania","datePublished":"2024-11-21T19:43:06+00:00","mainEntityOfPage":{"@id":"https:\/\/www.sonoraenequipo.com.mx\/putin-confirma-que-lanzo-un-misil-balistico-contra-ucrania\/"},"wordCount":535,"commentCount":0,"publisher":{"@id":"https:\/\/www.sonoraenequipo.com.mx\/#organization"},"image":{"@id":"https:\/\/www.sonoraenequipo.com.mx\/putin-confirma-que-lanzo-un-misil-balistico-contra-ucrania\/#primaryimage"},"thumbnailUrl":"https:\/\/www.sonoraenequipo.com.mx\/storage\/2023\/04\/bladimir-putin-min.jpg","keywords":["guerra","Rusia","ucrania"],"articleSection":["MUNDO"],"inLanguage":"es","potentialAction":[{"@type":"CommentAction","name":"Comment","target":["https:\/\/www.sonoraenequipo.com.mx\/putin-confirma-que-lanzo-un-misil-balistico-contra-ucrania\/#respond"]}]},{"@type":"WebPage","@id":"https:\/\/www.sonoraenequipo.com.mx\/putin-confirma-que-lanzo-un-misil-balistico-contra-ucrania\/","url":"https:\/\/www.sonoraenequipo.com.mx\/putin-confirma-que-lanzo-un-misil-balistico-contra-ucrania\/","name":"Sonora en Equipo. Putin confirma que lanz\u00f3 un misil bal\u00edstico contra Ucrania MUNDO","isPartOf":{"@id":"https:\/\/www.sonoraenequipo.com.mx\/#website"},"primaryImageOfPage":{"@id":"https:\/\/www.sonoraenequipo.com.mx\/putin-confirma-que-lanzo-un-misil-balistico-contra-ucrania\/#primaryimage"},"image":{"@id":"https:\/\/www.sonoraenequipo.com.mx\/putin-confirma-que-lanzo-un-misil-balistico-contra-ucrania\/#primaryimage"},"thumbnailUrl":"https:\/\/www.sonoraenequipo.com.mx\/storage\/2023\/04\/bladimir-putin-min.jpg","datePublished":"2024-11-21T19:43:06+00:00","description":"El presidente ruso, Vlad\u00edmir Putin, confirm\u00f3 este jueves (21.11.2024) el ataque ruso a Ucrania con un misil bal\u00edstico hipers\u00f3nico sin carga nuclear y En Sonora en Equipo publicamos toda la informaci\u00f3n de Sonora, M\u00e9xico y el Mundo de manera oportuna y busca que la libertad de expresi\u00f3n sea real. Visita nuestro medio informativo publicado desde Hermosillo, Sonora. %","breadcrumb":{"@id":"https:\/\/www.sonoraenequipo.com.mx\/putin-confirma-que-lanzo-un-misil-balistico-contra-ucrania\/#breadcrumb"},"inLanguage":"es","potentialAction":[{"@type":"ReadAction","target":["https:\/\/www.sonoraenequipo.com.mx\/putin-confirma-que-lanzo-un-misil-balistico-contra-ucrania\/"]}]},{"@type":"ImageObject","inLanguage":"es","@id":"https:\/\/www.sonoraenequipo.com.mx\/putin-confirma-que-lanzo-un-misil-balistico-contra-ucrania\/#primaryimage","url":"https:\/\/www.sonoraenequipo.com.mx\/storage\/2023\/04\/bladimir-putin-min.jpg","contentUrl":"https:\/\/www.sonoraenequipo.com.mx\/storage\/2023\/04\/bladimir-putin-min.jpg","width":895,"height":554},{"@type":"BreadcrumbList","@id":"https:\/\/www.sonoraenequipo.com.mx\/putin-confirma-que-lanzo-un-misil-balistico-contra-ucrania\/#breadcrumb","itemListElement":[{"@type":"ListItem","position":1,"name":"Portada","item":"https:\/\/www.sonoraenequipo.com.mx\/"},{"@type":"ListItem","position":2,"name":"Putin confirma que lanz\u00f3 un misil bal\u00edstico contra Ucrania"}]},{"@type":"WebSite","@id":"https:\/\/www.sonoraenequipo.com.mx\/#website","url":"https:\/\/www.sonoraenequipo.com.mx\/","name":"Sonora en Equipo.","description":"Diario en l\u00ednea con Noticias desde Hermosillo, Sonora","publisher":{"@id":"https:\/\/www.sonoraenequipo.com.mx\/#organization"},"potentialAction":[{"@type":"SearchAction","target":{"@type":"EntryPoint","urlTemplate":"https:\/\/www.sonoraenequipo.com.mx\/?s={search_term_string}"},"query-input":{"@type":"PropertyValueSpecification","valueRequired":true,"valueName":"search_term_string"}}],"inLanguage":"es"},{"@type":"Organization","@id":"https:\/\/www.sonoraenequipo.com.mx\/#organization","name":"Sonoraenequipo.com.mx","url":"https:\/\/www.sonoraenequipo.com.mx\/","logo":{"@type":"ImageObject","inLanguage":"es","@id":"https:\/\/www.sonoraenequipo.com.mx\/#\/schema\/logo\/image\/","url":"https:\/\/www.sonoraenequipo.com.mx\/storage\/2019\/01\/sonoraenequipo_opt.png","contentUrl":"https:\/\/www.sonoraenequipo.com.mx\/storage\/2019\/01\/sonoraenequipo_opt.png","width":375,"height":125,"caption":"Sonoraenequipo.com.mx"},"image":{"@id":"https:\/\/www.sonoraenequipo.com.mx\/#\/schema\/logo\/image\/"},"sameAs":["https:\/\/www.facebook.com\/SonoraEE\/","https:\/\/x.com\/sonoraenequipo","https:\/\/www.youtube.com\/channel\/UC338nW-lPEYmJQs4ZABQ1SQ"]},{"@type":"Person","@id":"https:\/\/www.sonoraenequipo.com.mx\/#\/schema\/person\/50102df0fb23a8fa9e8effad8fa81386","name":"enequipo","image":{"@type":"ImageObject","inLanguage":"es","@id":"https:\/\/www.sonoraenequipo.com.mx\/#\/schema\/person\/image\/","url":"https:\/\/secure.gravatar.com\/avatar\/049821681b589dabc0bc20695993ccebb09f5b5d4d790cd9251b97faac7c652b?s=96&d=blank&r=g","contentUrl":"https:\/\/secure.gravatar.com\/avatar\/049821681b589dabc0bc20695993ccebb09f5b5d4d790cd9251b97faac7c652b?s=96&d=blank&r=g","caption":"enequipo"},"sameAs":["https:\/\/www.facebook.com\/SonoraEE"]}]}},"jetpack_featured_media_url":"https:\/\/www.sonoraenequipo.com.mx\/storage\/2023\/04\/bladimir-putin-min.jpg","_links":{"self":[{"href":"https:\/\/www.sonoraenequipo.com.mx\/api\/wp\/v2\/posts\/204587","targetHints":{"allow":["GET"]}}],"collection":[{"href":"https:\/\/www.sonoraenequipo.com.mx\/api\/wp\/v2\/posts"}],"about":[{"href":"https:\/\/www.sonoraenequipo.com.mx\/api\/wp\/v2\/types\/post"}],"author":[{"embeddable":true,"href":"https:\/\/www.sonoraenequipo.com.mx\/api\/wp\/v2\/users\/1"}],"replies":[{"embeddable":true,"href":"https:\/\/www.sonoraenequipo.com.mx\/api\/wp\/v2\/comments?post=204587"}],"version-history":[{"count":1,"href":"https:\/\/www.sonoraenequipo.com.mx\/api\/wp\/v2\/posts\/204587\/revisions"}],"predecessor-version":[{"id":204588,"href":"https:\/\/www.sonoraenequipo.com.mx\/api\/wp\/v2\/posts\/204587\/revisions\/204588"}],"wp:featuredmedia":[{"embeddable":true,"href":"https:\/\/www.sonoraenequipo.com.mx\/api\/wp\/v2\/media\/162474"}],"wp:attachment":[{"href":"https:\/\/www.sonoraenequipo.com.mx\/api\/wp\/v2\/media?parent=204587"}],"wp:term":[{"taxonomy":"category","embeddable":true,"href":"https:\/\/www.sonoraenequipo.com.mx\/api\/wp\/v2\/categories?post=204587"},{"taxonomy":"post_tag","embeddable":true,"href":"https:\/\/www.sonoraenequipo.com.mx\/api\/wp\/v2\/tags?post=204587"}],"curies":[{"name":"wp","href":"https:\/\/api.w.org\/{rel}","templated":true}]}}