{"id":204589,"date":"2024-11-21T13:04:58","date_gmt":"2024-11-21T20:04:58","guid":{"rendered":"https:\/\/www.sonoraenequipo.com.mx\/?p=204589"},"modified":"2024-11-21T13:04:58","modified_gmt":"2024-11-21T20:04:58","slug":"ee-uu-rechaza-orden-de-arresto-de-la-cpi-contra-netanyahu-y-otros","status":"publish","type":"post","link":"https:\/\/www.sonoraenequipo.com.mx\/ee-uu-rechaza-orden-de-arresto-de-la-cpi-contra-netanyahu-y-otros\/","title":{"rendered":"EE.UU. rechaza orden de arresto de la CPI contra Netanyahu y otros"},"content":{"rendered":"<p>Estados Unidos rechaz\u00f3 este jueves (21.11.2024) la decisi\u00f3n de la Corte Penal Internacional (CPI) de emitir \u00f3rdenes de arresto contra el primer ministro israel\u00ed, Benjam\u00edn Netanyahu, y su exministro de Defensa Yoav Gallant por cr\u00edmenes de guerra y de lesa humanidad en la Franja de Gaza.<\/p>\n<p>&nbsp;<\/p>\n<p>\u00abEstados Unidos rechaza fundamentalmente la decisi\u00f3n de la Corte de emitir \u00f3rdenes de arresto contra altos funcionarios israel\u00edes\u00bb, dijo a EFE un portavoz de la Casa Blanca, que explic\u00f3 que Washington est\u00e1 coordin\u00e1ndose con sus aliados, incluido Israel, sobre los \u00abpr\u00f3ximos pasos\u00bb a tomar.<\/p>\n<p>&nbsp;<\/p>\n<p><strong>\u00abPrecipitaci\u00f3n\u00bb de la CPI<\/strong><\/p>\n<p>&nbsp;<\/p>\n<p>El portavoz se\u00f1al\u00f3 que Estados Unidos est\u00e1 \u00abprofundamente preocupado\u00bb por la \u00abprecipitaci\u00f3n\u00bb de la Fiscal\u00eda de la CPI, liderada por Karim Khan, para solicitar las \u00f3rdenes de arresto, as\u00ed como por los \u00aberrores procesales problem\u00e1ticos que han llevado a esta decisi\u00f3n\u00bb.<\/p>\n<p>&nbsp;<\/p>\n<p>\u00abEstados Unidos ha dejado claro que la CPI no tiene jurisdicci\u00f3n sobre este asunto\u00bb, subray\u00f3 el portavoz.<\/p>\n<p>&nbsp;<\/p>\n<p>La CPI pidi\u00f3 este jueves el arresto y entrega tanto de Netanyahu y Gallant como del dirigente militar del Movimiento de Resistencia Isl\u00e1mica (Ham\u00e1s), Mohammed Deif, aunque Israel ya lo declar\u00f3 muerto en un ataque en junio contra la Franja, algo que no ha podido ser confirmado de forma independiente.<\/p>\n<p>&nbsp;<\/p>\n<p>Tras la emisi\u00f3n de las \u00f3rdenes de arresto, Netanyahu tild\u00f3 la acusaci\u00f3n de la CPI de \u00ababsurda y falsa\u00bb y de decisi\u00f3n \u00abantisemita\u00bb, y asegur\u00f3 que \u00abno hay nada m\u00e1s justo que la guerra que Israel libra en Gaza\u00bb. En tanto, Ham\u00e1s celebr\u00f3 la medida: \u00abLa justicia internacional est\u00e1 con nosotros contra la entidad sionista\u00bb, asever\u00f3.<\/p>\n<p>&nbsp;<\/p>\n<p><strong>Borrell: decisi\u00f3n debe \u00abaplicarse\u00bb<\/strong><\/p>\n<p>&nbsp;<\/p>\n<p>Por su parte, el jefe de la diplomacia de la UE, Joseph Borrell, consider\u00f3\u00a0 \u00abvinculantes\u00bb las \u00f3rdenes de arresto de la CPI contra Netanyahu Gallant y\u00a0 Deify, y afirm\u00f3 que por lo tanto deben \u00abaplicarse\u00bb.<\/p>\n<p>&nbsp;<\/p>\n<p>\u00abNo es una decisi\u00f3n pol\u00edtica. Es una decisi\u00f3n de un tribunal, de un tribunal de justicia, de un tribunal de justicia internacional. Y la decisi\u00f3n del tribunal debe respetarse y aplicarse\u00bb, declar\u00f3 el diplom\u00e1tico europeo, durante una visita a Amm\u00e1n, la capital de Jordania.<\/p>\n<p>&nbsp;<\/p>\n<p>\u00abEsta decisi\u00f3n es vinculante y todos los Estados, todos los Estados parte del estatuto de la corte, incluidos todos los miembros de la Uni\u00f3n Europea, deben implementar esta decisi\u00f3n de la corte\u00bb, subray\u00f3 Borrell. en una rueda de prensa junto a su hom\u00f3logo jordano, Ayman Safadi.<\/p>\n<p>&nbsp;<\/p>\n<p>La CPI no tiene una fuerza policial para arrestar sospechosos, pero sus 125 Estados miembros, entre los que est\u00e1n Reino Unido y los pa\u00edses de la Uni\u00f3n Europea, tienen la obligaci\u00f3n de cooperar con la Corte. Ni Estados Unidos ni Israel son parte de este tribunal.<\/p>\n<p><strong>Fecha de publicaci\u00f3n jueves 21 \u00a0de noviembre de 2024 \/DW<\/strong><\/p>\n<p><strong>ct (efe, afp)<\/strong><\/p>\n","protected":false},"excerpt":{"rendered":"<p>Estados Unidos rechaz\u00f3 este jueves (21.11.2024) la decisi\u00f3n de la Corte Penal Internacional (CPI) de&#8230;<\/p>\n","protected":false},"author":1,"featured_media":204590,"comment_status":"open","ping_status":"open","sticky":false,"template":"","format":"standard","meta":{"_monsterinsights_skip_tracking":false,"_monsterinsights_sitenote_active":false,"_monsterinsights_sitenote_note":"","_monsterinsights_sitenote_category":0,"footnotes":""},"categories":[3],"tags":[144,9036,911],"class_list":["post"],"yoast_head":" \n<title>Sonora en Equipo. EE.UU. rechaza orden de arresto de la CPI contra Netanyahu y otros MUNDO<\/title>\n<meta name=\"description\" content=\"Estados Unidos rechaz\u00f3 este jueves (21.11.2024) la decisi\u00f3n de la Corte Penal Internacional (CPI) de emitir \u00f3rdenes de arresto contra el primer ministro En Sonora en Equipo publicamos toda la informaci\u00f3n de Sonora, M\u00e9xico y el Mundo de manera oportuna y busca que la libertad de expresi\u00f3n sea real. Visita nuestro medio informativo publicado desde Hermosillo, Sonora. %\" \/>\n<meta name=\"robots\" content=\"index, follow, max-snippet:-1, max-image-preview:large, max-video-preview:-1\" \/>\n<link rel=\"canonical\" href=\"https:\/\/www.sonoraenequipo.com.mx\/ee-uu-rechaza-orden-de-arresto-de-la-cpi-contra-netanyahu-y-otros\/\" \/>\n<meta property=\"og:locale\" content=\"es_ES\" \/>\n<meta property=\"og:type\" content=\"article\" \/>\n<meta property=\"og:title\" content=\"Sonora en Equipo. EE.UU. rechaza orden de arresto de la CPI contra Netanyahu y otros MUNDO\" \/>\n<meta property=\"og:description\" content=\"Estados Unidos rechaz\u00f3 este jueves (21.11.2024) la decisi\u00f3n de la Corte Penal Internacional (CPI) de emitir \u00f3rdenes de arresto contra el primer ministro En Sonora en Equipo publicamos toda la informaci\u00f3n de Sonora, M\u00e9xico y el Mundo de manera oportuna y busca que la libertad de expresi\u00f3n sea real. Visita nuestro medio informativo publicado desde Hermosillo, Sonora. %\" \/>\n<meta property=\"og:url\" content=\"https:\/\/www.sonoraenequipo.com.mx\/ee-uu-rechaza-orden-de-arresto-de-la-cpi-contra-netanyahu-y-otros\/\" \/>\n<meta property=\"og:site_name\" content=\"Sonora en Equipo.\" \/>\n<meta property=\"article:publisher\" content=\"https:\/\/www.facebook.com\/SonoraEE\/\" \/>\n<meta property=\"article:author\" content=\"https:\/\/www.facebook.com\/SonoraEE\" \/>\n<meta property=\"article:published_time\" content=\"2024-11-21T20:04:58+00:00\" \/>\n<meta property=\"og:image\" content=\"https:\/\/www.sonoraenequipo.com.mx\/storage\/2024\/11\/eeuu-israel.jpg\" \/>\n\t<meta property=\"og:image:width\" content=\"600\" \/>\n\t<meta property=\"og:image:height\" content=\"400\" \/>\n\t<meta property=\"og:image:type\" content=\"image\/jpeg\" \/>\n<meta name=\"author\" content=\"enequipo\" \/>\n<meta name=\"twitter:card\" content=\"summary_large_image\" \/>\n<meta name=\"twitter:creator\" content=\"@sonoraenequipo\" \/>\n<meta name=\"twitter:site\" content=\"@sonoraenequipo\" \/>\n<meta name=\"twitter:label1\" content=\"Escrito por\" \/>\n\t<meta name=\"twitter:data1\" content=\"enequipo\" \/>\n\t<meta name=\"twitter:label2\" content=\"Tiempo de lectura\" \/>\n\t<meta name=\"twitter:data2\" content=\"2 minutos\" \/>\n<script type=\"application\/ld+json\" class=\"yoast-schema-graph\">{\"@context\":\"https:\/\/schema.org\",\"@graph\":[{\"@type\":\"Article\",\"@id\":\"https:\/\/www.sonoraenequipo.com.mx\/ee-uu-rechaza-orden-de-arresto-de-la-cpi-contra-netanyahu-y-otros\/#article\",\"isPartOf\":{\"@id\":\"https:\/\/www.sonoraenequipo.com.mx\/ee-uu-rechaza-orden-de-arresto-de-la-cpi-contra-netanyahu-y-otros\/\"},\"author\":{\"name\":\"enequipo\",\"@id\":\"https:\/\/www.sonoraenequipo.com.mx\/#\/schema\/person\/50102df0fb23a8fa9e8effad8fa81386\"},\"headline\":\"EE.UU. rechaza orden de arresto de la CPI contra Netanyahu y otros\",\"datePublished\":\"2024-11-21T20:04:58+00:00\",\"mainEntityOfPage\":{\"@id\":\"https:\/\/www.sonoraenequipo.com.mx\/ee-uu-rechaza-orden-de-arresto-de-la-cpi-contra-netanyahu-y-otros\/\"},\"wordCount\":503,\"commentCount\":0,\"publisher\":{\"@id\":\"https:\/\/www.sonoraenequipo.com.mx\/#organization\"},\"image\":{\"@id\":\"https:\/\/www.sonoraenequipo.com.mx\/ee-uu-rechaza-orden-de-arresto-de-la-cpi-contra-netanyahu-y-otros\/#primaryimage\"},\"thumbnailUrl\":\"https:\/\/www.sonoraenequipo.com.mx\/storage\/2024\/11\/eeuu-israel.jpg\",\"keywords\":[\"guerra\",\"ham\u00e0s\",\"ISRAEL\"],\"articleSection\":[\"MUNDO\"],\"inLanguage\":\"es\",\"potentialAction\":[{\"@type\":\"CommentAction\",\"name\":\"Comment\",\"target\":[\"https:\/\/www.sonoraenequipo.com.mx\/ee-uu-rechaza-orden-de-arresto-de-la-cpi-contra-netanyahu-y-otros\/#respond\"]}]},{\"@type\":\"WebPage\",\"@id\":\"https:\/\/www.sonoraenequipo.com.mx\/ee-uu-rechaza-orden-de-arresto-de-la-cpi-contra-netanyahu-y-otros\/\",\"url\":\"https:\/\/www.sonoraenequipo.com.mx\/ee-uu-rechaza-orden-de-arresto-de-la-cpi-contra-netanyahu-y-otros\/\",\"name\":\"Sonora en Equipo. EE.UU. rechaza orden de arresto de la CPI contra Netanyahu y otros MUNDO\",\"isPartOf\":{\"@id\":\"https:\/\/www.sonoraenequipo.com.mx\/#website\"},\"primaryImageOfPage\":{\"@id\":\"https:\/\/www.sonoraenequipo.com.mx\/ee-uu-rechaza-orden-de-arresto-de-la-cpi-contra-netanyahu-y-otros\/#primaryimage\"},\"image\":{\"@id\":\"https:\/\/www.sonoraenequipo.com.mx\/ee-uu-rechaza-orden-de-arresto-de-la-cpi-contra-netanyahu-y-otros\/#primaryimage\"},\"thumbnailUrl\":\"https:\/\/www.sonoraenequipo.com.mx\/storage\/2024\/11\/eeuu-israel.jpg\",\"datePublished\":\"2024-11-21T20:04:58+00:00\",\"description\":\"Estados Unidos rechaz\u00f3 este jueves (21.11.2024) la decisi\u00f3n de la Corte Penal Internacional (CPI) de emitir \u00f3rdenes de arresto contra el primer ministro En Sonora en Equipo publicamos toda la informaci\u00f3n de Sonora, M\u00e9xico y el Mundo de manera oportuna y busca que la libertad de expresi\u00f3n sea real. Visita nuestro medio informativo publicado desde Hermosillo, Sonora. %\",\"breadcrumb\":{\"@id\":\"https:\/\/www.sonoraenequipo.com.mx\/ee-uu-rechaza-orden-de-arresto-de-la-cpi-contra-netanyahu-y-otros\/#breadcrumb\"},\"inLanguage\":\"es\",\"potentialAction\":[{\"@type\":\"ReadAction\",\"target\":[\"https:\/\/www.sonoraenequipo.com.mx\/ee-uu-rechaza-orden-de-arresto-de-la-cpi-contra-netanyahu-y-otros\/\"]}]},{\"@type\":\"ImageObject\",\"inLanguage\":\"es\",\"@id\":\"https:\/\/www.sonoraenequipo.com.mx\/ee-uu-rechaza-orden-de-arresto-de-la-cpi-contra-netanyahu-y-otros\/#primaryimage\",\"url\":\"https:\/\/www.sonoraenequipo.com.mx\/storage\/2024\/11\/eeuu-israel.jpg\",\"contentUrl\":\"https:\/\/www.sonoraenequipo.com.mx\/storage\/2024\/11\/eeuu-israel.jpg\",\"width\":600,\"height\":400},{\"@type\":\"BreadcrumbList\",\"@id\":\"https:\/\/www.sonoraenequipo.com.mx\/ee-uu-rechaza-orden-de-arresto-de-la-cpi-contra-netanyahu-y-otros\/#breadcrumb\",\"itemListElement\":[{\"@type\":\"ListItem\",\"position\":1,\"name\":\"Portada\",\"item\":\"https:\/\/www.sonoraenequipo.com.mx\/\"},{\"@type\":\"ListItem\",\"position\":2,\"name\":\"EE.UU. rechaza orden de arresto de la CPI contra Netanyahu y otros\"}]},{\"@type\":\"WebSite\",\"@id\":\"https:\/\/www.sonoraenequipo.com.mx\/#website\",\"url\":\"https:\/\/www.sonoraenequipo.com.mx\/\",\"name\":\"Sonora en Equipo.\",\"description\":\"Diario en l\u00ednea con Noticias desde Hermosillo, Sonora\",\"publisher\":{\"@id\":\"https:\/\/www.sonoraenequipo.com.mx\/#organization\"},\"potentialAction\":[{\"@type\":\"SearchAction\",\"target\":{\"@type\":\"EntryPoint\",\"urlTemplate\":\"https:\/\/www.sonoraenequipo.com.mx\/?s={search_term_string}\"},\"query-input\":{\"@type\":\"PropertyValueSpecification\",\"valueRequired\":true,\"valueName\":\"search_term_string\"}}],\"inLanguage\":\"es\"},{\"@type\":\"Organization\",\"@id\":\"https:\/\/www.sonoraenequipo.com.mx\/#organization\",\"name\":\"Sonoraenequipo.com.mx\",\"url\":\"https:\/\/www.sonoraenequipo.com.mx\/\",\"logo\":{\"@type\":\"ImageObject\",\"inLanguage\":\"es\",\"@id\":\"https:\/\/www.sonoraenequipo.com.mx\/#\/schema\/logo\/image\/\",\"url\":\"https:\/\/www.sonoraenequipo.com.mx\/storage\/2019\/01\/sonoraenequipo_opt.png\",\"contentUrl\":\"https:\/\/www.sonoraenequipo.com.mx\/storage\/2019\/01\/sonoraenequipo_opt.png\",\"width\":375,\"height\":125,\"caption\":\"Sonoraenequipo.com.mx\"},\"image\":{\"@id\":\"https:\/\/www.sonoraenequipo.com.mx\/#\/schema\/logo\/image\/\"},\"sameAs\":[\"https:\/\/www.facebook.com\/SonoraEE\/\",\"https:\/\/x.com\/sonoraenequipo\",\"https:\/\/www.youtube.com\/channel\/UC338nW-lPEYmJQs4ZABQ1SQ\"]},{\"@type\":\"Person\",\"@id\":\"https:\/\/www.sonoraenequipo.com.mx\/#\/schema\/person\/50102df0fb23a8fa9e8effad8fa81386\",\"name\":\"enequipo\",\"image\":{\"@type\":\"ImageObject\",\"inLanguage\":\"es\",\"@id\":\"https:\/\/www.sonoraenequipo.com.mx\/#\/schema\/person\/image\/\",\"url\":\"https:\/\/secure.gravatar.com\/avatar\/049821681b589dabc0bc20695993ccebb09f5b5d4d790cd9251b97faac7c652b?s=96&d=blank&r=g\",\"contentUrl\":\"https:\/\/secure.gravatar.com\/avatar\/049821681b589dabc0bc20695993ccebb09f5b5d4d790cd9251b97faac7c652b?s=96&d=blank&r=g\",\"caption\":\"enequipo\"},\"sameAs\":[\"https:\/\/www.facebook.com\/SonoraEE\"]}]}<\/script>\n ","yoast_head_json":{"title":"Sonora en Equipo. EE.UU. rechaza orden de arresto de la CPI contra Netanyahu y otros MUNDO","description":"Estados Unidos rechaz\u00f3 este jueves (21.11.2024) la decisi\u00f3n de la Corte Penal Internacional (CPI) de emitir \u00f3rdenes de arresto contra el primer ministro En Sonora en Equipo publicamos toda la informaci\u00f3n de Sonora, M\u00e9xico y el Mundo de manera oportuna y busca que la libertad de expresi\u00f3n sea real. Visita nuestro medio informativo publicado desde Hermosillo, Sonora. %","robots":{"index":"index","follow":"follow","max-snippet":"max-snippet:-1","max-image-preview":"max-image-preview:large","max-video-preview":"max-video-preview:-1"},"canonical":"https:\/\/www.sonoraenequipo.com.mx\/ee-uu-rechaza-orden-de-arresto-de-la-cpi-contra-netanyahu-y-otros\/","og_locale":"es_ES","og_type":"article","og_title":"Sonora en Equipo. EE.UU. rechaza orden de arresto de la CPI contra Netanyahu y otros MUNDO","og_description":"Estados Unidos rechaz\u00f3 este jueves (21.11.2024) la decisi\u00f3n de la Corte Penal Internacional (CPI) de emitir \u00f3rdenes de arresto contra el primer ministro En Sonora en Equipo publicamos toda la informaci\u00f3n de Sonora, M\u00e9xico y el Mundo de manera oportuna y busca que la libertad de expresi\u00f3n sea real. Visita nuestro medio informativo publicado desde Hermosillo, Sonora. %","og_url":"https:\/\/www.sonoraenequipo.com.mx\/ee-uu-rechaza-orden-de-arresto-de-la-cpi-contra-netanyahu-y-otros\/","og_site_name":"Sonora en Equipo.","article_publisher":"https:\/\/www.facebook.com\/SonoraEE\/","article_author":"https:\/\/www.facebook.com\/SonoraEE","article_published_time":"2024-11-21T20:04:58+00:00","og_image":[{"width":600,"height":400,"url":"https:\/\/www.sonoraenequipo.com.mx\/storage\/2024\/11\/eeuu-israel.jpg","type":"image\/jpeg"}],"author":"enequipo","twitter_card":"summary_large_image","twitter_creator":"@sonoraenequipo","twitter_site":"@sonoraenequipo","twitter_misc":{"Escrito por":"enequipo","Tiempo de lectura":"2 minutos"},"schema":{"@context":"https:\/\/schema.org","@graph":[{"@type":"Article","@id":"https:\/\/www.sonoraenequipo.com.mx\/ee-uu-rechaza-orden-de-arresto-de-la-cpi-contra-netanyahu-y-otros\/#article","isPartOf":{"@id":"https:\/\/www.sonoraenequipo.com.mx\/ee-uu-rechaza-orden-de-arresto-de-la-cpi-contra-netanyahu-y-otros\/"},"author":{"name":"enequipo","@id":"https:\/\/www.sonoraenequipo.com.mx\/#\/schema\/person\/50102df0fb23a8fa9e8effad8fa81386"},"headline":"EE.UU. rechaza orden de arresto de la CPI contra Netanyahu y otros","datePublished":"2024-11-21T20:04:58+00:00","mainEntityOfPage":{"@id":"https:\/\/www.sonoraenequipo.com.mx\/ee-uu-rechaza-orden-de-arresto-de-la-cpi-contra-netanyahu-y-otros\/"},"wordCount":503,"commentCount":0,"publisher":{"@id":"https:\/\/www.sonoraenequipo.com.mx\/#organization"},"image":{"@id":"https:\/\/www.sonoraenequipo.com.mx\/ee-uu-rechaza-orden-de-arresto-de-la-cpi-contra-netanyahu-y-otros\/#primaryimage"},"thumbnailUrl":"https:\/\/www.sonoraenequipo.com.mx\/storage\/2024\/11\/eeuu-israel.jpg","keywords":["guerra","ham\u00e0s","ISRAEL"],"articleSection":["MUNDO"],"inLanguage":"es","potentialAction":[{"@type":"CommentAction","name":"Comment","target":["https:\/\/www.sonoraenequipo.com.mx\/ee-uu-rechaza-orden-de-arresto-de-la-cpi-contra-netanyahu-y-otros\/#respond"]}]},{"@type":"WebPage","@id":"https:\/\/www.sonoraenequipo.com.mx\/ee-uu-rechaza-orden-de-arresto-de-la-cpi-contra-netanyahu-y-otros\/","url":"https:\/\/www.sonoraenequipo.com.mx\/ee-uu-rechaza-orden-de-arresto-de-la-cpi-contra-netanyahu-y-otros\/","name":"Sonora en Equipo. EE.UU. rechaza orden de arresto de la CPI contra Netanyahu y otros MUNDO","isPartOf":{"@id":"https:\/\/www.sonoraenequipo.com.mx\/#website"},"primaryImageOfPage":{"@id":"https:\/\/www.sonoraenequipo.com.mx\/ee-uu-rechaza-orden-de-arresto-de-la-cpi-contra-netanyahu-y-otros\/#primaryimage"},"image":{"@id":"https:\/\/www.sonoraenequipo.com.mx\/ee-uu-rechaza-orden-de-arresto-de-la-cpi-contra-netanyahu-y-otros\/#primaryimage"},"thumbnailUrl":"https:\/\/www.sonoraenequipo.com.mx\/storage\/2024\/11\/eeuu-israel.jpg","datePublished":"2024-11-21T20:04:58+00:00","description":"Estados Unidos rechaz\u00f3 este jueves (21.11.2024) la decisi\u00f3n de la Corte Penal Internacional (CPI) de emitir \u00f3rdenes de arresto contra el primer ministro En Sonora en Equipo publicamos toda la informaci\u00f3n de Sonora, M\u00e9xico y el Mundo de manera oportuna y busca que la libertad de expresi\u00f3n sea real. Visita nuestro medio informativo publicado desde Hermosillo, Sonora. %","breadcrumb":{"@id":"https:\/\/www.sonoraenequipo.com.mx\/ee-uu-rechaza-orden-de-arresto-de-la-cpi-contra-netanyahu-y-otros\/#breadcrumb"},"inLanguage":"es","potentialAction":[{"@type":"ReadAction","target":["https:\/\/www.sonoraenequipo.com.mx\/ee-uu-rechaza-orden-de-arresto-de-la-cpi-contra-netanyahu-y-otros\/"]}]},{"@type":"ImageObject","inLanguage":"es","@id":"https:\/\/www.sonoraenequipo.com.mx\/ee-uu-rechaza-orden-de-arresto-de-la-cpi-contra-netanyahu-y-otros\/#primaryimage","url":"https:\/\/www.sonoraenequipo.com.mx\/storage\/2024\/11\/eeuu-israel.jpg","contentUrl":"https:\/\/www.sonoraenequipo.com.mx\/storage\/2024\/11\/eeuu-israel.jpg","width":600,"height":400},{"@type":"BreadcrumbList","@id":"https:\/\/www.sonoraenequipo.com.mx\/ee-uu-rechaza-orden-de-arresto-de-la-cpi-contra-netanyahu-y-otros\/#breadcrumb","itemListElement":[{"@type":"ListItem","position":1,"name":"Portada","item":"https:\/\/www.sonoraenequipo.com.mx\/"},{"@type":"ListItem","position":2,"name":"EE.UU. rechaza orden de arresto de la CPI contra Netanyahu y otros"}]},{"@type":"WebSite","@id":"https:\/\/www.sonoraenequipo.com.mx\/#website","url":"https:\/\/www.sonoraenequipo.com.mx\/","name":"Sonora en Equipo.","description":"Diario en l\u00ednea con Noticias desde Hermosillo, Sonora","publisher":{"@id":"https:\/\/www.sonoraenequipo.com.mx\/#organization"},"potentialAction":[{"@type":"SearchAction","target":{"@type":"EntryPoint","urlTemplate":"https:\/\/www.sonoraenequipo.com.mx\/?s={search_term_string}"},"query-input":{"@type":"PropertyValueSpecification","valueRequired":true,"valueName":"search_term_string"}}],"inLanguage":"es"},{"@type":"Organization","@id":"https:\/\/www.sonoraenequipo.com.mx\/#organization","name":"Sonoraenequipo.com.mx","url":"https:\/\/www.sonoraenequipo.com.mx\/","logo":{"@type":"ImageObject","inLanguage":"es","@id":"https:\/\/www.sonoraenequipo.com.mx\/#\/schema\/logo\/image\/","url":"https:\/\/www.sonoraenequipo.com.mx\/storage\/2019\/01\/sonoraenequipo_opt.png","contentUrl":"https:\/\/www.sonoraenequipo.com.mx\/storage\/2019\/01\/sonoraenequipo_opt.png","width":375,"height":125,"caption":"Sonoraenequipo.com.mx"},"image":{"@id":"https:\/\/www.sonoraenequipo.com.mx\/#\/schema\/logo\/image\/"},"sameAs":["https:\/\/www.facebook.com\/SonoraEE\/","https:\/\/x.com\/sonoraenequipo","https:\/\/www.youtube.com\/channel\/UC338nW-lPEYmJQs4ZABQ1SQ"]},{"@type":"Person","@id":"https:\/\/www.sonoraenequipo.com.mx\/#\/schema\/person\/50102df0fb23a8fa9e8effad8fa81386","name":"enequipo","image":{"@type":"ImageObject","inLanguage":"es","@id":"https:\/\/www.sonoraenequipo.com.mx\/#\/schema\/person\/image\/","url":"https:\/\/secure.gravatar.com\/avatar\/049821681b589dabc0bc20695993ccebb09f5b5d4d790cd9251b97faac7c652b?s=96&d=blank&r=g","contentUrl":"https:\/\/secure.gravatar.com\/avatar\/049821681b589dabc0bc20695993ccebb09f5b5d4d790cd9251b97faac7c652b?s=96&d=blank&r=g","caption":"enequipo"},"sameAs":["https:\/\/www.facebook.com\/SonoraEE"]}]}},"jetpack_featured_media_url":"https:\/\/www.sonoraenequipo.com.mx\/storage\/2024\/11\/eeuu-israel.jpg","_links":{"self":[{"href":"https:\/\/www.sonoraenequipo.com.mx\/api\/wp\/v2\/posts\/204589","targetHints":{"allow":["GET"]}}],"collection":[{"href":"https:\/\/www.sonoraenequipo.com.mx\/api\/wp\/v2\/posts"}],"about":[{"href":"https:\/\/www.sonoraenequipo.com.mx\/api\/wp\/v2\/types\/post"}],"author":[{"embeddable":true,"href":"https:\/\/www.sonoraenequipo.com.mx\/api\/wp\/v2\/users\/1"}],"replies":[{"embeddable":true,"href":"https:\/\/www.sonoraenequipo.com.mx\/api\/wp\/v2\/comments?post=204589"}],"version-history":[{"count":1,"href":"https:\/\/www.sonoraenequipo.com.mx\/api\/wp\/v2\/posts\/204589\/revisions"}],"predecessor-version":[{"id":204591,"href":"https:\/\/www.sonoraenequipo.com.mx\/api\/wp\/v2\/posts\/204589\/revisions\/204591"}],"wp:featuredmedia":[{"embeddable":true,"href":"https:\/\/www.sonoraenequipo.com.mx\/api\/wp\/v2\/media\/204590"}],"wp:attachment":[{"href":"https:\/\/www.sonoraenequipo.com.mx\/api\/wp\/v2\/media?parent=204589"}],"wp:term":[{"taxonomy":"category","embeddable":true,"href":"https:\/\/www.sonoraenequipo.com.mx\/api\/wp\/v2\/categories?post=204589"},{"taxonomy":"post_tag","embeddable":true,"href":"https:\/\/www.sonoraenequipo.com.mx\/api\/wp\/v2\/tags?post=204589"}],"curies":[{"name":"wp","href":"https:\/\/api.w.org\/{rel}","templated":true}]}}