{"id":204593,"date":"2024-11-21T13:28:48","date_gmt":"2024-11-21T20:28:48","guid":{"rendered":"https:\/\/www.sonoraenequipo.com.mx\/?p=204593"},"modified":"2024-11-21T13:28:48","modified_gmt":"2024-11-21T20:28:48","slug":"norona-da-conferencia-en-la-unam-sobre-el-poder-judicial-y-la-soberania-popular","status":"publish","type":"post","link":"https:\/\/www.sonoraenequipo.com.mx\/norona-da-conferencia-en-la-unam-sobre-el-poder-judicial-y-la-soberania-popular\/","title":{"rendered":"Noro\u00f1a da conferencia en la UNAM sobre el poder judicial y la soberan\u00eda popular"},"content":{"rendered":"<p><strong>CIUDAD DE M\u00c8XICO.<\/strong><strong> \u0336 \u0336\u00a0 <\/strong>\u00a0\u201cLa transformaci\u00f3n m\u00e1s importante, para M\u00e9xico, es la del poder judicial, no hay pa\u00eds del mundo que elija por voto directo a todos los poderes, estamos sembrando el cambio para el mundo entero\u201d<\/p>\n<p>&nbsp;<\/p>\n<p>&nbsp;<\/p>\n<p>&nbsp;<\/p>\n<p>Este jueves 21 de noviembre el Programa Universitario de Estudios sobre Democracia, Justicia y Sociedad (PUEDJS) realiz\u00f3 el segundo d\u00eda del Coloquio Internacional \u201cLos retos del segundo piso. La transformaci\u00f3n pol\u00edtica mexicana en el contexto global\u201d en el auditorio Alfonso Caso en el coraz\u00f3n de Ciudad Universitaria. Ante un p\u00fablico abarrotado de estudiantes, lleg\u00f3 el presidente de la Mesa Directiva del Senado mexicano, Gerardo Fern\u00e1ndez Noro\u00f1a. El Dr. John M. Ackerman le dio la bienvenida comentando que \u201ces un honor tener a una figura tan importante y con tanta trayectoria de lucha pol\u00edtica\u201d.<\/p>\n<p>&nbsp;<\/p>\n<p>&nbsp;<\/p>\n<p>Gerardo Fern\u00e1ndez Noro\u00f1a inici\u00f3 su conferencia con un an\u00e1lisis al panorama actual ante la reciente reforma al poder judicial, donde expres\u00f3 los m\u00faltiples atropellos para llevar a cabo este proceso. \u201cNo es la \u00fanica reforma que hemos realizado, pero sin duda, es la m\u00e1s revolucionaria, es fundamental que la integraci\u00f3n del poder judicial se d\u00e9 por el voto directo\u201d. Adem\u00e1s, el presidente de la Mesa Directiva del Senado mexicano, invit\u00f3 a j\u00f3venes de la UNAM a participar en el proceso de elecci\u00f3n judicial, mencionando que \u201cnecesitamos j\u00f3venes honestos y honestas que tengan vocaci\u00f3n de impartir justicia y de cumplirle al pueblo\u201d.<\/p>\n<p>&nbsp;<\/p>\n<p>&nbsp;<\/p>\n<p>Fern\u00e1ndez Noro\u00f1a continu\u00f3 su ponencia conversando sobre el proceso de politizaci\u00f3n y de conciencia en nuestro pa\u00eds, puntualizando que la obligaci\u00f3n de los pol\u00edticos en funci\u00f3n es mantener la unidad y la consolidaci\u00f3n hacia la izquierda, erradicando el sectarismo, los prejuicios, la violencia contra las mujeres, el clasicismo, el racismo y todo tipo de violencias hacia el pueblo de M\u00e9xico. Adem\u00e1s, aplaudi\u00f3 la llegada de la actual presidenta, Claudia Sheinbaum Pardo a su cargo en el poder ejecutivo, mencionando que es una gran victoria que tengamos a una mujer en ese importante cargo, en miras de que la brecha de desigualdad de g\u00e9nero se reduzca en todas las \u00e1reas de la sociedad.<\/p>\n<p>&nbsp;<\/p>\n<p>&nbsp;<\/p>\n<p>En la parte final de su discurso, el presidente de la Mesa Directiva del Senado mexicano, Gerardo Fern\u00e1ndez Noro\u00f1a, invit\u00f3 a cambiar y fortalecer los sistemas educativos p\u00fablicos, donde comparti\u00f3 que considera que \u201cponer un pie en una universidad te cambia la vida, por eso es fundamental que todas y todos puedan ejercer su derecho a una educaci\u00f3n digna\u201d. Adem\u00e1s, invit\u00f3 a crear una cultura de la lectura, \u201ctodas y todos debemos de leer por gusto, por recreaci\u00f3n, por entenderse a uno mismo y a los otros, no puede haber hombres y mujeres libres sin lectura\u201d, y mencion\u00f3 las grandes labores de difusi\u00f3n de la lectura que se han llevado desde el sexenio pasado y que contin\u00faan al d\u00eda de hoy.<\/p>\n<p>&nbsp;<\/p>\n<p>&nbsp;<\/p>\n<p>Finalmente hubo una ronda de preguntas donde las y los estudiantes de la UNAM realizaron preguntas en torno al proceso de elecci\u00f3n judicial, a la reciente elecci\u00f3n de Donald Trump en Estados Unidos, sobre la conformaci\u00f3n del Senado durante el entrante gobierno entre otras preguntas relacionadas a la pol\u00edtica mexicana y global.<\/p>\n<p>&nbsp;<\/p>\n<p>Finalmente, despu\u00e9s de responder esta ronda de preguntas, Gerardo Fern\u00e1ndez Noro\u00f1a, se despidi\u00f3 de una masa de estudiantes con el grito de \u201cLarga vida a la UNAM y a su comunidad universitaria\u201d.<\/p>\n<p><strong>Fecha de publicaci\u00f3n jueves 21 \u00a0de noviembre de 2024 \/ <\/strong><\/p>\n","protected":false},"excerpt":{"rendered":"<p>CIUDAD DE M\u00c8XICO. \u0336 \u0336\u00a0 \u00a0\u201cLa transformaci\u00f3n m\u00e1s importante, para M\u00e9xico, es la del poder&#8230;<\/p>\n","protected":false},"author":1,"featured_media":204595,"comment_status":"open","ping_status":"open","sticky":false,"template":"","format":"standard","meta":{"_monsterinsights_skip_tracking":false,"_monsterinsights_sitenote_active":false,"_monsterinsights_sitenote_note":"","_monsterinsights_sitenote_category":0,"footnotes":""},"categories":[5],"tags":[7253],"class_list":["post"],"yoast_head":" \n<title>Sonora en Equipo. Noro\u00f1a da conferencia en la UNAM sobre el poder judicial y la soberan\u00eda popular Rep\u00fablica<\/title>\n<meta name=\"description\" content=\"CIUDAD DE M\u00c8XICO. \u0336 \u0336\u00a0 \u00a0\u201cLa transformaci\u00f3n m\u00e1s importante, para M\u00e9xico, es la del poder judicial, no hay pa\u00eds del mundo que elija por voto directo a todos En Sonora en Equipo publicamos toda la informaci\u00f3n de Sonora, M\u00e9xico y el Mundo de manera oportuna y busca que la libertad de expresi\u00f3n sea real. Visita nuestro medio informativo publicado desde Hermosillo, Sonora. %\" \/>\n<meta name=\"robots\" content=\"index, follow, max-snippet:-1, max-image-preview:large, max-video-preview:-1\" \/>\n<link rel=\"canonical\" href=\"https:\/\/www.sonoraenequipo.com.mx\/norona-da-conferencia-en-la-unam-sobre-el-poder-judicial-y-la-soberania-popular\/\" \/>\n<meta property=\"og:locale\" content=\"es_ES\" \/>\n<meta property=\"og:type\" content=\"article\" \/>\n<meta property=\"og:title\" content=\"Sonora en Equipo. Noro\u00f1a da conferencia en la UNAM sobre el poder judicial y la soberan\u00eda popular Rep\u00fablica\" \/>\n<meta property=\"og:description\" content=\"CIUDAD DE M\u00c8XICO. \u0336 \u0336\u00a0 \u00a0\u201cLa transformaci\u00f3n m\u00e1s importante, para M\u00e9xico, es la del poder judicial, no hay pa\u00eds del mundo que elija por voto directo a todos En Sonora en Equipo publicamos toda la informaci\u00f3n de Sonora, M\u00e9xico y el Mundo de manera oportuna y busca que la libertad de expresi\u00f3n sea real. Visita nuestro medio informativo publicado desde Hermosillo, Sonora. %\" \/>\n<meta property=\"og:url\" content=\"https:\/\/www.sonoraenequipo.com.mx\/norona-da-conferencia-en-la-unam-sobre-el-poder-judicial-y-la-soberania-popular\/\" \/>\n<meta property=\"og:site_name\" content=\"Sonora en Equipo.\" \/>\n<meta property=\"article:publisher\" content=\"https:\/\/www.facebook.com\/SonoraEE\/\" \/>\n<meta property=\"article:author\" content=\"https:\/\/www.facebook.com\/SonoraEE\" \/>\n<meta property=\"article:published_time\" content=\"2024-11-21T20:28:48+00:00\" \/>\n<meta property=\"og:image\" content=\"https:\/\/www.sonoraenequipo.com.mx\/storage\/2024\/11\/norona-unam.jpg\" \/>\n\t<meta property=\"og:image:width\" content=\"600\" \/>\n\t<meta property=\"og:image:height\" content=\"400\" \/>\n\t<meta property=\"og:image:type\" content=\"image\/jpeg\" \/>\n<meta name=\"author\" content=\"enequipo\" \/>\n<meta name=\"twitter:card\" content=\"summary_large_image\" \/>\n<meta name=\"twitter:creator\" content=\"@sonoraenequipo\" \/>\n<meta name=\"twitter:site\" content=\"@sonoraenequipo\" \/>\n<meta name=\"twitter:label1\" content=\"Escrito por\" \/>\n\t<meta name=\"twitter:data1\" content=\"enequipo\" \/>\n\t<meta name=\"twitter:label2\" content=\"Tiempo de lectura\" \/>\n\t<meta name=\"twitter:data2\" content=\"3 minutos\" \/>\n<script type=\"application\/ld+json\" class=\"yoast-schema-graph\">{\"@context\":\"https:\/\/schema.org\",\"@graph\":[{\"@type\":\"Article\",\"@id\":\"https:\/\/www.sonoraenequipo.com.mx\/norona-da-conferencia-en-la-unam-sobre-el-poder-judicial-y-la-soberania-popular\/#article\",\"isPartOf\":{\"@id\":\"https:\/\/www.sonoraenequipo.com.mx\/norona-da-conferencia-en-la-unam-sobre-el-poder-judicial-y-la-soberania-popular\/\"},\"author\":{\"name\":\"enequipo\",\"@id\":\"https:\/\/www.sonoraenequipo.com.mx\/#\/schema\/person\/50102df0fb23a8fa9e8effad8fa81386\"},\"headline\":\"Noro\u00f1a da conferencia en la UNAM sobre el poder judicial y la soberan\u00eda popular\",\"datePublished\":\"2024-11-21T20:28:48+00:00\",\"mainEntityOfPage\":{\"@id\":\"https:\/\/www.sonoraenequipo.com.mx\/norona-da-conferencia-en-la-unam-sobre-el-poder-judicial-y-la-soberania-popular\/\"},\"wordCount\":633,\"commentCount\":0,\"publisher\":{\"@id\":\"https:\/\/www.sonoraenequipo.com.mx\/#organization\"},\"image\":{\"@id\":\"https:\/\/www.sonoraenequipo.com.mx\/norona-da-conferencia-en-la-unam-sobre-el-poder-judicial-y-la-soberania-popular\/#primaryimage\"},\"thumbnailUrl\":\"https:\/\/www.sonoraenequipo.com.mx\/storage\/2024\/11\/norona-unam.jpg\",\"keywords\":[\"NORO\u00d1A\"],\"articleSection\":[\"Rep\u00fablica\"],\"inLanguage\":\"es\",\"potentialAction\":[{\"@type\":\"CommentAction\",\"name\":\"Comment\",\"target\":[\"https:\/\/www.sonoraenequipo.com.mx\/norona-da-conferencia-en-la-unam-sobre-el-poder-judicial-y-la-soberania-popular\/#respond\"]}]},{\"@type\":\"WebPage\",\"@id\":\"https:\/\/www.sonoraenequipo.com.mx\/norona-da-conferencia-en-la-unam-sobre-el-poder-judicial-y-la-soberania-popular\/\",\"url\":\"https:\/\/www.sonoraenequipo.com.mx\/norona-da-conferencia-en-la-unam-sobre-el-poder-judicial-y-la-soberania-popular\/\",\"name\":\"Sonora en Equipo. Noro\u00f1a da conferencia en la UNAM sobre el poder judicial y la soberan\u00eda popular Rep\u00fablica\",\"isPartOf\":{\"@id\":\"https:\/\/www.sonoraenequipo.com.mx\/#website\"},\"primaryImageOfPage\":{\"@id\":\"https:\/\/www.sonoraenequipo.com.mx\/norona-da-conferencia-en-la-unam-sobre-el-poder-judicial-y-la-soberania-popular\/#primaryimage\"},\"image\":{\"@id\":\"https:\/\/www.sonoraenequipo.com.mx\/norona-da-conferencia-en-la-unam-sobre-el-poder-judicial-y-la-soberania-popular\/#primaryimage\"},\"thumbnailUrl\":\"https:\/\/www.sonoraenequipo.com.mx\/storage\/2024\/11\/norona-unam.jpg\",\"datePublished\":\"2024-11-21T20:28:48+00:00\",\"description\":\"CIUDAD DE M\u00c8XICO. \u0336 \u0336\u00a0 \u00a0\u201cLa transformaci\u00f3n m\u00e1s importante, para M\u00e9xico, es la del poder judicial, no hay pa\u00eds del mundo que elija por voto directo a todos En Sonora en Equipo publicamos toda la informaci\u00f3n de Sonora, M\u00e9xico y el Mundo de manera oportuna y busca que la libertad de expresi\u00f3n sea real. Visita nuestro medio informativo publicado desde Hermosillo, Sonora. %\",\"breadcrumb\":{\"@id\":\"https:\/\/www.sonoraenequipo.com.mx\/norona-da-conferencia-en-la-unam-sobre-el-poder-judicial-y-la-soberania-popular\/#breadcrumb\"},\"inLanguage\":\"es\",\"potentialAction\":[{\"@type\":\"ReadAction\",\"target\":[\"https:\/\/www.sonoraenequipo.com.mx\/norona-da-conferencia-en-la-unam-sobre-el-poder-judicial-y-la-soberania-popular\/\"]}]},{\"@type\":\"ImageObject\",\"inLanguage\":\"es\",\"@id\":\"https:\/\/www.sonoraenequipo.com.mx\/norona-da-conferencia-en-la-unam-sobre-el-poder-judicial-y-la-soberania-popular\/#primaryimage\",\"url\":\"https:\/\/www.sonoraenequipo.com.mx\/storage\/2024\/11\/norona-unam.jpg\",\"contentUrl\":\"https:\/\/www.sonoraenequipo.com.mx\/storage\/2024\/11\/norona-unam.jpg\",\"width\":600,\"height\":400},{\"@type\":\"BreadcrumbList\",\"@id\":\"https:\/\/www.sonoraenequipo.com.mx\/norona-da-conferencia-en-la-unam-sobre-el-poder-judicial-y-la-soberania-popular\/#breadcrumb\",\"itemListElement\":[{\"@type\":\"ListItem\",\"position\":1,\"name\":\"Portada\",\"item\":\"https:\/\/www.sonoraenequipo.com.mx\/\"},{\"@type\":\"ListItem\",\"position\":2,\"name\":\"Noro\u00f1a da conferencia en la UNAM sobre el poder judicial y la soberan\u00eda popular\"}]},{\"@type\":\"WebSite\",\"@id\":\"https:\/\/www.sonoraenequipo.com.mx\/#website\",\"url\":\"https:\/\/www.sonoraenequipo.com.mx\/\",\"name\":\"Sonora en Equipo.\",\"description\":\"Diario en l\u00ednea con Noticias desde Hermosillo, Sonora\",\"publisher\":{\"@id\":\"https:\/\/www.sonoraenequipo.com.mx\/#organization\"},\"potentialAction\":[{\"@type\":\"SearchAction\",\"target\":{\"@type\":\"EntryPoint\",\"urlTemplate\":\"https:\/\/www.sonoraenequipo.com.mx\/?s={search_term_string}\"},\"query-input\":{\"@type\":\"PropertyValueSpecification\",\"valueRequired\":true,\"valueName\":\"search_term_string\"}}],\"inLanguage\":\"es\"},{\"@type\":\"Organization\",\"@id\":\"https:\/\/www.sonoraenequipo.com.mx\/#organization\",\"name\":\"Sonoraenequipo.com.mx\",\"url\":\"https:\/\/www.sonoraenequipo.com.mx\/\",\"logo\":{\"@type\":\"ImageObject\",\"inLanguage\":\"es\",\"@id\":\"https:\/\/www.sonoraenequipo.com.mx\/#\/schema\/logo\/image\/\",\"url\":\"https:\/\/www.sonoraenequipo.com.mx\/storage\/2019\/01\/sonoraenequipo_opt.png\",\"contentUrl\":\"https:\/\/www.sonoraenequipo.com.mx\/storage\/2019\/01\/sonoraenequipo_opt.png\",\"width\":375,\"height\":125,\"caption\":\"Sonoraenequipo.com.mx\"},\"image\":{\"@id\":\"https:\/\/www.sonoraenequipo.com.mx\/#\/schema\/logo\/image\/\"},\"sameAs\":[\"https:\/\/www.facebook.com\/SonoraEE\/\",\"https:\/\/x.com\/sonoraenequipo\",\"https:\/\/www.youtube.com\/channel\/UC338nW-lPEYmJQs4ZABQ1SQ\"]},{\"@type\":\"Person\",\"@id\":\"https:\/\/www.sonoraenequipo.com.mx\/#\/schema\/person\/50102df0fb23a8fa9e8effad8fa81386\",\"name\":\"enequipo\",\"image\":{\"@type\":\"ImageObject\",\"inLanguage\":\"es\",\"@id\":\"https:\/\/www.sonoraenequipo.com.mx\/#\/schema\/person\/image\/\",\"url\":\"https:\/\/secure.gravatar.com\/avatar\/049821681b589dabc0bc20695993ccebb09f5b5d4d790cd9251b97faac7c652b?s=96&d=blank&r=g\",\"contentUrl\":\"https:\/\/secure.gravatar.com\/avatar\/049821681b589dabc0bc20695993ccebb09f5b5d4d790cd9251b97faac7c652b?s=96&d=blank&r=g\",\"caption\":\"enequipo\"},\"sameAs\":[\"https:\/\/www.facebook.com\/SonoraEE\"]}]}<\/script>\n ","yoast_head_json":{"title":"Sonora en Equipo. Noro\u00f1a da conferencia en la UNAM sobre el poder judicial y la soberan\u00eda popular Rep\u00fablica","description":"CIUDAD DE M\u00c8XICO. \u0336 \u0336\u00a0 \u00a0\u201cLa transformaci\u00f3n m\u00e1s importante, para M\u00e9xico, es la del poder judicial, no hay pa\u00eds del mundo que elija por voto directo a todos En Sonora en Equipo publicamos toda la informaci\u00f3n de Sonora, M\u00e9xico y el Mundo de manera oportuna y busca que la libertad de expresi\u00f3n sea real. Visita nuestro medio informativo publicado desde Hermosillo, Sonora. %","robots":{"index":"index","follow":"follow","max-snippet":"max-snippet:-1","max-image-preview":"max-image-preview:large","max-video-preview":"max-video-preview:-1"},"canonical":"https:\/\/www.sonoraenequipo.com.mx\/norona-da-conferencia-en-la-unam-sobre-el-poder-judicial-y-la-soberania-popular\/","og_locale":"es_ES","og_type":"article","og_title":"Sonora en Equipo. Noro\u00f1a da conferencia en la UNAM sobre el poder judicial y la soberan\u00eda popular Rep\u00fablica","og_description":"CIUDAD DE M\u00c8XICO. \u0336 \u0336\u00a0 \u00a0\u201cLa transformaci\u00f3n m\u00e1s importante, para M\u00e9xico, es la del poder judicial, no hay pa\u00eds del mundo que elija por voto directo a todos En Sonora en Equipo publicamos toda la informaci\u00f3n de Sonora, M\u00e9xico y el Mundo de manera oportuna y busca que la libertad de expresi\u00f3n sea real. Visita nuestro medio informativo publicado desde Hermosillo, Sonora. %","og_url":"https:\/\/www.sonoraenequipo.com.mx\/norona-da-conferencia-en-la-unam-sobre-el-poder-judicial-y-la-soberania-popular\/","og_site_name":"Sonora en Equipo.","article_publisher":"https:\/\/www.facebook.com\/SonoraEE\/","article_author":"https:\/\/www.facebook.com\/SonoraEE","article_published_time":"2024-11-21T20:28:48+00:00","og_image":[{"width":600,"height":400,"url":"https:\/\/www.sonoraenequipo.com.mx\/storage\/2024\/11\/norona-unam.jpg","type":"image\/jpeg"}],"author":"enequipo","twitter_card":"summary_large_image","twitter_creator":"@sonoraenequipo","twitter_site":"@sonoraenequipo","twitter_misc":{"Escrito por":"enequipo","Tiempo de lectura":"3 minutos"},"schema":{"@context":"https:\/\/schema.org","@graph":[{"@type":"Article","@id":"https:\/\/www.sonoraenequipo.com.mx\/norona-da-conferencia-en-la-unam-sobre-el-poder-judicial-y-la-soberania-popular\/#article","isPartOf":{"@id":"https:\/\/www.sonoraenequipo.com.mx\/norona-da-conferencia-en-la-unam-sobre-el-poder-judicial-y-la-soberania-popular\/"},"author":{"name":"enequipo","@id":"https:\/\/www.sonoraenequipo.com.mx\/#\/schema\/person\/50102df0fb23a8fa9e8effad8fa81386"},"headline":"Noro\u00f1a da conferencia en la UNAM sobre el poder judicial y la soberan\u00eda popular","datePublished":"2024-11-21T20:28:48+00:00","mainEntityOfPage":{"@id":"https:\/\/www.sonoraenequipo.com.mx\/norona-da-conferencia-en-la-unam-sobre-el-poder-judicial-y-la-soberania-popular\/"},"wordCount":633,"commentCount":0,"publisher":{"@id":"https:\/\/www.sonoraenequipo.com.mx\/#organization"},"image":{"@id":"https:\/\/www.sonoraenequipo.com.mx\/norona-da-conferencia-en-la-unam-sobre-el-poder-judicial-y-la-soberania-popular\/#primaryimage"},"thumbnailUrl":"https:\/\/www.sonoraenequipo.com.mx\/storage\/2024\/11\/norona-unam.jpg","keywords":["NORO\u00d1A"],"articleSection":["Rep\u00fablica"],"inLanguage":"es","potentialAction":[{"@type":"CommentAction","name":"Comment","target":["https:\/\/www.sonoraenequipo.com.mx\/norona-da-conferencia-en-la-unam-sobre-el-poder-judicial-y-la-soberania-popular\/#respond"]}]},{"@type":"WebPage","@id":"https:\/\/www.sonoraenequipo.com.mx\/norona-da-conferencia-en-la-unam-sobre-el-poder-judicial-y-la-soberania-popular\/","url":"https:\/\/www.sonoraenequipo.com.mx\/norona-da-conferencia-en-la-unam-sobre-el-poder-judicial-y-la-soberania-popular\/","name":"Sonora en Equipo. Noro\u00f1a da conferencia en la UNAM sobre el poder judicial y la soberan\u00eda popular Rep\u00fablica","isPartOf":{"@id":"https:\/\/www.sonoraenequipo.com.mx\/#website"},"primaryImageOfPage":{"@id":"https:\/\/www.sonoraenequipo.com.mx\/norona-da-conferencia-en-la-unam-sobre-el-poder-judicial-y-la-soberania-popular\/#primaryimage"},"image":{"@id":"https:\/\/www.sonoraenequipo.com.mx\/norona-da-conferencia-en-la-unam-sobre-el-poder-judicial-y-la-soberania-popular\/#primaryimage"},"thumbnailUrl":"https:\/\/www.sonoraenequipo.com.mx\/storage\/2024\/11\/norona-unam.jpg","datePublished":"2024-11-21T20:28:48+00:00","description":"CIUDAD DE M\u00c8XICO. \u0336 \u0336\u00a0 \u00a0\u201cLa transformaci\u00f3n m\u00e1s importante, para M\u00e9xico, es la del poder judicial, no hay pa\u00eds del mundo que elija por voto directo a todos En Sonora en Equipo publicamos toda la informaci\u00f3n de Sonora, M\u00e9xico y el Mundo de manera oportuna y busca que la libertad de expresi\u00f3n sea real. Visita nuestro medio informativo publicado desde Hermosillo, Sonora. %","breadcrumb":{"@id":"https:\/\/www.sonoraenequipo.com.mx\/norona-da-conferencia-en-la-unam-sobre-el-poder-judicial-y-la-soberania-popular\/#breadcrumb"},"inLanguage":"es","potentialAction":[{"@type":"ReadAction","target":["https:\/\/www.sonoraenequipo.com.mx\/norona-da-conferencia-en-la-unam-sobre-el-poder-judicial-y-la-soberania-popular\/"]}]},{"@type":"ImageObject","inLanguage":"es","@id":"https:\/\/www.sonoraenequipo.com.mx\/norona-da-conferencia-en-la-unam-sobre-el-poder-judicial-y-la-soberania-popular\/#primaryimage","url":"https:\/\/www.sonoraenequipo.com.mx\/storage\/2024\/11\/norona-unam.jpg","contentUrl":"https:\/\/www.sonoraenequipo.com.mx\/storage\/2024\/11\/norona-unam.jpg","width":600,"height":400},{"@type":"BreadcrumbList","@id":"https:\/\/www.sonoraenequipo.com.mx\/norona-da-conferencia-en-la-unam-sobre-el-poder-judicial-y-la-soberania-popular\/#breadcrumb","itemListElement":[{"@type":"ListItem","position":1,"name":"Portada","item":"https:\/\/www.sonoraenequipo.com.mx\/"},{"@type":"ListItem","position":2,"name":"Noro\u00f1a da conferencia en la UNAM sobre el poder judicial y la soberan\u00eda popular"}]},{"@type":"WebSite","@id":"https:\/\/www.sonoraenequipo.com.mx\/#website","url":"https:\/\/www.sonoraenequipo.com.mx\/","name":"Sonora en Equipo.","description":"Diario en l\u00ednea con Noticias desde Hermosillo, Sonora","publisher":{"@id":"https:\/\/www.sonoraenequipo.com.mx\/#organization"},"potentialAction":[{"@type":"SearchAction","target":{"@type":"EntryPoint","urlTemplate":"https:\/\/www.sonoraenequipo.com.mx\/?s={search_term_string}"},"query-input":{"@type":"PropertyValueSpecification","valueRequired":true,"valueName":"search_term_string"}}],"inLanguage":"es"},{"@type":"Organization","@id":"https:\/\/www.sonoraenequipo.com.mx\/#organization","name":"Sonoraenequipo.com.mx","url":"https:\/\/www.sonoraenequipo.com.mx\/","logo":{"@type":"ImageObject","inLanguage":"es","@id":"https:\/\/www.sonoraenequipo.com.mx\/#\/schema\/logo\/image\/","url":"https:\/\/www.sonoraenequipo.com.mx\/storage\/2019\/01\/sonoraenequipo_opt.png","contentUrl":"https:\/\/www.sonoraenequipo.com.mx\/storage\/2019\/01\/sonoraenequipo_opt.png","width":375,"height":125,"caption":"Sonoraenequipo.com.mx"},"image":{"@id":"https:\/\/www.sonoraenequipo.com.mx\/#\/schema\/logo\/image\/"},"sameAs":["https:\/\/www.facebook.com\/SonoraEE\/","https:\/\/x.com\/sonoraenequipo","https:\/\/www.youtube.com\/channel\/UC338nW-lPEYmJQs4ZABQ1SQ"]},{"@type":"Person","@id":"https:\/\/www.sonoraenequipo.com.mx\/#\/schema\/person\/50102df0fb23a8fa9e8effad8fa81386","name":"enequipo","image":{"@type":"ImageObject","inLanguage":"es","@id":"https:\/\/www.sonoraenequipo.com.mx\/#\/schema\/person\/image\/","url":"https:\/\/secure.gravatar.com\/avatar\/049821681b589dabc0bc20695993ccebb09f5b5d4d790cd9251b97faac7c652b?s=96&d=blank&r=g","contentUrl":"https:\/\/secure.gravatar.com\/avatar\/049821681b589dabc0bc20695993ccebb09f5b5d4d790cd9251b97faac7c652b?s=96&d=blank&r=g","caption":"enequipo"},"sameAs":["https:\/\/www.facebook.com\/SonoraEE"]}]}},"jetpack_featured_media_url":"https:\/\/www.sonoraenequipo.com.mx\/storage\/2024\/11\/norona-unam.jpg","_links":{"self":[{"href":"https:\/\/www.sonoraenequipo.com.mx\/api\/wp\/v2\/posts\/204593","targetHints":{"allow":["GET"]}}],"collection":[{"href":"https:\/\/www.sonoraenequipo.com.mx\/api\/wp\/v2\/posts"}],"about":[{"href":"https:\/\/www.sonoraenequipo.com.mx\/api\/wp\/v2\/types\/post"}],"author":[{"embeddable":true,"href":"https:\/\/www.sonoraenequipo.com.mx\/api\/wp\/v2\/users\/1"}],"replies":[{"embeddable":true,"href":"https:\/\/www.sonoraenequipo.com.mx\/api\/wp\/v2\/comments?post=204593"}],"version-history":[{"count":1,"href":"https:\/\/www.sonoraenequipo.com.mx\/api\/wp\/v2\/posts\/204593\/revisions"}],"predecessor-version":[{"id":204596,"href":"https:\/\/www.sonoraenequipo.com.mx\/api\/wp\/v2\/posts\/204593\/revisions\/204596"}],"wp:featuredmedia":[{"embeddable":true,"href":"https:\/\/www.sonoraenequipo.com.mx\/api\/wp\/v2\/media\/204595"}],"wp:attachment":[{"href":"https:\/\/www.sonoraenequipo.com.mx\/api\/wp\/v2\/media?parent=204593"}],"wp:term":[{"taxonomy":"category","embeddable":true,"href":"https:\/\/www.sonoraenequipo.com.mx\/api\/wp\/v2\/categories?post=204593"},{"taxonomy":"post_tag","embeddable":true,"href":"https:\/\/www.sonoraenequipo.com.mx\/api\/wp\/v2\/tags?post=204593"}],"curies":[{"name":"wp","href":"https:\/\/api.w.org\/{rel}","templated":true}]}}