{"id":204601,"date":"2024-11-21T14:08:19","date_gmt":"2024-11-21T21:08:19","guid":{"rendered":"https:\/\/www.sonoraenequipo.com.mx\/?p=204601"},"modified":"2024-11-21T14:08:19","modified_gmt":"2024-11-21T21:08:19","slug":"jge-del-ine-aprueba-plan-y-calendario-electoral-para-eleccion-en-el-pjf","status":"publish","type":"post","link":"https:\/\/www.sonoraenequipo.com.mx\/jge-del-ine-aprueba-plan-y-calendario-electoral-para-eleccion-en-el-pjf\/","title":{"rendered":"JGE del INE aprueba plan y  calendario electoral para elecci\u00f3n  en el PJF"},"content":{"rendered":"<p><strong>CIUDAD DE M\u00c9XICO, MX.<\/strong><strong> \u0336 \u0336\u00a0 <\/strong>La Junta General Ejecutiva (JGE) del Instituto Nacional Electoral (INE) aprob\u00f3 someter a consideraci\u00f3n del Consejo General el Plan Integral y Calendario del Proceso Electoral Extraordinario para la elecci\u00f3n de diversos cargos del Poder Judicial de la Federaci\u00f3n (PEEPJF) 2024-2025 y la Metodolog\u00eda de seguimiento.<\/p>\n<p>&nbsp;<\/p>\n<p>El acuerdo propone la aprobaci\u00f3n de la herramienta principal de planeaci\u00f3n, coordinaci\u00f3n, ejecuci\u00f3n, seguimiento y control de las actividades que realizar\u00e1 el Instituto en las seis etapas que marca la ley para la organizaci\u00f3n de la primera elecci\u00f3n judicial en el pa\u00eds. Consiste en un total de 380 actividades que incluyen las etapas de preparaci\u00f3n, convocatoria y postulaci\u00f3n de candidaturas, Jornada Electoral, c\u00f3mputos, asignaci\u00f3n de cargos, calificaci\u00f3n y declaraci\u00f3n de validez de la elecci\u00f3n.<\/p>\n<p>&nbsp;<\/p>\n<p>El Plan Integral y Calendario es producto de una cercana coordinaci\u00f3n y colaboraci\u00f3n institucional, la cual permite organizar procesos electorales con los mejores est\u00e1ndares de calidad y confiabilidad. Las 380 actividades se basan en las atribuciones que fueron conferidas al INE en la Constituci\u00f3n Pol\u00edtica de los Estados Unidos Mexicanos y en la Ley General de Instituciones y Procedimientos Electorales.<\/p>\n<p>&nbsp;<\/p>\n<p>En el PEEPJF 2024-2025, se elegir\u00e1n un total de 881 cargos judiciales a nivel federal. Entre \u00e9stos, se cuentan con tres elecciones a nivel nacional, una a nivel circunscripci\u00f3n electoral y dos a nivel circuito judicial.<\/p>\n<p>&nbsp;<\/p>\n<p>El Plan Integral y Calendario permite contar con un seguimiento puntual de fechas de ejecuci\u00f3n, as\u00ed como con una metodolog\u00eda de seguimiento que permite llevar un control estricto del avance de las actividades a cargo de las diversas \u00e1reas del INE. Como parte de sus puntos resolutivos, el acuerdo instruye someter el Plan Integral y Calendario a consideraci\u00f3n del Consejo General, que ser\u00e1 responsable de su aprobaci\u00f3n final.<\/p>\n<p>&nbsp;<\/p>\n<p>Tambi\u00e9n se instruye a la Direcci\u00f3n Ejecutiva de Organizaci\u00f3n Electoral (DEOE) a presentar ante la JGE, un informe final que contenga los resultados del seguimiento al Plan Integral y Calendario, dentro de los cinco d\u00edas h\u00e1biles siguientes a la culminaci\u00f3n del PEEPJF 2024-2025. Dicho informe deber\u00e1 contener oportunidades de mejora para futuros procesos electorales, reflejando el compromiso del INE con el profesionalismo y la excelencia en la organizaci\u00f3n de elecciones.<\/p>\n<p>&nbsp;<\/p>\n<p>En otro punto de la sesi\u00f3n, el \u00f3rgano colegiado determin\u00f3 la transferencia de los recursos humanos, financieros, materiales e inform\u00e1ticos, as\u00ed como los asuntos en tr\u00e1mite de la Direcci\u00f3n Jur\u00eddica, a la Direcci\u00f3n Ejecutiva de Asuntos Jur\u00eddicos del INE.<\/p>\n<p><strong>Fecha de publicaci\u00f3n jueves 21 \u00a0de noviembre de 2024 \/ <\/strong><\/p>\n","protected":false},"excerpt":{"rendered":"<p>CIUDAD DE M\u00c9XICO, MX. \u0336 \u0336\u00a0 La Junta General Ejecutiva (JGE) del Instituto Nacional Electoral&#8230;<\/p>\n","protected":false},"author":1,"featured_media":203216,"comment_status":"open","ping_status":"open","sticky":false,"template":"","format":"standard","meta":{"_monsterinsights_skip_tracking":false,"_monsterinsights_sitenote_active":false,"_monsterinsights_sitenote_note":"","_monsterinsights_sitenote_category":0,"footnotes":""},"categories":[5],"tags":[5339,8019],"class_list":["post"],"yoast_head":" \n<title>Sonora en Equipo. JGE del INE aprueba plan y calendario electoral para elecci\u00f3n en el PJF Rep\u00fablica<\/title>\n<meta name=\"description\" content=\"CIUDAD DE M\u00c9XICO, MX. \u0336 \u0336\u00a0 La Junta General Ejecutiva (JGE) del Instituto Nacional Electoral (INE) aprob\u00f3 someter a consideraci\u00f3n del Consejo General el En Sonora en Equipo publicamos toda la informaci\u00f3n de Sonora, M\u00e9xico y el Mundo de manera oportuna y busca que la libertad de expresi\u00f3n sea real. Visita nuestro medio informativo publicado desde Hermosillo, Sonora. %\" \/>\n<meta name=\"robots\" content=\"index, follow, max-snippet:-1, max-image-preview:large, max-video-preview:-1\" \/>\n<link rel=\"canonical\" href=\"https:\/\/www.sonoraenequipo.com.mx\/jge-del-ine-aprueba-plan-y-calendario-electoral-para-eleccion-en-el-pjf\/\" \/>\n<meta property=\"og:locale\" content=\"es_ES\" \/>\n<meta property=\"og:type\" content=\"article\" \/>\n<meta property=\"og:title\" content=\"Sonora en Equipo. JGE del INE aprueba plan y calendario electoral para elecci\u00f3n en el PJF Rep\u00fablica\" \/>\n<meta property=\"og:description\" content=\"CIUDAD DE M\u00c9XICO, MX. \u0336 \u0336\u00a0 La Junta General Ejecutiva (JGE) del Instituto Nacional Electoral (INE) aprob\u00f3 someter a consideraci\u00f3n del Consejo General el En Sonora en Equipo publicamos toda la informaci\u00f3n de Sonora, M\u00e9xico y el Mundo de manera oportuna y busca que la libertad de expresi\u00f3n sea real. Visita nuestro medio informativo publicado desde Hermosillo, Sonora. %\" \/>\n<meta property=\"og:url\" content=\"https:\/\/www.sonoraenequipo.com.mx\/jge-del-ine-aprueba-plan-y-calendario-electoral-para-eleccion-en-el-pjf\/\" \/>\n<meta property=\"og:site_name\" content=\"Sonora en Equipo.\" \/>\n<meta property=\"article:publisher\" content=\"https:\/\/www.facebook.com\/SonoraEE\/\" \/>\n<meta property=\"article:author\" content=\"https:\/\/www.facebook.com\/SonoraEE\" \/>\n<meta property=\"article:published_time\" content=\"2024-11-21T21:08:19+00:00\" \/>\n<meta property=\"og:image\" content=\"https:\/\/www.sonoraenequipo.com.mx\/storage\/2024\/11\/ine-fachada.jpg\" \/>\n\t<meta property=\"og:image:width\" content=\"600\" \/>\n\t<meta property=\"og:image:height\" content=\"369\" \/>\n\t<meta property=\"og:image:type\" content=\"image\/jpeg\" \/>\n<meta name=\"author\" content=\"enequipo\" \/>\n<meta name=\"twitter:card\" content=\"summary_large_image\" \/>\n<meta name=\"twitter:creator\" content=\"@sonoraenequipo\" \/>\n<meta name=\"twitter:site\" content=\"@sonoraenequipo\" \/>\n<meta name=\"twitter:label1\" content=\"Escrito por\" \/>\n\t<meta name=\"twitter:data1\" content=\"enequipo\" \/>\n\t<meta name=\"twitter:label2\" content=\"Tiempo de lectura\" \/>\n\t<meta name=\"twitter:data2\" content=\"2 minutos\" \/>\n<script type=\"application\/ld+json\" class=\"yoast-schema-graph\">{\"@context\":\"https:\/\/schema.org\",\"@graph\":[{\"@type\":\"Article\",\"@id\":\"https:\/\/www.sonoraenequipo.com.mx\/jge-del-ine-aprueba-plan-y-calendario-electoral-para-eleccion-en-el-pjf\/#article\",\"isPartOf\":{\"@id\":\"https:\/\/www.sonoraenequipo.com.mx\/jge-del-ine-aprueba-plan-y-calendario-electoral-para-eleccion-en-el-pjf\/\"},\"author\":{\"name\":\"enequipo\",\"@id\":\"https:\/\/www.sonoraenequipo.com.mx\/#\/schema\/person\/50102df0fb23a8fa9e8effad8fa81386\"},\"headline\":\"JGE del INE aprueba plan y calendario electoral para elecci\u00f3n en el PJF\",\"datePublished\":\"2024-11-21T21:08:19+00:00\",\"mainEntityOfPage\":{\"@id\":\"https:\/\/www.sonoraenequipo.com.mx\/jge-del-ine-aprueba-plan-y-calendario-electoral-para-eleccion-en-el-pjf\/\"},\"wordCount\":465,\"commentCount\":0,\"publisher\":{\"@id\":\"https:\/\/www.sonoraenequipo.com.mx\/#organization\"},\"image\":{\"@id\":\"https:\/\/www.sonoraenequipo.com.mx\/jge-del-ine-aprueba-plan-y-calendario-electoral-para-eleccion-en-el-pjf\/#primaryimage\"},\"thumbnailUrl\":\"https:\/\/www.sonoraenequipo.com.mx\/storage\/2024\/11\/ine-fachada.jpg\",\"keywords\":[\"eleccion\",\"PJF\"],\"articleSection\":[\"Rep\u00fablica\"],\"inLanguage\":\"es\",\"potentialAction\":[{\"@type\":\"CommentAction\",\"name\":\"Comment\",\"target\":[\"https:\/\/www.sonoraenequipo.com.mx\/jge-del-ine-aprueba-plan-y-calendario-electoral-para-eleccion-en-el-pjf\/#respond\"]}]},{\"@type\":\"WebPage\",\"@id\":\"https:\/\/www.sonoraenequipo.com.mx\/jge-del-ine-aprueba-plan-y-calendario-electoral-para-eleccion-en-el-pjf\/\",\"url\":\"https:\/\/www.sonoraenequipo.com.mx\/jge-del-ine-aprueba-plan-y-calendario-electoral-para-eleccion-en-el-pjf\/\",\"name\":\"Sonora en Equipo. JGE del INE aprueba plan y calendario electoral para elecci\u00f3n en el PJF Rep\u00fablica\",\"isPartOf\":{\"@id\":\"https:\/\/www.sonoraenequipo.com.mx\/#website\"},\"primaryImageOfPage\":{\"@id\":\"https:\/\/www.sonoraenequipo.com.mx\/jge-del-ine-aprueba-plan-y-calendario-electoral-para-eleccion-en-el-pjf\/#primaryimage\"},\"image\":{\"@id\":\"https:\/\/www.sonoraenequipo.com.mx\/jge-del-ine-aprueba-plan-y-calendario-electoral-para-eleccion-en-el-pjf\/#primaryimage\"},\"thumbnailUrl\":\"https:\/\/www.sonoraenequipo.com.mx\/storage\/2024\/11\/ine-fachada.jpg\",\"datePublished\":\"2024-11-21T21:08:19+00:00\",\"description\":\"CIUDAD DE M\u00c9XICO, MX. \u0336 \u0336\u00a0 La Junta General Ejecutiva (JGE) del Instituto Nacional Electoral (INE) aprob\u00f3 someter a consideraci\u00f3n del Consejo General el En Sonora en Equipo publicamos toda la informaci\u00f3n de Sonora, M\u00e9xico y el Mundo de manera oportuna y busca que la libertad de expresi\u00f3n sea real. Visita nuestro medio informativo publicado desde Hermosillo, Sonora. %\",\"breadcrumb\":{\"@id\":\"https:\/\/www.sonoraenequipo.com.mx\/jge-del-ine-aprueba-plan-y-calendario-electoral-para-eleccion-en-el-pjf\/#breadcrumb\"},\"inLanguage\":\"es\",\"potentialAction\":[{\"@type\":\"ReadAction\",\"target\":[\"https:\/\/www.sonoraenequipo.com.mx\/jge-del-ine-aprueba-plan-y-calendario-electoral-para-eleccion-en-el-pjf\/\"]}]},{\"@type\":\"ImageObject\",\"inLanguage\":\"es\",\"@id\":\"https:\/\/www.sonoraenequipo.com.mx\/jge-del-ine-aprueba-plan-y-calendario-electoral-para-eleccion-en-el-pjf\/#primaryimage\",\"url\":\"https:\/\/www.sonoraenequipo.com.mx\/storage\/2024\/11\/ine-fachada.jpg\",\"contentUrl\":\"https:\/\/www.sonoraenequipo.com.mx\/storage\/2024\/11\/ine-fachada.jpg\",\"width\":600,\"height\":369},{\"@type\":\"BreadcrumbList\",\"@id\":\"https:\/\/www.sonoraenequipo.com.mx\/jge-del-ine-aprueba-plan-y-calendario-electoral-para-eleccion-en-el-pjf\/#breadcrumb\",\"itemListElement\":[{\"@type\":\"ListItem\",\"position\":1,\"name\":\"Portada\",\"item\":\"https:\/\/www.sonoraenequipo.com.mx\/\"},{\"@type\":\"ListItem\",\"position\":2,\"name\":\"JGE del INE aprueba plan y calendario electoral para elecci\u00f3n en el PJF\"}]},{\"@type\":\"WebSite\",\"@id\":\"https:\/\/www.sonoraenequipo.com.mx\/#website\",\"url\":\"https:\/\/www.sonoraenequipo.com.mx\/\",\"name\":\"Sonora en Equipo.\",\"description\":\"Diario en l\u00ednea con Noticias desde Hermosillo, Sonora\",\"publisher\":{\"@id\":\"https:\/\/www.sonoraenequipo.com.mx\/#organization\"},\"potentialAction\":[{\"@type\":\"SearchAction\",\"target\":{\"@type\":\"EntryPoint\",\"urlTemplate\":\"https:\/\/www.sonoraenequipo.com.mx\/?s={search_term_string}\"},\"query-input\":{\"@type\":\"PropertyValueSpecification\",\"valueRequired\":true,\"valueName\":\"search_term_string\"}}],\"inLanguage\":\"es\"},{\"@type\":\"Organization\",\"@id\":\"https:\/\/www.sonoraenequipo.com.mx\/#organization\",\"name\":\"Sonoraenequipo.com.mx\",\"url\":\"https:\/\/www.sonoraenequipo.com.mx\/\",\"logo\":{\"@type\":\"ImageObject\",\"inLanguage\":\"es\",\"@id\":\"https:\/\/www.sonoraenequipo.com.mx\/#\/schema\/logo\/image\/\",\"url\":\"https:\/\/www.sonoraenequipo.com.mx\/storage\/2019\/01\/sonoraenequipo_opt.png\",\"contentUrl\":\"https:\/\/www.sonoraenequipo.com.mx\/storage\/2019\/01\/sonoraenequipo_opt.png\",\"width\":375,\"height\":125,\"caption\":\"Sonoraenequipo.com.mx\"},\"image\":{\"@id\":\"https:\/\/www.sonoraenequipo.com.mx\/#\/schema\/logo\/image\/\"},\"sameAs\":[\"https:\/\/www.facebook.com\/SonoraEE\/\",\"https:\/\/x.com\/sonoraenequipo\",\"https:\/\/www.youtube.com\/channel\/UC338nW-lPEYmJQs4ZABQ1SQ\"]},{\"@type\":\"Person\",\"@id\":\"https:\/\/www.sonoraenequipo.com.mx\/#\/schema\/person\/50102df0fb23a8fa9e8effad8fa81386\",\"name\":\"enequipo\",\"image\":{\"@type\":\"ImageObject\",\"inLanguage\":\"es\",\"@id\":\"https:\/\/www.sonoraenequipo.com.mx\/#\/schema\/person\/image\/\",\"url\":\"https:\/\/secure.gravatar.com\/avatar\/049821681b589dabc0bc20695993ccebb09f5b5d4d790cd9251b97faac7c652b?s=96&d=blank&r=g\",\"contentUrl\":\"https:\/\/secure.gravatar.com\/avatar\/049821681b589dabc0bc20695993ccebb09f5b5d4d790cd9251b97faac7c652b?s=96&d=blank&r=g\",\"caption\":\"enequipo\"},\"sameAs\":[\"https:\/\/www.facebook.com\/SonoraEE\"]}]}<\/script>\n ","yoast_head_json":{"title":"Sonora en Equipo. JGE del INE aprueba plan y calendario electoral para elecci\u00f3n en el PJF Rep\u00fablica","description":"CIUDAD DE M\u00c9XICO, MX. \u0336 \u0336\u00a0 La Junta General Ejecutiva (JGE) del Instituto Nacional Electoral (INE) aprob\u00f3 someter a consideraci\u00f3n del Consejo General el En Sonora en Equipo publicamos toda la informaci\u00f3n de Sonora, M\u00e9xico y el Mundo de manera oportuna y busca que la libertad de expresi\u00f3n sea real. Visita nuestro medio informativo publicado desde Hermosillo, Sonora. %","robots":{"index":"index","follow":"follow","max-snippet":"max-snippet:-1","max-image-preview":"max-image-preview:large","max-video-preview":"max-video-preview:-1"},"canonical":"https:\/\/www.sonoraenequipo.com.mx\/jge-del-ine-aprueba-plan-y-calendario-electoral-para-eleccion-en-el-pjf\/","og_locale":"es_ES","og_type":"article","og_title":"Sonora en Equipo. JGE del INE aprueba plan y calendario electoral para elecci\u00f3n en el PJF Rep\u00fablica","og_description":"CIUDAD DE M\u00c9XICO, MX. \u0336 \u0336\u00a0 La Junta General Ejecutiva (JGE) del Instituto Nacional Electoral (INE) aprob\u00f3 someter a consideraci\u00f3n del Consejo General el En Sonora en Equipo publicamos toda la informaci\u00f3n de Sonora, M\u00e9xico y el Mundo de manera oportuna y busca que la libertad de expresi\u00f3n sea real. Visita nuestro medio informativo publicado desde Hermosillo, Sonora. %","og_url":"https:\/\/www.sonoraenequipo.com.mx\/jge-del-ine-aprueba-plan-y-calendario-electoral-para-eleccion-en-el-pjf\/","og_site_name":"Sonora en Equipo.","article_publisher":"https:\/\/www.facebook.com\/SonoraEE\/","article_author":"https:\/\/www.facebook.com\/SonoraEE","article_published_time":"2024-11-21T21:08:19+00:00","og_image":[{"width":600,"height":369,"url":"https:\/\/www.sonoraenequipo.com.mx\/storage\/2024\/11\/ine-fachada.jpg","type":"image\/jpeg"}],"author":"enequipo","twitter_card":"summary_large_image","twitter_creator":"@sonoraenequipo","twitter_site":"@sonoraenequipo","twitter_misc":{"Escrito por":"enequipo","Tiempo de lectura":"2 minutos"},"schema":{"@context":"https:\/\/schema.org","@graph":[{"@type":"Article","@id":"https:\/\/www.sonoraenequipo.com.mx\/jge-del-ine-aprueba-plan-y-calendario-electoral-para-eleccion-en-el-pjf\/#article","isPartOf":{"@id":"https:\/\/www.sonoraenequipo.com.mx\/jge-del-ine-aprueba-plan-y-calendario-electoral-para-eleccion-en-el-pjf\/"},"author":{"name":"enequipo","@id":"https:\/\/www.sonoraenequipo.com.mx\/#\/schema\/person\/50102df0fb23a8fa9e8effad8fa81386"},"headline":"JGE del INE aprueba plan y calendario electoral para elecci\u00f3n en el PJF","datePublished":"2024-11-21T21:08:19+00:00","mainEntityOfPage":{"@id":"https:\/\/www.sonoraenequipo.com.mx\/jge-del-ine-aprueba-plan-y-calendario-electoral-para-eleccion-en-el-pjf\/"},"wordCount":465,"commentCount":0,"publisher":{"@id":"https:\/\/www.sonoraenequipo.com.mx\/#organization"},"image":{"@id":"https:\/\/www.sonoraenequipo.com.mx\/jge-del-ine-aprueba-plan-y-calendario-electoral-para-eleccion-en-el-pjf\/#primaryimage"},"thumbnailUrl":"https:\/\/www.sonoraenequipo.com.mx\/storage\/2024\/11\/ine-fachada.jpg","keywords":["eleccion","PJF"],"articleSection":["Rep\u00fablica"],"inLanguage":"es","potentialAction":[{"@type":"CommentAction","name":"Comment","target":["https:\/\/www.sonoraenequipo.com.mx\/jge-del-ine-aprueba-plan-y-calendario-electoral-para-eleccion-en-el-pjf\/#respond"]}]},{"@type":"WebPage","@id":"https:\/\/www.sonoraenequipo.com.mx\/jge-del-ine-aprueba-plan-y-calendario-electoral-para-eleccion-en-el-pjf\/","url":"https:\/\/www.sonoraenequipo.com.mx\/jge-del-ine-aprueba-plan-y-calendario-electoral-para-eleccion-en-el-pjf\/","name":"Sonora en Equipo. JGE del INE aprueba plan y calendario electoral para elecci\u00f3n en el PJF Rep\u00fablica","isPartOf":{"@id":"https:\/\/www.sonoraenequipo.com.mx\/#website"},"primaryImageOfPage":{"@id":"https:\/\/www.sonoraenequipo.com.mx\/jge-del-ine-aprueba-plan-y-calendario-electoral-para-eleccion-en-el-pjf\/#primaryimage"},"image":{"@id":"https:\/\/www.sonoraenequipo.com.mx\/jge-del-ine-aprueba-plan-y-calendario-electoral-para-eleccion-en-el-pjf\/#primaryimage"},"thumbnailUrl":"https:\/\/www.sonoraenequipo.com.mx\/storage\/2024\/11\/ine-fachada.jpg","datePublished":"2024-11-21T21:08:19+00:00","description":"CIUDAD DE M\u00c9XICO, MX. \u0336 \u0336\u00a0 La Junta General Ejecutiva (JGE) del Instituto Nacional Electoral (INE) aprob\u00f3 someter a consideraci\u00f3n del Consejo General el En Sonora en Equipo publicamos toda la informaci\u00f3n de Sonora, M\u00e9xico y el Mundo de manera oportuna y busca que la libertad de expresi\u00f3n sea real. Visita nuestro medio informativo publicado desde Hermosillo, Sonora. %","breadcrumb":{"@id":"https:\/\/www.sonoraenequipo.com.mx\/jge-del-ine-aprueba-plan-y-calendario-electoral-para-eleccion-en-el-pjf\/#breadcrumb"},"inLanguage":"es","potentialAction":[{"@type":"ReadAction","target":["https:\/\/www.sonoraenequipo.com.mx\/jge-del-ine-aprueba-plan-y-calendario-electoral-para-eleccion-en-el-pjf\/"]}]},{"@type":"ImageObject","inLanguage":"es","@id":"https:\/\/www.sonoraenequipo.com.mx\/jge-del-ine-aprueba-plan-y-calendario-electoral-para-eleccion-en-el-pjf\/#primaryimage","url":"https:\/\/www.sonoraenequipo.com.mx\/storage\/2024\/11\/ine-fachada.jpg","contentUrl":"https:\/\/www.sonoraenequipo.com.mx\/storage\/2024\/11\/ine-fachada.jpg","width":600,"height":369},{"@type":"BreadcrumbList","@id":"https:\/\/www.sonoraenequipo.com.mx\/jge-del-ine-aprueba-plan-y-calendario-electoral-para-eleccion-en-el-pjf\/#breadcrumb","itemListElement":[{"@type":"ListItem","position":1,"name":"Portada","item":"https:\/\/www.sonoraenequipo.com.mx\/"},{"@type":"ListItem","position":2,"name":"JGE del INE aprueba plan y calendario electoral para elecci\u00f3n en el PJF"}]},{"@type":"WebSite","@id":"https:\/\/www.sonoraenequipo.com.mx\/#website","url":"https:\/\/www.sonoraenequipo.com.mx\/","name":"Sonora en Equipo.","description":"Diario en l\u00ednea con Noticias desde Hermosillo, Sonora","publisher":{"@id":"https:\/\/www.sonoraenequipo.com.mx\/#organization"},"potentialAction":[{"@type":"SearchAction","target":{"@type":"EntryPoint","urlTemplate":"https:\/\/www.sonoraenequipo.com.mx\/?s={search_term_string}"},"query-input":{"@type":"PropertyValueSpecification","valueRequired":true,"valueName":"search_term_string"}}],"inLanguage":"es"},{"@type":"Organization","@id":"https:\/\/www.sonoraenequipo.com.mx\/#organization","name":"Sonoraenequipo.com.mx","url":"https:\/\/www.sonoraenequipo.com.mx\/","logo":{"@type":"ImageObject","inLanguage":"es","@id":"https:\/\/www.sonoraenequipo.com.mx\/#\/schema\/logo\/image\/","url":"https:\/\/www.sonoraenequipo.com.mx\/storage\/2019\/01\/sonoraenequipo_opt.png","contentUrl":"https:\/\/www.sonoraenequipo.com.mx\/storage\/2019\/01\/sonoraenequipo_opt.png","width":375,"height":125,"caption":"Sonoraenequipo.com.mx"},"image":{"@id":"https:\/\/www.sonoraenequipo.com.mx\/#\/schema\/logo\/image\/"},"sameAs":["https:\/\/www.facebook.com\/SonoraEE\/","https:\/\/x.com\/sonoraenequipo","https:\/\/www.youtube.com\/channel\/UC338nW-lPEYmJQs4ZABQ1SQ"]},{"@type":"Person","@id":"https:\/\/www.sonoraenequipo.com.mx\/#\/schema\/person\/50102df0fb23a8fa9e8effad8fa81386","name":"enequipo","image":{"@type":"ImageObject","inLanguage":"es","@id":"https:\/\/www.sonoraenequipo.com.mx\/#\/schema\/person\/image\/","url":"https:\/\/secure.gravatar.com\/avatar\/049821681b589dabc0bc20695993ccebb09f5b5d4d790cd9251b97faac7c652b?s=96&d=blank&r=g","contentUrl":"https:\/\/secure.gravatar.com\/avatar\/049821681b589dabc0bc20695993ccebb09f5b5d4d790cd9251b97faac7c652b?s=96&d=blank&r=g","caption":"enequipo"},"sameAs":["https:\/\/www.facebook.com\/SonoraEE"]}]}},"jetpack_featured_media_url":"https:\/\/www.sonoraenequipo.com.mx\/storage\/2024\/11\/ine-fachada.jpg","_links":{"self":[{"href":"https:\/\/www.sonoraenequipo.com.mx\/api\/wp\/v2\/posts\/204601","targetHints":{"allow":["GET"]}}],"collection":[{"href":"https:\/\/www.sonoraenequipo.com.mx\/api\/wp\/v2\/posts"}],"about":[{"href":"https:\/\/www.sonoraenequipo.com.mx\/api\/wp\/v2\/types\/post"}],"author":[{"embeddable":true,"href":"https:\/\/www.sonoraenequipo.com.mx\/api\/wp\/v2\/users\/1"}],"replies":[{"embeddable":true,"href":"https:\/\/www.sonoraenequipo.com.mx\/api\/wp\/v2\/comments?post=204601"}],"version-history":[{"count":1,"href":"https:\/\/www.sonoraenequipo.com.mx\/api\/wp\/v2\/posts\/204601\/revisions"}],"predecessor-version":[{"id":204602,"href":"https:\/\/www.sonoraenequipo.com.mx\/api\/wp\/v2\/posts\/204601\/revisions\/204602"}],"wp:featuredmedia":[{"embeddable":true,"href":"https:\/\/www.sonoraenequipo.com.mx\/api\/wp\/v2\/media\/203216"}],"wp:attachment":[{"href":"https:\/\/www.sonoraenequipo.com.mx\/api\/wp\/v2\/media?parent=204601"}],"wp:term":[{"taxonomy":"category","embeddable":true,"href":"https:\/\/www.sonoraenequipo.com.mx\/api\/wp\/v2\/categories?post=204601"},{"taxonomy":"post_tag","embeddable":true,"href":"https:\/\/www.sonoraenequipo.com.mx\/api\/wp\/v2\/tags?post=204601"}],"curies":[{"name":"wp","href":"https:\/\/api.w.org\/{rel}","templated":true}]}}