{"id":204608,"date":"2024-11-21T15:09:05","date_gmt":"2024-11-21T22:09:05","guid":{"rendered":"https:\/\/www.sonoraenequipo.com.mx\/?p=204608"},"modified":"2024-11-21T15:09:05","modified_gmt":"2024-11-21T22:09:05","slug":"invitan-gobierno-de-cajeme-y-estado-a-feria-del-empleo-2024","status":"publish","type":"post","link":"https:\/\/www.sonoraenequipo.com.mx\/invitan-gobierno-de-cajeme-y-estado-a-feria-del-empleo-2024\/","title":{"rendered":"Invitan gobierno de cajeme y estado a\u00a0 feria del empleo 2024"},"content":{"rendered":"<p><strong>CAJEME, SONORA, MX.<\/strong><strong> \u0336 \u0336\u00a0 <\/strong>El Gobierno Municipal, a trav\u00e9s de la Secretar\u00eda de Desarrollo Econ\u00f3mico, en coordinaci\u00f3n con el Gobierno del Estado, invita a la ciudadan\u00eda a asistir a la Feria de Empleo 2024, que se llevar\u00e1 a cabo el pr\u00f3ximo mi\u00e9rcoles 27 de noviembre en la Plaza \u00c1lvaro Obreg\u00f3n, en un horario de 9:00 a 15:00 horas.<\/p>\n<p>&nbsp;<\/p>\n<p>En este importante evento participar\u00e1n m\u00e1s de 20 empresas locales y regionales, ofreciendo diversas vacantes laborales en distintas \u00e1reas, brindando una excelente oportunidad para quienes buscan empleo o desean mejorar su calidad de vida a trav\u00e9s de nuevas oportunidades laborales.<\/p>\n<p>&nbsp;<\/p>\n<p>Diana Fern\u00e1ndez, Directora de Desarrollo Econ\u00f3mico en Cajeme, destac\u00f3 la relevancia de este tipo de actividades, que no solo generan empleo, sino que tambi\u00e9n fortalecen el crecimiento econ\u00f3mico y la estabilidad de las familias del municipio.<\/p>\n<p>&nbsp;<\/p>\n<p>\u201cLa Feria de Empleo es una plataforma que conecta a las y los ciudadanos con empresas que buscan talento local, contribuyendo as\u00ed a la reducci\u00f3n del desempleo y promoviendo la econom\u00eda en Cajeme\u201d, afirm\u00f3 Diana Fern\u00e1ndez.<\/p>\n<p>&nbsp;<\/p>\n<p>Al t\u00e9rmino, la Secretar\u00eda de Desarrollo Econ\u00f3mico, realiz\u00f3 una cordial invitaci\u00f3n a todas y todos los ciudadanos a aprovechar esta oportunidad para encontrar empleo con las diversas empresas participantes.<\/p>\n<p><strong>Fecha de publicaci\u00f3n jueves 21 \u00a0de noviembre de 2024 \/ <\/strong><\/p>\n<p>&nbsp;<\/p>\n","protected":false},"excerpt":{"rendered":"<p>CAJEME, SONORA, MX. \u0336 \u0336\u00a0 El Gobierno Municipal, a trav\u00e9s de la Secretar\u00eda de Desarrollo&#8230;<\/p>\n","protected":false},"author":1,"featured_media":166584,"comment_status":"open","ping_status":"open","sticky":false,"template":"","format":"standard","meta":{"_monsterinsights_skip_tracking":false,"_monsterinsights_sitenote_active":false,"_monsterinsights_sitenote_note":"","_monsterinsights_sitenote_category":0,"footnotes":""},"categories":[4,6493],"tags":[476,3249],"class_list":["post"],"yoast_head":" \n<title>Sonora en Equipo. Invitan gobierno de cajeme y estado a\u00a0 feria del empleo 2024 Municipios<\/title>\n<meta name=\"description\" content=\"CAJEME, SONORA, MX. \u0336 \u0336\u00a0 El Gobierno Municipal, a trav\u00e9s de la Secretar\u00eda de Desarrollo Econ\u00f3mico, en coordinaci\u00f3n con el Gobierno del Estado, invita a la En Sonora en Equipo publicamos toda la informaci\u00f3n de Sonora, M\u00e9xico y el Mundo de manera oportuna y busca que la libertad de expresi\u00f3n sea real. Visita nuestro medio informativo publicado desde Hermosillo, Sonora. %\" \/>\n<meta name=\"robots\" content=\"index, follow, max-snippet:-1, max-image-preview:large, max-video-preview:-1\" \/>\n<link rel=\"canonical\" href=\"https:\/\/www.sonoraenequipo.com.mx\/invitan-gobierno-de-cajeme-y-estado-a-feria-del-empleo-2024\/\" \/>\n<meta property=\"og:locale\" content=\"es_ES\" \/>\n<meta property=\"og:type\" content=\"article\" \/>\n<meta property=\"og:title\" content=\"Sonora en Equipo. Invitan gobierno de cajeme y estado a\u00a0 feria del empleo 2024 Municipios\" \/>\n<meta property=\"og:description\" content=\"CAJEME, SONORA, MX. \u0336 \u0336\u00a0 El Gobierno Municipal, a trav\u00e9s de la Secretar\u00eda de Desarrollo Econ\u00f3mico, en coordinaci\u00f3n con el Gobierno del Estado, invita a la En Sonora en Equipo publicamos toda la informaci\u00f3n de Sonora, M\u00e9xico y el Mundo de manera oportuna y busca que la libertad de expresi\u00f3n sea real. Visita nuestro medio informativo publicado desde Hermosillo, Sonora. %\" \/>\n<meta property=\"og:url\" content=\"https:\/\/www.sonoraenequipo.com.mx\/invitan-gobierno-de-cajeme-y-estado-a-feria-del-empleo-2024\/\" \/>\n<meta property=\"og:site_name\" content=\"Sonora en Equipo.\" \/>\n<meta property=\"article:publisher\" content=\"https:\/\/www.facebook.com\/SonoraEE\/\" \/>\n<meta property=\"article:author\" content=\"https:\/\/www.facebook.com\/SonoraEE\" \/>\n<meta property=\"article:published_time\" content=\"2024-11-21T22:09:05+00:00\" \/>\n<meta property=\"og:image\" content=\"https:\/\/www.sonoraenequipo.com.mx\/storage\/2023\/05\/Feria-del-Empleo-para-la-Industria-Maquiladora_3_-min.jpeg\" \/>\n\t<meta property=\"og:image:width\" content=\"1200\" \/>\n\t<meta property=\"og:image:height\" content=\"843\" \/>\n\t<meta property=\"og:image:type\" content=\"image\/jpeg\" \/>\n<meta name=\"author\" content=\"enequipo\" \/>\n<meta name=\"twitter:card\" content=\"summary_large_image\" \/>\n<meta name=\"twitter:creator\" content=\"@sonoraenequipo\" \/>\n<meta name=\"twitter:site\" content=\"@sonoraenequipo\" \/>\n<meta name=\"twitter:label1\" content=\"Escrito por\" \/>\n\t<meta name=\"twitter:data1\" content=\"enequipo\" \/>\n\t<meta name=\"twitter:label2\" content=\"Tiempo de lectura\" \/>\n\t<meta name=\"twitter:data2\" content=\"1 minuto\" \/>\n<script type=\"application\/ld+json\" class=\"yoast-schema-graph\">{\"@context\":\"https:\/\/schema.org\",\"@graph\":[{\"@type\":\"Article\",\"@id\":\"https:\/\/www.sonoraenequipo.com.mx\/invitan-gobierno-de-cajeme-y-estado-a-feria-del-empleo-2024\/#article\",\"isPartOf\":{\"@id\":\"https:\/\/www.sonoraenequipo.com.mx\/invitan-gobierno-de-cajeme-y-estado-a-feria-del-empleo-2024\/\"},\"author\":{\"name\":\"enequipo\",\"@id\":\"https:\/\/www.sonoraenequipo.com.mx\/#\/schema\/person\/50102df0fb23a8fa9e8effad8fa81386\"},\"headline\":\"Invitan gobierno de cajeme y estado a\u00a0 feria del empleo 2024\",\"datePublished\":\"2024-11-21T22:09:05+00:00\",\"mainEntityOfPage\":{\"@id\":\"https:\/\/www.sonoraenequipo.com.mx\/invitan-gobierno-de-cajeme-y-estado-a-feria-del-empleo-2024\/\"},\"wordCount\":238,\"commentCount\":0,\"publisher\":{\"@id\":\"https:\/\/www.sonoraenequipo.com.mx\/#organization\"},\"image\":{\"@id\":\"https:\/\/www.sonoraenequipo.com.mx\/invitan-gobierno-de-cajeme-y-estado-a-feria-del-empleo-2024\/#primaryimage\"},\"thumbnailUrl\":\"https:\/\/www.sonoraenequipo.com.mx\/storage\/2023\/05\/Feria-del-Empleo-para-la-Industria-Maquiladora_3_-min.jpeg\",\"keywords\":[\"Cajeme\",\"empleo\"],\"articleSection\":[\"Municipios\",\"PALABRAS Y N\u00daMEROS\"],\"inLanguage\":\"es\",\"potentialAction\":[{\"@type\":\"CommentAction\",\"name\":\"Comment\",\"target\":[\"https:\/\/www.sonoraenequipo.com.mx\/invitan-gobierno-de-cajeme-y-estado-a-feria-del-empleo-2024\/#respond\"]}]},{\"@type\":\"WebPage\",\"@id\":\"https:\/\/www.sonoraenequipo.com.mx\/invitan-gobierno-de-cajeme-y-estado-a-feria-del-empleo-2024\/\",\"url\":\"https:\/\/www.sonoraenequipo.com.mx\/invitan-gobierno-de-cajeme-y-estado-a-feria-del-empleo-2024\/\",\"name\":\"Sonora en Equipo. Invitan gobierno de cajeme y estado a\u00a0 feria del empleo 2024 Municipios\",\"isPartOf\":{\"@id\":\"https:\/\/www.sonoraenequipo.com.mx\/#website\"},\"primaryImageOfPage\":{\"@id\":\"https:\/\/www.sonoraenequipo.com.mx\/invitan-gobierno-de-cajeme-y-estado-a-feria-del-empleo-2024\/#primaryimage\"},\"image\":{\"@id\":\"https:\/\/www.sonoraenequipo.com.mx\/invitan-gobierno-de-cajeme-y-estado-a-feria-del-empleo-2024\/#primaryimage\"},\"thumbnailUrl\":\"https:\/\/www.sonoraenequipo.com.mx\/storage\/2023\/05\/Feria-del-Empleo-para-la-Industria-Maquiladora_3_-min.jpeg\",\"datePublished\":\"2024-11-21T22:09:05+00:00\",\"description\":\"CAJEME, SONORA, MX. \u0336 \u0336\u00a0 El Gobierno Municipal, a trav\u00e9s de la Secretar\u00eda de Desarrollo Econ\u00f3mico, en coordinaci\u00f3n con el Gobierno del Estado, invita a la En Sonora en Equipo publicamos toda la informaci\u00f3n de Sonora, M\u00e9xico y el Mundo de manera oportuna y busca que la libertad de expresi\u00f3n sea real. Visita nuestro medio informativo publicado desde Hermosillo, Sonora. %\",\"breadcrumb\":{\"@id\":\"https:\/\/www.sonoraenequipo.com.mx\/invitan-gobierno-de-cajeme-y-estado-a-feria-del-empleo-2024\/#breadcrumb\"},\"inLanguage\":\"es\",\"potentialAction\":[{\"@type\":\"ReadAction\",\"target\":[\"https:\/\/www.sonoraenequipo.com.mx\/invitan-gobierno-de-cajeme-y-estado-a-feria-del-empleo-2024\/\"]}]},{\"@type\":\"ImageObject\",\"inLanguage\":\"es\",\"@id\":\"https:\/\/www.sonoraenequipo.com.mx\/invitan-gobierno-de-cajeme-y-estado-a-feria-del-empleo-2024\/#primaryimage\",\"url\":\"https:\/\/www.sonoraenequipo.com.mx\/storage\/2023\/05\/Feria-del-Empleo-para-la-Industria-Maquiladora_3_-min.jpeg\",\"contentUrl\":\"https:\/\/www.sonoraenequipo.com.mx\/storage\/2023\/05\/Feria-del-Empleo-para-la-Industria-Maquiladora_3_-min.jpeg\",\"width\":1200,\"height\":843,\"caption\":\"jovenes solicitando empleo en maquilas en feria de empleo: Archivo\"},{\"@type\":\"BreadcrumbList\",\"@id\":\"https:\/\/www.sonoraenequipo.com.mx\/invitan-gobierno-de-cajeme-y-estado-a-feria-del-empleo-2024\/#breadcrumb\",\"itemListElement\":[{\"@type\":\"ListItem\",\"position\":1,\"name\":\"Portada\",\"item\":\"https:\/\/www.sonoraenequipo.com.mx\/\"},{\"@type\":\"ListItem\",\"position\":2,\"name\":\"Invitan gobierno de cajeme y estado a\u00a0 feria del empleo 2024\"}]},{\"@type\":\"WebSite\",\"@id\":\"https:\/\/www.sonoraenequipo.com.mx\/#website\",\"url\":\"https:\/\/www.sonoraenequipo.com.mx\/\",\"name\":\"Sonora en Equipo.\",\"description\":\"Diario en l\u00ednea con Noticias desde Hermosillo, Sonora\",\"publisher\":{\"@id\":\"https:\/\/www.sonoraenequipo.com.mx\/#organization\"},\"potentialAction\":[{\"@type\":\"SearchAction\",\"target\":{\"@type\":\"EntryPoint\",\"urlTemplate\":\"https:\/\/www.sonoraenequipo.com.mx\/?s={search_term_string}\"},\"query-input\":{\"@type\":\"PropertyValueSpecification\",\"valueRequired\":true,\"valueName\":\"search_term_string\"}}],\"inLanguage\":\"es\"},{\"@type\":\"Organization\",\"@id\":\"https:\/\/www.sonoraenequipo.com.mx\/#organization\",\"name\":\"Sonoraenequipo.com.mx\",\"url\":\"https:\/\/www.sonoraenequipo.com.mx\/\",\"logo\":{\"@type\":\"ImageObject\",\"inLanguage\":\"es\",\"@id\":\"https:\/\/www.sonoraenequipo.com.mx\/#\/schema\/logo\/image\/\",\"url\":\"https:\/\/www.sonoraenequipo.com.mx\/storage\/2019\/01\/sonoraenequipo_opt.png\",\"contentUrl\":\"https:\/\/www.sonoraenequipo.com.mx\/storage\/2019\/01\/sonoraenequipo_opt.png\",\"width\":375,\"height\":125,\"caption\":\"Sonoraenequipo.com.mx\"},\"image\":{\"@id\":\"https:\/\/www.sonoraenequipo.com.mx\/#\/schema\/logo\/image\/\"},\"sameAs\":[\"https:\/\/www.facebook.com\/SonoraEE\/\",\"https:\/\/x.com\/sonoraenequipo\",\"https:\/\/www.youtube.com\/channel\/UC338nW-lPEYmJQs4ZABQ1SQ\"]},{\"@type\":\"Person\",\"@id\":\"https:\/\/www.sonoraenequipo.com.mx\/#\/schema\/person\/50102df0fb23a8fa9e8effad8fa81386\",\"name\":\"enequipo\",\"image\":{\"@type\":\"ImageObject\",\"inLanguage\":\"es\",\"@id\":\"https:\/\/www.sonoraenequipo.com.mx\/#\/schema\/person\/image\/\",\"url\":\"https:\/\/secure.gravatar.com\/avatar\/049821681b589dabc0bc20695993ccebb09f5b5d4d790cd9251b97faac7c652b?s=96&d=blank&r=g\",\"contentUrl\":\"https:\/\/secure.gravatar.com\/avatar\/049821681b589dabc0bc20695993ccebb09f5b5d4d790cd9251b97faac7c652b?s=96&d=blank&r=g\",\"caption\":\"enequipo\"},\"sameAs\":[\"https:\/\/www.facebook.com\/SonoraEE\"]}]}<\/script>\n ","yoast_head_json":{"title":"Sonora en Equipo. Invitan gobierno de cajeme y estado a\u00a0 feria del empleo 2024 Municipios","description":"CAJEME, SONORA, MX. \u0336 \u0336\u00a0 El Gobierno Municipal, a trav\u00e9s de la Secretar\u00eda de Desarrollo Econ\u00f3mico, en coordinaci\u00f3n con el Gobierno del Estado, invita a la En Sonora en Equipo publicamos toda la informaci\u00f3n de Sonora, M\u00e9xico y el Mundo de manera oportuna y busca que la libertad de expresi\u00f3n sea real. Visita nuestro medio informativo publicado desde Hermosillo, Sonora. %","robots":{"index":"index","follow":"follow","max-snippet":"max-snippet:-1","max-image-preview":"max-image-preview:large","max-video-preview":"max-video-preview:-1"},"canonical":"https:\/\/www.sonoraenequipo.com.mx\/invitan-gobierno-de-cajeme-y-estado-a-feria-del-empleo-2024\/","og_locale":"es_ES","og_type":"article","og_title":"Sonora en Equipo. Invitan gobierno de cajeme y estado a\u00a0 feria del empleo 2024 Municipios","og_description":"CAJEME, SONORA, MX. \u0336 \u0336\u00a0 El Gobierno Municipal, a trav\u00e9s de la Secretar\u00eda de Desarrollo Econ\u00f3mico, en coordinaci\u00f3n con el Gobierno del Estado, invita a la En Sonora en Equipo publicamos toda la informaci\u00f3n de Sonora, M\u00e9xico y el Mundo de manera oportuna y busca que la libertad de expresi\u00f3n sea real. Visita nuestro medio informativo publicado desde Hermosillo, Sonora. %","og_url":"https:\/\/www.sonoraenequipo.com.mx\/invitan-gobierno-de-cajeme-y-estado-a-feria-del-empleo-2024\/","og_site_name":"Sonora en Equipo.","article_publisher":"https:\/\/www.facebook.com\/SonoraEE\/","article_author":"https:\/\/www.facebook.com\/SonoraEE","article_published_time":"2024-11-21T22:09:05+00:00","og_image":[{"width":1200,"height":843,"url":"https:\/\/www.sonoraenequipo.com.mx\/storage\/2023\/05\/Feria-del-Empleo-para-la-Industria-Maquiladora_3_-min.jpeg","type":"image\/jpeg"}],"author":"enequipo","twitter_card":"summary_large_image","twitter_creator":"@sonoraenequipo","twitter_site":"@sonoraenequipo","twitter_misc":{"Escrito por":"enequipo","Tiempo de lectura":"1 minuto"},"schema":{"@context":"https:\/\/schema.org","@graph":[{"@type":"Article","@id":"https:\/\/www.sonoraenequipo.com.mx\/invitan-gobierno-de-cajeme-y-estado-a-feria-del-empleo-2024\/#article","isPartOf":{"@id":"https:\/\/www.sonoraenequipo.com.mx\/invitan-gobierno-de-cajeme-y-estado-a-feria-del-empleo-2024\/"},"author":{"name":"enequipo","@id":"https:\/\/www.sonoraenequipo.com.mx\/#\/schema\/person\/50102df0fb23a8fa9e8effad8fa81386"},"headline":"Invitan gobierno de cajeme y estado a\u00a0 feria del empleo 2024","datePublished":"2024-11-21T22:09:05+00:00","mainEntityOfPage":{"@id":"https:\/\/www.sonoraenequipo.com.mx\/invitan-gobierno-de-cajeme-y-estado-a-feria-del-empleo-2024\/"},"wordCount":238,"commentCount":0,"publisher":{"@id":"https:\/\/www.sonoraenequipo.com.mx\/#organization"},"image":{"@id":"https:\/\/www.sonoraenequipo.com.mx\/invitan-gobierno-de-cajeme-y-estado-a-feria-del-empleo-2024\/#primaryimage"},"thumbnailUrl":"https:\/\/www.sonoraenequipo.com.mx\/storage\/2023\/05\/Feria-del-Empleo-para-la-Industria-Maquiladora_3_-min.jpeg","keywords":["Cajeme","empleo"],"articleSection":["Municipios","PALABRAS Y N\u00daMEROS"],"inLanguage":"es","potentialAction":[{"@type":"CommentAction","name":"Comment","target":["https:\/\/www.sonoraenequipo.com.mx\/invitan-gobierno-de-cajeme-y-estado-a-feria-del-empleo-2024\/#respond"]}]},{"@type":"WebPage","@id":"https:\/\/www.sonoraenequipo.com.mx\/invitan-gobierno-de-cajeme-y-estado-a-feria-del-empleo-2024\/","url":"https:\/\/www.sonoraenequipo.com.mx\/invitan-gobierno-de-cajeme-y-estado-a-feria-del-empleo-2024\/","name":"Sonora en Equipo. Invitan gobierno de cajeme y estado a\u00a0 feria del empleo 2024 Municipios","isPartOf":{"@id":"https:\/\/www.sonoraenequipo.com.mx\/#website"},"primaryImageOfPage":{"@id":"https:\/\/www.sonoraenequipo.com.mx\/invitan-gobierno-de-cajeme-y-estado-a-feria-del-empleo-2024\/#primaryimage"},"image":{"@id":"https:\/\/www.sonoraenequipo.com.mx\/invitan-gobierno-de-cajeme-y-estado-a-feria-del-empleo-2024\/#primaryimage"},"thumbnailUrl":"https:\/\/www.sonoraenequipo.com.mx\/storage\/2023\/05\/Feria-del-Empleo-para-la-Industria-Maquiladora_3_-min.jpeg","datePublished":"2024-11-21T22:09:05+00:00","description":"CAJEME, SONORA, MX. \u0336 \u0336\u00a0 El Gobierno Municipal, a trav\u00e9s de la Secretar\u00eda de Desarrollo Econ\u00f3mico, en coordinaci\u00f3n con el Gobierno del Estado, invita a la En Sonora en Equipo publicamos toda la informaci\u00f3n de Sonora, M\u00e9xico y el Mundo de manera oportuna y busca que la libertad de expresi\u00f3n sea real. Visita nuestro medio informativo publicado desde Hermosillo, Sonora. %","breadcrumb":{"@id":"https:\/\/www.sonoraenequipo.com.mx\/invitan-gobierno-de-cajeme-y-estado-a-feria-del-empleo-2024\/#breadcrumb"},"inLanguage":"es","potentialAction":[{"@type":"ReadAction","target":["https:\/\/www.sonoraenequipo.com.mx\/invitan-gobierno-de-cajeme-y-estado-a-feria-del-empleo-2024\/"]}]},{"@type":"ImageObject","inLanguage":"es","@id":"https:\/\/www.sonoraenequipo.com.mx\/invitan-gobierno-de-cajeme-y-estado-a-feria-del-empleo-2024\/#primaryimage","url":"https:\/\/www.sonoraenequipo.com.mx\/storage\/2023\/05\/Feria-del-Empleo-para-la-Industria-Maquiladora_3_-min.jpeg","contentUrl":"https:\/\/www.sonoraenequipo.com.mx\/storage\/2023\/05\/Feria-del-Empleo-para-la-Industria-Maquiladora_3_-min.jpeg","width":1200,"height":843,"caption":"jovenes solicitando empleo en maquilas en feria de empleo: Archivo"},{"@type":"BreadcrumbList","@id":"https:\/\/www.sonoraenequipo.com.mx\/invitan-gobierno-de-cajeme-y-estado-a-feria-del-empleo-2024\/#breadcrumb","itemListElement":[{"@type":"ListItem","position":1,"name":"Portada","item":"https:\/\/www.sonoraenequipo.com.mx\/"},{"@type":"ListItem","position":2,"name":"Invitan gobierno de cajeme y estado a\u00a0 feria del empleo 2024"}]},{"@type":"WebSite","@id":"https:\/\/www.sonoraenequipo.com.mx\/#website","url":"https:\/\/www.sonoraenequipo.com.mx\/","name":"Sonora en Equipo.","description":"Diario en l\u00ednea con Noticias desde Hermosillo, Sonora","publisher":{"@id":"https:\/\/www.sonoraenequipo.com.mx\/#organization"},"potentialAction":[{"@type":"SearchAction","target":{"@type":"EntryPoint","urlTemplate":"https:\/\/www.sonoraenequipo.com.mx\/?s={search_term_string}"},"query-input":{"@type":"PropertyValueSpecification","valueRequired":true,"valueName":"search_term_string"}}],"inLanguage":"es"},{"@type":"Organization","@id":"https:\/\/www.sonoraenequipo.com.mx\/#organization","name":"Sonoraenequipo.com.mx","url":"https:\/\/www.sonoraenequipo.com.mx\/","logo":{"@type":"ImageObject","inLanguage":"es","@id":"https:\/\/www.sonoraenequipo.com.mx\/#\/schema\/logo\/image\/","url":"https:\/\/www.sonoraenequipo.com.mx\/storage\/2019\/01\/sonoraenequipo_opt.png","contentUrl":"https:\/\/www.sonoraenequipo.com.mx\/storage\/2019\/01\/sonoraenequipo_opt.png","width":375,"height":125,"caption":"Sonoraenequipo.com.mx"},"image":{"@id":"https:\/\/www.sonoraenequipo.com.mx\/#\/schema\/logo\/image\/"},"sameAs":["https:\/\/www.facebook.com\/SonoraEE\/","https:\/\/x.com\/sonoraenequipo","https:\/\/www.youtube.com\/channel\/UC338nW-lPEYmJQs4ZABQ1SQ"]},{"@type":"Person","@id":"https:\/\/www.sonoraenequipo.com.mx\/#\/schema\/person\/50102df0fb23a8fa9e8effad8fa81386","name":"enequipo","image":{"@type":"ImageObject","inLanguage":"es","@id":"https:\/\/www.sonoraenequipo.com.mx\/#\/schema\/person\/image\/","url":"https:\/\/secure.gravatar.com\/avatar\/049821681b589dabc0bc20695993ccebb09f5b5d4d790cd9251b97faac7c652b?s=96&d=blank&r=g","contentUrl":"https:\/\/secure.gravatar.com\/avatar\/049821681b589dabc0bc20695993ccebb09f5b5d4d790cd9251b97faac7c652b?s=96&d=blank&r=g","caption":"enequipo"},"sameAs":["https:\/\/www.facebook.com\/SonoraEE"]}]}},"jetpack_featured_media_url":"https:\/\/www.sonoraenequipo.com.mx\/storage\/2023\/05\/Feria-del-Empleo-para-la-Industria-Maquiladora_3_-min.jpeg","_links":{"self":[{"href":"https:\/\/www.sonoraenequipo.com.mx\/api\/wp\/v2\/posts\/204608","targetHints":{"allow":["GET"]}}],"collection":[{"href":"https:\/\/www.sonoraenequipo.com.mx\/api\/wp\/v2\/posts"}],"about":[{"href":"https:\/\/www.sonoraenequipo.com.mx\/api\/wp\/v2\/types\/post"}],"author":[{"embeddable":true,"href":"https:\/\/www.sonoraenequipo.com.mx\/api\/wp\/v2\/users\/1"}],"replies":[{"embeddable":true,"href":"https:\/\/www.sonoraenequipo.com.mx\/api\/wp\/v2\/comments?post=204608"}],"version-history":[{"count":1,"href":"https:\/\/www.sonoraenequipo.com.mx\/api\/wp\/v2\/posts\/204608\/revisions"}],"predecessor-version":[{"id":204609,"href":"https:\/\/www.sonoraenequipo.com.mx\/api\/wp\/v2\/posts\/204608\/revisions\/204609"}],"wp:featuredmedia":[{"embeddable":true,"href":"https:\/\/www.sonoraenequipo.com.mx\/api\/wp\/v2\/media\/166584"}],"wp:attachment":[{"href":"https:\/\/www.sonoraenequipo.com.mx\/api\/wp\/v2\/media?parent=204608"}],"wp:term":[{"taxonomy":"category","embeddable":true,"href":"https:\/\/www.sonoraenequipo.com.mx\/api\/wp\/v2\/categories?post=204608"},{"taxonomy":"post_tag","embeddable":true,"href":"https:\/\/www.sonoraenequipo.com.mx\/api\/wp\/v2\/tags?post=204608"}],"curies":[{"name":"wp","href":"https:\/\/api.w.org\/{rel}","templated":true}]}}