{"id":204712,"date":"2024-11-22T19:24:37","date_gmt":"2024-11-23T02:24:37","guid":{"rendered":"https:\/\/www.sonoraenequipo.com.mx\/?p=204712"},"modified":"2024-11-23T11:19:24","modified_gmt":"2024-11-23T18:19:24","slug":"hyundai-y-kia-retiran-del-mercado-208-000-vehiculos-electricos","status":"publish","type":"post","link":"https:\/\/www.sonoraenequipo.com.mx\/hyundai-y-kia-retiran-del-mercado-208-000-vehiculos-electricos\/","title":{"rendered":"Hyundai y Kia retiran del mercado 208.000 veh\u00edculos el\u00e9ctricos"},"content":{"rendered":"<p><strong>ESTADOS UNIDOS. \u2014<\/strong> Hyundai, Kia y Genesis est\u00e1n retirando del mercado unos 208.000 veh\u00edculos el\u00e9ctricos en Estados Unidos debido a un problema que podr\u00eda provocar que los veh\u00edculos se queden sin potencia de forma repentina, seg\u00fan varios documentos presentados ante la Administraci\u00f3n Nacional de Seguridad del Tr\u00e1fico en las Carreteras. El retiro del mercado fue informado por primera vez por Reuters.<\/p>\n<p>&nbsp;<\/p>\n<p>&nbsp;<\/p>\n<p> <\/p>\n<p>El problema se origina en la unidad de control de carga integrada (ICCU), que puede da\u00f1arse y dejar de cargar la bater\u00eda de 12 voltios y provocar una p\u00e9rdida de potencia de accionamiento, seg\u00fan la presentaci\u00f3n.<\/p>\n<p>&nbsp;<\/p>\n<p>&nbsp;<\/p>\n<p>Hyundai Motor est\u00e1 retirando del mercado unos 145.235 de sus veh\u00edculos el\u00e9ctricos, entre los que se incluyen algunos veh\u00edculos Ioniq 5 e Ioniq 6. El retiro tambi\u00e9n abarca tres variantes electrificadas de su marca de lujo Genesis, incluidos los modelos Genesis GV60, Genesis GV70 y Genesis G80 de los a\u00f1os modelo 2022-2025. Tambi\u00e9n se han retirado del mercado unos 62.872 veh\u00edculos Kia EV6. Los concesionarios solucionar\u00e1n el problema de forma gratuita, seg\u00fan los documentos presentados.<\/p>\n<p>&nbsp;<\/p>\n<p>&nbsp;<\/p>\n<p>&nbsp;<\/p>\n<p>PUBLICADO EL 22 DE NOVIEMBRE DE 2024 Con informaci\u00f3n de Kirsten Korosec)<\/p>\n","protected":false},"excerpt":{"rendered":"<p>ESTADOS UNIDOS. \u2014 Hyundai, Kia y Genesis est\u00e1n retirando del mercado unos 208.000 veh\u00edculos el\u00e9ctricos&#8230;<\/p>\n","protected":false},"author":1,"featured_media":204705,"comment_status":"open","ping_status":"open","sticky":false,"template":"","format":"standard","meta":{"_monsterinsights_skip_tracking":false,"_monsterinsights_sitenote_active":false,"_monsterinsights_sitenote_note":"","_monsterinsights_sitenote_category":0,"footnotes":""},"categories":[3],"tags":[],"class_list":["post"],"yoast_head":" \n<title>Sonora en Equipo. Hyundai y Kia retiran del mercado 208.000 veh\u00edculos el\u00e9ctricos MUNDO<\/title>\n<meta name=\"description\" content=\"ESTADOS UNIDOS. \u2014 Hyundai, Kia y Genesis est\u00e1n retirando del mercado unos 208.000 veh\u00edculos el\u00e9ctricos en Estados Unidos debido a un problema que podr\u00eda En Sonora en Equipo publicamos toda la informaci\u00f3n de Sonora, M\u00e9xico y el Mundo de manera oportuna y busca que la libertad de expresi\u00f3n sea real. Visita nuestro medio informativo publicado desde Hermosillo, Sonora. %\" \/>\n<meta name=\"robots\" content=\"index, follow, max-snippet:-1, max-image-preview:large, max-video-preview:-1\" \/>\n<link rel=\"canonical\" href=\"https:\/\/www.sonoraenequipo.com.mx\/hyundai-y-kia-retiran-del-mercado-208-000-vehiculos-electricos\/\" \/>\n<meta property=\"og:locale\" content=\"es_ES\" \/>\n<meta property=\"og:type\" content=\"article\" \/>\n<meta property=\"og:title\" content=\"Sonora en Equipo. Hyundai y Kia retiran del mercado 208.000 veh\u00edculos el\u00e9ctricos MUNDO\" \/>\n<meta property=\"og:description\" content=\"ESTADOS UNIDOS. \u2014 Hyundai, Kia y Genesis est\u00e1n retirando del mercado unos 208.000 veh\u00edculos el\u00e9ctricos en Estados Unidos debido a un problema que podr\u00eda En Sonora en Equipo publicamos toda la informaci\u00f3n de Sonora, M\u00e9xico y el Mundo de manera oportuna y busca que la libertad de expresi\u00f3n sea real. Visita nuestro medio informativo publicado desde Hermosillo, Sonora. %\" \/>\n<meta property=\"og:url\" content=\"https:\/\/www.sonoraenequipo.com.mx\/hyundai-y-kia-retiran-del-mercado-208-000-vehiculos-electricos\/\" \/>\n<meta property=\"og:site_name\" content=\"Sonora en Equipo.\" \/>\n<meta property=\"article:publisher\" content=\"https:\/\/www.facebook.com\/SonoraEE\/\" \/>\n<meta property=\"article:author\" content=\"https:\/\/www.facebook.com\/SonoraEE\" \/>\n<meta property=\"article:published_time\" content=\"2024-11-23T02:24:37+00:00\" \/>\n<meta property=\"article:modified_time\" content=\"2024-11-23T18:19:24+00:00\" \/>\n<meta property=\"og:image\" content=\"https:\/\/www.sonoraenequipo.com.mx\/storage\/2024\/11\/hyundai-electrico-min.jpg\" \/>\n\t<meta property=\"og:image:width\" content=\"900\" \/>\n\t<meta property=\"og:image:height\" content=\"513\" \/>\n\t<meta property=\"og:image:type\" content=\"image\/jpeg\" \/>\n<meta name=\"author\" content=\"enequipo\" \/>\n<meta name=\"twitter:card\" content=\"summary_large_image\" \/>\n<meta name=\"twitter:creator\" content=\"@sonoraenequipo\" \/>\n<meta name=\"twitter:site\" content=\"@sonoraenequipo\" \/>\n<meta name=\"twitter:label1\" content=\"Escrito por\" \/>\n\t<meta name=\"twitter:data1\" content=\"enequipo\" \/>\n\t<meta name=\"twitter:label2\" content=\"Tiempo de lectura\" \/>\n\t<meta name=\"twitter:data2\" content=\"1 minuto\" \/>\n<script type=\"application\/ld+json\" class=\"yoast-schema-graph\">{\"@context\":\"https:\/\/schema.org\",\"@graph\":[{\"@type\":\"Article\",\"@id\":\"https:\/\/www.sonoraenequipo.com.mx\/hyundai-y-kia-retiran-del-mercado-208-000-vehiculos-electricos\/#article\",\"isPartOf\":{\"@id\":\"https:\/\/www.sonoraenequipo.com.mx\/hyundai-y-kia-retiran-del-mercado-208-000-vehiculos-electricos\/\"},\"author\":{\"name\":\"enequipo\",\"@id\":\"https:\/\/www.sonoraenequipo.com.mx\/#\/schema\/person\/50102df0fb23a8fa9e8effad8fa81386\"},\"headline\":\"Hyundai y Kia retiran del mercado 208.000 veh\u00edculos el\u00e9ctricos\",\"datePublished\":\"2024-11-23T02:24:37+00:00\",\"dateModified\":\"2024-11-23T18:19:24+00:00\",\"mainEntityOfPage\":{\"@id\":\"https:\/\/www.sonoraenequipo.com.mx\/hyundai-y-kia-retiran-del-mercado-208-000-vehiculos-electricos\/\"},\"wordCount\":215,\"commentCount\":0,\"publisher\":{\"@id\":\"https:\/\/www.sonoraenequipo.com.mx\/#organization\"},\"image\":{\"@id\":\"https:\/\/www.sonoraenequipo.com.mx\/hyundai-y-kia-retiran-del-mercado-208-000-vehiculos-electricos\/#primaryimage\"},\"thumbnailUrl\":\"https:\/\/www.sonoraenequipo.com.mx\/storage\/2024\/11\/hyundai-electrico-min.jpg\",\"articleSection\":[\"MUNDO\"],\"inLanguage\":\"es\",\"potentialAction\":[{\"@type\":\"CommentAction\",\"name\":\"Comment\",\"target\":[\"https:\/\/www.sonoraenequipo.com.mx\/hyundai-y-kia-retiran-del-mercado-208-000-vehiculos-electricos\/#respond\"]}]},{\"@type\":\"WebPage\",\"@id\":\"https:\/\/www.sonoraenequipo.com.mx\/hyundai-y-kia-retiran-del-mercado-208-000-vehiculos-electricos\/\",\"url\":\"https:\/\/www.sonoraenequipo.com.mx\/hyundai-y-kia-retiran-del-mercado-208-000-vehiculos-electricos\/\",\"name\":\"Sonora en Equipo. Hyundai y Kia retiran del mercado 208.000 veh\u00edculos el\u00e9ctricos MUNDO\",\"isPartOf\":{\"@id\":\"https:\/\/www.sonoraenequipo.com.mx\/#website\"},\"primaryImageOfPage\":{\"@id\":\"https:\/\/www.sonoraenequipo.com.mx\/hyundai-y-kia-retiran-del-mercado-208-000-vehiculos-electricos\/#primaryimage\"},\"image\":{\"@id\":\"https:\/\/www.sonoraenequipo.com.mx\/hyundai-y-kia-retiran-del-mercado-208-000-vehiculos-electricos\/#primaryimage\"},\"thumbnailUrl\":\"https:\/\/www.sonoraenequipo.com.mx\/storage\/2024\/11\/hyundai-electrico-min.jpg\",\"datePublished\":\"2024-11-23T02:24:37+00:00\",\"dateModified\":\"2024-11-23T18:19:24+00:00\",\"description\":\"ESTADOS UNIDOS. \u2014 Hyundai, Kia y Genesis est\u00e1n retirando del mercado unos 208.000 veh\u00edculos el\u00e9ctricos en Estados Unidos debido a un problema que podr\u00eda En Sonora en Equipo publicamos toda la informaci\u00f3n de Sonora, M\u00e9xico y el Mundo de manera oportuna y busca que la libertad de expresi\u00f3n sea real. Visita nuestro medio informativo publicado desde Hermosillo, Sonora. %\",\"breadcrumb\":{\"@id\":\"https:\/\/www.sonoraenequipo.com.mx\/hyundai-y-kia-retiran-del-mercado-208-000-vehiculos-electricos\/#breadcrumb\"},\"inLanguage\":\"es\",\"potentialAction\":[{\"@type\":\"ReadAction\",\"target\":[\"https:\/\/www.sonoraenequipo.com.mx\/hyundai-y-kia-retiran-del-mercado-208-000-vehiculos-electricos\/\"]}]},{\"@type\":\"ImageObject\",\"inLanguage\":\"es\",\"@id\":\"https:\/\/www.sonoraenequipo.com.mx\/hyundai-y-kia-retiran-del-mercado-208-000-vehiculos-electricos\/#primaryimage\",\"url\":\"https:\/\/www.sonoraenequipo.com.mx\/storage\/2024\/11\/hyundai-electrico-min.jpg\",\"contentUrl\":\"https:\/\/www.sonoraenequipo.com.mx\/storage\/2024\/11\/hyundai-electrico-min.jpg\",\"width\":900,\"height\":513},{\"@type\":\"BreadcrumbList\",\"@id\":\"https:\/\/www.sonoraenequipo.com.mx\/hyundai-y-kia-retiran-del-mercado-208-000-vehiculos-electricos\/#breadcrumb\",\"itemListElement\":[{\"@type\":\"ListItem\",\"position\":1,\"name\":\"Portada\",\"item\":\"https:\/\/www.sonoraenequipo.com.mx\/\"},{\"@type\":\"ListItem\",\"position\":2,\"name\":\"Hyundai y Kia retiran del mercado 208.000 veh\u00edculos el\u00e9ctricos\"}]},{\"@type\":\"WebSite\",\"@id\":\"https:\/\/www.sonoraenequipo.com.mx\/#website\",\"url\":\"https:\/\/www.sonoraenequipo.com.mx\/\",\"name\":\"Sonora en Equipo.\",\"description\":\"Diario en l\u00ednea con Noticias desde Hermosillo, Sonora\",\"publisher\":{\"@id\":\"https:\/\/www.sonoraenequipo.com.mx\/#organization\"},\"potentialAction\":[{\"@type\":\"SearchAction\",\"target\":{\"@type\":\"EntryPoint\",\"urlTemplate\":\"https:\/\/www.sonoraenequipo.com.mx\/?s={search_term_string}\"},\"query-input\":{\"@type\":\"PropertyValueSpecification\",\"valueRequired\":true,\"valueName\":\"search_term_string\"}}],\"inLanguage\":\"es\"},{\"@type\":\"Organization\",\"@id\":\"https:\/\/www.sonoraenequipo.com.mx\/#organization\",\"name\":\"Sonoraenequipo.com.mx\",\"url\":\"https:\/\/www.sonoraenequipo.com.mx\/\",\"logo\":{\"@type\":\"ImageObject\",\"inLanguage\":\"es\",\"@id\":\"https:\/\/www.sonoraenequipo.com.mx\/#\/schema\/logo\/image\/\",\"url\":\"https:\/\/www.sonoraenequipo.com.mx\/storage\/2019\/01\/sonoraenequipo_opt.png\",\"contentUrl\":\"https:\/\/www.sonoraenequipo.com.mx\/storage\/2019\/01\/sonoraenequipo_opt.png\",\"width\":375,\"height\":125,\"caption\":\"Sonoraenequipo.com.mx\"},\"image\":{\"@id\":\"https:\/\/www.sonoraenequipo.com.mx\/#\/schema\/logo\/image\/\"},\"sameAs\":[\"https:\/\/www.facebook.com\/SonoraEE\/\",\"https:\/\/x.com\/sonoraenequipo\",\"https:\/\/www.youtube.com\/channel\/UC338nW-lPEYmJQs4ZABQ1SQ\"]},{\"@type\":\"Person\",\"@id\":\"https:\/\/www.sonoraenequipo.com.mx\/#\/schema\/person\/50102df0fb23a8fa9e8effad8fa81386\",\"name\":\"enequipo\",\"image\":{\"@type\":\"ImageObject\",\"inLanguage\":\"es\",\"@id\":\"https:\/\/www.sonoraenequipo.com.mx\/#\/schema\/person\/image\/\",\"url\":\"https:\/\/secure.gravatar.com\/avatar\/049821681b589dabc0bc20695993ccebb09f5b5d4d790cd9251b97faac7c652b?s=96&d=blank&r=g\",\"contentUrl\":\"https:\/\/secure.gravatar.com\/avatar\/049821681b589dabc0bc20695993ccebb09f5b5d4d790cd9251b97faac7c652b?s=96&d=blank&r=g\",\"caption\":\"enequipo\"},\"sameAs\":[\"https:\/\/www.facebook.com\/SonoraEE\"]}]}<\/script>\n ","yoast_head_json":{"title":"Sonora en Equipo. Hyundai y Kia retiran del mercado 208.000 veh\u00edculos el\u00e9ctricos MUNDO","description":"ESTADOS UNIDOS. \u2014 Hyundai, Kia y Genesis est\u00e1n retirando del mercado unos 208.000 veh\u00edculos el\u00e9ctricos en Estados Unidos debido a un problema que podr\u00eda En Sonora en Equipo publicamos toda la informaci\u00f3n de Sonora, M\u00e9xico y el Mundo de manera oportuna y busca que la libertad de expresi\u00f3n sea real. Visita nuestro medio informativo publicado desde Hermosillo, Sonora. %","robots":{"index":"index","follow":"follow","max-snippet":"max-snippet:-1","max-image-preview":"max-image-preview:large","max-video-preview":"max-video-preview:-1"},"canonical":"https:\/\/www.sonoraenequipo.com.mx\/hyundai-y-kia-retiran-del-mercado-208-000-vehiculos-electricos\/","og_locale":"es_ES","og_type":"article","og_title":"Sonora en Equipo. Hyundai y Kia retiran del mercado 208.000 veh\u00edculos el\u00e9ctricos MUNDO","og_description":"ESTADOS UNIDOS. \u2014 Hyundai, Kia y Genesis est\u00e1n retirando del mercado unos 208.000 veh\u00edculos el\u00e9ctricos en Estados Unidos debido a un problema que podr\u00eda En Sonora en Equipo publicamos toda la informaci\u00f3n de Sonora, M\u00e9xico y el Mundo de manera oportuna y busca que la libertad de expresi\u00f3n sea real. Visita nuestro medio informativo publicado desde Hermosillo, Sonora. %","og_url":"https:\/\/www.sonoraenequipo.com.mx\/hyundai-y-kia-retiran-del-mercado-208-000-vehiculos-electricos\/","og_site_name":"Sonora en Equipo.","article_publisher":"https:\/\/www.facebook.com\/SonoraEE\/","article_author":"https:\/\/www.facebook.com\/SonoraEE","article_published_time":"2024-11-23T02:24:37+00:00","article_modified_time":"2024-11-23T18:19:24+00:00","og_image":[{"width":900,"height":513,"url":"https:\/\/www.sonoraenequipo.com.mx\/storage\/2024\/11\/hyundai-electrico-min.jpg","type":"image\/jpeg"}],"author":"enequipo","twitter_card":"summary_large_image","twitter_creator":"@sonoraenequipo","twitter_site":"@sonoraenequipo","twitter_misc":{"Escrito por":"enequipo","Tiempo de lectura":"1 minuto"},"schema":{"@context":"https:\/\/schema.org","@graph":[{"@type":"Article","@id":"https:\/\/www.sonoraenequipo.com.mx\/hyundai-y-kia-retiran-del-mercado-208-000-vehiculos-electricos\/#article","isPartOf":{"@id":"https:\/\/www.sonoraenequipo.com.mx\/hyundai-y-kia-retiran-del-mercado-208-000-vehiculos-electricos\/"},"author":{"name":"enequipo","@id":"https:\/\/www.sonoraenequipo.com.mx\/#\/schema\/person\/50102df0fb23a8fa9e8effad8fa81386"},"headline":"Hyundai y Kia retiran del mercado 208.000 veh\u00edculos el\u00e9ctricos","datePublished":"2024-11-23T02:24:37+00:00","dateModified":"2024-11-23T18:19:24+00:00","mainEntityOfPage":{"@id":"https:\/\/www.sonoraenequipo.com.mx\/hyundai-y-kia-retiran-del-mercado-208-000-vehiculos-electricos\/"},"wordCount":215,"commentCount":0,"publisher":{"@id":"https:\/\/www.sonoraenequipo.com.mx\/#organization"},"image":{"@id":"https:\/\/www.sonoraenequipo.com.mx\/hyundai-y-kia-retiran-del-mercado-208-000-vehiculos-electricos\/#primaryimage"},"thumbnailUrl":"https:\/\/www.sonoraenequipo.com.mx\/storage\/2024\/11\/hyundai-electrico-min.jpg","articleSection":["MUNDO"],"inLanguage":"es","potentialAction":[{"@type":"CommentAction","name":"Comment","target":["https:\/\/www.sonoraenequipo.com.mx\/hyundai-y-kia-retiran-del-mercado-208-000-vehiculos-electricos\/#respond"]}]},{"@type":"WebPage","@id":"https:\/\/www.sonoraenequipo.com.mx\/hyundai-y-kia-retiran-del-mercado-208-000-vehiculos-electricos\/","url":"https:\/\/www.sonoraenequipo.com.mx\/hyundai-y-kia-retiran-del-mercado-208-000-vehiculos-electricos\/","name":"Sonora en Equipo. Hyundai y Kia retiran del mercado 208.000 veh\u00edculos el\u00e9ctricos MUNDO","isPartOf":{"@id":"https:\/\/www.sonoraenequipo.com.mx\/#website"},"primaryImageOfPage":{"@id":"https:\/\/www.sonoraenequipo.com.mx\/hyundai-y-kia-retiran-del-mercado-208-000-vehiculos-electricos\/#primaryimage"},"image":{"@id":"https:\/\/www.sonoraenequipo.com.mx\/hyundai-y-kia-retiran-del-mercado-208-000-vehiculos-electricos\/#primaryimage"},"thumbnailUrl":"https:\/\/www.sonoraenequipo.com.mx\/storage\/2024\/11\/hyundai-electrico-min.jpg","datePublished":"2024-11-23T02:24:37+00:00","dateModified":"2024-11-23T18:19:24+00:00","description":"ESTADOS UNIDOS. \u2014 Hyundai, Kia y Genesis est\u00e1n retirando del mercado unos 208.000 veh\u00edculos el\u00e9ctricos en Estados Unidos debido a un problema que podr\u00eda En Sonora en Equipo publicamos toda la informaci\u00f3n de Sonora, M\u00e9xico y el Mundo de manera oportuna y busca que la libertad de expresi\u00f3n sea real. Visita nuestro medio informativo publicado desde Hermosillo, Sonora. %","breadcrumb":{"@id":"https:\/\/www.sonoraenequipo.com.mx\/hyundai-y-kia-retiran-del-mercado-208-000-vehiculos-electricos\/#breadcrumb"},"inLanguage":"es","potentialAction":[{"@type":"ReadAction","target":["https:\/\/www.sonoraenequipo.com.mx\/hyundai-y-kia-retiran-del-mercado-208-000-vehiculos-electricos\/"]}]},{"@type":"ImageObject","inLanguage":"es","@id":"https:\/\/www.sonoraenequipo.com.mx\/hyundai-y-kia-retiran-del-mercado-208-000-vehiculos-electricos\/#primaryimage","url":"https:\/\/www.sonoraenequipo.com.mx\/storage\/2024\/11\/hyundai-electrico-min.jpg","contentUrl":"https:\/\/www.sonoraenequipo.com.mx\/storage\/2024\/11\/hyundai-electrico-min.jpg","width":900,"height":513},{"@type":"BreadcrumbList","@id":"https:\/\/www.sonoraenequipo.com.mx\/hyundai-y-kia-retiran-del-mercado-208-000-vehiculos-electricos\/#breadcrumb","itemListElement":[{"@type":"ListItem","position":1,"name":"Portada","item":"https:\/\/www.sonoraenequipo.com.mx\/"},{"@type":"ListItem","position":2,"name":"Hyundai y Kia retiran del mercado 208.000 veh\u00edculos el\u00e9ctricos"}]},{"@type":"WebSite","@id":"https:\/\/www.sonoraenequipo.com.mx\/#website","url":"https:\/\/www.sonoraenequipo.com.mx\/","name":"Sonora en Equipo.","description":"Diario en l\u00ednea con Noticias desde Hermosillo, Sonora","publisher":{"@id":"https:\/\/www.sonoraenequipo.com.mx\/#organization"},"potentialAction":[{"@type":"SearchAction","target":{"@type":"EntryPoint","urlTemplate":"https:\/\/www.sonoraenequipo.com.mx\/?s={search_term_string}"},"query-input":{"@type":"PropertyValueSpecification","valueRequired":true,"valueName":"search_term_string"}}],"inLanguage":"es"},{"@type":"Organization","@id":"https:\/\/www.sonoraenequipo.com.mx\/#organization","name":"Sonoraenequipo.com.mx","url":"https:\/\/www.sonoraenequipo.com.mx\/","logo":{"@type":"ImageObject","inLanguage":"es","@id":"https:\/\/www.sonoraenequipo.com.mx\/#\/schema\/logo\/image\/","url":"https:\/\/www.sonoraenequipo.com.mx\/storage\/2019\/01\/sonoraenequipo_opt.png","contentUrl":"https:\/\/www.sonoraenequipo.com.mx\/storage\/2019\/01\/sonoraenequipo_opt.png","width":375,"height":125,"caption":"Sonoraenequipo.com.mx"},"image":{"@id":"https:\/\/www.sonoraenequipo.com.mx\/#\/schema\/logo\/image\/"},"sameAs":["https:\/\/www.facebook.com\/SonoraEE\/","https:\/\/x.com\/sonoraenequipo","https:\/\/www.youtube.com\/channel\/UC338nW-lPEYmJQs4ZABQ1SQ"]},{"@type":"Person","@id":"https:\/\/www.sonoraenequipo.com.mx\/#\/schema\/person\/50102df0fb23a8fa9e8effad8fa81386","name":"enequipo","image":{"@type":"ImageObject","inLanguage":"es","@id":"https:\/\/www.sonoraenequipo.com.mx\/#\/schema\/person\/image\/","url":"https:\/\/secure.gravatar.com\/avatar\/049821681b589dabc0bc20695993ccebb09f5b5d4d790cd9251b97faac7c652b?s=96&d=blank&r=g","contentUrl":"https:\/\/secure.gravatar.com\/avatar\/049821681b589dabc0bc20695993ccebb09f5b5d4d790cd9251b97faac7c652b?s=96&d=blank&r=g","caption":"enequipo"},"sameAs":["https:\/\/www.facebook.com\/SonoraEE"]}]}},"jetpack_featured_media_url":"https:\/\/www.sonoraenequipo.com.mx\/storage\/2024\/11\/hyundai-electrico-min.jpg","_links":{"self":[{"href":"https:\/\/www.sonoraenequipo.com.mx\/api\/wp\/v2\/posts\/204712","targetHints":{"allow":["GET"]}}],"collection":[{"href":"https:\/\/www.sonoraenequipo.com.mx\/api\/wp\/v2\/posts"}],"about":[{"href":"https:\/\/www.sonoraenequipo.com.mx\/api\/wp\/v2\/types\/post"}],"author":[{"embeddable":true,"href":"https:\/\/www.sonoraenequipo.com.mx\/api\/wp\/v2\/users\/1"}],"replies":[{"embeddable":true,"href":"https:\/\/www.sonoraenequipo.com.mx\/api\/wp\/v2\/comments?post=204712"}],"version-history":[{"count":1,"href":"https:\/\/www.sonoraenequipo.com.mx\/api\/wp\/v2\/posts\/204712\/revisions"}],"predecessor-version":[{"id":204713,"href":"https:\/\/www.sonoraenequipo.com.mx\/api\/wp\/v2\/posts\/204712\/revisions\/204713"}],"wp:featuredmedia":[{"embeddable":true,"href":"https:\/\/www.sonoraenequipo.com.mx\/api\/wp\/v2\/media\/204705"}],"wp:attachment":[{"href":"https:\/\/www.sonoraenequipo.com.mx\/api\/wp\/v2\/media?parent=204712"}],"wp:term":[{"taxonomy":"category","embeddable":true,"href":"https:\/\/www.sonoraenequipo.com.mx\/api\/wp\/v2\/categories?post=204712"},{"taxonomy":"post_tag","embeddable":true,"href":"https:\/\/www.sonoraenequipo.com.mx\/api\/wp\/v2\/tags?post=204712"}],"curies":[{"name":"wp","href":"https:\/\/api.w.org\/{rel}","templated":true}]}}