{"id":204714,"date":"2024-11-22T22:07:31","date_gmt":"2024-11-23T05:07:31","guid":{"rendered":"https:\/\/www.sonoraenequipo.com.mx\/?p=204714"},"modified":"2024-11-23T11:40:33","modified_gmt":"2024-11-23T18:40:33","slug":"bmv-suspende-nuevamente-cotizacion-de-grupo-elektra-del-magnate-ricardo-salinas","status":"publish","type":"post","link":"https:\/\/www.sonoraenequipo.com.mx\/bmv-suspende-nuevamente-cotizacion-de-grupo-elektra-del-magnate-ricardo-salinas\/","title":{"rendered":"BMV suspende nuevamente cotizaci\u00f3n de Grupo Elektra, del magnate Ricardo Salinas"},"content":{"rendered":"<p><strong>CIUDAD DE M\u00c9XICO. MX. \u2014<\/strong> La Bolsa Mexicana de Valores suspendi\u00f3 este viernes la cotizaci\u00f3n de las acciones de Grupo Elektra, del magnate Ricardo Salinas, momentos despu\u00e9s de informar que las habilitar\u00eda luego de varios meses de suspensi\u00f3n.<\/p>\n<p>&nbsp;<\/p>\n<p>&nbsp;<\/p>\n<p>&nbsp;<\/p>\n<p> <\/p>\n<p>A finales de julio, la Bolsa par\u00f3 la negociaci\u00f3n de los t\u00edtulos de Grupo Elektra luego de que la firma report\u00f3 que hab\u00eda recibido informaci\u00f3n sobre un posible fraude por parte de depositarios de sus acciones.<\/p>\n<p>&nbsp;<\/p>\n<p>&nbsp;<\/p>\n<p>&nbsp;<\/p>\n<p>Sigue la informaci\u00f3n sobre los negocios y la actualidad en Forbes M\u00e9xico<\/p>\n<p>&nbsp;<\/p>\n<p>&nbsp;<\/p>\n<p>&nbsp;<\/p>\n<p>Elektra asegura que suspensi\u00f3n crear\u00e1 inestabilidad en el mercado<\/p>\n<p>&nbsp;<\/p>\n<p>La firma dijo este viernes que ten\u00eda una orden judicial contra la decisi\u00f3n y que la reanudaci\u00f3n de sus operaciones causar\u00eda <strong><em>\u201cda\u00f1os irreparables\u201d<\/em><\/strong> a la empresa y crear\u00eda inestabilidad en el mercado.<\/p>\n<p>&nbsp;<\/p>\n<p>&nbsp;<\/p>\n<p><strong><em>\u201cOrdenar el levantamiento de la suspensi\u00f3n estar\u00eda violentando el derecho de Grupo Elektra de acreditar los elementos de dicho procedimiento judicial en el plazo otorgado\u201d<\/em><\/strong>, afirm\u00f3.<\/p>\n<p>&nbsp;<\/p>\n<p>&nbsp;<\/p>\n<p>PUBLICADO EL 22 DE NOVIEMBRE DE 2024 Con informaci\u00f3n de REUTERS)<\/p>\n","protected":false},"excerpt":{"rendered":"<p>CIUDAD DE M\u00c9XICO. MX. \u2014 La Bolsa Mexicana de Valores suspendi\u00f3 este viernes la cotizaci\u00f3n&#8230;<\/p>\n","protected":false},"author":1,"featured_media":204720,"comment_status":"open","ping_status":"open","sticky":false,"template":"","format":"standard","meta":{"_monsterinsights_skip_tracking":false,"_monsterinsights_sitenote_active":false,"_monsterinsights_sitenote_note":"","_monsterinsights_sitenote_category":0,"footnotes":""},"categories":[5],"tags":[],"class_list":["post"],"yoast_head":" \n<title>Sonora en Equipo. BMV suspende nuevamente cotizaci\u00f3n de Grupo Elektra, del magnate Ricardo Salinas Rep\u00fablica<\/title>\n<meta name=\"description\" content=\"CIUDAD DE M\u00c9XICO. MX. \u2014 La Bolsa Mexicana de Valores suspendi\u00f3 este viernes la cotizaci\u00f3n de las acciones de Grupo Elektra, del magnate Ricardo Salinas, En Sonora en Equipo publicamos toda la informaci\u00f3n de Sonora, M\u00e9xico y el Mundo de manera oportuna y busca que la libertad de expresi\u00f3n sea real. Visita nuestro medio informativo publicado desde Hermosillo, Sonora. %\" \/>\n<meta name=\"robots\" content=\"index, follow, max-snippet:-1, max-image-preview:large, max-video-preview:-1\" \/>\n<link rel=\"canonical\" href=\"https:\/\/www.sonoraenequipo.com.mx\/bmv-suspende-nuevamente-cotizacion-de-grupo-elektra-del-magnate-ricardo-salinas\/\" \/>\n<meta property=\"og:locale\" content=\"es_ES\" \/>\n<meta property=\"og:type\" content=\"article\" \/>\n<meta property=\"og:title\" content=\"Sonora en Equipo. BMV suspende nuevamente cotizaci\u00f3n de Grupo Elektra, del magnate Ricardo Salinas Rep\u00fablica\" \/>\n<meta property=\"og:description\" content=\"CIUDAD DE M\u00c9XICO. MX. \u2014 La Bolsa Mexicana de Valores suspendi\u00f3 este viernes la cotizaci\u00f3n de las acciones de Grupo Elektra, del magnate Ricardo Salinas, En Sonora en Equipo publicamos toda la informaci\u00f3n de Sonora, M\u00e9xico y el Mundo de manera oportuna y busca que la libertad de expresi\u00f3n sea real. Visita nuestro medio informativo publicado desde Hermosillo, Sonora. %\" \/>\n<meta property=\"og:url\" content=\"https:\/\/www.sonoraenequipo.com.mx\/bmv-suspende-nuevamente-cotizacion-de-grupo-elektra-del-magnate-ricardo-salinas\/\" \/>\n<meta property=\"og:site_name\" content=\"Sonora en Equipo.\" \/>\n<meta property=\"article:publisher\" content=\"https:\/\/www.facebook.com\/SonoraEE\/\" \/>\n<meta property=\"article:author\" content=\"https:\/\/www.facebook.com\/SonoraEE\" \/>\n<meta property=\"article:published_time\" content=\"2024-11-23T05:07:31+00:00\" \/>\n<meta property=\"article:modified_time\" content=\"2024-11-23T18:40:33+00:00\" \/>\n<meta property=\"og:image\" content=\"https:\/\/www.sonoraenequipo.com.mx\/storage\/2024\/11\/BMV-suspende-nuevamente-cotizacion-de-Grupo-Elektra-del-magnate-Ricardo-Salinas-min.jpg\" \/>\n\t<meta property=\"og:image:width\" content=\"900\" \/>\n\t<meta property=\"og:image:height\" content=\"506\" \/>\n\t<meta property=\"og:image:type\" content=\"image\/jpeg\" \/>\n<meta name=\"author\" content=\"enequipo\" \/>\n<meta name=\"twitter:card\" content=\"summary_large_image\" \/>\n<meta name=\"twitter:creator\" content=\"@sonoraenequipo\" \/>\n<meta name=\"twitter:site\" content=\"@sonoraenequipo\" \/>\n<meta name=\"twitter:label1\" content=\"Escrito por\" \/>\n\t<meta name=\"twitter:data1\" content=\"enequipo\" \/>\n\t<meta name=\"twitter:label2\" content=\"Tiempo de lectura\" \/>\n\t<meta name=\"twitter:data2\" content=\"1 minuto\" \/>\n<script type=\"application\/ld+json\" class=\"yoast-schema-graph\">{\"@context\":\"https:\/\/schema.org\",\"@graph\":[{\"@type\":\"Article\",\"@id\":\"https:\/\/www.sonoraenequipo.com.mx\/bmv-suspende-nuevamente-cotizacion-de-grupo-elektra-del-magnate-ricardo-salinas\/#article\",\"isPartOf\":{\"@id\":\"https:\/\/www.sonoraenequipo.com.mx\/bmv-suspende-nuevamente-cotizacion-de-grupo-elektra-del-magnate-ricardo-salinas\/\"},\"author\":{\"name\":\"enequipo\",\"@id\":\"https:\/\/www.sonoraenequipo.com.mx\/#\/schema\/person\/50102df0fb23a8fa9e8effad8fa81386\"},\"headline\":\"BMV suspende nuevamente cotizaci\u00f3n de Grupo Elektra, del magnate Ricardo Salinas\",\"datePublished\":\"2024-11-23T05:07:31+00:00\",\"dateModified\":\"2024-11-23T18:40:33+00:00\",\"mainEntityOfPage\":{\"@id\":\"https:\/\/www.sonoraenequipo.com.mx\/bmv-suspende-nuevamente-cotizacion-de-grupo-elektra-del-magnate-ricardo-salinas\/\"},\"wordCount\":208,\"commentCount\":0,\"publisher\":{\"@id\":\"https:\/\/www.sonoraenequipo.com.mx\/#organization\"},\"image\":{\"@id\":\"https:\/\/www.sonoraenequipo.com.mx\/bmv-suspende-nuevamente-cotizacion-de-grupo-elektra-del-magnate-ricardo-salinas\/#primaryimage\"},\"thumbnailUrl\":\"https:\/\/www.sonoraenequipo.com.mx\/storage\/2024\/11\/BMV-suspende-nuevamente-cotizacion-de-Grupo-Elektra-del-magnate-Ricardo-Salinas-min.jpg\",\"articleSection\":[\"Rep\u00fablica\"],\"inLanguage\":\"es\",\"potentialAction\":[{\"@type\":\"CommentAction\",\"name\":\"Comment\",\"target\":[\"https:\/\/www.sonoraenequipo.com.mx\/bmv-suspende-nuevamente-cotizacion-de-grupo-elektra-del-magnate-ricardo-salinas\/#respond\"]}]},{\"@type\":\"WebPage\",\"@id\":\"https:\/\/www.sonoraenequipo.com.mx\/bmv-suspende-nuevamente-cotizacion-de-grupo-elektra-del-magnate-ricardo-salinas\/\",\"url\":\"https:\/\/www.sonoraenequipo.com.mx\/bmv-suspende-nuevamente-cotizacion-de-grupo-elektra-del-magnate-ricardo-salinas\/\",\"name\":\"Sonora en Equipo. BMV suspende nuevamente cotizaci\u00f3n de Grupo Elektra, del magnate Ricardo Salinas Rep\u00fablica\",\"isPartOf\":{\"@id\":\"https:\/\/www.sonoraenequipo.com.mx\/#website\"},\"primaryImageOfPage\":{\"@id\":\"https:\/\/www.sonoraenequipo.com.mx\/bmv-suspende-nuevamente-cotizacion-de-grupo-elektra-del-magnate-ricardo-salinas\/#primaryimage\"},\"image\":{\"@id\":\"https:\/\/www.sonoraenequipo.com.mx\/bmv-suspende-nuevamente-cotizacion-de-grupo-elektra-del-magnate-ricardo-salinas\/#primaryimage\"},\"thumbnailUrl\":\"https:\/\/www.sonoraenequipo.com.mx\/storage\/2024\/11\/BMV-suspende-nuevamente-cotizacion-de-Grupo-Elektra-del-magnate-Ricardo-Salinas-min.jpg\",\"datePublished\":\"2024-11-23T05:07:31+00:00\",\"dateModified\":\"2024-11-23T18:40:33+00:00\",\"description\":\"CIUDAD DE M\u00c9XICO. MX. \u2014 La Bolsa Mexicana de Valores suspendi\u00f3 este viernes la cotizaci\u00f3n de las acciones de Grupo Elektra, del magnate Ricardo Salinas, En Sonora en Equipo publicamos toda la informaci\u00f3n de Sonora, M\u00e9xico y el Mundo de manera oportuna y busca que la libertad de expresi\u00f3n sea real. Visita nuestro medio informativo publicado desde Hermosillo, Sonora. %\",\"breadcrumb\":{\"@id\":\"https:\/\/www.sonoraenequipo.com.mx\/bmv-suspende-nuevamente-cotizacion-de-grupo-elektra-del-magnate-ricardo-salinas\/#breadcrumb\"},\"inLanguage\":\"es\",\"potentialAction\":[{\"@type\":\"ReadAction\",\"target\":[\"https:\/\/www.sonoraenequipo.com.mx\/bmv-suspende-nuevamente-cotizacion-de-grupo-elektra-del-magnate-ricardo-salinas\/\"]}]},{\"@type\":\"ImageObject\",\"inLanguage\":\"es\",\"@id\":\"https:\/\/www.sonoraenequipo.com.mx\/bmv-suspende-nuevamente-cotizacion-de-grupo-elektra-del-magnate-ricardo-salinas\/#primaryimage\",\"url\":\"https:\/\/www.sonoraenequipo.com.mx\/storage\/2024\/11\/BMV-suspende-nuevamente-cotizacion-de-Grupo-Elektra-del-magnate-Ricardo-Salinas-min.jpg\",\"contentUrl\":\"https:\/\/www.sonoraenequipo.com.mx\/storage\/2024\/11\/BMV-suspende-nuevamente-cotizacion-de-Grupo-Elektra-del-magnate-Ricardo-Salinas-min.jpg\",\"width\":900,\"height\":506},{\"@type\":\"BreadcrumbList\",\"@id\":\"https:\/\/www.sonoraenequipo.com.mx\/bmv-suspende-nuevamente-cotizacion-de-grupo-elektra-del-magnate-ricardo-salinas\/#breadcrumb\",\"itemListElement\":[{\"@type\":\"ListItem\",\"position\":1,\"name\":\"Portada\",\"item\":\"https:\/\/www.sonoraenequipo.com.mx\/\"},{\"@type\":\"ListItem\",\"position\":2,\"name\":\"BMV suspende nuevamente cotizaci\u00f3n de Grupo Elektra, del magnate Ricardo Salinas\"}]},{\"@type\":\"WebSite\",\"@id\":\"https:\/\/www.sonoraenequipo.com.mx\/#website\",\"url\":\"https:\/\/www.sonoraenequipo.com.mx\/\",\"name\":\"Sonora en Equipo.\",\"description\":\"Diario en l\u00ednea con Noticias desde Hermosillo, Sonora\",\"publisher\":{\"@id\":\"https:\/\/www.sonoraenequipo.com.mx\/#organization\"},\"potentialAction\":[{\"@type\":\"SearchAction\",\"target\":{\"@type\":\"EntryPoint\",\"urlTemplate\":\"https:\/\/www.sonoraenequipo.com.mx\/?s={search_term_string}\"},\"query-input\":{\"@type\":\"PropertyValueSpecification\",\"valueRequired\":true,\"valueName\":\"search_term_string\"}}],\"inLanguage\":\"es\"},{\"@type\":\"Organization\",\"@id\":\"https:\/\/www.sonoraenequipo.com.mx\/#organization\",\"name\":\"Sonoraenequipo.com.mx\",\"url\":\"https:\/\/www.sonoraenequipo.com.mx\/\",\"logo\":{\"@type\":\"ImageObject\",\"inLanguage\":\"es\",\"@id\":\"https:\/\/www.sonoraenequipo.com.mx\/#\/schema\/logo\/image\/\",\"url\":\"https:\/\/www.sonoraenequipo.com.mx\/storage\/2019\/01\/sonoraenequipo_opt.png\",\"contentUrl\":\"https:\/\/www.sonoraenequipo.com.mx\/storage\/2019\/01\/sonoraenequipo_opt.png\",\"width\":375,\"height\":125,\"caption\":\"Sonoraenequipo.com.mx\"},\"image\":{\"@id\":\"https:\/\/www.sonoraenequipo.com.mx\/#\/schema\/logo\/image\/\"},\"sameAs\":[\"https:\/\/www.facebook.com\/SonoraEE\/\",\"https:\/\/x.com\/sonoraenequipo\",\"https:\/\/www.youtube.com\/channel\/UC338nW-lPEYmJQs4ZABQ1SQ\"]},{\"@type\":\"Person\",\"@id\":\"https:\/\/www.sonoraenequipo.com.mx\/#\/schema\/person\/50102df0fb23a8fa9e8effad8fa81386\",\"name\":\"enequipo\",\"image\":{\"@type\":\"ImageObject\",\"inLanguage\":\"es\",\"@id\":\"https:\/\/www.sonoraenequipo.com.mx\/#\/schema\/person\/image\/\",\"url\":\"https:\/\/secure.gravatar.com\/avatar\/049821681b589dabc0bc20695993ccebb09f5b5d4d790cd9251b97faac7c652b?s=96&d=blank&r=g\",\"contentUrl\":\"https:\/\/secure.gravatar.com\/avatar\/049821681b589dabc0bc20695993ccebb09f5b5d4d790cd9251b97faac7c652b?s=96&d=blank&r=g\",\"caption\":\"enequipo\"},\"sameAs\":[\"https:\/\/www.facebook.com\/SonoraEE\"]}]}<\/script>\n ","yoast_head_json":{"title":"Sonora en Equipo. BMV suspende nuevamente cotizaci\u00f3n de Grupo Elektra, del magnate Ricardo Salinas Rep\u00fablica","description":"CIUDAD DE M\u00c9XICO. MX. \u2014 La Bolsa Mexicana de Valores suspendi\u00f3 este viernes la cotizaci\u00f3n de las acciones de Grupo Elektra, del magnate Ricardo Salinas, En Sonora en Equipo publicamos toda la informaci\u00f3n de Sonora, M\u00e9xico y el Mundo de manera oportuna y busca que la libertad de expresi\u00f3n sea real. Visita nuestro medio informativo publicado desde Hermosillo, Sonora. %","robots":{"index":"index","follow":"follow","max-snippet":"max-snippet:-1","max-image-preview":"max-image-preview:large","max-video-preview":"max-video-preview:-1"},"canonical":"https:\/\/www.sonoraenequipo.com.mx\/bmv-suspende-nuevamente-cotizacion-de-grupo-elektra-del-magnate-ricardo-salinas\/","og_locale":"es_ES","og_type":"article","og_title":"Sonora en Equipo. BMV suspende nuevamente cotizaci\u00f3n de Grupo Elektra, del magnate Ricardo Salinas Rep\u00fablica","og_description":"CIUDAD DE M\u00c9XICO. MX. \u2014 La Bolsa Mexicana de Valores suspendi\u00f3 este viernes la cotizaci\u00f3n de las acciones de Grupo Elektra, del magnate Ricardo Salinas, En Sonora en Equipo publicamos toda la informaci\u00f3n de Sonora, M\u00e9xico y el Mundo de manera oportuna y busca que la libertad de expresi\u00f3n sea real. Visita nuestro medio informativo publicado desde Hermosillo, Sonora. %","og_url":"https:\/\/www.sonoraenequipo.com.mx\/bmv-suspende-nuevamente-cotizacion-de-grupo-elektra-del-magnate-ricardo-salinas\/","og_site_name":"Sonora en Equipo.","article_publisher":"https:\/\/www.facebook.com\/SonoraEE\/","article_author":"https:\/\/www.facebook.com\/SonoraEE","article_published_time":"2024-11-23T05:07:31+00:00","article_modified_time":"2024-11-23T18:40:33+00:00","og_image":[{"width":900,"height":506,"url":"https:\/\/www.sonoraenequipo.com.mx\/storage\/2024\/11\/BMV-suspende-nuevamente-cotizacion-de-Grupo-Elektra-del-magnate-Ricardo-Salinas-min.jpg","type":"image\/jpeg"}],"author":"enequipo","twitter_card":"summary_large_image","twitter_creator":"@sonoraenequipo","twitter_site":"@sonoraenequipo","twitter_misc":{"Escrito por":"enequipo","Tiempo de lectura":"1 minuto"},"schema":{"@context":"https:\/\/schema.org","@graph":[{"@type":"Article","@id":"https:\/\/www.sonoraenequipo.com.mx\/bmv-suspende-nuevamente-cotizacion-de-grupo-elektra-del-magnate-ricardo-salinas\/#article","isPartOf":{"@id":"https:\/\/www.sonoraenequipo.com.mx\/bmv-suspende-nuevamente-cotizacion-de-grupo-elektra-del-magnate-ricardo-salinas\/"},"author":{"name":"enequipo","@id":"https:\/\/www.sonoraenequipo.com.mx\/#\/schema\/person\/50102df0fb23a8fa9e8effad8fa81386"},"headline":"BMV suspende nuevamente cotizaci\u00f3n de Grupo Elektra, del magnate Ricardo Salinas","datePublished":"2024-11-23T05:07:31+00:00","dateModified":"2024-11-23T18:40:33+00:00","mainEntityOfPage":{"@id":"https:\/\/www.sonoraenequipo.com.mx\/bmv-suspende-nuevamente-cotizacion-de-grupo-elektra-del-magnate-ricardo-salinas\/"},"wordCount":208,"commentCount":0,"publisher":{"@id":"https:\/\/www.sonoraenequipo.com.mx\/#organization"},"image":{"@id":"https:\/\/www.sonoraenequipo.com.mx\/bmv-suspende-nuevamente-cotizacion-de-grupo-elektra-del-magnate-ricardo-salinas\/#primaryimage"},"thumbnailUrl":"https:\/\/www.sonoraenequipo.com.mx\/storage\/2024\/11\/BMV-suspende-nuevamente-cotizacion-de-Grupo-Elektra-del-magnate-Ricardo-Salinas-min.jpg","articleSection":["Rep\u00fablica"],"inLanguage":"es","potentialAction":[{"@type":"CommentAction","name":"Comment","target":["https:\/\/www.sonoraenequipo.com.mx\/bmv-suspende-nuevamente-cotizacion-de-grupo-elektra-del-magnate-ricardo-salinas\/#respond"]}]},{"@type":"WebPage","@id":"https:\/\/www.sonoraenequipo.com.mx\/bmv-suspende-nuevamente-cotizacion-de-grupo-elektra-del-magnate-ricardo-salinas\/","url":"https:\/\/www.sonoraenequipo.com.mx\/bmv-suspende-nuevamente-cotizacion-de-grupo-elektra-del-magnate-ricardo-salinas\/","name":"Sonora en Equipo. BMV suspende nuevamente cotizaci\u00f3n de Grupo Elektra, del magnate Ricardo Salinas Rep\u00fablica","isPartOf":{"@id":"https:\/\/www.sonoraenequipo.com.mx\/#website"},"primaryImageOfPage":{"@id":"https:\/\/www.sonoraenequipo.com.mx\/bmv-suspende-nuevamente-cotizacion-de-grupo-elektra-del-magnate-ricardo-salinas\/#primaryimage"},"image":{"@id":"https:\/\/www.sonoraenequipo.com.mx\/bmv-suspende-nuevamente-cotizacion-de-grupo-elektra-del-magnate-ricardo-salinas\/#primaryimage"},"thumbnailUrl":"https:\/\/www.sonoraenequipo.com.mx\/storage\/2024\/11\/BMV-suspende-nuevamente-cotizacion-de-Grupo-Elektra-del-magnate-Ricardo-Salinas-min.jpg","datePublished":"2024-11-23T05:07:31+00:00","dateModified":"2024-11-23T18:40:33+00:00","description":"CIUDAD DE M\u00c9XICO. MX. \u2014 La Bolsa Mexicana de Valores suspendi\u00f3 este viernes la cotizaci\u00f3n de las acciones de Grupo Elektra, del magnate Ricardo Salinas, En Sonora en Equipo publicamos toda la informaci\u00f3n de Sonora, M\u00e9xico y el Mundo de manera oportuna y busca que la libertad de expresi\u00f3n sea real. Visita nuestro medio informativo publicado desde Hermosillo, Sonora. %","breadcrumb":{"@id":"https:\/\/www.sonoraenequipo.com.mx\/bmv-suspende-nuevamente-cotizacion-de-grupo-elektra-del-magnate-ricardo-salinas\/#breadcrumb"},"inLanguage":"es","potentialAction":[{"@type":"ReadAction","target":["https:\/\/www.sonoraenequipo.com.mx\/bmv-suspende-nuevamente-cotizacion-de-grupo-elektra-del-magnate-ricardo-salinas\/"]}]},{"@type":"ImageObject","inLanguage":"es","@id":"https:\/\/www.sonoraenequipo.com.mx\/bmv-suspende-nuevamente-cotizacion-de-grupo-elektra-del-magnate-ricardo-salinas\/#primaryimage","url":"https:\/\/www.sonoraenequipo.com.mx\/storage\/2024\/11\/BMV-suspende-nuevamente-cotizacion-de-Grupo-Elektra-del-magnate-Ricardo-Salinas-min.jpg","contentUrl":"https:\/\/www.sonoraenequipo.com.mx\/storage\/2024\/11\/BMV-suspende-nuevamente-cotizacion-de-Grupo-Elektra-del-magnate-Ricardo-Salinas-min.jpg","width":900,"height":506},{"@type":"BreadcrumbList","@id":"https:\/\/www.sonoraenequipo.com.mx\/bmv-suspende-nuevamente-cotizacion-de-grupo-elektra-del-magnate-ricardo-salinas\/#breadcrumb","itemListElement":[{"@type":"ListItem","position":1,"name":"Portada","item":"https:\/\/www.sonoraenequipo.com.mx\/"},{"@type":"ListItem","position":2,"name":"BMV suspende nuevamente cotizaci\u00f3n de Grupo Elektra, del magnate Ricardo Salinas"}]},{"@type":"WebSite","@id":"https:\/\/www.sonoraenequipo.com.mx\/#website","url":"https:\/\/www.sonoraenequipo.com.mx\/","name":"Sonora en Equipo.","description":"Diario en l\u00ednea con Noticias desde Hermosillo, Sonora","publisher":{"@id":"https:\/\/www.sonoraenequipo.com.mx\/#organization"},"potentialAction":[{"@type":"SearchAction","target":{"@type":"EntryPoint","urlTemplate":"https:\/\/www.sonoraenequipo.com.mx\/?s={search_term_string}"},"query-input":{"@type":"PropertyValueSpecification","valueRequired":true,"valueName":"search_term_string"}}],"inLanguage":"es"},{"@type":"Organization","@id":"https:\/\/www.sonoraenequipo.com.mx\/#organization","name":"Sonoraenequipo.com.mx","url":"https:\/\/www.sonoraenequipo.com.mx\/","logo":{"@type":"ImageObject","inLanguage":"es","@id":"https:\/\/www.sonoraenequipo.com.mx\/#\/schema\/logo\/image\/","url":"https:\/\/www.sonoraenequipo.com.mx\/storage\/2019\/01\/sonoraenequipo_opt.png","contentUrl":"https:\/\/www.sonoraenequipo.com.mx\/storage\/2019\/01\/sonoraenequipo_opt.png","width":375,"height":125,"caption":"Sonoraenequipo.com.mx"},"image":{"@id":"https:\/\/www.sonoraenequipo.com.mx\/#\/schema\/logo\/image\/"},"sameAs":["https:\/\/www.facebook.com\/SonoraEE\/","https:\/\/x.com\/sonoraenequipo","https:\/\/www.youtube.com\/channel\/UC338nW-lPEYmJQs4ZABQ1SQ"]},{"@type":"Person","@id":"https:\/\/www.sonoraenequipo.com.mx\/#\/schema\/person\/50102df0fb23a8fa9e8effad8fa81386","name":"enequipo","image":{"@type":"ImageObject","inLanguage":"es","@id":"https:\/\/www.sonoraenequipo.com.mx\/#\/schema\/person\/image\/","url":"https:\/\/secure.gravatar.com\/avatar\/049821681b589dabc0bc20695993ccebb09f5b5d4d790cd9251b97faac7c652b?s=96&d=blank&r=g","contentUrl":"https:\/\/secure.gravatar.com\/avatar\/049821681b589dabc0bc20695993ccebb09f5b5d4d790cd9251b97faac7c652b?s=96&d=blank&r=g","caption":"enequipo"},"sameAs":["https:\/\/www.facebook.com\/SonoraEE"]}]}},"jetpack_featured_media_url":"https:\/\/www.sonoraenequipo.com.mx\/storage\/2024\/11\/BMV-suspende-nuevamente-cotizacion-de-Grupo-Elektra-del-magnate-Ricardo-Salinas-min.jpg","_links":{"self":[{"href":"https:\/\/www.sonoraenequipo.com.mx\/api\/wp\/v2\/posts\/204714","targetHints":{"allow":["GET"]}}],"collection":[{"href":"https:\/\/www.sonoraenequipo.com.mx\/api\/wp\/v2\/posts"}],"about":[{"href":"https:\/\/www.sonoraenequipo.com.mx\/api\/wp\/v2\/types\/post"}],"author":[{"embeddable":true,"href":"https:\/\/www.sonoraenequipo.com.mx\/api\/wp\/v2\/users\/1"}],"replies":[{"embeddable":true,"href":"https:\/\/www.sonoraenequipo.com.mx\/api\/wp\/v2\/comments?post=204714"}],"version-history":[{"count":1,"href":"https:\/\/www.sonoraenequipo.com.mx\/api\/wp\/v2\/posts\/204714\/revisions"}],"predecessor-version":[{"id":204722,"href":"https:\/\/www.sonoraenequipo.com.mx\/api\/wp\/v2\/posts\/204714\/revisions\/204722"}],"wp:featuredmedia":[{"embeddable":true,"href":"https:\/\/www.sonoraenequipo.com.mx\/api\/wp\/v2\/media\/204720"}],"wp:attachment":[{"href":"https:\/\/www.sonoraenequipo.com.mx\/api\/wp\/v2\/media?parent=204714"}],"wp:term":[{"taxonomy":"category","embeddable":true,"href":"https:\/\/www.sonoraenequipo.com.mx\/api\/wp\/v2\/categories?post=204714"},{"taxonomy":"post_tag","embeddable":true,"href":"https:\/\/www.sonoraenequipo.com.mx\/api\/wp\/v2\/tags?post=204714"}],"curies":[{"name":"wp","href":"https:\/\/api.w.org\/{rel}","templated":true}]}}