{"id":204721,"date":"2024-11-23T12:06:08","date_gmt":"2024-11-23T19:06:08","guid":{"rendered":"https:\/\/www.sonoraenequipo.com.mx\/?p=204721"},"modified":"2024-11-23T12:06:08","modified_gmt":"2024-11-23T19:06:08","slug":"santa-sede-confirma-ultima-gira-apostolica-del-papa-francisco-de-2024-sera-francia","status":"publish","type":"post","link":"https:\/\/www.sonoraenequipo.com.mx\/santa-sede-confirma-ultima-gira-apostolica-del-papa-francisco-de-2024-sera-francia\/","title":{"rendered":"Santa sede confirma \u00faltima gira apost\u00f3lica del Papa Francisco de 2024 \u00a0ser\u00e1 Francia"},"content":{"rendered":"<p><strong>EL VATICANO.<\/strong><strong> \u0336 \u0336\u00a0 <\/strong>La Santa Sede confirm\u00f3 este s\u00e1bado los rumores de que el Papa Francisco emprender\u00e1 un viaje apost\u00f3lico de un d\u00eda a C\u00f3rcega (Francia) el pr\u00f3ximo mes, lo que marca la primera visita papal a la isla m\u00e1s famosa por ser el lugar de nacimiento de Napole\u00f3n Bonaparte.<\/p>\n<p>&nbsp;<\/p>\n<p>El portavoz del Vaticano, Matteo Bruni, confirm\u00f3 que el Papa hab\u00eda aceptado una invitaci\u00f3n de las autoridades civiles y eclesi\u00e1sticas francesas para visitar Ajaccio, la capital de la isla, el 15 de diciembre de 2024.<\/p>\n<p>&nbsp;<\/p>\n<p>Esta ser\u00e1 el 47\u00ba viaje apost\u00f3lico del Papa Francisco al exterior y su tercera visita a territorio franc\u00e9s, tras los viajes a Estrasburgo en 2014 y Marsella en 2023.<\/p>\n<p>&nbsp;<\/p>\n<p>En ambas ocasiones, el pont\u00edfice habl\u00f3 sobre la migraci\u00f3n. Esta visita contin\u00faa el compromiso del Papa Francisco con la regi\u00f3n mediterr\u00e1nea, tras viajes anteriores a Lampedusa, Lesbos y Malta, donde subray\u00f3 el llamado de la Iglesia a la solidaridad con los migrantes y las comunidades costeras.<\/p>\n<p>&nbsp;<\/p>\n<p>El Papa Francisco ser\u00e1 recibido en Ajaccio por el Cardenal Fran\u00e7ois-Xavier Bustillo, quien fue creado cardenal por Francisco el a\u00f1o pasado y dirige una di\u00f3cesis donde m\u00e1s del 80% de los 340.000 habitantes de la isla se identifican como cat\u00f3licos.<\/p>\n<p>&nbsp;<\/p>\n<p>El viaje desde Roma hasta el aeropuerto Napole\u00f3n Bonaparte de Ajaccio durar\u00e1 poco m\u00e1s de una hora, lo que lo convierte en uno de los viajes internacionales m\u00e1s cortos del Papa, ya que abarca aproximadamente 300 kil\u00f3metros. Aunque t\u00e9cnicamente se trata de una visita a territorio franc\u00e9s, la isla mediterr\u00e1nea se encuentra m\u00e1s cerca de Italia que de Francia continental.<\/p>\n<p>El programa del pont\u00edfice incluye la sesi\u00f3n de clausura de un congreso dedicado a la religiosidad popular mediterr\u00e1nea por la ma\u00f1ana, seguida de una Misa por la tarde en la hist\u00f3rica Place d&#8217;Austerlitz, conocida localmente como \u201cU Casone\u201d.<\/p>\n<p>&nbsp;<\/p>\n<p>El Papa rezar\u00e1 el \u00c1ngelus con obispos, sacerdotes, di\u00e1conos, consagrados y seminaristas en la Catedral de Nuestra Se\u00f1ora de la Asunci\u00f3n de Ajaccio.<\/p>\n<p>&nbsp;<\/p>\n<p>Esta monta\u00f1osa isla mediterr\u00e1nea es conocida por sus tradiciones religiosas distintivas, incluida una profunda devoci\u00f3n a la Virgen Mar\u00eda. El himno no oficial de la isla, \u201cDiu vi Salvi Regina\u201d, se basa originalmente en una versi\u00f3n de \u201cDios te salve, Reina\u201d.<\/p>\n<p>&nbsp;<\/p>\n<p>&nbsp;<\/p>\n<p>Tomando como referencia los Hechos de los Ap\u00f3stoles (10,38), el lema de la visita, \u201cJes\u00fas pas\u00f3 haciendo el bien\u201d, refleja lo que fuentes vaticanas describen como el car\u00e1cter fundamentalmente pastoral de la presencia del Papa entre los fieles.<\/p>\n<p>&nbsp;<\/p>\n<p>El logotipo oficial del viaje presenta de forma destacada a Mar\u00eda, venerada como Reina de C\u00f3rcega, sobre un fondo azul mediterr\u00e1neo e incorporando simbolismo cristiano tradicional, incluida una cruz que representa la fe en Cristo y una l\u00ednea descendente que sugiere la presencia del Esp\u00edritu Santo.<\/p>\n<p><strong>Fecha de publicaci\u00f3n s\u00e1bado 23 \u00a0de noviembre de 2024 \/ACI Prensa <\/strong><\/p>\n","protected":false},"excerpt":{"rendered":"<p>EL VATICANO. \u0336 \u0336\u00a0 La Santa Sede confirm\u00f3 este s\u00e1bado los rumores de que el&#8230;<\/p>\n","protected":false},"author":1,"featured_media":199707,"comment_status":"open","ping_status":"open","sticky":false,"template":"","format":"standard","meta":{"_monsterinsights_skip_tracking":false,"_monsterinsights_sitenote_active":false,"_monsterinsights_sitenote_note":"","_monsterinsights_sitenote_category":0,"footnotes":""},"categories":[3],"tags":[3552,5872],"class_list":["post"],"yoast_head":" \n<title>Sonora en Equipo. Santa sede confirma \u00faltima gira apost\u00f3lica del Papa Francisco de 2024 \u00a0ser\u00e1 Francia MUNDO<\/title>\n<meta name=\"description\" content=\"EL VATICANO. \u0336 \u0336\u00a0 La Santa Sede confirm\u00f3 este s\u00e1bado los rumores de que el Papa Francisco emprender\u00e1 un viaje apost\u00f3lico de un d\u00eda a C\u00f3rcega (Francia) el En Sonora en Equipo publicamos toda la informaci\u00f3n de Sonora, M\u00e9xico y el Mundo de manera oportuna y busca que la libertad de expresi\u00f3n sea real. Visita nuestro medio informativo publicado desde Hermosillo, Sonora. %\" \/>\n<meta name=\"robots\" content=\"index, follow, max-snippet:-1, max-image-preview:large, max-video-preview:-1\" \/>\n<link rel=\"canonical\" href=\"https:\/\/www.sonoraenequipo.com.mx\/santa-sede-confirma-ultima-gira-apostolica-del-papa-francisco-de-2024-sera-francia\/\" \/>\n<meta property=\"og:locale\" content=\"es_ES\" \/>\n<meta property=\"og:type\" content=\"article\" \/>\n<meta property=\"og:title\" content=\"Sonora en Equipo. Santa sede confirma \u00faltima gira apost\u00f3lica del Papa Francisco de 2024 \u00a0ser\u00e1 Francia MUNDO\" \/>\n<meta property=\"og:description\" content=\"EL VATICANO. \u0336 \u0336\u00a0 La Santa Sede confirm\u00f3 este s\u00e1bado los rumores de que el Papa Francisco emprender\u00e1 un viaje apost\u00f3lico de un d\u00eda a C\u00f3rcega (Francia) el En Sonora en Equipo publicamos toda la informaci\u00f3n de Sonora, M\u00e9xico y el Mundo de manera oportuna y busca que la libertad de expresi\u00f3n sea real. Visita nuestro medio informativo publicado desde Hermosillo, Sonora. %\" \/>\n<meta property=\"og:url\" content=\"https:\/\/www.sonoraenequipo.com.mx\/santa-sede-confirma-ultima-gira-apostolica-del-papa-francisco-de-2024-sera-francia\/\" \/>\n<meta property=\"og:site_name\" content=\"Sonora en Equipo.\" \/>\n<meta property=\"article:publisher\" content=\"https:\/\/www.facebook.com\/SonoraEE\/\" \/>\n<meta property=\"article:author\" content=\"https:\/\/www.facebook.com\/SonoraEE\" \/>\n<meta property=\"article:published_time\" content=\"2024-11-23T19:06:08+00:00\" \/>\n<meta property=\"og:image\" content=\"https:\/\/www.sonoraenequipo.com.mx\/storage\/2024\/09\/papa-francisco-min.jpg\" \/>\n\t<meta property=\"og:image:width\" content=\"900\" \/>\n\t<meta property=\"og:image:height\" content=\"508\" \/>\n\t<meta property=\"og:image:type\" content=\"image\/jpeg\" \/>\n<meta name=\"author\" content=\"enequipo\" \/>\n<meta name=\"twitter:card\" content=\"summary_large_image\" \/>\n<meta name=\"twitter:creator\" content=\"@sonoraenequipo\" \/>\n<meta name=\"twitter:site\" content=\"@sonoraenequipo\" \/>\n<meta name=\"twitter:label1\" content=\"Escrito por\" \/>\n\t<meta name=\"twitter:data1\" content=\"enequipo\" \/>\n\t<meta name=\"twitter:label2\" content=\"Tiempo de lectura\" \/>\n\t<meta name=\"twitter:data2\" content=\"3 minutos\" \/>\n<script type=\"application\/ld+json\" class=\"yoast-schema-graph\">{\"@context\":\"https:\/\/schema.org\",\"@graph\":[{\"@type\":\"Article\",\"@id\":\"https:\/\/www.sonoraenequipo.com.mx\/santa-sede-confirma-ultima-gira-apostolica-del-papa-francisco-de-2024-sera-francia\/#article\",\"isPartOf\":{\"@id\":\"https:\/\/www.sonoraenequipo.com.mx\/santa-sede-confirma-ultima-gira-apostolica-del-papa-francisco-de-2024-sera-francia\/\"},\"author\":{\"name\":\"enequipo\",\"@id\":\"https:\/\/www.sonoraenequipo.com.mx\/#\/schema\/person\/50102df0fb23a8fa9e8effad8fa81386\"},\"headline\":\"Santa sede confirma \u00faltima gira apost\u00f3lica del Papa Francisco de 2024 \u00a0ser\u00e1 Francia\",\"datePublished\":\"2024-11-23T19:06:08+00:00\",\"mainEntityOfPage\":{\"@id\":\"https:\/\/www.sonoraenequipo.com.mx\/santa-sede-confirma-ultima-gira-apostolica-del-papa-francisco-de-2024-sera-francia\/\"},\"wordCount\":522,\"commentCount\":0,\"publisher\":{\"@id\":\"https:\/\/www.sonoraenequipo.com.mx\/#organization\"},\"image\":{\"@id\":\"https:\/\/www.sonoraenequipo.com.mx\/santa-sede-confirma-ultima-gira-apostolica-del-papa-francisco-de-2024-sera-francia\/#primaryimage\"},\"thumbnailUrl\":\"https:\/\/www.sonoraenequipo.com.mx\/storage\/2024\/09\/papa-francisco-min.jpg\",\"keywords\":[\"FRANCISCO\",\"papa\"],\"articleSection\":[\"MUNDO\"],\"inLanguage\":\"es\",\"potentialAction\":[{\"@type\":\"CommentAction\",\"name\":\"Comment\",\"target\":[\"https:\/\/www.sonoraenequipo.com.mx\/santa-sede-confirma-ultima-gira-apostolica-del-papa-francisco-de-2024-sera-francia\/#respond\"]}]},{\"@type\":\"WebPage\",\"@id\":\"https:\/\/www.sonoraenequipo.com.mx\/santa-sede-confirma-ultima-gira-apostolica-del-papa-francisco-de-2024-sera-francia\/\",\"url\":\"https:\/\/www.sonoraenequipo.com.mx\/santa-sede-confirma-ultima-gira-apostolica-del-papa-francisco-de-2024-sera-francia\/\",\"name\":\"Sonora en Equipo. Santa sede confirma \u00faltima gira apost\u00f3lica del Papa Francisco de 2024 \u00a0ser\u00e1 Francia MUNDO\",\"isPartOf\":{\"@id\":\"https:\/\/www.sonoraenequipo.com.mx\/#website\"},\"primaryImageOfPage\":{\"@id\":\"https:\/\/www.sonoraenequipo.com.mx\/santa-sede-confirma-ultima-gira-apostolica-del-papa-francisco-de-2024-sera-francia\/#primaryimage\"},\"image\":{\"@id\":\"https:\/\/www.sonoraenequipo.com.mx\/santa-sede-confirma-ultima-gira-apostolica-del-papa-francisco-de-2024-sera-francia\/#primaryimage\"},\"thumbnailUrl\":\"https:\/\/www.sonoraenequipo.com.mx\/storage\/2024\/09\/papa-francisco-min.jpg\",\"datePublished\":\"2024-11-23T19:06:08+00:00\",\"description\":\"EL VATICANO. \u0336 \u0336\u00a0 La Santa Sede confirm\u00f3 este s\u00e1bado los rumores de que el Papa Francisco emprender\u00e1 un viaje apost\u00f3lico de un d\u00eda a C\u00f3rcega (Francia) el En Sonora en Equipo publicamos toda la informaci\u00f3n de Sonora, M\u00e9xico y el Mundo de manera oportuna y busca que la libertad de expresi\u00f3n sea real. Visita nuestro medio informativo publicado desde Hermosillo, Sonora. %\",\"breadcrumb\":{\"@id\":\"https:\/\/www.sonoraenequipo.com.mx\/santa-sede-confirma-ultima-gira-apostolica-del-papa-francisco-de-2024-sera-francia\/#breadcrumb\"},\"inLanguage\":\"es\",\"potentialAction\":[{\"@type\":\"ReadAction\",\"target\":[\"https:\/\/www.sonoraenequipo.com.mx\/santa-sede-confirma-ultima-gira-apostolica-del-papa-francisco-de-2024-sera-francia\/\"]}]},{\"@type\":\"ImageObject\",\"inLanguage\":\"es\",\"@id\":\"https:\/\/www.sonoraenequipo.com.mx\/santa-sede-confirma-ultima-gira-apostolica-del-papa-francisco-de-2024-sera-francia\/#primaryimage\",\"url\":\"https:\/\/www.sonoraenequipo.com.mx\/storage\/2024\/09\/papa-francisco-min.jpg\",\"contentUrl\":\"https:\/\/www.sonoraenequipo.com.mx\/storage\/2024\/09\/papa-francisco-min.jpg\",\"width\":900,\"height\":508},{\"@type\":\"BreadcrumbList\",\"@id\":\"https:\/\/www.sonoraenequipo.com.mx\/santa-sede-confirma-ultima-gira-apostolica-del-papa-francisco-de-2024-sera-francia\/#breadcrumb\",\"itemListElement\":[{\"@type\":\"ListItem\",\"position\":1,\"name\":\"Portada\",\"item\":\"https:\/\/www.sonoraenequipo.com.mx\/\"},{\"@type\":\"ListItem\",\"position\":2,\"name\":\"Santa sede confirma \u00faltima gira apost\u00f3lica del Papa Francisco de 2024 \u00a0ser\u00e1 Francia\"}]},{\"@type\":\"WebSite\",\"@id\":\"https:\/\/www.sonoraenequipo.com.mx\/#website\",\"url\":\"https:\/\/www.sonoraenequipo.com.mx\/\",\"name\":\"Sonora en Equipo.\",\"description\":\"Diario en l\u00ednea con Noticias desde Hermosillo, Sonora\",\"publisher\":{\"@id\":\"https:\/\/www.sonoraenequipo.com.mx\/#organization\"},\"potentialAction\":[{\"@type\":\"SearchAction\",\"target\":{\"@type\":\"EntryPoint\",\"urlTemplate\":\"https:\/\/www.sonoraenequipo.com.mx\/?s={search_term_string}\"},\"query-input\":{\"@type\":\"PropertyValueSpecification\",\"valueRequired\":true,\"valueName\":\"search_term_string\"}}],\"inLanguage\":\"es\"},{\"@type\":\"Organization\",\"@id\":\"https:\/\/www.sonoraenequipo.com.mx\/#organization\",\"name\":\"Sonoraenequipo.com.mx\",\"url\":\"https:\/\/www.sonoraenequipo.com.mx\/\",\"logo\":{\"@type\":\"ImageObject\",\"inLanguage\":\"es\",\"@id\":\"https:\/\/www.sonoraenequipo.com.mx\/#\/schema\/logo\/image\/\",\"url\":\"https:\/\/www.sonoraenequipo.com.mx\/storage\/2019\/01\/sonoraenequipo_opt.png\",\"contentUrl\":\"https:\/\/www.sonoraenequipo.com.mx\/storage\/2019\/01\/sonoraenequipo_opt.png\",\"width\":375,\"height\":125,\"caption\":\"Sonoraenequipo.com.mx\"},\"image\":{\"@id\":\"https:\/\/www.sonoraenequipo.com.mx\/#\/schema\/logo\/image\/\"},\"sameAs\":[\"https:\/\/www.facebook.com\/SonoraEE\/\",\"https:\/\/x.com\/sonoraenequipo\",\"https:\/\/www.youtube.com\/channel\/UC338nW-lPEYmJQs4ZABQ1SQ\"]},{\"@type\":\"Person\",\"@id\":\"https:\/\/www.sonoraenequipo.com.mx\/#\/schema\/person\/50102df0fb23a8fa9e8effad8fa81386\",\"name\":\"enequipo\",\"image\":{\"@type\":\"ImageObject\",\"inLanguage\":\"es\",\"@id\":\"https:\/\/www.sonoraenequipo.com.mx\/#\/schema\/person\/image\/\",\"url\":\"https:\/\/secure.gravatar.com\/avatar\/049821681b589dabc0bc20695993ccebb09f5b5d4d790cd9251b97faac7c652b?s=96&d=blank&r=g\",\"contentUrl\":\"https:\/\/secure.gravatar.com\/avatar\/049821681b589dabc0bc20695993ccebb09f5b5d4d790cd9251b97faac7c652b?s=96&d=blank&r=g\",\"caption\":\"enequipo\"},\"sameAs\":[\"https:\/\/www.facebook.com\/SonoraEE\"]}]}<\/script>\n ","yoast_head_json":{"title":"Sonora en Equipo. Santa sede confirma \u00faltima gira apost\u00f3lica del Papa Francisco de 2024 \u00a0ser\u00e1 Francia MUNDO","description":"EL VATICANO. \u0336 \u0336\u00a0 La Santa Sede confirm\u00f3 este s\u00e1bado los rumores de que el Papa Francisco emprender\u00e1 un viaje apost\u00f3lico de un d\u00eda a C\u00f3rcega (Francia) el En Sonora en Equipo publicamos toda la informaci\u00f3n de Sonora, M\u00e9xico y el Mundo de manera oportuna y busca que la libertad de expresi\u00f3n sea real. Visita nuestro medio informativo publicado desde Hermosillo, Sonora. %","robots":{"index":"index","follow":"follow","max-snippet":"max-snippet:-1","max-image-preview":"max-image-preview:large","max-video-preview":"max-video-preview:-1"},"canonical":"https:\/\/www.sonoraenequipo.com.mx\/santa-sede-confirma-ultima-gira-apostolica-del-papa-francisco-de-2024-sera-francia\/","og_locale":"es_ES","og_type":"article","og_title":"Sonora en Equipo. Santa sede confirma \u00faltima gira apost\u00f3lica del Papa Francisco de 2024 \u00a0ser\u00e1 Francia MUNDO","og_description":"EL VATICANO. \u0336 \u0336\u00a0 La Santa Sede confirm\u00f3 este s\u00e1bado los rumores de que el Papa Francisco emprender\u00e1 un viaje apost\u00f3lico de un d\u00eda a C\u00f3rcega (Francia) el En Sonora en Equipo publicamos toda la informaci\u00f3n de Sonora, M\u00e9xico y el Mundo de manera oportuna y busca que la libertad de expresi\u00f3n sea real. Visita nuestro medio informativo publicado desde Hermosillo, Sonora. %","og_url":"https:\/\/www.sonoraenequipo.com.mx\/santa-sede-confirma-ultima-gira-apostolica-del-papa-francisco-de-2024-sera-francia\/","og_site_name":"Sonora en Equipo.","article_publisher":"https:\/\/www.facebook.com\/SonoraEE\/","article_author":"https:\/\/www.facebook.com\/SonoraEE","article_published_time":"2024-11-23T19:06:08+00:00","og_image":[{"width":900,"height":508,"url":"https:\/\/www.sonoraenequipo.com.mx\/storage\/2024\/09\/papa-francisco-min.jpg","type":"image\/jpeg"}],"author":"enequipo","twitter_card":"summary_large_image","twitter_creator":"@sonoraenequipo","twitter_site":"@sonoraenequipo","twitter_misc":{"Escrito por":"enequipo","Tiempo de lectura":"3 minutos"},"schema":{"@context":"https:\/\/schema.org","@graph":[{"@type":"Article","@id":"https:\/\/www.sonoraenequipo.com.mx\/santa-sede-confirma-ultima-gira-apostolica-del-papa-francisco-de-2024-sera-francia\/#article","isPartOf":{"@id":"https:\/\/www.sonoraenequipo.com.mx\/santa-sede-confirma-ultima-gira-apostolica-del-papa-francisco-de-2024-sera-francia\/"},"author":{"name":"enequipo","@id":"https:\/\/www.sonoraenequipo.com.mx\/#\/schema\/person\/50102df0fb23a8fa9e8effad8fa81386"},"headline":"Santa sede confirma \u00faltima gira apost\u00f3lica del Papa Francisco de 2024 \u00a0ser\u00e1 Francia","datePublished":"2024-11-23T19:06:08+00:00","mainEntityOfPage":{"@id":"https:\/\/www.sonoraenequipo.com.mx\/santa-sede-confirma-ultima-gira-apostolica-del-papa-francisco-de-2024-sera-francia\/"},"wordCount":522,"commentCount":0,"publisher":{"@id":"https:\/\/www.sonoraenequipo.com.mx\/#organization"},"image":{"@id":"https:\/\/www.sonoraenequipo.com.mx\/santa-sede-confirma-ultima-gira-apostolica-del-papa-francisco-de-2024-sera-francia\/#primaryimage"},"thumbnailUrl":"https:\/\/www.sonoraenequipo.com.mx\/storage\/2024\/09\/papa-francisco-min.jpg","keywords":["FRANCISCO","papa"],"articleSection":["MUNDO"],"inLanguage":"es","potentialAction":[{"@type":"CommentAction","name":"Comment","target":["https:\/\/www.sonoraenequipo.com.mx\/santa-sede-confirma-ultima-gira-apostolica-del-papa-francisco-de-2024-sera-francia\/#respond"]}]},{"@type":"WebPage","@id":"https:\/\/www.sonoraenequipo.com.mx\/santa-sede-confirma-ultima-gira-apostolica-del-papa-francisco-de-2024-sera-francia\/","url":"https:\/\/www.sonoraenequipo.com.mx\/santa-sede-confirma-ultima-gira-apostolica-del-papa-francisco-de-2024-sera-francia\/","name":"Sonora en Equipo. Santa sede confirma \u00faltima gira apost\u00f3lica del Papa Francisco de 2024 \u00a0ser\u00e1 Francia MUNDO","isPartOf":{"@id":"https:\/\/www.sonoraenequipo.com.mx\/#website"},"primaryImageOfPage":{"@id":"https:\/\/www.sonoraenequipo.com.mx\/santa-sede-confirma-ultima-gira-apostolica-del-papa-francisco-de-2024-sera-francia\/#primaryimage"},"image":{"@id":"https:\/\/www.sonoraenequipo.com.mx\/santa-sede-confirma-ultima-gira-apostolica-del-papa-francisco-de-2024-sera-francia\/#primaryimage"},"thumbnailUrl":"https:\/\/www.sonoraenequipo.com.mx\/storage\/2024\/09\/papa-francisco-min.jpg","datePublished":"2024-11-23T19:06:08+00:00","description":"EL VATICANO. \u0336 \u0336\u00a0 La Santa Sede confirm\u00f3 este s\u00e1bado los rumores de que el Papa Francisco emprender\u00e1 un viaje apost\u00f3lico de un d\u00eda a C\u00f3rcega (Francia) el En Sonora en Equipo publicamos toda la informaci\u00f3n de Sonora, M\u00e9xico y el Mundo de manera oportuna y busca que la libertad de expresi\u00f3n sea real. Visita nuestro medio informativo publicado desde Hermosillo, Sonora. %","breadcrumb":{"@id":"https:\/\/www.sonoraenequipo.com.mx\/santa-sede-confirma-ultima-gira-apostolica-del-papa-francisco-de-2024-sera-francia\/#breadcrumb"},"inLanguage":"es","potentialAction":[{"@type":"ReadAction","target":["https:\/\/www.sonoraenequipo.com.mx\/santa-sede-confirma-ultima-gira-apostolica-del-papa-francisco-de-2024-sera-francia\/"]}]},{"@type":"ImageObject","inLanguage":"es","@id":"https:\/\/www.sonoraenequipo.com.mx\/santa-sede-confirma-ultima-gira-apostolica-del-papa-francisco-de-2024-sera-francia\/#primaryimage","url":"https:\/\/www.sonoraenequipo.com.mx\/storage\/2024\/09\/papa-francisco-min.jpg","contentUrl":"https:\/\/www.sonoraenequipo.com.mx\/storage\/2024\/09\/papa-francisco-min.jpg","width":900,"height":508},{"@type":"BreadcrumbList","@id":"https:\/\/www.sonoraenequipo.com.mx\/santa-sede-confirma-ultima-gira-apostolica-del-papa-francisco-de-2024-sera-francia\/#breadcrumb","itemListElement":[{"@type":"ListItem","position":1,"name":"Portada","item":"https:\/\/www.sonoraenequipo.com.mx\/"},{"@type":"ListItem","position":2,"name":"Santa sede confirma \u00faltima gira apost\u00f3lica del Papa Francisco de 2024 \u00a0ser\u00e1 Francia"}]},{"@type":"WebSite","@id":"https:\/\/www.sonoraenequipo.com.mx\/#website","url":"https:\/\/www.sonoraenequipo.com.mx\/","name":"Sonora en Equipo.","description":"Diario en l\u00ednea con Noticias desde Hermosillo, Sonora","publisher":{"@id":"https:\/\/www.sonoraenequipo.com.mx\/#organization"},"potentialAction":[{"@type":"SearchAction","target":{"@type":"EntryPoint","urlTemplate":"https:\/\/www.sonoraenequipo.com.mx\/?s={search_term_string}"},"query-input":{"@type":"PropertyValueSpecification","valueRequired":true,"valueName":"search_term_string"}}],"inLanguage":"es"},{"@type":"Organization","@id":"https:\/\/www.sonoraenequipo.com.mx\/#organization","name":"Sonoraenequipo.com.mx","url":"https:\/\/www.sonoraenequipo.com.mx\/","logo":{"@type":"ImageObject","inLanguage":"es","@id":"https:\/\/www.sonoraenequipo.com.mx\/#\/schema\/logo\/image\/","url":"https:\/\/www.sonoraenequipo.com.mx\/storage\/2019\/01\/sonoraenequipo_opt.png","contentUrl":"https:\/\/www.sonoraenequipo.com.mx\/storage\/2019\/01\/sonoraenequipo_opt.png","width":375,"height":125,"caption":"Sonoraenequipo.com.mx"},"image":{"@id":"https:\/\/www.sonoraenequipo.com.mx\/#\/schema\/logo\/image\/"},"sameAs":["https:\/\/www.facebook.com\/SonoraEE\/","https:\/\/x.com\/sonoraenequipo","https:\/\/www.youtube.com\/channel\/UC338nW-lPEYmJQs4ZABQ1SQ"]},{"@type":"Person","@id":"https:\/\/www.sonoraenequipo.com.mx\/#\/schema\/person\/50102df0fb23a8fa9e8effad8fa81386","name":"enequipo","image":{"@type":"ImageObject","inLanguage":"es","@id":"https:\/\/www.sonoraenequipo.com.mx\/#\/schema\/person\/image\/","url":"https:\/\/secure.gravatar.com\/avatar\/049821681b589dabc0bc20695993ccebb09f5b5d4d790cd9251b97faac7c652b?s=96&d=blank&r=g","contentUrl":"https:\/\/secure.gravatar.com\/avatar\/049821681b589dabc0bc20695993ccebb09f5b5d4d790cd9251b97faac7c652b?s=96&d=blank&r=g","caption":"enequipo"},"sameAs":["https:\/\/www.facebook.com\/SonoraEE"]}]}},"jetpack_featured_media_url":"https:\/\/www.sonoraenequipo.com.mx\/storage\/2024\/09\/papa-francisco-min.jpg","_links":{"self":[{"href":"https:\/\/www.sonoraenequipo.com.mx\/api\/wp\/v2\/posts\/204721","targetHints":{"allow":["GET"]}}],"collection":[{"href":"https:\/\/www.sonoraenequipo.com.mx\/api\/wp\/v2\/posts"}],"about":[{"href":"https:\/\/www.sonoraenequipo.com.mx\/api\/wp\/v2\/types\/post"}],"author":[{"embeddable":true,"href":"https:\/\/www.sonoraenequipo.com.mx\/api\/wp\/v2\/users\/1"}],"replies":[{"embeddable":true,"href":"https:\/\/www.sonoraenequipo.com.mx\/api\/wp\/v2\/comments?post=204721"}],"version-history":[{"count":1,"href":"https:\/\/www.sonoraenequipo.com.mx\/api\/wp\/v2\/posts\/204721\/revisions"}],"predecessor-version":[{"id":204730,"href":"https:\/\/www.sonoraenequipo.com.mx\/api\/wp\/v2\/posts\/204721\/revisions\/204730"}],"wp:featuredmedia":[{"embeddable":true,"href":"https:\/\/www.sonoraenequipo.com.mx\/api\/wp\/v2\/media\/199707"}],"wp:attachment":[{"href":"https:\/\/www.sonoraenequipo.com.mx\/api\/wp\/v2\/media?parent=204721"}],"wp:term":[{"taxonomy":"category","embeddable":true,"href":"https:\/\/www.sonoraenequipo.com.mx\/api\/wp\/v2\/categories?post=204721"},{"taxonomy":"post_tag","embeddable":true,"href":"https:\/\/www.sonoraenequipo.com.mx\/api\/wp\/v2\/tags?post=204721"}],"curies":[{"name":"wp","href":"https:\/\/api.w.org\/{rel}","templated":true}]}}