{"id":204729,"date":"2024-11-23T07:23:01","date_gmt":"2024-11-23T14:23:01","guid":{"rendered":"https:\/\/www.sonoraenequipo.com.mx\/?p=204729"},"modified":"2024-11-23T12:24:07","modified_gmt":"2024-11-23T19:24:07","slug":"representantes-laborales-de-vw-votan-a-favor-de-las-huelgas-a-partir-de-principios-de-diciembre","status":"publish","type":"post","link":"https:\/\/www.sonoraenequipo.com.mx\/representantes-laborales-de-vw-votan-a-favor-de-las-huelgas-a-partir-de-principios-de-diciembre\/","title":{"rendered":"Representantes laborales de VW votan a favor de las huelgas a partir de principios de diciembre"},"content":{"rendered":"<p><strong>BONN, ALEMANIA. \u2014<\/strong> Los representantes laborales votaron el viernes a favor de huelgas limitadas en las operaciones alemanas de VW desde principios de diciembre, dijo su sindicato, despu\u00e9s de que las conversaciones sobre salarios y cierres de plantas no lograron un avance. Los paros de diciembre ser\u00edan las primeras huelgas a gran escala en VW desde 2018, cuando m\u00e1s de 50,000 trabajadores salieron a las calles por sus salarios.<\/p>\n<p>&nbsp;<\/p>\n<p>&nbsp;<\/p>\n<p>&nbsp;<\/p>\n<p> <\/p>\n<p>La votaci\u00f3n del viernes marca una nueva escalada entre el principal fabricante de autom\u00f3viles de Europa y sus trabajadores por los despidos masivos, los recortes salariales y los posibles cierres de plantas, medidas dr\u00e1sticas que la compa\u00f1\u00eda no puede descartar ante la competencia china y el enfriamiento de la demanda.<\/p>\n<p>&nbsp;<\/p>\n<p>&nbsp;<\/p>\n<p>VW no estuvo disponible de inmediato para hacer comentarios.<\/p>\n<p>&nbsp;<\/p>\n<p>&nbsp;<\/p>\n<p>El negociador de IG Metall, Thorsten Groeger, dijo que los representantes de los trabajadores hab\u00edan presentado propuestas integrales a la compa\u00f1\u00eda, y agreg\u00f3 que depend\u00eda de Volkswagen qu\u00e9 tan larga y severa ser\u00eda la disputa.<\/p>\n<p>&nbsp;<\/p>\n<p>&nbsp;<\/p>\n<p>&nbsp;<\/p>\n<p><strong><em>\u201cLa compa\u00f1\u00eda est\u00e1 preparada para negociar sobre esta base, pero a\u00fan mantiene abierta la posibilidad de cierres de plantas y despidos masivos\u201d<\/em><\/strong>, dijo.<\/p>\n<p>&nbsp;<\/p>\n<p>&nbsp;<\/p>\n<p><strong><em>\u201cEsto est\u00e1 llevando ahora a la amenaza de un conflicto laboral cuya intensidad no se ha visto en el pa\u00eds en mucho tiempo\u201d.<\/em><\/strong><\/p>\n<p>&nbsp;<\/p>\n<p>&nbsp;<\/p>\n<p>VW ha exigido un recorte salarial del 10% para los trabajadores alemanes de VW AG, argumentando que necesita reducir costos y aumentar las ganancias para defender su participaci\u00f3n de mercado frente a la competencia barata de China y una ca\u00edda en la demanda europea de autom\u00f3viles.<\/p>\n<p>&nbsp;<\/p>\n<p>&nbsp;<\/p>\n<p><img loading=\"lazy\" decoding=\"async\" class=\"x-none size-full \" src=\"https:\/\/www.sonoraenequipo.com.mx\/storage\/2024\/11\/Representantes-laborales-de-VW-votan-a-favor-de-las-huelgas-min.jpg\" alt=\"\" width=\"900\" height=\"600\">Tambi\u00e9n amenaza con cerrar plantas en Alemania por primera vez en sus 87 a\u00f1os de historia. Los sindicatos dijeron que el cierre de tres plantas era parte de cada escenario de reestructuraci\u00f3n que VW ha presentado durante las conversaciones.<\/p>\n<p>&nbsp;<\/p>\n<p>&nbsp;<\/p>\n<p>Los paros de diciembre ser\u00edan las primeras huelgas a gran escala en VW AG desde 2018, cuando m\u00e1s de 50,000 trabajadores salieron a las calles por sus salarios.<\/p>\n<p>&nbsp;<\/p>\n<p>&nbsp;<\/p>\n<p>Inicialmente, las huelgas ser\u00edan las llamadas huelgas de advertencia que duraban horas. Los miembros del sindicato podr\u00edan votar a favor de escalar a huelgas de 24 horas o m\u00e1s.<\/p>\n<p>&nbsp;<\/p>\n<p>&nbsp;<\/p>\n<p>Las conversaciones est\u00e1n programadas para continuar el 9 de diciembre.<\/p>\n<p>&nbsp;<\/p>\n<p>&nbsp;<\/p>\n<p>PUBLICADO EL 22 DE NOVIEMBRE DE 2024 Con informaci\u00f3n de Reuters)<\/p>\n","protected":false},"excerpt":{"rendered":"<p>BONN, ALEMANIA. \u2014 Los representantes laborales votaron el viernes a favor de huelgas limitadas en&#8230;<\/p>\n","protected":false},"author":1,"featured_media":204731,"comment_status":"open","ping_status":"open","sticky":false,"template":"","format":"standard","meta":{"_monsterinsights_skip_tracking":false,"_monsterinsights_sitenote_active":false,"_monsterinsights_sitenote_note":"","_monsterinsights_sitenote_category":0,"footnotes":""},"categories":[3],"tags":[],"class_list":["post"],"yoast_head":" \n<title>Sonora en Equipo. Representantes laborales de VW votan a favor de las huelgas a partir de principios de diciembre MUNDO<\/title>\n<meta name=\"description\" content=\"BONN, ALEMANIA. \u2014 Los representantes laborales votaron el viernes a favor de huelgas limitadas en las operaciones alemanas de VW desde principios de En Sonora en Equipo publicamos toda la informaci\u00f3n de Sonora, M\u00e9xico y el Mundo de manera oportuna y busca que la libertad de expresi\u00f3n sea real. Visita nuestro medio informativo publicado desde Hermosillo, Sonora. %\" \/>\n<meta name=\"robots\" content=\"index, follow, max-snippet:-1, max-image-preview:large, max-video-preview:-1\" \/>\n<link rel=\"canonical\" href=\"https:\/\/www.sonoraenequipo.com.mx\/representantes-laborales-de-vw-votan-a-favor-de-las-huelgas-a-partir-de-principios-de-diciembre\/\" \/>\n<meta property=\"og:locale\" content=\"es_ES\" \/>\n<meta property=\"og:type\" content=\"article\" \/>\n<meta property=\"og:title\" content=\"Sonora en Equipo. Representantes laborales de VW votan a favor de las huelgas a partir de principios de diciembre MUNDO\" \/>\n<meta property=\"og:description\" content=\"BONN, ALEMANIA. \u2014 Los representantes laborales votaron el viernes a favor de huelgas limitadas en las operaciones alemanas de VW desde principios de En Sonora en Equipo publicamos toda la informaci\u00f3n de Sonora, M\u00e9xico y el Mundo de manera oportuna y busca que la libertad de expresi\u00f3n sea real. Visita nuestro medio informativo publicado desde Hermosillo, Sonora. %\" \/>\n<meta property=\"og:url\" content=\"https:\/\/www.sonoraenequipo.com.mx\/representantes-laborales-de-vw-votan-a-favor-de-las-huelgas-a-partir-de-principios-de-diciembre\/\" \/>\n<meta property=\"og:site_name\" content=\"Sonora en Equipo.\" \/>\n<meta property=\"article:publisher\" content=\"https:\/\/www.facebook.com\/SonoraEE\/\" \/>\n<meta property=\"article:author\" content=\"https:\/\/www.facebook.com\/SonoraEE\" \/>\n<meta property=\"article:published_time\" content=\"2024-11-23T14:23:01+00:00\" \/>\n<meta property=\"article:modified_time\" content=\"2024-11-23T19:24:07+00:00\" \/>\n<meta property=\"og:image\" content=\"https:\/\/www.sonoraenequipo.com.mx\/storage\/2024\/11\/huelgas-a-partir-de-diciembre-min.jpg\" \/>\n\t<meta property=\"og:image:width\" content=\"900\" \/>\n\t<meta property=\"og:image:height\" content=\"415\" \/>\n\t<meta property=\"og:image:type\" content=\"image\/jpeg\" \/>\n<meta name=\"author\" content=\"enequipo\" \/>\n<meta name=\"twitter:card\" content=\"summary_large_image\" \/>\n<meta name=\"twitter:creator\" content=\"@sonoraenequipo\" \/>\n<meta name=\"twitter:site\" content=\"@sonoraenequipo\" \/>\n<meta name=\"twitter:label1\" content=\"Escrito por\" \/>\n\t<meta name=\"twitter:data1\" content=\"enequipo\" \/>\n\t<meta name=\"twitter:label2\" content=\"Tiempo de lectura\" \/>\n\t<meta name=\"twitter:data2\" content=\"2 minutos\" \/>\n<script type=\"application\/ld+json\" class=\"yoast-schema-graph\">{\"@context\":\"https:\/\/schema.org\",\"@graph\":[{\"@type\":\"Article\",\"@id\":\"https:\/\/www.sonoraenequipo.com.mx\/representantes-laborales-de-vw-votan-a-favor-de-las-huelgas-a-partir-de-principios-de-diciembre\/#article\",\"isPartOf\":{\"@id\":\"https:\/\/www.sonoraenequipo.com.mx\/representantes-laborales-de-vw-votan-a-favor-de-las-huelgas-a-partir-de-principios-de-diciembre\/\"},\"author\":{\"name\":\"enequipo\",\"@id\":\"https:\/\/www.sonoraenequipo.com.mx\/#\/schema\/person\/50102df0fb23a8fa9e8effad8fa81386\"},\"headline\":\"Representantes laborales de VW votan a favor de las huelgas a partir de principios de diciembre\",\"datePublished\":\"2024-11-23T14:23:01+00:00\",\"dateModified\":\"2024-11-23T19:24:07+00:00\",\"mainEntityOfPage\":{\"@id\":\"https:\/\/www.sonoraenequipo.com.mx\/representantes-laborales-de-vw-votan-a-favor-de-las-huelgas-a-partir-de-principios-de-diciembre\/\"},\"wordCount\":428,\"commentCount\":0,\"publisher\":{\"@id\":\"https:\/\/www.sonoraenequipo.com.mx\/#organization\"},\"image\":{\"@id\":\"https:\/\/www.sonoraenequipo.com.mx\/representantes-laborales-de-vw-votan-a-favor-de-las-huelgas-a-partir-de-principios-de-diciembre\/#primaryimage\"},\"thumbnailUrl\":\"https:\/\/www.sonoraenequipo.com.mx\/storage\/2024\/11\/huelgas-a-partir-de-diciembre-min.jpg\",\"articleSection\":[\"MUNDO\"],\"inLanguage\":\"es\",\"potentialAction\":[{\"@type\":\"CommentAction\",\"name\":\"Comment\",\"target\":[\"https:\/\/www.sonoraenequipo.com.mx\/representantes-laborales-de-vw-votan-a-favor-de-las-huelgas-a-partir-de-principios-de-diciembre\/#respond\"]}]},{\"@type\":\"WebPage\",\"@id\":\"https:\/\/www.sonoraenequipo.com.mx\/representantes-laborales-de-vw-votan-a-favor-de-las-huelgas-a-partir-de-principios-de-diciembre\/\",\"url\":\"https:\/\/www.sonoraenequipo.com.mx\/representantes-laborales-de-vw-votan-a-favor-de-las-huelgas-a-partir-de-principios-de-diciembre\/\",\"name\":\"Sonora en Equipo. Representantes laborales de VW votan a favor de las huelgas a partir de principios de diciembre MUNDO\",\"isPartOf\":{\"@id\":\"https:\/\/www.sonoraenequipo.com.mx\/#website\"},\"primaryImageOfPage\":{\"@id\":\"https:\/\/www.sonoraenequipo.com.mx\/representantes-laborales-de-vw-votan-a-favor-de-las-huelgas-a-partir-de-principios-de-diciembre\/#primaryimage\"},\"image\":{\"@id\":\"https:\/\/www.sonoraenequipo.com.mx\/representantes-laborales-de-vw-votan-a-favor-de-las-huelgas-a-partir-de-principios-de-diciembre\/#primaryimage\"},\"thumbnailUrl\":\"https:\/\/www.sonoraenequipo.com.mx\/storage\/2024\/11\/huelgas-a-partir-de-diciembre-min.jpg\",\"datePublished\":\"2024-11-23T14:23:01+00:00\",\"dateModified\":\"2024-11-23T19:24:07+00:00\",\"description\":\"BONN, ALEMANIA. \u2014 Los representantes laborales votaron el viernes a favor de huelgas limitadas en las operaciones alemanas de VW desde principios de En Sonora en Equipo publicamos toda la informaci\u00f3n de Sonora, M\u00e9xico y el Mundo de manera oportuna y busca que la libertad de expresi\u00f3n sea real. Visita nuestro medio informativo publicado desde Hermosillo, Sonora. %\",\"breadcrumb\":{\"@id\":\"https:\/\/www.sonoraenequipo.com.mx\/representantes-laborales-de-vw-votan-a-favor-de-las-huelgas-a-partir-de-principios-de-diciembre\/#breadcrumb\"},\"inLanguage\":\"es\",\"potentialAction\":[{\"@type\":\"ReadAction\",\"target\":[\"https:\/\/www.sonoraenequipo.com.mx\/representantes-laborales-de-vw-votan-a-favor-de-las-huelgas-a-partir-de-principios-de-diciembre\/\"]}]},{\"@type\":\"ImageObject\",\"inLanguage\":\"es\",\"@id\":\"https:\/\/www.sonoraenequipo.com.mx\/representantes-laborales-de-vw-votan-a-favor-de-las-huelgas-a-partir-de-principios-de-diciembre\/#primaryimage\",\"url\":\"https:\/\/www.sonoraenequipo.com.mx\/storage\/2024\/11\/huelgas-a-partir-de-diciembre-min.jpg\",\"contentUrl\":\"https:\/\/www.sonoraenequipo.com.mx\/storage\/2024\/11\/huelgas-a-partir-de-diciembre-min.jpg\",\"width\":900,\"height\":415},{\"@type\":\"BreadcrumbList\",\"@id\":\"https:\/\/www.sonoraenequipo.com.mx\/representantes-laborales-de-vw-votan-a-favor-de-las-huelgas-a-partir-de-principios-de-diciembre\/#breadcrumb\",\"itemListElement\":[{\"@type\":\"ListItem\",\"position\":1,\"name\":\"Portada\",\"item\":\"https:\/\/www.sonoraenequipo.com.mx\/\"},{\"@type\":\"ListItem\",\"position\":2,\"name\":\"Representantes laborales de VW votan a favor de las huelgas a partir de principios de diciembre\"}]},{\"@type\":\"WebSite\",\"@id\":\"https:\/\/www.sonoraenequipo.com.mx\/#website\",\"url\":\"https:\/\/www.sonoraenequipo.com.mx\/\",\"name\":\"Sonora en Equipo.\",\"description\":\"Diario en l\u00ednea con Noticias desde Hermosillo, Sonora\",\"publisher\":{\"@id\":\"https:\/\/www.sonoraenequipo.com.mx\/#organization\"},\"potentialAction\":[{\"@type\":\"SearchAction\",\"target\":{\"@type\":\"EntryPoint\",\"urlTemplate\":\"https:\/\/www.sonoraenequipo.com.mx\/?s={search_term_string}\"},\"query-input\":{\"@type\":\"PropertyValueSpecification\",\"valueRequired\":true,\"valueName\":\"search_term_string\"}}],\"inLanguage\":\"es\"},{\"@type\":\"Organization\",\"@id\":\"https:\/\/www.sonoraenequipo.com.mx\/#organization\",\"name\":\"Sonoraenequipo.com.mx\",\"url\":\"https:\/\/www.sonoraenequipo.com.mx\/\",\"logo\":{\"@type\":\"ImageObject\",\"inLanguage\":\"es\",\"@id\":\"https:\/\/www.sonoraenequipo.com.mx\/#\/schema\/logo\/image\/\",\"url\":\"https:\/\/www.sonoraenequipo.com.mx\/storage\/2019\/01\/sonoraenequipo_opt.png\",\"contentUrl\":\"https:\/\/www.sonoraenequipo.com.mx\/storage\/2019\/01\/sonoraenequipo_opt.png\",\"width\":375,\"height\":125,\"caption\":\"Sonoraenequipo.com.mx\"},\"image\":{\"@id\":\"https:\/\/www.sonoraenequipo.com.mx\/#\/schema\/logo\/image\/\"},\"sameAs\":[\"https:\/\/www.facebook.com\/SonoraEE\/\",\"https:\/\/x.com\/sonoraenequipo\",\"https:\/\/www.youtube.com\/channel\/UC338nW-lPEYmJQs4ZABQ1SQ\"]},{\"@type\":\"Person\",\"@id\":\"https:\/\/www.sonoraenequipo.com.mx\/#\/schema\/person\/50102df0fb23a8fa9e8effad8fa81386\",\"name\":\"enequipo\",\"image\":{\"@type\":\"ImageObject\",\"inLanguage\":\"es\",\"@id\":\"https:\/\/www.sonoraenequipo.com.mx\/#\/schema\/person\/image\/\",\"url\":\"https:\/\/secure.gravatar.com\/avatar\/049821681b589dabc0bc20695993ccebb09f5b5d4d790cd9251b97faac7c652b?s=96&d=blank&r=g\",\"contentUrl\":\"https:\/\/secure.gravatar.com\/avatar\/049821681b589dabc0bc20695993ccebb09f5b5d4d790cd9251b97faac7c652b?s=96&d=blank&r=g\",\"caption\":\"enequipo\"},\"sameAs\":[\"https:\/\/www.facebook.com\/SonoraEE\"]}]}<\/script>\n ","yoast_head_json":{"title":"Sonora en Equipo. Representantes laborales de VW votan a favor de las huelgas a partir de principios de diciembre MUNDO","description":"BONN, ALEMANIA. \u2014 Los representantes laborales votaron el viernes a favor de huelgas limitadas en las operaciones alemanas de VW desde principios de En Sonora en Equipo publicamos toda la informaci\u00f3n de Sonora, M\u00e9xico y el Mundo de manera oportuna y busca que la libertad de expresi\u00f3n sea real. Visita nuestro medio informativo publicado desde Hermosillo, Sonora. %","robots":{"index":"index","follow":"follow","max-snippet":"max-snippet:-1","max-image-preview":"max-image-preview:large","max-video-preview":"max-video-preview:-1"},"canonical":"https:\/\/www.sonoraenequipo.com.mx\/representantes-laborales-de-vw-votan-a-favor-de-las-huelgas-a-partir-de-principios-de-diciembre\/","og_locale":"es_ES","og_type":"article","og_title":"Sonora en Equipo. Representantes laborales de VW votan a favor de las huelgas a partir de principios de diciembre MUNDO","og_description":"BONN, ALEMANIA. \u2014 Los representantes laborales votaron el viernes a favor de huelgas limitadas en las operaciones alemanas de VW desde principios de En Sonora en Equipo publicamos toda la informaci\u00f3n de Sonora, M\u00e9xico y el Mundo de manera oportuna y busca que la libertad de expresi\u00f3n sea real. Visita nuestro medio informativo publicado desde Hermosillo, Sonora. %","og_url":"https:\/\/www.sonoraenequipo.com.mx\/representantes-laborales-de-vw-votan-a-favor-de-las-huelgas-a-partir-de-principios-de-diciembre\/","og_site_name":"Sonora en Equipo.","article_publisher":"https:\/\/www.facebook.com\/SonoraEE\/","article_author":"https:\/\/www.facebook.com\/SonoraEE","article_published_time":"2024-11-23T14:23:01+00:00","article_modified_time":"2024-11-23T19:24:07+00:00","og_image":[{"width":900,"height":415,"url":"https:\/\/www.sonoraenequipo.com.mx\/storage\/2024\/11\/huelgas-a-partir-de-diciembre-min.jpg","type":"image\/jpeg"}],"author":"enequipo","twitter_card":"summary_large_image","twitter_creator":"@sonoraenequipo","twitter_site":"@sonoraenequipo","twitter_misc":{"Escrito por":"enequipo","Tiempo de lectura":"2 minutos"},"schema":{"@context":"https:\/\/schema.org","@graph":[{"@type":"Article","@id":"https:\/\/www.sonoraenequipo.com.mx\/representantes-laborales-de-vw-votan-a-favor-de-las-huelgas-a-partir-de-principios-de-diciembre\/#article","isPartOf":{"@id":"https:\/\/www.sonoraenequipo.com.mx\/representantes-laborales-de-vw-votan-a-favor-de-las-huelgas-a-partir-de-principios-de-diciembre\/"},"author":{"name":"enequipo","@id":"https:\/\/www.sonoraenequipo.com.mx\/#\/schema\/person\/50102df0fb23a8fa9e8effad8fa81386"},"headline":"Representantes laborales de VW votan a favor de las huelgas a partir de principios de diciembre","datePublished":"2024-11-23T14:23:01+00:00","dateModified":"2024-11-23T19:24:07+00:00","mainEntityOfPage":{"@id":"https:\/\/www.sonoraenequipo.com.mx\/representantes-laborales-de-vw-votan-a-favor-de-las-huelgas-a-partir-de-principios-de-diciembre\/"},"wordCount":428,"commentCount":0,"publisher":{"@id":"https:\/\/www.sonoraenequipo.com.mx\/#organization"},"image":{"@id":"https:\/\/www.sonoraenequipo.com.mx\/representantes-laborales-de-vw-votan-a-favor-de-las-huelgas-a-partir-de-principios-de-diciembre\/#primaryimage"},"thumbnailUrl":"https:\/\/www.sonoraenequipo.com.mx\/storage\/2024\/11\/huelgas-a-partir-de-diciembre-min.jpg","articleSection":["MUNDO"],"inLanguage":"es","potentialAction":[{"@type":"CommentAction","name":"Comment","target":["https:\/\/www.sonoraenequipo.com.mx\/representantes-laborales-de-vw-votan-a-favor-de-las-huelgas-a-partir-de-principios-de-diciembre\/#respond"]}]},{"@type":"WebPage","@id":"https:\/\/www.sonoraenequipo.com.mx\/representantes-laborales-de-vw-votan-a-favor-de-las-huelgas-a-partir-de-principios-de-diciembre\/","url":"https:\/\/www.sonoraenequipo.com.mx\/representantes-laborales-de-vw-votan-a-favor-de-las-huelgas-a-partir-de-principios-de-diciembre\/","name":"Sonora en Equipo. Representantes laborales de VW votan a favor de las huelgas a partir de principios de diciembre MUNDO","isPartOf":{"@id":"https:\/\/www.sonoraenequipo.com.mx\/#website"},"primaryImageOfPage":{"@id":"https:\/\/www.sonoraenequipo.com.mx\/representantes-laborales-de-vw-votan-a-favor-de-las-huelgas-a-partir-de-principios-de-diciembre\/#primaryimage"},"image":{"@id":"https:\/\/www.sonoraenequipo.com.mx\/representantes-laborales-de-vw-votan-a-favor-de-las-huelgas-a-partir-de-principios-de-diciembre\/#primaryimage"},"thumbnailUrl":"https:\/\/www.sonoraenequipo.com.mx\/storage\/2024\/11\/huelgas-a-partir-de-diciembre-min.jpg","datePublished":"2024-11-23T14:23:01+00:00","dateModified":"2024-11-23T19:24:07+00:00","description":"BONN, ALEMANIA. \u2014 Los representantes laborales votaron el viernes a favor de huelgas limitadas en las operaciones alemanas de VW desde principios de En Sonora en Equipo publicamos toda la informaci\u00f3n de Sonora, M\u00e9xico y el Mundo de manera oportuna y busca que la libertad de expresi\u00f3n sea real. Visita nuestro medio informativo publicado desde Hermosillo, Sonora. %","breadcrumb":{"@id":"https:\/\/www.sonoraenequipo.com.mx\/representantes-laborales-de-vw-votan-a-favor-de-las-huelgas-a-partir-de-principios-de-diciembre\/#breadcrumb"},"inLanguage":"es","potentialAction":[{"@type":"ReadAction","target":["https:\/\/www.sonoraenequipo.com.mx\/representantes-laborales-de-vw-votan-a-favor-de-las-huelgas-a-partir-de-principios-de-diciembre\/"]}]},{"@type":"ImageObject","inLanguage":"es","@id":"https:\/\/www.sonoraenequipo.com.mx\/representantes-laborales-de-vw-votan-a-favor-de-las-huelgas-a-partir-de-principios-de-diciembre\/#primaryimage","url":"https:\/\/www.sonoraenequipo.com.mx\/storage\/2024\/11\/huelgas-a-partir-de-diciembre-min.jpg","contentUrl":"https:\/\/www.sonoraenequipo.com.mx\/storage\/2024\/11\/huelgas-a-partir-de-diciembre-min.jpg","width":900,"height":415},{"@type":"BreadcrumbList","@id":"https:\/\/www.sonoraenequipo.com.mx\/representantes-laborales-de-vw-votan-a-favor-de-las-huelgas-a-partir-de-principios-de-diciembre\/#breadcrumb","itemListElement":[{"@type":"ListItem","position":1,"name":"Portada","item":"https:\/\/www.sonoraenequipo.com.mx\/"},{"@type":"ListItem","position":2,"name":"Representantes laborales de VW votan a favor de las huelgas a partir de principios de diciembre"}]},{"@type":"WebSite","@id":"https:\/\/www.sonoraenequipo.com.mx\/#website","url":"https:\/\/www.sonoraenequipo.com.mx\/","name":"Sonora en Equipo.","description":"Diario en l\u00ednea con Noticias desde Hermosillo, Sonora","publisher":{"@id":"https:\/\/www.sonoraenequipo.com.mx\/#organization"},"potentialAction":[{"@type":"SearchAction","target":{"@type":"EntryPoint","urlTemplate":"https:\/\/www.sonoraenequipo.com.mx\/?s={search_term_string}"},"query-input":{"@type":"PropertyValueSpecification","valueRequired":true,"valueName":"search_term_string"}}],"inLanguage":"es"},{"@type":"Organization","@id":"https:\/\/www.sonoraenequipo.com.mx\/#organization","name":"Sonoraenequipo.com.mx","url":"https:\/\/www.sonoraenequipo.com.mx\/","logo":{"@type":"ImageObject","inLanguage":"es","@id":"https:\/\/www.sonoraenequipo.com.mx\/#\/schema\/logo\/image\/","url":"https:\/\/www.sonoraenequipo.com.mx\/storage\/2019\/01\/sonoraenequipo_opt.png","contentUrl":"https:\/\/www.sonoraenequipo.com.mx\/storage\/2019\/01\/sonoraenequipo_opt.png","width":375,"height":125,"caption":"Sonoraenequipo.com.mx"},"image":{"@id":"https:\/\/www.sonoraenequipo.com.mx\/#\/schema\/logo\/image\/"},"sameAs":["https:\/\/www.facebook.com\/SonoraEE\/","https:\/\/x.com\/sonoraenequipo","https:\/\/www.youtube.com\/channel\/UC338nW-lPEYmJQs4ZABQ1SQ"]},{"@type":"Person","@id":"https:\/\/www.sonoraenequipo.com.mx\/#\/schema\/person\/50102df0fb23a8fa9e8effad8fa81386","name":"enequipo","image":{"@type":"ImageObject","inLanguage":"es","@id":"https:\/\/www.sonoraenequipo.com.mx\/#\/schema\/person\/image\/","url":"https:\/\/secure.gravatar.com\/avatar\/049821681b589dabc0bc20695993ccebb09f5b5d4d790cd9251b97faac7c652b?s=96&d=blank&r=g","contentUrl":"https:\/\/secure.gravatar.com\/avatar\/049821681b589dabc0bc20695993ccebb09f5b5d4d790cd9251b97faac7c652b?s=96&d=blank&r=g","caption":"enequipo"},"sameAs":["https:\/\/www.facebook.com\/SonoraEE"]}]}},"jetpack_featured_media_url":"https:\/\/www.sonoraenequipo.com.mx\/storage\/2024\/11\/huelgas-a-partir-de-diciembre-min.jpg","_links":{"self":[{"href":"https:\/\/www.sonoraenequipo.com.mx\/api\/wp\/v2\/posts\/204729","targetHints":{"allow":["GET"]}}],"collection":[{"href":"https:\/\/www.sonoraenequipo.com.mx\/api\/wp\/v2\/posts"}],"about":[{"href":"https:\/\/www.sonoraenequipo.com.mx\/api\/wp\/v2\/types\/post"}],"author":[{"embeddable":true,"href":"https:\/\/www.sonoraenequipo.com.mx\/api\/wp\/v2\/users\/1"}],"replies":[{"embeddable":true,"href":"https:\/\/www.sonoraenequipo.com.mx\/api\/wp\/v2\/comments?post=204729"}],"version-history":[{"count":2,"href":"https:\/\/www.sonoraenequipo.com.mx\/api\/wp\/v2\/posts\/204729\/revisions"}],"predecessor-version":[{"id":204735,"href":"https:\/\/www.sonoraenequipo.com.mx\/api\/wp\/v2\/posts\/204729\/revisions\/204735"}],"wp:featuredmedia":[{"embeddable":true,"href":"https:\/\/www.sonoraenequipo.com.mx\/api\/wp\/v2\/media\/204731"}],"wp:attachment":[{"href":"https:\/\/www.sonoraenequipo.com.mx\/api\/wp\/v2\/media?parent=204729"}],"wp:term":[{"taxonomy":"category","embeddable":true,"href":"https:\/\/www.sonoraenequipo.com.mx\/api\/wp\/v2\/categories?post=204729"},{"taxonomy":"post_tag","embeddable":true,"href":"https:\/\/www.sonoraenequipo.com.mx\/api\/wp\/v2\/tags?post=204729"}],"curies":[{"name":"wp","href":"https:\/\/api.w.org\/{rel}","templated":true}]}}