{"id":204738,"date":"2024-11-23T12:43:01","date_gmt":"2024-11-23T19:43:01","guid":{"rendered":"https:\/\/www.sonoraenequipo.com.mx\/?p=204738"},"modified":"2024-11-23T12:43:01","modified_gmt":"2024-11-23T19:43:01","slug":"se-reune-alcalde-tono-astiazaran-con-embajador-de-mexico-en-espana-para-promover-a-hermosillo","status":"publish","type":"post","link":"https:\/\/www.sonoraenequipo.com.mx\/se-reune-alcalde-tono-astiazaran-con-embajador-de-mexico-en-espana-para-promover-a-hermosillo\/","title":{"rendered":"Se re\u00fane alcalde To\u00f1o Astiazar\u00e1n con Embajador de M\u00e9xico en Espa\u00f1a para promover a Hermosillo"},"content":{"rendered":"<p><strong>HERMOSILLO, SONORA, MX.<\/strong> \u2014 La gira de promoci\u00f3n para la inversi\u00f3n en Hermosillo concluy\u00f3 el presidente municipal Antonio Astiazar\u00e1n Guti\u00e9rrez en Madrid, Espa\u00f1a, quien fue recibido por el Embajador de M\u00e9xico en Espa\u00f1a, Quirino Ordaz Coppel.<\/p>\n<p>&nbsp;<\/p>\n<p>&nbsp;<\/p>\n<p>&nbsp;<\/p>\n<p>En esta reuni\u00f3n acordaron fortalecer lazos a favor de atraer inversiones espa\u00f1olas a M\u00e9xico y Hermosillo, destacando la posici\u00f3n de la ciudad al ser una de las cuatro capitales m\u00e1s din\u00e1micas en el pa\u00eds en generaci\u00f3n de empleos seg\u00fan datos del Instituto Mexicano del Seguro Social.<\/p>\n<p>&nbsp;<\/p>\n<p>&nbsp;<\/p>\n<p>&nbsp;<\/p>\n<p>To\u00f1o Astiazar\u00e1n manifest\u00f3 que su administraci\u00f3n contin\u00faa generando las condiciones para la llegada de inversiones con la mejora de la reglamentaci\u00f3n municipal y el lanzamiento de una plataforma de tr\u00e1mites digital para la apertura de empresas.<\/p>\n<p>&nbsp;<\/p>\n<p>&nbsp;<\/p>\n<p>&nbsp;<\/p>\n<p>Tambi\u00e9n se reuni\u00f3 con Jos\u00e9 D\u00edaz Caneja, CEO de Acciona Infraestructura a nivel mundial en infraestructuras regenerativas con el fin de promover nuevas inversiones y desarrollo sustentable en Hermosillo.<\/p>\n<p>&nbsp;<\/p>\n<p>&nbsp;<\/p>\n<p>&nbsp;<\/p>\n<p>Astiazar\u00e1n Guti\u00e9rrez apunt\u00f3 que Hermosillo y Espa\u00f1a pueden desarrollar en conjunto start-ups de base tecnol\u00f3gica que sirvan a empresas en sectores estrat\u00e9gicos que ambas regiones comparten, principalmente en energ\u00edas renovables, manufactura automotriz y electromovilidad.<\/p>\n<p>&nbsp;<\/p>\n<p>&nbsp;<\/p>\n<p>&nbsp;<\/p>\n<p>Mencion\u00f3 que han trabajado en la ciudad con acciones a favor de la energ\u00eda limpia con el equipamiento de patrullas el\u00e9ctricas que cuenta con la electrolinera m\u00e1s grande de Latinoam\u00e9rica, la implementaci\u00f3n de programas como Biciclando, la introducci\u00f3n de barredoras el\u00e9ctricas, programas de paneles solares para empresas y hogares, entre otras.<\/p>\n<p>&nbsp;<\/p>\n<p>&nbsp;<\/p>\n<p>&nbsp;<\/p>\n<p>Astiazar\u00e1n Guti\u00e9rrez dentro de su agenda de trabajo de promoci\u00f3n para la inversi\u00f3n se reuni\u00f3 con integrantes de la Confederaci\u00f3n Espa\u00f1ola de Organizaciones Empresariales, CEOE, asisti\u00f3 al conversatorio \u201cCorredores urbanos y movilidad activa en ciudades latinoamericanas\u201d invitado por World Wide Fund for Nature, WWF, al ser una de las ciudades que est\u00e1n a la vanguardia en el desarrollo de corredores urbanos a favor de la movilidad activa.<\/p>\n<p><strong>Fecha de publicaci\u00f3n s\u00e1bado 23 \u00a0de noviembre de 2024 \/ <\/strong><\/p>\n<p>&nbsp;<\/p>\n<p>&nbsp;<\/p>\n","protected":false},"excerpt":{"rendered":"<p>HERMOSILLO, SONORA, MX. \u2014 La gira de promoci\u00f3n para la inversi\u00f3n en Hermosillo concluy\u00f3 el&#8230;<\/p>\n","protected":false},"author":1,"featured_media":204739,"comment_status":"open","ping_status":"open","sticky":false,"template":"","format":"standard","meta":{"_monsterinsights_skip_tracking":false,"_monsterinsights_sitenote_active":false,"_monsterinsights_sitenote_note":"","_monsterinsights_sitenote_category":0,"footnotes":""},"categories":[4],"tags":[9701,35,8306,6026],"class_list":["post"],"yoast_head":" \n<title>Sonora en Equipo. Se re\u00fane alcalde To\u00f1o Astiazar\u00e1n con Embajador de M\u00e9xico en Espa\u00f1a para promover a Hermosillo Municipios<\/title>\n<meta name=\"description\" content=\"HERMOSILLO, SONORA, MX. \u2014 La gira de promoci\u00f3n para la inversi\u00f3n en Hermosillo concluy\u00f3 el presidente municipal Antonio Astiazar\u00e1n Guti\u00e9rrez en Madrid, En Sonora en Equipo publicamos toda la informaci\u00f3n de Sonora, M\u00e9xico y el Mundo de manera oportuna y busca que la libertad de expresi\u00f3n sea real. Visita nuestro medio informativo publicado desde Hermosillo, Sonora. %\" \/>\n<meta name=\"robots\" content=\"index, follow, max-snippet:-1, max-image-preview:large, max-video-preview:-1\" \/>\n<link rel=\"canonical\" href=\"https:\/\/www.sonoraenequipo.com.mx\/se-reune-alcalde-tono-astiazaran-con-embajador-de-mexico-en-espana-para-promover-a-hermosillo\/\" \/>\n<meta property=\"og:locale\" content=\"es_ES\" \/>\n<meta property=\"og:type\" content=\"article\" \/>\n<meta property=\"og:title\" content=\"Sonora en Equipo. Se re\u00fane alcalde To\u00f1o Astiazar\u00e1n con Embajador de M\u00e9xico en Espa\u00f1a para promover a Hermosillo Municipios\" \/>\n<meta property=\"og:description\" content=\"HERMOSILLO, SONORA, MX. \u2014 La gira de promoci\u00f3n para la inversi\u00f3n en Hermosillo concluy\u00f3 el presidente municipal Antonio Astiazar\u00e1n Guti\u00e9rrez en Madrid, En Sonora en Equipo publicamos toda la informaci\u00f3n de Sonora, M\u00e9xico y el Mundo de manera oportuna y busca que la libertad de expresi\u00f3n sea real. Visita nuestro medio informativo publicado desde Hermosillo, Sonora. %\" \/>\n<meta property=\"og:url\" content=\"https:\/\/www.sonoraenequipo.com.mx\/se-reune-alcalde-tono-astiazaran-con-embajador-de-mexico-en-espana-para-promover-a-hermosillo\/\" \/>\n<meta property=\"og:site_name\" content=\"Sonora en Equipo.\" \/>\n<meta property=\"article:publisher\" content=\"https:\/\/www.facebook.com\/SonoraEE\/\" \/>\n<meta property=\"article:author\" content=\"https:\/\/www.facebook.com\/SonoraEE\" \/>\n<meta property=\"article:published_time\" content=\"2024-11-23T19:43:01+00:00\" \/>\n<meta property=\"og:image\" content=\"https:\/\/www.sonoraenequipo.com.mx\/storage\/2024\/11\/tono-espana.jpg\" \/>\n\t<meta property=\"og:image:width\" content=\"600\" \/>\n\t<meta property=\"og:image:height\" content=\"400\" \/>\n\t<meta property=\"og:image:type\" content=\"image\/jpeg\" \/>\n<meta name=\"author\" content=\"enequipo\" \/>\n<meta name=\"twitter:card\" content=\"summary_large_image\" \/>\n<meta name=\"twitter:creator\" content=\"@sonoraenequipo\" \/>\n<meta name=\"twitter:site\" content=\"@sonoraenequipo\" \/>\n<meta name=\"twitter:label1\" content=\"Escrito por\" \/>\n\t<meta name=\"twitter:data1\" content=\"enequipo\" \/>\n\t<meta name=\"twitter:label2\" content=\"Tiempo de lectura\" \/>\n\t<meta name=\"twitter:data2\" content=\"2 minutos\" \/>\n<script type=\"application\/ld+json\" class=\"yoast-schema-graph\">{\"@context\":\"https:\/\/schema.org\",\"@graph\":[{\"@type\":\"Article\",\"@id\":\"https:\/\/www.sonoraenequipo.com.mx\/se-reune-alcalde-tono-astiazaran-con-embajador-de-mexico-en-espana-para-promover-a-hermosillo\/#article\",\"isPartOf\":{\"@id\":\"https:\/\/www.sonoraenequipo.com.mx\/se-reune-alcalde-tono-astiazaran-con-embajador-de-mexico-en-espana-para-promover-a-hermosillo\/\"},\"author\":{\"name\":\"enequipo\",\"@id\":\"https:\/\/www.sonoraenequipo.com.mx\/#\/schema\/person\/50102df0fb23a8fa9e8effad8fa81386\"},\"headline\":\"Se re\u00fane alcalde To\u00f1o Astiazar\u00e1n con Embajador de M\u00e9xico en Espa\u00f1a para promover a Hermosillo\",\"datePublished\":\"2024-11-23T19:43:01+00:00\",\"mainEntityOfPage\":{\"@id\":\"https:\/\/www.sonoraenequipo.com.mx\/se-reune-alcalde-tono-astiazaran-con-embajador-de-mexico-en-espana-para-promover-a-hermosillo\/\"},\"wordCount\":391,\"commentCount\":0,\"publisher\":{\"@id\":\"https:\/\/www.sonoraenequipo.com.mx\/#organization\"},\"image\":{\"@id\":\"https:\/\/www.sonoraenequipo.com.mx\/se-reune-alcalde-tono-astiazaran-con-embajador-de-mexico-en-espana-para-promover-a-hermosillo\/#primaryimage\"},\"thumbnailUrl\":\"https:\/\/www.sonoraenequipo.com.mx\/storage\/2024\/11\/tono-espana.jpg\",\"keywords\":[\"economica\",\"hermosillo\",\"promocion\",\"to\u00f1o astiazaran\"],\"articleSection\":[\"Municipios\"],\"inLanguage\":\"es\",\"potentialAction\":[{\"@type\":\"CommentAction\",\"name\":\"Comment\",\"target\":[\"https:\/\/www.sonoraenequipo.com.mx\/se-reune-alcalde-tono-astiazaran-con-embajador-de-mexico-en-espana-para-promover-a-hermosillo\/#respond\"]}]},{\"@type\":\"WebPage\",\"@id\":\"https:\/\/www.sonoraenequipo.com.mx\/se-reune-alcalde-tono-astiazaran-con-embajador-de-mexico-en-espana-para-promover-a-hermosillo\/\",\"url\":\"https:\/\/www.sonoraenequipo.com.mx\/se-reune-alcalde-tono-astiazaran-con-embajador-de-mexico-en-espana-para-promover-a-hermosillo\/\",\"name\":\"Sonora en Equipo. Se re\u00fane alcalde To\u00f1o Astiazar\u00e1n con Embajador de M\u00e9xico en Espa\u00f1a para promover a Hermosillo Municipios\",\"isPartOf\":{\"@id\":\"https:\/\/www.sonoraenequipo.com.mx\/#website\"},\"primaryImageOfPage\":{\"@id\":\"https:\/\/www.sonoraenequipo.com.mx\/se-reune-alcalde-tono-astiazaran-con-embajador-de-mexico-en-espana-para-promover-a-hermosillo\/#primaryimage\"},\"image\":{\"@id\":\"https:\/\/www.sonoraenequipo.com.mx\/se-reune-alcalde-tono-astiazaran-con-embajador-de-mexico-en-espana-para-promover-a-hermosillo\/#primaryimage\"},\"thumbnailUrl\":\"https:\/\/www.sonoraenequipo.com.mx\/storage\/2024\/11\/tono-espana.jpg\",\"datePublished\":\"2024-11-23T19:43:01+00:00\",\"description\":\"HERMOSILLO, SONORA, MX. \u2014 La gira de promoci\u00f3n para la inversi\u00f3n en Hermosillo concluy\u00f3 el presidente municipal Antonio Astiazar\u00e1n Guti\u00e9rrez en Madrid, En Sonora en Equipo publicamos toda la informaci\u00f3n de Sonora, M\u00e9xico y el Mundo de manera oportuna y busca que la libertad de expresi\u00f3n sea real. Visita nuestro medio informativo publicado desde Hermosillo, Sonora. %\",\"breadcrumb\":{\"@id\":\"https:\/\/www.sonoraenequipo.com.mx\/se-reune-alcalde-tono-astiazaran-con-embajador-de-mexico-en-espana-para-promover-a-hermosillo\/#breadcrumb\"},\"inLanguage\":\"es\",\"potentialAction\":[{\"@type\":\"ReadAction\",\"target\":[\"https:\/\/www.sonoraenequipo.com.mx\/se-reune-alcalde-tono-astiazaran-con-embajador-de-mexico-en-espana-para-promover-a-hermosillo\/\"]}]},{\"@type\":\"ImageObject\",\"inLanguage\":\"es\",\"@id\":\"https:\/\/www.sonoraenequipo.com.mx\/se-reune-alcalde-tono-astiazaran-con-embajador-de-mexico-en-espana-para-promover-a-hermosillo\/#primaryimage\",\"url\":\"https:\/\/www.sonoraenequipo.com.mx\/storage\/2024\/11\/tono-espana.jpg\",\"contentUrl\":\"https:\/\/www.sonoraenequipo.com.mx\/storage\/2024\/11\/tono-espana.jpg\",\"width\":600,\"height\":400},{\"@type\":\"BreadcrumbList\",\"@id\":\"https:\/\/www.sonoraenequipo.com.mx\/se-reune-alcalde-tono-astiazaran-con-embajador-de-mexico-en-espana-para-promover-a-hermosillo\/#breadcrumb\",\"itemListElement\":[{\"@type\":\"ListItem\",\"position\":1,\"name\":\"Portada\",\"item\":\"https:\/\/www.sonoraenequipo.com.mx\/\"},{\"@type\":\"ListItem\",\"position\":2,\"name\":\"Se re\u00fane alcalde To\u00f1o Astiazar\u00e1n con Embajador de M\u00e9xico en Espa\u00f1a para promover a Hermosillo\"}]},{\"@type\":\"WebSite\",\"@id\":\"https:\/\/www.sonoraenequipo.com.mx\/#website\",\"url\":\"https:\/\/www.sonoraenequipo.com.mx\/\",\"name\":\"Sonora en Equipo.\",\"description\":\"Diario en l\u00ednea con Noticias desde Hermosillo, Sonora\",\"publisher\":{\"@id\":\"https:\/\/www.sonoraenequipo.com.mx\/#organization\"},\"potentialAction\":[{\"@type\":\"SearchAction\",\"target\":{\"@type\":\"EntryPoint\",\"urlTemplate\":\"https:\/\/www.sonoraenequipo.com.mx\/?s={search_term_string}\"},\"query-input\":{\"@type\":\"PropertyValueSpecification\",\"valueRequired\":true,\"valueName\":\"search_term_string\"}}],\"inLanguage\":\"es\"},{\"@type\":\"Organization\",\"@id\":\"https:\/\/www.sonoraenequipo.com.mx\/#organization\",\"name\":\"Sonoraenequipo.com.mx\",\"url\":\"https:\/\/www.sonoraenequipo.com.mx\/\",\"logo\":{\"@type\":\"ImageObject\",\"inLanguage\":\"es\",\"@id\":\"https:\/\/www.sonoraenequipo.com.mx\/#\/schema\/logo\/image\/\",\"url\":\"https:\/\/www.sonoraenequipo.com.mx\/storage\/2019\/01\/sonoraenequipo_opt.png\",\"contentUrl\":\"https:\/\/www.sonoraenequipo.com.mx\/storage\/2019\/01\/sonoraenequipo_opt.png\",\"width\":375,\"height\":125,\"caption\":\"Sonoraenequipo.com.mx\"},\"image\":{\"@id\":\"https:\/\/www.sonoraenequipo.com.mx\/#\/schema\/logo\/image\/\"},\"sameAs\":[\"https:\/\/www.facebook.com\/SonoraEE\/\",\"https:\/\/x.com\/sonoraenequipo\",\"https:\/\/www.youtube.com\/channel\/UC338nW-lPEYmJQs4ZABQ1SQ\"]},{\"@type\":\"Person\",\"@id\":\"https:\/\/www.sonoraenequipo.com.mx\/#\/schema\/person\/50102df0fb23a8fa9e8effad8fa81386\",\"name\":\"enequipo\",\"image\":{\"@type\":\"ImageObject\",\"inLanguage\":\"es\",\"@id\":\"https:\/\/www.sonoraenequipo.com.mx\/#\/schema\/person\/image\/\",\"url\":\"https:\/\/secure.gravatar.com\/avatar\/049821681b589dabc0bc20695993ccebb09f5b5d4d790cd9251b97faac7c652b?s=96&d=blank&r=g\",\"contentUrl\":\"https:\/\/secure.gravatar.com\/avatar\/049821681b589dabc0bc20695993ccebb09f5b5d4d790cd9251b97faac7c652b?s=96&d=blank&r=g\",\"caption\":\"enequipo\"},\"sameAs\":[\"https:\/\/www.facebook.com\/SonoraEE\"]}]}<\/script>\n ","yoast_head_json":{"title":"Sonora en Equipo. Se re\u00fane alcalde To\u00f1o Astiazar\u00e1n con Embajador de M\u00e9xico en Espa\u00f1a para promover a Hermosillo Municipios","description":"HERMOSILLO, SONORA, MX. \u2014 La gira de promoci\u00f3n para la inversi\u00f3n en Hermosillo concluy\u00f3 el presidente municipal Antonio Astiazar\u00e1n Guti\u00e9rrez en Madrid, En Sonora en Equipo publicamos toda la informaci\u00f3n de Sonora, M\u00e9xico y el Mundo de manera oportuna y busca que la libertad de expresi\u00f3n sea real. Visita nuestro medio informativo publicado desde Hermosillo, Sonora. %","robots":{"index":"index","follow":"follow","max-snippet":"max-snippet:-1","max-image-preview":"max-image-preview:large","max-video-preview":"max-video-preview:-1"},"canonical":"https:\/\/www.sonoraenequipo.com.mx\/se-reune-alcalde-tono-astiazaran-con-embajador-de-mexico-en-espana-para-promover-a-hermosillo\/","og_locale":"es_ES","og_type":"article","og_title":"Sonora en Equipo. Se re\u00fane alcalde To\u00f1o Astiazar\u00e1n con Embajador de M\u00e9xico en Espa\u00f1a para promover a Hermosillo Municipios","og_description":"HERMOSILLO, SONORA, MX. \u2014 La gira de promoci\u00f3n para la inversi\u00f3n en Hermosillo concluy\u00f3 el presidente municipal Antonio Astiazar\u00e1n Guti\u00e9rrez en Madrid, En Sonora en Equipo publicamos toda la informaci\u00f3n de Sonora, M\u00e9xico y el Mundo de manera oportuna y busca que la libertad de expresi\u00f3n sea real. Visita nuestro medio informativo publicado desde Hermosillo, Sonora. %","og_url":"https:\/\/www.sonoraenequipo.com.mx\/se-reune-alcalde-tono-astiazaran-con-embajador-de-mexico-en-espana-para-promover-a-hermosillo\/","og_site_name":"Sonora en Equipo.","article_publisher":"https:\/\/www.facebook.com\/SonoraEE\/","article_author":"https:\/\/www.facebook.com\/SonoraEE","article_published_time":"2024-11-23T19:43:01+00:00","og_image":[{"width":600,"height":400,"url":"https:\/\/www.sonoraenequipo.com.mx\/storage\/2024\/11\/tono-espana.jpg","type":"image\/jpeg"}],"author":"enequipo","twitter_card":"summary_large_image","twitter_creator":"@sonoraenequipo","twitter_site":"@sonoraenequipo","twitter_misc":{"Escrito por":"enequipo","Tiempo de lectura":"2 minutos"},"schema":{"@context":"https:\/\/schema.org","@graph":[{"@type":"Article","@id":"https:\/\/www.sonoraenequipo.com.mx\/se-reune-alcalde-tono-astiazaran-con-embajador-de-mexico-en-espana-para-promover-a-hermosillo\/#article","isPartOf":{"@id":"https:\/\/www.sonoraenequipo.com.mx\/se-reune-alcalde-tono-astiazaran-con-embajador-de-mexico-en-espana-para-promover-a-hermosillo\/"},"author":{"name":"enequipo","@id":"https:\/\/www.sonoraenequipo.com.mx\/#\/schema\/person\/50102df0fb23a8fa9e8effad8fa81386"},"headline":"Se re\u00fane alcalde To\u00f1o Astiazar\u00e1n con Embajador de M\u00e9xico en Espa\u00f1a para promover a Hermosillo","datePublished":"2024-11-23T19:43:01+00:00","mainEntityOfPage":{"@id":"https:\/\/www.sonoraenequipo.com.mx\/se-reune-alcalde-tono-astiazaran-con-embajador-de-mexico-en-espana-para-promover-a-hermosillo\/"},"wordCount":391,"commentCount":0,"publisher":{"@id":"https:\/\/www.sonoraenequipo.com.mx\/#organization"},"image":{"@id":"https:\/\/www.sonoraenequipo.com.mx\/se-reune-alcalde-tono-astiazaran-con-embajador-de-mexico-en-espana-para-promover-a-hermosillo\/#primaryimage"},"thumbnailUrl":"https:\/\/www.sonoraenequipo.com.mx\/storage\/2024\/11\/tono-espana.jpg","keywords":["economica","hermosillo","promocion","to\u00f1o astiazaran"],"articleSection":["Municipios"],"inLanguage":"es","potentialAction":[{"@type":"CommentAction","name":"Comment","target":["https:\/\/www.sonoraenequipo.com.mx\/se-reune-alcalde-tono-astiazaran-con-embajador-de-mexico-en-espana-para-promover-a-hermosillo\/#respond"]}]},{"@type":"WebPage","@id":"https:\/\/www.sonoraenequipo.com.mx\/se-reune-alcalde-tono-astiazaran-con-embajador-de-mexico-en-espana-para-promover-a-hermosillo\/","url":"https:\/\/www.sonoraenequipo.com.mx\/se-reune-alcalde-tono-astiazaran-con-embajador-de-mexico-en-espana-para-promover-a-hermosillo\/","name":"Sonora en Equipo. Se re\u00fane alcalde To\u00f1o Astiazar\u00e1n con Embajador de M\u00e9xico en Espa\u00f1a para promover a Hermosillo Municipios","isPartOf":{"@id":"https:\/\/www.sonoraenequipo.com.mx\/#website"},"primaryImageOfPage":{"@id":"https:\/\/www.sonoraenequipo.com.mx\/se-reune-alcalde-tono-astiazaran-con-embajador-de-mexico-en-espana-para-promover-a-hermosillo\/#primaryimage"},"image":{"@id":"https:\/\/www.sonoraenequipo.com.mx\/se-reune-alcalde-tono-astiazaran-con-embajador-de-mexico-en-espana-para-promover-a-hermosillo\/#primaryimage"},"thumbnailUrl":"https:\/\/www.sonoraenequipo.com.mx\/storage\/2024\/11\/tono-espana.jpg","datePublished":"2024-11-23T19:43:01+00:00","description":"HERMOSILLO, SONORA, MX. \u2014 La gira de promoci\u00f3n para la inversi\u00f3n en Hermosillo concluy\u00f3 el presidente municipal Antonio Astiazar\u00e1n Guti\u00e9rrez en Madrid, En Sonora en Equipo publicamos toda la informaci\u00f3n de Sonora, M\u00e9xico y el Mundo de manera oportuna y busca que la libertad de expresi\u00f3n sea real. Visita nuestro medio informativo publicado desde Hermosillo, Sonora. %","breadcrumb":{"@id":"https:\/\/www.sonoraenequipo.com.mx\/se-reune-alcalde-tono-astiazaran-con-embajador-de-mexico-en-espana-para-promover-a-hermosillo\/#breadcrumb"},"inLanguage":"es","potentialAction":[{"@type":"ReadAction","target":["https:\/\/www.sonoraenequipo.com.mx\/se-reune-alcalde-tono-astiazaran-con-embajador-de-mexico-en-espana-para-promover-a-hermosillo\/"]}]},{"@type":"ImageObject","inLanguage":"es","@id":"https:\/\/www.sonoraenequipo.com.mx\/se-reune-alcalde-tono-astiazaran-con-embajador-de-mexico-en-espana-para-promover-a-hermosillo\/#primaryimage","url":"https:\/\/www.sonoraenequipo.com.mx\/storage\/2024\/11\/tono-espana.jpg","contentUrl":"https:\/\/www.sonoraenequipo.com.mx\/storage\/2024\/11\/tono-espana.jpg","width":600,"height":400},{"@type":"BreadcrumbList","@id":"https:\/\/www.sonoraenequipo.com.mx\/se-reune-alcalde-tono-astiazaran-con-embajador-de-mexico-en-espana-para-promover-a-hermosillo\/#breadcrumb","itemListElement":[{"@type":"ListItem","position":1,"name":"Portada","item":"https:\/\/www.sonoraenequipo.com.mx\/"},{"@type":"ListItem","position":2,"name":"Se re\u00fane alcalde To\u00f1o Astiazar\u00e1n con Embajador de M\u00e9xico en Espa\u00f1a para promover a Hermosillo"}]},{"@type":"WebSite","@id":"https:\/\/www.sonoraenequipo.com.mx\/#website","url":"https:\/\/www.sonoraenequipo.com.mx\/","name":"Sonora en Equipo.","description":"Diario en l\u00ednea con Noticias desde Hermosillo, Sonora","publisher":{"@id":"https:\/\/www.sonoraenequipo.com.mx\/#organization"},"potentialAction":[{"@type":"SearchAction","target":{"@type":"EntryPoint","urlTemplate":"https:\/\/www.sonoraenequipo.com.mx\/?s={search_term_string}"},"query-input":{"@type":"PropertyValueSpecification","valueRequired":true,"valueName":"search_term_string"}}],"inLanguage":"es"},{"@type":"Organization","@id":"https:\/\/www.sonoraenequipo.com.mx\/#organization","name":"Sonoraenequipo.com.mx","url":"https:\/\/www.sonoraenequipo.com.mx\/","logo":{"@type":"ImageObject","inLanguage":"es","@id":"https:\/\/www.sonoraenequipo.com.mx\/#\/schema\/logo\/image\/","url":"https:\/\/www.sonoraenequipo.com.mx\/storage\/2019\/01\/sonoraenequipo_opt.png","contentUrl":"https:\/\/www.sonoraenequipo.com.mx\/storage\/2019\/01\/sonoraenequipo_opt.png","width":375,"height":125,"caption":"Sonoraenequipo.com.mx"},"image":{"@id":"https:\/\/www.sonoraenequipo.com.mx\/#\/schema\/logo\/image\/"},"sameAs":["https:\/\/www.facebook.com\/SonoraEE\/","https:\/\/x.com\/sonoraenequipo","https:\/\/www.youtube.com\/channel\/UC338nW-lPEYmJQs4ZABQ1SQ"]},{"@type":"Person","@id":"https:\/\/www.sonoraenequipo.com.mx\/#\/schema\/person\/50102df0fb23a8fa9e8effad8fa81386","name":"enequipo","image":{"@type":"ImageObject","inLanguage":"es","@id":"https:\/\/www.sonoraenequipo.com.mx\/#\/schema\/person\/image\/","url":"https:\/\/secure.gravatar.com\/avatar\/049821681b589dabc0bc20695993ccebb09f5b5d4d790cd9251b97faac7c652b?s=96&d=blank&r=g","contentUrl":"https:\/\/secure.gravatar.com\/avatar\/049821681b589dabc0bc20695993ccebb09f5b5d4d790cd9251b97faac7c652b?s=96&d=blank&r=g","caption":"enequipo"},"sameAs":["https:\/\/www.facebook.com\/SonoraEE"]}]}},"jetpack_featured_media_url":"https:\/\/www.sonoraenequipo.com.mx\/storage\/2024\/11\/tono-espana.jpg","_links":{"self":[{"href":"https:\/\/www.sonoraenequipo.com.mx\/api\/wp\/v2\/posts\/204738","targetHints":{"allow":["GET"]}}],"collection":[{"href":"https:\/\/www.sonoraenequipo.com.mx\/api\/wp\/v2\/posts"}],"about":[{"href":"https:\/\/www.sonoraenequipo.com.mx\/api\/wp\/v2\/types\/post"}],"author":[{"embeddable":true,"href":"https:\/\/www.sonoraenequipo.com.mx\/api\/wp\/v2\/users\/1"}],"replies":[{"embeddable":true,"href":"https:\/\/www.sonoraenequipo.com.mx\/api\/wp\/v2\/comments?post=204738"}],"version-history":[{"count":1,"href":"https:\/\/www.sonoraenequipo.com.mx\/api\/wp\/v2\/posts\/204738\/revisions"}],"predecessor-version":[{"id":204740,"href":"https:\/\/www.sonoraenequipo.com.mx\/api\/wp\/v2\/posts\/204738\/revisions\/204740"}],"wp:featuredmedia":[{"embeddable":true,"href":"https:\/\/www.sonoraenequipo.com.mx\/api\/wp\/v2\/media\/204739"}],"wp:attachment":[{"href":"https:\/\/www.sonoraenequipo.com.mx\/api\/wp\/v2\/media?parent=204738"}],"wp:term":[{"taxonomy":"category","embeddable":true,"href":"https:\/\/www.sonoraenequipo.com.mx\/api\/wp\/v2\/categories?post=204738"},{"taxonomy":"post_tag","embeddable":true,"href":"https:\/\/www.sonoraenequipo.com.mx\/api\/wp\/v2\/tags?post=204738"}],"curies":[{"name":"wp","href":"https:\/\/api.w.org\/{rel}","templated":true}]}}