{"id":204746,"date":"2024-11-23T14:45:46","date_gmt":"2024-11-23T21:45:46","guid":{"rendered":"https:\/\/www.sonoraenequipo.com.mx\/?p=204746"},"modified":"2024-11-23T14:47:51","modified_gmt":"2024-11-23T21:47:51","slug":"capacitan-a-agentes-de-ssp-sobre-proteccion-al-migrante","status":"publish","type":"post","link":"https:\/\/www.sonoraenequipo.com.mx\/capacitan-a-agentes-de-ssp-sobre-proteccion-al-migrante\/","title":{"rendered":"Capacitan a agentes de SSP sobre protecci\u00f3n al migrante"},"content":{"rendered":"<p><strong>HERMOSILLO, SONORA, MX.<\/strong> \u2014 Como parte del fortalecimiento permanente que impulsa el Gobierno de Sonora a elementos de la Secretar\u00eda de Seguridad P\u00fablica, participaron en capacitaci\u00f3n sobre \u00abPrograma Especializado para Agentes de Protecci\u00f3n al Migrante\u00bb en Puebla.<\/p>\n<p>&nbsp;<\/p>\n<p>&nbsp;<\/p>\n<p>&nbsp;<\/p>\n<p>Convocados por la Embajada de Estados Unidos en M\u00e9xico, a trav\u00e9s de la Oficina de Aduanas y Protecci\u00f3n Fronteriza de Estados Unidos (CBP) por sus siglas en ingl\u00e9s, personal de la SSP Sonora recibi\u00f3 inducci\u00f3n por parte de instructores especializados.<\/p>\n<p>&nbsp;<\/p>\n<p>&nbsp;<\/p>\n<p>&nbsp;<\/p>\n<p>Entre los temas impartidos en forma te\u00f3rica y pr\u00e1ctica destacan: navegaci\u00f3n terrestre con uso de br\u00fajula, mapas y GPS, b\u00fasqueda, supervivencia, c\u00f3mo integrar mochila de rescate, medicina t\u00e1ctica, reanimaci\u00f3n cardiopulmonar (RCP) y uso de cuerdas, entre otros.<\/p>\n<p>&nbsp;<\/p>\n<p>&nbsp;<\/p>\n<p>&nbsp;<\/p>\n<p>Una vez concluida la capacitaci\u00f3n, la SSP acord\u00f3 con las autoridades formalizar que los conocimientos adquiridos sean replicados a oficiales de Polic\u00eda Estatal y cadetes en formaci\u00f3n como Polic\u00edas Preventivos.<\/p>\n<p>&nbsp;<\/p>\n<p>&nbsp;<\/p>\n<p>&nbsp;<\/p>\n<p>Para ello, en lo subsecuente se trasladar\u00e1 personal de CBP y la Oficina de Asuntos Internacionales de Narc\u00f3ticos y Aplicaci\u00f3n de la Ley del Departamento de Estado de los Estados Unidos (INL) para realizar un recorrido de evaluaci\u00f3n por las instalaciones de la Universidad de la Seguridad P\u00fablica (USP).<\/p>\n<p><strong>Fecha de publicaci\u00f3n s\u00e1bado 23 &nbsp;de noviembre de 2024 \/ <\/strong><\/p>\n<p>&nbsp;<\/p>\n","protected":false},"excerpt":{"rendered":"<p>HERMOSILLO, SONORA, MX. \u2014 Como parte del fortalecimiento permanente que impulsa el Gobierno de Sonora&#8230;<\/p>\n","protected":false},"author":1,"featured_media":204748,"comment_status":"open","ping_status":"open","sticky":false,"template":"","format":"standard","meta":{"_monsterinsights_skip_tracking":false,"_monsterinsights_sitenote_active":false,"_monsterinsights_sitenote_note":"","_monsterinsights_sitenote_category":0,"footnotes":""},"categories":[22],"tags":[10541,1830],"class_list":["post"],"yoast_head":" \n<title>Sonora en Equipo. Capacitan a agentes de SSP sobre protecci\u00f3n al migrante Sonora<\/title>\n<meta name=\"description\" content=\"HERMOSILLO, SONORA, MX. \u2014 Como parte del fortalecimiento permanente que impulsa el Gobierno de Sonora a elementos de la Secretar\u00eda de Seguridad P\u00fablica, En Sonora en Equipo publicamos toda la informaci\u00f3n de Sonora, M\u00e9xico y el Mundo de manera oportuna y busca que la libertad de expresi\u00f3n sea real. Visita nuestro medio informativo publicado desde Hermosillo, Sonora. %\" \/>\n<meta name=\"robots\" content=\"index, follow, max-snippet:-1, max-image-preview:large, max-video-preview:-1\" \/>\n<link rel=\"canonical\" href=\"https:\/\/www.sonoraenequipo.com.mx\/capacitan-a-agentes-de-ssp-sobre-proteccion-al-migrante\/\" \/>\n<meta property=\"og:locale\" content=\"es_ES\" \/>\n<meta property=\"og:type\" content=\"article\" \/>\n<meta property=\"og:title\" content=\"Sonora en Equipo. Capacitan a agentes de SSP sobre protecci\u00f3n al migrante Sonora\" \/>\n<meta property=\"og:description\" content=\"HERMOSILLO, SONORA, MX. \u2014 Como parte del fortalecimiento permanente que impulsa el Gobierno de Sonora a elementos de la Secretar\u00eda de Seguridad P\u00fablica, En Sonora en Equipo publicamos toda la informaci\u00f3n de Sonora, M\u00e9xico y el Mundo de manera oportuna y busca que la libertad de expresi\u00f3n sea real. Visita nuestro medio informativo publicado desde Hermosillo, Sonora. %\" \/>\n<meta property=\"og:url\" content=\"https:\/\/www.sonoraenequipo.com.mx\/capacitan-a-agentes-de-ssp-sobre-proteccion-al-migrante\/\" \/>\n<meta property=\"og:site_name\" content=\"Sonora en Equipo.\" \/>\n<meta property=\"article:publisher\" content=\"https:\/\/www.facebook.com\/SonoraEE\/\" \/>\n<meta property=\"article:author\" content=\"https:\/\/www.facebook.com\/SonoraEE\" \/>\n<meta property=\"article:published_time\" content=\"2024-11-23T21:45:46+00:00\" \/>\n<meta property=\"article:modified_time\" content=\"2024-11-23T21:47:51+00:00\" \/>\n<meta property=\"og:image\" content=\"https:\/\/www.sonoraenequipo.com.mx\/storage\/2024\/11\/capacitacion-ssp-migrantes.jpg\" \/>\n\t<meta property=\"og:image:width\" content=\"600\" \/>\n\t<meta property=\"og:image:height\" content=\"450\" \/>\n\t<meta property=\"og:image:type\" content=\"image\/jpeg\" \/>\n<meta name=\"author\" content=\"enequipo\" \/>\n<meta name=\"twitter:card\" content=\"summary_large_image\" \/>\n<meta name=\"twitter:creator\" content=\"@sonoraenequipo\" \/>\n<meta name=\"twitter:site\" content=\"@sonoraenequipo\" \/>\n<meta name=\"twitter:label1\" content=\"Escrito por\" \/>\n\t<meta name=\"twitter:data1\" content=\"enequipo\" \/>\n\t<meta name=\"twitter:label2\" content=\"Tiempo de lectura\" \/>\n\t<meta name=\"twitter:data2\" content=\"1 minuto\" \/>\n<script type=\"application\/ld+json\" class=\"yoast-schema-graph\">{\"@context\":\"https:\/\/schema.org\",\"@graph\":[{\"@type\":\"Article\",\"@id\":\"https:\/\/www.sonoraenequipo.com.mx\/capacitan-a-agentes-de-ssp-sobre-proteccion-al-migrante\/#article\",\"isPartOf\":{\"@id\":\"https:\/\/www.sonoraenequipo.com.mx\/capacitan-a-agentes-de-ssp-sobre-proteccion-al-migrante\/\"},\"author\":{\"name\":\"enequipo\",\"@id\":\"https:\/\/www.sonoraenequipo.com.mx\/#\/schema\/person\/50102df0fb23a8fa9e8effad8fa81386\"},\"headline\":\"Capacitan a agentes de SSP sobre protecci\u00f3n al migrante\",\"datePublished\":\"2024-11-23T21:45:46+00:00\",\"dateModified\":\"2024-11-23T21:47:51+00:00\",\"mainEntityOfPage\":{\"@id\":\"https:\/\/www.sonoraenequipo.com.mx\/capacitan-a-agentes-de-ssp-sobre-proteccion-al-migrante\/\"},\"wordCount\":250,\"commentCount\":0,\"publisher\":{\"@id\":\"https:\/\/www.sonoraenequipo.com.mx\/#organization\"},\"image\":{\"@id\":\"https:\/\/www.sonoraenequipo.com.mx\/capacitan-a-agentes-de-ssp-sobre-proteccion-al-migrante\/#primaryimage\"},\"thumbnailUrl\":\"https:\/\/www.sonoraenequipo.com.mx\/storage\/2024\/11\/capacitacion-ssp-migrantes.jpg\",\"keywords\":[\"agentes migrantes\",\"capacitaci\u00f3n\"],\"articleSection\":[\"Sonora\"],\"inLanguage\":\"es\",\"potentialAction\":[{\"@type\":\"CommentAction\",\"name\":\"Comment\",\"target\":[\"https:\/\/www.sonoraenequipo.com.mx\/capacitan-a-agentes-de-ssp-sobre-proteccion-al-migrante\/#respond\"]}]},{\"@type\":\"WebPage\",\"@id\":\"https:\/\/www.sonoraenequipo.com.mx\/capacitan-a-agentes-de-ssp-sobre-proteccion-al-migrante\/\",\"url\":\"https:\/\/www.sonoraenequipo.com.mx\/capacitan-a-agentes-de-ssp-sobre-proteccion-al-migrante\/\",\"name\":\"Sonora en Equipo. Capacitan a agentes de SSP sobre protecci\u00f3n al migrante Sonora\",\"isPartOf\":{\"@id\":\"https:\/\/www.sonoraenequipo.com.mx\/#website\"},\"primaryImageOfPage\":{\"@id\":\"https:\/\/www.sonoraenequipo.com.mx\/capacitan-a-agentes-de-ssp-sobre-proteccion-al-migrante\/#primaryimage\"},\"image\":{\"@id\":\"https:\/\/www.sonoraenequipo.com.mx\/capacitan-a-agentes-de-ssp-sobre-proteccion-al-migrante\/#primaryimage\"},\"thumbnailUrl\":\"https:\/\/www.sonoraenequipo.com.mx\/storage\/2024\/11\/capacitacion-ssp-migrantes.jpg\",\"datePublished\":\"2024-11-23T21:45:46+00:00\",\"dateModified\":\"2024-11-23T21:47:51+00:00\",\"description\":\"HERMOSILLO, SONORA, MX. \u2014 Como parte del fortalecimiento permanente que impulsa el Gobierno de Sonora a elementos de la Secretar\u00eda de Seguridad P\u00fablica, En Sonora en Equipo publicamos toda la informaci\u00f3n de Sonora, M\u00e9xico y el Mundo de manera oportuna y busca que la libertad de expresi\u00f3n sea real. Visita nuestro medio informativo publicado desde Hermosillo, Sonora. %\",\"breadcrumb\":{\"@id\":\"https:\/\/www.sonoraenequipo.com.mx\/capacitan-a-agentes-de-ssp-sobre-proteccion-al-migrante\/#breadcrumb\"},\"inLanguage\":\"es\",\"potentialAction\":[{\"@type\":\"ReadAction\",\"target\":[\"https:\/\/www.sonoraenequipo.com.mx\/capacitan-a-agentes-de-ssp-sobre-proteccion-al-migrante\/\"]}]},{\"@type\":\"ImageObject\",\"inLanguage\":\"es\",\"@id\":\"https:\/\/www.sonoraenequipo.com.mx\/capacitan-a-agentes-de-ssp-sobre-proteccion-al-migrante\/#primaryimage\",\"url\":\"https:\/\/www.sonoraenequipo.com.mx\/storage\/2024\/11\/capacitacion-ssp-migrantes.jpg\",\"contentUrl\":\"https:\/\/www.sonoraenequipo.com.mx\/storage\/2024\/11\/capacitacion-ssp-migrantes.jpg\",\"width\":600,\"height\":450},{\"@type\":\"BreadcrumbList\",\"@id\":\"https:\/\/www.sonoraenequipo.com.mx\/capacitan-a-agentes-de-ssp-sobre-proteccion-al-migrante\/#breadcrumb\",\"itemListElement\":[{\"@type\":\"ListItem\",\"position\":1,\"name\":\"Portada\",\"item\":\"https:\/\/www.sonoraenequipo.com.mx\/\"},{\"@type\":\"ListItem\",\"position\":2,\"name\":\"Capacitan a agentes de SSP sobre protecci\u00f3n al migrante\"}]},{\"@type\":\"WebSite\",\"@id\":\"https:\/\/www.sonoraenequipo.com.mx\/#website\",\"url\":\"https:\/\/www.sonoraenequipo.com.mx\/\",\"name\":\"Sonora en Equipo.\",\"description\":\"Diario en l\u00ednea con Noticias desde Hermosillo, Sonora\",\"publisher\":{\"@id\":\"https:\/\/www.sonoraenequipo.com.mx\/#organization\"},\"potentialAction\":[{\"@type\":\"SearchAction\",\"target\":{\"@type\":\"EntryPoint\",\"urlTemplate\":\"https:\/\/www.sonoraenequipo.com.mx\/?s={search_term_string}\"},\"query-input\":{\"@type\":\"PropertyValueSpecification\",\"valueRequired\":true,\"valueName\":\"search_term_string\"}}],\"inLanguage\":\"es\"},{\"@type\":\"Organization\",\"@id\":\"https:\/\/www.sonoraenequipo.com.mx\/#organization\",\"name\":\"Sonoraenequipo.com.mx\",\"url\":\"https:\/\/www.sonoraenequipo.com.mx\/\",\"logo\":{\"@type\":\"ImageObject\",\"inLanguage\":\"es\",\"@id\":\"https:\/\/www.sonoraenequipo.com.mx\/#\/schema\/logo\/image\/\",\"url\":\"https:\/\/www.sonoraenequipo.com.mx\/storage\/2019\/01\/sonoraenequipo_opt.png\",\"contentUrl\":\"https:\/\/www.sonoraenequipo.com.mx\/storage\/2019\/01\/sonoraenequipo_opt.png\",\"width\":375,\"height\":125,\"caption\":\"Sonoraenequipo.com.mx\"},\"image\":{\"@id\":\"https:\/\/www.sonoraenequipo.com.mx\/#\/schema\/logo\/image\/\"},\"sameAs\":[\"https:\/\/www.facebook.com\/SonoraEE\/\",\"https:\/\/x.com\/sonoraenequipo\",\"https:\/\/www.youtube.com\/channel\/UC338nW-lPEYmJQs4ZABQ1SQ\"]},{\"@type\":\"Person\",\"@id\":\"https:\/\/www.sonoraenequipo.com.mx\/#\/schema\/person\/50102df0fb23a8fa9e8effad8fa81386\",\"name\":\"enequipo\",\"image\":{\"@type\":\"ImageObject\",\"inLanguage\":\"es\",\"@id\":\"https:\/\/www.sonoraenequipo.com.mx\/#\/schema\/person\/image\/\",\"url\":\"https:\/\/secure.gravatar.com\/avatar\/049821681b589dabc0bc20695993ccebb09f5b5d4d790cd9251b97faac7c652b?s=96&d=blank&r=g\",\"contentUrl\":\"https:\/\/secure.gravatar.com\/avatar\/049821681b589dabc0bc20695993ccebb09f5b5d4d790cd9251b97faac7c652b?s=96&d=blank&r=g\",\"caption\":\"enequipo\"},\"sameAs\":[\"https:\/\/www.facebook.com\/SonoraEE\"]}]}<\/script>\n ","yoast_head_json":{"title":"Sonora en Equipo. Capacitan a agentes de SSP sobre protecci\u00f3n al migrante Sonora","description":"HERMOSILLO, SONORA, MX. \u2014 Como parte del fortalecimiento permanente que impulsa el Gobierno de Sonora a elementos de la Secretar\u00eda de Seguridad P\u00fablica, En Sonora en Equipo publicamos toda la informaci\u00f3n de Sonora, M\u00e9xico y el Mundo de manera oportuna y busca que la libertad de expresi\u00f3n sea real. Visita nuestro medio informativo publicado desde Hermosillo, Sonora. %","robots":{"index":"index","follow":"follow","max-snippet":"max-snippet:-1","max-image-preview":"max-image-preview:large","max-video-preview":"max-video-preview:-1"},"canonical":"https:\/\/www.sonoraenequipo.com.mx\/capacitan-a-agentes-de-ssp-sobre-proteccion-al-migrante\/","og_locale":"es_ES","og_type":"article","og_title":"Sonora en Equipo. Capacitan a agentes de SSP sobre protecci\u00f3n al migrante Sonora","og_description":"HERMOSILLO, SONORA, MX. \u2014 Como parte del fortalecimiento permanente que impulsa el Gobierno de Sonora a elementos de la Secretar\u00eda de Seguridad P\u00fablica, En Sonora en Equipo publicamos toda la informaci\u00f3n de Sonora, M\u00e9xico y el Mundo de manera oportuna y busca que la libertad de expresi\u00f3n sea real. Visita nuestro medio informativo publicado desde Hermosillo, Sonora. %","og_url":"https:\/\/www.sonoraenequipo.com.mx\/capacitan-a-agentes-de-ssp-sobre-proteccion-al-migrante\/","og_site_name":"Sonora en Equipo.","article_publisher":"https:\/\/www.facebook.com\/SonoraEE\/","article_author":"https:\/\/www.facebook.com\/SonoraEE","article_published_time":"2024-11-23T21:45:46+00:00","article_modified_time":"2024-11-23T21:47:51+00:00","og_image":[{"width":600,"height":450,"url":"https:\/\/www.sonoraenequipo.com.mx\/storage\/2024\/11\/capacitacion-ssp-migrantes.jpg","type":"image\/jpeg"}],"author":"enequipo","twitter_card":"summary_large_image","twitter_creator":"@sonoraenequipo","twitter_site":"@sonoraenequipo","twitter_misc":{"Escrito por":"enequipo","Tiempo de lectura":"1 minuto"},"schema":{"@context":"https:\/\/schema.org","@graph":[{"@type":"Article","@id":"https:\/\/www.sonoraenequipo.com.mx\/capacitan-a-agentes-de-ssp-sobre-proteccion-al-migrante\/#article","isPartOf":{"@id":"https:\/\/www.sonoraenequipo.com.mx\/capacitan-a-agentes-de-ssp-sobre-proteccion-al-migrante\/"},"author":{"name":"enequipo","@id":"https:\/\/www.sonoraenequipo.com.mx\/#\/schema\/person\/50102df0fb23a8fa9e8effad8fa81386"},"headline":"Capacitan a agentes de SSP sobre protecci\u00f3n al migrante","datePublished":"2024-11-23T21:45:46+00:00","dateModified":"2024-11-23T21:47:51+00:00","mainEntityOfPage":{"@id":"https:\/\/www.sonoraenequipo.com.mx\/capacitan-a-agentes-de-ssp-sobre-proteccion-al-migrante\/"},"wordCount":250,"commentCount":0,"publisher":{"@id":"https:\/\/www.sonoraenequipo.com.mx\/#organization"},"image":{"@id":"https:\/\/www.sonoraenequipo.com.mx\/capacitan-a-agentes-de-ssp-sobre-proteccion-al-migrante\/#primaryimage"},"thumbnailUrl":"https:\/\/www.sonoraenequipo.com.mx\/storage\/2024\/11\/capacitacion-ssp-migrantes.jpg","keywords":["agentes migrantes","capacitaci\u00f3n"],"articleSection":["Sonora"],"inLanguage":"es","potentialAction":[{"@type":"CommentAction","name":"Comment","target":["https:\/\/www.sonoraenequipo.com.mx\/capacitan-a-agentes-de-ssp-sobre-proteccion-al-migrante\/#respond"]}]},{"@type":"WebPage","@id":"https:\/\/www.sonoraenequipo.com.mx\/capacitan-a-agentes-de-ssp-sobre-proteccion-al-migrante\/","url":"https:\/\/www.sonoraenequipo.com.mx\/capacitan-a-agentes-de-ssp-sobre-proteccion-al-migrante\/","name":"Sonora en Equipo. Capacitan a agentes de SSP sobre protecci\u00f3n al migrante Sonora","isPartOf":{"@id":"https:\/\/www.sonoraenequipo.com.mx\/#website"},"primaryImageOfPage":{"@id":"https:\/\/www.sonoraenequipo.com.mx\/capacitan-a-agentes-de-ssp-sobre-proteccion-al-migrante\/#primaryimage"},"image":{"@id":"https:\/\/www.sonoraenequipo.com.mx\/capacitan-a-agentes-de-ssp-sobre-proteccion-al-migrante\/#primaryimage"},"thumbnailUrl":"https:\/\/www.sonoraenequipo.com.mx\/storage\/2024\/11\/capacitacion-ssp-migrantes.jpg","datePublished":"2024-11-23T21:45:46+00:00","dateModified":"2024-11-23T21:47:51+00:00","description":"HERMOSILLO, SONORA, MX. \u2014 Como parte del fortalecimiento permanente que impulsa el Gobierno de Sonora a elementos de la Secretar\u00eda de Seguridad P\u00fablica, En Sonora en Equipo publicamos toda la informaci\u00f3n de Sonora, M\u00e9xico y el Mundo de manera oportuna y busca que la libertad de expresi\u00f3n sea real. Visita nuestro medio informativo publicado desde Hermosillo, Sonora. %","breadcrumb":{"@id":"https:\/\/www.sonoraenequipo.com.mx\/capacitan-a-agentes-de-ssp-sobre-proteccion-al-migrante\/#breadcrumb"},"inLanguage":"es","potentialAction":[{"@type":"ReadAction","target":["https:\/\/www.sonoraenequipo.com.mx\/capacitan-a-agentes-de-ssp-sobre-proteccion-al-migrante\/"]}]},{"@type":"ImageObject","inLanguage":"es","@id":"https:\/\/www.sonoraenequipo.com.mx\/capacitan-a-agentes-de-ssp-sobre-proteccion-al-migrante\/#primaryimage","url":"https:\/\/www.sonoraenequipo.com.mx\/storage\/2024\/11\/capacitacion-ssp-migrantes.jpg","contentUrl":"https:\/\/www.sonoraenequipo.com.mx\/storage\/2024\/11\/capacitacion-ssp-migrantes.jpg","width":600,"height":450},{"@type":"BreadcrumbList","@id":"https:\/\/www.sonoraenequipo.com.mx\/capacitan-a-agentes-de-ssp-sobre-proteccion-al-migrante\/#breadcrumb","itemListElement":[{"@type":"ListItem","position":1,"name":"Portada","item":"https:\/\/www.sonoraenequipo.com.mx\/"},{"@type":"ListItem","position":2,"name":"Capacitan a agentes de SSP sobre protecci\u00f3n al migrante"}]},{"@type":"WebSite","@id":"https:\/\/www.sonoraenequipo.com.mx\/#website","url":"https:\/\/www.sonoraenequipo.com.mx\/","name":"Sonora en Equipo.","description":"Diario en l\u00ednea con Noticias desde Hermosillo, Sonora","publisher":{"@id":"https:\/\/www.sonoraenequipo.com.mx\/#organization"},"potentialAction":[{"@type":"SearchAction","target":{"@type":"EntryPoint","urlTemplate":"https:\/\/www.sonoraenequipo.com.mx\/?s={search_term_string}"},"query-input":{"@type":"PropertyValueSpecification","valueRequired":true,"valueName":"search_term_string"}}],"inLanguage":"es"},{"@type":"Organization","@id":"https:\/\/www.sonoraenequipo.com.mx\/#organization","name":"Sonoraenequipo.com.mx","url":"https:\/\/www.sonoraenequipo.com.mx\/","logo":{"@type":"ImageObject","inLanguage":"es","@id":"https:\/\/www.sonoraenequipo.com.mx\/#\/schema\/logo\/image\/","url":"https:\/\/www.sonoraenequipo.com.mx\/storage\/2019\/01\/sonoraenequipo_opt.png","contentUrl":"https:\/\/www.sonoraenequipo.com.mx\/storage\/2019\/01\/sonoraenequipo_opt.png","width":375,"height":125,"caption":"Sonoraenequipo.com.mx"},"image":{"@id":"https:\/\/www.sonoraenequipo.com.mx\/#\/schema\/logo\/image\/"},"sameAs":["https:\/\/www.facebook.com\/SonoraEE\/","https:\/\/x.com\/sonoraenequipo","https:\/\/www.youtube.com\/channel\/UC338nW-lPEYmJQs4ZABQ1SQ"]},{"@type":"Person","@id":"https:\/\/www.sonoraenequipo.com.mx\/#\/schema\/person\/50102df0fb23a8fa9e8effad8fa81386","name":"enequipo","image":{"@type":"ImageObject","inLanguage":"es","@id":"https:\/\/www.sonoraenequipo.com.mx\/#\/schema\/person\/image\/","url":"https:\/\/secure.gravatar.com\/avatar\/049821681b589dabc0bc20695993ccebb09f5b5d4d790cd9251b97faac7c652b?s=96&d=blank&r=g","contentUrl":"https:\/\/secure.gravatar.com\/avatar\/049821681b589dabc0bc20695993ccebb09f5b5d4d790cd9251b97faac7c652b?s=96&d=blank&r=g","caption":"enequipo"},"sameAs":["https:\/\/www.facebook.com\/SonoraEE"]}]}},"jetpack_featured_media_url":"https:\/\/www.sonoraenequipo.com.mx\/storage\/2024\/11\/capacitacion-ssp-migrantes.jpg","_links":{"self":[{"href":"https:\/\/www.sonoraenequipo.com.mx\/api\/wp\/v2\/posts\/204746","targetHints":{"allow":["GET"]}}],"collection":[{"href":"https:\/\/www.sonoraenequipo.com.mx\/api\/wp\/v2\/posts"}],"about":[{"href":"https:\/\/www.sonoraenequipo.com.mx\/api\/wp\/v2\/types\/post"}],"author":[{"embeddable":true,"href":"https:\/\/www.sonoraenequipo.com.mx\/api\/wp\/v2\/users\/1"}],"replies":[{"embeddable":true,"href":"https:\/\/www.sonoraenequipo.com.mx\/api\/wp\/v2\/comments?post=204746"}],"version-history":[{"count":2,"href":"https:\/\/www.sonoraenequipo.com.mx\/api\/wp\/v2\/posts\/204746\/revisions"}],"predecessor-version":[{"id":204750,"href":"https:\/\/www.sonoraenequipo.com.mx\/api\/wp\/v2\/posts\/204746\/revisions\/204750"}],"wp:featuredmedia":[{"embeddable":true,"href":"https:\/\/www.sonoraenequipo.com.mx\/api\/wp\/v2\/media\/204748"}],"wp:attachment":[{"href":"https:\/\/www.sonoraenequipo.com.mx\/api\/wp\/v2\/media?parent=204746"}],"wp:term":[{"taxonomy":"category","embeddable":true,"href":"https:\/\/www.sonoraenequipo.com.mx\/api\/wp\/v2\/categories?post=204746"},{"taxonomy":"post_tag","embeddable":true,"href":"https:\/\/www.sonoraenequipo.com.mx\/api\/wp\/v2\/tags?post=204746"}],"curies":[{"name":"wp","href":"https:\/\/api.w.org\/{rel}","templated":true}]}}