{"id":204765,"date":"2024-11-23T17:15:31","date_gmt":"2024-11-24T00:15:31","guid":{"rendered":"https:\/\/www.sonoraenequipo.com.mx\/?p=204765"},"modified":"2024-11-24T11:13:48","modified_gmt":"2024-11-24T18:13:48","slug":"congelan-precio-del-gas-lp-para-puebla-capital-y-regiones","status":"publish","type":"post","link":"https:\/\/www.sonoraenequipo.com.mx\/congelan-precio-del-gas-lp-para-puebla-capital-y-regiones\/","title":{"rendered":"Congelan precio del gas LP para Puebla capital y regiones"},"content":{"rendered":"<p>PUEBLA, PUEBLA. MX. \u2014 Tras dos semanas de incremento, la Comisi\u00f3n Reguladora de Energ\u00eda (CRE) congel\u00f3 el precio el gas LP para Puebla capital y sus regiones para la \u00faltima semana de noviembre.<\/p>\n<p>&nbsp;<\/p>\n<p>&nbsp;<\/p>\n<p>&nbsp;<\/p>\n<p> <\/p>\n<p>De acuerdo con la lista de precios m\u00e1ximos de venta publicada por el organismo, del 24 de noviembre al 30 de noviembre, para la capital el gas LP continuar\u00e1 con una tarifa de 19.05 pesos por kilo y de 10.29 pesos por litro.<\/p>\n<p>&nbsp;<\/p>\n<p>&nbsp;<\/p>\n<p>&nbsp;<\/p>\n<p>As\u00ed, el tanque de 20 kilos de gas LP tendr\u00e1 una cotizaci\u00f3n m\u00e1xima de 381 pesos; este precio aplicar\u00e1 tambi\u00e9n para los municipios conurbados como San Andr\u00e9s y San Pedro Cholula, San Martin Texmelucan, Amozoc, Huejotzingo, Cuautlancingo, Xoxtla y Calpan.<\/p>\n<p>&nbsp;<\/p>\n<p>&nbsp;<\/p>\n<h3>En la Mixteca, usuarios pagar\u00e1n 383 pesos por tanque de gas<\/h3>\n<p>&nbsp;<\/p>\n<p>Para los consumidores del combustible en los municipios de la Mixteca, la CRE determin\u00f3 que continuar\u00e1n pagando 383.60 pesos por el tanque de 20 kilos.<\/p>\n<p>&nbsp;<\/p>\n<p>&nbsp;<\/p>\n<p>&nbsp;<\/p>\n<p>En esa regi\u00f3n del estado, los compradores pagar\u00e1n por el kilo de gas licuado de petr\u00f3leo 19.18 pesos y de 10.36 pesos por litro.<\/p>\n<p>&nbsp;<\/p>\n<p>&nbsp;<\/p>\n<p>&nbsp;<\/p>\n<p>Dichas tarifas m\u00e1ximas de venta estar\u00e1n vigentes en Iz\u00facar de Matamoros, Ahuatl\u00e1n, Cohetzala, Chiauta, Epatl\u00e1n, Atzala y Chietla.<\/p>\n<p>&nbsp;<\/p>\n<p>&nbsp;<\/p>\n<p>&nbsp;<\/p>\n<p>Para los municipios ubicados en el norte del estado, el gas LP seguir\u00e1 con un costo por kilo 19.35 pesos; el cilindro de 20 kilos alcanzar\u00e1 un precio m\u00e1ximo de 387 pesos; el litro tendr\u00e1 un costo de 10.45 pesos<\/p>\n<p>&nbsp;<\/p>\n<p>&nbsp;<\/p>\n<p>&nbsp;<\/p>\n<p>Dicho precio estar\u00e1 vigente para Xicotepec, Juan Galindo, Zacatl\u00e1n, Huauchinango, Naupan, Tlapacoya, Chignahuapan, y Tetela de Ocampo.<\/p>\n<p>&nbsp;<\/p>\n<p>&nbsp;<\/p>\n<p>En Tehuac\u00e1n, precio del gas continuar\u00e1 en 19.02 pesos<\/p>\n<p>&nbsp;<\/p>\n<p>Para Tehuac\u00e1n, Quecholac, Palmar de Bravo, Tepeaca, Santiago Miahuatl\u00e1n, Tecamachalco y San Salvador Huixcolotla la tarifa se mantendr\u00e1 en 19.02 pesos por kilo del combustible y 10.27 pesos por litro.<\/p>\n<p>&nbsp;<\/p>\n<p>&nbsp;<\/p>\n<p>Con ese costo, el tanque de 20 kilos de gas LP tendr\u00e1 un precio de 380.40 pesos, mientras que el de 30 kilos en 570.60 pesos.<\/p>\n<p>&nbsp;<\/p>\n<p>&nbsp;<\/p>\n<p>PUBLICADO EL 23 DE NOVIEMBRE DE 2024 Con informaci\u00f3n de Imag\u00e9n)<\/p>\n","protected":false},"excerpt":{"rendered":"<p>PUEBLA, PUEBLA. MX. \u2014 Tras dos semanas de incremento, la Comisi\u00f3n Reguladora de Energ\u00eda (CRE)&#8230;<\/p>\n","protected":false},"author":1,"featured_media":204770,"comment_status":"open","ping_status":"open","sticky":false,"template":"","format":"standard","meta":{"_monsterinsights_skip_tracking":false,"_monsterinsights_sitenote_active":false,"_monsterinsights_sitenote_note":"","_monsterinsights_sitenote_category":0,"footnotes":""},"categories":[5],"tags":[],"class_list":["post"],"yoast_head":" \n<title>Sonora en Equipo. Congelan precio del gas LP para Puebla capital y regiones Rep\u00fablica<\/title>\n<meta name=\"description\" content=\"PUEBLA, PUEBLA. MX. \u2014 Tras dos semanas de incremento, la Comisi\u00f3n Reguladora de Energ\u00eda (CRE) congel\u00f3 el precio el gas LP para Puebla capital y sus En Sonora en Equipo publicamos toda la informaci\u00f3n de Sonora, M\u00e9xico y el Mundo de manera oportuna y busca que la libertad de expresi\u00f3n sea real. Visita nuestro medio informativo publicado desde Hermosillo, Sonora. %\" \/>\n<meta name=\"robots\" content=\"index, follow, max-snippet:-1, max-image-preview:large, max-video-preview:-1\" \/>\n<link rel=\"canonical\" href=\"https:\/\/www.sonoraenequipo.com.mx\/congelan-precio-del-gas-lp-para-puebla-capital-y-regiones\/\" \/>\n<meta property=\"og:locale\" content=\"es_ES\" \/>\n<meta property=\"og:type\" content=\"article\" \/>\n<meta property=\"og:title\" content=\"Sonora en Equipo. Congelan precio del gas LP para Puebla capital y regiones Rep\u00fablica\" \/>\n<meta property=\"og:description\" content=\"PUEBLA, PUEBLA. MX. \u2014 Tras dos semanas de incremento, la Comisi\u00f3n Reguladora de Energ\u00eda (CRE) congel\u00f3 el precio el gas LP para Puebla capital y sus En Sonora en Equipo publicamos toda la informaci\u00f3n de Sonora, M\u00e9xico y el Mundo de manera oportuna y busca que la libertad de expresi\u00f3n sea real. Visita nuestro medio informativo publicado desde Hermosillo, Sonora. %\" \/>\n<meta property=\"og:url\" content=\"https:\/\/www.sonoraenequipo.com.mx\/congelan-precio-del-gas-lp-para-puebla-capital-y-regiones\/\" \/>\n<meta property=\"og:site_name\" content=\"Sonora en Equipo.\" \/>\n<meta property=\"article:publisher\" content=\"https:\/\/www.facebook.com\/SonoraEE\/\" \/>\n<meta property=\"article:author\" content=\"https:\/\/www.facebook.com\/SonoraEE\" \/>\n<meta property=\"article:published_time\" content=\"2024-11-24T00:15:31+00:00\" \/>\n<meta property=\"article:modified_time\" content=\"2024-11-24T18:13:48+00:00\" \/>\n<meta property=\"og:image\" content=\"https:\/\/www.sonoraenequipo.com.mx\/storage\/2024\/11\/gas-en-el-centro.-Puebla-y-alreddeores-congelan-min.jpg\" \/>\n\t<meta property=\"og:image:width\" content=\"900\" \/>\n\t<meta property=\"og:image:height\" content=\"506\" \/>\n\t<meta property=\"og:image:type\" content=\"image\/jpeg\" \/>\n<meta name=\"author\" content=\"enequipo\" \/>\n<meta name=\"twitter:card\" content=\"summary_large_image\" \/>\n<meta name=\"twitter:creator\" content=\"@sonoraenequipo\" \/>\n<meta name=\"twitter:site\" content=\"@sonoraenequipo\" \/>\n<meta name=\"twitter:label1\" content=\"Escrito por\" \/>\n\t<meta name=\"twitter:data1\" content=\"enequipo\" \/>\n\t<meta name=\"twitter:label2\" content=\"Tiempo de lectura\" \/>\n\t<meta name=\"twitter:data2\" content=\"2 minutos\" \/>\n<script type=\"application\/ld+json\" class=\"yoast-schema-graph\">{\"@context\":\"https:\/\/schema.org\",\"@graph\":[{\"@type\":\"Article\",\"@id\":\"https:\/\/www.sonoraenequipo.com.mx\/congelan-precio-del-gas-lp-para-puebla-capital-y-regiones\/#article\",\"isPartOf\":{\"@id\":\"https:\/\/www.sonoraenequipo.com.mx\/congelan-precio-del-gas-lp-para-puebla-capital-y-regiones\/\"},\"author\":{\"name\":\"enequipo\",\"@id\":\"https:\/\/www.sonoraenequipo.com.mx\/#\/schema\/person\/50102df0fb23a8fa9e8effad8fa81386\"},\"headline\":\"Congelan precio del gas LP para Puebla capital y regiones\",\"datePublished\":\"2024-11-24T00:15:31+00:00\",\"dateModified\":\"2024-11-24T18:13:48+00:00\",\"mainEntityOfPage\":{\"@id\":\"https:\/\/www.sonoraenequipo.com.mx\/congelan-precio-del-gas-lp-para-puebla-capital-y-regiones\/\"},\"wordCount\":364,\"commentCount\":0,\"publisher\":{\"@id\":\"https:\/\/www.sonoraenequipo.com.mx\/#organization\"},\"image\":{\"@id\":\"https:\/\/www.sonoraenequipo.com.mx\/congelan-precio-del-gas-lp-para-puebla-capital-y-regiones\/#primaryimage\"},\"thumbnailUrl\":\"https:\/\/www.sonoraenequipo.com.mx\/storage\/2024\/11\/gas-en-el-centro.-Puebla-y-alreddeores-congelan-min.jpg\",\"articleSection\":[\"Rep\u00fablica\"],\"inLanguage\":\"es\",\"potentialAction\":[{\"@type\":\"CommentAction\",\"name\":\"Comment\",\"target\":[\"https:\/\/www.sonoraenequipo.com.mx\/congelan-precio-del-gas-lp-para-puebla-capital-y-regiones\/#respond\"]}]},{\"@type\":\"WebPage\",\"@id\":\"https:\/\/www.sonoraenequipo.com.mx\/congelan-precio-del-gas-lp-para-puebla-capital-y-regiones\/\",\"url\":\"https:\/\/www.sonoraenequipo.com.mx\/congelan-precio-del-gas-lp-para-puebla-capital-y-regiones\/\",\"name\":\"Sonora en Equipo. Congelan precio del gas LP para Puebla capital y regiones Rep\u00fablica\",\"isPartOf\":{\"@id\":\"https:\/\/www.sonoraenequipo.com.mx\/#website\"},\"primaryImageOfPage\":{\"@id\":\"https:\/\/www.sonoraenequipo.com.mx\/congelan-precio-del-gas-lp-para-puebla-capital-y-regiones\/#primaryimage\"},\"image\":{\"@id\":\"https:\/\/www.sonoraenequipo.com.mx\/congelan-precio-del-gas-lp-para-puebla-capital-y-regiones\/#primaryimage\"},\"thumbnailUrl\":\"https:\/\/www.sonoraenequipo.com.mx\/storage\/2024\/11\/gas-en-el-centro.-Puebla-y-alreddeores-congelan-min.jpg\",\"datePublished\":\"2024-11-24T00:15:31+00:00\",\"dateModified\":\"2024-11-24T18:13:48+00:00\",\"description\":\"PUEBLA, PUEBLA. MX. \u2014 Tras dos semanas de incremento, la Comisi\u00f3n Reguladora de Energ\u00eda (CRE) congel\u00f3 el precio el gas LP para Puebla capital y sus En Sonora en Equipo publicamos toda la informaci\u00f3n de Sonora, M\u00e9xico y el Mundo de manera oportuna y busca que la libertad de expresi\u00f3n sea real. Visita nuestro medio informativo publicado desde Hermosillo, Sonora. %\",\"breadcrumb\":{\"@id\":\"https:\/\/www.sonoraenequipo.com.mx\/congelan-precio-del-gas-lp-para-puebla-capital-y-regiones\/#breadcrumb\"},\"inLanguage\":\"es\",\"potentialAction\":[{\"@type\":\"ReadAction\",\"target\":[\"https:\/\/www.sonoraenequipo.com.mx\/congelan-precio-del-gas-lp-para-puebla-capital-y-regiones\/\"]}]},{\"@type\":\"ImageObject\",\"inLanguage\":\"es\",\"@id\":\"https:\/\/www.sonoraenequipo.com.mx\/congelan-precio-del-gas-lp-para-puebla-capital-y-regiones\/#primaryimage\",\"url\":\"https:\/\/www.sonoraenequipo.com.mx\/storage\/2024\/11\/gas-en-el-centro.-Puebla-y-alreddeores-congelan-min.jpg\",\"contentUrl\":\"https:\/\/www.sonoraenequipo.com.mx\/storage\/2024\/11\/gas-en-el-centro.-Puebla-y-alreddeores-congelan-min.jpg\",\"width\":900,\"height\":506},{\"@type\":\"BreadcrumbList\",\"@id\":\"https:\/\/www.sonoraenequipo.com.mx\/congelan-precio-del-gas-lp-para-puebla-capital-y-regiones\/#breadcrumb\",\"itemListElement\":[{\"@type\":\"ListItem\",\"position\":1,\"name\":\"Portada\",\"item\":\"https:\/\/www.sonoraenequipo.com.mx\/\"},{\"@type\":\"ListItem\",\"position\":2,\"name\":\"Congelan precio del gas LP para Puebla capital y regiones\"}]},{\"@type\":\"WebSite\",\"@id\":\"https:\/\/www.sonoraenequipo.com.mx\/#website\",\"url\":\"https:\/\/www.sonoraenequipo.com.mx\/\",\"name\":\"Sonora en Equipo.\",\"description\":\"Diario en l\u00ednea con Noticias desde Hermosillo, Sonora\",\"publisher\":{\"@id\":\"https:\/\/www.sonoraenequipo.com.mx\/#organization\"},\"potentialAction\":[{\"@type\":\"SearchAction\",\"target\":{\"@type\":\"EntryPoint\",\"urlTemplate\":\"https:\/\/www.sonoraenequipo.com.mx\/?s={search_term_string}\"},\"query-input\":{\"@type\":\"PropertyValueSpecification\",\"valueRequired\":true,\"valueName\":\"search_term_string\"}}],\"inLanguage\":\"es\"},{\"@type\":\"Organization\",\"@id\":\"https:\/\/www.sonoraenequipo.com.mx\/#organization\",\"name\":\"Sonoraenequipo.com.mx\",\"url\":\"https:\/\/www.sonoraenequipo.com.mx\/\",\"logo\":{\"@type\":\"ImageObject\",\"inLanguage\":\"es\",\"@id\":\"https:\/\/www.sonoraenequipo.com.mx\/#\/schema\/logo\/image\/\",\"url\":\"https:\/\/www.sonoraenequipo.com.mx\/storage\/2019\/01\/sonoraenequipo_opt.png\",\"contentUrl\":\"https:\/\/www.sonoraenequipo.com.mx\/storage\/2019\/01\/sonoraenequipo_opt.png\",\"width\":375,\"height\":125,\"caption\":\"Sonoraenequipo.com.mx\"},\"image\":{\"@id\":\"https:\/\/www.sonoraenequipo.com.mx\/#\/schema\/logo\/image\/\"},\"sameAs\":[\"https:\/\/www.facebook.com\/SonoraEE\/\",\"https:\/\/x.com\/sonoraenequipo\",\"https:\/\/www.youtube.com\/channel\/UC338nW-lPEYmJQs4ZABQ1SQ\"]},{\"@type\":\"Person\",\"@id\":\"https:\/\/www.sonoraenequipo.com.mx\/#\/schema\/person\/50102df0fb23a8fa9e8effad8fa81386\",\"name\":\"enequipo\",\"image\":{\"@type\":\"ImageObject\",\"inLanguage\":\"es\",\"@id\":\"https:\/\/www.sonoraenequipo.com.mx\/#\/schema\/person\/image\/\",\"url\":\"https:\/\/secure.gravatar.com\/avatar\/049821681b589dabc0bc20695993ccebb09f5b5d4d790cd9251b97faac7c652b?s=96&d=blank&r=g\",\"contentUrl\":\"https:\/\/secure.gravatar.com\/avatar\/049821681b589dabc0bc20695993ccebb09f5b5d4d790cd9251b97faac7c652b?s=96&d=blank&r=g\",\"caption\":\"enequipo\"},\"sameAs\":[\"https:\/\/www.facebook.com\/SonoraEE\"]}]}<\/script>\n ","yoast_head_json":{"title":"Sonora en Equipo. Congelan precio del gas LP para Puebla capital y regiones Rep\u00fablica","description":"PUEBLA, PUEBLA. MX. \u2014 Tras dos semanas de incremento, la Comisi\u00f3n Reguladora de Energ\u00eda (CRE) congel\u00f3 el precio el gas LP para Puebla capital y sus En Sonora en Equipo publicamos toda la informaci\u00f3n de Sonora, M\u00e9xico y el Mundo de manera oportuna y busca que la libertad de expresi\u00f3n sea real. Visita nuestro medio informativo publicado desde Hermosillo, Sonora. %","robots":{"index":"index","follow":"follow","max-snippet":"max-snippet:-1","max-image-preview":"max-image-preview:large","max-video-preview":"max-video-preview:-1"},"canonical":"https:\/\/www.sonoraenequipo.com.mx\/congelan-precio-del-gas-lp-para-puebla-capital-y-regiones\/","og_locale":"es_ES","og_type":"article","og_title":"Sonora en Equipo. Congelan precio del gas LP para Puebla capital y regiones Rep\u00fablica","og_description":"PUEBLA, PUEBLA. MX. \u2014 Tras dos semanas de incremento, la Comisi\u00f3n Reguladora de Energ\u00eda (CRE) congel\u00f3 el precio el gas LP para Puebla capital y sus En Sonora en Equipo publicamos toda la informaci\u00f3n de Sonora, M\u00e9xico y el Mundo de manera oportuna y busca que la libertad de expresi\u00f3n sea real. Visita nuestro medio informativo publicado desde Hermosillo, Sonora. %","og_url":"https:\/\/www.sonoraenequipo.com.mx\/congelan-precio-del-gas-lp-para-puebla-capital-y-regiones\/","og_site_name":"Sonora en Equipo.","article_publisher":"https:\/\/www.facebook.com\/SonoraEE\/","article_author":"https:\/\/www.facebook.com\/SonoraEE","article_published_time":"2024-11-24T00:15:31+00:00","article_modified_time":"2024-11-24T18:13:48+00:00","og_image":[{"width":900,"height":506,"url":"https:\/\/www.sonoraenequipo.com.mx\/storage\/2024\/11\/gas-en-el-centro.-Puebla-y-alreddeores-congelan-min.jpg","type":"image\/jpeg"}],"author":"enequipo","twitter_card":"summary_large_image","twitter_creator":"@sonoraenequipo","twitter_site":"@sonoraenequipo","twitter_misc":{"Escrito por":"enequipo","Tiempo de lectura":"2 minutos"},"schema":{"@context":"https:\/\/schema.org","@graph":[{"@type":"Article","@id":"https:\/\/www.sonoraenequipo.com.mx\/congelan-precio-del-gas-lp-para-puebla-capital-y-regiones\/#article","isPartOf":{"@id":"https:\/\/www.sonoraenequipo.com.mx\/congelan-precio-del-gas-lp-para-puebla-capital-y-regiones\/"},"author":{"name":"enequipo","@id":"https:\/\/www.sonoraenequipo.com.mx\/#\/schema\/person\/50102df0fb23a8fa9e8effad8fa81386"},"headline":"Congelan precio del gas LP para Puebla capital y regiones","datePublished":"2024-11-24T00:15:31+00:00","dateModified":"2024-11-24T18:13:48+00:00","mainEntityOfPage":{"@id":"https:\/\/www.sonoraenequipo.com.mx\/congelan-precio-del-gas-lp-para-puebla-capital-y-regiones\/"},"wordCount":364,"commentCount":0,"publisher":{"@id":"https:\/\/www.sonoraenequipo.com.mx\/#organization"},"image":{"@id":"https:\/\/www.sonoraenequipo.com.mx\/congelan-precio-del-gas-lp-para-puebla-capital-y-regiones\/#primaryimage"},"thumbnailUrl":"https:\/\/www.sonoraenequipo.com.mx\/storage\/2024\/11\/gas-en-el-centro.-Puebla-y-alreddeores-congelan-min.jpg","articleSection":["Rep\u00fablica"],"inLanguage":"es","potentialAction":[{"@type":"CommentAction","name":"Comment","target":["https:\/\/www.sonoraenequipo.com.mx\/congelan-precio-del-gas-lp-para-puebla-capital-y-regiones\/#respond"]}]},{"@type":"WebPage","@id":"https:\/\/www.sonoraenequipo.com.mx\/congelan-precio-del-gas-lp-para-puebla-capital-y-regiones\/","url":"https:\/\/www.sonoraenequipo.com.mx\/congelan-precio-del-gas-lp-para-puebla-capital-y-regiones\/","name":"Sonora en Equipo. Congelan precio del gas LP para Puebla capital y regiones Rep\u00fablica","isPartOf":{"@id":"https:\/\/www.sonoraenequipo.com.mx\/#website"},"primaryImageOfPage":{"@id":"https:\/\/www.sonoraenequipo.com.mx\/congelan-precio-del-gas-lp-para-puebla-capital-y-regiones\/#primaryimage"},"image":{"@id":"https:\/\/www.sonoraenequipo.com.mx\/congelan-precio-del-gas-lp-para-puebla-capital-y-regiones\/#primaryimage"},"thumbnailUrl":"https:\/\/www.sonoraenequipo.com.mx\/storage\/2024\/11\/gas-en-el-centro.-Puebla-y-alreddeores-congelan-min.jpg","datePublished":"2024-11-24T00:15:31+00:00","dateModified":"2024-11-24T18:13:48+00:00","description":"PUEBLA, PUEBLA. MX. \u2014 Tras dos semanas de incremento, la Comisi\u00f3n Reguladora de Energ\u00eda (CRE) congel\u00f3 el precio el gas LP para Puebla capital y sus En Sonora en Equipo publicamos toda la informaci\u00f3n de Sonora, M\u00e9xico y el Mundo de manera oportuna y busca que la libertad de expresi\u00f3n sea real. Visita nuestro medio informativo publicado desde Hermosillo, Sonora. %","breadcrumb":{"@id":"https:\/\/www.sonoraenequipo.com.mx\/congelan-precio-del-gas-lp-para-puebla-capital-y-regiones\/#breadcrumb"},"inLanguage":"es","potentialAction":[{"@type":"ReadAction","target":["https:\/\/www.sonoraenequipo.com.mx\/congelan-precio-del-gas-lp-para-puebla-capital-y-regiones\/"]}]},{"@type":"ImageObject","inLanguage":"es","@id":"https:\/\/www.sonoraenequipo.com.mx\/congelan-precio-del-gas-lp-para-puebla-capital-y-regiones\/#primaryimage","url":"https:\/\/www.sonoraenequipo.com.mx\/storage\/2024\/11\/gas-en-el-centro.-Puebla-y-alreddeores-congelan-min.jpg","contentUrl":"https:\/\/www.sonoraenequipo.com.mx\/storage\/2024\/11\/gas-en-el-centro.-Puebla-y-alreddeores-congelan-min.jpg","width":900,"height":506},{"@type":"BreadcrumbList","@id":"https:\/\/www.sonoraenequipo.com.mx\/congelan-precio-del-gas-lp-para-puebla-capital-y-regiones\/#breadcrumb","itemListElement":[{"@type":"ListItem","position":1,"name":"Portada","item":"https:\/\/www.sonoraenequipo.com.mx\/"},{"@type":"ListItem","position":2,"name":"Congelan precio del gas LP para Puebla capital y regiones"}]},{"@type":"WebSite","@id":"https:\/\/www.sonoraenequipo.com.mx\/#website","url":"https:\/\/www.sonoraenequipo.com.mx\/","name":"Sonora en Equipo.","description":"Diario en l\u00ednea con Noticias desde Hermosillo, Sonora","publisher":{"@id":"https:\/\/www.sonoraenequipo.com.mx\/#organization"},"potentialAction":[{"@type":"SearchAction","target":{"@type":"EntryPoint","urlTemplate":"https:\/\/www.sonoraenequipo.com.mx\/?s={search_term_string}"},"query-input":{"@type":"PropertyValueSpecification","valueRequired":true,"valueName":"search_term_string"}}],"inLanguage":"es"},{"@type":"Organization","@id":"https:\/\/www.sonoraenequipo.com.mx\/#organization","name":"Sonoraenequipo.com.mx","url":"https:\/\/www.sonoraenequipo.com.mx\/","logo":{"@type":"ImageObject","inLanguage":"es","@id":"https:\/\/www.sonoraenequipo.com.mx\/#\/schema\/logo\/image\/","url":"https:\/\/www.sonoraenequipo.com.mx\/storage\/2019\/01\/sonoraenequipo_opt.png","contentUrl":"https:\/\/www.sonoraenequipo.com.mx\/storage\/2019\/01\/sonoraenequipo_opt.png","width":375,"height":125,"caption":"Sonoraenequipo.com.mx"},"image":{"@id":"https:\/\/www.sonoraenequipo.com.mx\/#\/schema\/logo\/image\/"},"sameAs":["https:\/\/www.facebook.com\/SonoraEE\/","https:\/\/x.com\/sonoraenequipo","https:\/\/www.youtube.com\/channel\/UC338nW-lPEYmJQs4ZABQ1SQ"]},{"@type":"Person","@id":"https:\/\/www.sonoraenequipo.com.mx\/#\/schema\/person\/50102df0fb23a8fa9e8effad8fa81386","name":"enequipo","image":{"@type":"ImageObject","inLanguage":"es","@id":"https:\/\/www.sonoraenequipo.com.mx\/#\/schema\/person\/image\/","url":"https:\/\/secure.gravatar.com\/avatar\/049821681b589dabc0bc20695993ccebb09f5b5d4d790cd9251b97faac7c652b?s=96&d=blank&r=g","contentUrl":"https:\/\/secure.gravatar.com\/avatar\/049821681b589dabc0bc20695993ccebb09f5b5d4d790cd9251b97faac7c652b?s=96&d=blank&r=g","caption":"enequipo"},"sameAs":["https:\/\/www.facebook.com\/SonoraEE"]}]}},"jetpack_featured_media_url":"https:\/\/www.sonoraenequipo.com.mx\/storage\/2024\/11\/gas-en-el-centro.-Puebla-y-alreddeores-congelan-min.jpg","_links":{"self":[{"href":"https:\/\/www.sonoraenequipo.com.mx\/api\/wp\/v2\/posts\/204765","targetHints":{"allow":["GET"]}}],"collection":[{"href":"https:\/\/www.sonoraenequipo.com.mx\/api\/wp\/v2\/posts"}],"about":[{"href":"https:\/\/www.sonoraenequipo.com.mx\/api\/wp\/v2\/types\/post"}],"author":[{"embeddable":true,"href":"https:\/\/www.sonoraenequipo.com.mx\/api\/wp\/v2\/users\/1"}],"replies":[{"embeddable":true,"href":"https:\/\/www.sonoraenequipo.com.mx\/api\/wp\/v2\/comments?post=204765"}],"version-history":[{"count":1,"href":"https:\/\/www.sonoraenequipo.com.mx\/api\/wp\/v2\/posts\/204765\/revisions"}],"predecessor-version":[{"id":204771,"href":"https:\/\/www.sonoraenequipo.com.mx\/api\/wp\/v2\/posts\/204765\/revisions\/204771"}],"wp:featuredmedia":[{"embeddable":true,"href":"https:\/\/www.sonoraenequipo.com.mx\/api\/wp\/v2\/media\/204770"}],"wp:attachment":[{"href":"https:\/\/www.sonoraenequipo.com.mx\/api\/wp\/v2\/media?parent=204765"}],"wp:term":[{"taxonomy":"category","embeddable":true,"href":"https:\/\/www.sonoraenequipo.com.mx\/api\/wp\/v2\/categories?post=204765"},{"taxonomy":"post_tag","embeddable":true,"href":"https:\/\/www.sonoraenequipo.com.mx\/api\/wp\/v2\/tags?post=204765"}],"curies":[{"name":"wp","href":"https:\/\/api.w.org\/{rel}","templated":true}]}}