{"id":204772,"date":"2024-11-22T21:54:17","date_gmt":"2024-11-23T04:54:17","guid":{"rendered":"https:\/\/www.sonoraenequipo.com.mx\/?p=204772"},"modified":"2024-11-24T11:53:17","modified_gmt":"2024-11-24T18:53:17","slug":"detienen-a-alcaldesa-y-mandos-de-seguridad-en-edomex","status":"publish","type":"post","link":"https:\/\/www.sonoraenequipo.com.mx\/detienen-a-alcaldesa-y-mandos-de-seguridad-en-edomex\/","title":{"rendered":"Detienen a alcaldesa y mandos de seguridad en Edomex"},"content":{"rendered":"<p><strong>NAUCALPAN, ESTADO DE M\u00c9XICO. MX. \u2014<\/strong> Una fuerte movilizaci\u00f3n se registr\u00f3 en los municipios de Tejupilco, Ixtapaluca, Amanalco, Texcaltitl\u00e1n, as\u00ed como en Naucalpan, donde fueron detenidos diversos mandos de seguridad, as\u00ed como una alcaldesa.<\/p>\n<p> <\/p>\n<p>La Fiscal\u00eda General de Justicia del Estado de M\u00e9xico inform\u00f3 que se trata del llamado<em><strong> \u201cOperativo Enjambre\u201d,<\/strong><\/em> en el que se detuvieron y cumplimentaron \u00f3rdenes de aprehensi\u00f3n contra funcionarios acusado de facilitar actividades delictivas.<\/p>\n<p><img loading=\"lazy\" decoding=\"async\" class=\"x-none size-full \" src=\"https:\/\/www.sonoraenequipo.com.mx\/storage\/2024\/11\/fiscalia-del-EdoMexico-min.jpg\" alt=\"\" width=\"900\" height=\"411\" \/><\/p>\n<p>En sus redes sociales, la Fiscal\u00eda mexiquense indic\u00f3 que participan elementos de la Secretar\u00eda de la Defensa Nacional (Defensa), la Secretar\u00eda de Marina, la Secretar\u00eda de Seguridad y Protecci\u00f3n Ciudadana (SSPC), Guardia Nacional, as\u00ed como la Secretar\u00eda de Seguridad del Estado de M\u00e9xico.<\/p>\n<p><a href=\"https:\/\/twitter.com\/OHarfuch\/status\/1860070132854178275\">https:\/\/twitter.com\/OHarfuch\/status\/1860070132854178275<\/a><\/p>\n<p>Entre los detenidos se encuentra la presidenta municipal de Amanalco, Mar\u00eda Elena \u2018N\u2019, quien es investigada por la presunta comisi\u00f3n de diversos hechos delictivos, por lo que ser\u00e1 puesta a disposici\u00f3n de la autoridad judicial.<\/p>\n<p>Tambi\u00e9n se confirmaron las detenciones de Rodolfo \u2018N\u2019, director operativo de Seguridad y Prevenci\u00f3n Ciudadana de Ixtapaluca; Eraclio \u2018N\u2019, director de Seguridad de Tejupilco; as\u00ed como Omar \u2018N\u2019, subdirector de Seguridad Ciudadana de Naucalpan.<\/p>\n<p>En medio de este operativo trascendi\u00f3 que el titular de la Direcci\u00f3n de Seguridad P\u00fablica de Texcaltitl\u00e1n, Isidro \u2018N\u2019, fue localizado sin vida al interior de su oficina.<\/p>\n<p>Al respecto, medios locales informaron que se habr\u00eda quitado la vida para no ser detenido por las autoridades, por lo que al notar la presencia de los uniformados se dispar\u00f3 con un arma de fuego.<\/p>\n<p>PUBLICADO EL 22 DE NOVIEMBRE DE 2024 Con informaci\u00f3n de medios locales)<\/p>\n","protected":false},"excerpt":{"rendered":"<p>NAUCALPAN, ESTADO DE M\u00c9XICO. MX. \u2014 Una fuerte movilizaci\u00f3n se registr\u00f3 en los municipios de&#8230;<\/p>\n","protected":false},"author":1,"featured_media":204773,"comment_status":"open","ping_status":"open","sticky":false,"template":"","format":"standard","meta":{"_monsterinsights_skip_tracking":false,"_monsterinsights_sitenote_active":false,"_monsterinsights_sitenote_note":"","_monsterinsights_sitenote_category":0,"footnotes":""},"categories":[5],"tags":[],"class_list":["post"],"yoast_head":" \n<title>Sonora en Equipo. Detienen a alcaldesa y mandos de seguridad en Edomex Rep\u00fablica<\/title>\n<meta name=\"description\" content=\"NAUCALPAN, ESTADO DE M\u00c9XICO. MX. \u2014 Una fuerte movilizaci\u00f3n se registr\u00f3 en los municipios de Tejupilco, Ixtapaluca, Amanalco, Texcaltitl\u00e1n, as\u00ed como en En Sonora en Equipo publicamos toda la informaci\u00f3n de Sonora, M\u00e9xico y el Mundo de manera oportuna y busca que la libertad de expresi\u00f3n sea real. Visita nuestro medio informativo publicado desde Hermosillo, Sonora. %\" \/>\n<meta name=\"robots\" content=\"index, follow, max-snippet:-1, max-image-preview:large, max-video-preview:-1\" \/>\n<link rel=\"canonical\" href=\"https:\/\/www.sonoraenequipo.com.mx\/detienen-a-alcaldesa-y-mandos-de-seguridad-en-edomex\/\" \/>\n<meta property=\"og:locale\" content=\"es_ES\" \/>\n<meta property=\"og:type\" content=\"article\" \/>\n<meta property=\"og:title\" content=\"Sonora en Equipo. Detienen a alcaldesa y mandos de seguridad en Edomex Rep\u00fablica\" \/>\n<meta property=\"og:description\" content=\"NAUCALPAN, ESTADO DE M\u00c9XICO. MX. \u2014 Una fuerte movilizaci\u00f3n se registr\u00f3 en los municipios de Tejupilco, Ixtapaluca, Amanalco, Texcaltitl\u00e1n, as\u00ed como en En Sonora en Equipo publicamos toda la informaci\u00f3n de Sonora, M\u00e9xico y el Mundo de manera oportuna y busca que la libertad de expresi\u00f3n sea real. Visita nuestro medio informativo publicado desde Hermosillo, Sonora. %\" \/>\n<meta property=\"og:url\" content=\"https:\/\/www.sonoraenequipo.com.mx\/detienen-a-alcaldesa-y-mandos-de-seguridad-en-edomex\/\" \/>\n<meta property=\"og:site_name\" content=\"Sonora en Equipo.\" \/>\n<meta property=\"article:publisher\" content=\"https:\/\/www.facebook.com\/SonoraEE\/\" \/>\n<meta property=\"article:author\" content=\"https:\/\/www.facebook.com\/SonoraEE\" \/>\n<meta property=\"article:published_time\" content=\"2024-11-23T04:54:17+00:00\" \/>\n<meta property=\"article:modified_time\" content=\"2024-11-24T18:53:17+00:00\" \/>\n<meta property=\"og:image\" content=\"https:\/\/www.sonoraenequipo.com.mx\/storage\/2024\/11\/funcionarios-detenidor-por-complicidad-con-grupos-delictivos-min.jpg\" \/>\n\t<meta property=\"og:image:width\" content=\"900\" \/>\n\t<meta property=\"og:image:height\" content=\"900\" \/>\n\t<meta property=\"og:image:type\" content=\"image\/jpeg\" \/>\n<meta name=\"author\" content=\"enequipo\" \/>\n<meta name=\"twitter:card\" content=\"summary_large_image\" \/>\n<meta name=\"twitter:creator\" content=\"@sonoraenequipo\" \/>\n<meta name=\"twitter:site\" content=\"@sonoraenequipo\" \/>\n<meta name=\"twitter:label1\" content=\"Escrito por\" \/>\n\t<meta name=\"twitter:data1\" content=\"enequipo\" \/>\n\t<meta name=\"twitter:label2\" content=\"Tiempo de lectura\" \/>\n\t<meta name=\"twitter:data2\" content=\"1 minuto\" \/>\n<script type=\"application\/ld+json\" class=\"yoast-schema-graph\">{\"@context\":\"https:\/\/schema.org\",\"@graph\":[{\"@type\":\"Article\",\"@id\":\"https:\/\/www.sonoraenequipo.com.mx\/detienen-a-alcaldesa-y-mandos-de-seguridad-en-edomex\/#article\",\"isPartOf\":{\"@id\":\"https:\/\/www.sonoraenequipo.com.mx\/detienen-a-alcaldesa-y-mandos-de-seguridad-en-edomex\/\"},\"author\":{\"name\":\"enequipo\",\"@id\":\"https:\/\/www.sonoraenequipo.com.mx\/#\/schema\/person\/50102df0fb23a8fa9e8effad8fa81386\"},\"headline\":\"Detienen a alcaldesa y mandos de seguridad en Edomex\",\"datePublished\":\"2024-11-23T04:54:17+00:00\",\"dateModified\":\"2024-11-24T18:53:17+00:00\",\"mainEntityOfPage\":{\"@id\":\"https:\/\/www.sonoraenequipo.com.mx\/detienen-a-alcaldesa-y-mandos-de-seguridad-en-edomex\/\"},\"wordCount\":289,\"commentCount\":0,\"publisher\":{\"@id\":\"https:\/\/www.sonoraenequipo.com.mx\/#organization\"},\"image\":{\"@id\":\"https:\/\/www.sonoraenequipo.com.mx\/detienen-a-alcaldesa-y-mandos-de-seguridad-en-edomex\/#primaryimage\"},\"thumbnailUrl\":\"https:\/\/www.sonoraenequipo.com.mx\/storage\/2024\/11\/funcionarios-detenidor-por-complicidad-con-grupos-delictivos-min.jpg\",\"articleSection\":[\"Rep\u00fablica\"],\"inLanguage\":\"es\",\"potentialAction\":[{\"@type\":\"CommentAction\",\"name\":\"Comment\",\"target\":[\"https:\/\/www.sonoraenequipo.com.mx\/detienen-a-alcaldesa-y-mandos-de-seguridad-en-edomex\/#respond\"]}]},{\"@type\":\"WebPage\",\"@id\":\"https:\/\/www.sonoraenequipo.com.mx\/detienen-a-alcaldesa-y-mandos-de-seguridad-en-edomex\/\",\"url\":\"https:\/\/www.sonoraenequipo.com.mx\/detienen-a-alcaldesa-y-mandos-de-seguridad-en-edomex\/\",\"name\":\"Sonora en Equipo. Detienen a alcaldesa y mandos de seguridad en Edomex Rep\u00fablica\",\"isPartOf\":{\"@id\":\"https:\/\/www.sonoraenequipo.com.mx\/#website\"},\"primaryImageOfPage\":{\"@id\":\"https:\/\/www.sonoraenequipo.com.mx\/detienen-a-alcaldesa-y-mandos-de-seguridad-en-edomex\/#primaryimage\"},\"image\":{\"@id\":\"https:\/\/www.sonoraenequipo.com.mx\/detienen-a-alcaldesa-y-mandos-de-seguridad-en-edomex\/#primaryimage\"},\"thumbnailUrl\":\"https:\/\/www.sonoraenequipo.com.mx\/storage\/2024\/11\/funcionarios-detenidor-por-complicidad-con-grupos-delictivos-min.jpg\",\"datePublished\":\"2024-11-23T04:54:17+00:00\",\"dateModified\":\"2024-11-24T18:53:17+00:00\",\"description\":\"NAUCALPAN, ESTADO DE M\u00c9XICO. MX. \u2014 Una fuerte movilizaci\u00f3n se registr\u00f3 en los municipios de Tejupilco, Ixtapaluca, Amanalco, Texcaltitl\u00e1n, as\u00ed como en En Sonora en Equipo publicamos toda la informaci\u00f3n de Sonora, M\u00e9xico y el Mundo de manera oportuna y busca que la libertad de expresi\u00f3n sea real. Visita nuestro medio informativo publicado desde Hermosillo, Sonora. %\",\"breadcrumb\":{\"@id\":\"https:\/\/www.sonoraenequipo.com.mx\/detienen-a-alcaldesa-y-mandos-de-seguridad-en-edomex\/#breadcrumb\"},\"inLanguage\":\"es\",\"potentialAction\":[{\"@type\":\"ReadAction\",\"target\":[\"https:\/\/www.sonoraenequipo.com.mx\/detienen-a-alcaldesa-y-mandos-de-seguridad-en-edomex\/\"]}]},{\"@type\":\"ImageObject\",\"inLanguage\":\"es\",\"@id\":\"https:\/\/www.sonoraenequipo.com.mx\/detienen-a-alcaldesa-y-mandos-de-seguridad-en-edomex\/#primaryimage\",\"url\":\"https:\/\/www.sonoraenequipo.com.mx\/storage\/2024\/11\/funcionarios-detenidor-por-complicidad-con-grupos-delictivos-min.jpg\",\"contentUrl\":\"https:\/\/www.sonoraenequipo.com.mx\/storage\/2024\/11\/funcionarios-detenidor-por-complicidad-con-grupos-delictivos-min.jpg\",\"width\":900,\"height\":900},{\"@type\":\"BreadcrumbList\",\"@id\":\"https:\/\/www.sonoraenequipo.com.mx\/detienen-a-alcaldesa-y-mandos-de-seguridad-en-edomex\/#breadcrumb\",\"itemListElement\":[{\"@type\":\"ListItem\",\"position\":1,\"name\":\"Portada\",\"item\":\"https:\/\/www.sonoraenequipo.com.mx\/\"},{\"@type\":\"ListItem\",\"position\":2,\"name\":\"Detienen a alcaldesa y mandos de seguridad en Edomex\"}]},{\"@type\":\"WebSite\",\"@id\":\"https:\/\/www.sonoraenequipo.com.mx\/#website\",\"url\":\"https:\/\/www.sonoraenequipo.com.mx\/\",\"name\":\"Sonora en Equipo.\",\"description\":\"Diario en l\u00ednea con Noticias desde Hermosillo, Sonora\",\"publisher\":{\"@id\":\"https:\/\/www.sonoraenequipo.com.mx\/#organization\"},\"potentialAction\":[{\"@type\":\"SearchAction\",\"target\":{\"@type\":\"EntryPoint\",\"urlTemplate\":\"https:\/\/www.sonoraenequipo.com.mx\/?s={search_term_string}\"},\"query-input\":{\"@type\":\"PropertyValueSpecification\",\"valueRequired\":true,\"valueName\":\"search_term_string\"}}],\"inLanguage\":\"es\"},{\"@type\":\"Organization\",\"@id\":\"https:\/\/www.sonoraenequipo.com.mx\/#organization\",\"name\":\"Sonoraenequipo.com.mx\",\"url\":\"https:\/\/www.sonoraenequipo.com.mx\/\",\"logo\":{\"@type\":\"ImageObject\",\"inLanguage\":\"es\",\"@id\":\"https:\/\/www.sonoraenequipo.com.mx\/#\/schema\/logo\/image\/\",\"url\":\"https:\/\/www.sonoraenequipo.com.mx\/storage\/2019\/01\/sonoraenequipo_opt.png\",\"contentUrl\":\"https:\/\/www.sonoraenequipo.com.mx\/storage\/2019\/01\/sonoraenequipo_opt.png\",\"width\":375,\"height\":125,\"caption\":\"Sonoraenequipo.com.mx\"},\"image\":{\"@id\":\"https:\/\/www.sonoraenequipo.com.mx\/#\/schema\/logo\/image\/\"},\"sameAs\":[\"https:\/\/www.facebook.com\/SonoraEE\/\",\"https:\/\/x.com\/sonoraenequipo\",\"https:\/\/www.youtube.com\/channel\/UC338nW-lPEYmJQs4ZABQ1SQ\"]},{\"@type\":\"Person\",\"@id\":\"https:\/\/www.sonoraenequipo.com.mx\/#\/schema\/person\/50102df0fb23a8fa9e8effad8fa81386\",\"name\":\"enequipo\",\"image\":{\"@type\":\"ImageObject\",\"inLanguage\":\"es\",\"@id\":\"https:\/\/www.sonoraenequipo.com.mx\/#\/schema\/person\/image\/\",\"url\":\"https:\/\/secure.gravatar.com\/avatar\/049821681b589dabc0bc20695993ccebb09f5b5d4d790cd9251b97faac7c652b?s=96&d=blank&r=g\",\"contentUrl\":\"https:\/\/secure.gravatar.com\/avatar\/049821681b589dabc0bc20695993ccebb09f5b5d4d790cd9251b97faac7c652b?s=96&d=blank&r=g\",\"caption\":\"enequipo\"},\"sameAs\":[\"https:\/\/www.facebook.com\/SonoraEE\"]}]}<\/script>\n ","yoast_head_json":{"title":"Sonora en Equipo. Detienen a alcaldesa y mandos de seguridad en Edomex Rep\u00fablica","description":"NAUCALPAN, ESTADO DE M\u00c9XICO. MX. \u2014 Una fuerte movilizaci\u00f3n se registr\u00f3 en los municipios de Tejupilco, Ixtapaluca, Amanalco, Texcaltitl\u00e1n, as\u00ed como en En Sonora en Equipo publicamos toda la informaci\u00f3n de Sonora, M\u00e9xico y el Mundo de manera oportuna y busca que la libertad de expresi\u00f3n sea real. Visita nuestro medio informativo publicado desde Hermosillo, Sonora. %","robots":{"index":"index","follow":"follow","max-snippet":"max-snippet:-1","max-image-preview":"max-image-preview:large","max-video-preview":"max-video-preview:-1"},"canonical":"https:\/\/www.sonoraenequipo.com.mx\/detienen-a-alcaldesa-y-mandos-de-seguridad-en-edomex\/","og_locale":"es_ES","og_type":"article","og_title":"Sonora en Equipo. Detienen a alcaldesa y mandos de seguridad en Edomex Rep\u00fablica","og_description":"NAUCALPAN, ESTADO DE M\u00c9XICO. MX. \u2014 Una fuerte movilizaci\u00f3n se registr\u00f3 en los municipios de Tejupilco, Ixtapaluca, Amanalco, Texcaltitl\u00e1n, as\u00ed como en En Sonora en Equipo publicamos toda la informaci\u00f3n de Sonora, M\u00e9xico y el Mundo de manera oportuna y busca que la libertad de expresi\u00f3n sea real. Visita nuestro medio informativo publicado desde Hermosillo, Sonora. %","og_url":"https:\/\/www.sonoraenequipo.com.mx\/detienen-a-alcaldesa-y-mandos-de-seguridad-en-edomex\/","og_site_name":"Sonora en Equipo.","article_publisher":"https:\/\/www.facebook.com\/SonoraEE\/","article_author":"https:\/\/www.facebook.com\/SonoraEE","article_published_time":"2024-11-23T04:54:17+00:00","article_modified_time":"2024-11-24T18:53:17+00:00","og_image":[{"width":900,"height":900,"url":"https:\/\/www.sonoraenequipo.com.mx\/storage\/2024\/11\/funcionarios-detenidor-por-complicidad-con-grupos-delictivos-min.jpg","type":"image\/jpeg"}],"author":"enequipo","twitter_card":"summary_large_image","twitter_creator":"@sonoraenequipo","twitter_site":"@sonoraenequipo","twitter_misc":{"Escrito por":"enequipo","Tiempo de lectura":"1 minuto"},"schema":{"@context":"https:\/\/schema.org","@graph":[{"@type":"Article","@id":"https:\/\/www.sonoraenequipo.com.mx\/detienen-a-alcaldesa-y-mandos-de-seguridad-en-edomex\/#article","isPartOf":{"@id":"https:\/\/www.sonoraenequipo.com.mx\/detienen-a-alcaldesa-y-mandos-de-seguridad-en-edomex\/"},"author":{"name":"enequipo","@id":"https:\/\/www.sonoraenequipo.com.mx\/#\/schema\/person\/50102df0fb23a8fa9e8effad8fa81386"},"headline":"Detienen a alcaldesa y mandos de seguridad en Edomex","datePublished":"2024-11-23T04:54:17+00:00","dateModified":"2024-11-24T18:53:17+00:00","mainEntityOfPage":{"@id":"https:\/\/www.sonoraenequipo.com.mx\/detienen-a-alcaldesa-y-mandos-de-seguridad-en-edomex\/"},"wordCount":289,"commentCount":0,"publisher":{"@id":"https:\/\/www.sonoraenequipo.com.mx\/#organization"},"image":{"@id":"https:\/\/www.sonoraenequipo.com.mx\/detienen-a-alcaldesa-y-mandos-de-seguridad-en-edomex\/#primaryimage"},"thumbnailUrl":"https:\/\/www.sonoraenequipo.com.mx\/storage\/2024\/11\/funcionarios-detenidor-por-complicidad-con-grupos-delictivos-min.jpg","articleSection":["Rep\u00fablica"],"inLanguage":"es","potentialAction":[{"@type":"CommentAction","name":"Comment","target":["https:\/\/www.sonoraenequipo.com.mx\/detienen-a-alcaldesa-y-mandos-de-seguridad-en-edomex\/#respond"]}]},{"@type":"WebPage","@id":"https:\/\/www.sonoraenequipo.com.mx\/detienen-a-alcaldesa-y-mandos-de-seguridad-en-edomex\/","url":"https:\/\/www.sonoraenequipo.com.mx\/detienen-a-alcaldesa-y-mandos-de-seguridad-en-edomex\/","name":"Sonora en Equipo. Detienen a alcaldesa y mandos de seguridad en Edomex Rep\u00fablica","isPartOf":{"@id":"https:\/\/www.sonoraenequipo.com.mx\/#website"},"primaryImageOfPage":{"@id":"https:\/\/www.sonoraenequipo.com.mx\/detienen-a-alcaldesa-y-mandos-de-seguridad-en-edomex\/#primaryimage"},"image":{"@id":"https:\/\/www.sonoraenequipo.com.mx\/detienen-a-alcaldesa-y-mandos-de-seguridad-en-edomex\/#primaryimage"},"thumbnailUrl":"https:\/\/www.sonoraenequipo.com.mx\/storage\/2024\/11\/funcionarios-detenidor-por-complicidad-con-grupos-delictivos-min.jpg","datePublished":"2024-11-23T04:54:17+00:00","dateModified":"2024-11-24T18:53:17+00:00","description":"NAUCALPAN, ESTADO DE M\u00c9XICO. MX. \u2014 Una fuerte movilizaci\u00f3n se registr\u00f3 en los municipios de Tejupilco, Ixtapaluca, Amanalco, Texcaltitl\u00e1n, as\u00ed como en En Sonora en Equipo publicamos toda la informaci\u00f3n de Sonora, M\u00e9xico y el Mundo de manera oportuna y busca que la libertad de expresi\u00f3n sea real. Visita nuestro medio informativo publicado desde Hermosillo, Sonora. %","breadcrumb":{"@id":"https:\/\/www.sonoraenequipo.com.mx\/detienen-a-alcaldesa-y-mandos-de-seguridad-en-edomex\/#breadcrumb"},"inLanguage":"es","potentialAction":[{"@type":"ReadAction","target":["https:\/\/www.sonoraenequipo.com.mx\/detienen-a-alcaldesa-y-mandos-de-seguridad-en-edomex\/"]}]},{"@type":"ImageObject","inLanguage":"es","@id":"https:\/\/www.sonoraenequipo.com.mx\/detienen-a-alcaldesa-y-mandos-de-seguridad-en-edomex\/#primaryimage","url":"https:\/\/www.sonoraenequipo.com.mx\/storage\/2024\/11\/funcionarios-detenidor-por-complicidad-con-grupos-delictivos-min.jpg","contentUrl":"https:\/\/www.sonoraenequipo.com.mx\/storage\/2024\/11\/funcionarios-detenidor-por-complicidad-con-grupos-delictivos-min.jpg","width":900,"height":900},{"@type":"BreadcrumbList","@id":"https:\/\/www.sonoraenequipo.com.mx\/detienen-a-alcaldesa-y-mandos-de-seguridad-en-edomex\/#breadcrumb","itemListElement":[{"@type":"ListItem","position":1,"name":"Portada","item":"https:\/\/www.sonoraenequipo.com.mx\/"},{"@type":"ListItem","position":2,"name":"Detienen a alcaldesa y mandos de seguridad en Edomex"}]},{"@type":"WebSite","@id":"https:\/\/www.sonoraenequipo.com.mx\/#website","url":"https:\/\/www.sonoraenequipo.com.mx\/","name":"Sonora en Equipo.","description":"Diario en l\u00ednea con Noticias desde Hermosillo, Sonora","publisher":{"@id":"https:\/\/www.sonoraenequipo.com.mx\/#organization"},"potentialAction":[{"@type":"SearchAction","target":{"@type":"EntryPoint","urlTemplate":"https:\/\/www.sonoraenequipo.com.mx\/?s={search_term_string}"},"query-input":{"@type":"PropertyValueSpecification","valueRequired":true,"valueName":"search_term_string"}}],"inLanguage":"es"},{"@type":"Organization","@id":"https:\/\/www.sonoraenequipo.com.mx\/#organization","name":"Sonoraenequipo.com.mx","url":"https:\/\/www.sonoraenequipo.com.mx\/","logo":{"@type":"ImageObject","inLanguage":"es","@id":"https:\/\/www.sonoraenequipo.com.mx\/#\/schema\/logo\/image\/","url":"https:\/\/www.sonoraenequipo.com.mx\/storage\/2019\/01\/sonoraenequipo_opt.png","contentUrl":"https:\/\/www.sonoraenequipo.com.mx\/storage\/2019\/01\/sonoraenequipo_opt.png","width":375,"height":125,"caption":"Sonoraenequipo.com.mx"},"image":{"@id":"https:\/\/www.sonoraenequipo.com.mx\/#\/schema\/logo\/image\/"},"sameAs":["https:\/\/www.facebook.com\/SonoraEE\/","https:\/\/x.com\/sonoraenequipo","https:\/\/www.youtube.com\/channel\/UC338nW-lPEYmJQs4ZABQ1SQ"]},{"@type":"Person","@id":"https:\/\/www.sonoraenequipo.com.mx\/#\/schema\/person\/50102df0fb23a8fa9e8effad8fa81386","name":"enequipo","image":{"@type":"ImageObject","inLanguage":"es","@id":"https:\/\/www.sonoraenequipo.com.mx\/#\/schema\/person\/image\/","url":"https:\/\/secure.gravatar.com\/avatar\/049821681b589dabc0bc20695993ccebb09f5b5d4d790cd9251b97faac7c652b?s=96&d=blank&r=g","contentUrl":"https:\/\/secure.gravatar.com\/avatar\/049821681b589dabc0bc20695993ccebb09f5b5d4d790cd9251b97faac7c652b?s=96&d=blank&r=g","caption":"enequipo"},"sameAs":["https:\/\/www.facebook.com\/SonoraEE"]}]}},"jetpack_featured_media_url":"https:\/\/www.sonoraenequipo.com.mx\/storage\/2024\/11\/funcionarios-detenidor-por-complicidad-con-grupos-delictivos-min.jpg","_links":{"self":[{"href":"https:\/\/www.sonoraenequipo.com.mx\/api\/wp\/v2\/posts\/204772","targetHints":{"allow":["GET"]}}],"collection":[{"href":"https:\/\/www.sonoraenequipo.com.mx\/api\/wp\/v2\/posts"}],"about":[{"href":"https:\/\/www.sonoraenequipo.com.mx\/api\/wp\/v2\/types\/post"}],"author":[{"embeddable":true,"href":"https:\/\/www.sonoraenequipo.com.mx\/api\/wp\/v2\/users\/1"}],"replies":[{"embeddable":true,"href":"https:\/\/www.sonoraenequipo.com.mx\/api\/wp\/v2\/comments?post=204772"}],"version-history":[{"count":3,"href":"https:\/\/www.sonoraenequipo.com.mx\/api\/wp\/v2\/posts\/204772\/revisions"}],"predecessor-version":[{"id":204778,"href":"https:\/\/www.sonoraenequipo.com.mx\/api\/wp\/v2\/posts\/204772\/revisions\/204778"}],"wp:featuredmedia":[{"embeddable":true,"href":"https:\/\/www.sonoraenequipo.com.mx\/api\/wp\/v2\/media\/204773"}],"wp:attachment":[{"href":"https:\/\/www.sonoraenequipo.com.mx\/api\/wp\/v2\/media?parent=204772"}],"wp:term":[{"taxonomy":"category","embeddable":true,"href":"https:\/\/www.sonoraenequipo.com.mx\/api\/wp\/v2\/categories?post=204772"},{"taxonomy":"post_tag","embeddable":true,"href":"https:\/\/www.sonoraenequipo.com.mx\/api\/wp\/v2\/tags?post=204772"}],"curies":[{"name":"wp","href":"https:\/\/api.w.org\/{rel}","templated":true}]}}