{"id":204787,"date":"2024-11-23T20:10:39","date_gmt":"2024-11-24T03:10:39","guid":{"rendered":"https:\/\/www.sonoraenequipo.com.mx\/?p=204787"},"modified":"2024-11-24T12:32:19","modified_gmt":"2024-11-24T19:32:19","slug":"otorgan-premio-estudiantil-de-periodismo-norma-alicia-pimienta","status":"publish","type":"post","link":"https:\/\/www.sonoraenequipo.com.mx\/otorgan-premio-estudiantil-de-periodismo-norma-alicia-pimienta\/","title":{"rendered":"Otorgan Premio Estudiantil de Periodismo Norma Alicia Pimienta"},"content":{"rendered":"<p><strong>HERMOSILLO, SONORA. MX. \u2014<\/strong> Para reconocer el talento, esfuerzo y compromiso de estudiantes de la Licenciatura en Ciencias de la Comunicaci\u00f3n que, a trav\u00e9s de sus trabajos, mantienen vivo el legado de la docente Norma Alicia Pimienta Medina, se hizo entrega de reconocimientos del Premio Estudiantil de Periodismo 2024, categor\u00edas Texto, Fotograf\u00eda y Audiovisual.<\/p>\n<p> <\/p>\n<p>El acreedor del primer lugar, en la categor\u00eda de Texto, fue el estudiante Lenny Al\u00e1n L\u00f3pez V\u00e1zquez, con el trabajo \u201cEl Charrito\u201d; mientras que Iveth Cristina L\u00f3pez Cruz, con un trabajo sobre el c\u00e1ncer infantil, y Edgar Osnel Guerrero Parra, con el tema \u201cTruman Capote\u201d, obtuvieron menci\u00f3n honorifica.<\/p>\n<p>En el apartado de Fotograf\u00eda, la menci\u00f3n especial fue para Miguel Antonio Villa Salazar y Claudio M\u00e9ndez Castro, y el primer lugar fue asignado al trabajo \u201cVender para sobrevivir\u201d, realizado por la alumna Bianka Mari\u00e1n Y\u00e9piz.<\/p>\n<p>Y en la categor\u00eda Audiovisual la m\u00e1xima distinci\u00f3n fue para los integrantes del equipo \u201cLa otra mirada\u201d, conformado por Liliana M\u00e9ndez R\u00edos, Lenny Al\u00e1n L\u00f3pez V\u00e1squez, Laura Sof\u00eda Guti\u00e9rrez Moreno y Fernanda Guadalupe Rasc\u00f3n Baca.<\/p>\n<h3>Gran espacio de expresi\u00f3n<\/h3>\n<p>Los triunfadores coincidieron en que el Premio Estudiantil de Periodismo 2024 es un espacio de expresi\u00f3n donde se refuerzan las ense\u00f1anzas obtenidas en las aulas universitarias y se valora la importancia de dar voz a historias que merecen ser contadas.<\/p>\n<p><strong><em>\u201cEntendimos m\u00e1s de cerca lo que es el periodismo y le tomamos amor, que antes no lo ten\u00edamos. Estamos muy contentos y nuestra gratitud profunda a todos los que hicieron posible este logro como maestros y compa\u00f1eros de equipo\u201d<\/em><\/strong>, expresaron.<\/p>\n<p>Por su parte, Antonio Garc\u00eda Viera, profesor y organizador del Premio Estudiantil de Periodismo Norma Alicia Pimienta, record\u00f3 que el certamen naci\u00f3 con el prop\u00f3sito de recordar la memoria de la querida profesora universitaria que hace 10 a\u00f1os dej\u00f3 de existir, pero sigue escribiendo historias a trav\u00e9s de sus estudiantes, hoy profesionales, y de quienes recuerdan su legado en la Licenciatura de Ciencias de la Comunicaci\u00f3n.<\/p>\n<h3>Un legado ineludible<\/h3>\n<p>Dijo que el Premio Estudiantil de Periodismo se cre\u00f3 en 2006 y fue impulsado por el profesor Joaqu\u00edn Andr\u00e9s F\u00e9lix Anduaga y Soledad Durazo Barcel\u00f3, columnista de Grupo Sol Corporativo, quien recientemente fue condecorada con el Premio Nacional de Periodismo en su edici\u00f3n 2023, en la categor\u00eda de Trayectoria.<\/p>\n<p>Mencion\u00f3 que todos los trabajos que participaron fueron revisados por un jurado calificador que estuvo integrado por Eduardo L\u00f3pez, Katy Amavizca, Lourdes Lugo y Priscila C\u00e1rdenas, reconocidos periodistas.<\/p>\n<p>Despu\u00e9s de proyectar un video de semblanza de la profesora Norma Alicia Pimienta, su hija mayor, Norma Aguilar Pimienta, expres\u00f3 su agradecimiento por tener presente la trayectoria profesional de su mam\u00e1 y, en especial, a los alumnos que concursan porque alimentan el esp\u00edritu de la profesora Pimienta, como era conocida en los pasillos y salones de la Universidad.<\/p>\n<p><strong><em>\u201cRecordamos su dedicaci\u00f3n al periodismo, cultura, letras, al arte en general; Norma Alicia Pimienta pose\u00eda don maravilloso que la llenaba de alegr\u00eda, la vocaci\u00f3n a la ense\u00f1anza. Ten\u00eda una <\/em><\/strong><strong><em>sensibilidad nata para transmitir conocimiento y sembrar inquietudes de desarrollo en aquellos que detectaba talento y los conduc\u00eda con cari\u00f1o para que alcanzaran su plenitud profesional\u201d,<\/em> <\/strong>coment\u00f3.<\/p>\n<h3>Motivo de orgullo<\/h3>\n<p>En tanto, Elva Luz L\u00f3pez Maldonado, coordinadora del programa docente de la Licenciatura en Ciencias de la Comunicaci\u00f3n, subray\u00f3 que mencionar el nombre de la profesora Norma Alicia Pimienta es motivo de orgullo y recordar an\u00e9cdotas que se vivieron con ella tanto a colegas como estudiantes.<\/p>\n<p>Es un homenaje que mantiene viva la memoria de la profesora y recuerda la importancia de usar las palabras para construir y no destruir, factor importante en el periodismo. El Premio es una plataforma para los estudiantes en donde pueden exponer su talento y creatividad, precis\u00f3.<\/p>\n<p>Revel\u00f3 que, aparte del certificado del primer lugar, a los ganadores de cada categor\u00eda, se les har\u00e1 entrega de un est\u00edmulo econ\u00f3mico de 2 mil pesos, para continuar fomentando la creatividad y talento de las nuevas generaciones.<\/p>\n<p>Durante la entrega de reconocimientos Premio Estudiantil de Periodismo Norma Alicia Pimienta, estuvieron presentes Alison Alcal\u00e1 Sueff, presidenta de la Sociedad de Alumnos de Comunicaci\u00f3n; Priscila C\u00e1rdenas, representante del jurado calificador, as\u00ed como profesores que impartieron cursos, los cuales tambi\u00e9n fueron parte de la capacitaci\u00f3n que se ofreci\u00f3 dentro del certamen.<\/p>\n<h3><\/h3>\n<h3>De trayectoria<\/h3>\n<p>Norma Alicia Pimienta Medina, naci\u00f3 en Pueblo Yaqui, Sonora, dej\u00f3 una marca imborrable en la cultura, periodismo y en la educaci\u00f3n universitaria; su carrera de m\u00e1s de 30 a\u00f1os la llev\u00f3 a ser periodista, escritora y docente, siempre comprometida con las causas sociales y la defensa de las mujeres.<\/p>\n<p>En las aulas de la Universidad de Sonora, no solo form\u00f3 estudiantes, sino que los invit\u00f3 a ser coautores de algunos de sus 14 libros, dejando claro su amor por compartir y ense\u00f1ar. Como promotora cultural, la estimada docente fund\u00f3 el Centro Cultural Pimienta y dirigi\u00f3 Educaci\u00f3n y Cultura del Ayuntamiento de Hermosillo entre 1997 y 2000; su obra incluye libros entra\u00f1ables como El sabor de la vida y la serie Todo por el arte.<\/p>\n<p>PUBLICADO EL 23 DE NOVIEMBRE DE 2024 Con informaci\u00f3n de UNISON)<\/p>\n","protected":false},"excerpt":{"rendered":"<p>HERMOSILLO, SONORA. MX. \u2014 Para reconocer el talento, esfuerzo y compromiso de estudiantes de la&#8230;<\/p>\n","protected":false},"author":1,"featured_media":204769,"comment_status":"open","ping_status":"open","sticky":false,"template":"","format":"standard","meta":{"_monsterinsights_skip_tracking":false,"_monsterinsights_sitenote_active":false,"_monsterinsights_sitenote_note":"","_monsterinsights_sitenote_category":0,"footnotes":""},"categories":[22],"tags":[],"class_list":["post"],"yoast_head":" \n<title>Sonora en Equipo. Otorgan Premio Estudiantil de Periodismo Norma Alicia Pimienta Sonora<\/title>\n<meta name=\"description\" content=\"HERMOSILLO, SONORA. MX. \u2014 Para reconocer el talento, esfuerzo y compromiso de estudiantes de la Licenciatura en Ciencias de la Comunicaci\u00f3n que, a trav\u00e9s En Sonora en Equipo publicamos toda la informaci\u00f3n de Sonora, M\u00e9xico y el Mundo de manera oportuna y busca que la libertad de expresi\u00f3n sea real. Visita nuestro medio informativo publicado desde Hermosillo, Sonora. %\" \/>\n<meta name=\"robots\" content=\"index, follow, max-snippet:-1, max-image-preview:large, max-video-preview:-1\" \/>\n<link rel=\"canonical\" href=\"https:\/\/www.sonoraenequipo.com.mx\/otorgan-premio-estudiantil-de-periodismo-norma-alicia-pimienta\/\" \/>\n<meta property=\"og:locale\" content=\"es_ES\" \/>\n<meta property=\"og:type\" content=\"article\" \/>\n<meta property=\"og:title\" content=\"Sonora en Equipo. Otorgan Premio Estudiantil de Periodismo Norma Alicia Pimienta Sonora\" \/>\n<meta property=\"og:description\" content=\"HERMOSILLO, SONORA. MX. \u2014 Para reconocer el talento, esfuerzo y compromiso de estudiantes de la Licenciatura en Ciencias de la Comunicaci\u00f3n que, a trav\u00e9s En Sonora en Equipo publicamos toda la informaci\u00f3n de Sonora, M\u00e9xico y el Mundo de manera oportuna y busca que la libertad de expresi\u00f3n sea real. Visita nuestro medio informativo publicado desde Hermosillo, Sonora. %\" \/>\n<meta property=\"og:url\" content=\"https:\/\/www.sonoraenequipo.com.mx\/otorgan-premio-estudiantil-de-periodismo-norma-alicia-pimienta\/\" \/>\n<meta property=\"og:site_name\" content=\"Sonora en Equipo.\" \/>\n<meta property=\"article:publisher\" content=\"https:\/\/www.facebook.com\/SonoraEE\/\" \/>\n<meta property=\"article:author\" content=\"https:\/\/www.facebook.com\/SonoraEE\" \/>\n<meta property=\"article:published_time\" content=\"2024-11-24T03:10:39+00:00\" \/>\n<meta property=\"article:modified_time\" content=\"2024-11-24T19:32:19+00:00\" \/>\n<meta property=\"og:image\" content=\"https:\/\/www.sonoraenequipo.com.mx\/storage\/2024\/11\/Premio-Estudiantil-de-Periodismo-Norma-Alicia-Pimienta-min.jpg\" \/>\n\t<meta property=\"og:image:width\" content=\"900\" \/>\n\t<meta property=\"og:image:height\" content=\"439\" \/>\n\t<meta property=\"og:image:type\" content=\"image\/jpeg\" \/>\n<meta name=\"author\" content=\"enequipo\" \/>\n<meta name=\"twitter:card\" content=\"summary_large_image\" \/>\n<meta name=\"twitter:creator\" content=\"@sonoraenequipo\" \/>\n<meta name=\"twitter:site\" content=\"@sonoraenequipo\" \/>\n<meta name=\"twitter:label1\" content=\"Escrito por\" \/>\n\t<meta name=\"twitter:data1\" content=\"enequipo\" \/>\n\t<meta name=\"twitter:label2\" content=\"Tiempo de lectura\" \/>\n\t<meta name=\"twitter:data2\" content=\"4 minutos\" \/>\n<script type=\"application\/ld+json\" class=\"yoast-schema-graph\">{\"@context\":\"https:\/\/schema.org\",\"@graph\":[{\"@type\":\"Article\",\"@id\":\"https:\/\/www.sonoraenequipo.com.mx\/otorgan-premio-estudiantil-de-periodismo-norma-alicia-pimienta\/#article\",\"isPartOf\":{\"@id\":\"https:\/\/www.sonoraenequipo.com.mx\/otorgan-premio-estudiantil-de-periodismo-norma-alicia-pimienta\/\"},\"author\":{\"name\":\"enequipo\",\"@id\":\"https:\/\/www.sonoraenequipo.com.mx\/#\/schema\/person\/50102df0fb23a8fa9e8effad8fa81386\"},\"headline\":\"Otorgan Premio Estudiantil de Periodismo Norma Alicia Pimienta\",\"datePublished\":\"2024-11-24T03:10:39+00:00\",\"dateModified\":\"2024-11-24T19:32:19+00:00\",\"mainEntityOfPage\":{\"@id\":\"https:\/\/www.sonoraenequipo.com.mx\/otorgan-premio-estudiantil-de-periodismo-norma-alicia-pimienta\/\"},\"wordCount\":904,\"commentCount\":0,\"publisher\":{\"@id\":\"https:\/\/www.sonoraenequipo.com.mx\/#organization\"},\"image\":{\"@id\":\"https:\/\/www.sonoraenequipo.com.mx\/otorgan-premio-estudiantil-de-periodismo-norma-alicia-pimienta\/#primaryimage\"},\"thumbnailUrl\":\"https:\/\/www.sonoraenequipo.com.mx\/storage\/2024\/11\/Premio-Estudiantil-de-Periodismo-Norma-Alicia-Pimienta-min.jpg\",\"articleSection\":[\"Sonora\"],\"inLanguage\":\"es\",\"potentialAction\":[{\"@type\":\"CommentAction\",\"name\":\"Comment\",\"target\":[\"https:\/\/www.sonoraenequipo.com.mx\/otorgan-premio-estudiantil-de-periodismo-norma-alicia-pimienta\/#respond\"]}]},{\"@type\":\"WebPage\",\"@id\":\"https:\/\/www.sonoraenequipo.com.mx\/otorgan-premio-estudiantil-de-periodismo-norma-alicia-pimienta\/\",\"url\":\"https:\/\/www.sonoraenequipo.com.mx\/otorgan-premio-estudiantil-de-periodismo-norma-alicia-pimienta\/\",\"name\":\"Sonora en Equipo. Otorgan Premio Estudiantil de Periodismo Norma Alicia Pimienta Sonora\",\"isPartOf\":{\"@id\":\"https:\/\/www.sonoraenequipo.com.mx\/#website\"},\"primaryImageOfPage\":{\"@id\":\"https:\/\/www.sonoraenequipo.com.mx\/otorgan-premio-estudiantil-de-periodismo-norma-alicia-pimienta\/#primaryimage\"},\"image\":{\"@id\":\"https:\/\/www.sonoraenequipo.com.mx\/otorgan-premio-estudiantil-de-periodismo-norma-alicia-pimienta\/#primaryimage\"},\"thumbnailUrl\":\"https:\/\/www.sonoraenequipo.com.mx\/storage\/2024\/11\/Premio-Estudiantil-de-Periodismo-Norma-Alicia-Pimienta-min.jpg\",\"datePublished\":\"2024-11-24T03:10:39+00:00\",\"dateModified\":\"2024-11-24T19:32:19+00:00\",\"description\":\"HERMOSILLO, SONORA. MX. \u2014 Para reconocer el talento, esfuerzo y compromiso de estudiantes de la Licenciatura en Ciencias de la Comunicaci\u00f3n que, a trav\u00e9s En Sonora en Equipo publicamos toda la informaci\u00f3n de Sonora, M\u00e9xico y el Mundo de manera oportuna y busca que la libertad de expresi\u00f3n sea real. Visita nuestro medio informativo publicado desde Hermosillo, Sonora. %\",\"breadcrumb\":{\"@id\":\"https:\/\/www.sonoraenequipo.com.mx\/otorgan-premio-estudiantil-de-periodismo-norma-alicia-pimienta\/#breadcrumb\"},\"inLanguage\":\"es\",\"potentialAction\":[{\"@type\":\"ReadAction\",\"target\":[\"https:\/\/www.sonoraenequipo.com.mx\/otorgan-premio-estudiantil-de-periodismo-norma-alicia-pimienta\/\"]}]},{\"@type\":\"ImageObject\",\"inLanguage\":\"es\",\"@id\":\"https:\/\/www.sonoraenequipo.com.mx\/otorgan-premio-estudiantil-de-periodismo-norma-alicia-pimienta\/#primaryimage\",\"url\":\"https:\/\/www.sonoraenequipo.com.mx\/storage\/2024\/11\/Premio-Estudiantil-de-Periodismo-Norma-Alicia-Pimienta-min.jpg\",\"contentUrl\":\"https:\/\/www.sonoraenequipo.com.mx\/storage\/2024\/11\/Premio-Estudiantil-de-Periodismo-Norma-Alicia-Pimienta-min.jpg\",\"width\":900,\"height\":439},{\"@type\":\"BreadcrumbList\",\"@id\":\"https:\/\/www.sonoraenequipo.com.mx\/otorgan-premio-estudiantil-de-periodismo-norma-alicia-pimienta\/#breadcrumb\",\"itemListElement\":[{\"@type\":\"ListItem\",\"position\":1,\"name\":\"Portada\",\"item\":\"https:\/\/www.sonoraenequipo.com.mx\/\"},{\"@type\":\"ListItem\",\"position\":2,\"name\":\"Otorgan Premio Estudiantil de Periodismo Norma Alicia Pimienta\"}]},{\"@type\":\"WebSite\",\"@id\":\"https:\/\/www.sonoraenequipo.com.mx\/#website\",\"url\":\"https:\/\/www.sonoraenequipo.com.mx\/\",\"name\":\"Sonora en Equipo.\",\"description\":\"Diario en l\u00ednea con Noticias desde Hermosillo, Sonora\",\"publisher\":{\"@id\":\"https:\/\/www.sonoraenequipo.com.mx\/#organization\"},\"potentialAction\":[{\"@type\":\"SearchAction\",\"target\":{\"@type\":\"EntryPoint\",\"urlTemplate\":\"https:\/\/www.sonoraenequipo.com.mx\/?s={search_term_string}\"},\"query-input\":{\"@type\":\"PropertyValueSpecification\",\"valueRequired\":true,\"valueName\":\"search_term_string\"}}],\"inLanguage\":\"es\"},{\"@type\":\"Organization\",\"@id\":\"https:\/\/www.sonoraenequipo.com.mx\/#organization\",\"name\":\"Sonoraenequipo.com.mx\",\"url\":\"https:\/\/www.sonoraenequipo.com.mx\/\",\"logo\":{\"@type\":\"ImageObject\",\"inLanguage\":\"es\",\"@id\":\"https:\/\/www.sonoraenequipo.com.mx\/#\/schema\/logo\/image\/\",\"url\":\"https:\/\/www.sonoraenequipo.com.mx\/storage\/2019\/01\/sonoraenequipo_opt.png\",\"contentUrl\":\"https:\/\/www.sonoraenequipo.com.mx\/storage\/2019\/01\/sonoraenequipo_opt.png\",\"width\":375,\"height\":125,\"caption\":\"Sonoraenequipo.com.mx\"},\"image\":{\"@id\":\"https:\/\/www.sonoraenequipo.com.mx\/#\/schema\/logo\/image\/\"},\"sameAs\":[\"https:\/\/www.facebook.com\/SonoraEE\/\",\"https:\/\/x.com\/sonoraenequipo\",\"https:\/\/www.youtube.com\/channel\/UC338nW-lPEYmJQs4ZABQ1SQ\"]},{\"@type\":\"Person\",\"@id\":\"https:\/\/www.sonoraenequipo.com.mx\/#\/schema\/person\/50102df0fb23a8fa9e8effad8fa81386\",\"name\":\"enequipo\",\"image\":{\"@type\":\"ImageObject\",\"inLanguage\":\"es\",\"@id\":\"https:\/\/www.sonoraenequipo.com.mx\/#\/schema\/person\/image\/\",\"url\":\"https:\/\/secure.gravatar.com\/avatar\/049821681b589dabc0bc20695993ccebb09f5b5d4d790cd9251b97faac7c652b?s=96&d=blank&r=g\",\"contentUrl\":\"https:\/\/secure.gravatar.com\/avatar\/049821681b589dabc0bc20695993ccebb09f5b5d4d790cd9251b97faac7c652b?s=96&d=blank&r=g\",\"caption\":\"enequipo\"},\"sameAs\":[\"https:\/\/www.facebook.com\/SonoraEE\"]}]}<\/script>\n ","yoast_head_json":{"title":"Sonora en Equipo. Otorgan Premio Estudiantil de Periodismo Norma Alicia Pimienta Sonora","description":"HERMOSILLO, SONORA. MX. \u2014 Para reconocer el talento, esfuerzo y compromiso de estudiantes de la Licenciatura en Ciencias de la Comunicaci\u00f3n que, a trav\u00e9s En Sonora en Equipo publicamos toda la informaci\u00f3n de Sonora, M\u00e9xico y el Mundo de manera oportuna y busca que la libertad de expresi\u00f3n sea real. Visita nuestro medio informativo publicado desde Hermosillo, Sonora. %","robots":{"index":"index","follow":"follow","max-snippet":"max-snippet:-1","max-image-preview":"max-image-preview:large","max-video-preview":"max-video-preview:-1"},"canonical":"https:\/\/www.sonoraenequipo.com.mx\/otorgan-premio-estudiantil-de-periodismo-norma-alicia-pimienta\/","og_locale":"es_ES","og_type":"article","og_title":"Sonora en Equipo. Otorgan Premio Estudiantil de Periodismo Norma Alicia Pimienta Sonora","og_description":"HERMOSILLO, SONORA. MX. \u2014 Para reconocer el talento, esfuerzo y compromiso de estudiantes de la Licenciatura en Ciencias de la Comunicaci\u00f3n que, a trav\u00e9s En Sonora en Equipo publicamos toda la informaci\u00f3n de Sonora, M\u00e9xico y el Mundo de manera oportuna y busca que la libertad de expresi\u00f3n sea real. Visita nuestro medio informativo publicado desde Hermosillo, Sonora. %","og_url":"https:\/\/www.sonoraenequipo.com.mx\/otorgan-premio-estudiantil-de-periodismo-norma-alicia-pimienta\/","og_site_name":"Sonora en Equipo.","article_publisher":"https:\/\/www.facebook.com\/SonoraEE\/","article_author":"https:\/\/www.facebook.com\/SonoraEE","article_published_time":"2024-11-24T03:10:39+00:00","article_modified_time":"2024-11-24T19:32:19+00:00","og_image":[{"width":900,"height":439,"url":"https:\/\/www.sonoraenequipo.com.mx\/storage\/2024\/11\/Premio-Estudiantil-de-Periodismo-Norma-Alicia-Pimienta-min.jpg","type":"image\/jpeg"}],"author":"enequipo","twitter_card":"summary_large_image","twitter_creator":"@sonoraenequipo","twitter_site":"@sonoraenequipo","twitter_misc":{"Escrito por":"enequipo","Tiempo de lectura":"4 minutos"},"schema":{"@context":"https:\/\/schema.org","@graph":[{"@type":"Article","@id":"https:\/\/www.sonoraenequipo.com.mx\/otorgan-premio-estudiantil-de-periodismo-norma-alicia-pimienta\/#article","isPartOf":{"@id":"https:\/\/www.sonoraenequipo.com.mx\/otorgan-premio-estudiantil-de-periodismo-norma-alicia-pimienta\/"},"author":{"name":"enequipo","@id":"https:\/\/www.sonoraenequipo.com.mx\/#\/schema\/person\/50102df0fb23a8fa9e8effad8fa81386"},"headline":"Otorgan Premio Estudiantil de Periodismo Norma Alicia Pimienta","datePublished":"2024-11-24T03:10:39+00:00","dateModified":"2024-11-24T19:32:19+00:00","mainEntityOfPage":{"@id":"https:\/\/www.sonoraenequipo.com.mx\/otorgan-premio-estudiantil-de-periodismo-norma-alicia-pimienta\/"},"wordCount":904,"commentCount":0,"publisher":{"@id":"https:\/\/www.sonoraenequipo.com.mx\/#organization"},"image":{"@id":"https:\/\/www.sonoraenequipo.com.mx\/otorgan-premio-estudiantil-de-periodismo-norma-alicia-pimienta\/#primaryimage"},"thumbnailUrl":"https:\/\/www.sonoraenequipo.com.mx\/storage\/2024\/11\/Premio-Estudiantil-de-Periodismo-Norma-Alicia-Pimienta-min.jpg","articleSection":["Sonora"],"inLanguage":"es","potentialAction":[{"@type":"CommentAction","name":"Comment","target":["https:\/\/www.sonoraenequipo.com.mx\/otorgan-premio-estudiantil-de-periodismo-norma-alicia-pimienta\/#respond"]}]},{"@type":"WebPage","@id":"https:\/\/www.sonoraenequipo.com.mx\/otorgan-premio-estudiantil-de-periodismo-norma-alicia-pimienta\/","url":"https:\/\/www.sonoraenequipo.com.mx\/otorgan-premio-estudiantil-de-periodismo-norma-alicia-pimienta\/","name":"Sonora en Equipo. Otorgan Premio Estudiantil de Periodismo Norma Alicia Pimienta Sonora","isPartOf":{"@id":"https:\/\/www.sonoraenequipo.com.mx\/#website"},"primaryImageOfPage":{"@id":"https:\/\/www.sonoraenequipo.com.mx\/otorgan-premio-estudiantil-de-periodismo-norma-alicia-pimienta\/#primaryimage"},"image":{"@id":"https:\/\/www.sonoraenequipo.com.mx\/otorgan-premio-estudiantil-de-periodismo-norma-alicia-pimienta\/#primaryimage"},"thumbnailUrl":"https:\/\/www.sonoraenequipo.com.mx\/storage\/2024\/11\/Premio-Estudiantil-de-Periodismo-Norma-Alicia-Pimienta-min.jpg","datePublished":"2024-11-24T03:10:39+00:00","dateModified":"2024-11-24T19:32:19+00:00","description":"HERMOSILLO, SONORA. MX. \u2014 Para reconocer el talento, esfuerzo y compromiso de estudiantes de la Licenciatura en Ciencias de la Comunicaci\u00f3n que, a trav\u00e9s En Sonora en Equipo publicamos toda la informaci\u00f3n de Sonora, M\u00e9xico y el Mundo de manera oportuna y busca que la libertad de expresi\u00f3n sea real. Visita nuestro medio informativo publicado desde Hermosillo, Sonora. %","breadcrumb":{"@id":"https:\/\/www.sonoraenequipo.com.mx\/otorgan-premio-estudiantil-de-periodismo-norma-alicia-pimienta\/#breadcrumb"},"inLanguage":"es","potentialAction":[{"@type":"ReadAction","target":["https:\/\/www.sonoraenequipo.com.mx\/otorgan-premio-estudiantil-de-periodismo-norma-alicia-pimienta\/"]}]},{"@type":"ImageObject","inLanguage":"es","@id":"https:\/\/www.sonoraenequipo.com.mx\/otorgan-premio-estudiantil-de-periodismo-norma-alicia-pimienta\/#primaryimage","url":"https:\/\/www.sonoraenequipo.com.mx\/storage\/2024\/11\/Premio-Estudiantil-de-Periodismo-Norma-Alicia-Pimienta-min.jpg","contentUrl":"https:\/\/www.sonoraenequipo.com.mx\/storage\/2024\/11\/Premio-Estudiantil-de-Periodismo-Norma-Alicia-Pimienta-min.jpg","width":900,"height":439},{"@type":"BreadcrumbList","@id":"https:\/\/www.sonoraenequipo.com.mx\/otorgan-premio-estudiantil-de-periodismo-norma-alicia-pimienta\/#breadcrumb","itemListElement":[{"@type":"ListItem","position":1,"name":"Portada","item":"https:\/\/www.sonoraenequipo.com.mx\/"},{"@type":"ListItem","position":2,"name":"Otorgan Premio Estudiantil de Periodismo Norma Alicia Pimienta"}]},{"@type":"WebSite","@id":"https:\/\/www.sonoraenequipo.com.mx\/#website","url":"https:\/\/www.sonoraenequipo.com.mx\/","name":"Sonora en Equipo.","description":"Diario en l\u00ednea con Noticias desde Hermosillo, Sonora","publisher":{"@id":"https:\/\/www.sonoraenequipo.com.mx\/#organization"},"potentialAction":[{"@type":"SearchAction","target":{"@type":"EntryPoint","urlTemplate":"https:\/\/www.sonoraenequipo.com.mx\/?s={search_term_string}"},"query-input":{"@type":"PropertyValueSpecification","valueRequired":true,"valueName":"search_term_string"}}],"inLanguage":"es"},{"@type":"Organization","@id":"https:\/\/www.sonoraenequipo.com.mx\/#organization","name":"Sonoraenequipo.com.mx","url":"https:\/\/www.sonoraenequipo.com.mx\/","logo":{"@type":"ImageObject","inLanguage":"es","@id":"https:\/\/www.sonoraenequipo.com.mx\/#\/schema\/logo\/image\/","url":"https:\/\/www.sonoraenequipo.com.mx\/storage\/2019\/01\/sonoraenequipo_opt.png","contentUrl":"https:\/\/www.sonoraenequipo.com.mx\/storage\/2019\/01\/sonoraenequipo_opt.png","width":375,"height":125,"caption":"Sonoraenequipo.com.mx"},"image":{"@id":"https:\/\/www.sonoraenequipo.com.mx\/#\/schema\/logo\/image\/"},"sameAs":["https:\/\/www.facebook.com\/SonoraEE\/","https:\/\/x.com\/sonoraenequipo","https:\/\/www.youtube.com\/channel\/UC338nW-lPEYmJQs4ZABQ1SQ"]},{"@type":"Person","@id":"https:\/\/www.sonoraenequipo.com.mx\/#\/schema\/person\/50102df0fb23a8fa9e8effad8fa81386","name":"enequipo","image":{"@type":"ImageObject","inLanguage":"es","@id":"https:\/\/www.sonoraenequipo.com.mx\/#\/schema\/person\/image\/","url":"https:\/\/secure.gravatar.com\/avatar\/049821681b589dabc0bc20695993ccebb09f5b5d4d790cd9251b97faac7c652b?s=96&d=blank&r=g","contentUrl":"https:\/\/secure.gravatar.com\/avatar\/049821681b589dabc0bc20695993ccebb09f5b5d4d790cd9251b97faac7c652b?s=96&d=blank&r=g","caption":"enequipo"},"sameAs":["https:\/\/www.facebook.com\/SonoraEE"]}]}},"jetpack_featured_media_url":"https:\/\/www.sonoraenequipo.com.mx\/storage\/2024\/11\/Premio-Estudiantil-de-Periodismo-Norma-Alicia-Pimienta-min.jpg","_links":{"self":[{"href":"https:\/\/www.sonoraenequipo.com.mx\/api\/wp\/v2\/posts\/204787","targetHints":{"allow":["GET"]}}],"collection":[{"href":"https:\/\/www.sonoraenequipo.com.mx\/api\/wp\/v2\/posts"}],"about":[{"href":"https:\/\/www.sonoraenequipo.com.mx\/api\/wp\/v2\/types\/post"}],"author":[{"embeddable":true,"href":"https:\/\/www.sonoraenequipo.com.mx\/api\/wp\/v2\/users\/1"}],"replies":[{"embeddable":true,"href":"https:\/\/www.sonoraenequipo.com.mx\/api\/wp\/v2\/comments?post=204787"}],"version-history":[{"count":2,"href":"https:\/\/www.sonoraenequipo.com.mx\/api\/wp\/v2\/posts\/204787\/revisions"}],"predecessor-version":[{"id":204790,"href":"https:\/\/www.sonoraenequipo.com.mx\/api\/wp\/v2\/posts\/204787\/revisions\/204790"}],"wp:featuredmedia":[{"embeddable":true,"href":"https:\/\/www.sonoraenequipo.com.mx\/api\/wp\/v2\/media\/204769"}],"wp:attachment":[{"href":"https:\/\/www.sonoraenequipo.com.mx\/api\/wp\/v2\/media?parent=204787"}],"wp:term":[{"taxonomy":"category","embeddable":true,"href":"https:\/\/www.sonoraenequipo.com.mx\/api\/wp\/v2\/categories?post=204787"},{"taxonomy":"post_tag","embeddable":true,"href":"https:\/\/www.sonoraenequipo.com.mx\/api\/wp\/v2\/tags?post=204787"}],"curies":[{"name":"wp","href":"https:\/\/api.w.org\/{rel}","templated":true}]}}