{"id":204824,"date":"2024-11-23T19:21:00","date_gmt":"2024-11-24T02:21:00","guid":{"rendered":"https:\/\/www.sonoraenequipo.com.mx\/?p=204824"},"modified":"2024-11-24T22:52:01","modified_gmt":"2024-11-25T05:52:01","slug":"paises-nordicos-preparan-su-defensa-civil-para-la-guerra","status":"publish","type":"post","link":"https:\/\/www.sonoraenequipo.com.mx\/paises-nordicos-preparan-su-defensa-civil-para-la-guerra\/","title":{"rendered":"Pa\u00edses n\u00f3rdicos preparan su defensa civil para la guerra"},"content":{"rendered":"<p>La guerra rusa en Ucrania ha hecho que la situaci\u00f3n de seguridad en la regi\u00f3n del B\u00e1ltico sea m\u00e1s tensa, y los pa\u00edses n\u00f3rdicos han tomado medidas para mejorar sus capacidades militares, aumentando los presupuestos en defensa. En el caso de Finlandia y Suecia, tambi\u00e9n se unieron a la OTAN.<\/p>\n<p> <\/p>\n<p>Sin embargo, en la guerra la preparaci\u00f3n de las fuerzas armadas no es lo \u00fanico que importa, y la defensa civil adquiere un papel de suma relevancia. Finlandia, Suecia y Noruega publicaron gu\u00edas de preparaci\u00f3n para sus ciudadanos. Finlandia emiti\u00f3 las suyas en formato digital, mientras que Noruega y Suecia enviaron copias f\u00edsicas de las instrucciones a todos los hogares.<\/p>\n<p>Las gu\u00edas est\u00e1n pensadas para fen\u00f3menos meteorol\u00f3gicos extremos, pandemias y conflictos, y abarcan distintos temas, desde tener suficiente agua y alimentos para una semana hasta c\u00f3mo actuar en caso de evacuaci\u00f3n y lidiar con cortes de energ\u00eda.<\/p>\n<p>Los t\u00edtulos de las gu\u00edas de Finlandia y Noruega se centran m\u00e1s ampliamente en situaciones de emergencia. En el caso finland\u00e9s es \u00abPreparaci\u00f3n para incidentes y crisis\u00bb, y en el noruego \u00abC\u00f3mo puede usted desempe\u00f1ar su papel en la preparaci\u00f3n de Noruega para las emergencias\u00bb.<\/p>\n<p>El t\u00edtulo sueco, en cambio, enfatiza la posibilidad de un conflicto armado: \u00abEn caso de crisis o guerra\u00bb. La gu\u00eda sostiene que en tiempos de incertidumbre, con una guerra en ese rinc\u00f3n del mundo, se usan el terrorismo, los ciberataques y las campa\u00f1as de desinformaci\u00f3n para debilitar e influir en Suecia.<\/p>\n<p><em><strong>\u00abPara resistir estas amenazas, debemos permanecer unidos. Si Suecia es atacada, todos debemos poner de nuestra parte para defender la independencia del pa\u00eds y nuestra democracia\u00bb,<\/strong> <\/em>se lee en la introducci\u00f3n de la gu\u00eda.<\/p>\n<p>Mikael Frisell, director de la Agencia Sueca de Contingencias Civiles, explic\u00f3 por medio de un comunicado que la situaci\u00f3n de la seguridad nacional cambi\u00f3 dram\u00e1ticamente y todos necesitan fortalecer su resiliencia ante diversas crisis, y en \u00faltima instancia, ante la guerra.<\/p>\n<h3>Larga historia de defensa civil<\/h3>\n<p>Prepararse para casos de emergencia no es algo novedoso en los pa\u00edses n\u00f3rdicos. Estas gu\u00edas se remontan a la Segunda Guerra Mundial y la Guerra Fr\u00eda, y estas nuevas publicaciones sirven como una actualizaci\u00f3n de la informaci\u00f3n ya existente.<\/p>\n<p>Jussi Korhonen, director de Preparaci\u00f3n Civil de Finlandia, explic\u00f3 a DW que si bien no existe una amenaza militar directa contra el pa\u00eds o sus vecinos escandinavos, la situaci\u00f3n de seguridad global se ha vuelto muy inestable y dif\u00edcil de predecir. Esta es la raz\u00f3n por la que es importante mantener estas gu\u00edas actualizadas.<\/p>\n<p><em><strong>\u00abLa preparaci\u00f3n de la poblaci\u00f3n toma mucho tiempo. No es un proyecto, sino un proceso en el que se debe tener un cierto nivel de conocimiento para enfrentar distintos tipos de situaciones\u00bb,<\/strong> <\/em>explic\u00f3.<\/p>\n<p>Unas 400 mil personas ya han descargado la gu\u00eda finlandesa. Seg\u00fan Korhonen, 60 por ciento de los habitantes del pa\u00eds ya est\u00e1 preparado y ha adquirido suministros de emergencia para sus hogares, como comida y agua para tres d\u00edas.<strong><em> \u00abEl objetivo tambi\u00e9n es conseguir que el 40 por ciento restante haga lo mismo\u201d,<\/em><\/strong> dijo.<\/p>\n<h3>\u00bfCu\u00e1l es la situaci\u00f3n en Suecia?<\/h3>\n<p>David Ferm, un estudiante universitario de Gotemburgo, en Suecia, dijo que prepararse para la guerra no est\u00e1 entre las prioridades de las personas en estos momentos<strong><em>. \u00abUna vez que los panfletos hayan llegado a toda la poblaci\u00f3n, entonces creo que habr\u00e1 un poco m\u00e1s de preocupaci\u00f3n\u00bb<\/em><\/strong>, declar\u00f3 a DW.<em><strong> \u00abPero al final la gente se va a calmar de nuevo, no va a haber p\u00e1nico\u00bb.<\/strong><\/em><\/p>\n<p>En su opini\u00f3n, es mejor que la gente sepa c\u00f3mo actuar y se prepare para escenarios improbables, y es bueno tener esa informaci\u00f3n a disposici\u00f3n, m\u00e1s all\u00e1 del p\u00e1nico que pueda provocar.<\/p>\n<p>Ludvig Karlberg, que trabaja en una startup en Estocolmo, tambi\u00e9n cree que la idea de una guerra en Suecia no est\u00e1 en la cabeza de la ciudadan\u00eda<em><strong>. \u00abLa gente realmente no est\u00e1 haciendo la conexi\u00f3n entre la guerra de Rusia en Ucrania y el impacto que tiene en nuestra forma de vida. Creo que la gente de ciertas industrias est\u00e1 m\u00e1s concientizada, como los que trabajan en ciberseguridad\u00bb<\/strong><\/em>, sostuvo.<\/p>\n<p>Para Karlberg, si bien la gente teme a Rusia y la guerra, tambi\u00e9n tiene una ingenua idea sobre la posici\u00f3n del pa\u00eds en los conflictos. Por ello, cree que es \u00ab<strong><em>mejor tener esta gu\u00eda a mano, ya que el problema es m\u00e1s acuciante ahora\u00bb.<\/em><\/strong><\/p>\n<h3>\u00bfQu\u00e9 pasa en Finlandia?<\/h3>\n<p>En Lappeenranta, una ciudad finlandesa cerca de la frontera con Rusia, el sentimiento de amenaza es mayor. Marika Kesseli, una profesora que trabaja en esa urbe, sabe que aunque ella no est\u00e1 totalmente preparada para un escenario de emergencia, lo mejor es estar listo para lo peor.<\/p>\n<p><em><strong>\u00abEn la escuela normalmente no hablamos de la posibilidad de una guerra en la escuela, es un tema muy dif\u00edcil\u201d,<\/strong> <\/em>explic\u00f3 a DW. <strong><em>\u00abPero cuando estamos entre amigos, a veces discutimos sobre el tema. Pero alejarnos de la frontera y encontrar un nuevo trabajo en otro lugar es bastante complicado, as\u00ed que tratamos de creer que alg\u00fan d\u00eda este mundo ser\u00e1 m\u00e1s pac\u00edfico y habr\u00e1 esperanza\u00bb.<\/em><\/strong><\/p>\n<p><strong>PUBLICADA EL 24 de noviembre de 2024 \/DW<\/strong><\/p>\n","protected":false},"excerpt":{"rendered":"<p>La guerra rusa en Ucrania ha hecho que la situaci\u00f3n de seguridad en la regi\u00f3n&#8230;<\/p>\n","protected":false},"author":1,"featured_media":204825,"comment_status":"open","ping_status":"open","sticky":false,"template":"","format":"standard","meta":{"_monsterinsights_skip_tracking":false,"_monsterinsights_sitenote_active":false,"_monsterinsights_sitenote_note":"","_monsterinsights_sitenote_category":0,"footnotes":""},"categories":[3],"tags":[144,141,3008],"class_list":["post"],"yoast_head":" \n<title>Sonora en Equipo. Pa\u00edses n\u00f3rdicos preparan su defensa civil para la guerra MUNDO<\/title>\n<meta name=\"description\" content=\"La guerra rusa en Ucrania ha hecho que la situaci\u00f3n de seguridad en la regi\u00f3n del B\u00e1ltico sea m\u00e1s tensa, y los pa\u00edses n\u00f3rdicos han tomado medidas para En Sonora en Equipo publicamos toda la informaci\u00f3n de Sonora, M\u00e9xico y el Mundo de manera oportuna y busca que la libertad de expresi\u00f3n sea real. Visita nuestro medio informativo publicado desde Hermosillo, Sonora. %\" \/>\n<meta name=\"robots\" content=\"index, follow, max-snippet:-1, max-image-preview:large, max-video-preview:-1\" \/>\n<link rel=\"canonical\" href=\"https:\/\/www.sonoraenequipo.com.mx\/paises-nordicos-preparan-su-defensa-civil-para-la-guerra\/\" \/>\n<meta property=\"og:locale\" content=\"es_ES\" \/>\n<meta property=\"og:type\" content=\"article\" \/>\n<meta property=\"og:title\" content=\"Sonora en Equipo. Pa\u00edses n\u00f3rdicos preparan su defensa civil para la guerra MUNDO\" \/>\n<meta property=\"og:description\" content=\"La guerra rusa en Ucrania ha hecho que la situaci\u00f3n de seguridad en la regi\u00f3n del B\u00e1ltico sea m\u00e1s tensa, y los pa\u00edses n\u00f3rdicos han tomado medidas para En Sonora en Equipo publicamos toda la informaci\u00f3n de Sonora, M\u00e9xico y el Mundo de manera oportuna y busca que la libertad de expresi\u00f3n sea real. Visita nuestro medio informativo publicado desde Hermosillo, Sonora. %\" \/>\n<meta property=\"og:url\" content=\"https:\/\/www.sonoraenequipo.com.mx\/paises-nordicos-preparan-su-defensa-civil-para-la-guerra\/\" \/>\n<meta property=\"og:site_name\" content=\"Sonora en Equipo.\" \/>\n<meta property=\"article:publisher\" content=\"https:\/\/www.facebook.com\/SonoraEE\/\" \/>\n<meta property=\"article:author\" content=\"https:\/\/www.facebook.com\/SonoraEE\" \/>\n<meta property=\"article:published_time\" content=\"2024-11-24T02:21:00+00:00\" \/>\n<meta property=\"article:modified_time\" content=\"2024-11-25T05:52:01+00:00\" \/>\n<meta property=\"og:image\" content=\"https:\/\/www.sonoraenequipo.com.mx\/storage\/2024\/11\/manual-militar-suecia.jpg\" \/>\n\t<meta property=\"og:image:width\" content=\"600\" \/>\n\t<meta property=\"og:image:height\" content=\"337\" \/>\n\t<meta property=\"og:image:type\" content=\"image\/jpeg\" \/>\n<meta name=\"author\" content=\"enequipo\" \/>\n<meta name=\"twitter:card\" content=\"summary_large_image\" \/>\n<meta name=\"twitter:creator\" content=\"@sonoraenequipo\" \/>\n<meta name=\"twitter:site\" content=\"@sonoraenequipo\" \/>\n<meta name=\"twitter:label1\" content=\"Escrito por\" \/>\n\t<meta name=\"twitter:data1\" content=\"enequipo\" \/>\n\t<meta name=\"twitter:label2\" content=\"Tiempo de lectura\" \/>\n\t<meta name=\"twitter:data2\" content=\"5 minutos\" \/>\n<script type=\"application\/ld+json\" class=\"yoast-schema-graph\">{\"@context\":\"https:\/\/schema.org\",\"@graph\":[{\"@type\":\"Article\",\"@id\":\"https:\/\/www.sonoraenequipo.com.mx\/paises-nordicos-preparan-su-defensa-civil-para-la-guerra\/#article\",\"isPartOf\":{\"@id\":\"https:\/\/www.sonoraenequipo.com.mx\/paises-nordicos-preparan-su-defensa-civil-para-la-guerra\/\"},\"author\":{\"name\":\"enequipo\",\"@id\":\"https:\/\/www.sonoraenequipo.com.mx\/#\/schema\/person\/50102df0fb23a8fa9e8effad8fa81386\"},\"headline\":\"Pa\u00edses n\u00f3rdicos preparan su defensa civil para la guerra\",\"datePublished\":\"2024-11-24T02:21:00+00:00\",\"dateModified\":\"2024-11-25T05:52:01+00:00\",\"mainEntityOfPage\":{\"@id\":\"https:\/\/www.sonoraenequipo.com.mx\/paises-nordicos-preparan-su-defensa-civil-para-la-guerra\/\"},\"wordCount\":931,\"commentCount\":0,\"publisher\":{\"@id\":\"https:\/\/www.sonoraenequipo.com.mx\/#organization\"},\"image\":{\"@id\":\"https:\/\/www.sonoraenequipo.com.mx\/paises-nordicos-preparan-su-defensa-civil-para-la-guerra\/#primaryimage\"},\"thumbnailUrl\":\"https:\/\/www.sonoraenequipo.com.mx\/storage\/2024\/11\/manual-militar-suecia.jpg\",\"keywords\":[\"guerra\",\"Rusia\",\"ucrania\"],\"articleSection\":[\"MUNDO\"],\"inLanguage\":\"es\",\"potentialAction\":[{\"@type\":\"CommentAction\",\"name\":\"Comment\",\"target\":[\"https:\/\/www.sonoraenequipo.com.mx\/paises-nordicos-preparan-su-defensa-civil-para-la-guerra\/#respond\"]}]},{\"@type\":\"WebPage\",\"@id\":\"https:\/\/www.sonoraenequipo.com.mx\/paises-nordicos-preparan-su-defensa-civil-para-la-guerra\/\",\"url\":\"https:\/\/www.sonoraenequipo.com.mx\/paises-nordicos-preparan-su-defensa-civil-para-la-guerra\/\",\"name\":\"Sonora en Equipo. Pa\u00edses n\u00f3rdicos preparan su defensa civil para la guerra MUNDO\",\"isPartOf\":{\"@id\":\"https:\/\/www.sonoraenequipo.com.mx\/#website\"},\"primaryImageOfPage\":{\"@id\":\"https:\/\/www.sonoraenequipo.com.mx\/paises-nordicos-preparan-su-defensa-civil-para-la-guerra\/#primaryimage\"},\"image\":{\"@id\":\"https:\/\/www.sonoraenequipo.com.mx\/paises-nordicos-preparan-su-defensa-civil-para-la-guerra\/#primaryimage\"},\"thumbnailUrl\":\"https:\/\/www.sonoraenequipo.com.mx\/storage\/2024\/11\/manual-militar-suecia.jpg\",\"datePublished\":\"2024-11-24T02:21:00+00:00\",\"dateModified\":\"2024-11-25T05:52:01+00:00\",\"description\":\"La guerra rusa en Ucrania ha hecho que la situaci\u00f3n de seguridad en la regi\u00f3n del B\u00e1ltico sea m\u00e1s tensa, y los pa\u00edses n\u00f3rdicos han tomado medidas para En Sonora en Equipo publicamos toda la informaci\u00f3n de Sonora, M\u00e9xico y el Mundo de manera oportuna y busca que la libertad de expresi\u00f3n sea real. Visita nuestro medio informativo publicado desde Hermosillo, Sonora. %\",\"breadcrumb\":{\"@id\":\"https:\/\/www.sonoraenequipo.com.mx\/paises-nordicos-preparan-su-defensa-civil-para-la-guerra\/#breadcrumb\"},\"inLanguage\":\"es\",\"potentialAction\":[{\"@type\":\"ReadAction\",\"target\":[\"https:\/\/www.sonoraenequipo.com.mx\/paises-nordicos-preparan-su-defensa-civil-para-la-guerra\/\"]}]},{\"@type\":\"ImageObject\",\"inLanguage\":\"es\",\"@id\":\"https:\/\/www.sonoraenequipo.com.mx\/paises-nordicos-preparan-su-defensa-civil-para-la-guerra\/#primaryimage\",\"url\":\"https:\/\/www.sonoraenequipo.com.mx\/storage\/2024\/11\/manual-militar-suecia.jpg\",\"contentUrl\":\"https:\/\/www.sonoraenequipo.com.mx\/storage\/2024\/11\/manual-militar-suecia.jpg\",\"width\":600,\"height\":337,\"caption\":\"El ministro de Defensa Civil de Suecia Carl-Oskar Bohlin, muestran la actualizaci\u00f3n de la gu\u00eda enviada a todos los hogares del pa\u00eds.Imagen: Claudio Bresciani\/TT\/AP Photo\/picture allianc\"},{\"@type\":\"BreadcrumbList\",\"@id\":\"https:\/\/www.sonoraenequipo.com.mx\/paises-nordicos-preparan-su-defensa-civil-para-la-guerra\/#breadcrumb\",\"itemListElement\":[{\"@type\":\"ListItem\",\"position\":1,\"name\":\"Portada\",\"item\":\"https:\/\/www.sonoraenequipo.com.mx\/\"},{\"@type\":\"ListItem\",\"position\":2,\"name\":\"Pa\u00edses n\u00f3rdicos preparan su defensa civil para la guerra\"}]},{\"@type\":\"WebSite\",\"@id\":\"https:\/\/www.sonoraenequipo.com.mx\/#website\",\"url\":\"https:\/\/www.sonoraenequipo.com.mx\/\",\"name\":\"Sonora en Equipo.\",\"description\":\"Diario en l\u00ednea con Noticias desde Hermosillo, Sonora\",\"publisher\":{\"@id\":\"https:\/\/www.sonoraenequipo.com.mx\/#organization\"},\"potentialAction\":[{\"@type\":\"SearchAction\",\"target\":{\"@type\":\"EntryPoint\",\"urlTemplate\":\"https:\/\/www.sonoraenequipo.com.mx\/?s={search_term_string}\"},\"query-input\":{\"@type\":\"PropertyValueSpecification\",\"valueRequired\":true,\"valueName\":\"search_term_string\"}}],\"inLanguage\":\"es\"},{\"@type\":\"Organization\",\"@id\":\"https:\/\/www.sonoraenequipo.com.mx\/#organization\",\"name\":\"Sonoraenequipo.com.mx\",\"url\":\"https:\/\/www.sonoraenequipo.com.mx\/\",\"logo\":{\"@type\":\"ImageObject\",\"inLanguage\":\"es\",\"@id\":\"https:\/\/www.sonoraenequipo.com.mx\/#\/schema\/logo\/image\/\",\"url\":\"https:\/\/www.sonoraenequipo.com.mx\/storage\/2019\/01\/sonoraenequipo_opt.png\",\"contentUrl\":\"https:\/\/www.sonoraenequipo.com.mx\/storage\/2019\/01\/sonoraenequipo_opt.png\",\"width\":375,\"height\":125,\"caption\":\"Sonoraenequipo.com.mx\"},\"image\":{\"@id\":\"https:\/\/www.sonoraenequipo.com.mx\/#\/schema\/logo\/image\/\"},\"sameAs\":[\"https:\/\/www.facebook.com\/SonoraEE\/\",\"https:\/\/x.com\/sonoraenequipo\",\"https:\/\/www.youtube.com\/channel\/UC338nW-lPEYmJQs4ZABQ1SQ\"]},{\"@type\":\"Person\",\"@id\":\"https:\/\/www.sonoraenequipo.com.mx\/#\/schema\/person\/50102df0fb23a8fa9e8effad8fa81386\",\"name\":\"enequipo\",\"image\":{\"@type\":\"ImageObject\",\"inLanguage\":\"es\",\"@id\":\"https:\/\/www.sonoraenequipo.com.mx\/#\/schema\/person\/image\/\",\"url\":\"https:\/\/secure.gravatar.com\/avatar\/049821681b589dabc0bc20695993ccebb09f5b5d4d790cd9251b97faac7c652b?s=96&d=blank&r=g\",\"contentUrl\":\"https:\/\/secure.gravatar.com\/avatar\/049821681b589dabc0bc20695993ccebb09f5b5d4d790cd9251b97faac7c652b?s=96&d=blank&r=g\",\"caption\":\"enequipo\"},\"sameAs\":[\"https:\/\/www.facebook.com\/SonoraEE\"]}]}<\/script>\n ","yoast_head_json":{"title":"Sonora en Equipo. Pa\u00edses n\u00f3rdicos preparan su defensa civil para la guerra MUNDO","description":"La guerra rusa en Ucrania ha hecho que la situaci\u00f3n de seguridad en la regi\u00f3n del B\u00e1ltico sea m\u00e1s tensa, y los pa\u00edses n\u00f3rdicos han tomado medidas para En Sonora en Equipo publicamos toda la informaci\u00f3n de Sonora, M\u00e9xico y el Mundo de manera oportuna y busca que la libertad de expresi\u00f3n sea real. Visita nuestro medio informativo publicado desde Hermosillo, Sonora. %","robots":{"index":"index","follow":"follow","max-snippet":"max-snippet:-1","max-image-preview":"max-image-preview:large","max-video-preview":"max-video-preview:-1"},"canonical":"https:\/\/www.sonoraenequipo.com.mx\/paises-nordicos-preparan-su-defensa-civil-para-la-guerra\/","og_locale":"es_ES","og_type":"article","og_title":"Sonora en Equipo. Pa\u00edses n\u00f3rdicos preparan su defensa civil para la guerra MUNDO","og_description":"La guerra rusa en Ucrania ha hecho que la situaci\u00f3n de seguridad en la regi\u00f3n del B\u00e1ltico sea m\u00e1s tensa, y los pa\u00edses n\u00f3rdicos han tomado medidas para En Sonora en Equipo publicamos toda la informaci\u00f3n de Sonora, M\u00e9xico y el Mundo de manera oportuna y busca que la libertad de expresi\u00f3n sea real. Visita nuestro medio informativo publicado desde Hermosillo, Sonora. %","og_url":"https:\/\/www.sonoraenequipo.com.mx\/paises-nordicos-preparan-su-defensa-civil-para-la-guerra\/","og_site_name":"Sonora en Equipo.","article_publisher":"https:\/\/www.facebook.com\/SonoraEE\/","article_author":"https:\/\/www.facebook.com\/SonoraEE","article_published_time":"2024-11-24T02:21:00+00:00","article_modified_time":"2024-11-25T05:52:01+00:00","og_image":[{"width":600,"height":337,"url":"https:\/\/www.sonoraenequipo.com.mx\/storage\/2024\/11\/manual-militar-suecia.jpg","type":"image\/jpeg"}],"author":"enequipo","twitter_card":"summary_large_image","twitter_creator":"@sonoraenequipo","twitter_site":"@sonoraenequipo","twitter_misc":{"Escrito por":"enequipo","Tiempo de lectura":"5 minutos"},"schema":{"@context":"https:\/\/schema.org","@graph":[{"@type":"Article","@id":"https:\/\/www.sonoraenequipo.com.mx\/paises-nordicos-preparan-su-defensa-civil-para-la-guerra\/#article","isPartOf":{"@id":"https:\/\/www.sonoraenequipo.com.mx\/paises-nordicos-preparan-su-defensa-civil-para-la-guerra\/"},"author":{"name":"enequipo","@id":"https:\/\/www.sonoraenequipo.com.mx\/#\/schema\/person\/50102df0fb23a8fa9e8effad8fa81386"},"headline":"Pa\u00edses n\u00f3rdicos preparan su defensa civil para la guerra","datePublished":"2024-11-24T02:21:00+00:00","dateModified":"2024-11-25T05:52:01+00:00","mainEntityOfPage":{"@id":"https:\/\/www.sonoraenequipo.com.mx\/paises-nordicos-preparan-su-defensa-civil-para-la-guerra\/"},"wordCount":931,"commentCount":0,"publisher":{"@id":"https:\/\/www.sonoraenequipo.com.mx\/#organization"},"image":{"@id":"https:\/\/www.sonoraenequipo.com.mx\/paises-nordicos-preparan-su-defensa-civil-para-la-guerra\/#primaryimage"},"thumbnailUrl":"https:\/\/www.sonoraenequipo.com.mx\/storage\/2024\/11\/manual-militar-suecia.jpg","keywords":["guerra","Rusia","ucrania"],"articleSection":["MUNDO"],"inLanguage":"es","potentialAction":[{"@type":"CommentAction","name":"Comment","target":["https:\/\/www.sonoraenequipo.com.mx\/paises-nordicos-preparan-su-defensa-civil-para-la-guerra\/#respond"]}]},{"@type":"WebPage","@id":"https:\/\/www.sonoraenequipo.com.mx\/paises-nordicos-preparan-su-defensa-civil-para-la-guerra\/","url":"https:\/\/www.sonoraenequipo.com.mx\/paises-nordicos-preparan-su-defensa-civil-para-la-guerra\/","name":"Sonora en Equipo. Pa\u00edses n\u00f3rdicos preparan su defensa civil para la guerra MUNDO","isPartOf":{"@id":"https:\/\/www.sonoraenequipo.com.mx\/#website"},"primaryImageOfPage":{"@id":"https:\/\/www.sonoraenequipo.com.mx\/paises-nordicos-preparan-su-defensa-civil-para-la-guerra\/#primaryimage"},"image":{"@id":"https:\/\/www.sonoraenequipo.com.mx\/paises-nordicos-preparan-su-defensa-civil-para-la-guerra\/#primaryimage"},"thumbnailUrl":"https:\/\/www.sonoraenequipo.com.mx\/storage\/2024\/11\/manual-militar-suecia.jpg","datePublished":"2024-11-24T02:21:00+00:00","dateModified":"2024-11-25T05:52:01+00:00","description":"La guerra rusa en Ucrania ha hecho que la situaci\u00f3n de seguridad en la regi\u00f3n del B\u00e1ltico sea m\u00e1s tensa, y los pa\u00edses n\u00f3rdicos han tomado medidas para En Sonora en Equipo publicamos toda la informaci\u00f3n de Sonora, M\u00e9xico y el Mundo de manera oportuna y busca que la libertad de expresi\u00f3n sea real. Visita nuestro medio informativo publicado desde Hermosillo, Sonora. %","breadcrumb":{"@id":"https:\/\/www.sonoraenequipo.com.mx\/paises-nordicos-preparan-su-defensa-civil-para-la-guerra\/#breadcrumb"},"inLanguage":"es","potentialAction":[{"@type":"ReadAction","target":["https:\/\/www.sonoraenequipo.com.mx\/paises-nordicos-preparan-su-defensa-civil-para-la-guerra\/"]}]},{"@type":"ImageObject","inLanguage":"es","@id":"https:\/\/www.sonoraenequipo.com.mx\/paises-nordicos-preparan-su-defensa-civil-para-la-guerra\/#primaryimage","url":"https:\/\/www.sonoraenequipo.com.mx\/storage\/2024\/11\/manual-militar-suecia.jpg","contentUrl":"https:\/\/www.sonoraenequipo.com.mx\/storage\/2024\/11\/manual-militar-suecia.jpg","width":600,"height":337,"caption":"El ministro de Defensa Civil de Suecia Carl-Oskar Bohlin, muestran la actualizaci\u00f3n de la gu\u00eda enviada a todos los hogares del pa\u00eds.Imagen: Claudio Bresciani\/TT\/AP Photo\/picture allianc"},{"@type":"BreadcrumbList","@id":"https:\/\/www.sonoraenequipo.com.mx\/paises-nordicos-preparan-su-defensa-civil-para-la-guerra\/#breadcrumb","itemListElement":[{"@type":"ListItem","position":1,"name":"Portada","item":"https:\/\/www.sonoraenequipo.com.mx\/"},{"@type":"ListItem","position":2,"name":"Pa\u00edses n\u00f3rdicos preparan su defensa civil para la guerra"}]},{"@type":"WebSite","@id":"https:\/\/www.sonoraenequipo.com.mx\/#website","url":"https:\/\/www.sonoraenequipo.com.mx\/","name":"Sonora en Equipo.","description":"Diario en l\u00ednea con Noticias desde Hermosillo, Sonora","publisher":{"@id":"https:\/\/www.sonoraenequipo.com.mx\/#organization"},"potentialAction":[{"@type":"SearchAction","target":{"@type":"EntryPoint","urlTemplate":"https:\/\/www.sonoraenequipo.com.mx\/?s={search_term_string}"},"query-input":{"@type":"PropertyValueSpecification","valueRequired":true,"valueName":"search_term_string"}}],"inLanguage":"es"},{"@type":"Organization","@id":"https:\/\/www.sonoraenequipo.com.mx\/#organization","name":"Sonoraenequipo.com.mx","url":"https:\/\/www.sonoraenequipo.com.mx\/","logo":{"@type":"ImageObject","inLanguage":"es","@id":"https:\/\/www.sonoraenequipo.com.mx\/#\/schema\/logo\/image\/","url":"https:\/\/www.sonoraenequipo.com.mx\/storage\/2019\/01\/sonoraenequipo_opt.png","contentUrl":"https:\/\/www.sonoraenequipo.com.mx\/storage\/2019\/01\/sonoraenequipo_opt.png","width":375,"height":125,"caption":"Sonoraenequipo.com.mx"},"image":{"@id":"https:\/\/www.sonoraenequipo.com.mx\/#\/schema\/logo\/image\/"},"sameAs":["https:\/\/www.facebook.com\/SonoraEE\/","https:\/\/x.com\/sonoraenequipo","https:\/\/www.youtube.com\/channel\/UC338nW-lPEYmJQs4ZABQ1SQ"]},{"@type":"Person","@id":"https:\/\/www.sonoraenequipo.com.mx\/#\/schema\/person\/50102df0fb23a8fa9e8effad8fa81386","name":"enequipo","image":{"@type":"ImageObject","inLanguage":"es","@id":"https:\/\/www.sonoraenequipo.com.mx\/#\/schema\/person\/image\/","url":"https:\/\/secure.gravatar.com\/avatar\/049821681b589dabc0bc20695993ccebb09f5b5d4d790cd9251b97faac7c652b?s=96&d=blank&r=g","contentUrl":"https:\/\/secure.gravatar.com\/avatar\/049821681b589dabc0bc20695993ccebb09f5b5d4d790cd9251b97faac7c652b?s=96&d=blank&r=g","caption":"enequipo"},"sameAs":["https:\/\/www.facebook.com\/SonoraEE"]}]}},"jetpack_featured_media_url":"https:\/\/www.sonoraenequipo.com.mx\/storage\/2024\/11\/manual-militar-suecia.jpg","_links":{"self":[{"href":"https:\/\/www.sonoraenequipo.com.mx\/api\/wp\/v2\/posts\/204824","targetHints":{"allow":["GET"]}}],"collection":[{"href":"https:\/\/www.sonoraenequipo.com.mx\/api\/wp\/v2\/posts"}],"about":[{"href":"https:\/\/www.sonoraenequipo.com.mx\/api\/wp\/v2\/types\/post"}],"author":[{"embeddable":true,"href":"https:\/\/www.sonoraenequipo.com.mx\/api\/wp\/v2\/users\/1"}],"replies":[{"embeddable":true,"href":"https:\/\/www.sonoraenequipo.com.mx\/api\/wp\/v2\/comments?post=204824"}],"version-history":[{"count":3,"href":"https:\/\/www.sonoraenequipo.com.mx\/api\/wp\/v2\/posts\/204824\/revisions"}],"predecessor-version":[{"id":204840,"href":"https:\/\/www.sonoraenequipo.com.mx\/api\/wp\/v2\/posts\/204824\/revisions\/204840"}],"wp:featuredmedia":[{"embeddable":true,"href":"https:\/\/www.sonoraenequipo.com.mx\/api\/wp\/v2\/media\/204825"}],"wp:attachment":[{"href":"https:\/\/www.sonoraenequipo.com.mx\/api\/wp\/v2\/media?parent=204824"}],"wp:term":[{"taxonomy":"category","embeddable":true,"href":"https:\/\/www.sonoraenequipo.com.mx\/api\/wp\/v2\/categories?post=204824"},{"taxonomy":"post_tag","embeddable":true,"href":"https:\/\/www.sonoraenequipo.com.mx\/api\/wp\/v2\/tags?post=204824"}],"curies":[{"name":"wp","href":"https:\/\/api.w.org\/{rel}","templated":true}]}}