{"id":204844,"date":"2024-11-24T10:08:55","date_gmt":"2024-11-24T17:08:55","guid":{"rendered":"https:\/\/www.sonoraenequipo.com.mx\/?p=204844"},"modified":"2024-11-24T23:15:18","modified_gmt":"2024-11-25T06:15:18","slug":"sheinbaum-alista-reunion-con-los-padres-de-ayotzinapa-el-4-de-diciembre","status":"publish","type":"post","link":"https:\/\/www.sonoraenequipo.com.mx\/sheinbaum-alista-reunion-con-los-padres-de-ayotzinapa-el-4-de-diciembre\/","title":{"rendered":"Sheinbaum Alista Reuni\u00f3n con los Padres de Ayotzinapa el 4 de Diciembre"},"content":{"rendered":"<p><strong>CIUDAD DE M\u00c9XICO. MX. \u2014<\/strong> Claudia Sheinbaum, presidenta de M\u00e9xico, tendr\u00e1 la primera reuni\u00f3n de su mandato con los padres de los 43 normalistas de Ayotzinapa, desaparecidos hace ya 10 a\u00f1os.<\/p>\n<p> <\/p>\n<p>Familiares de los 43 estudiantes informaron este s\u00e1bado que fueron convocados a una reuni\u00f3n con la presidenta Claudia Sheinbaum el pr\u00f3ximo mi\u00e9rcoles 4 de diciembre para dar seguimiento al caso.<\/p>\n<p>Mediante un oficio, el Gobierno cit\u00f3 a los padres, madres y representantes de los normalistas a las 13:00 horas, en el sal\u00f3n Guillermo Prieto del recinto del Ejecutivo, seg\u00fan los primeros reportes.<\/p>\n<p>Esta ser\u00e1 la primera reuni\u00f3n de Sheinbaum como presidenta con los familiares de los 43, tras 10 a\u00f1os sin justicia, luego de que el expresidente Andr\u00e9s Manuel L\u00f3pez Obrador (2018-2024) le deleg\u00f3 el caso tras incumplir su promesa de resolverlo, a pesar de haberlo usado como bandera de campa\u00f1a.<\/p>\n<p>El \u00faltimo encuentro de Sheinbaum y los padres fue el 29 de julio pasado, cuando la entonces mandataria electa se comprometi\u00f3 a dise\u00f1ar una ruta al asumir la presidencia el 1 de octubre, seg\u00fan inform\u00f3 el vocero y abogado del caso, Vidulfo Rosales, al salir de la reuni\u00f3n.<\/p>\n<p>El encuentro, programado para dentro de 11 d\u00edas, se da tras la detenci\u00f3n este viernes de Alejandro Ben\u00edtez Palacios, alias &#8216;El Cholo&#8217; Palacios, quien presuntamente era l\u00edder del grupo criminal Guerreros Unidos hace 10 a\u00f1os, cuando desaparecieron los normalistas.<\/p>\n<p>No obstante, desde 2021 los padres y familiares han advertido del estancamiento en el caso por encubrimiento al Ej\u00e9rcito, clave en la desaparici\u00f3n de los j\u00f3venes, pero al que L\u00f3pez Obrador se neg\u00f3 a perseguir.<\/p>\n<p>El caso Ayotzinapa ocurri\u00f3 durante la noche del 26 de septiembre de 2014, cuando 43 estudiantes de la Escuela Rural de Ayotzinapa desaparecieron mientras se dirig\u00edan a Ciudad de M\u00e9xico para manifestarse por el aniversario de la matanza de Tlatelolco, ocurrida el 2 de octubre de 1968.<\/p>\n<p>La Comisi\u00f3n de la Verdad creada por el Gobierno de L\u00f3pez Obrador concluy\u00f3 en 2022 que la desaparici\u00f3n de los 43 fue un <em><strong>\u201ccrimen de Estado\u201d<\/strong><\/em> con la participaci\u00f3n de autoridades de todos los niveles, incluyendo las Fuerzas Armadas.<\/p>\n<p>PUBLICADO EL 24 DE NOVIEMBRE DE 2024 Con informaci\u00f3n de medios nacionales)<\/p>\n","protected":false},"excerpt":{"rendered":"<p>CIUDAD DE M\u00c9XICO. MX. \u2014 Claudia Sheinbaum, presidenta de M\u00e9xico, tendr\u00e1 la primera reuni\u00f3n de&#8230;<\/p>\n","protected":false},"author":1,"featured_media":204845,"comment_status":"open","ping_status":"open","sticky":false,"template":"","format":"standard","meta":{"_monsterinsights_skip_tracking":false,"_monsterinsights_sitenote_active":false,"_monsterinsights_sitenote_note":"","_monsterinsights_sitenote_category":0,"footnotes":""},"categories":[5],"tags":[],"class_list":["post"],"yoast_head":" \n<title>Sonora en Equipo. Sheinbaum Alista Reuni\u00f3n con los Padres de Ayotzinapa el 4 de Diciembre Rep\u00fablica<\/title>\n<meta name=\"description\" content=\"CIUDAD DE M\u00c9XICO. MX. \u2014 Claudia Sheinbaum, presidenta de M\u00e9xico, tendr\u00e1 la primera reuni\u00f3n de su mandato con los padres de los 43 normalistas de En Sonora en Equipo publicamos toda la informaci\u00f3n de Sonora, M\u00e9xico y el Mundo de manera oportuna y busca que la libertad de expresi\u00f3n sea real. Visita nuestro medio informativo publicado desde Hermosillo, Sonora. %\" \/>\n<meta name=\"robots\" content=\"index, follow, max-snippet:-1, max-image-preview:large, max-video-preview:-1\" \/>\n<link rel=\"canonical\" href=\"https:\/\/www.sonoraenequipo.com.mx\/sheinbaum-alista-reunion-con-los-padres-de-ayotzinapa-el-4-de-diciembre\/\" \/>\n<meta property=\"og:locale\" content=\"es_ES\" \/>\n<meta property=\"og:type\" content=\"article\" \/>\n<meta property=\"og:title\" content=\"Sonora en Equipo. Sheinbaum Alista Reuni\u00f3n con los Padres de Ayotzinapa el 4 de Diciembre Rep\u00fablica\" \/>\n<meta property=\"og:description\" content=\"CIUDAD DE M\u00c9XICO. MX. \u2014 Claudia Sheinbaum, presidenta de M\u00e9xico, tendr\u00e1 la primera reuni\u00f3n de su mandato con los padres de los 43 normalistas de En Sonora en Equipo publicamos toda la informaci\u00f3n de Sonora, M\u00e9xico y el Mundo de manera oportuna y busca que la libertad de expresi\u00f3n sea real. Visita nuestro medio informativo publicado desde Hermosillo, Sonora. %\" \/>\n<meta property=\"og:url\" content=\"https:\/\/www.sonoraenequipo.com.mx\/sheinbaum-alista-reunion-con-los-padres-de-ayotzinapa-el-4-de-diciembre\/\" \/>\n<meta property=\"og:site_name\" content=\"Sonora en Equipo.\" \/>\n<meta property=\"article:publisher\" content=\"https:\/\/www.facebook.com\/SonoraEE\/\" \/>\n<meta property=\"article:author\" content=\"https:\/\/www.facebook.com\/SonoraEE\" \/>\n<meta property=\"article:published_time\" content=\"2024-11-24T17:08:55+00:00\" \/>\n<meta property=\"article:modified_time\" content=\"2024-11-25T06:15:18+00:00\" \/>\n<meta property=\"og:image\" content=\"https:\/\/www.sonoraenequipo.com.mx\/storage\/2024\/11\/padres-de-normalista-desaparecidos.-Ayotzinapa-min.jpg\" \/>\n\t<meta property=\"og:image:width\" content=\"1000\" \/>\n\t<meta property=\"og:image:height\" content=\"661\" \/>\n\t<meta property=\"og:image:type\" content=\"image\/jpeg\" \/>\n<meta name=\"author\" content=\"enequipo\" \/>\n<meta name=\"twitter:card\" content=\"summary_large_image\" \/>\n<meta name=\"twitter:creator\" content=\"@sonoraenequipo\" \/>\n<meta name=\"twitter:site\" content=\"@sonoraenequipo\" \/>\n<meta name=\"twitter:label1\" content=\"Escrito por\" \/>\n\t<meta name=\"twitter:data1\" content=\"enequipo\" \/>\n\t<meta name=\"twitter:label2\" content=\"Tiempo de lectura\" \/>\n\t<meta name=\"twitter:data2\" content=\"2 minutos\" \/>\n<script type=\"application\/ld+json\" class=\"yoast-schema-graph\">{\"@context\":\"https:\/\/schema.org\",\"@graph\":[{\"@type\":\"Article\",\"@id\":\"https:\/\/www.sonoraenequipo.com.mx\/sheinbaum-alista-reunion-con-los-padres-de-ayotzinapa-el-4-de-diciembre\/#article\",\"isPartOf\":{\"@id\":\"https:\/\/www.sonoraenequipo.com.mx\/sheinbaum-alista-reunion-con-los-padres-de-ayotzinapa-el-4-de-diciembre\/\"},\"author\":{\"name\":\"enequipo\",\"@id\":\"https:\/\/www.sonoraenequipo.com.mx\/#\/schema\/person\/50102df0fb23a8fa9e8effad8fa81386\"},\"headline\":\"Sheinbaum Alista Reuni\u00f3n con los Padres de Ayotzinapa el 4 de Diciembre\",\"datePublished\":\"2024-11-24T17:08:55+00:00\",\"dateModified\":\"2024-11-25T06:15:18+00:00\",\"mainEntityOfPage\":{\"@id\":\"https:\/\/www.sonoraenequipo.com.mx\/sheinbaum-alista-reunion-con-los-padres-de-ayotzinapa-el-4-de-diciembre\/\"},\"wordCount\":386,\"commentCount\":0,\"publisher\":{\"@id\":\"https:\/\/www.sonoraenequipo.com.mx\/#organization\"},\"image\":{\"@id\":\"https:\/\/www.sonoraenequipo.com.mx\/sheinbaum-alista-reunion-con-los-padres-de-ayotzinapa-el-4-de-diciembre\/#primaryimage\"},\"thumbnailUrl\":\"https:\/\/www.sonoraenequipo.com.mx\/storage\/2024\/11\/padres-de-normalista-desaparecidos.-Ayotzinapa-min.jpg\",\"articleSection\":[\"Rep\u00fablica\"],\"inLanguage\":\"es\",\"potentialAction\":[{\"@type\":\"CommentAction\",\"name\":\"Comment\",\"target\":[\"https:\/\/www.sonoraenequipo.com.mx\/sheinbaum-alista-reunion-con-los-padres-de-ayotzinapa-el-4-de-diciembre\/#respond\"]}]},{\"@type\":\"WebPage\",\"@id\":\"https:\/\/www.sonoraenequipo.com.mx\/sheinbaum-alista-reunion-con-los-padres-de-ayotzinapa-el-4-de-diciembre\/\",\"url\":\"https:\/\/www.sonoraenequipo.com.mx\/sheinbaum-alista-reunion-con-los-padres-de-ayotzinapa-el-4-de-diciembre\/\",\"name\":\"Sonora en Equipo. Sheinbaum Alista Reuni\u00f3n con los Padres de Ayotzinapa el 4 de Diciembre Rep\u00fablica\",\"isPartOf\":{\"@id\":\"https:\/\/www.sonoraenequipo.com.mx\/#website\"},\"primaryImageOfPage\":{\"@id\":\"https:\/\/www.sonoraenequipo.com.mx\/sheinbaum-alista-reunion-con-los-padres-de-ayotzinapa-el-4-de-diciembre\/#primaryimage\"},\"image\":{\"@id\":\"https:\/\/www.sonoraenequipo.com.mx\/sheinbaum-alista-reunion-con-los-padres-de-ayotzinapa-el-4-de-diciembre\/#primaryimage\"},\"thumbnailUrl\":\"https:\/\/www.sonoraenequipo.com.mx\/storage\/2024\/11\/padres-de-normalista-desaparecidos.-Ayotzinapa-min.jpg\",\"datePublished\":\"2024-11-24T17:08:55+00:00\",\"dateModified\":\"2024-11-25T06:15:18+00:00\",\"description\":\"CIUDAD DE M\u00c9XICO. MX. \u2014 Claudia Sheinbaum, presidenta de M\u00e9xico, tendr\u00e1 la primera reuni\u00f3n de su mandato con los padres de los 43 normalistas de En Sonora en Equipo publicamos toda la informaci\u00f3n de Sonora, M\u00e9xico y el Mundo de manera oportuna y busca que la libertad de expresi\u00f3n sea real. Visita nuestro medio informativo publicado desde Hermosillo, Sonora. %\",\"breadcrumb\":{\"@id\":\"https:\/\/www.sonoraenequipo.com.mx\/sheinbaum-alista-reunion-con-los-padres-de-ayotzinapa-el-4-de-diciembre\/#breadcrumb\"},\"inLanguage\":\"es\",\"potentialAction\":[{\"@type\":\"ReadAction\",\"target\":[\"https:\/\/www.sonoraenequipo.com.mx\/sheinbaum-alista-reunion-con-los-padres-de-ayotzinapa-el-4-de-diciembre\/\"]}]},{\"@type\":\"ImageObject\",\"inLanguage\":\"es\",\"@id\":\"https:\/\/www.sonoraenequipo.com.mx\/sheinbaum-alista-reunion-con-los-padres-de-ayotzinapa-el-4-de-diciembre\/#primaryimage\",\"url\":\"https:\/\/www.sonoraenequipo.com.mx\/storage\/2024\/11\/padres-de-normalista-desaparecidos.-Ayotzinapa-min.jpg\",\"contentUrl\":\"https:\/\/www.sonoraenequipo.com.mx\/storage\/2024\/11\/padres-de-normalista-desaparecidos.-Ayotzinapa-min.jpg\",\"width\":1000,\"height\":661},{\"@type\":\"BreadcrumbList\",\"@id\":\"https:\/\/www.sonoraenequipo.com.mx\/sheinbaum-alista-reunion-con-los-padres-de-ayotzinapa-el-4-de-diciembre\/#breadcrumb\",\"itemListElement\":[{\"@type\":\"ListItem\",\"position\":1,\"name\":\"Portada\",\"item\":\"https:\/\/www.sonoraenequipo.com.mx\/\"},{\"@type\":\"ListItem\",\"position\":2,\"name\":\"Sheinbaum Alista Reuni\u00f3n con los Padres de Ayotzinapa el 4 de Diciembre\"}]},{\"@type\":\"WebSite\",\"@id\":\"https:\/\/www.sonoraenequipo.com.mx\/#website\",\"url\":\"https:\/\/www.sonoraenequipo.com.mx\/\",\"name\":\"Sonora en Equipo.\",\"description\":\"Diario en l\u00ednea con Noticias desde Hermosillo, Sonora\",\"publisher\":{\"@id\":\"https:\/\/www.sonoraenequipo.com.mx\/#organization\"},\"potentialAction\":[{\"@type\":\"SearchAction\",\"target\":{\"@type\":\"EntryPoint\",\"urlTemplate\":\"https:\/\/www.sonoraenequipo.com.mx\/?s={search_term_string}\"},\"query-input\":{\"@type\":\"PropertyValueSpecification\",\"valueRequired\":true,\"valueName\":\"search_term_string\"}}],\"inLanguage\":\"es\"},{\"@type\":\"Organization\",\"@id\":\"https:\/\/www.sonoraenequipo.com.mx\/#organization\",\"name\":\"Sonoraenequipo.com.mx\",\"url\":\"https:\/\/www.sonoraenequipo.com.mx\/\",\"logo\":{\"@type\":\"ImageObject\",\"inLanguage\":\"es\",\"@id\":\"https:\/\/www.sonoraenequipo.com.mx\/#\/schema\/logo\/image\/\",\"url\":\"https:\/\/www.sonoraenequipo.com.mx\/storage\/2019\/01\/sonoraenequipo_opt.png\",\"contentUrl\":\"https:\/\/www.sonoraenequipo.com.mx\/storage\/2019\/01\/sonoraenequipo_opt.png\",\"width\":375,\"height\":125,\"caption\":\"Sonoraenequipo.com.mx\"},\"image\":{\"@id\":\"https:\/\/www.sonoraenequipo.com.mx\/#\/schema\/logo\/image\/\"},\"sameAs\":[\"https:\/\/www.facebook.com\/SonoraEE\/\",\"https:\/\/x.com\/sonoraenequipo\",\"https:\/\/www.youtube.com\/channel\/UC338nW-lPEYmJQs4ZABQ1SQ\"]},{\"@type\":\"Person\",\"@id\":\"https:\/\/www.sonoraenequipo.com.mx\/#\/schema\/person\/50102df0fb23a8fa9e8effad8fa81386\",\"name\":\"enequipo\",\"image\":{\"@type\":\"ImageObject\",\"inLanguage\":\"es\",\"@id\":\"https:\/\/www.sonoraenequipo.com.mx\/#\/schema\/person\/image\/\",\"url\":\"https:\/\/secure.gravatar.com\/avatar\/049821681b589dabc0bc20695993ccebb09f5b5d4d790cd9251b97faac7c652b?s=96&d=blank&r=g\",\"contentUrl\":\"https:\/\/secure.gravatar.com\/avatar\/049821681b589dabc0bc20695993ccebb09f5b5d4d790cd9251b97faac7c652b?s=96&d=blank&r=g\",\"caption\":\"enequipo\"},\"sameAs\":[\"https:\/\/www.facebook.com\/SonoraEE\"]}]}<\/script>\n ","yoast_head_json":{"title":"Sonora en Equipo. Sheinbaum Alista Reuni\u00f3n con los Padres de Ayotzinapa el 4 de Diciembre Rep\u00fablica","description":"CIUDAD DE M\u00c9XICO. MX. \u2014 Claudia Sheinbaum, presidenta de M\u00e9xico, tendr\u00e1 la primera reuni\u00f3n de su mandato con los padres de los 43 normalistas de En Sonora en Equipo publicamos toda la informaci\u00f3n de Sonora, M\u00e9xico y el Mundo de manera oportuna y busca que la libertad de expresi\u00f3n sea real. Visita nuestro medio informativo publicado desde Hermosillo, Sonora. %","robots":{"index":"index","follow":"follow","max-snippet":"max-snippet:-1","max-image-preview":"max-image-preview:large","max-video-preview":"max-video-preview:-1"},"canonical":"https:\/\/www.sonoraenequipo.com.mx\/sheinbaum-alista-reunion-con-los-padres-de-ayotzinapa-el-4-de-diciembre\/","og_locale":"es_ES","og_type":"article","og_title":"Sonora en Equipo. Sheinbaum Alista Reuni\u00f3n con los Padres de Ayotzinapa el 4 de Diciembre Rep\u00fablica","og_description":"CIUDAD DE M\u00c9XICO. MX. \u2014 Claudia Sheinbaum, presidenta de M\u00e9xico, tendr\u00e1 la primera reuni\u00f3n de su mandato con los padres de los 43 normalistas de En Sonora en Equipo publicamos toda la informaci\u00f3n de Sonora, M\u00e9xico y el Mundo de manera oportuna y busca que la libertad de expresi\u00f3n sea real. Visita nuestro medio informativo publicado desde Hermosillo, Sonora. %","og_url":"https:\/\/www.sonoraenequipo.com.mx\/sheinbaum-alista-reunion-con-los-padres-de-ayotzinapa-el-4-de-diciembre\/","og_site_name":"Sonora en Equipo.","article_publisher":"https:\/\/www.facebook.com\/SonoraEE\/","article_author":"https:\/\/www.facebook.com\/SonoraEE","article_published_time":"2024-11-24T17:08:55+00:00","article_modified_time":"2024-11-25T06:15:18+00:00","og_image":[{"width":1000,"height":661,"url":"https:\/\/www.sonoraenequipo.com.mx\/storage\/2024\/11\/padres-de-normalista-desaparecidos.-Ayotzinapa-min.jpg","type":"image\/jpeg"}],"author":"enequipo","twitter_card":"summary_large_image","twitter_creator":"@sonoraenequipo","twitter_site":"@sonoraenequipo","twitter_misc":{"Escrito por":"enequipo","Tiempo de lectura":"2 minutos"},"schema":{"@context":"https:\/\/schema.org","@graph":[{"@type":"Article","@id":"https:\/\/www.sonoraenequipo.com.mx\/sheinbaum-alista-reunion-con-los-padres-de-ayotzinapa-el-4-de-diciembre\/#article","isPartOf":{"@id":"https:\/\/www.sonoraenequipo.com.mx\/sheinbaum-alista-reunion-con-los-padres-de-ayotzinapa-el-4-de-diciembre\/"},"author":{"name":"enequipo","@id":"https:\/\/www.sonoraenequipo.com.mx\/#\/schema\/person\/50102df0fb23a8fa9e8effad8fa81386"},"headline":"Sheinbaum Alista Reuni\u00f3n con los Padres de Ayotzinapa el 4 de Diciembre","datePublished":"2024-11-24T17:08:55+00:00","dateModified":"2024-11-25T06:15:18+00:00","mainEntityOfPage":{"@id":"https:\/\/www.sonoraenequipo.com.mx\/sheinbaum-alista-reunion-con-los-padres-de-ayotzinapa-el-4-de-diciembre\/"},"wordCount":386,"commentCount":0,"publisher":{"@id":"https:\/\/www.sonoraenequipo.com.mx\/#organization"},"image":{"@id":"https:\/\/www.sonoraenequipo.com.mx\/sheinbaum-alista-reunion-con-los-padres-de-ayotzinapa-el-4-de-diciembre\/#primaryimage"},"thumbnailUrl":"https:\/\/www.sonoraenequipo.com.mx\/storage\/2024\/11\/padres-de-normalista-desaparecidos.-Ayotzinapa-min.jpg","articleSection":["Rep\u00fablica"],"inLanguage":"es","potentialAction":[{"@type":"CommentAction","name":"Comment","target":["https:\/\/www.sonoraenequipo.com.mx\/sheinbaum-alista-reunion-con-los-padres-de-ayotzinapa-el-4-de-diciembre\/#respond"]}]},{"@type":"WebPage","@id":"https:\/\/www.sonoraenequipo.com.mx\/sheinbaum-alista-reunion-con-los-padres-de-ayotzinapa-el-4-de-diciembre\/","url":"https:\/\/www.sonoraenequipo.com.mx\/sheinbaum-alista-reunion-con-los-padres-de-ayotzinapa-el-4-de-diciembre\/","name":"Sonora en Equipo. Sheinbaum Alista Reuni\u00f3n con los Padres de Ayotzinapa el 4 de Diciembre Rep\u00fablica","isPartOf":{"@id":"https:\/\/www.sonoraenequipo.com.mx\/#website"},"primaryImageOfPage":{"@id":"https:\/\/www.sonoraenequipo.com.mx\/sheinbaum-alista-reunion-con-los-padres-de-ayotzinapa-el-4-de-diciembre\/#primaryimage"},"image":{"@id":"https:\/\/www.sonoraenequipo.com.mx\/sheinbaum-alista-reunion-con-los-padres-de-ayotzinapa-el-4-de-diciembre\/#primaryimage"},"thumbnailUrl":"https:\/\/www.sonoraenequipo.com.mx\/storage\/2024\/11\/padres-de-normalista-desaparecidos.-Ayotzinapa-min.jpg","datePublished":"2024-11-24T17:08:55+00:00","dateModified":"2024-11-25T06:15:18+00:00","description":"CIUDAD DE M\u00c9XICO. MX. \u2014 Claudia Sheinbaum, presidenta de M\u00e9xico, tendr\u00e1 la primera reuni\u00f3n de su mandato con los padres de los 43 normalistas de En Sonora en Equipo publicamos toda la informaci\u00f3n de Sonora, M\u00e9xico y el Mundo de manera oportuna y busca que la libertad de expresi\u00f3n sea real. Visita nuestro medio informativo publicado desde Hermosillo, Sonora. %","breadcrumb":{"@id":"https:\/\/www.sonoraenequipo.com.mx\/sheinbaum-alista-reunion-con-los-padres-de-ayotzinapa-el-4-de-diciembre\/#breadcrumb"},"inLanguage":"es","potentialAction":[{"@type":"ReadAction","target":["https:\/\/www.sonoraenequipo.com.mx\/sheinbaum-alista-reunion-con-los-padres-de-ayotzinapa-el-4-de-diciembre\/"]}]},{"@type":"ImageObject","inLanguage":"es","@id":"https:\/\/www.sonoraenequipo.com.mx\/sheinbaum-alista-reunion-con-los-padres-de-ayotzinapa-el-4-de-diciembre\/#primaryimage","url":"https:\/\/www.sonoraenequipo.com.mx\/storage\/2024\/11\/padres-de-normalista-desaparecidos.-Ayotzinapa-min.jpg","contentUrl":"https:\/\/www.sonoraenequipo.com.mx\/storage\/2024\/11\/padres-de-normalista-desaparecidos.-Ayotzinapa-min.jpg","width":1000,"height":661},{"@type":"BreadcrumbList","@id":"https:\/\/www.sonoraenequipo.com.mx\/sheinbaum-alista-reunion-con-los-padres-de-ayotzinapa-el-4-de-diciembre\/#breadcrumb","itemListElement":[{"@type":"ListItem","position":1,"name":"Portada","item":"https:\/\/www.sonoraenequipo.com.mx\/"},{"@type":"ListItem","position":2,"name":"Sheinbaum Alista Reuni\u00f3n con los Padres de Ayotzinapa el 4 de Diciembre"}]},{"@type":"WebSite","@id":"https:\/\/www.sonoraenequipo.com.mx\/#website","url":"https:\/\/www.sonoraenequipo.com.mx\/","name":"Sonora en Equipo.","description":"Diario en l\u00ednea con Noticias desde Hermosillo, Sonora","publisher":{"@id":"https:\/\/www.sonoraenequipo.com.mx\/#organization"},"potentialAction":[{"@type":"SearchAction","target":{"@type":"EntryPoint","urlTemplate":"https:\/\/www.sonoraenequipo.com.mx\/?s={search_term_string}"},"query-input":{"@type":"PropertyValueSpecification","valueRequired":true,"valueName":"search_term_string"}}],"inLanguage":"es"},{"@type":"Organization","@id":"https:\/\/www.sonoraenequipo.com.mx\/#organization","name":"Sonoraenequipo.com.mx","url":"https:\/\/www.sonoraenequipo.com.mx\/","logo":{"@type":"ImageObject","inLanguage":"es","@id":"https:\/\/www.sonoraenequipo.com.mx\/#\/schema\/logo\/image\/","url":"https:\/\/www.sonoraenequipo.com.mx\/storage\/2019\/01\/sonoraenequipo_opt.png","contentUrl":"https:\/\/www.sonoraenequipo.com.mx\/storage\/2019\/01\/sonoraenequipo_opt.png","width":375,"height":125,"caption":"Sonoraenequipo.com.mx"},"image":{"@id":"https:\/\/www.sonoraenequipo.com.mx\/#\/schema\/logo\/image\/"},"sameAs":["https:\/\/www.facebook.com\/SonoraEE\/","https:\/\/x.com\/sonoraenequipo","https:\/\/www.youtube.com\/channel\/UC338nW-lPEYmJQs4ZABQ1SQ"]},{"@type":"Person","@id":"https:\/\/www.sonoraenequipo.com.mx\/#\/schema\/person\/50102df0fb23a8fa9e8effad8fa81386","name":"enequipo","image":{"@type":"ImageObject","inLanguage":"es","@id":"https:\/\/www.sonoraenequipo.com.mx\/#\/schema\/person\/image\/","url":"https:\/\/secure.gravatar.com\/avatar\/049821681b589dabc0bc20695993ccebb09f5b5d4d790cd9251b97faac7c652b?s=96&d=blank&r=g","contentUrl":"https:\/\/secure.gravatar.com\/avatar\/049821681b589dabc0bc20695993ccebb09f5b5d4d790cd9251b97faac7c652b?s=96&d=blank&r=g","caption":"enequipo"},"sameAs":["https:\/\/www.facebook.com\/SonoraEE"]}]}},"jetpack_featured_media_url":"https:\/\/www.sonoraenequipo.com.mx\/storage\/2024\/11\/padres-de-normalista-desaparecidos.-Ayotzinapa-min.jpg","_links":{"self":[{"href":"https:\/\/www.sonoraenequipo.com.mx\/api\/wp\/v2\/posts\/204844","targetHints":{"allow":["GET"]}}],"collection":[{"href":"https:\/\/www.sonoraenequipo.com.mx\/api\/wp\/v2\/posts"}],"about":[{"href":"https:\/\/www.sonoraenequipo.com.mx\/api\/wp\/v2\/types\/post"}],"author":[{"embeddable":true,"href":"https:\/\/www.sonoraenequipo.com.mx\/api\/wp\/v2\/users\/1"}],"replies":[{"embeddable":true,"href":"https:\/\/www.sonoraenequipo.com.mx\/api\/wp\/v2\/comments?post=204844"}],"version-history":[{"count":2,"href":"https:\/\/www.sonoraenequipo.com.mx\/api\/wp\/v2\/posts\/204844\/revisions"}],"predecessor-version":[{"id":204847,"href":"https:\/\/www.sonoraenequipo.com.mx\/api\/wp\/v2\/posts\/204844\/revisions\/204847"}],"wp:featuredmedia":[{"embeddable":true,"href":"https:\/\/www.sonoraenequipo.com.mx\/api\/wp\/v2\/media\/204845"}],"wp:attachment":[{"href":"https:\/\/www.sonoraenequipo.com.mx\/api\/wp\/v2\/media?parent=204844"}],"wp:term":[{"taxonomy":"category","embeddable":true,"href":"https:\/\/www.sonoraenequipo.com.mx\/api\/wp\/v2\/categories?post=204844"},{"taxonomy":"post_tag","embeddable":true,"href":"https:\/\/www.sonoraenequipo.com.mx\/api\/wp\/v2\/tags?post=204844"}],"curies":[{"name":"wp","href":"https:\/\/api.w.org\/{rel}","templated":true}]}}