{"id":204848,"date":"2024-11-23T21:28:26","date_gmt":"2024-11-24T04:28:26","guid":{"rendered":"https:\/\/www.sonoraenequipo.com.mx\/?p=204848"},"modified":"2024-11-24T23:29:41","modified_gmt":"2024-11-25T06:29:41","slug":"detencion-de-el-cholo-palacios-clave-para-esclarecer-caso-ayotzinapa-alejandro-encinas","status":"publish","type":"post","link":"https:\/\/www.sonoraenequipo.com.mx\/detencion-de-el-cholo-palacios-clave-para-esclarecer-caso-ayotzinapa-alejandro-encinas\/","title":{"rendered":"Detenci\u00f3n de &#8216;El Cholo&#8217; Palacios, Clave para Esclarecer Caso Ayotzinapa: Alejandro Encinas"},"content":{"rendered":"<p><strong>CIUDAD DE M\u00c9XICO. MX. \u2014<\/strong> Alejandro Encinas, extitular de la Comisi\u00f3n para la Verdad y Acceso a la Justicia del Caso Ayotzinapa, asegur\u00f3 que la detenci\u00f3n de El Cholo Palacios, integrante del grupo delictivo Guerreros Unidos, \u201ces clave para esclarecer la desaparici\u00f3n de los 43 normalistas\u201d.<\/p>\n<p>&nbsp;<\/p>\n<p>&nbsp;<\/p>\n<p>&nbsp;<\/p>\n<p> <\/p>\n<p>Encinas dio a conocer, a trav\u00e9s de redes sociales, que este hecho permitir\u00eda esclarecer la relaci\u00f3n de complicidades de las autoridades y brindar informaci\u00f3n sobre el paradero de los estudiantes.<\/p>\n<p>&nbsp;<\/p>\n<h3>\nDetienen a \u2018El Cholo&#8217; Palacios, Jefe de Plaza de Grupo Criminal en Tlatlaya, Edomex<\/h3>\n<p>&nbsp;<\/p>\n<p>&nbsp;<\/p>\n<p>La detenci\u00f3n del Cholo Palacios, presunto involucrado en la desaparici\u00f3n de los 43 estudiantes de la Normal de Ayotzinapa, es un hecho muy importante que puede permitir esclarecer la relaci\u00f3n de complicidades de las autoridades de todos los niveles de gobierno con los grupos\u2026<\/p>\n<p>\u2014 Alejandro Encinas (@A_Encinas_R)<br \/>\nNovember 23, 2024<\/p>\n<p>&nbsp;<\/p>\n<p>&nbsp;<\/p>\n<p>&nbsp;<\/p>\n<p>La detenci\u00f3n del Cholo Palacios, presunto involucrado en la desaparici\u00f3n de los 43 estudiantes de la Normal de Ayotzinapa, es un hecho muy importante que puede permitir esclarecer la relaci\u00f3n de complicidades de las autoridades de todos los niveles de gobierno con los grupos delictivos y brindar informaci\u00f3n sobre el paradero de los estudiantes<\/p>\n<p>&nbsp;<\/p>\n<p>&nbsp;<\/p>\n<p>Elementos de las Fuerzas Federales detuvieron a Alejandro \u201cN\u201d, alias El Cholo, integrante del grupo delictivo Guerreros Unidos y quien presuntamente est\u00e1 vinculado con la desaparici\u00f3n de los 43 estudiantes normalistas de Ayotzinapa.<\/p>\n<p>&nbsp;<\/p>\n<p>&nbsp;<\/p>\n<p>&nbsp;<\/p>\n<p>La Secretar\u00eda de Seguridad y Protecci\u00f3n Ciudadana inform\u00f3 que la detenci\u00f3n se realiz\u00f3 en cumplimiento de una orden de aprehensi\u00f3n, en el municipio de Tlatlaya, en el Estado de M\u00e9xico.<\/p>\n<p>&nbsp;<\/p>\n<p>&nbsp;<\/p>\n<p>&nbsp;<\/p>\n<p>Gracias a labores de investigaci\u00f3n, en una acci\u00f3n conjunta entre @SEDENAmx, @SEMAR_mx, @FGRMexico, @GN_MEXICO_ y @SSPCMexico, en #Edomex se logr\u00f3 la detenci\u00f3n de Alejandro \u00abN\u00bb, integrante del grupo delictivo \u00abGuerreros Unidos\u00bb; se le relaciona con los delitos de secuestro,\u2026 pic.twitter.com\/vFZxEqZYLP<\/p>\n<p>\u2014 Omar H Garcia Harfuch (@OHarfuch)<br \/>\nNovember 22, 2024<\/p>\n<p>&nbsp;<\/p>\n<p>&nbsp;<\/p>\n<p>En sus redes sociales, Omar Garc\u00eda Harfuch, secretario de Seguridad y Protecci\u00f3n Ciudadana, escribi\u00f3 lo siguiente:<\/p>\n<p>&nbsp;<\/p>\n<p>&nbsp;<\/p>\n<p>&nbsp;<\/p>\n<p><strong><em>Gracias a labores de investigaci\u00f3n, en una acci\u00f3n conjunta entre la Secretar\u00eda de la Defensa Nacional, la Secretar\u00eda de Marina, la fiscal\u00eda general de la Rep\u00fablica, la Guardia Nacional y la Secretar\u00eda de Seguridad y Protecci\u00f3n Ciudadana, en el estado de M\u00e9xico se logr\u00f3 la detenci\u00f3n de Alejandro \u201cN\u201d, se le relaciona con los delitos de secuestro, homicidio y extorsi\u00f3n en el estado de M\u00e9xico<\/em><\/strong><\/p>\n<p>&nbsp;<\/p>\n<p>&nbsp;<\/p>\n<p>&nbsp;<\/p>\n<p>&nbsp;<\/p>\n<p>En este sentido, se inform\u00f3 que entre 2013 y 2014, \u201cEl Cholo\u201d fungi\u00f3 como jefe de plaza en los municipios de Taxco, Huitzuco y Cocula, en el estado de Guerrero, donde se le vincula con casos de secuestro, cobro de cuotas y la desaparici\u00f3n de, al menos, ocho personas en el municipio de Cocula.<\/p>\n<p>&nbsp;<\/p>\n<p>&nbsp;<\/p>\n<h3>\u00bfEl Cabo Gil vincul\u00f3 a El Cholo en caso Ayotzinapa?<\/h3>\n<p>&nbsp;<\/p>\n<p>&nbsp;<\/p>\n<p>Seg\u00fan las autoridades, en declaraciones ministeriales, Gildardo L\u00f3pez Astudillo, alias El Cabo Gil, vincul\u00f3 a El Cholo en los hechos ocurridos el 26 de septiembre de 2014, en el municipio de Iguala, debido a que supuestamente fue el responsable de la emboscada al autob\u00fas donde viajaban los jugadores del equipo de futbol Los Avispones, y de cometer, adem\u00e1s, agresiones contra veh\u00edculos particulares y taxis en el crucero de Santa Teresa.<\/p>\n<p>&nbsp;<\/p>\n<p>&nbsp;<\/p>\n<p>En el comunicado, la Secretar\u00eda de Seguridad y Protecci\u00f3n Ciudadana inform\u00f3, que despu\u00e9s de una investigaci\u00f3n de seguimiento y vigilancia, se ubic\u00f3 al presunto delincuente en el municipio de Tlataya, por lo que se despleg\u00f3 un operativo en la localidad de El Naranjo, donde fue ubicado y detenido.<\/p>\n<p>&nbsp;<\/p>\n<p>&nbsp;<\/p>\n<p>Luego de leerle sus derechos, el detenido fue puesto del ministerio p\u00fablico federal, quien determinar\u00e1 su situaci\u00f3n jur\u00eddica.<\/p>\n<p>&nbsp;<\/p>\n<p>&nbsp;<\/p>\n<p>&nbsp;<\/p>\n<p>Seg\u00fan las autoridades, Alejandro \u201cN\u201d tambi\u00e9n podr\u00eda estar relacionado con actividades criminales como secuestros, homicidios y extorsi\u00f3n en el estado de Guerrero.<\/p>\n<p>&nbsp;<\/p>\n<p>&nbsp;<\/p>\n<p>&nbsp;<\/p>\n<p>PUBLICADO EL 24 DE NOVIEMBRE DE 2024 Con informaci\u00f3n de Televisa y redes sociales)<\/p>\n","protected":false},"excerpt":{"rendered":"<p>CIUDAD DE M\u00c9XICO. MX. \u2014 Alejandro Encinas, extitular de la Comisi\u00f3n para la Verdad y&#8230;<\/p>\n","protected":false},"author":1,"featured_media":204849,"comment_status":"open","ping_status":"open","sticky":false,"template":"","format":"standard","meta":{"_monsterinsights_skip_tracking":false,"_monsterinsights_sitenote_active":false,"_monsterinsights_sitenote_note":"","_monsterinsights_sitenote_category":0,"footnotes":""},"categories":[5],"tags":[],"class_list":["post"],"yoast_head":" \n<title>Sonora en Equipo. Detenci\u00f3n de &#039;El Cholo&#039; Palacios, Clave para Esclarecer Caso Ayotzinapa: Alejandro Encinas Rep\u00fablica<\/title>\n<meta name=\"description\" content=\"CIUDAD DE M\u00c9XICO. MX. \u2014 Alejandro Encinas, extitular de la Comisi\u00f3n para la Verdad y Acceso a la Justicia del Caso Ayotzinapa, asegur\u00f3 que la detenci\u00f3n de En Sonora en Equipo publicamos toda la informaci\u00f3n de Sonora, M\u00e9xico y el Mundo de manera oportuna y busca que la libertad de expresi\u00f3n sea real. Visita nuestro medio informativo publicado desde Hermosillo, Sonora. %\" \/>\n<meta name=\"robots\" content=\"index, follow, max-snippet:-1, max-image-preview:large, max-video-preview:-1\" \/>\n<link rel=\"canonical\" href=\"https:\/\/www.sonoraenequipo.com.mx\/detencion-de-el-cholo-palacios-clave-para-esclarecer-caso-ayotzinapa-alejandro-encinas\/\" \/>\n<meta property=\"og:locale\" content=\"es_ES\" \/>\n<meta property=\"og:type\" content=\"article\" \/>\n<meta property=\"og:title\" content=\"Sonora en Equipo. Detenci\u00f3n de &#039;El Cholo&#039; Palacios, Clave para Esclarecer Caso Ayotzinapa: Alejandro Encinas Rep\u00fablica\" \/>\n<meta property=\"og:description\" content=\"CIUDAD DE M\u00c9XICO. MX. \u2014 Alejandro Encinas, extitular de la Comisi\u00f3n para la Verdad y Acceso a la Justicia del Caso Ayotzinapa, asegur\u00f3 que la detenci\u00f3n de En Sonora en Equipo publicamos toda la informaci\u00f3n de Sonora, M\u00e9xico y el Mundo de manera oportuna y busca que la libertad de expresi\u00f3n sea real. Visita nuestro medio informativo publicado desde Hermosillo, Sonora. %\" \/>\n<meta property=\"og:url\" content=\"https:\/\/www.sonoraenequipo.com.mx\/detencion-de-el-cholo-palacios-clave-para-esclarecer-caso-ayotzinapa-alejandro-encinas\/\" \/>\n<meta property=\"og:site_name\" content=\"Sonora en Equipo.\" \/>\n<meta property=\"article:publisher\" content=\"https:\/\/www.facebook.com\/SonoraEE\/\" \/>\n<meta property=\"article:author\" content=\"https:\/\/www.facebook.com\/SonoraEE\" \/>\n<meta property=\"article:published_time\" content=\"2024-11-24T04:28:26+00:00\" \/>\n<meta property=\"article:modified_time\" content=\"2024-11-25T06:29:41+00:00\" \/>\n<meta property=\"og:image\" content=\"https:\/\/www.sonoraenequipo.com.mx\/storage\/2024\/11\/Detencion-de-El-Cholo-Palacios-Clave-para-Esclarecer-Caso-Ayotzinapa-min.jpg\" \/>\n\t<meta property=\"og:image:width\" content=\"1000\" \/>\n\t<meta property=\"og:image:height\" content=\"692\" \/>\n\t<meta property=\"og:image:type\" content=\"image\/jpeg\" \/>\n<meta name=\"author\" content=\"enequipo\" \/>\n<meta name=\"twitter:card\" content=\"summary_large_image\" \/>\n<meta name=\"twitter:creator\" content=\"@sonoraenequipo\" \/>\n<meta name=\"twitter:site\" content=\"@sonoraenequipo\" \/>\n<meta name=\"twitter:label1\" content=\"Escrito por\" \/>\n\t<meta name=\"twitter:data1\" content=\"enequipo\" \/>\n\t<meta name=\"twitter:label2\" content=\"Tiempo de lectura\" \/>\n\t<meta name=\"twitter:data2\" content=\"4 minutos\" \/>\n<script type=\"application\/ld+json\" class=\"yoast-schema-graph\">{\"@context\":\"https:\/\/schema.org\",\"@graph\":[{\"@type\":\"Article\",\"@id\":\"https:\/\/www.sonoraenequipo.com.mx\/detencion-de-el-cholo-palacios-clave-para-esclarecer-caso-ayotzinapa-alejandro-encinas\/#article\",\"isPartOf\":{\"@id\":\"https:\/\/www.sonoraenequipo.com.mx\/detencion-de-el-cholo-palacios-clave-para-esclarecer-caso-ayotzinapa-alejandro-encinas\/\"},\"author\":{\"name\":\"enequipo\",\"@id\":\"https:\/\/www.sonoraenequipo.com.mx\/#\/schema\/person\/50102df0fb23a8fa9e8effad8fa81386\"},\"headline\":\"Detenci\u00f3n de &#8216;El Cholo&#8217; Palacios, Clave para Esclarecer Caso Ayotzinapa: Alejandro Encinas\",\"datePublished\":\"2024-11-24T04:28:26+00:00\",\"dateModified\":\"2024-11-25T06:29:41+00:00\",\"mainEntityOfPage\":{\"@id\":\"https:\/\/www.sonoraenequipo.com.mx\/detencion-de-el-cholo-palacios-clave-para-esclarecer-caso-ayotzinapa-alejandro-encinas\/\"},\"wordCount\":723,\"commentCount\":0,\"publisher\":{\"@id\":\"https:\/\/www.sonoraenequipo.com.mx\/#organization\"},\"image\":{\"@id\":\"https:\/\/www.sonoraenequipo.com.mx\/detencion-de-el-cholo-palacios-clave-para-esclarecer-caso-ayotzinapa-alejandro-encinas\/#primaryimage\"},\"thumbnailUrl\":\"https:\/\/www.sonoraenequipo.com.mx\/storage\/2024\/11\/Detencion-de-El-Cholo-Palacios-Clave-para-Esclarecer-Caso-Ayotzinapa-min.jpg\",\"articleSection\":[\"Rep\u00fablica\"],\"inLanguage\":\"es\",\"potentialAction\":[{\"@type\":\"CommentAction\",\"name\":\"Comment\",\"target\":[\"https:\/\/www.sonoraenequipo.com.mx\/detencion-de-el-cholo-palacios-clave-para-esclarecer-caso-ayotzinapa-alejandro-encinas\/#respond\"]}]},{\"@type\":\"WebPage\",\"@id\":\"https:\/\/www.sonoraenequipo.com.mx\/detencion-de-el-cholo-palacios-clave-para-esclarecer-caso-ayotzinapa-alejandro-encinas\/\",\"url\":\"https:\/\/www.sonoraenequipo.com.mx\/detencion-de-el-cholo-palacios-clave-para-esclarecer-caso-ayotzinapa-alejandro-encinas\/\",\"name\":\"Sonora en Equipo. Detenci\u00f3n de 'El Cholo' Palacios, Clave para Esclarecer Caso Ayotzinapa: Alejandro Encinas Rep\u00fablica\",\"isPartOf\":{\"@id\":\"https:\/\/www.sonoraenequipo.com.mx\/#website\"},\"primaryImageOfPage\":{\"@id\":\"https:\/\/www.sonoraenequipo.com.mx\/detencion-de-el-cholo-palacios-clave-para-esclarecer-caso-ayotzinapa-alejandro-encinas\/#primaryimage\"},\"image\":{\"@id\":\"https:\/\/www.sonoraenequipo.com.mx\/detencion-de-el-cholo-palacios-clave-para-esclarecer-caso-ayotzinapa-alejandro-encinas\/#primaryimage\"},\"thumbnailUrl\":\"https:\/\/www.sonoraenequipo.com.mx\/storage\/2024\/11\/Detencion-de-El-Cholo-Palacios-Clave-para-Esclarecer-Caso-Ayotzinapa-min.jpg\",\"datePublished\":\"2024-11-24T04:28:26+00:00\",\"dateModified\":\"2024-11-25T06:29:41+00:00\",\"description\":\"CIUDAD DE M\u00c9XICO. MX. \u2014 Alejandro Encinas, extitular de la Comisi\u00f3n para la Verdad y Acceso a la Justicia del Caso Ayotzinapa, asegur\u00f3 que la detenci\u00f3n de En Sonora en Equipo publicamos toda la informaci\u00f3n de Sonora, M\u00e9xico y el Mundo de manera oportuna y busca que la libertad de expresi\u00f3n sea real. Visita nuestro medio informativo publicado desde Hermosillo, Sonora. %\",\"breadcrumb\":{\"@id\":\"https:\/\/www.sonoraenequipo.com.mx\/detencion-de-el-cholo-palacios-clave-para-esclarecer-caso-ayotzinapa-alejandro-encinas\/#breadcrumb\"},\"inLanguage\":\"es\",\"potentialAction\":[{\"@type\":\"ReadAction\",\"target\":[\"https:\/\/www.sonoraenequipo.com.mx\/detencion-de-el-cholo-palacios-clave-para-esclarecer-caso-ayotzinapa-alejandro-encinas\/\"]}]},{\"@type\":\"ImageObject\",\"inLanguage\":\"es\",\"@id\":\"https:\/\/www.sonoraenequipo.com.mx\/detencion-de-el-cholo-palacios-clave-para-esclarecer-caso-ayotzinapa-alejandro-encinas\/#primaryimage\",\"url\":\"https:\/\/www.sonoraenequipo.com.mx\/storage\/2024\/11\/Detencion-de-El-Cholo-Palacios-Clave-para-Esclarecer-Caso-Ayotzinapa-min.jpg\",\"contentUrl\":\"https:\/\/www.sonoraenequipo.com.mx\/storage\/2024\/11\/Detencion-de-El-Cholo-Palacios-Clave-para-Esclarecer-Caso-Ayotzinapa-min.jpg\",\"width\":1000,\"height\":692},{\"@type\":\"BreadcrumbList\",\"@id\":\"https:\/\/www.sonoraenequipo.com.mx\/detencion-de-el-cholo-palacios-clave-para-esclarecer-caso-ayotzinapa-alejandro-encinas\/#breadcrumb\",\"itemListElement\":[{\"@type\":\"ListItem\",\"position\":1,\"name\":\"Portada\",\"item\":\"https:\/\/www.sonoraenequipo.com.mx\/\"},{\"@type\":\"ListItem\",\"position\":2,\"name\":\"Detenci\u00f3n de &#8216;El Cholo&#8217; Palacios, Clave para Esclarecer Caso Ayotzinapa: Alejandro Encinas\"}]},{\"@type\":\"WebSite\",\"@id\":\"https:\/\/www.sonoraenequipo.com.mx\/#website\",\"url\":\"https:\/\/www.sonoraenequipo.com.mx\/\",\"name\":\"Sonora en Equipo.\",\"description\":\"Diario en l\u00ednea con Noticias desde Hermosillo, Sonora\",\"publisher\":{\"@id\":\"https:\/\/www.sonoraenequipo.com.mx\/#organization\"},\"potentialAction\":[{\"@type\":\"SearchAction\",\"target\":{\"@type\":\"EntryPoint\",\"urlTemplate\":\"https:\/\/www.sonoraenequipo.com.mx\/?s={search_term_string}\"},\"query-input\":{\"@type\":\"PropertyValueSpecification\",\"valueRequired\":true,\"valueName\":\"search_term_string\"}}],\"inLanguage\":\"es\"},{\"@type\":\"Organization\",\"@id\":\"https:\/\/www.sonoraenequipo.com.mx\/#organization\",\"name\":\"Sonoraenequipo.com.mx\",\"url\":\"https:\/\/www.sonoraenequipo.com.mx\/\",\"logo\":{\"@type\":\"ImageObject\",\"inLanguage\":\"es\",\"@id\":\"https:\/\/www.sonoraenequipo.com.mx\/#\/schema\/logo\/image\/\",\"url\":\"https:\/\/www.sonoraenequipo.com.mx\/storage\/2019\/01\/sonoraenequipo_opt.png\",\"contentUrl\":\"https:\/\/www.sonoraenequipo.com.mx\/storage\/2019\/01\/sonoraenequipo_opt.png\",\"width\":375,\"height\":125,\"caption\":\"Sonoraenequipo.com.mx\"},\"image\":{\"@id\":\"https:\/\/www.sonoraenequipo.com.mx\/#\/schema\/logo\/image\/\"},\"sameAs\":[\"https:\/\/www.facebook.com\/SonoraEE\/\",\"https:\/\/x.com\/sonoraenequipo\",\"https:\/\/www.youtube.com\/channel\/UC338nW-lPEYmJQs4ZABQ1SQ\"]},{\"@type\":\"Person\",\"@id\":\"https:\/\/www.sonoraenequipo.com.mx\/#\/schema\/person\/50102df0fb23a8fa9e8effad8fa81386\",\"name\":\"enequipo\",\"image\":{\"@type\":\"ImageObject\",\"inLanguage\":\"es\",\"@id\":\"https:\/\/www.sonoraenequipo.com.mx\/#\/schema\/person\/image\/\",\"url\":\"https:\/\/secure.gravatar.com\/avatar\/049821681b589dabc0bc20695993ccebb09f5b5d4d790cd9251b97faac7c652b?s=96&d=blank&r=g\",\"contentUrl\":\"https:\/\/secure.gravatar.com\/avatar\/049821681b589dabc0bc20695993ccebb09f5b5d4d790cd9251b97faac7c652b?s=96&d=blank&r=g\",\"caption\":\"enequipo\"},\"sameAs\":[\"https:\/\/www.facebook.com\/SonoraEE\"]}]}<\/script>\n ","yoast_head_json":{"title":"Sonora en Equipo. Detenci\u00f3n de 'El Cholo' Palacios, Clave para Esclarecer Caso Ayotzinapa: Alejandro Encinas Rep\u00fablica","description":"CIUDAD DE M\u00c9XICO. MX. \u2014 Alejandro Encinas, extitular de la Comisi\u00f3n para la Verdad y Acceso a la Justicia del Caso Ayotzinapa, asegur\u00f3 que la detenci\u00f3n de En Sonora en Equipo publicamos toda la informaci\u00f3n de Sonora, M\u00e9xico y el Mundo de manera oportuna y busca que la libertad de expresi\u00f3n sea real. Visita nuestro medio informativo publicado desde Hermosillo, Sonora. %","robots":{"index":"index","follow":"follow","max-snippet":"max-snippet:-1","max-image-preview":"max-image-preview:large","max-video-preview":"max-video-preview:-1"},"canonical":"https:\/\/www.sonoraenequipo.com.mx\/detencion-de-el-cholo-palacios-clave-para-esclarecer-caso-ayotzinapa-alejandro-encinas\/","og_locale":"es_ES","og_type":"article","og_title":"Sonora en Equipo. Detenci\u00f3n de 'El Cholo' Palacios, Clave para Esclarecer Caso Ayotzinapa: Alejandro Encinas Rep\u00fablica","og_description":"CIUDAD DE M\u00c9XICO. MX. \u2014 Alejandro Encinas, extitular de la Comisi\u00f3n para la Verdad y Acceso a la Justicia del Caso Ayotzinapa, asegur\u00f3 que la detenci\u00f3n de En Sonora en Equipo publicamos toda la informaci\u00f3n de Sonora, M\u00e9xico y el Mundo de manera oportuna y busca que la libertad de expresi\u00f3n sea real. Visita nuestro medio informativo publicado desde Hermosillo, Sonora. %","og_url":"https:\/\/www.sonoraenequipo.com.mx\/detencion-de-el-cholo-palacios-clave-para-esclarecer-caso-ayotzinapa-alejandro-encinas\/","og_site_name":"Sonora en Equipo.","article_publisher":"https:\/\/www.facebook.com\/SonoraEE\/","article_author":"https:\/\/www.facebook.com\/SonoraEE","article_published_time":"2024-11-24T04:28:26+00:00","article_modified_time":"2024-11-25T06:29:41+00:00","og_image":[{"width":1000,"height":692,"url":"https:\/\/www.sonoraenequipo.com.mx\/storage\/2024\/11\/Detencion-de-El-Cholo-Palacios-Clave-para-Esclarecer-Caso-Ayotzinapa-min.jpg","type":"image\/jpeg"}],"author":"enequipo","twitter_card":"summary_large_image","twitter_creator":"@sonoraenequipo","twitter_site":"@sonoraenequipo","twitter_misc":{"Escrito por":"enequipo","Tiempo de lectura":"4 minutos"},"schema":{"@context":"https:\/\/schema.org","@graph":[{"@type":"Article","@id":"https:\/\/www.sonoraenequipo.com.mx\/detencion-de-el-cholo-palacios-clave-para-esclarecer-caso-ayotzinapa-alejandro-encinas\/#article","isPartOf":{"@id":"https:\/\/www.sonoraenequipo.com.mx\/detencion-de-el-cholo-palacios-clave-para-esclarecer-caso-ayotzinapa-alejandro-encinas\/"},"author":{"name":"enequipo","@id":"https:\/\/www.sonoraenequipo.com.mx\/#\/schema\/person\/50102df0fb23a8fa9e8effad8fa81386"},"headline":"Detenci\u00f3n de &#8216;El Cholo&#8217; Palacios, Clave para Esclarecer Caso Ayotzinapa: Alejandro Encinas","datePublished":"2024-11-24T04:28:26+00:00","dateModified":"2024-11-25T06:29:41+00:00","mainEntityOfPage":{"@id":"https:\/\/www.sonoraenequipo.com.mx\/detencion-de-el-cholo-palacios-clave-para-esclarecer-caso-ayotzinapa-alejandro-encinas\/"},"wordCount":723,"commentCount":0,"publisher":{"@id":"https:\/\/www.sonoraenequipo.com.mx\/#organization"},"image":{"@id":"https:\/\/www.sonoraenequipo.com.mx\/detencion-de-el-cholo-palacios-clave-para-esclarecer-caso-ayotzinapa-alejandro-encinas\/#primaryimage"},"thumbnailUrl":"https:\/\/www.sonoraenequipo.com.mx\/storage\/2024\/11\/Detencion-de-El-Cholo-Palacios-Clave-para-Esclarecer-Caso-Ayotzinapa-min.jpg","articleSection":["Rep\u00fablica"],"inLanguage":"es","potentialAction":[{"@type":"CommentAction","name":"Comment","target":["https:\/\/www.sonoraenequipo.com.mx\/detencion-de-el-cholo-palacios-clave-para-esclarecer-caso-ayotzinapa-alejandro-encinas\/#respond"]}]},{"@type":"WebPage","@id":"https:\/\/www.sonoraenequipo.com.mx\/detencion-de-el-cholo-palacios-clave-para-esclarecer-caso-ayotzinapa-alejandro-encinas\/","url":"https:\/\/www.sonoraenequipo.com.mx\/detencion-de-el-cholo-palacios-clave-para-esclarecer-caso-ayotzinapa-alejandro-encinas\/","name":"Sonora en Equipo. Detenci\u00f3n de 'El Cholo' Palacios, Clave para Esclarecer Caso Ayotzinapa: Alejandro Encinas Rep\u00fablica","isPartOf":{"@id":"https:\/\/www.sonoraenequipo.com.mx\/#website"},"primaryImageOfPage":{"@id":"https:\/\/www.sonoraenequipo.com.mx\/detencion-de-el-cholo-palacios-clave-para-esclarecer-caso-ayotzinapa-alejandro-encinas\/#primaryimage"},"image":{"@id":"https:\/\/www.sonoraenequipo.com.mx\/detencion-de-el-cholo-palacios-clave-para-esclarecer-caso-ayotzinapa-alejandro-encinas\/#primaryimage"},"thumbnailUrl":"https:\/\/www.sonoraenequipo.com.mx\/storage\/2024\/11\/Detencion-de-El-Cholo-Palacios-Clave-para-Esclarecer-Caso-Ayotzinapa-min.jpg","datePublished":"2024-11-24T04:28:26+00:00","dateModified":"2024-11-25T06:29:41+00:00","description":"CIUDAD DE M\u00c9XICO. MX. \u2014 Alejandro Encinas, extitular de la Comisi\u00f3n para la Verdad y Acceso a la Justicia del Caso Ayotzinapa, asegur\u00f3 que la detenci\u00f3n de En Sonora en Equipo publicamos toda la informaci\u00f3n de Sonora, M\u00e9xico y el Mundo de manera oportuna y busca que la libertad de expresi\u00f3n sea real. Visita nuestro medio informativo publicado desde Hermosillo, Sonora. %","breadcrumb":{"@id":"https:\/\/www.sonoraenequipo.com.mx\/detencion-de-el-cholo-palacios-clave-para-esclarecer-caso-ayotzinapa-alejandro-encinas\/#breadcrumb"},"inLanguage":"es","potentialAction":[{"@type":"ReadAction","target":["https:\/\/www.sonoraenequipo.com.mx\/detencion-de-el-cholo-palacios-clave-para-esclarecer-caso-ayotzinapa-alejandro-encinas\/"]}]},{"@type":"ImageObject","inLanguage":"es","@id":"https:\/\/www.sonoraenequipo.com.mx\/detencion-de-el-cholo-palacios-clave-para-esclarecer-caso-ayotzinapa-alejandro-encinas\/#primaryimage","url":"https:\/\/www.sonoraenequipo.com.mx\/storage\/2024\/11\/Detencion-de-El-Cholo-Palacios-Clave-para-Esclarecer-Caso-Ayotzinapa-min.jpg","contentUrl":"https:\/\/www.sonoraenequipo.com.mx\/storage\/2024\/11\/Detencion-de-El-Cholo-Palacios-Clave-para-Esclarecer-Caso-Ayotzinapa-min.jpg","width":1000,"height":692},{"@type":"BreadcrumbList","@id":"https:\/\/www.sonoraenequipo.com.mx\/detencion-de-el-cholo-palacios-clave-para-esclarecer-caso-ayotzinapa-alejandro-encinas\/#breadcrumb","itemListElement":[{"@type":"ListItem","position":1,"name":"Portada","item":"https:\/\/www.sonoraenequipo.com.mx\/"},{"@type":"ListItem","position":2,"name":"Detenci\u00f3n de &#8216;El Cholo&#8217; Palacios, Clave para Esclarecer Caso Ayotzinapa: Alejandro Encinas"}]},{"@type":"WebSite","@id":"https:\/\/www.sonoraenequipo.com.mx\/#website","url":"https:\/\/www.sonoraenequipo.com.mx\/","name":"Sonora en Equipo.","description":"Diario en l\u00ednea con Noticias desde Hermosillo, Sonora","publisher":{"@id":"https:\/\/www.sonoraenequipo.com.mx\/#organization"},"potentialAction":[{"@type":"SearchAction","target":{"@type":"EntryPoint","urlTemplate":"https:\/\/www.sonoraenequipo.com.mx\/?s={search_term_string}"},"query-input":{"@type":"PropertyValueSpecification","valueRequired":true,"valueName":"search_term_string"}}],"inLanguage":"es"},{"@type":"Organization","@id":"https:\/\/www.sonoraenequipo.com.mx\/#organization","name":"Sonoraenequipo.com.mx","url":"https:\/\/www.sonoraenequipo.com.mx\/","logo":{"@type":"ImageObject","inLanguage":"es","@id":"https:\/\/www.sonoraenequipo.com.mx\/#\/schema\/logo\/image\/","url":"https:\/\/www.sonoraenequipo.com.mx\/storage\/2019\/01\/sonoraenequipo_opt.png","contentUrl":"https:\/\/www.sonoraenequipo.com.mx\/storage\/2019\/01\/sonoraenequipo_opt.png","width":375,"height":125,"caption":"Sonoraenequipo.com.mx"},"image":{"@id":"https:\/\/www.sonoraenequipo.com.mx\/#\/schema\/logo\/image\/"},"sameAs":["https:\/\/www.facebook.com\/SonoraEE\/","https:\/\/x.com\/sonoraenequipo","https:\/\/www.youtube.com\/channel\/UC338nW-lPEYmJQs4ZABQ1SQ"]},{"@type":"Person","@id":"https:\/\/www.sonoraenequipo.com.mx\/#\/schema\/person\/50102df0fb23a8fa9e8effad8fa81386","name":"enequipo","image":{"@type":"ImageObject","inLanguage":"es","@id":"https:\/\/www.sonoraenequipo.com.mx\/#\/schema\/person\/image\/","url":"https:\/\/secure.gravatar.com\/avatar\/049821681b589dabc0bc20695993ccebb09f5b5d4d790cd9251b97faac7c652b?s=96&d=blank&r=g","contentUrl":"https:\/\/secure.gravatar.com\/avatar\/049821681b589dabc0bc20695993ccebb09f5b5d4d790cd9251b97faac7c652b?s=96&d=blank&r=g","caption":"enequipo"},"sameAs":["https:\/\/www.facebook.com\/SonoraEE"]}]}},"jetpack_featured_media_url":"https:\/\/www.sonoraenequipo.com.mx\/storage\/2024\/11\/Detencion-de-El-Cholo-Palacios-Clave-para-Esclarecer-Caso-Ayotzinapa-min.jpg","_links":{"self":[{"href":"https:\/\/www.sonoraenequipo.com.mx\/api\/wp\/v2\/posts\/204848","targetHints":{"allow":["GET"]}}],"collection":[{"href":"https:\/\/www.sonoraenequipo.com.mx\/api\/wp\/v2\/posts"}],"about":[{"href":"https:\/\/www.sonoraenequipo.com.mx\/api\/wp\/v2\/types\/post"}],"author":[{"embeddable":true,"href":"https:\/\/www.sonoraenequipo.com.mx\/api\/wp\/v2\/users\/1"}],"replies":[{"embeddable":true,"href":"https:\/\/www.sonoraenequipo.com.mx\/api\/wp\/v2\/comments?post=204848"}],"version-history":[{"count":1,"href":"https:\/\/www.sonoraenequipo.com.mx\/api\/wp\/v2\/posts\/204848\/revisions"}],"predecessor-version":[{"id":204850,"href":"https:\/\/www.sonoraenequipo.com.mx\/api\/wp\/v2\/posts\/204848\/revisions\/204850"}],"wp:featuredmedia":[{"embeddable":true,"href":"https:\/\/www.sonoraenequipo.com.mx\/api\/wp\/v2\/media\/204849"}],"wp:attachment":[{"href":"https:\/\/www.sonoraenequipo.com.mx\/api\/wp\/v2\/media?parent=204848"}],"wp:term":[{"taxonomy":"category","embeddable":true,"href":"https:\/\/www.sonoraenequipo.com.mx\/api\/wp\/v2\/categories?post=204848"},{"taxonomy":"post_tag","embeddable":true,"href":"https:\/\/www.sonoraenequipo.com.mx\/api\/wp\/v2\/tags?post=204848"}],"curies":[{"name":"wp","href":"https:\/\/api.w.org\/{rel}","templated":true}]}}