{"id":205728,"date":"2024-12-06T12:38:00","date_gmt":"2024-12-06T19:38:00","guid":{"rendered":"https:\/\/www.sonoraenequipo.com.mx\/?p=205728"},"modified":"2024-12-06T18:35:05","modified_gmt":"2024-12-07T01:35:05","slug":"detienen-a-hombre-con-armas-de-alto-poder-en-gral-p-e-calles","status":"publish","type":"post","link":"https:\/\/www.sonoraenequipo.com.mx\/detienen-a-hombre-con-armas-de-alto-poder-en-gral-p-e-calles\/","title":{"rendered":"Detienen a hombre con armas de alto poder en Gral. P.E. Calles"},"content":{"rendered":"<p><strong>GENERAL PLUTARCO EL\u00cdAS<\/strong><strong> CALLES, SONORA, MX.<\/strong><strong> \u0336 \u0336\u00a0 <\/strong>En el marco de los trabajos coordinados del Operativo Conjunto entre la Agencia Ministerial de Investigaci\u00f3n Criminal (AMIC) y Secretar\u00eda de la Defensa Nacional (DEFENSA), se logr\u00f3 la detenci\u00f3n de un hombre en posesi\u00f3n de armas de alto poder y equipo t\u00e1ctico en el \u00e1rea rural de Sonoyta, municipio General Plutarco El\u00edas Calles (Gral. P.E. Calles).<\/p>\n<p>Durante recorridos de reconocimiento el (4\/12\/24), el operativo observ\u00f3 a un individuo portando un arma larga, quien al notar la presencia de las autoridades intent\u00f3 huir, pero fue asegurado tras una breve persecuci\u00f3n.<\/p>\n<p>Ol\u00edmpico \u201cN\u201d, de 54 a\u00f1os, originario de Tamazula, Durango, fue asegurado en posesi\u00f3n de un fusil Colt AR-15 y un chaleco t\u00e1ctico con cargadores abastecidos, adem\u00e1s, al inspeccionar el \u00e1rea, se localiz\u00f3 un fusil antimaterial Barrett calibre .50, una de las armas de mayor potencia utilizadas en actividades il\u00edcitas.<\/p>\n<p>Tambi\u00e9n se le aseguraron cinco cargadores para cartuchos calibre .223 y un chaleco t\u00e1ctico color caf\u00e9, los cuales, junto con el sujeto, quedaron a disposici\u00f3n del agente del Ministerio P\u00fablico de la Federaci\u00f3n (AMPF) en Sonoyta para las investigaciones correspondientes.<\/p>\n<p>Este aseguramiento reafirma la eficacia del Operativo Conjunto AMIC-DEFENSA en la prevenci\u00f3n de actividades il\u00edcitas y el combate al uso de armas de fuego ilegales, reafirmando la Fiscal\u00eda General de Justicia del Estado de Sonora (FGJES) su compromiso de trabajar en conjunto para fortalecer la seguridad y salvaguardar la paz en las comunidades.<\/p>\n<p><strong>Fecha de publicaci\u00f3n viernes 6\u00a0 de diciembre de 2024 \/<\/strong><\/p>\n","protected":false},"excerpt":{"rendered":"<p>GENERAL PLUTARCO EL\u00cdAS CALLES, SONORA, MX. \u0336 \u0336\u00a0 En el marco de los trabajos coordinados&#8230;<\/p>\n","protected":false},"author":1,"featured_media":205729,"comment_status":"open","ping_status":"open","sticky":false,"template":"","format":"standard","meta":{"_monsterinsights_skip_tracking":false,"_monsterinsights_sitenote_active":false,"_monsterinsights_sitenote_note":"","_monsterinsights_sitenote_category":0,"footnotes":""},"categories":[3144],"tags":[170,15,5674],"class_list":["post"],"yoast_head":" \n<title>Sonora en Equipo. Detienen a hombre con armas de alto poder en Gral. P.E. Calles Polic\u00edaca<\/title>\n<meta name=\"description\" content=\"GENERAL PLUTARCO EL\u00cdAS CALLES, SONORA, MX. \u0336 \u0336\u00a0 En el marco de los trabajos coordinados del Operativo Conjunto entre la Agencia Ministerial de En Sonora en Equipo publicamos toda la informaci\u00f3n de Sonora, M\u00e9xico y el Mundo de manera oportuna y busca que la libertad de expresi\u00f3n sea real. Visita nuestro medio informativo publicado desde Hermosillo, Sonora. %\" \/>\n<meta name=\"robots\" content=\"index, follow, max-snippet:-1, max-image-preview:large, max-video-preview:-1\" \/>\n<link rel=\"canonical\" href=\"https:\/\/www.sonoraenequipo.com.mx\/detienen-a-hombre-con-armas-de-alto-poder-en-gral-p-e-calles\/\" \/>\n<meta property=\"og:locale\" content=\"es_ES\" \/>\n<meta property=\"og:type\" content=\"article\" \/>\n<meta property=\"og:title\" content=\"Sonora en Equipo. Detienen a hombre con armas de alto poder en Gral. P.E. Calles Polic\u00edaca\" \/>\n<meta property=\"og:description\" content=\"GENERAL PLUTARCO EL\u00cdAS CALLES, SONORA, MX. \u0336 \u0336\u00a0 En el marco de los trabajos coordinados del Operativo Conjunto entre la Agencia Ministerial de En Sonora en Equipo publicamos toda la informaci\u00f3n de Sonora, M\u00e9xico y el Mundo de manera oportuna y busca que la libertad de expresi\u00f3n sea real. Visita nuestro medio informativo publicado desde Hermosillo, Sonora. %\" \/>\n<meta property=\"og:url\" content=\"https:\/\/www.sonoraenequipo.com.mx\/detienen-a-hombre-con-armas-de-alto-poder-en-gral-p-e-calles\/\" \/>\n<meta property=\"og:site_name\" content=\"Sonora en Equipo.\" \/>\n<meta property=\"article:publisher\" content=\"https:\/\/www.facebook.com\/SonoraEE\/\" \/>\n<meta property=\"article:author\" content=\"https:\/\/www.facebook.com\/SonoraEE\" \/>\n<meta property=\"article:published_time\" content=\"2024-12-06T19:38:00+00:00\" \/>\n<meta property=\"article:modified_time\" content=\"2024-12-07T01:35:05+00:00\" \/>\n<meta property=\"og:image\" content=\"https:\/\/www.sonoraenequipo.com.mx\/storage\/2024\/12\/armas-sonoyta.jpg\" \/>\n\t<meta property=\"og:image:width\" content=\"600\" \/>\n\t<meta property=\"og:image:height\" content=\"450\" \/>\n\t<meta property=\"og:image:type\" content=\"image\/jpeg\" \/>\n<meta name=\"author\" content=\"enequipo\" \/>\n<meta name=\"twitter:card\" content=\"summary_large_image\" \/>\n<meta name=\"twitter:creator\" content=\"@sonoraenequipo\" \/>\n<meta name=\"twitter:site\" content=\"@sonoraenequipo\" \/>\n<meta name=\"twitter:label1\" content=\"Escrito por\" \/>\n\t<meta name=\"twitter:data1\" content=\"enequipo\" \/>\n\t<meta name=\"twitter:label2\" content=\"Tiempo de lectura\" \/>\n\t<meta name=\"twitter:data2\" content=\"1 minuto\" \/>\n<script type=\"application\/ld+json\" class=\"yoast-schema-graph\">{\"@context\":\"https:\/\/schema.org\",\"@graph\":[{\"@type\":\"Article\",\"@id\":\"https:\/\/www.sonoraenequipo.com.mx\/detienen-a-hombre-con-armas-de-alto-poder-en-gral-p-e-calles\/#article\",\"isPartOf\":{\"@id\":\"https:\/\/www.sonoraenequipo.com.mx\/detienen-a-hombre-con-armas-de-alto-poder-en-gral-p-e-calles\/\"},\"author\":{\"name\":\"enequipo\",\"@id\":\"https:\/\/www.sonoraenequipo.com.mx\/#\/schema\/person\/50102df0fb23a8fa9e8effad8fa81386\"},\"headline\":\"Detienen a hombre con armas de alto poder en Gral. P.E. Calles\",\"datePublished\":\"2024-12-06T19:38:00+00:00\",\"dateModified\":\"2024-12-07T01:35:05+00:00\",\"mainEntityOfPage\":{\"@id\":\"https:\/\/www.sonoraenequipo.com.mx\/detienen-a-hombre-con-armas-de-alto-poder-en-gral-p-e-calles\/\"},\"wordCount\":277,\"commentCount\":0,\"publisher\":{\"@id\":\"https:\/\/www.sonoraenequipo.com.mx\/#organization\"},\"image\":{\"@id\":\"https:\/\/www.sonoraenequipo.com.mx\/detienen-a-hombre-con-armas-de-alto-poder-en-gral-p-e-calles\/#primaryimage\"},\"thumbnailUrl\":\"https:\/\/www.sonoraenequipo.com.mx\/storage\/2024\/12\/armas-sonoyta.jpg\",\"keywords\":[\"Seguridad\",\"Sonora\",\"sonoyta\"],\"articleSection\":[\"Polic\u00edaca\"],\"inLanguage\":\"es\",\"potentialAction\":[{\"@type\":\"CommentAction\",\"name\":\"Comment\",\"target\":[\"https:\/\/www.sonoraenequipo.com.mx\/detienen-a-hombre-con-armas-de-alto-poder-en-gral-p-e-calles\/#respond\"]}]},{\"@type\":\"WebPage\",\"@id\":\"https:\/\/www.sonoraenequipo.com.mx\/detienen-a-hombre-con-armas-de-alto-poder-en-gral-p-e-calles\/\",\"url\":\"https:\/\/www.sonoraenequipo.com.mx\/detienen-a-hombre-con-armas-de-alto-poder-en-gral-p-e-calles\/\",\"name\":\"Sonora en Equipo. Detienen a hombre con armas de alto poder en Gral. P.E. Calles Polic\u00edaca\",\"isPartOf\":{\"@id\":\"https:\/\/www.sonoraenequipo.com.mx\/#website\"},\"primaryImageOfPage\":{\"@id\":\"https:\/\/www.sonoraenequipo.com.mx\/detienen-a-hombre-con-armas-de-alto-poder-en-gral-p-e-calles\/#primaryimage\"},\"image\":{\"@id\":\"https:\/\/www.sonoraenequipo.com.mx\/detienen-a-hombre-con-armas-de-alto-poder-en-gral-p-e-calles\/#primaryimage\"},\"thumbnailUrl\":\"https:\/\/www.sonoraenequipo.com.mx\/storage\/2024\/12\/armas-sonoyta.jpg\",\"datePublished\":\"2024-12-06T19:38:00+00:00\",\"dateModified\":\"2024-12-07T01:35:05+00:00\",\"description\":\"GENERAL PLUTARCO EL\u00cdAS CALLES, SONORA, MX. \u0336 \u0336\u00a0 En el marco de los trabajos coordinados del Operativo Conjunto entre la Agencia Ministerial de En Sonora en Equipo publicamos toda la informaci\u00f3n de Sonora, M\u00e9xico y el Mundo de manera oportuna y busca que la libertad de expresi\u00f3n sea real. Visita nuestro medio informativo publicado desde Hermosillo, Sonora. %\",\"breadcrumb\":{\"@id\":\"https:\/\/www.sonoraenequipo.com.mx\/detienen-a-hombre-con-armas-de-alto-poder-en-gral-p-e-calles\/#breadcrumb\"},\"inLanguage\":\"es\",\"potentialAction\":[{\"@type\":\"ReadAction\",\"target\":[\"https:\/\/www.sonoraenequipo.com.mx\/detienen-a-hombre-con-armas-de-alto-poder-en-gral-p-e-calles\/\"]}]},{\"@type\":\"ImageObject\",\"inLanguage\":\"es\",\"@id\":\"https:\/\/www.sonoraenequipo.com.mx\/detienen-a-hombre-con-armas-de-alto-poder-en-gral-p-e-calles\/#primaryimage\",\"url\":\"https:\/\/www.sonoraenequipo.com.mx\/storage\/2024\/12\/armas-sonoyta.jpg\",\"contentUrl\":\"https:\/\/www.sonoraenequipo.com.mx\/storage\/2024\/12\/armas-sonoyta.jpg\",\"width\":600,\"height\":450},{\"@type\":\"BreadcrumbList\",\"@id\":\"https:\/\/www.sonoraenequipo.com.mx\/detienen-a-hombre-con-armas-de-alto-poder-en-gral-p-e-calles\/#breadcrumb\",\"itemListElement\":[{\"@type\":\"ListItem\",\"position\":1,\"name\":\"Portada\",\"item\":\"https:\/\/www.sonoraenequipo.com.mx\/\"},{\"@type\":\"ListItem\",\"position\":2,\"name\":\"Detienen a hombre con armas de alto poder en Gral. P.E. Calles\"}]},{\"@type\":\"WebSite\",\"@id\":\"https:\/\/www.sonoraenequipo.com.mx\/#website\",\"url\":\"https:\/\/www.sonoraenequipo.com.mx\/\",\"name\":\"Sonora en Equipo.\",\"description\":\"Diario en l\u00ednea con Noticias desde Hermosillo, Sonora\",\"publisher\":{\"@id\":\"https:\/\/www.sonoraenequipo.com.mx\/#organization\"},\"potentialAction\":[{\"@type\":\"SearchAction\",\"target\":{\"@type\":\"EntryPoint\",\"urlTemplate\":\"https:\/\/www.sonoraenequipo.com.mx\/?s={search_term_string}\"},\"query-input\":{\"@type\":\"PropertyValueSpecification\",\"valueRequired\":true,\"valueName\":\"search_term_string\"}}],\"inLanguage\":\"es\"},{\"@type\":\"Organization\",\"@id\":\"https:\/\/www.sonoraenequipo.com.mx\/#organization\",\"name\":\"Sonoraenequipo.com.mx\",\"url\":\"https:\/\/www.sonoraenequipo.com.mx\/\",\"logo\":{\"@type\":\"ImageObject\",\"inLanguage\":\"es\",\"@id\":\"https:\/\/www.sonoraenequipo.com.mx\/#\/schema\/logo\/image\/\",\"url\":\"https:\/\/www.sonoraenequipo.com.mx\/storage\/2019\/01\/sonoraenequipo_opt.png\",\"contentUrl\":\"https:\/\/www.sonoraenequipo.com.mx\/storage\/2019\/01\/sonoraenequipo_opt.png\",\"width\":375,\"height\":125,\"caption\":\"Sonoraenequipo.com.mx\"},\"image\":{\"@id\":\"https:\/\/www.sonoraenequipo.com.mx\/#\/schema\/logo\/image\/\"},\"sameAs\":[\"https:\/\/www.facebook.com\/SonoraEE\/\",\"https:\/\/x.com\/sonoraenequipo\",\"https:\/\/www.youtube.com\/channel\/UC338nW-lPEYmJQs4ZABQ1SQ\"]},{\"@type\":\"Person\",\"@id\":\"https:\/\/www.sonoraenequipo.com.mx\/#\/schema\/person\/50102df0fb23a8fa9e8effad8fa81386\",\"name\":\"enequipo\",\"image\":{\"@type\":\"ImageObject\",\"inLanguage\":\"es\",\"@id\":\"https:\/\/www.sonoraenequipo.com.mx\/#\/schema\/person\/image\/\",\"url\":\"https:\/\/secure.gravatar.com\/avatar\/049821681b589dabc0bc20695993ccebb09f5b5d4d790cd9251b97faac7c652b?s=96&d=blank&r=g\",\"contentUrl\":\"https:\/\/secure.gravatar.com\/avatar\/049821681b589dabc0bc20695993ccebb09f5b5d4d790cd9251b97faac7c652b?s=96&d=blank&r=g\",\"caption\":\"enequipo\"},\"sameAs\":[\"https:\/\/www.facebook.com\/SonoraEE\"]}]}<\/script>\n ","yoast_head_json":{"title":"Sonora en Equipo. Detienen a hombre con armas de alto poder en Gral. P.E. Calles Polic\u00edaca","description":"GENERAL PLUTARCO EL\u00cdAS CALLES, SONORA, MX. \u0336 \u0336\u00a0 En el marco de los trabajos coordinados del Operativo Conjunto entre la Agencia Ministerial de En Sonora en Equipo publicamos toda la informaci\u00f3n de Sonora, M\u00e9xico y el Mundo de manera oportuna y busca que la libertad de expresi\u00f3n sea real. Visita nuestro medio informativo publicado desde Hermosillo, Sonora. %","robots":{"index":"index","follow":"follow","max-snippet":"max-snippet:-1","max-image-preview":"max-image-preview:large","max-video-preview":"max-video-preview:-1"},"canonical":"https:\/\/www.sonoraenequipo.com.mx\/detienen-a-hombre-con-armas-de-alto-poder-en-gral-p-e-calles\/","og_locale":"es_ES","og_type":"article","og_title":"Sonora en Equipo. Detienen a hombre con armas de alto poder en Gral. P.E. Calles Polic\u00edaca","og_description":"GENERAL PLUTARCO EL\u00cdAS CALLES, SONORA, MX. \u0336 \u0336\u00a0 En el marco de los trabajos coordinados del Operativo Conjunto entre la Agencia Ministerial de En Sonora en Equipo publicamos toda la informaci\u00f3n de Sonora, M\u00e9xico y el Mundo de manera oportuna y busca que la libertad de expresi\u00f3n sea real. Visita nuestro medio informativo publicado desde Hermosillo, Sonora. %","og_url":"https:\/\/www.sonoraenequipo.com.mx\/detienen-a-hombre-con-armas-de-alto-poder-en-gral-p-e-calles\/","og_site_name":"Sonora en Equipo.","article_publisher":"https:\/\/www.facebook.com\/SonoraEE\/","article_author":"https:\/\/www.facebook.com\/SonoraEE","article_published_time":"2024-12-06T19:38:00+00:00","article_modified_time":"2024-12-07T01:35:05+00:00","og_image":[{"width":600,"height":450,"url":"https:\/\/www.sonoraenequipo.com.mx\/storage\/2024\/12\/armas-sonoyta.jpg","type":"image\/jpeg"}],"author":"enequipo","twitter_card":"summary_large_image","twitter_creator":"@sonoraenequipo","twitter_site":"@sonoraenequipo","twitter_misc":{"Escrito por":"enequipo","Tiempo de lectura":"1 minuto"},"schema":{"@context":"https:\/\/schema.org","@graph":[{"@type":"Article","@id":"https:\/\/www.sonoraenequipo.com.mx\/detienen-a-hombre-con-armas-de-alto-poder-en-gral-p-e-calles\/#article","isPartOf":{"@id":"https:\/\/www.sonoraenequipo.com.mx\/detienen-a-hombre-con-armas-de-alto-poder-en-gral-p-e-calles\/"},"author":{"name":"enequipo","@id":"https:\/\/www.sonoraenequipo.com.mx\/#\/schema\/person\/50102df0fb23a8fa9e8effad8fa81386"},"headline":"Detienen a hombre con armas de alto poder en Gral. P.E. Calles","datePublished":"2024-12-06T19:38:00+00:00","dateModified":"2024-12-07T01:35:05+00:00","mainEntityOfPage":{"@id":"https:\/\/www.sonoraenequipo.com.mx\/detienen-a-hombre-con-armas-de-alto-poder-en-gral-p-e-calles\/"},"wordCount":277,"commentCount":0,"publisher":{"@id":"https:\/\/www.sonoraenequipo.com.mx\/#organization"},"image":{"@id":"https:\/\/www.sonoraenequipo.com.mx\/detienen-a-hombre-con-armas-de-alto-poder-en-gral-p-e-calles\/#primaryimage"},"thumbnailUrl":"https:\/\/www.sonoraenequipo.com.mx\/storage\/2024\/12\/armas-sonoyta.jpg","keywords":["Seguridad","Sonora","sonoyta"],"articleSection":["Polic\u00edaca"],"inLanguage":"es","potentialAction":[{"@type":"CommentAction","name":"Comment","target":["https:\/\/www.sonoraenequipo.com.mx\/detienen-a-hombre-con-armas-de-alto-poder-en-gral-p-e-calles\/#respond"]}]},{"@type":"WebPage","@id":"https:\/\/www.sonoraenequipo.com.mx\/detienen-a-hombre-con-armas-de-alto-poder-en-gral-p-e-calles\/","url":"https:\/\/www.sonoraenequipo.com.mx\/detienen-a-hombre-con-armas-de-alto-poder-en-gral-p-e-calles\/","name":"Sonora en Equipo. Detienen a hombre con armas de alto poder en Gral. P.E. Calles Polic\u00edaca","isPartOf":{"@id":"https:\/\/www.sonoraenequipo.com.mx\/#website"},"primaryImageOfPage":{"@id":"https:\/\/www.sonoraenequipo.com.mx\/detienen-a-hombre-con-armas-de-alto-poder-en-gral-p-e-calles\/#primaryimage"},"image":{"@id":"https:\/\/www.sonoraenequipo.com.mx\/detienen-a-hombre-con-armas-de-alto-poder-en-gral-p-e-calles\/#primaryimage"},"thumbnailUrl":"https:\/\/www.sonoraenequipo.com.mx\/storage\/2024\/12\/armas-sonoyta.jpg","datePublished":"2024-12-06T19:38:00+00:00","dateModified":"2024-12-07T01:35:05+00:00","description":"GENERAL PLUTARCO EL\u00cdAS CALLES, SONORA, MX. \u0336 \u0336\u00a0 En el marco de los trabajos coordinados del Operativo Conjunto entre la Agencia Ministerial de En Sonora en Equipo publicamos toda la informaci\u00f3n de Sonora, M\u00e9xico y el Mundo de manera oportuna y busca que la libertad de expresi\u00f3n sea real. Visita nuestro medio informativo publicado desde Hermosillo, Sonora. %","breadcrumb":{"@id":"https:\/\/www.sonoraenequipo.com.mx\/detienen-a-hombre-con-armas-de-alto-poder-en-gral-p-e-calles\/#breadcrumb"},"inLanguage":"es","potentialAction":[{"@type":"ReadAction","target":["https:\/\/www.sonoraenequipo.com.mx\/detienen-a-hombre-con-armas-de-alto-poder-en-gral-p-e-calles\/"]}]},{"@type":"ImageObject","inLanguage":"es","@id":"https:\/\/www.sonoraenequipo.com.mx\/detienen-a-hombre-con-armas-de-alto-poder-en-gral-p-e-calles\/#primaryimage","url":"https:\/\/www.sonoraenequipo.com.mx\/storage\/2024\/12\/armas-sonoyta.jpg","contentUrl":"https:\/\/www.sonoraenequipo.com.mx\/storage\/2024\/12\/armas-sonoyta.jpg","width":600,"height":450},{"@type":"BreadcrumbList","@id":"https:\/\/www.sonoraenequipo.com.mx\/detienen-a-hombre-con-armas-de-alto-poder-en-gral-p-e-calles\/#breadcrumb","itemListElement":[{"@type":"ListItem","position":1,"name":"Portada","item":"https:\/\/www.sonoraenequipo.com.mx\/"},{"@type":"ListItem","position":2,"name":"Detienen a hombre con armas de alto poder en Gral. P.E. Calles"}]},{"@type":"WebSite","@id":"https:\/\/www.sonoraenequipo.com.mx\/#website","url":"https:\/\/www.sonoraenequipo.com.mx\/","name":"Sonora en Equipo.","description":"Diario en l\u00ednea con Noticias desde Hermosillo, Sonora","publisher":{"@id":"https:\/\/www.sonoraenequipo.com.mx\/#organization"},"potentialAction":[{"@type":"SearchAction","target":{"@type":"EntryPoint","urlTemplate":"https:\/\/www.sonoraenequipo.com.mx\/?s={search_term_string}"},"query-input":{"@type":"PropertyValueSpecification","valueRequired":true,"valueName":"search_term_string"}}],"inLanguage":"es"},{"@type":"Organization","@id":"https:\/\/www.sonoraenequipo.com.mx\/#organization","name":"Sonoraenequipo.com.mx","url":"https:\/\/www.sonoraenequipo.com.mx\/","logo":{"@type":"ImageObject","inLanguage":"es","@id":"https:\/\/www.sonoraenequipo.com.mx\/#\/schema\/logo\/image\/","url":"https:\/\/www.sonoraenequipo.com.mx\/storage\/2019\/01\/sonoraenequipo_opt.png","contentUrl":"https:\/\/www.sonoraenequipo.com.mx\/storage\/2019\/01\/sonoraenequipo_opt.png","width":375,"height":125,"caption":"Sonoraenequipo.com.mx"},"image":{"@id":"https:\/\/www.sonoraenequipo.com.mx\/#\/schema\/logo\/image\/"},"sameAs":["https:\/\/www.facebook.com\/SonoraEE\/","https:\/\/x.com\/sonoraenequipo","https:\/\/www.youtube.com\/channel\/UC338nW-lPEYmJQs4ZABQ1SQ"]},{"@type":"Person","@id":"https:\/\/www.sonoraenequipo.com.mx\/#\/schema\/person\/50102df0fb23a8fa9e8effad8fa81386","name":"enequipo","image":{"@type":"ImageObject","inLanguage":"es","@id":"https:\/\/www.sonoraenequipo.com.mx\/#\/schema\/person\/image\/","url":"https:\/\/secure.gravatar.com\/avatar\/049821681b589dabc0bc20695993ccebb09f5b5d4d790cd9251b97faac7c652b?s=96&d=blank&r=g","contentUrl":"https:\/\/secure.gravatar.com\/avatar\/049821681b589dabc0bc20695993ccebb09f5b5d4d790cd9251b97faac7c652b?s=96&d=blank&r=g","caption":"enequipo"},"sameAs":["https:\/\/www.facebook.com\/SonoraEE"]}]}},"jetpack_featured_media_url":"https:\/\/www.sonoraenequipo.com.mx\/storage\/2024\/12\/armas-sonoyta.jpg","_links":{"self":[{"href":"https:\/\/www.sonoraenequipo.com.mx\/api\/wp\/v2\/posts\/205728","targetHints":{"allow":["GET"]}}],"collection":[{"href":"https:\/\/www.sonoraenequipo.com.mx\/api\/wp\/v2\/posts"}],"about":[{"href":"https:\/\/www.sonoraenequipo.com.mx\/api\/wp\/v2\/types\/post"}],"author":[{"embeddable":true,"href":"https:\/\/www.sonoraenequipo.com.mx\/api\/wp\/v2\/users\/1"}],"replies":[{"embeddable":true,"href":"https:\/\/www.sonoraenequipo.com.mx\/api\/wp\/v2\/comments?post=205728"}],"version-history":[{"count":2,"href":"https:\/\/www.sonoraenequipo.com.mx\/api\/wp\/v2\/posts\/205728\/revisions"}],"predecessor-version":[{"id":205750,"href":"https:\/\/www.sonoraenequipo.com.mx\/api\/wp\/v2\/posts\/205728\/revisions\/205750"}],"wp:featuredmedia":[{"embeddable":true,"href":"https:\/\/www.sonoraenequipo.com.mx\/api\/wp\/v2\/media\/205729"}],"wp:attachment":[{"href":"https:\/\/www.sonoraenequipo.com.mx\/api\/wp\/v2\/media?parent=205728"}],"wp:term":[{"taxonomy":"category","embeddable":true,"href":"https:\/\/www.sonoraenequipo.com.mx\/api\/wp\/v2\/categories?post=205728"},{"taxonomy":"post_tag","embeddable":true,"href":"https:\/\/www.sonoraenequipo.com.mx\/api\/wp\/v2\/tags?post=205728"}],"curies":[{"name":"wp","href":"https:\/\/api.w.org\/{rel}","templated":true}]}}