{"id":205734,"date":"2024-12-06T15:07:23","date_gmt":"2024-12-06T22:07:23","guid":{"rendered":"https:\/\/www.sonoraenequipo.com.mx\/?p=205734"},"modified":"2024-12-06T15:07:23","modified_gmt":"2024-12-06T22:07:23","slug":"el-congreso-de-sonora-socializa-reforma-al-poder-judicial-del-estado","status":"publish","type":"post","link":"https:\/\/www.sonoraenequipo.com.mx\/el-congreso-de-sonora-socializa-reforma-al-poder-judicial-del-estado\/","title":{"rendered":"El Congreso de Sonora socializa reforma al Poder Judicial del Estado"},"content":{"rendered":"<p><strong>HERMOSILLO, SONORA, MX.<\/strong> \u2014 Para socializar la iniciativa de reforma constitucional del Poder Judicial del Estado, propuesta por el Ejecutivo estatal, el Congreso de Sonora, a trav\u00e9s de la Comisi\u00f3n de Gobernaci\u00f3n y Puntos Constitucionales, realiz\u00f3 ejercicios de Parlamento Abierto de manera simult\u00e1nea en los municipios de Hermosillo, Nogales y Cajeme.<\/p>\n<p>&nbsp;<\/p>\n<p>&nbsp;<\/p>\n<p>&nbsp;<\/p>\n<p>La iniciativa con proyecto de ley que reforma, deroga y adiciona diversas disposiciones a la Constituci\u00f3n local, tiene como fin establecer la elecci\u00f3n directa de personas juzgadoras en el \u00e1mbito estatal mediante voto popular de la ciudadan\u00eda, con el objetivo de asegurar la democratizaci\u00f3n de las instituciones encargadas de impartir justicia.<\/p>\n<p>&nbsp;<\/p>\n<p>&nbsp;<\/p>\n<p>&nbsp;<\/p>\n<p>Adem\u00e1s, crea el \u00d3rgano de Administraci\u00f3n Judicial, el cual tendr\u00e1 facultades para definir el n\u00famero y la especializaci\u00f3n de juzgados; la formaci\u00f3n, promoci\u00f3n y evaluaci\u00f3n del desempe\u00f1o del personal judicial; iniciar investigaciones y conocer de oficio o por denuncia hechos relacionados con faltas graves o delitos, as\u00ed como sancionarlos.<\/p>\n<p>&nbsp;<\/p>\n<p>&nbsp;<\/p>\n<p>&nbsp;<\/p>\n<p>Durante el proceso de socializaci\u00f3n, representantes de los tres \u00f3rdenes de gobierno, colegios y barras de abogados, litigantes y ciudadan\u00eda en general expusieron opiniones, observaciones y sugerencias para enriquecer la iniciativa de reforma.<\/p>\n<p>&nbsp;<\/p>\n<p>&nbsp;<\/p>\n<p>&nbsp;<\/p>\n<p>Las personas participantes destacaron la importancia de que la reforma no solo fortalezca el marco legal del Poder Judicial, sino que tambi\u00e9n instaure una cultura de transparencia, rendici\u00f3n de cuentas y confianza en los procesos judiciales.<\/p>\n<p>&nbsp;<\/p>\n<p>&nbsp;<\/p>\n<p>&nbsp;<\/p>\n<p>En Hermosillo estuvieron presentes las y los diputados Paloma Ter\u00e1n Villalobos (PES), Omar del Valle Colosio (PVEM) y David Figueroa Ortega (PVEM), acompa\u00f1ados por Bernardeth Ruiz Romero, subsecretaria de Desarrollo Pol\u00edtico de la Secretar\u00eda de Gobierno.<\/p>\n<p>&nbsp;<\/p>\n<p>&nbsp;<\/p>\n<p>&nbsp;<\/p>\n<p>Por otro lado, en Ciudad Obreg\u00f3n presidieron el parlamento las diputadas Ernestina Castro Valenzuela (Morena), Rebeca Silva Gallardo (NAS), as\u00ed como los diputados H\u00e9ctor Castelo Monta\u00f1o (Morena) y Emeterio Ochoa Baz\u00faa (PRI), junto a Adriel C\u00f3rdova Pimentel, secretario de la Consejer\u00eda Jur\u00eddica.<\/p>\n<p>&nbsp;<\/p>\n<p>&nbsp;<\/p>\n<p>&nbsp;<\/p>\n<p>Mientras que en Nogales encabezaron los trabajos Julio C\u00e9sar Navarro Contreras (Morena), presidente de la Comisi\u00f3n de Gobernaci\u00f3n y Puntos Constitucionales, y Azalia Guevara Espinoza (PVEM), junto a Jes\u00fas Ad\u00e1n Castillo Mor\u00e1n, subsecretario de Proyectos Legislativos, Estudios Normativos y Derechos Humanos de la Secretar\u00eda de la Consejer\u00eda Jur\u00eddica.<\/p>\n<p>&nbsp;<\/p>\n<p>&nbsp;<\/p>\n<p>&nbsp;<\/p>\n<p>Participaron en los foros representantes del Gobierno de Sonora, instituciones acad\u00e9micas, el Colegio de Abogados, la Barra Sonorense de Abogados, la Federaci\u00f3n de Abogados, notarios y sociedad civil.<\/p>\n<p><strong>Fecha de publicaci\u00f3n viernes 6\u00a0 de diciembre de 2024 \/<\/strong><\/p>\n","protected":false},"excerpt":{"rendered":"<p>HERMOSILLO, SONORA, MX. \u2014 Para socializar la iniciativa de reforma constitucional del Poder Judicial del&#8230;<\/p>\n","protected":false},"author":1,"featured_media":205737,"comment_status":"open","ping_status":"open","sticky":false,"template":"","format":"standard","meta":{"_monsterinsights_skip_tracking":false,"_monsterinsights_sitenote_active":false,"_monsterinsights_sitenote_note":"","_monsterinsights_sitenote_category":0,"footnotes":""},"categories":[3281],"tags":[10592,8431,3589,3061],"class_list":["post"],"yoast_head":" \n<title>Sonora en Equipo. El Congreso de Sonora socializa reforma al Poder Judicial del Estado Congreso<\/title>\n<meta name=\"description\" content=\"HERMOSILLO, SONORA, MX. \u2014 Para socializar la iniciativa de reforma constitucional del Poder Judicial del Estado, propuesta por el Ejecutivo estatal, el En Sonora en Equipo publicamos toda la informaci\u00f3n de Sonora, M\u00e9xico y el Mundo de manera oportuna y busca que la libertad de expresi\u00f3n sea real. Visita nuestro medio informativo publicado desde Hermosillo, Sonora. %\" \/>\n<meta name=\"robots\" content=\"index, follow, max-snippet:-1, max-image-preview:large, max-video-preview:-1\" \/>\n<link rel=\"canonical\" href=\"https:\/\/www.sonoraenequipo.com.mx\/el-congreso-de-sonora-socializa-reforma-al-poder-judicial-del-estado\/\" \/>\n<meta property=\"og:locale\" content=\"es_ES\" \/>\n<meta property=\"og:type\" content=\"article\" \/>\n<meta property=\"og:title\" content=\"Sonora en Equipo. El Congreso de Sonora socializa reforma al Poder Judicial del Estado Congreso\" \/>\n<meta property=\"og:description\" content=\"HERMOSILLO, SONORA, MX. \u2014 Para socializar la iniciativa de reforma constitucional del Poder Judicial del Estado, propuesta por el Ejecutivo estatal, el En Sonora en Equipo publicamos toda la informaci\u00f3n de Sonora, M\u00e9xico y el Mundo de manera oportuna y busca que la libertad de expresi\u00f3n sea real. Visita nuestro medio informativo publicado desde Hermosillo, Sonora. %\" \/>\n<meta property=\"og:url\" content=\"https:\/\/www.sonoraenequipo.com.mx\/el-congreso-de-sonora-socializa-reforma-al-poder-judicial-del-estado\/\" \/>\n<meta property=\"og:site_name\" content=\"Sonora en Equipo.\" \/>\n<meta property=\"article:publisher\" content=\"https:\/\/www.facebook.com\/SonoraEE\/\" \/>\n<meta property=\"article:author\" content=\"https:\/\/www.facebook.com\/SonoraEE\" \/>\n<meta property=\"article:published_time\" content=\"2024-12-06T22:07:23+00:00\" \/>\n<meta property=\"og:image\" content=\"https:\/\/www.sonoraenequipo.com.mx\/storage\/2024\/12\/parlamento-abierto.jpg\" \/>\n\t<meta property=\"og:image:width\" content=\"600\" \/>\n\t<meta property=\"og:image:height\" content=\"338\" \/>\n\t<meta property=\"og:image:type\" content=\"image\/jpeg\" \/>\n<meta name=\"author\" content=\"enequipo\" \/>\n<meta name=\"twitter:card\" content=\"summary_large_image\" \/>\n<meta name=\"twitter:creator\" content=\"@sonoraenequipo\" \/>\n<meta name=\"twitter:site\" content=\"@sonoraenequipo\" \/>\n<meta name=\"twitter:label1\" content=\"Escrito por\" \/>\n\t<meta name=\"twitter:data1\" content=\"enequipo\" \/>\n\t<meta name=\"twitter:label2\" content=\"Tiempo de lectura\" \/>\n\t<meta name=\"twitter:data2\" content=\"2 minutos\" \/>\n<script type=\"application\/ld+json\" class=\"yoast-schema-graph\">{\"@context\":\"https:\/\/schema.org\",\"@graph\":[{\"@type\":\"Article\",\"@id\":\"https:\/\/www.sonoraenequipo.com.mx\/el-congreso-de-sonora-socializa-reforma-al-poder-judicial-del-estado\/#article\",\"isPartOf\":{\"@id\":\"https:\/\/www.sonoraenequipo.com.mx\/el-congreso-de-sonora-socializa-reforma-al-poder-judicial-del-estado\/\"},\"author\":{\"name\":\"enequipo\",\"@id\":\"https:\/\/www.sonoraenequipo.com.mx\/#\/schema\/person\/50102df0fb23a8fa9e8effad8fa81386\"},\"headline\":\"El Congreso de Sonora socializa reforma al Poder Judicial del Estado\",\"datePublished\":\"2024-12-06T22:07:23+00:00\",\"mainEntityOfPage\":{\"@id\":\"https:\/\/www.sonoraenequipo.com.mx\/el-congreso-de-sonora-socializa-reforma-al-poder-judicial-del-estado\/\"},\"wordCount\":458,\"commentCount\":0,\"publisher\":{\"@id\":\"https:\/\/www.sonoraenequipo.com.mx\/#organization\"},\"image\":{\"@id\":\"https:\/\/www.sonoraenequipo.com.mx\/el-congreso-de-sonora-socializa-reforma-al-poder-judicial-del-estado\/#primaryimage\"},\"thumbnailUrl\":\"https:\/\/www.sonoraenequipo.com.mx\/storage\/2024\/12\/parlamento-abierto.jpg\",\"keywords\":[\"deSonora\",\"judicial\",\"poder\",\"reforma\"],\"articleSection\":[\"Congreso\"],\"inLanguage\":\"es\",\"potentialAction\":[{\"@type\":\"CommentAction\",\"name\":\"Comment\",\"target\":[\"https:\/\/www.sonoraenequipo.com.mx\/el-congreso-de-sonora-socializa-reforma-al-poder-judicial-del-estado\/#respond\"]}]},{\"@type\":\"WebPage\",\"@id\":\"https:\/\/www.sonoraenequipo.com.mx\/el-congreso-de-sonora-socializa-reforma-al-poder-judicial-del-estado\/\",\"url\":\"https:\/\/www.sonoraenequipo.com.mx\/el-congreso-de-sonora-socializa-reforma-al-poder-judicial-del-estado\/\",\"name\":\"Sonora en Equipo. El Congreso de Sonora socializa reforma al Poder Judicial del Estado Congreso\",\"isPartOf\":{\"@id\":\"https:\/\/www.sonoraenequipo.com.mx\/#website\"},\"primaryImageOfPage\":{\"@id\":\"https:\/\/www.sonoraenequipo.com.mx\/el-congreso-de-sonora-socializa-reforma-al-poder-judicial-del-estado\/#primaryimage\"},\"image\":{\"@id\":\"https:\/\/www.sonoraenequipo.com.mx\/el-congreso-de-sonora-socializa-reforma-al-poder-judicial-del-estado\/#primaryimage\"},\"thumbnailUrl\":\"https:\/\/www.sonoraenequipo.com.mx\/storage\/2024\/12\/parlamento-abierto.jpg\",\"datePublished\":\"2024-12-06T22:07:23+00:00\",\"description\":\"HERMOSILLO, SONORA, MX. \u2014 Para socializar la iniciativa de reforma constitucional del Poder Judicial del Estado, propuesta por el Ejecutivo estatal, el En Sonora en Equipo publicamos toda la informaci\u00f3n de Sonora, M\u00e9xico y el Mundo de manera oportuna y busca que la libertad de expresi\u00f3n sea real. Visita nuestro medio informativo publicado desde Hermosillo, Sonora. %\",\"breadcrumb\":{\"@id\":\"https:\/\/www.sonoraenequipo.com.mx\/el-congreso-de-sonora-socializa-reforma-al-poder-judicial-del-estado\/#breadcrumb\"},\"inLanguage\":\"es\",\"potentialAction\":[{\"@type\":\"ReadAction\",\"target\":[\"https:\/\/www.sonoraenequipo.com.mx\/el-congreso-de-sonora-socializa-reforma-al-poder-judicial-del-estado\/\"]}]},{\"@type\":\"ImageObject\",\"inLanguage\":\"es\",\"@id\":\"https:\/\/www.sonoraenequipo.com.mx\/el-congreso-de-sonora-socializa-reforma-al-poder-judicial-del-estado\/#primaryimage\",\"url\":\"https:\/\/www.sonoraenequipo.com.mx\/storage\/2024\/12\/parlamento-abierto.jpg\",\"contentUrl\":\"https:\/\/www.sonoraenequipo.com.mx\/storage\/2024\/12\/parlamento-abierto.jpg\",\"width\":600,\"height\":338,\"caption\":\"Foro abierto en Hermosillo.\"},{\"@type\":\"BreadcrumbList\",\"@id\":\"https:\/\/www.sonoraenequipo.com.mx\/el-congreso-de-sonora-socializa-reforma-al-poder-judicial-del-estado\/#breadcrumb\",\"itemListElement\":[{\"@type\":\"ListItem\",\"position\":1,\"name\":\"Portada\",\"item\":\"https:\/\/www.sonoraenequipo.com.mx\/\"},{\"@type\":\"ListItem\",\"position\":2,\"name\":\"El Congreso de Sonora socializa reforma al Poder Judicial del Estado\"}]},{\"@type\":\"WebSite\",\"@id\":\"https:\/\/www.sonoraenequipo.com.mx\/#website\",\"url\":\"https:\/\/www.sonoraenequipo.com.mx\/\",\"name\":\"Sonora en Equipo.\",\"description\":\"Diario en l\u00ednea con Noticias desde Hermosillo, Sonora\",\"publisher\":{\"@id\":\"https:\/\/www.sonoraenequipo.com.mx\/#organization\"},\"potentialAction\":[{\"@type\":\"SearchAction\",\"target\":{\"@type\":\"EntryPoint\",\"urlTemplate\":\"https:\/\/www.sonoraenequipo.com.mx\/?s={search_term_string}\"},\"query-input\":{\"@type\":\"PropertyValueSpecification\",\"valueRequired\":true,\"valueName\":\"search_term_string\"}}],\"inLanguage\":\"es\"},{\"@type\":\"Organization\",\"@id\":\"https:\/\/www.sonoraenequipo.com.mx\/#organization\",\"name\":\"Sonoraenequipo.com.mx\",\"url\":\"https:\/\/www.sonoraenequipo.com.mx\/\",\"logo\":{\"@type\":\"ImageObject\",\"inLanguage\":\"es\",\"@id\":\"https:\/\/www.sonoraenequipo.com.mx\/#\/schema\/logo\/image\/\",\"url\":\"https:\/\/www.sonoraenequipo.com.mx\/storage\/2019\/01\/sonoraenequipo_opt.png\",\"contentUrl\":\"https:\/\/www.sonoraenequipo.com.mx\/storage\/2019\/01\/sonoraenequipo_opt.png\",\"width\":375,\"height\":125,\"caption\":\"Sonoraenequipo.com.mx\"},\"image\":{\"@id\":\"https:\/\/www.sonoraenequipo.com.mx\/#\/schema\/logo\/image\/\"},\"sameAs\":[\"https:\/\/www.facebook.com\/SonoraEE\/\",\"https:\/\/x.com\/sonoraenequipo\",\"https:\/\/www.youtube.com\/channel\/UC338nW-lPEYmJQs4ZABQ1SQ\"]},{\"@type\":\"Person\",\"@id\":\"https:\/\/www.sonoraenequipo.com.mx\/#\/schema\/person\/50102df0fb23a8fa9e8effad8fa81386\",\"name\":\"enequipo\",\"image\":{\"@type\":\"ImageObject\",\"inLanguage\":\"es\",\"@id\":\"https:\/\/www.sonoraenequipo.com.mx\/#\/schema\/person\/image\/\",\"url\":\"https:\/\/secure.gravatar.com\/avatar\/049821681b589dabc0bc20695993ccebb09f5b5d4d790cd9251b97faac7c652b?s=96&d=blank&r=g\",\"contentUrl\":\"https:\/\/secure.gravatar.com\/avatar\/049821681b589dabc0bc20695993ccebb09f5b5d4d790cd9251b97faac7c652b?s=96&d=blank&r=g\",\"caption\":\"enequipo\"},\"sameAs\":[\"https:\/\/www.facebook.com\/SonoraEE\"]}]}<\/script>\n ","yoast_head_json":{"title":"Sonora en Equipo. El Congreso de Sonora socializa reforma al Poder Judicial del Estado Congreso","description":"HERMOSILLO, SONORA, MX. \u2014 Para socializar la iniciativa de reforma constitucional del Poder Judicial del Estado, propuesta por el Ejecutivo estatal, el En Sonora en Equipo publicamos toda la informaci\u00f3n de Sonora, M\u00e9xico y el Mundo de manera oportuna y busca que la libertad de expresi\u00f3n sea real. Visita nuestro medio informativo publicado desde Hermosillo, Sonora. %","robots":{"index":"index","follow":"follow","max-snippet":"max-snippet:-1","max-image-preview":"max-image-preview:large","max-video-preview":"max-video-preview:-1"},"canonical":"https:\/\/www.sonoraenequipo.com.mx\/el-congreso-de-sonora-socializa-reforma-al-poder-judicial-del-estado\/","og_locale":"es_ES","og_type":"article","og_title":"Sonora en Equipo. El Congreso de Sonora socializa reforma al Poder Judicial del Estado Congreso","og_description":"HERMOSILLO, SONORA, MX. \u2014 Para socializar la iniciativa de reforma constitucional del Poder Judicial del Estado, propuesta por el Ejecutivo estatal, el En Sonora en Equipo publicamos toda la informaci\u00f3n de Sonora, M\u00e9xico y el Mundo de manera oportuna y busca que la libertad de expresi\u00f3n sea real. Visita nuestro medio informativo publicado desde Hermosillo, Sonora. %","og_url":"https:\/\/www.sonoraenequipo.com.mx\/el-congreso-de-sonora-socializa-reforma-al-poder-judicial-del-estado\/","og_site_name":"Sonora en Equipo.","article_publisher":"https:\/\/www.facebook.com\/SonoraEE\/","article_author":"https:\/\/www.facebook.com\/SonoraEE","article_published_time":"2024-12-06T22:07:23+00:00","og_image":[{"width":600,"height":338,"url":"https:\/\/www.sonoraenequipo.com.mx\/storage\/2024\/12\/parlamento-abierto.jpg","type":"image\/jpeg"}],"author":"enequipo","twitter_card":"summary_large_image","twitter_creator":"@sonoraenequipo","twitter_site":"@sonoraenequipo","twitter_misc":{"Escrito por":"enequipo","Tiempo de lectura":"2 minutos"},"schema":{"@context":"https:\/\/schema.org","@graph":[{"@type":"Article","@id":"https:\/\/www.sonoraenequipo.com.mx\/el-congreso-de-sonora-socializa-reforma-al-poder-judicial-del-estado\/#article","isPartOf":{"@id":"https:\/\/www.sonoraenequipo.com.mx\/el-congreso-de-sonora-socializa-reforma-al-poder-judicial-del-estado\/"},"author":{"name":"enequipo","@id":"https:\/\/www.sonoraenequipo.com.mx\/#\/schema\/person\/50102df0fb23a8fa9e8effad8fa81386"},"headline":"El Congreso de Sonora socializa reforma al Poder Judicial del Estado","datePublished":"2024-12-06T22:07:23+00:00","mainEntityOfPage":{"@id":"https:\/\/www.sonoraenequipo.com.mx\/el-congreso-de-sonora-socializa-reforma-al-poder-judicial-del-estado\/"},"wordCount":458,"commentCount":0,"publisher":{"@id":"https:\/\/www.sonoraenequipo.com.mx\/#organization"},"image":{"@id":"https:\/\/www.sonoraenequipo.com.mx\/el-congreso-de-sonora-socializa-reforma-al-poder-judicial-del-estado\/#primaryimage"},"thumbnailUrl":"https:\/\/www.sonoraenequipo.com.mx\/storage\/2024\/12\/parlamento-abierto.jpg","keywords":["deSonora","judicial","poder","reforma"],"articleSection":["Congreso"],"inLanguage":"es","potentialAction":[{"@type":"CommentAction","name":"Comment","target":["https:\/\/www.sonoraenequipo.com.mx\/el-congreso-de-sonora-socializa-reforma-al-poder-judicial-del-estado\/#respond"]}]},{"@type":"WebPage","@id":"https:\/\/www.sonoraenequipo.com.mx\/el-congreso-de-sonora-socializa-reforma-al-poder-judicial-del-estado\/","url":"https:\/\/www.sonoraenequipo.com.mx\/el-congreso-de-sonora-socializa-reforma-al-poder-judicial-del-estado\/","name":"Sonora en Equipo. El Congreso de Sonora socializa reforma al Poder Judicial del Estado Congreso","isPartOf":{"@id":"https:\/\/www.sonoraenequipo.com.mx\/#website"},"primaryImageOfPage":{"@id":"https:\/\/www.sonoraenequipo.com.mx\/el-congreso-de-sonora-socializa-reforma-al-poder-judicial-del-estado\/#primaryimage"},"image":{"@id":"https:\/\/www.sonoraenequipo.com.mx\/el-congreso-de-sonora-socializa-reforma-al-poder-judicial-del-estado\/#primaryimage"},"thumbnailUrl":"https:\/\/www.sonoraenequipo.com.mx\/storage\/2024\/12\/parlamento-abierto.jpg","datePublished":"2024-12-06T22:07:23+00:00","description":"HERMOSILLO, SONORA, MX. \u2014 Para socializar la iniciativa de reforma constitucional del Poder Judicial del Estado, propuesta por el Ejecutivo estatal, el En Sonora en Equipo publicamos toda la informaci\u00f3n de Sonora, M\u00e9xico y el Mundo de manera oportuna y busca que la libertad de expresi\u00f3n sea real. Visita nuestro medio informativo publicado desde Hermosillo, Sonora. %","breadcrumb":{"@id":"https:\/\/www.sonoraenequipo.com.mx\/el-congreso-de-sonora-socializa-reforma-al-poder-judicial-del-estado\/#breadcrumb"},"inLanguage":"es","potentialAction":[{"@type":"ReadAction","target":["https:\/\/www.sonoraenequipo.com.mx\/el-congreso-de-sonora-socializa-reforma-al-poder-judicial-del-estado\/"]}]},{"@type":"ImageObject","inLanguage":"es","@id":"https:\/\/www.sonoraenequipo.com.mx\/el-congreso-de-sonora-socializa-reforma-al-poder-judicial-del-estado\/#primaryimage","url":"https:\/\/www.sonoraenequipo.com.mx\/storage\/2024\/12\/parlamento-abierto.jpg","contentUrl":"https:\/\/www.sonoraenequipo.com.mx\/storage\/2024\/12\/parlamento-abierto.jpg","width":600,"height":338,"caption":"Foro abierto en Hermosillo."},{"@type":"BreadcrumbList","@id":"https:\/\/www.sonoraenequipo.com.mx\/el-congreso-de-sonora-socializa-reforma-al-poder-judicial-del-estado\/#breadcrumb","itemListElement":[{"@type":"ListItem","position":1,"name":"Portada","item":"https:\/\/www.sonoraenequipo.com.mx\/"},{"@type":"ListItem","position":2,"name":"El Congreso de Sonora socializa reforma al Poder Judicial del Estado"}]},{"@type":"WebSite","@id":"https:\/\/www.sonoraenequipo.com.mx\/#website","url":"https:\/\/www.sonoraenequipo.com.mx\/","name":"Sonora en Equipo.","description":"Diario en l\u00ednea con Noticias desde Hermosillo, Sonora","publisher":{"@id":"https:\/\/www.sonoraenequipo.com.mx\/#organization"},"potentialAction":[{"@type":"SearchAction","target":{"@type":"EntryPoint","urlTemplate":"https:\/\/www.sonoraenequipo.com.mx\/?s={search_term_string}"},"query-input":{"@type":"PropertyValueSpecification","valueRequired":true,"valueName":"search_term_string"}}],"inLanguage":"es"},{"@type":"Organization","@id":"https:\/\/www.sonoraenequipo.com.mx\/#organization","name":"Sonoraenequipo.com.mx","url":"https:\/\/www.sonoraenequipo.com.mx\/","logo":{"@type":"ImageObject","inLanguage":"es","@id":"https:\/\/www.sonoraenequipo.com.mx\/#\/schema\/logo\/image\/","url":"https:\/\/www.sonoraenequipo.com.mx\/storage\/2019\/01\/sonoraenequipo_opt.png","contentUrl":"https:\/\/www.sonoraenequipo.com.mx\/storage\/2019\/01\/sonoraenequipo_opt.png","width":375,"height":125,"caption":"Sonoraenequipo.com.mx"},"image":{"@id":"https:\/\/www.sonoraenequipo.com.mx\/#\/schema\/logo\/image\/"},"sameAs":["https:\/\/www.facebook.com\/SonoraEE\/","https:\/\/x.com\/sonoraenequipo","https:\/\/www.youtube.com\/channel\/UC338nW-lPEYmJQs4ZABQ1SQ"]},{"@type":"Person","@id":"https:\/\/www.sonoraenequipo.com.mx\/#\/schema\/person\/50102df0fb23a8fa9e8effad8fa81386","name":"enequipo","image":{"@type":"ImageObject","inLanguage":"es","@id":"https:\/\/www.sonoraenequipo.com.mx\/#\/schema\/person\/image\/","url":"https:\/\/secure.gravatar.com\/avatar\/049821681b589dabc0bc20695993ccebb09f5b5d4d790cd9251b97faac7c652b?s=96&d=blank&r=g","contentUrl":"https:\/\/secure.gravatar.com\/avatar\/049821681b589dabc0bc20695993ccebb09f5b5d4d790cd9251b97faac7c652b?s=96&d=blank&r=g","caption":"enequipo"},"sameAs":["https:\/\/www.facebook.com\/SonoraEE"]}]}},"jetpack_featured_media_url":"https:\/\/www.sonoraenequipo.com.mx\/storage\/2024\/12\/parlamento-abierto.jpg","_links":{"self":[{"href":"https:\/\/www.sonoraenequipo.com.mx\/api\/wp\/v2\/posts\/205734","targetHints":{"allow":["GET"]}}],"collection":[{"href":"https:\/\/www.sonoraenequipo.com.mx\/api\/wp\/v2\/posts"}],"about":[{"href":"https:\/\/www.sonoraenequipo.com.mx\/api\/wp\/v2\/types\/post"}],"author":[{"embeddable":true,"href":"https:\/\/www.sonoraenequipo.com.mx\/api\/wp\/v2\/users\/1"}],"replies":[{"embeddable":true,"href":"https:\/\/www.sonoraenequipo.com.mx\/api\/wp\/v2\/comments?post=205734"}],"version-history":[{"count":1,"href":"https:\/\/www.sonoraenequipo.com.mx\/api\/wp\/v2\/posts\/205734\/revisions"}],"predecessor-version":[{"id":205738,"href":"https:\/\/www.sonoraenequipo.com.mx\/api\/wp\/v2\/posts\/205734\/revisions\/205738"}],"wp:featuredmedia":[{"embeddable":true,"href":"https:\/\/www.sonoraenequipo.com.mx\/api\/wp\/v2\/media\/205737"}],"wp:attachment":[{"href":"https:\/\/www.sonoraenequipo.com.mx\/api\/wp\/v2\/media?parent=205734"}],"wp:term":[{"taxonomy":"category","embeddable":true,"href":"https:\/\/www.sonoraenequipo.com.mx\/api\/wp\/v2\/categories?post=205734"},{"taxonomy":"post_tag","embeddable":true,"href":"https:\/\/www.sonoraenequipo.com.mx\/api\/wp\/v2\/tags?post=205734"}],"curies":[{"name":"wp","href":"https:\/\/api.w.org\/{rel}","templated":true}]}}