{"id":205767,"date":"2024-12-06T11:32:30","date_gmt":"2024-12-06T18:32:30","guid":{"rendered":"https:\/\/www.sonoraenequipo.com.mx\/?p=205767"},"modified":"2024-12-06T23:02:33","modified_gmt":"2024-12-07T06:02:33","slug":"crenshaw-reconoce-acciones-de-sheinbaum-y-garcia-harfuch-contra-el-fentanilo","status":"publish","type":"post","link":"https:\/\/www.sonoraenequipo.com.mx\/crenshaw-reconoce-acciones-de-sheinbaum-y-garcia-harfuch-contra-el-fentanilo\/","title":{"rendered":"Crenshaw reconoce acciones de Sheinbaum y Garc\u00eda Harfuch contra el fentanilo"},"content":{"rendered":"<p><strong>CIUDAD DE M\u00c9XICO. MX. \u2014<\/strong> El congresista estadounidense Dan Crenshaw, quien anteriormente hab\u00eda criticado al gobierno del ex presidente Andr\u00e9s Manuel L\u00f3pez Obrador, expres\u00f3 su reconocimiento a la administraci\u00f3n de la presidenta Claudia Sheinbaum Pardo por sus \u00abacciones muy audaces\u00bb en los primeros dos meses de su gobierno. A trav\u00e9s de su cuenta en X (antes Twitter), Crenshaw destac\u00f3 la estrategia de seguridad implementada desde que Sheinbaum asumi\u00f3 el cargo el 1 de octubre de 2024.<\/p>\n<p>&nbsp;<\/p>\n<p>&nbsp;<\/p>\n<p> <\/p>\n<p>El comentario se produjo despu\u00e9s de que la Secretar\u00eda de Seguridad y Protecci\u00f3n Ciudadana (SSPC) anunciara el 3 de diciembre el hist\u00f3rico decomiso de m\u00e1s de una tonelada de pastillas de fentanilo en Sinaloa, un evento que fue ampliamente cubierto en los medios. Crenshaw subray\u00f3 que dicho decomiso representa una muestra significativa del esfuerzo del gobierno mexicano para frenar el tr\u00e1fico de fentanilo, que es uno de los principales desaf\u00edos en la lucha contra las drogas a nivel mundial.<\/p>\n<p>&nbsp;<\/p>\n<p>&nbsp;<\/p>\n<p>\u201cVale la pena destacar algunas acciones muy audaces que ha tomado M\u00e9xico contra la operaci\u00f3n de fentanilo del C\u00e1rtel de Sinaloa desde que la presidenta Sheinbaum asumi\u00f3 el poder. Y el nuevo secretario de Seguridad, Omar Harfuch, es un ejemplo a seguir. Esto, sumado al regreso de Trump a la Casa Blanca, significa que los c\u00e1rteles finalmente podr\u00edan tener una pelea en sus manos\u00bb, escribi\u00f3 Crenshaw el 5 de diciembre.<\/p>\n<p>&nbsp;<\/p>\n<p>&nbsp;<\/p>\n<p>&nbsp;<\/p>\n<p>El comentario de Crenshaw es relevante dado el contexto de su postura en a\u00f1os anteriores hacia el gobierno mexicano. En marzo de 2023, el republicano de Texas hab\u00eda criticado al entonces presidente L\u00f3pez Obrador por rechazar una iniciativa para autorizar el uso de la fuerza militar de Estados Unidos contra los c\u00e1rteles de narcotr\u00e1fico que operan en M\u00e9xico. Crenshaw, en ese momento, acus\u00f3 al gobierno mexicano de \u00abproteger a los c\u00e1rteles\u00bb y ofreci\u00f3 la ayuda de Estados Unidos para combatirlos.<\/p>\n<p>&nbsp;<\/p>\n<p>&nbsp;<\/p>\n<p>&nbsp;<\/p>\n<p>El decomiso de fentanilo, que tuvo lugar en el municipio de Ahome, Sinaloa, involucr\u00f3 a varias agencias de seguridad mexicanas, incluyendo la Secretar\u00eda de Marina (Semar), la Secretar\u00eda de la Defensa Nacional (SEDENA), la Fiscal\u00eda General de la Rep\u00fablica (FGR), y la Guardia Nacional (GN). Durante la operaci\u00f3n, fueron detenidos dos presuntos l\u00edderes de una c\u00e9lula criminal vinculada al C\u00e1rtel Beltr\u00e1n Leyva y a Fausto Isidro Meza Flores, alias \u2018El Chapo Isidro\u2019.<\/p>\n<p>&nbsp;<\/p>\n<p>&nbsp;<\/p>\n<p>&nbsp;<\/p>\n<p>La SSPC inform\u00f3 que las m\u00e1s de 1,000 kilogramos de fentanilo decomisado equivalen a 20 millones de dosis que no llegar\u00e1n a las calles, afectando significativamente a la delincuencia organizada. Con este decomiso, se estima una afectaci\u00f3n econ\u00f3mica a los c\u00e1rteles de aproximadamente 8 mil millones de pesos (alrededor de 400 millones de d\u00f3lares).<\/p>\n<p>&nbsp;<\/p>\n<p>&nbsp;<\/p>\n<p>&nbsp;<\/p>\n<p>La postura de Crenshaw y el reconocimiento hacia el gobierno de Sheinbaum y su equipo de seguridad reflejan un cambio de tono respecto a las relaciones entre ambos pa\u00edses en temas de seguridad, especialmente en la lucha contra el narcotr\u00e1fico y el fentanilo, un problema de gran impacto en ambos lados de la frontera.<\/p>\n<p>&nbsp;<\/p>\n<p>&nbsp;<\/p>\n<p>&nbsp;<\/p>\n<p>PUBLICADO EL 06 DE DICIEMBRE DE 2024 Con informaci\u00f3n de r Juan Pablo Ojeda)<\/p>\n","protected":false},"excerpt":{"rendered":"<p>CIUDAD DE M\u00c9XICO. MX. \u2014 El congresista estadounidense Dan Crenshaw, quien anteriormente hab\u00eda criticado al&#8230;<\/p>\n","protected":false},"author":1,"featured_media":205770,"comment_status":"open","ping_status":"open","sticky":false,"template":"","format":"standard","meta":{"_monsterinsights_skip_tracking":false,"_monsterinsights_sitenote_active":false,"_monsterinsights_sitenote_note":"","_monsterinsights_sitenote_category":0,"footnotes":""},"categories":[5],"tags":[],"class_list":["post"],"yoast_head":" \n<title>Sonora en Equipo. Crenshaw reconoce acciones de Sheinbaum y Garc\u00eda Harfuch contra el fentanilo Rep\u00fablica<\/title>\n<meta name=\"description\" content=\"CIUDAD DE M\u00c9XICO. MX. \u2014 El congresista estadounidense Dan Crenshaw, quien anteriormente hab\u00eda criticado al gobierno del ex presidente Andr\u00e9s Manuel L\u00f3pez En Sonora en Equipo publicamos toda la informaci\u00f3n de Sonora, M\u00e9xico y el Mundo de manera oportuna y busca que la libertad de expresi\u00f3n sea real. Visita nuestro medio informativo publicado desde Hermosillo, Sonora. %\" \/>\n<meta name=\"robots\" content=\"index, follow, max-snippet:-1, max-image-preview:large, max-video-preview:-1\" \/>\n<link rel=\"canonical\" href=\"https:\/\/www.sonoraenequipo.com.mx\/crenshaw-reconoce-acciones-de-sheinbaum-y-garcia-harfuch-contra-el-fentanilo\/\" \/>\n<meta property=\"og:locale\" content=\"es_ES\" \/>\n<meta property=\"og:type\" content=\"article\" \/>\n<meta property=\"og:title\" content=\"Sonora en Equipo. Crenshaw reconoce acciones de Sheinbaum y Garc\u00eda Harfuch contra el fentanilo Rep\u00fablica\" \/>\n<meta property=\"og:description\" content=\"CIUDAD DE M\u00c9XICO. MX. \u2014 El congresista estadounidense Dan Crenshaw, quien anteriormente hab\u00eda criticado al gobierno del ex presidente Andr\u00e9s Manuel L\u00f3pez En Sonora en Equipo publicamos toda la informaci\u00f3n de Sonora, M\u00e9xico y el Mundo de manera oportuna y busca que la libertad de expresi\u00f3n sea real. Visita nuestro medio informativo publicado desde Hermosillo, Sonora. %\" \/>\n<meta property=\"og:url\" content=\"https:\/\/www.sonoraenequipo.com.mx\/crenshaw-reconoce-acciones-de-sheinbaum-y-garcia-harfuch-contra-el-fentanilo\/\" \/>\n<meta property=\"og:site_name\" content=\"Sonora en Equipo.\" \/>\n<meta property=\"article:publisher\" content=\"https:\/\/www.facebook.com\/SonoraEE\/\" \/>\n<meta property=\"article:author\" content=\"https:\/\/www.facebook.com\/SonoraEE\" \/>\n<meta property=\"article:published_time\" content=\"2024-12-06T18:32:30+00:00\" \/>\n<meta property=\"article:modified_time\" content=\"2024-12-07T06:02:33+00:00\" \/>\n<meta property=\"og:image\" content=\"https:\/\/www.sonoraenequipo.com.mx\/storage\/2024\/12\/daniel-crenshaw-min.jpg\" \/>\n\t<meta property=\"og:image:width\" content=\"1000\" \/>\n\t<meta property=\"og:image:height\" content=\"666\" \/>\n\t<meta property=\"og:image:type\" content=\"image\/jpeg\" \/>\n<meta name=\"author\" content=\"enequipo\" \/>\n<meta name=\"twitter:card\" content=\"summary_large_image\" \/>\n<meta name=\"twitter:creator\" content=\"@sonoraenequipo\" \/>\n<meta name=\"twitter:site\" content=\"@sonoraenequipo\" \/>\n<meta name=\"twitter:label1\" content=\"Escrito por\" \/>\n\t<meta name=\"twitter:data1\" content=\"enequipo\" \/>\n\t<meta name=\"twitter:label2\" content=\"Tiempo de lectura\" \/>\n\t<meta name=\"twitter:data2\" content=\"3 minutos\" \/>\n<script type=\"application\/ld+json\" class=\"yoast-schema-graph\">{\"@context\":\"https:\/\/schema.org\",\"@graph\":[{\"@type\":\"Article\",\"@id\":\"https:\/\/www.sonoraenequipo.com.mx\/crenshaw-reconoce-acciones-de-sheinbaum-y-garcia-harfuch-contra-el-fentanilo\/#article\",\"isPartOf\":{\"@id\":\"https:\/\/www.sonoraenequipo.com.mx\/crenshaw-reconoce-acciones-de-sheinbaum-y-garcia-harfuch-contra-el-fentanilo\/\"},\"author\":{\"name\":\"enequipo\",\"@id\":\"https:\/\/www.sonoraenequipo.com.mx\/#\/schema\/person\/50102df0fb23a8fa9e8effad8fa81386\"},\"headline\":\"Crenshaw reconoce acciones de Sheinbaum y Garc\u00eda Harfuch contra el fentanilo\",\"datePublished\":\"2024-12-06T18:32:30+00:00\",\"dateModified\":\"2024-12-07T06:02:33+00:00\",\"mainEntityOfPage\":{\"@id\":\"https:\/\/www.sonoraenequipo.com.mx\/crenshaw-reconoce-acciones-de-sheinbaum-y-garcia-harfuch-contra-el-fentanilo\/\"},\"wordCount\":561,\"commentCount\":0,\"publisher\":{\"@id\":\"https:\/\/www.sonoraenequipo.com.mx\/#organization\"},\"image\":{\"@id\":\"https:\/\/www.sonoraenequipo.com.mx\/crenshaw-reconoce-acciones-de-sheinbaum-y-garcia-harfuch-contra-el-fentanilo\/#primaryimage\"},\"thumbnailUrl\":\"https:\/\/www.sonoraenequipo.com.mx\/storage\/2024\/12\/daniel-crenshaw-min.jpg\",\"articleSection\":[\"Rep\u00fablica\"],\"inLanguage\":\"es\",\"potentialAction\":[{\"@type\":\"CommentAction\",\"name\":\"Comment\",\"target\":[\"https:\/\/www.sonoraenequipo.com.mx\/crenshaw-reconoce-acciones-de-sheinbaum-y-garcia-harfuch-contra-el-fentanilo\/#respond\"]}]},{\"@type\":\"WebPage\",\"@id\":\"https:\/\/www.sonoraenequipo.com.mx\/crenshaw-reconoce-acciones-de-sheinbaum-y-garcia-harfuch-contra-el-fentanilo\/\",\"url\":\"https:\/\/www.sonoraenequipo.com.mx\/crenshaw-reconoce-acciones-de-sheinbaum-y-garcia-harfuch-contra-el-fentanilo\/\",\"name\":\"Sonora en Equipo. Crenshaw reconoce acciones de Sheinbaum y Garc\u00eda Harfuch contra el fentanilo Rep\u00fablica\",\"isPartOf\":{\"@id\":\"https:\/\/www.sonoraenequipo.com.mx\/#website\"},\"primaryImageOfPage\":{\"@id\":\"https:\/\/www.sonoraenequipo.com.mx\/crenshaw-reconoce-acciones-de-sheinbaum-y-garcia-harfuch-contra-el-fentanilo\/#primaryimage\"},\"image\":{\"@id\":\"https:\/\/www.sonoraenequipo.com.mx\/crenshaw-reconoce-acciones-de-sheinbaum-y-garcia-harfuch-contra-el-fentanilo\/#primaryimage\"},\"thumbnailUrl\":\"https:\/\/www.sonoraenequipo.com.mx\/storage\/2024\/12\/daniel-crenshaw-min.jpg\",\"datePublished\":\"2024-12-06T18:32:30+00:00\",\"dateModified\":\"2024-12-07T06:02:33+00:00\",\"description\":\"CIUDAD DE M\u00c9XICO. MX. \u2014 El congresista estadounidense Dan Crenshaw, quien anteriormente hab\u00eda criticado al gobierno del ex presidente Andr\u00e9s Manuel L\u00f3pez En Sonora en Equipo publicamos toda la informaci\u00f3n de Sonora, M\u00e9xico y el Mundo de manera oportuna y busca que la libertad de expresi\u00f3n sea real. Visita nuestro medio informativo publicado desde Hermosillo, Sonora. %\",\"breadcrumb\":{\"@id\":\"https:\/\/www.sonoraenequipo.com.mx\/crenshaw-reconoce-acciones-de-sheinbaum-y-garcia-harfuch-contra-el-fentanilo\/#breadcrumb\"},\"inLanguage\":\"es\",\"potentialAction\":[{\"@type\":\"ReadAction\",\"target\":[\"https:\/\/www.sonoraenequipo.com.mx\/crenshaw-reconoce-acciones-de-sheinbaum-y-garcia-harfuch-contra-el-fentanilo\/\"]}]},{\"@type\":\"ImageObject\",\"inLanguage\":\"es\",\"@id\":\"https:\/\/www.sonoraenequipo.com.mx\/crenshaw-reconoce-acciones-de-sheinbaum-y-garcia-harfuch-contra-el-fentanilo\/#primaryimage\",\"url\":\"https:\/\/www.sonoraenequipo.com.mx\/storage\/2024\/12\/daniel-crenshaw-min.jpg\",\"contentUrl\":\"https:\/\/www.sonoraenequipo.com.mx\/storage\/2024\/12\/daniel-crenshaw-min.jpg\",\"width\":1000,\"height\":666},{\"@type\":\"BreadcrumbList\",\"@id\":\"https:\/\/www.sonoraenequipo.com.mx\/crenshaw-reconoce-acciones-de-sheinbaum-y-garcia-harfuch-contra-el-fentanilo\/#breadcrumb\",\"itemListElement\":[{\"@type\":\"ListItem\",\"position\":1,\"name\":\"Portada\",\"item\":\"https:\/\/www.sonoraenequipo.com.mx\/\"},{\"@type\":\"ListItem\",\"position\":2,\"name\":\"Crenshaw reconoce acciones de Sheinbaum y Garc\u00eda Harfuch contra el fentanilo\"}]},{\"@type\":\"WebSite\",\"@id\":\"https:\/\/www.sonoraenequipo.com.mx\/#website\",\"url\":\"https:\/\/www.sonoraenequipo.com.mx\/\",\"name\":\"Sonora en Equipo.\",\"description\":\"Diario en l\u00ednea con Noticias desde Hermosillo, Sonora\",\"publisher\":{\"@id\":\"https:\/\/www.sonoraenequipo.com.mx\/#organization\"},\"potentialAction\":[{\"@type\":\"SearchAction\",\"target\":{\"@type\":\"EntryPoint\",\"urlTemplate\":\"https:\/\/www.sonoraenequipo.com.mx\/?s={search_term_string}\"},\"query-input\":{\"@type\":\"PropertyValueSpecification\",\"valueRequired\":true,\"valueName\":\"search_term_string\"}}],\"inLanguage\":\"es\"},{\"@type\":\"Organization\",\"@id\":\"https:\/\/www.sonoraenequipo.com.mx\/#organization\",\"name\":\"Sonoraenequipo.com.mx\",\"url\":\"https:\/\/www.sonoraenequipo.com.mx\/\",\"logo\":{\"@type\":\"ImageObject\",\"inLanguage\":\"es\",\"@id\":\"https:\/\/www.sonoraenequipo.com.mx\/#\/schema\/logo\/image\/\",\"url\":\"https:\/\/www.sonoraenequipo.com.mx\/storage\/2019\/01\/sonoraenequipo_opt.png\",\"contentUrl\":\"https:\/\/www.sonoraenequipo.com.mx\/storage\/2019\/01\/sonoraenequipo_opt.png\",\"width\":375,\"height\":125,\"caption\":\"Sonoraenequipo.com.mx\"},\"image\":{\"@id\":\"https:\/\/www.sonoraenequipo.com.mx\/#\/schema\/logo\/image\/\"},\"sameAs\":[\"https:\/\/www.facebook.com\/SonoraEE\/\",\"https:\/\/x.com\/sonoraenequipo\",\"https:\/\/www.youtube.com\/channel\/UC338nW-lPEYmJQs4ZABQ1SQ\"]},{\"@type\":\"Person\",\"@id\":\"https:\/\/www.sonoraenequipo.com.mx\/#\/schema\/person\/50102df0fb23a8fa9e8effad8fa81386\",\"name\":\"enequipo\",\"image\":{\"@type\":\"ImageObject\",\"inLanguage\":\"es\",\"@id\":\"https:\/\/www.sonoraenequipo.com.mx\/#\/schema\/person\/image\/\",\"url\":\"https:\/\/secure.gravatar.com\/avatar\/049821681b589dabc0bc20695993ccebb09f5b5d4d790cd9251b97faac7c652b?s=96&d=blank&r=g\",\"contentUrl\":\"https:\/\/secure.gravatar.com\/avatar\/049821681b589dabc0bc20695993ccebb09f5b5d4d790cd9251b97faac7c652b?s=96&d=blank&r=g\",\"caption\":\"enequipo\"},\"sameAs\":[\"https:\/\/www.facebook.com\/SonoraEE\"]}]}<\/script>\n ","yoast_head_json":{"title":"Sonora en Equipo. Crenshaw reconoce acciones de Sheinbaum y Garc\u00eda Harfuch contra el fentanilo Rep\u00fablica","description":"CIUDAD DE M\u00c9XICO. MX. \u2014 El congresista estadounidense Dan Crenshaw, quien anteriormente hab\u00eda criticado al gobierno del ex presidente Andr\u00e9s Manuel L\u00f3pez En Sonora en Equipo publicamos toda la informaci\u00f3n de Sonora, M\u00e9xico y el Mundo de manera oportuna y busca que la libertad de expresi\u00f3n sea real. Visita nuestro medio informativo publicado desde Hermosillo, Sonora. %","robots":{"index":"index","follow":"follow","max-snippet":"max-snippet:-1","max-image-preview":"max-image-preview:large","max-video-preview":"max-video-preview:-1"},"canonical":"https:\/\/www.sonoraenequipo.com.mx\/crenshaw-reconoce-acciones-de-sheinbaum-y-garcia-harfuch-contra-el-fentanilo\/","og_locale":"es_ES","og_type":"article","og_title":"Sonora en Equipo. Crenshaw reconoce acciones de Sheinbaum y Garc\u00eda Harfuch contra el fentanilo Rep\u00fablica","og_description":"CIUDAD DE M\u00c9XICO. MX. \u2014 El congresista estadounidense Dan Crenshaw, quien anteriormente hab\u00eda criticado al gobierno del ex presidente Andr\u00e9s Manuel L\u00f3pez En Sonora en Equipo publicamos toda la informaci\u00f3n de Sonora, M\u00e9xico y el Mundo de manera oportuna y busca que la libertad de expresi\u00f3n sea real. Visita nuestro medio informativo publicado desde Hermosillo, Sonora. %","og_url":"https:\/\/www.sonoraenequipo.com.mx\/crenshaw-reconoce-acciones-de-sheinbaum-y-garcia-harfuch-contra-el-fentanilo\/","og_site_name":"Sonora en Equipo.","article_publisher":"https:\/\/www.facebook.com\/SonoraEE\/","article_author":"https:\/\/www.facebook.com\/SonoraEE","article_published_time":"2024-12-06T18:32:30+00:00","article_modified_time":"2024-12-07T06:02:33+00:00","og_image":[{"width":1000,"height":666,"url":"https:\/\/www.sonoraenequipo.com.mx\/storage\/2024\/12\/daniel-crenshaw-min.jpg","type":"image\/jpeg"}],"author":"enequipo","twitter_card":"summary_large_image","twitter_creator":"@sonoraenequipo","twitter_site":"@sonoraenequipo","twitter_misc":{"Escrito por":"enequipo","Tiempo de lectura":"3 minutos"},"schema":{"@context":"https:\/\/schema.org","@graph":[{"@type":"Article","@id":"https:\/\/www.sonoraenequipo.com.mx\/crenshaw-reconoce-acciones-de-sheinbaum-y-garcia-harfuch-contra-el-fentanilo\/#article","isPartOf":{"@id":"https:\/\/www.sonoraenequipo.com.mx\/crenshaw-reconoce-acciones-de-sheinbaum-y-garcia-harfuch-contra-el-fentanilo\/"},"author":{"name":"enequipo","@id":"https:\/\/www.sonoraenequipo.com.mx\/#\/schema\/person\/50102df0fb23a8fa9e8effad8fa81386"},"headline":"Crenshaw reconoce acciones de Sheinbaum y Garc\u00eda Harfuch contra el fentanilo","datePublished":"2024-12-06T18:32:30+00:00","dateModified":"2024-12-07T06:02:33+00:00","mainEntityOfPage":{"@id":"https:\/\/www.sonoraenequipo.com.mx\/crenshaw-reconoce-acciones-de-sheinbaum-y-garcia-harfuch-contra-el-fentanilo\/"},"wordCount":561,"commentCount":0,"publisher":{"@id":"https:\/\/www.sonoraenequipo.com.mx\/#organization"},"image":{"@id":"https:\/\/www.sonoraenequipo.com.mx\/crenshaw-reconoce-acciones-de-sheinbaum-y-garcia-harfuch-contra-el-fentanilo\/#primaryimage"},"thumbnailUrl":"https:\/\/www.sonoraenequipo.com.mx\/storage\/2024\/12\/daniel-crenshaw-min.jpg","articleSection":["Rep\u00fablica"],"inLanguage":"es","potentialAction":[{"@type":"CommentAction","name":"Comment","target":["https:\/\/www.sonoraenequipo.com.mx\/crenshaw-reconoce-acciones-de-sheinbaum-y-garcia-harfuch-contra-el-fentanilo\/#respond"]}]},{"@type":"WebPage","@id":"https:\/\/www.sonoraenequipo.com.mx\/crenshaw-reconoce-acciones-de-sheinbaum-y-garcia-harfuch-contra-el-fentanilo\/","url":"https:\/\/www.sonoraenequipo.com.mx\/crenshaw-reconoce-acciones-de-sheinbaum-y-garcia-harfuch-contra-el-fentanilo\/","name":"Sonora en Equipo. Crenshaw reconoce acciones de Sheinbaum y Garc\u00eda Harfuch contra el fentanilo Rep\u00fablica","isPartOf":{"@id":"https:\/\/www.sonoraenequipo.com.mx\/#website"},"primaryImageOfPage":{"@id":"https:\/\/www.sonoraenequipo.com.mx\/crenshaw-reconoce-acciones-de-sheinbaum-y-garcia-harfuch-contra-el-fentanilo\/#primaryimage"},"image":{"@id":"https:\/\/www.sonoraenequipo.com.mx\/crenshaw-reconoce-acciones-de-sheinbaum-y-garcia-harfuch-contra-el-fentanilo\/#primaryimage"},"thumbnailUrl":"https:\/\/www.sonoraenequipo.com.mx\/storage\/2024\/12\/daniel-crenshaw-min.jpg","datePublished":"2024-12-06T18:32:30+00:00","dateModified":"2024-12-07T06:02:33+00:00","description":"CIUDAD DE M\u00c9XICO. MX. \u2014 El congresista estadounidense Dan Crenshaw, quien anteriormente hab\u00eda criticado al gobierno del ex presidente Andr\u00e9s Manuel L\u00f3pez En Sonora en Equipo publicamos toda la informaci\u00f3n de Sonora, M\u00e9xico y el Mundo de manera oportuna y busca que la libertad de expresi\u00f3n sea real. Visita nuestro medio informativo publicado desde Hermosillo, Sonora. %","breadcrumb":{"@id":"https:\/\/www.sonoraenequipo.com.mx\/crenshaw-reconoce-acciones-de-sheinbaum-y-garcia-harfuch-contra-el-fentanilo\/#breadcrumb"},"inLanguage":"es","potentialAction":[{"@type":"ReadAction","target":["https:\/\/www.sonoraenequipo.com.mx\/crenshaw-reconoce-acciones-de-sheinbaum-y-garcia-harfuch-contra-el-fentanilo\/"]}]},{"@type":"ImageObject","inLanguage":"es","@id":"https:\/\/www.sonoraenequipo.com.mx\/crenshaw-reconoce-acciones-de-sheinbaum-y-garcia-harfuch-contra-el-fentanilo\/#primaryimage","url":"https:\/\/www.sonoraenequipo.com.mx\/storage\/2024\/12\/daniel-crenshaw-min.jpg","contentUrl":"https:\/\/www.sonoraenequipo.com.mx\/storage\/2024\/12\/daniel-crenshaw-min.jpg","width":1000,"height":666},{"@type":"BreadcrumbList","@id":"https:\/\/www.sonoraenequipo.com.mx\/crenshaw-reconoce-acciones-de-sheinbaum-y-garcia-harfuch-contra-el-fentanilo\/#breadcrumb","itemListElement":[{"@type":"ListItem","position":1,"name":"Portada","item":"https:\/\/www.sonoraenequipo.com.mx\/"},{"@type":"ListItem","position":2,"name":"Crenshaw reconoce acciones de Sheinbaum y Garc\u00eda Harfuch contra el fentanilo"}]},{"@type":"WebSite","@id":"https:\/\/www.sonoraenequipo.com.mx\/#website","url":"https:\/\/www.sonoraenequipo.com.mx\/","name":"Sonora en Equipo.","description":"Diario en l\u00ednea con Noticias desde Hermosillo, Sonora","publisher":{"@id":"https:\/\/www.sonoraenequipo.com.mx\/#organization"},"potentialAction":[{"@type":"SearchAction","target":{"@type":"EntryPoint","urlTemplate":"https:\/\/www.sonoraenequipo.com.mx\/?s={search_term_string}"},"query-input":{"@type":"PropertyValueSpecification","valueRequired":true,"valueName":"search_term_string"}}],"inLanguage":"es"},{"@type":"Organization","@id":"https:\/\/www.sonoraenequipo.com.mx\/#organization","name":"Sonoraenequipo.com.mx","url":"https:\/\/www.sonoraenequipo.com.mx\/","logo":{"@type":"ImageObject","inLanguage":"es","@id":"https:\/\/www.sonoraenequipo.com.mx\/#\/schema\/logo\/image\/","url":"https:\/\/www.sonoraenequipo.com.mx\/storage\/2019\/01\/sonoraenequipo_opt.png","contentUrl":"https:\/\/www.sonoraenequipo.com.mx\/storage\/2019\/01\/sonoraenequipo_opt.png","width":375,"height":125,"caption":"Sonoraenequipo.com.mx"},"image":{"@id":"https:\/\/www.sonoraenequipo.com.mx\/#\/schema\/logo\/image\/"},"sameAs":["https:\/\/www.facebook.com\/SonoraEE\/","https:\/\/x.com\/sonoraenequipo","https:\/\/www.youtube.com\/channel\/UC338nW-lPEYmJQs4ZABQ1SQ"]},{"@type":"Person","@id":"https:\/\/www.sonoraenequipo.com.mx\/#\/schema\/person\/50102df0fb23a8fa9e8effad8fa81386","name":"enequipo","image":{"@type":"ImageObject","inLanguage":"es","@id":"https:\/\/www.sonoraenequipo.com.mx\/#\/schema\/person\/image\/","url":"https:\/\/secure.gravatar.com\/avatar\/049821681b589dabc0bc20695993ccebb09f5b5d4d790cd9251b97faac7c652b?s=96&d=blank&r=g","contentUrl":"https:\/\/secure.gravatar.com\/avatar\/049821681b589dabc0bc20695993ccebb09f5b5d4d790cd9251b97faac7c652b?s=96&d=blank&r=g","caption":"enequipo"},"sameAs":["https:\/\/www.facebook.com\/SonoraEE"]}]}},"jetpack_featured_media_url":"https:\/\/www.sonoraenequipo.com.mx\/storage\/2024\/12\/daniel-crenshaw-min.jpg","_links":{"self":[{"href":"https:\/\/www.sonoraenequipo.com.mx\/api\/wp\/v2\/posts\/205767","targetHints":{"allow":["GET"]}}],"collection":[{"href":"https:\/\/www.sonoraenequipo.com.mx\/api\/wp\/v2\/posts"}],"about":[{"href":"https:\/\/www.sonoraenequipo.com.mx\/api\/wp\/v2\/types\/post"}],"author":[{"embeddable":true,"href":"https:\/\/www.sonoraenequipo.com.mx\/api\/wp\/v2\/users\/1"}],"replies":[{"embeddable":true,"href":"https:\/\/www.sonoraenequipo.com.mx\/api\/wp\/v2\/comments?post=205767"}],"version-history":[{"count":2,"href":"https:\/\/www.sonoraenequipo.com.mx\/api\/wp\/v2\/posts\/205767\/revisions"}],"predecessor-version":[{"id":205772,"href":"https:\/\/www.sonoraenequipo.com.mx\/api\/wp\/v2\/posts\/205767\/revisions\/205772"}],"wp:featuredmedia":[{"embeddable":true,"href":"https:\/\/www.sonoraenequipo.com.mx\/api\/wp\/v2\/media\/205770"}],"wp:attachment":[{"href":"https:\/\/www.sonoraenequipo.com.mx\/api\/wp\/v2\/media?parent=205767"}],"wp:term":[{"taxonomy":"category","embeddable":true,"href":"https:\/\/www.sonoraenequipo.com.mx\/api\/wp\/v2\/categories?post=205767"},{"taxonomy":"post_tag","embeddable":true,"href":"https:\/\/www.sonoraenequipo.com.mx\/api\/wp\/v2\/tags?post=205767"}],"curies":[{"name":"wp","href":"https:\/\/api.w.org\/{rel}","templated":true}]}}